{"id":256552,"date":"2024-10-26T06:31:28","date_gmt":"2024-10-26T10:31:28","guid":{"rendered":"https:\/\/www.eldiario.net\/portal\/?p=256552"},"modified":"2024-10-26T06:31:28","modified_gmt":"2024-10-26T10:31:28","slug":"uruguayos-votaran-manana-por-la-continuidad-o-el-cambio","status":"publish","type":"post","link":"https:\/\/www.eldiario.net\/portal\/2024\/10\/26\/uruguayos-votaran-manana-por-la-continuidad-o-el-cambio\/","title":{"rendered":"Uruguayos votar\u00e1n ma\u00f1ana  por la continuidad o el cambio"},"content":{"rendered":"<p>Unos 2,7 millones de uruguayos est\u00e1n llamados este domingo a las urnas. Yamand\u00fa Orsi, candidato del Frente Amplio, de izquierda, lleva la delantera con 44% de intenciones de votos. Rafael Pi\u00f1eiro, es polit\u00f3logo de la Universidad Cat\u00f3lica del Uruguay. Explica para RFI la situaci\u00f3n de los principales candidatos.<br \/>\n\u201cYamand\u00fa Orsi es el candidato del Frente Amplio, quien gobern\u00f3 desde 2004 a 2020, y s\u00ed, es una continuidad program\u00e1tica con respecto a esos gobiernos. Es un Gobierno de orientaci\u00f3n de centro-izquierda y uno podr\u00eda identificar l\u00edneas de continuidad muy fuertes. Es una izquierda que se plantea pol\u00edticas b\u00e1sicamente pro-bienestar y fue relativamente exitosa y pragm\u00e1tica en t\u00e9rminos de su capacidad para generar este tipo de transformaciones con estabilidad pol\u00edtica y econ\u00f3mica\u201d, explic\u00f3 Pi\u00f1eiro.<br \/>\nEn segundo lugar, en las encuestas de opini\u00f3n est\u00e1 \u00c1lvaro Delgado, exsecretario de la presidencia del mandatario saliente, Luis Lacalle Pou, que gobierna el pa\u00eds apoyado por una coalici\u00f3n de centro-derecha y conserva a\u00fan una buena la popularidad, que no se transmite necesariamente a sus socios de gobierno.<br \/>\n\u201cEstos partidos en conjunto recogen una intenci\u00f3n de voto bastante m\u00e1s baja que lo que tuvieron en 2019. Esto quiere decir que la popularidad del presidente, que ronda el 50%, no est\u00e1 traicionando demasiado en general a los partidos de la coalici\u00f3n, y en particular al candidato m\u00e1s cercano al presidente de Lacalle Pou, que es \u00c1lvaro Delgado, que enfrenta a su vez una competencia que no estaba prevista, que fuera tan fuerte de parte de uno de sus socios de la coalici\u00f3n, que es el partido gobernador y el candidato Andr\u00e9s Ojeda\u201d, contin\u00faa el polit\u00f3logo de la Universidad Cat\u00f3lica del Uruguay.<br \/>\nSobre Andr\u00e9s Ojeda, precisamente dice tener puntos en com\u00fan con Javier Milei. \u00bfCu\u00e1l es su perfil pol\u00edtico entonces?<br \/>\nRafael Pi\u00f1eiro responde: \u201cCuando \u00e9l se dice parecido a Javier Milei, es porque se identifica con una forma de hacer alejada de las estructuras partidarias tradicionales, aunque \u00e9l es parte y encabeza un partido tradicional, uno de los partidos tradicionales e hist\u00f3ricos en Uruguay, el Partido Colorado, del siglo XIX, que naci\u00f3 casi con Uruguay\u201d.<br \/>\n\u201cPero su postura pol\u00edtica es una postura bastante m\u00e1s pragm\u00e1tica de un centro pragm\u00e1tico y no ultraliberal o libertario, como es el actual presidente de Argentina, Javier Milei\u201d, concluye.<br \/>\nUruguay designar\u00e1 a su pr\u00f3ximo presidente en un contexto de estabilidad pol\u00edtica y econ\u00f3mica. El pa\u00eds tiene una tasa de pobreza inferior al 10%, la m\u00e1s baja de Latinoam\u00e9rica, fruto de los programas sociales y de una econom\u00eda din\u00e1mica. (RFI)<\/p>\n<p>&nbsp;<\/p>\n","protected":false},"excerpt":{"rendered":"<p>Unos 2,7 millones de uruguayos est\u00e1n llamados este domingo a las urnas. Yamand\u00fa Orsi, candidato del Frente Amplio, de izquierda, lleva la delantera con 44% de intenciones de votos. Rafael Pi\u00f1eiro, es polit\u00f3logo de la Universidad Cat\u00f3lica del Uruguay. Explica para RFI la situaci\u00f3n de los principales candidatos. \u201cYamand\u00fa Orsi es el candidato del Frente [&hellip;]<\/p>\n","protected":false},"author":1,"featured_media":256553,"comment_status":"closed","ping_status":"open","sticky":false,"template":"","format":"standard","meta":{"_acf_changed":false,"footnotes":""},"categories":[3],"tags":[],"class_list":["post-256552","post","type-post","status-publish","format-standard","has-post-thumbnail","category-internacional"],"acf":{"antetitulo":"Elecciones presidenciales"},"yoast_head":"<!-- This site is optimized with the Yoast SEO plugin v28.3 - https:\/\/yoast.com\/product\/yoast-seo-wordpress\/ -->\n<title>Uruguayos votar\u00e1n ma\u00f1ana por la continuidad o el cambio - El Diario - Bolivia<\/title>\n<meta name=\"robots\" content=\"index, follow, max-snippet:-1, max-image-preview:large, max-video-preview:-1\" \/>\n<link rel=\"canonical\" href=\"https:\/\/www.eldiario.net\/portal\/2024\/10\/26\/uruguayos-votaran-manana-por-la-continuidad-o-el-cambio\/\" \/>\n<meta property=\"og:locale\" content=\"es_ES\" \/>\n<meta property=\"og:type\" content=\"article\" \/>\n<meta property=\"og:title\" content=\"Uruguayos votar\u00e1n ma\u00f1ana por la continuidad o el cambio - El Diario - Bolivia\" \/>\n<meta property=\"og:description\" content=\"Unos 2,7 millones de uruguayos est\u00e1n llamados este domingo a las urnas. Yamand\u00fa Orsi, candidato del Frente Amplio, de izquierda, lleva la delantera con 44% de intenciones de votos. Rafael Pi\u00f1eiro, es polit\u00f3logo de la Universidad Cat\u00f3lica del Uruguay. Explica para RFI la situaci\u00f3n de los principales candidatos. \u201cYamand\u00fa Orsi es el candidato del Frente [&hellip;]\" \/>\n<meta property=\"og:url\" content=\"https:\/\/www.eldiario.net\/portal\/2024\/10\/26\/uruguayos-votaran-manana-por-la-continuidad-o-el-cambio\/\" \/>\n<meta property=\"og:site_name\" content=\"El Diario - Bolivia\" \/>\n<meta property=\"article:publisher\" content=\"https:\/\/www.facebook.com\/eldiario.bolivia\/\" \/>\n<meta property=\"article:published_time\" content=\"2024-10-26T10:31:28+00:00\" \/>\n<meta property=\"og:image\" content=\"https:\/\/www.eldiario.net\/portal\/wp-content\/uploads\/2024\/10\/URUGUAY-La-Razon25.jpg\" \/>\n\t<meta property=\"og:image:width\" content=\"1900\" \/>\n\t<meta property=\"og:image:height\" content=\"1069\" \/>\n\t<meta property=\"og:image:type\" content=\"image\/jpeg\" \/>\n<meta name=\"author\" content=\"Jeanette\" \/>\n<meta name=\"twitter:card\" content=\"summary_large_image\" \/>\n<meta name=\"twitter:creator\" content=\"@eldiario_net\" \/>\n<meta name=\"twitter:site\" content=\"@eldiario_net\" \/>\n<meta name=\"twitter:label1\" content=\"Escrito por\" \/>\n\t<meta name=\"twitter:data1\" content=\"Jeanette\" \/>\n\t<meta name=\"twitter:label2\" content=\"Tiempo de lectura\" \/>\n\t<meta name=\"twitter:data2\" content=\"3 minutos\" \/>\n<script type=\"application\/ld+json\" class=\"yoast-schema-graph\">{\"@context\":\"https:\\\/\\\/schema.org\",\"@graph\":[{\"@type\":\"Article\",\"@id\":\"https:\\\/\\\/www.eldiario.net\\\/portal\\\/2024\\\/10\\\/26\\\/uruguayos-votaran-manana-por-la-continuidad-o-el-cambio\\\/#article\",\"isPartOf\":{\"@id\":\"https:\\\/\\\/www.eldiario.net\\\/portal\\\/2024\\\/10\\\/26\\\/uruguayos-votaran-manana-por-la-continuidad-o-el-cambio\\\/\"},\"author\":{\"name\":\"Jeanette\",\"@id\":\"https:\\\/\\\/www.eldiario.net\\\/portal\\\/#\\\/schema\\\/person\\\/f46445640444750d7d753ccd04ae01b7\"},\"headline\":\"Uruguayos votar\u00e1n ma\u00f1ana por la continuidad o el cambio\",\"datePublished\":\"2024-10-26T10:31:28+00:00\",\"mainEntityOfPage\":{\"@id\":\"https:\\\/\\\/www.eldiario.net\\\/portal\\\/2024\\\/10\\\/26\\\/uruguayos-votaran-manana-por-la-continuidad-o-el-cambio\\\/\"},\"wordCount\":466,\"publisher\":{\"@id\":\"https:\\\/\\\/www.eldiario.net\\\/portal\\\/#organization\"},\"image\":{\"@id\":\"https:\\\/\\\/www.eldiario.net\\\/portal\\\/2024\\\/10\\\/26\\\/uruguayos-votaran-manana-por-la-continuidad-o-el-cambio\\\/#primaryimage\"},\"thumbnailUrl\":\"https:\\\/\\\/www.eldiario.net\\\/portal\\\/wp-content\\\/uploads\\\/2024\\\/10\\\/URUGUAY-La-Razon25.jpg\",\"articleSection\":[\"Internacional\"],\"inLanguage\":\"es\"},{\"@type\":\"WebPage\",\"@id\":\"https:\\\/\\\/www.eldiario.net\\\/portal\\\/2024\\\/10\\\/26\\\/uruguayos-votaran-manana-por-la-continuidad-o-el-cambio\\\/\",\"url\":\"https:\\\/\\\/www.eldiario.net\\\/portal\\\/2024\\\/10\\\/26\\\/uruguayos-votaran-manana-por-la-continuidad-o-el-cambio\\\/\",\"name\":\"Uruguayos votar\u00e1n ma\u00f1ana por la continuidad o el cambio - El Diario - Bolivia\",\"isPartOf\":{\"@id\":\"https:\\\/\\\/www.eldiario.net\\\/portal\\\/#website\"},\"primaryImageOfPage\":{\"@id\":\"https:\\\/\\\/www.eldiario.net\\\/portal\\\/2024\\\/10\\\/26\\\/uruguayos-votaran-manana-por-la-continuidad-o-el-cambio\\\/#primaryimage\"},\"image\":{\"@id\":\"https:\\\/\\\/www.eldiario.net\\\/portal\\\/2024\\\/10\\\/26\\\/uruguayos-votaran-manana-por-la-continuidad-o-el-cambio\\\/#primaryimage\"},\"thumbnailUrl\":\"https:\\\/\\\/www.eldiario.net\\\/portal\\\/wp-content\\\/uploads\\\/2024\\\/10\\\/URUGUAY-La-Razon25.jpg\",\"datePublished\":\"2024-10-26T10:31:28+00:00\",\"breadcrumb\":{\"@id\":\"https:\\\/\\\/www.eldiario.net\\\/portal\\\/2024\\\/10\\\/26\\\/uruguayos-votaran-manana-por-la-continuidad-o-el-cambio\\\/#breadcrumb\"},\"inLanguage\":\"es\",\"potentialAction\":[{\"@type\":\"ReadAction\",\"target\":[\"https:\\\/\\\/www.eldiario.net\\\/portal\\\/2024\\\/10\\\/26\\\/uruguayos-votaran-manana-por-la-continuidad-o-el-cambio\\\/\"]}]},{\"@type\":\"ImageObject\",\"inLanguage\":\"es\",\"@id\":\"https:\\\/\\\/www.eldiario.net\\\/portal\\\/2024\\\/10\\\/26\\\/uruguayos-votaran-manana-por-la-continuidad-o-el-cambio\\\/#primaryimage\",\"url\":\"https:\\\/\\\/www.eldiario.net\\\/portal\\\/wp-content\\\/uploads\\\/2024\\\/10\\\/URUGUAY-La-Razon25.jpg\",\"contentUrl\":\"https:\\\/\\\/www.eldiario.net\\\/portal\\\/wp-content\\\/uploads\\\/2024\\\/10\\\/URUGUAY-La-Razon25.jpg\",\"width\":1900,\"height\":1069,\"caption\":\"El candidato por el Partido Nacional, \u00c1lvaro Delgado y por el Frente Amplio, Yamand\u00fa Orsi.\"},{\"@type\":\"BreadcrumbList\",\"@id\":\"https:\\\/\\\/www.eldiario.net\\\/portal\\\/2024\\\/10\\\/26\\\/uruguayos-votaran-manana-por-la-continuidad-o-el-cambio\\\/#breadcrumb\",\"itemListElement\":[{\"@type\":\"ListItem\",\"position\":1,\"name\":\"Portada\",\"item\":\"https:\\\/\\\/www.eldiario.net\\\/portal\\\/\"},{\"@type\":\"ListItem\",\"position\":2,\"name\":\"Uruguayos votar\u00e1n ma\u00f1ana por la continuidad o el cambio\"}]},{\"@type\":\"WebSite\",\"@id\":\"https:\\\/\\\/www.eldiario.net\\\/portal\\\/#website\",\"url\":\"https:\\\/\\\/www.eldiario.net\\\/portal\\\/\",\"name\":\"El Diario - Decano de la prensa nacional\",\"description\":\"El Diario - Decano de la prensa nacional\",\"publisher\":{\"@id\":\"https:\\\/\\\/www.eldiario.net\\\/portal\\\/#organization\"},\"potentialAction\":[{\"@type\":\"SearchAction\",\"target\":{\"@type\":\"EntryPoint\",\"urlTemplate\":\"https:\\\/\\\/www.eldiario.net\\\/portal\\\/?s={search_term_string}\"},\"query-input\":{\"@type\":\"PropertyValueSpecification\",\"valueRequired\":true,\"valueName\":\"search_term_string\"}}],\"inLanguage\":\"es\"},{\"@type\":\"Organization\",\"@id\":\"https:\\\/\\\/www.eldiario.net\\\/portal\\\/#organization\",\"name\":\"El Diario - Decano de la prensa nacional\",\"url\":\"https:\\\/\\\/www.eldiario.net\\\/portal\\\/\",\"logo\":{\"@type\":\"ImageObject\",\"inLanguage\":\"es\",\"@id\":\"https:\\\/\\\/www.eldiario.net\\\/portal\\\/#\\\/schema\\\/logo\\\/image\\\/\",\"url\":\"https:\\\/\\\/www.eldiario.net\\\/portal\\\/wp-content\\\/uploads\\\/2023\\\/07\\\/logo_ED.jpg\",\"contentUrl\":\"https:\\\/\\\/www.eldiario.net\\\/portal\\\/wp-content\\\/uploads\\\/2023\\\/07\\\/logo_ED.jpg\",\"width\":272,\"height\":52,\"caption\":\"El Diario - Decano de la prensa nacional\"},\"image\":{\"@id\":\"https:\\\/\\\/www.eldiario.net\\\/portal\\\/#\\\/schema\\\/logo\\\/image\\\/\"},\"sameAs\":[\"https:\\\/\\\/www.facebook.com\\\/eldiario.bolivia\\\/\",\"https:\\\/\\\/x.com\\\/eldiario_net\"]},{\"@type\":\"Person\",\"@id\":\"https:\\\/\\\/www.eldiario.net\\\/portal\\\/#\\\/schema\\\/person\\\/f46445640444750d7d753ccd04ae01b7\",\"name\":\"Jeanette\",\"image\":{\"@type\":\"ImageObject\",\"inLanguage\":\"es\",\"@id\":\"https:\\\/\\\/secure.gravatar.com\\\/avatar\\\/3ea2118a5f7dad2b7138b1187a6b7ee55f160b9968b66013c3a3ef39dd7e5798?s=96&d=mm&r=g\",\"url\":\"https:\\\/\\\/secure.gravatar.com\\\/avatar\\\/3ea2118a5f7dad2b7138b1187a6b7ee55f160b9968b66013c3a3ef39dd7e5798?s=96&d=mm&r=g\",\"contentUrl\":\"https:\\\/\\\/secure.gravatar.com\\\/avatar\\\/3ea2118a5f7dad2b7138b1187a6b7ee55f160b9968b66013c3a3ef39dd7e5798?s=96&d=mm&r=g\",\"caption\":\"Jeanette\"},\"sameAs\":[\"https:\\\/\\\/www.eldiario.net\\\/portal\"],\"url\":\"https:\\\/\\\/www.eldiario.net\\\/portal\\\/author\\\/jeanette\\\/\"}]}<\/script>\n<!-- \/ Yoast SEO plugin. -->","yoast_head_json":{"title":"Uruguayos votar\u00e1n ma\u00f1ana por la continuidad o el cambio - El Diario - Bolivia","robots":{"index":"index","follow":"follow","max-snippet":"max-snippet:-1","max-image-preview":"max-image-preview:large","max-video-preview":"max-video-preview:-1"},"canonical":"https:\/\/www.eldiario.net\/portal\/2024\/10\/26\/uruguayos-votaran-manana-por-la-continuidad-o-el-cambio\/","og_locale":"es_ES","og_type":"article","og_title":"Uruguayos votar\u00e1n ma\u00f1ana por la continuidad o el cambio - El Diario - Bolivia","og_description":"Unos 2,7 millones de uruguayos est\u00e1n llamados este domingo a las urnas. Yamand\u00fa Orsi, candidato del Frente Amplio, de izquierda, lleva la delantera con 44% de intenciones de votos. Rafael Pi\u00f1eiro, es polit\u00f3logo de la Universidad Cat\u00f3lica del Uruguay. Explica para RFI la situaci\u00f3n de los principales candidatos. \u201cYamand\u00fa Orsi es el candidato del Frente [&hellip;]","og_url":"https:\/\/www.eldiario.net\/portal\/2024\/10\/26\/uruguayos-votaran-manana-por-la-continuidad-o-el-cambio\/","og_site_name":"El Diario - Bolivia","article_publisher":"https:\/\/www.facebook.com\/eldiario.bolivia\/","article_published_time":"2024-10-26T10:31:28+00:00","og_image":[{"width":1900,"height":1069,"url":"https:\/\/www.eldiario.net\/portal\/wp-content\/uploads\/2024\/10\/URUGUAY-La-Razon25.jpg","type":"image\/jpeg"}],"author":"Jeanette","twitter_card":"summary_large_image","twitter_creator":"@eldiario_net","twitter_site":"@eldiario_net","twitter_misc":{"Escrito por":"Jeanette","Tiempo de lectura":"3 minutos"},"schema":{"@context":"https:\/\/schema.org","@graph":[{"@type":"Article","@id":"https:\/\/www.eldiario.net\/portal\/2024\/10\/26\/uruguayos-votaran-manana-por-la-continuidad-o-el-cambio\/#article","isPartOf":{"@id":"https:\/\/www.eldiario.net\/portal\/2024\/10\/26\/uruguayos-votaran-manana-por-la-continuidad-o-el-cambio\/"},"author":{"name":"Jeanette","@id":"https:\/\/www.eldiario.net\/portal\/#\/schema\/person\/f46445640444750d7d753ccd04ae01b7"},"headline":"Uruguayos votar\u00e1n ma\u00f1ana por la continuidad o el cambio","datePublished":"2024-10-26T10:31:28+00:00","mainEntityOfPage":{"@id":"https:\/\/www.eldiario.net\/portal\/2024\/10\/26\/uruguayos-votaran-manana-por-la-continuidad-o-el-cambio\/"},"wordCount":466,"publisher":{"@id":"https:\/\/www.eldiario.net\/portal\/#organization"},"image":{"@id":"https:\/\/www.eldiario.net\/portal\/2024\/10\/26\/uruguayos-votaran-manana-por-la-continuidad-o-el-cambio\/#primaryimage"},"thumbnailUrl":"https:\/\/www.eldiario.net\/portal\/wp-content\/uploads\/2024\/10\/URUGUAY-La-Razon25.jpg","articleSection":["Internacional"],"inLanguage":"es"},{"@type":"WebPage","@id":"https:\/\/www.eldiario.net\/portal\/2024\/10\/26\/uruguayos-votaran-manana-por-la-continuidad-o-el-cambio\/","url":"https:\/\/www.eldiario.net\/portal\/2024\/10\/26\/uruguayos-votaran-manana-por-la-continuidad-o-el-cambio\/","name":"Uruguayos votar\u00e1n ma\u00f1ana por la continuidad o el cambio - El Diario - Bolivia","isPartOf":{"@id":"https:\/\/www.eldiario.net\/portal\/#website"},"primaryImageOfPage":{"@id":"https:\/\/www.eldiario.net\/portal\/2024\/10\/26\/uruguayos-votaran-manana-por-la-continuidad-o-el-cambio\/#primaryimage"},"image":{"@id":"https:\/\/www.eldiario.net\/portal\/2024\/10\/26\/uruguayos-votaran-manana-por-la-continuidad-o-el-cambio\/#primaryimage"},"thumbnailUrl":"https:\/\/www.eldiario.net\/portal\/wp-content\/uploads\/2024\/10\/URUGUAY-La-Razon25.jpg","datePublished":"2024-10-26T10:31:28+00:00","breadcrumb":{"@id":"https:\/\/www.eldiario.net\/portal\/2024\/10\/26\/uruguayos-votaran-manana-por-la-continuidad-o-el-cambio\/#breadcrumb"},"inLanguage":"es","potentialAction":[{"@type":"ReadAction","target":["https:\/\/www.eldiario.net\/portal\/2024\/10\/26\/uruguayos-votaran-manana-por-la-continuidad-o-el-cambio\/"]}]},{"@type":"ImageObject","inLanguage":"es","@id":"https:\/\/www.eldiario.net\/portal\/2024\/10\/26\/uruguayos-votaran-manana-por-la-continuidad-o-el-cambio\/#primaryimage","url":"https:\/\/www.eldiario.net\/portal\/wp-content\/uploads\/2024\/10\/URUGUAY-La-Razon25.jpg","contentUrl":"https:\/\/www.eldiario.net\/portal\/wp-content\/uploads\/2024\/10\/URUGUAY-La-Razon25.jpg","width":1900,"height":1069,"caption":"El candidato por el Partido Nacional, \u00c1lvaro Delgado y por el Frente Amplio, Yamand\u00fa Orsi."},{"@type":"BreadcrumbList","@id":"https:\/\/www.eldiario.net\/portal\/2024\/10\/26\/uruguayos-votaran-manana-por-la-continuidad-o-el-cambio\/#breadcrumb","itemListElement":[{"@type":"ListItem","position":1,"name":"Portada","item":"https:\/\/www.eldiario.net\/portal\/"},{"@type":"ListItem","position":2,"name":"Uruguayos votar\u00e1n ma\u00f1ana por la continuidad o el cambio"}]},{"@type":"WebSite","@id":"https:\/\/www.eldiario.net\/portal\/#website","url":"https:\/\/www.eldiario.net\/portal\/","name":"El Diario - Decano de la prensa nacional","description":"El Diario - Decano de la prensa nacional","publisher":{"@id":"https:\/\/www.eldiario.net\/portal\/#organization"},"potentialAction":[{"@type":"SearchAction","target":{"@type":"EntryPoint","urlTemplate":"https:\/\/www.eldiario.net\/portal\/?s={search_term_string}"},"query-input":{"@type":"PropertyValueSpecification","valueRequired":true,"valueName":"search_term_string"}}],"inLanguage":"es"},{"@type":"Organization","@id":"https:\/\/www.eldiario.net\/portal\/#organization","name":"El Diario - Decano de la prensa nacional","url":"https:\/\/www.eldiario.net\/portal\/","logo":{"@type":"ImageObject","inLanguage":"es","@id":"https:\/\/www.eldiario.net\/portal\/#\/schema\/logo\/image\/","url":"https:\/\/www.eldiario.net\/portal\/wp-content\/uploads\/2023\/07\/logo_ED.jpg","contentUrl":"https:\/\/www.eldiario.net\/portal\/wp-content\/uploads\/2023\/07\/logo_ED.jpg","width":272,"height":52,"caption":"El Diario - Decano de la prensa nacional"},"image":{"@id":"https:\/\/www.eldiario.net\/portal\/#\/schema\/logo\/image\/"},"sameAs":["https:\/\/www.facebook.com\/eldiario.bolivia\/","https:\/\/x.com\/eldiario_net"]},{"@type":"Person","@id":"https:\/\/www.eldiario.net\/portal\/#\/schema\/person\/f46445640444750d7d753ccd04ae01b7","name":"Jeanette","image":{"@type":"ImageObject","inLanguage":"es","@id":"https:\/\/secure.gravatar.com\/avatar\/3ea2118a5f7dad2b7138b1187a6b7ee55f160b9968b66013c3a3ef39dd7e5798?s=96&d=mm&r=g","url":"https:\/\/secure.gravatar.com\/avatar\/3ea2118a5f7dad2b7138b1187a6b7ee55f160b9968b66013c3a3ef39dd7e5798?s=96&d=mm&r=g","contentUrl":"https:\/\/secure.gravatar.com\/avatar\/3ea2118a5f7dad2b7138b1187a6b7ee55f160b9968b66013c3a3ef39dd7e5798?s=96&d=mm&r=g","caption":"Jeanette"},"sameAs":["https:\/\/www.eldiario.net\/portal"],"url":"https:\/\/www.eldiario.net\/portal\/author\/jeanette\/"}]}},"_links":{"self":[{"href":"https:\/\/www.eldiario.net\/portal\/wp-json\/wp\/v2\/posts\/256552","targetHints":{"allow":["GET"]}}],"collection":[{"href":"https:\/\/www.eldiario.net\/portal\/wp-json\/wp\/v2\/posts"}],"about":[{"href":"https:\/\/www.eldiario.net\/portal\/wp-json\/wp\/v2\/types\/post"}],"author":[{"embeddable":true,"href":"https:\/\/www.eldiario.net\/portal\/wp-json\/wp\/v2\/users\/1"}],"replies":[{"embeddable":true,"href":"https:\/\/www.eldiario.net\/portal\/wp-json\/wp\/v2\/comments?post=256552"}],"version-history":[{"count":1,"href":"https:\/\/www.eldiario.net\/portal\/wp-json\/wp\/v2\/posts\/256552\/revisions"}],"predecessor-version":[{"id":256554,"href":"https:\/\/www.eldiario.net\/portal\/wp-json\/wp\/v2\/posts\/256552\/revisions\/256554"}],"wp:featuredmedia":[{"embeddable":true,"href":"https:\/\/www.eldiario.net\/portal\/wp-json\/wp\/v2\/media\/256553"}],"wp:attachment":[{"href":"https:\/\/www.eldiario.net\/portal\/wp-json\/wp\/v2\/media?parent=256552"}],"wp:term":[{"taxonomy":"category","embeddable":true,"href":"https:\/\/www.eldiario.net\/portal\/wp-json\/wp\/v2\/categories?post=256552"},{"taxonomy":"post_tag","embeddable":true,"href":"https:\/\/www.eldiario.net\/portal\/wp-json\/wp\/v2\/tags?post=256552"}],"curies":[{"name":"wp","href":"https:\/\/api.w.org\/{rel}","templated":true}]}}