{"id":256536,"date":"2024-10-26T06:27:08","date_gmt":"2024-10-26T10:27:08","guid":{"rendered":"https:\/\/www.eldiario.net\/portal\/?p=256536"},"modified":"2024-10-26T06:27:08","modified_gmt":"2024-10-26T10:27:08","slug":"parotani-sigue-siendo-epicentro-de-gasificaciones-y-dinamitazos","status":"publish","type":"post","link":"https:\/\/www.eldiario.net\/portal\/2024\/10\/26\/parotani-sigue-siendo-epicentro-de-gasificaciones-y-dinamitazos\/","title":{"rendered":"Parotani sigue siendo epicentro de gasificaciones y dinamitazos"},"content":{"rendered":"<p>Se registr\u00f3 ayer nuevos enfrentamientos entre bloqueadores seguidores del \u201cevismo\u201d y la Polic\u00eda en Parotani, en la carretera que une el occidente boliviano con Cochabamba; los primeros utilizaron explosivos, piedras y petardos, por lo que los elementos de la instituci\u00f3n del orden tuvieron que responder con agentes qu\u00edmicos. La Polic\u00eda report\u00f3 al menos 45 personas aprehendidas y un polic\u00eda con fractura expuesta de pierna por impacto con dinamita.<br \/>\nConcluido el d\u00eda 12 de medidas de presi\u00f3n de sectores afines al expresidente Evo Morales, las fuerzas del orden reportaron varios incidentes de violencia y uso de explosivos durante las intervenciones a Parotani y otros puntos de bloqueo en Cochabamba, a lo largo de la jornada del viernes, pues los operativos iniciaron desde tempranas horas de la ma\u00f1ana y no cesaron.<br \/>\nUno de los incidentes registrados fue que un polic\u00eda result\u00f3 gravemente herido por el impacto de un explosivo. Fuentes policiales informaron que el efectivo perdi\u00f3 parte de su extremidad inferior tras ser alcanzado por la detonaci\u00f3n de una dinamita.<br \/>\nEl uso de explosivos tambi\u00e9n ocurri\u00f3 cerca de decenas de camiones cisterna varados en localidades cercanas, de acuerdo con reportes de medios locales. Varios transportistas denunciaron que se vieron obligados a replegarse ante el peligro de que los veh\u00edculos estallen por el alcance de los explosivos y demandaron al Gobierno que se declare estado de sitio de manera inmediata.<br \/>\nEl viernes, en horas de la ma\u00f1ana, la Polic\u00eda hab\u00eda logrado despejar un carril en la carretera de Vinto, luego de dialogar con los bloqueadores. Esto permiti\u00f3 reestablecer el paso temporalmente, logrando que decenas de veh\u00edculos varados en el lugar pudieran circular.<br \/>\nLamentablemente, esta situaci\u00f3n empeor\u00f3 en horas de la tarde, tras registrarse nuevos enfrentamientos, donde se reportaron al menos 45 personas aprehendidas luego de la dispersi\u00f3n de manifestantes, seg\u00fan reportes extraoficiales. Informes oficiales llegaron reci\u00e9n en horas de la noche.<br \/>\nSe dio a conocer que los manifestantes se reagruparon en las serran\u00edas y luego volvieron a cerrar la carretera con piedras y promontorios de tierra, pese al uso de gases y tractores por parte de la Polic\u00eda para despejar las v\u00edas. Los movilizados afirmaron que no desistir\u00e1n en sus medidas y seguir\u00e1n hasta las \u00faltimas consecuencias.<br \/>\nPor ello, las fuerzas del orden se replegaron del puente de Parotani alrededor de las cinco de la tarde debido a una fuerte resistencia civil por parte de \u201cevistas\u201d que no lograron ser dispersados, de acuerdo con La Prensa y ANF.<br \/>\nPor otro lado, el medio chapare\u00f1o Kawsachun Coca difundi\u00f3 ayer fotograf\u00edas donde se observa un grupo de uniformados de la Polic\u00eda Militar en la avenida Blanco Galindo, a la altura del municipio de Vinto, las cuales fueron replicadas por el medio televisivo Red Uno.<br \/>\nHasta ayer, la Administradora Boliviana de Carreteras (ABC) report\u00f3 20 puntos bloqueados que est\u00e1n en Cochabamba (14), Potos\u00ed (tres), Oruro (dos) y Santa Cruz (uno).<br \/>\nEl defensor del Pueblo, Pedro Callisaya, exhort\u00f3 a evitar la confrontaci\u00f3n y el desborde de la violencia, tras alertar sobre el agravamiento de la conflictividad.<\/p>\n\r\n                <style type=\"text\/css\">\r\n                    \r\n                    #tdi_1  .td-doubleSlider-2 .td-item1 {\r\n                        background: url(https:\/\/www.eldiario.net\/portal\/wp-content\/uploads\/2024\/10\/26-BLOQ-1-80x60.jpg) 0 0 no-repeat;\r\n                    }\r\n                    #tdi_1  .td-doubleSlider-2 .td-item2 {\r\n                        background: url(https:\/\/www.eldiario.net\/portal\/wp-content\/uploads\/2024\/10\/26-BLOQ-2-80x60.jpg) 0 0 no-repeat;\r\n                    }\r\n                <\/style>\r\n\r\n                <div id=\"tdi_1\" class=\"td-gallery td-slide-on-2-columns\">\r\n                    <div class=\"post_td_gallery\">\r\n                        <div class=\"td-gallery-slide-top\">\r\n                           <div class=\"td-gallery-title\"><\/div>\r\n\r\n                            <div class=\"td-gallery-controls-wrapper\">\r\n                                <div class=\"td-gallery-slide-count\"><span class=\"td-gallery-slide-item-focus\">1<\/span> de 2<\/div>\r\n                                <div class=\"td-gallery-slide-prev-next-but\">\r\n                                    <i class = \"td-icon-left doubleSliderPrevButton\"><\/i>\r\n                                    <i class = \"td-icon-right doubleSliderNextButton\"><\/i>\r\n                                <\/div>\r\n                            <\/div>\r\n                        <\/div>\r\n\r\n                        <div class = \"td-doubleSlider-1 \">\r\n                            <div class = \"td-slider\">\r\n                                \r\n                    <div class = \"td-slide-item td-item1\">\r\n                        <figure class=\"td-slide-galery-figure td-slide-popup-gallery\">\r\n                            <a class=\"slide-gallery-image-link\" href=\"https:\/\/www.eldiario.net\/portal\/wp-content\/uploads\/2024\/10\/26-BLOQ-1.jpg\" title=\"26 BLOQ 1\"  data-caption=\"Polic\u00eda herido es auxiliado por algunos uniformados.\"  data-description=\"\">\r\n                                <img decoding=\"async\" src=\"https:\/\/www.eldiario.net\/portal\/wp-content\/uploads\/2024\/10\/26-BLOQ-1-747x420.jpg\" srcset=\"https:\/\/www.eldiario.net\/portal\/wp-content\/uploads\/2024\/10\/26-BLOQ-1-747x420.jpg 747w, https:\/\/www.eldiario.net\/portal\/wp-content\/uploads\/2024\/10\/26-BLOQ-1-300x169.jpg 300w, https:\/\/www.eldiario.net\/portal\/wp-content\/uploads\/2024\/10\/26-BLOQ-1-1024x576.jpg 1024w, https:\/\/www.eldiario.net\/portal\/wp-content\/uploads\/2024\/10\/26-BLOQ-1-768x432.jpg 768w, https:\/\/www.eldiario.net\/portal\/wp-content\/uploads\/2024\/10\/26-BLOQ-1-696x392.jpg 696w, https:\/\/www.eldiario.net\/portal\/wp-content\/uploads\/2024\/10\/26-BLOQ-1-1068x601.jpg 1068w, https:\/\/www.eldiario.net\/portal\/wp-content\/uploads\/2024\/10\/26-BLOQ-1.jpg 1200w\" sizes=\"(max-width: 747px) 100vw, 747px\" alt=\"\">\r\n                            <\/a>\r\n                            <figcaption class = \"td-slide-caption td-gallery-slide-content\"><div class = \"td-gallery-slide-copywrite\">Polic\u00eda herido es auxiliado por algunos uniformados.<\/div><\/figcaption>\r\n                        <\/figure>\r\n                    <\/div>\r\n                    <div class = \"td-slide-item td-item2\">\r\n                        <figure class=\"td-slide-galery-figure td-slide-popup-gallery\">\r\n                            <a class=\"slide-gallery-image-link\" href=\"https:\/\/www.eldiario.net\/portal\/wp-content\/uploads\/2024\/10\/26-BLOQ-2.jpg\" title=\"26 BLOQ 2\"  data-caption=\"Contingente policial movilizado en Pirque - Parotani.\"  data-description=\"\">\r\n                                <img decoding=\"async\" src=\"https:\/\/www.eldiario.net\/portal\/wp-content\/uploads\/2024\/10\/26-BLOQ-2-659x420.jpg\" srcset=\"https:\/\/www.eldiario.net\/portal\/wp-content\/uploads\/2024\/10\/26-BLOQ-2-659x420.jpg 659w, https:\/\/www.eldiario.net\/portal\/wp-content\/uploads\/2024\/10\/26-BLOQ-2-300x191.jpg 300w, https:\/\/www.eldiario.net\/portal\/wp-content\/uploads\/2024\/10\/26-BLOQ-2-696x444.jpg 696w, https:\/\/www.eldiario.net\/portal\/wp-content\/uploads\/2024\/10\/26-BLOQ-2.jpg 764w\" sizes=\"(max-width: 659px) 100vw, 659px\" alt=\"\">\r\n                            <\/a>\r\n                            <figcaption class = \"td-slide-caption td-gallery-slide-content\"><div class = \"td-gallery-slide-copywrite\">Contingente policial movilizado en Pirque - Parotani.<\/div><\/figcaption>\r\n                        <\/figure>\r\n                    <\/div>\r\n                            <\/div>\r\n                        <\/div>\r\n\r\n                        <div class = \"td-doubleSlider-2\">\r\n                            <div class = \"td-slider\">\r\n                                \r\n                    <div class = \"td-button td-item1\">\r\n                        <div class = \"td-border\"><\/div>\r\n                    <\/div>\r\n                    <div class = \"td-button td-item2\">\r\n                        <div class = \"td-border\"><\/div>\r\n                    <\/div>\r\n                            <\/div>\r\n                        <\/div>\r\n\r\n                    <\/div>\r\n\r\n                <\/div>\r\n                \n","protected":false},"excerpt":{"rendered":"<p>Se registr\u00f3 ayer nuevos enfrentamientos entre bloqueadores seguidores del \u201cevismo\u201d y la Polic\u00eda en Parotani, en la carretera que une el occidente boliviano con Cochabamba; los primeros utilizaron explosivos, piedras y petardos, por lo que los elementos de la instituci\u00f3n del orden tuvieron que responder con agentes qu\u00edmicos. La Polic\u00eda report\u00f3 al menos 45 personas [&hellip;]<\/p>\n","protected":false},"author":1,"featured_media":256537,"comment_status":"closed","ping_status":"open","sticky":false,"template":"","format":"standard","meta":{"_acf_changed":false,"footnotes":""},"categories":[39],"tags":[],"class_list":["post-256536","post","type-post","status-publish","format-standard","has-post-thumbnail","category-sociedad"],"acf":{"antetitulo":"Conflicto"},"yoast_head":"<!-- This site is optimized with the Yoast SEO plugin v28.3 - https:\/\/yoast.com\/product\/yoast-seo-wordpress\/ -->\n<title>Parotani sigue siendo epicentro de gasificaciones y dinamitazos - El Diario - Bolivia<\/title>\n<meta name=\"robots\" content=\"index, follow, max-snippet:-1, max-image-preview:large, max-video-preview:-1\" \/>\n<link rel=\"canonical\" href=\"https:\/\/www.eldiario.net\/portal\/2024\/10\/26\/parotani-sigue-siendo-epicentro-de-gasificaciones-y-dinamitazos\/\" \/>\n<meta property=\"og:locale\" content=\"es_ES\" \/>\n<meta property=\"og:type\" content=\"article\" \/>\n<meta property=\"og:title\" content=\"Parotani sigue siendo epicentro de gasificaciones y dinamitazos - El Diario - Bolivia\" \/>\n<meta property=\"og:description\" content=\"Se registr\u00f3 ayer nuevos enfrentamientos entre bloqueadores seguidores del \u201cevismo\u201d y la Polic\u00eda en Parotani, en la carretera que une el occidente boliviano con Cochabamba; los primeros utilizaron explosivos, piedras y petardos, por lo que los elementos de la instituci\u00f3n del orden tuvieron que responder con agentes qu\u00edmicos. La Polic\u00eda report\u00f3 al menos 45 personas [&hellip;]\" \/>\n<meta property=\"og:url\" content=\"https:\/\/www.eldiario.net\/portal\/2024\/10\/26\/parotani-sigue-siendo-epicentro-de-gasificaciones-y-dinamitazos\/\" \/>\n<meta property=\"og:site_name\" content=\"El Diario - Bolivia\" \/>\n<meta property=\"article:publisher\" content=\"https:\/\/www.facebook.com\/eldiario.bolivia\/\" \/>\n<meta property=\"article:published_time\" content=\"2024-10-26T10:27:08+00:00\" \/>\n<meta property=\"og:image\" content=\"https:\/\/www.eldiario.net\/portal\/wp-content\/uploads\/2024\/10\/26-BLOQ-1.jpg\" \/>\n\t<meta property=\"og:image:width\" content=\"1200\" \/>\n\t<meta property=\"og:image:height\" content=\"675\" \/>\n\t<meta property=\"og:image:type\" content=\"image\/jpeg\" \/>\n<meta name=\"author\" content=\"Jeanette\" \/>\n<meta name=\"twitter:card\" content=\"summary_large_image\" \/>\n<meta name=\"twitter:creator\" content=\"@eldiario_net\" \/>\n<meta name=\"twitter:site\" content=\"@eldiario_net\" \/>\n<meta name=\"twitter:label1\" content=\"Escrito por\" \/>\n\t<meta name=\"twitter:data1\" content=\"Jeanette\" \/>\n\t<meta name=\"twitter:label2\" content=\"Tiempo de lectura\" \/>\n\t<meta name=\"twitter:data2\" content=\"3 minutos\" \/>\n<script type=\"application\/ld+json\" class=\"yoast-schema-graph\">{\"@context\":\"https:\\\/\\\/schema.org\",\"@graph\":[{\"@type\":\"Article\",\"@id\":\"https:\\\/\\\/www.eldiario.net\\\/portal\\\/2024\\\/10\\\/26\\\/parotani-sigue-siendo-epicentro-de-gasificaciones-y-dinamitazos\\\/#article\",\"isPartOf\":{\"@id\":\"https:\\\/\\\/www.eldiario.net\\\/portal\\\/2024\\\/10\\\/26\\\/parotani-sigue-siendo-epicentro-de-gasificaciones-y-dinamitazos\\\/\"},\"author\":{\"name\":\"Jeanette\",\"@id\":\"https:\\\/\\\/www.eldiario.net\\\/portal\\\/#\\\/schema\\\/person\\\/f46445640444750d7d753ccd04ae01b7\"},\"headline\":\"Parotani sigue siendo epicentro de gasificaciones y dinamitazos\",\"datePublished\":\"2024-10-26T10:27:08+00:00\",\"mainEntityOfPage\":{\"@id\":\"https:\\\/\\\/www.eldiario.net\\\/portal\\\/2024\\\/10\\\/26\\\/parotani-sigue-siendo-epicentro-de-gasificaciones-y-dinamitazos\\\/\"},\"wordCount\":541,\"publisher\":{\"@id\":\"https:\\\/\\\/www.eldiario.net\\\/portal\\\/#organization\"},\"image\":{\"@id\":\"https:\\\/\\\/www.eldiario.net\\\/portal\\\/2024\\\/10\\\/26\\\/parotani-sigue-siendo-epicentro-de-gasificaciones-y-dinamitazos\\\/#primaryimage\"},\"thumbnailUrl\":\"https:\\\/\\\/www.eldiario.net\\\/portal\\\/wp-content\\\/uploads\\\/2024\\\/10\\\/26-BLOQ-1.jpg\",\"articleSection\":[\"Sociedad - Seguridad\"],\"inLanguage\":\"es\"},{\"@type\":\"WebPage\",\"@id\":\"https:\\\/\\\/www.eldiario.net\\\/portal\\\/2024\\\/10\\\/26\\\/parotani-sigue-siendo-epicentro-de-gasificaciones-y-dinamitazos\\\/\",\"url\":\"https:\\\/\\\/www.eldiario.net\\\/portal\\\/2024\\\/10\\\/26\\\/parotani-sigue-siendo-epicentro-de-gasificaciones-y-dinamitazos\\\/\",\"name\":\"Parotani sigue siendo epicentro de gasificaciones y dinamitazos - El Diario - Bolivia\",\"isPartOf\":{\"@id\":\"https:\\\/\\\/www.eldiario.net\\\/portal\\\/#website\"},\"primaryImageOfPage\":{\"@id\":\"https:\\\/\\\/www.eldiario.net\\\/portal\\\/2024\\\/10\\\/26\\\/parotani-sigue-siendo-epicentro-de-gasificaciones-y-dinamitazos\\\/#primaryimage\"},\"image\":{\"@id\":\"https:\\\/\\\/www.eldiario.net\\\/portal\\\/2024\\\/10\\\/26\\\/parotani-sigue-siendo-epicentro-de-gasificaciones-y-dinamitazos\\\/#primaryimage\"},\"thumbnailUrl\":\"https:\\\/\\\/www.eldiario.net\\\/portal\\\/wp-content\\\/uploads\\\/2024\\\/10\\\/26-BLOQ-1.jpg\",\"datePublished\":\"2024-10-26T10:27:08+00:00\",\"breadcrumb\":{\"@id\":\"https:\\\/\\\/www.eldiario.net\\\/portal\\\/2024\\\/10\\\/26\\\/parotani-sigue-siendo-epicentro-de-gasificaciones-y-dinamitazos\\\/#breadcrumb\"},\"inLanguage\":\"es\",\"potentialAction\":[{\"@type\":\"ReadAction\",\"target\":[\"https:\\\/\\\/www.eldiario.net\\\/portal\\\/2024\\\/10\\\/26\\\/parotani-sigue-siendo-epicentro-de-gasificaciones-y-dinamitazos\\\/\"]}]},{\"@type\":\"ImageObject\",\"inLanguage\":\"es\",\"@id\":\"https:\\\/\\\/www.eldiario.net\\\/portal\\\/2024\\\/10\\\/26\\\/parotani-sigue-siendo-epicentro-de-gasificaciones-y-dinamitazos\\\/#primaryimage\",\"url\":\"https:\\\/\\\/www.eldiario.net\\\/portal\\\/wp-content\\\/uploads\\\/2024\\\/10\\\/26-BLOQ-1.jpg\",\"contentUrl\":\"https:\\\/\\\/www.eldiario.net\\\/portal\\\/wp-content\\\/uploads\\\/2024\\\/10\\\/26-BLOQ-1.jpg\",\"width\":1200,\"height\":675,\"caption\":\"Polic\u00eda herido es auxiliado por algunos uniformados.\"},{\"@type\":\"BreadcrumbList\",\"@id\":\"https:\\\/\\\/www.eldiario.net\\\/portal\\\/2024\\\/10\\\/26\\\/parotani-sigue-siendo-epicentro-de-gasificaciones-y-dinamitazos\\\/#breadcrumb\",\"itemListElement\":[{\"@type\":\"ListItem\",\"position\":1,\"name\":\"Portada\",\"item\":\"https:\\\/\\\/www.eldiario.net\\\/portal\\\/\"},{\"@type\":\"ListItem\",\"position\":2,\"name\":\"Parotani sigue siendo epicentro de gasificaciones y dinamitazos\"}]},{\"@type\":\"WebSite\",\"@id\":\"https:\\\/\\\/www.eldiario.net\\\/portal\\\/#website\",\"url\":\"https:\\\/\\\/www.eldiario.net\\\/portal\\\/\",\"name\":\"El Diario - Decano de la prensa nacional\",\"description\":\"El Diario - Decano de la prensa nacional\",\"publisher\":{\"@id\":\"https:\\\/\\\/www.eldiario.net\\\/portal\\\/#organization\"},\"potentialAction\":[{\"@type\":\"SearchAction\",\"target\":{\"@type\":\"EntryPoint\",\"urlTemplate\":\"https:\\\/\\\/www.eldiario.net\\\/portal\\\/?s={search_term_string}\"},\"query-input\":{\"@type\":\"PropertyValueSpecification\",\"valueRequired\":true,\"valueName\":\"search_term_string\"}}],\"inLanguage\":\"es\"},{\"@type\":\"Organization\",\"@id\":\"https:\\\/\\\/www.eldiario.net\\\/portal\\\/#organization\",\"name\":\"El Diario - Decano de la prensa nacional\",\"url\":\"https:\\\/\\\/www.eldiario.net\\\/portal\\\/\",\"logo\":{\"@type\":\"ImageObject\",\"inLanguage\":\"es\",\"@id\":\"https:\\\/\\\/www.eldiario.net\\\/portal\\\/#\\\/schema\\\/logo\\\/image\\\/\",\"url\":\"https:\\\/\\\/www.eldiario.net\\\/portal\\\/wp-content\\\/uploads\\\/2023\\\/07\\\/logo_ED.jpg\",\"contentUrl\":\"https:\\\/\\\/www.eldiario.net\\\/portal\\\/wp-content\\\/uploads\\\/2023\\\/07\\\/logo_ED.jpg\",\"width\":272,\"height\":52,\"caption\":\"El Diario - Decano de la prensa nacional\"},\"image\":{\"@id\":\"https:\\\/\\\/www.eldiario.net\\\/portal\\\/#\\\/schema\\\/logo\\\/image\\\/\"},\"sameAs\":[\"https:\\\/\\\/www.facebook.com\\\/eldiario.bolivia\\\/\",\"https:\\\/\\\/x.com\\\/eldiario_net\"]},{\"@type\":\"Person\",\"@id\":\"https:\\\/\\\/www.eldiario.net\\\/portal\\\/#\\\/schema\\\/person\\\/f46445640444750d7d753ccd04ae01b7\",\"name\":\"Jeanette\",\"image\":{\"@type\":\"ImageObject\",\"inLanguage\":\"es\",\"@id\":\"https:\\\/\\\/secure.gravatar.com\\\/avatar\\\/3ea2118a5f7dad2b7138b1187a6b7ee55f160b9968b66013c3a3ef39dd7e5798?s=96&d=mm&r=g\",\"url\":\"https:\\\/\\\/secure.gravatar.com\\\/avatar\\\/3ea2118a5f7dad2b7138b1187a6b7ee55f160b9968b66013c3a3ef39dd7e5798?s=96&d=mm&r=g\",\"contentUrl\":\"https:\\\/\\\/secure.gravatar.com\\\/avatar\\\/3ea2118a5f7dad2b7138b1187a6b7ee55f160b9968b66013c3a3ef39dd7e5798?s=96&d=mm&r=g\",\"caption\":\"Jeanette\"},\"sameAs\":[\"https:\\\/\\\/www.eldiario.net\\\/portal\"],\"url\":\"https:\\\/\\\/www.eldiario.net\\\/portal\\\/author\\\/jeanette\\\/\"}]}<\/script>\n<!-- \/ Yoast SEO plugin. -->","yoast_head_json":{"title":"Parotani sigue siendo epicentro de gasificaciones y dinamitazos - El Diario - Bolivia","robots":{"index":"index","follow":"follow","max-snippet":"max-snippet:-1","max-image-preview":"max-image-preview:large","max-video-preview":"max-video-preview:-1"},"canonical":"https:\/\/www.eldiario.net\/portal\/2024\/10\/26\/parotani-sigue-siendo-epicentro-de-gasificaciones-y-dinamitazos\/","og_locale":"es_ES","og_type":"article","og_title":"Parotani sigue siendo epicentro de gasificaciones y dinamitazos - El Diario - Bolivia","og_description":"Se registr\u00f3 ayer nuevos enfrentamientos entre bloqueadores seguidores del \u201cevismo\u201d y la Polic\u00eda en Parotani, en la carretera que une el occidente boliviano con Cochabamba; los primeros utilizaron explosivos, piedras y petardos, por lo que los elementos de la instituci\u00f3n del orden tuvieron que responder con agentes qu\u00edmicos. La Polic\u00eda report\u00f3 al menos 45 personas [&hellip;]","og_url":"https:\/\/www.eldiario.net\/portal\/2024\/10\/26\/parotani-sigue-siendo-epicentro-de-gasificaciones-y-dinamitazos\/","og_site_name":"El Diario - Bolivia","article_publisher":"https:\/\/www.facebook.com\/eldiario.bolivia\/","article_published_time":"2024-10-26T10:27:08+00:00","og_image":[{"width":1200,"height":675,"url":"https:\/\/www.eldiario.net\/portal\/wp-content\/uploads\/2024\/10\/26-BLOQ-1.jpg","type":"image\/jpeg"}],"author":"Jeanette","twitter_card":"summary_large_image","twitter_creator":"@eldiario_net","twitter_site":"@eldiario_net","twitter_misc":{"Escrito por":"Jeanette","Tiempo de lectura":"3 minutos"},"schema":{"@context":"https:\/\/schema.org","@graph":[{"@type":"Article","@id":"https:\/\/www.eldiario.net\/portal\/2024\/10\/26\/parotani-sigue-siendo-epicentro-de-gasificaciones-y-dinamitazos\/#article","isPartOf":{"@id":"https:\/\/www.eldiario.net\/portal\/2024\/10\/26\/parotani-sigue-siendo-epicentro-de-gasificaciones-y-dinamitazos\/"},"author":{"name":"Jeanette","@id":"https:\/\/www.eldiario.net\/portal\/#\/schema\/person\/f46445640444750d7d753ccd04ae01b7"},"headline":"Parotani sigue siendo epicentro de gasificaciones y dinamitazos","datePublished":"2024-10-26T10:27:08+00:00","mainEntityOfPage":{"@id":"https:\/\/www.eldiario.net\/portal\/2024\/10\/26\/parotani-sigue-siendo-epicentro-de-gasificaciones-y-dinamitazos\/"},"wordCount":541,"publisher":{"@id":"https:\/\/www.eldiario.net\/portal\/#organization"},"image":{"@id":"https:\/\/www.eldiario.net\/portal\/2024\/10\/26\/parotani-sigue-siendo-epicentro-de-gasificaciones-y-dinamitazos\/#primaryimage"},"thumbnailUrl":"https:\/\/www.eldiario.net\/portal\/wp-content\/uploads\/2024\/10\/26-BLOQ-1.jpg","articleSection":["Sociedad - Seguridad"],"inLanguage":"es"},{"@type":"WebPage","@id":"https:\/\/www.eldiario.net\/portal\/2024\/10\/26\/parotani-sigue-siendo-epicentro-de-gasificaciones-y-dinamitazos\/","url":"https:\/\/www.eldiario.net\/portal\/2024\/10\/26\/parotani-sigue-siendo-epicentro-de-gasificaciones-y-dinamitazos\/","name":"Parotani sigue siendo epicentro de gasificaciones y dinamitazos - El Diario - Bolivia","isPartOf":{"@id":"https:\/\/www.eldiario.net\/portal\/#website"},"primaryImageOfPage":{"@id":"https:\/\/www.eldiario.net\/portal\/2024\/10\/26\/parotani-sigue-siendo-epicentro-de-gasificaciones-y-dinamitazos\/#primaryimage"},"image":{"@id":"https:\/\/www.eldiario.net\/portal\/2024\/10\/26\/parotani-sigue-siendo-epicentro-de-gasificaciones-y-dinamitazos\/#primaryimage"},"thumbnailUrl":"https:\/\/www.eldiario.net\/portal\/wp-content\/uploads\/2024\/10\/26-BLOQ-1.jpg","datePublished":"2024-10-26T10:27:08+00:00","breadcrumb":{"@id":"https:\/\/www.eldiario.net\/portal\/2024\/10\/26\/parotani-sigue-siendo-epicentro-de-gasificaciones-y-dinamitazos\/#breadcrumb"},"inLanguage":"es","potentialAction":[{"@type":"ReadAction","target":["https:\/\/www.eldiario.net\/portal\/2024\/10\/26\/parotani-sigue-siendo-epicentro-de-gasificaciones-y-dinamitazos\/"]}]},{"@type":"ImageObject","inLanguage":"es","@id":"https:\/\/www.eldiario.net\/portal\/2024\/10\/26\/parotani-sigue-siendo-epicentro-de-gasificaciones-y-dinamitazos\/#primaryimage","url":"https:\/\/www.eldiario.net\/portal\/wp-content\/uploads\/2024\/10\/26-BLOQ-1.jpg","contentUrl":"https:\/\/www.eldiario.net\/portal\/wp-content\/uploads\/2024\/10\/26-BLOQ-1.jpg","width":1200,"height":675,"caption":"Polic\u00eda herido es auxiliado por algunos uniformados."},{"@type":"BreadcrumbList","@id":"https:\/\/www.eldiario.net\/portal\/2024\/10\/26\/parotani-sigue-siendo-epicentro-de-gasificaciones-y-dinamitazos\/#breadcrumb","itemListElement":[{"@type":"ListItem","position":1,"name":"Portada","item":"https:\/\/www.eldiario.net\/portal\/"},{"@type":"ListItem","position":2,"name":"Parotani sigue siendo epicentro de gasificaciones y dinamitazos"}]},{"@type":"WebSite","@id":"https:\/\/www.eldiario.net\/portal\/#website","url":"https:\/\/www.eldiario.net\/portal\/","name":"El Diario - Decano de la prensa nacional","description":"El Diario - Decano de la prensa nacional","publisher":{"@id":"https:\/\/www.eldiario.net\/portal\/#organization"},"potentialAction":[{"@type":"SearchAction","target":{"@type":"EntryPoint","urlTemplate":"https:\/\/www.eldiario.net\/portal\/?s={search_term_string}"},"query-input":{"@type":"PropertyValueSpecification","valueRequired":true,"valueName":"search_term_string"}}],"inLanguage":"es"},{"@type":"Organization","@id":"https:\/\/www.eldiario.net\/portal\/#organization","name":"El Diario - Decano de la prensa nacional","url":"https:\/\/www.eldiario.net\/portal\/","logo":{"@type":"ImageObject","inLanguage":"es","@id":"https:\/\/www.eldiario.net\/portal\/#\/schema\/logo\/image\/","url":"https:\/\/www.eldiario.net\/portal\/wp-content\/uploads\/2023\/07\/logo_ED.jpg","contentUrl":"https:\/\/www.eldiario.net\/portal\/wp-content\/uploads\/2023\/07\/logo_ED.jpg","width":272,"height":52,"caption":"El Diario - Decano de la prensa nacional"},"image":{"@id":"https:\/\/www.eldiario.net\/portal\/#\/schema\/logo\/image\/"},"sameAs":["https:\/\/www.facebook.com\/eldiario.bolivia\/","https:\/\/x.com\/eldiario_net"]},{"@type":"Person","@id":"https:\/\/www.eldiario.net\/portal\/#\/schema\/person\/f46445640444750d7d753ccd04ae01b7","name":"Jeanette","image":{"@type":"ImageObject","inLanguage":"es","@id":"https:\/\/secure.gravatar.com\/avatar\/3ea2118a5f7dad2b7138b1187a6b7ee55f160b9968b66013c3a3ef39dd7e5798?s=96&d=mm&r=g","url":"https:\/\/secure.gravatar.com\/avatar\/3ea2118a5f7dad2b7138b1187a6b7ee55f160b9968b66013c3a3ef39dd7e5798?s=96&d=mm&r=g","contentUrl":"https:\/\/secure.gravatar.com\/avatar\/3ea2118a5f7dad2b7138b1187a6b7ee55f160b9968b66013c3a3ef39dd7e5798?s=96&d=mm&r=g","caption":"Jeanette"},"sameAs":["https:\/\/www.eldiario.net\/portal"],"url":"https:\/\/www.eldiario.net\/portal\/author\/jeanette\/"}]}},"_links":{"self":[{"href":"https:\/\/www.eldiario.net\/portal\/wp-json\/wp\/v2\/posts\/256536","targetHints":{"allow":["GET"]}}],"collection":[{"href":"https:\/\/www.eldiario.net\/portal\/wp-json\/wp\/v2\/posts"}],"about":[{"href":"https:\/\/www.eldiario.net\/portal\/wp-json\/wp\/v2\/types\/post"}],"author":[{"embeddable":true,"href":"https:\/\/www.eldiario.net\/portal\/wp-json\/wp\/v2\/users\/1"}],"replies":[{"embeddable":true,"href":"https:\/\/www.eldiario.net\/portal\/wp-json\/wp\/v2\/comments?post=256536"}],"version-history":[{"count":1,"href":"https:\/\/www.eldiario.net\/portal\/wp-json\/wp\/v2\/posts\/256536\/revisions"}],"predecessor-version":[{"id":256539,"href":"https:\/\/www.eldiario.net\/portal\/wp-json\/wp\/v2\/posts\/256536\/revisions\/256539"}],"wp:featuredmedia":[{"embeddable":true,"href":"https:\/\/www.eldiario.net\/portal\/wp-json\/wp\/v2\/media\/256537"}],"wp:attachment":[{"href":"https:\/\/www.eldiario.net\/portal\/wp-json\/wp\/v2\/media?parent=256536"}],"wp:term":[{"taxonomy":"category","embeddable":true,"href":"https:\/\/www.eldiario.net\/portal\/wp-json\/wp\/v2\/categories?post=256536"},{"taxonomy":"post_tag","embeddable":true,"href":"https:\/\/www.eldiario.net\/portal\/wp-json\/wp\/v2\/tags?post=256536"}],"curies":[{"name":"wp","href":"https:\/\/api.w.org\/{rel}","templated":true}]}}