{"id":256533,"date":"2024-10-26T06:26:15","date_gmt":"2024-10-26T10:26:15","guid":{"rendered":"https:\/\/www.eldiario.net\/portal\/?p=256533"},"modified":"2024-10-26T06:26:15","modified_gmt":"2024-10-26T10:26:15","slug":"a-punetazos-y-pedradas-violentaron-el-trabajo-de-periodistas-en-parotani","status":"publish","type":"post","link":"https:\/\/www.eldiario.net\/portal\/2024\/10\/26\/a-punetazos-y-pedradas-violentaron-el-trabajo-de-periodistas-en-parotani\/","title":{"rendered":"A pu\u00f1etazos y pedradas violentaron  el trabajo de periodistas en Parotani"},"content":{"rendered":"<p class=\"v1MsoNormal\">Cochabamba, (ANP) \u2013 Periodistas de la estatal BoliviaTv y de la privada Red Uno recibieron pu\u00f1etazos y pedradas de cultivadores de coca que siguen al expresidente Evo Morales, mientras eran cercados esta tarde, junto a polic\u00edas antimotines, en medio de un puente localizado en la regi\u00f3n de Parotani, en el kil\u00f3metro 39 de la carretera que une Cochabamba con el occidente de Bolivia.<\/p>\n<p class=\"v1MsoNormal\">Luego que la polic\u00eda comenz\u00f3 una operaci\u00f3n para retirar piedras y objetos que bloquean la carretera principal desde hace 12 d\u00edas, con apoyo de maquinaria y palas cargadoras, decenas de manifestantes emergieron desde diferentes sectores y rodearon a los reporteros y polic\u00edas, seg\u00fan el relato del fotoperiodista del diario Opini\u00f3n, Dico Soliz a la Unidad de Monitoreo de la Asociaci\u00f3n Nacional de la Prensa (ANP).<\/p>\n<p class=\"v1MsoNormal\">\u00abJunto a la polic\u00eda est\u00e1bamos acorralados en un puente y no hab\u00eda d\u00f3nde escapar. Llegaba piedra y dinamita\u00bb, inform\u00f3 Soliz que presenci\u00f3 la golpiza a los equipos de prensa de BoliviaTv y de Red Uno, y estuvo a unos 15 metros del lugar donde estall\u00f3 una dinamita que cercen\u00f3 la pierna a un polic\u00eda antidisturbios. La fotograf\u00eda de Soliz donde se observa al herido recibiendo auxilio de sus camaradas fue la primera en recorrer las redes sociales.<\/p>\n<p class=\"v1MsoNormal\">Mujeres periodistas, reporteros de televisi\u00f3n y personal de apoyo de los medios de informaci\u00f3n privados y estatales sufrieron golpes, empujones y fueron intimidados en medio de explosiones de dinamita y gases lacrim\u00f3genos.<\/p>\n<p class=\"v1MsoNormal\">En 26 a\u00f1os de trabajo, fue el momento de mayor tensi\u00f3n vivido como corresponsal en una zona de conflicto, explic\u00f3 Soliz minutos despu\u00e9s del choque entre cultivadores de hoja de coca que respaldan a Morales y la polic\u00eda.<\/p>\n<p class=\"v1MsoNormal\">Los periodistas de Red Uno y BoliviaTv \u00abfueron empujados y jaloneados. Nos empezaron a agredir y patear\u00bb, relat\u00f3 una corresponsal del canal estatal durante una transmisi\u00f3n realizada en la tarde del viernes 25 de octubre.<\/p>\n<p class=\"v1MsoNormal\">Durante la operaci\u00f3n policial, la periodista observ\u00f3 que los bloqueadores dejaron pasar a los polic\u00edas que retiraban piedras y escombros de la carretera, pero luego emboscaron a los agentes lanzando dinamita que a su vez respondieron con gases lacrim\u00f3genos.<\/p>\n<p class=\"v1MsoNormal\">\u00abNos emboscaron, intentaron quitarnos los equipos, la c\u00e1mara&#8230;\u00bb, describi\u00f3 la periodista de BoliviaTv.<\/p>\n<p class=\"v1MsoNormal\">Luego del retiro de las piedras del puente durante la operaci\u00f3n policial, los manifestantes \u00abaparecieron de todo lado, por el r\u00edo, desde el cerro, lanzando piedras, dinamita y petardos. Hubo confusi\u00f3n y los periodistas quedamos acorralados\u00bb, seg\u00fan el testimonio de Soliz.<\/p>\n","protected":false},"excerpt":{"rendered":"<p>Cochabamba, (ANP) \u2013 Periodistas de la estatal BoliviaTv y de la privada Red Uno recibieron pu\u00f1etazos y pedradas de cultivadores de coca que siguen al expresidente Evo Morales, mientras eran cercados esta tarde, junto a polic\u00edas antimotines, en medio de un puente localizado en la regi\u00f3n de Parotani, en el kil\u00f3metro 39 de la carretera [&hellip;]<\/p>\n","protected":false},"author":1,"featured_media":256534,"comment_status":"closed","ping_status":"open","sticky":false,"template":"","format":"standard","meta":{"_acf_changed":false,"footnotes":""},"categories":[39],"tags":[],"class_list":["post-256533","post","type-post","status-publish","format-standard","has-post-thumbnail","category-sociedad"],"acf":{"antetitulo":""},"yoast_head":"<!-- This site is optimized with the Yoast SEO plugin v28.4 - https:\/\/yoast.com\/product\/yoast-seo-wordpress\/ -->\n<title>A pu\u00f1etazos y pedradas violentaron el trabajo de periodistas en Parotani - El Diario - Bolivia<\/title>\n<meta name=\"robots\" content=\"index, follow, max-snippet:-1, max-image-preview:large, max-video-preview:-1\" \/>\n<link rel=\"canonical\" href=\"https:\/\/www.eldiario.net\/portal\/2024\/10\/26\/a-punetazos-y-pedradas-violentaron-el-trabajo-de-periodistas-en-parotani\/\" \/>\n<meta property=\"og:locale\" content=\"es_ES\" \/>\n<meta property=\"og:type\" content=\"article\" \/>\n<meta property=\"og:title\" content=\"A pu\u00f1etazos y pedradas violentaron el trabajo de periodistas en Parotani - El Diario - Bolivia\" \/>\n<meta property=\"og:description\" content=\"Cochabamba, (ANP) \u2013 Periodistas de la estatal BoliviaTv y de la privada Red Uno recibieron pu\u00f1etazos y pedradas de cultivadores de coca que siguen al expresidente Evo Morales, mientras eran cercados esta tarde, junto a polic\u00edas antimotines, en medio de un puente localizado en la regi\u00f3n de Parotani, en el kil\u00f3metro 39 de la carretera [&hellip;]\" \/>\n<meta property=\"og:url\" content=\"https:\/\/www.eldiario.net\/portal\/2024\/10\/26\/a-punetazos-y-pedradas-violentaron-el-trabajo-de-periodistas-en-parotani\/\" \/>\n<meta property=\"og:site_name\" content=\"El Diario - Bolivia\" \/>\n<meta property=\"article:publisher\" content=\"https:\/\/www.facebook.com\/eldiario.bolivia\/\" \/>\n<meta property=\"article:published_time\" content=\"2024-10-26T10:26:15+00:00\" \/>\n<meta property=\"og:image\" content=\"https:\/\/www.eldiario.net\/portal\/wp-content\/uploads\/2024\/10\/periodista.jpg\" \/>\n\t<meta property=\"og:image:width\" content=\"1600\" \/>\n\t<meta property=\"og:image:height\" content=\"897\" \/>\n\t<meta property=\"og:image:type\" content=\"image\/jpeg\" \/>\n<meta name=\"author\" content=\"Jeanette\" \/>\n<meta name=\"twitter:card\" content=\"summary_large_image\" \/>\n<meta name=\"twitter:creator\" content=\"@eldiario_net\" \/>\n<meta name=\"twitter:site\" content=\"@eldiario_net\" \/>\n<meta name=\"twitter:label1\" content=\"Escrito por\" \/>\n\t<meta name=\"twitter:data1\" content=\"Jeanette\" \/>\n\t<meta name=\"twitter:label2\" content=\"Tiempo de lectura\" \/>\n\t<meta name=\"twitter:data2\" content=\"3 minutos\" \/>\n<script type=\"application\/ld+json\" class=\"yoast-schema-graph\">{\"@context\":\"https:\\\/\\\/schema.org\",\"@graph\":[{\"@type\":\"Article\",\"@id\":\"https:\\\/\\\/www.eldiario.net\\\/portal\\\/2024\\\/10\\\/26\\\/a-punetazos-y-pedradas-violentaron-el-trabajo-de-periodistas-en-parotani\\\/#article\",\"isPartOf\":{\"@id\":\"https:\\\/\\\/www.eldiario.net\\\/portal\\\/2024\\\/10\\\/26\\\/a-punetazos-y-pedradas-violentaron-el-trabajo-de-periodistas-en-parotani\\\/\"},\"author\":{\"name\":\"Jeanette\",\"@id\":\"https:\\\/\\\/www.eldiario.net\\\/portal\\\/#\\\/schema\\\/person\\\/f46445640444750d7d753ccd04ae01b7\"},\"headline\":\"A pu\u00f1etazos y pedradas violentaron el trabajo de periodistas en Parotani\",\"datePublished\":\"2024-10-26T10:26:15+00:00\",\"mainEntityOfPage\":{\"@id\":\"https:\\\/\\\/www.eldiario.net\\\/portal\\\/2024\\\/10\\\/26\\\/a-punetazos-y-pedradas-violentaron-el-trabajo-de-periodistas-en-parotani\\\/\"},\"wordCount\":442,\"publisher\":{\"@id\":\"https:\\\/\\\/www.eldiario.net\\\/portal\\\/#organization\"},\"image\":{\"@id\":\"https:\\\/\\\/www.eldiario.net\\\/portal\\\/2024\\\/10\\\/26\\\/a-punetazos-y-pedradas-violentaron-el-trabajo-de-periodistas-en-parotani\\\/#primaryimage\"},\"thumbnailUrl\":\"https:\\\/\\\/www.eldiario.net\\\/portal\\\/wp-content\\\/uploads\\\/2024\\\/10\\\/periodista.jpg\",\"articleSection\":[\"Sociedad - Seguridad\"],\"inLanguage\":\"es\"},{\"@type\":\"WebPage\",\"@id\":\"https:\\\/\\\/www.eldiario.net\\\/portal\\\/2024\\\/10\\\/26\\\/a-punetazos-y-pedradas-violentaron-el-trabajo-de-periodistas-en-parotani\\\/\",\"url\":\"https:\\\/\\\/www.eldiario.net\\\/portal\\\/2024\\\/10\\\/26\\\/a-punetazos-y-pedradas-violentaron-el-trabajo-de-periodistas-en-parotani\\\/\",\"name\":\"A pu\u00f1etazos y pedradas violentaron el trabajo de periodistas en Parotani - El Diario - Bolivia\",\"isPartOf\":{\"@id\":\"https:\\\/\\\/www.eldiario.net\\\/portal\\\/#website\"},\"primaryImageOfPage\":{\"@id\":\"https:\\\/\\\/www.eldiario.net\\\/portal\\\/2024\\\/10\\\/26\\\/a-punetazos-y-pedradas-violentaron-el-trabajo-de-periodistas-en-parotani\\\/#primaryimage\"},\"image\":{\"@id\":\"https:\\\/\\\/www.eldiario.net\\\/portal\\\/2024\\\/10\\\/26\\\/a-punetazos-y-pedradas-violentaron-el-trabajo-de-periodistas-en-parotani\\\/#primaryimage\"},\"thumbnailUrl\":\"https:\\\/\\\/www.eldiario.net\\\/portal\\\/wp-content\\\/uploads\\\/2024\\\/10\\\/periodista.jpg\",\"datePublished\":\"2024-10-26T10:26:15+00:00\",\"breadcrumb\":{\"@id\":\"https:\\\/\\\/www.eldiario.net\\\/portal\\\/2024\\\/10\\\/26\\\/a-punetazos-y-pedradas-violentaron-el-trabajo-de-periodistas-en-parotani\\\/#breadcrumb\"},\"inLanguage\":\"es\",\"potentialAction\":[{\"@type\":\"ReadAction\",\"target\":[\"https:\\\/\\\/www.eldiario.net\\\/portal\\\/2024\\\/10\\\/26\\\/a-punetazos-y-pedradas-violentaron-el-trabajo-de-periodistas-en-parotani\\\/\"]}]},{\"@type\":\"ImageObject\",\"inLanguage\":\"es\",\"@id\":\"https:\\\/\\\/www.eldiario.net\\\/portal\\\/2024\\\/10\\\/26\\\/a-punetazos-y-pedradas-violentaron-el-trabajo-de-periodistas-en-parotani\\\/#primaryimage\",\"url\":\"https:\\\/\\\/www.eldiario.net\\\/portal\\\/wp-content\\\/uploads\\\/2024\\\/10\\\/periodista.jpg\",\"contentUrl\":\"https:\\\/\\\/www.eldiario.net\\\/portal\\\/wp-content\\\/uploads\\\/2024\\\/10\\\/periodista.jpg\",\"width\":1600,\"height\":897,\"caption\":\"Un corresponsal de Red Uno reporta desde la regi\u00f3n de Parotani, en el departamento de Cochabamba. Cr\u00e9dito: Captura de pantalla de Red Uno\"},{\"@type\":\"BreadcrumbList\",\"@id\":\"https:\\\/\\\/www.eldiario.net\\\/portal\\\/2024\\\/10\\\/26\\\/a-punetazos-y-pedradas-violentaron-el-trabajo-de-periodistas-en-parotani\\\/#breadcrumb\",\"itemListElement\":[{\"@type\":\"ListItem\",\"position\":1,\"name\":\"Portada\",\"item\":\"https:\\\/\\\/www.eldiario.net\\\/portal\\\/\"},{\"@type\":\"ListItem\",\"position\":2,\"name\":\"A pu\u00f1etazos y pedradas violentaron el trabajo de periodistas en Parotani\"}]},{\"@type\":\"WebSite\",\"@id\":\"https:\\\/\\\/www.eldiario.net\\\/portal\\\/#website\",\"url\":\"https:\\\/\\\/www.eldiario.net\\\/portal\\\/\",\"name\":\"El Diario - Decano de la prensa nacional\",\"description\":\"El Diario - Decano de la prensa nacional\",\"publisher\":{\"@id\":\"https:\\\/\\\/www.eldiario.net\\\/portal\\\/#organization\"},\"potentialAction\":[{\"@type\":\"SearchAction\",\"target\":{\"@type\":\"EntryPoint\",\"urlTemplate\":\"https:\\\/\\\/www.eldiario.net\\\/portal\\\/?s={search_term_string}\"},\"query-input\":{\"@type\":\"PropertyValueSpecification\",\"valueRequired\":true,\"valueName\":\"search_term_string\"}}],\"inLanguage\":\"es\"},{\"@type\":\"Organization\",\"@id\":\"https:\\\/\\\/www.eldiario.net\\\/portal\\\/#organization\",\"name\":\"El Diario - Decano de la prensa nacional\",\"url\":\"https:\\\/\\\/www.eldiario.net\\\/portal\\\/\",\"logo\":{\"@type\":\"ImageObject\",\"inLanguage\":\"es\",\"@id\":\"https:\\\/\\\/www.eldiario.net\\\/portal\\\/#\\\/schema\\\/logo\\\/image\\\/\",\"url\":\"https:\\\/\\\/www.eldiario.net\\\/portal\\\/wp-content\\\/uploads\\\/2023\\\/07\\\/logo_ED.jpg\",\"contentUrl\":\"https:\\\/\\\/www.eldiario.net\\\/portal\\\/wp-content\\\/uploads\\\/2023\\\/07\\\/logo_ED.jpg\",\"width\":272,\"height\":52,\"caption\":\"El Diario - Decano de la prensa nacional\"},\"image\":{\"@id\":\"https:\\\/\\\/www.eldiario.net\\\/portal\\\/#\\\/schema\\\/logo\\\/image\\\/\"},\"sameAs\":[\"https:\\\/\\\/www.facebook.com\\\/eldiario.bolivia\\\/\",\"https:\\\/\\\/x.com\\\/eldiario_net\"]},{\"@type\":\"Person\",\"@id\":\"https:\\\/\\\/www.eldiario.net\\\/portal\\\/#\\\/schema\\\/person\\\/f46445640444750d7d753ccd04ae01b7\",\"name\":\"Jeanette\",\"image\":{\"@type\":\"ImageObject\",\"inLanguage\":\"es\",\"@id\":\"https:\\\/\\\/secure.gravatar.com\\\/avatar\\\/3ea2118a5f7dad2b7138b1187a6b7ee55f160b9968b66013c3a3ef39dd7e5798?s=96&d=mm&r=g\",\"url\":\"https:\\\/\\\/secure.gravatar.com\\\/avatar\\\/3ea2118a5f7dad2b7138b1187a6b7ee55f160b9968b66013c3a3ef39dd7e5798?s=96&d=mm&r=g\",\"contentUrl\":\"https:\\\/\\\/secure.gravatar.com\\\/avatar\\\/3ea2118a5f7dad2b7138b1187a6b7ee55f160b9968b66013c3a3ef39dd7e5798?s=96&d=mm&r=g\",\"caption\":\"Jeanette\"},\"sameAs\":[\"https:\\\/\\\/www.eldiario.net\\\/portal\"],\"url\":\"https:\\\/\\\/www.eldiario.net\\\/portal\\\/author\\\/jeanette\\\/\"}]}<\/script>\n<!-- \/ Yoast SEO plugin. -->","yoast_head_json":{"title":"A pu\u00f1etazos y pedradas violentaron el trabajo de periodistas en Parotani - El Diario - Bolivia","robots":{"index":"index","follow":"follow","max-snippet":"max-snippet:-1","max-image-preview":"max-image-preview:large","max-video-preview":"max-video-preview:-1"},"canonical":"https:\/\/www.eldiario.net\/portal\/2024\/10\/26\/a-punetazos-y-pedradas-violentaron-el-trabajo-de-periodistas-en-parotani\/","og_locale":"es_ES","og_type":"article","og_title":"A pu\u00f1etazos y pedradas violentaron el trabajo de periodistas en Parotani - El Diario - Bolivia","og_description":"Cochabamba, (ANP) \u2013 Periodistas de la estatal BoliviaTv y de la privada Red Uno recibieron pu\u00f1etazos y pedradas de cultivadores de coca que siguen al expresidente Evo Morales, mientras eran cercados esta tarde, junto a polic\u00edas antimotines, en medio de un puente localizado en la regi\u00f3n de Parotani, en el kil\u00f3metro 39 de la carretera [&hellip;]","og_url":"https:\/\/www.eldiario.net\/portal\/2024\/10\/26\/a-punetazos-y-pedradas-violentaron-el-trabajo-de-periodistas-en-parotani\/","og_site_name":"El Diario - Bolivia","article_publisher":"https:\/\/www.facebook.com\/eldiario.bolivia\/","article_published_time":"2024-10-26T10:26:15+00:00","og_image":[{"width":1600,"height":897,"url":"https:\/\/www.eldiario.net\/portal\/wp-content\/uploads\/2024\/10\/periodista.jpg","type":"image\/jpeg"}],"author":"Jeanette","twitter_card":"summary_large_image","twitter_creator":"@eldiario_net","twitter_site":"@eldiario_net","twitter_misc":{"Escrito por":"Jeanette","Tiempo de lectura":"3 minutos"},"schema":{"@context":"https:\/\/schema.org","@graph":[{"@type":"Article","@id":"https:\/\/www.eldiario.net\/portal\/2024\/10\/26\/a-punetazos-y-pedradas-violentaron-el-trabajo-de-periodistas-en-parotani\/#article","isPartOf":{"@id":"https:\/\/www.eldiario.net\/portal\/2024\/10\/26\/a-punetazos-y-pedradas-violentaron-el-trabajo-de-periodistas-en-parotani\/"},"author":{"name":"Jeanette","@id":"https:\/\/www.eldiario.net\/portal\/#\/schema\/person\/f46445640444750d7d753ccd04ae01b7"},"headline":"A pu\u00f1etazos y pedradas violentaron el trabajo de periodistas en Parotani","datePublished":"2024-10-26T10:26:15+00:00","mainEntityOfPage":{"@id":"https:\/\/www.eldiario.net\/portal\/2024\/10\/26\/a-punetazos-y-pedradas-violentaron-el-trabajo-de-periodistas-en-parotani\/"},"wordCount":442,"publisher":{"@id":"https:\/\/www.eldiario.net\/portal\/#organization"},"image":{"@id":"https:\/\/www.eldiario.net\/portal\/2024\/10\/26\/a-punetazos-y-pedradas-violentaron-el-trabajo-de-periodistas-en-parotani\/#primaryimage"},"thumbnailUrl":"https:\/\/www.eldiario.net\/portal\/wp-content\/uploads\/2024\/10\/periodista.jpg","articleSection":["Sociedad - Seguridad"],"inLanguage":"es"},{"@type":"WebPage","@id":"https:\/\/www.eldiario.net\/portal\/2024\/10\/26\/a-punetazos-y-pedradas-violentaron-el-trabajo-de-periodistas-en-parotani\/","url":"https:\/\/www.eldiario.net\/portal\/2024\/10\/26\/a-punetazos-y-pedradas-violentaron-el-trabajo-de-periodistas-en-parotani\/","name":"A pu\u00f1etazos y pedradas violentaron el trabajo de periodistas en Parotani - El Diario - Bolivia","isPartOf":{"@id":"https:\/\/www.eldiario.net\/portal\/#website"},"primaryImageOfPage":{"@id":"https:\/\/www.eldiario.net\/portal\/2024\/10\/26\/a-punetazos-y-pedradas-violentaron-el-trabajo-de-periodistas-en-parotani\/#primaryimage"},"image":{"@id":"https:\/\/www.eldiario.net\/portal\/2024\/10\/26\/a-punetazos-y-pedradas-violentaron-el-trabajo-de-periodistas-en-parotani\/#primaryimage"},"thumbnailUrl":"https:\/\/www.eldiario.net\/portal\/wp-content\/uploads\/2024\/10\/periodista.jpg","datePublished":"2024-10-26T10:26:15+00:00","breadcrumb":{"@id":"https:\/\/www.eldiario.net\/portal\/2024\/10\/26\/a-punetazos-y-pedradas-violentaron-el-trabajo-de-periodistas-en-parotani\/#breadcrumb"},"inLanguage":"es","potentialAction":[{"@type":"ReadAction","target":["https:\/\/www.eldiario.net\/portal\/2024\/10\/26\/a-punetazos-y-pedradas-violentaron-el-trabajo-de-periodistas-en-parotani\/"]}]},{"@type":"ImageObject","inLanguage":"es","@id":"https:\/\/www.eldiario.net\/portal\/2024\/10\/26\/a-punetazos-y-pedradas-violentaron-el-trabajo-de-periodistas-en-parotani\/#primaryimage","url":"https:\/\/www.eldiario.net\/portal\/wp-content\/uploads\/2024\/10\/periodista.jpg","contentUrl":"https:\/\/www.eldiario.net\/portal\/wp-content\/uploads\/2024\/10\/periodista.jpg","width":1600,"height":897,"caption":"Un corresponsal de Red Uno reporta desde la regi\u00f3n de Parotani, en el departamento de Cochabamba. Cr\u00e9dito: Captura de pantalla de Red Uno"},{"@type":"BreadcrumbList","@id":"https:\/\/www.eldiario.net\/portal\/2024\/10\/26\/a-punetazos-y-pedradas-violentaron-el-trabajo-de-periodistas-en-parotani\/#breadcrumb","itemListElement":[{"@type":"ListItem","position":1,"name":"Portada","item":"https:\/\/www.eldiario.net\/portal\/"},{"@type":"ListItem","position":2,"name":"A pu\u00f1etazos y pedradas violentaron el trabajo de periodistas en Parotani"}]},{"@type":"WebSite","@id":"https:\/\/www.eldiario.net\/portal\/#website","url":"https:\/\/www.eldiario.net\/portal\/","name":"El Diario - Decano de la prensa nacional","description":"El Diario - Decano de la prensa nacional","publisher":{"@id":"https:\/\/www.eldiario.net\/portal\/#organization"},"potentialAction":[{"@type":"SearchAction","target":{"@type":"EntryPoint","urlTemplate":"https:\/\/www.eldiario.net\/portal\/?s={search_term_string}"},"query-input":{"@type":"PropertyValueSpecification","valueRequired":true,"valueName":"search_term_string"}}],"inLanguage":"es"},{"@type":"Organization","@id":"https:\/\/www.eldiario.net\/portal\/#organization","name":"El Diario - Decano de la prensa nacional","url":"https:\/\/www.eldiario.net\/portal\/","logo":{"@type":"ImageObject","inLanguage":"es","@id":"https:\/\/www.eldiario.net\/portal\/#\/schema\/logo\/image\/","url":"https:\/\/www.eldiario.net\/portal\/wp-content\/uploads\/2023\/07\/logo_ED.jpg","contentUrl":"https:\/\/www.eldiario.net\/portal\/wp-content\/uploads\/2023\/07\/logo_ED.jpg","width":272,"height":52,"caption":"El Diario - Decano de la prensa nacional"},"image":{"@id":"https:\/\/www.eldiario.net\/portal\/#\/schema\/logo\/image\/"},"sameAs":["https:\/\/www.facebook.com\/eldiario.bolivia\/","https:\/\/x.com\/eldiario_net"]},{"@type":"Person","@id":"https:\/\/www.eldiario.net\/portal\/#\/schema\/person\/f46445640444750d7d753ccd04ae01b7","name":"Jeanette","image":{"@type":"ImageObject","inLanguage":"es","@id":"https:\/\/secure.gravatar.com\/avatar\/3ea2118a5f7dad2b7138b1187a6b7ee55f160b9968b66013c3a3ef39dd7e5798?s=96&d=mm&r=g","url":"https:\/\/secure.gravatar.com\/avatar\/3ea2118a5f7dad2b7138b1187a6b7ee55f160b9968b66013c3a3ef39dd7e5798?s=96&d=mm&r=g","contentUrl":"https:\/\/secure.gravatar.com\/avatar\/3ea2118a5f7dad2b7138b1187a6b7ee55f160b9968b66013c3a3ef39dd7e5798?s=96&d=mm&r=g","caption":"Jeanette"},"sameAs":["https:\/\/www.eldiario.net\/portal"],"url":"https:\/\/www.eldiario.net\/portal\/author\/jeanette\/"}]}},"_links":{"self":[{"href":"https:\/\/www.eldiario.net\/portal\/wp-json\/wp\/v2\/posts\/256533","targetHints":{"allow":["GET"]}}],"collection":[{"href":"https:\/\/www.eldiario.net\/portal\/wp-json\/wp\/v2\/posts"}],"about":[{"href":"https:\/\/www.eldiario.net\/portal\/wp-json\/wp\/v2\/types\/post"}],"author":[{"embeddable":true,"href":"https:\/\/www.eldiario.net\/portal\/wp-json\/wp\/v2\/users\/1"}],"replies":[{"embeddable":true,"href":"https:\/\/www.eldiario.net\/portal\/wp-json\/wp\/v2\/comments?post=256533"}],"version-history":[{"count":1,"href":"https:\/\/www.eldiario.net\/portal\/wp-json\/wp\/v2\/posts\/256533\/revisions"}],"predecessor-version":[{"id":256535,"href":"https:\/\/www.eldiario.net\/portal\/wp-json\/wp\/v2\/posts\/256533\/revisions\/256535"}],"wp:featuredmedia":[{"embeddable":true,"href":"https:\/\/www.eldiario.net\/portal\/wp-json\/wp\/v2\/media\/256534"}],"wp:attachment":[{"href":"https:\/\/www.eldiario.net\/portal\/wp-json\/wp\/v2\/media?parent=256533"}],"wp:term":[{"taxonomy":"category","embeddable":true,"href":"https:\/\/www.eldiario.net\/portal\/wp-json\/wp\/v2\/categories?post=256533"},{"taxonomy":"post_tag","embeddable":true,"href":"https:\/\/www.eldiario.net\/portal\/wp-json\/wp\/v2\/tags?post=256533"}],"curies":[{"name":"wp","href":"https:\/\/api.w.org\/{rel}","templated":true}]}}