{"id":256529,"date":"2024-10-26T06:25:30","date_gmt":"2024-10-26T10:25:30","guid":{"rendered":"https:\/\/www.eldiario.net\/portal\/?p=256529"},"modified":"2024-10-26T06:25:30","modified_gmt":"2024-10-26T10:25:30","slug":"ypfb-reporta-tres-accidentes-de-cisterna","status":"publish","type":"post","link":"https:\/\/www.eldiario.net\/portal\/2024\/10\/26\/ypfb-reporta-tres-accidentes-de-cisterna\/","title":{"rendered":"YPFB reporta tres accidentes de cisterna"},"content":{"rendered":"<p>En solamente dos d\u00edas, tres camiones cisterna protagonizaron hechos de tr\u00e1nsito en varios puntos del pa\u00eds, donde uno de ellos lleg\u00f3 a explotar y otro se embarranc\u00f3 provocando una p\u00e9rdida humana, inform\u00f3 Yacimientos Petrol\u00edferos Fiscales Bolivianos (YPFB).<br \/>\nLa estatal lament\u00f3 que los bloqueos impidan la circulaci\u00f3n de veh\u00edculos entre oriente y occidente y no permitan abastecer con sus productos a las plantas de almacenaje ni regular el despacho de combustibles en el pa\u00eds.<br \/>\nUn primer caso se registr\u00f3 la noche del jueves en el tramo Unduavi-Chulumani, en los Yungas del departamento de La Paz, donde uno de estos motorizados de alto tonelaje cay\u00f3 por un barranco de m\u00e1s de 100 metros, cerca del sector El Castillo. El hecho dej\u00f3 un saldo de una persona fallecida y tres heridos.<br \/>\nEl comandante de Bomberos Antofagasta, Pavel Tovar, se\u00f1al\u00f3 que el fallecido es el conductor, quien hab\u00eda sido rescatado inicialmente de entre los fierros del veh\u00edculo, pero que lamentablemente no resisti\u00f3 y perdi\u00f3 la vida antes de ser trasladado a un centro de salud.<br \/>\nTovar agreg\u00f3 que el cami\u00f3n hab\u00eda dejado el combustible que transport\u00f3 a esa regi\u00f3n y regresaba a la ciudad de La Paz.<br \/>\nEn cuanto a las personas heridas, dos son mujeres adultas que fueron evacuadas a un nosocomio de La Paz, mientras que la tercera es una menor de dos a\u00f1os de edad que fue llevada al centro de salud de Yanacachi, seg\u00fan el informe policial.<br \/>\n\u201cLa estatal petrolera lamenta estos tr\u00e1gicos accidentes que solo en el caso de los Yungas de La Paz se report\u00f3 la p\u00e9rdida de una vida\u201d, se\u00f1ala el comunicado de YPFB.<br \/>\nAyer se cumplieron 12 d\u00edas de bloqueo nacional de caminos del sector af\u00edn al expresidente Evo Morales, en defensa de su l\u00edder pol\u00edtico y exigiendo el cumplimiento de un pliego petitorio de 13 puntos.<br \/>\nHasta ayer, el mapa de transitabilidad de la Administradora Boliviana de Carreteras (ABC) report\u00f3 al menos 20 puntos de bloqueo en las carreteras, de los cuales 14 est\u00e1n en Cochabamba, tres en Oruro, dos en Potos\u00ed y una en Santa Cruz.<\/p>\n<p>SAQUEO DE COMBUSTIBLE<br \/>\nEn otro caso, otra cisterna que transportaba di\u00e9sel desde Per\u00fa hasta Santa Cruz sufri\u00f3 un vuelco cerca de la poblaci\u00f3n de Tica Tica, en Potos\u00ed, cuando el conductor tom\u00f3 una ruta alterna para sortear el bloqueo de caminos instalado por el sector \u201cevista\u201d hace casi dos semanas.<br \/>\nEl veh\u00edculo pesado transportaba 36.000 litros de di\u00e9sel y hab\u00eda partido de Tacna (Per\u00fa) con destino a Santa Cruz de la Sierra, de acuerdo con el peri\u00f3dico El Potos\u00ed. El conductor result\u00f3 herido.<br \/>\nEl vocero del comando departamental de Polic\u00eda de Potos\u00ed, Limbert Choque, inform\u00f3 que decenas de comunarios saquearon el carburante esparcido por la carretera y se lo llevaron a sus domicilios como pudieron, en turriles, tachos y baldes.<\/p>\n<p>UNA EXPLOSI\u00d3N<br \/>\nEl tercer hecho ocurri\u00f3 tambi\u00e9n la noche del jueves cuando otro cami\u00f3n que llevaba etanol sufri\u00f3 una explosi\u00f3n en la serran\u00eda de Aguarag\u00fce, en la ruta entre Yacuiba y Carapar\u00ed.<br \/>\nEste tercer hecho no registr\u00f3 heridos ni mayor da\u00f1o material que la explosi\u00f3n del veh\u00edculo de alto tonelaje.<\/p>\n<figure id=\"attachment_256531\" aria-describedby=\"caption-attachment-256531\" style=\"width: 720px\" class=\"wp-caption alignleft\"><img loading=\"lazy\" decoding=\"async\" class=\"size-full wp-image-256531\" src=\"https:\/\/www.eldiario.net\/portal\/wp-content\/uploads\/2024\/10\/26-ACS-2.jpg\" alt=\"\" width=\"720\" height=\"431\" srcset=\"https:\/\/www.eldiario.net\/portal\/wp-content\/uploads\/2024\/10\/26-ACS-2.jpg 720w, https:\/\/www.eldiario.net\/portal\/wp-content\/uploads\/2024\/10\/26-ACS-2-300x180.jpg 300w, https:\/\/www.eldiario.net\/portal\/wp-content\/uploads\/2024\/10\/26-ACS-2-702x420.jpg 702w, https:\/\/www.eldiario.net\/portal\/wp-content\/uploads\/2024\/10\/26-ACS-2-696x417.jpg 696w\" sizes=\"auto, (max-width: 720px) 100vw, 720px\" \/><figcaption id=\"caption-attachment-256531\" class=\"wp-caption-text\">Otro motorizado se embarranc\u00f3 en Chulumani.<\/figcaption><\/figure>\n","protected":false},"excerpt":{"rendered":"<p>En solamente dos d\u00edas, tres camiones cisterna protagonizaron hechos de tr\u00e1nsito en varios puntos del pa\u00eds, donde uno de ellos lleg\u00f3 a explotar y otro se embarranc\u00f3 provocando una p\u00e9rdida humana, inform\u00f3 Yacimientos Petrol\u00edferos Fiscales Bolivianos (YPFB). La estatal lament\u00f3 que los bloqueos impidan la circulaci\u00f3n de veh\u00edculos entre oriente y occidente y no permitan [&hellip;]<\/p>\n","protected":false},"author":1,"featured_media":256530,"comment_status":"closed","ping_status":"open","sticky":false,"template":"","format":"standard","meta":{"_acf_changed":false,"footnotes":""},"categories":[39],"tags":[],"class_list":["post-256529","post","type-post","status-publish","format-standard","has-post-thumbnail","category-sociedad"],"acf":{"antetitulo":"Una explot\u00f3"},"yoast_head":"<!-- This site is optimized with the Yoast SEO plugin v28.4 - https:\/\/yoast.com\/product\/yoast-seo-wordpress\/ -->\n<title>YPFB reporta tres accidentes de cisterna - El Diario - Bolivia<\/title>\n<meta name=\"robots\" content=\"index, follow, max-snippet:-1, max-image-preview:large, max-video-preview:-1\" \/>\n<link rel=\"canonical\" href=\"https:\/\/www.eldiario.net\/portal\/2024\/10\/26\/ypfb-reporta-tres-accidentes-de-cisterna\/\" \/>\n<meta property=\"og:locale\" content=\"es_ES\" \/>\n<meta property=\"og:type\" content=\"article\" \/>\n<meta property=\"og:title\" content=\"YPFB reporta tres accidentes de cisterna - El Diario - Bolivia\" \/>\n<meta property=\"og:description\" content=\"En solamente dos d\u00edas, tres camiones cisterna protagonizaron hechos de tr\u00e1nsito en varios puntos del pa\u00eds, donde uno de ellos lleg\u00f3 a explotar y otro se embarranc\u00f3 provocando una p\u00e9rdida humana, inform\u00f3 Yacimientos Petrol\u00edferos Fiscales Bolivianos (YPFB). La estatal lament\u00f3 que los bloqueos impidan la circulaci\u00f3n de veh\u00edculos entre oriente y occidente y no permitan [&hellip;]\" \/>\n<meta property=\"og:url\" content=\"https:\/\/www.eldiario.net\/portal\/2024\/10\/26\/ypfb-reporta-tres-accidentes-de-cisterna\/\" \/>\n<meta property=\"og:site_name\" content=\"El Diario - Bolivia\" \/>\n<meta property=\"article:publisher\" content=\"https:\/\/www.facebook.com\/eldiario.bolivia\/\" \/>\n<meta property=\"article:published_time\" content=\"2024-10-26T10:25:30+00:00\" \/>\n<meta property=\"og:image\" content=\"https:\/\/www.eldiario.net\/portal\/wp-content\/uploads\/2024\/10\/26-ACS-1.jpg\" \/>\n\t<meta property=\"og:image:width\" content=\"983\" \/>\n\t<meta property=\"og:image:height\" content=\"791\" \/>\n\t<meta property=\"og:image:type\" content=\"image\/jpeg\" \/>\n<meta name=\"author\" content=\"Jeanette\" \/>\n<meta name=\"twitter:card\" content=\"summary_large_image\" \/>\n<meta name=\"twitter:creator\" content=\"@eldiario_net\" \/>\n<meta name=\"twitter:site\" content=\"@eldiario_net\" \/>\n<meta name=\"twitter:label1\" content=\"Escrito por\" \/>\n\t<meta name=\"twitter:data1\" content=\"Jeanette\" \/>\n\t<meta name=\"twitter:label2\" content=\"Tiempo de lectura\" \/>\n\t<meta name=\"twitter:data2\" content=\"3 minutos\" \/>\n<script type=\"application\/ld+json\" class=\"yoast-schema-graph\">{\"@context\":\"https:\\\/\\\/schema.org\",\"@graph\":[{\"@type\":\"Article\",\"@id\":\"https:\\\/\\\/www.eldiario.net\\\/portal\\\/2024\\\/10\\\/26\\\/ypfb-reporta-tres-accidentes-de-cisterna\\\/#article\",\"isPartOf\":{\"@id\":\"https:\\\/\\\/www.eldiario.net\\\/portal\\\/2024\\\/10\\\/26\\\/ypfb-reporta-tres-accidentes-de-cisterna\\\/\"},\"author\":{\"name\":\"Jeanette\",\"@id\":\"https:\\\/\\\/www.eldiario.net\\\/portal\\\/#\\\/schema\\\/person\\\/f46445640444750d7d753ccd04ae01b7\"},\"headline\":\"YPFB reporta tres accidentes de cisterna\",\"datePublished\":\"2024-10-26T10:25:30+00:00\",\"mainEntityOfPage\":{\"@id\":\"https:\\\/\\\/www.eldiario.net\\\/portal\\\/2024\\\/10\\\/26\\\/ypfb-reporta-tres-accidentes-de-cisterna\\\/\"},\"wordCount\":566,\"publisher\":{\"@id\":\"https:\\\/\\\/www.eldiario.net\\\/portal\\\/#organization\"},\"image\":{\"@id\":\"https:\\\/\\\/www.eldiario.net\\\/portal\\\/2024\\\/10\\\/26\\\/ypfb-reporta-tres-accidentes-de-cisterna\\\/#primaryimage\"},\"thumbnailUrl\":\"https:\\\/\\\/www.eldiario.net\\\/portal\\\/wp-content\\\/uploads\\\/2024\\\/10\\\/26-ACS-1.jpg\",\"articleSection\":[\"Sociedad - Seguridad\"],\"inLanguage\":\"es\"},{\"@type\":\"WebPage\",\"@id\":\"https:\\\/\\\/www.eldiario.net\\\/portal\\\/2024\\\/10\\\/26\\\/ypfb-reporta-tres-accidentes-de-cisterna\\\/\",\"url\":\"https:\\\/\\\/www.eldiario.net\\\/portal\\\/2024\\\/10\\\/26\\\/ypfb-reporta-tres-accidentes-de-cisterna\\\/\",\"name\":\"YPFB reporta tres accidentes de cisterna - El Diario - Bolivia\",\"isPartOf\":{\"@id\":\"https:\\\/\\\/www.eldiario.net\\\/portal\\\/#website\"},\"primaryImageOfPage\":{\"@id\":\"https:\\\/\\\/www.eldiario.net\\\/portal\\\/2024\\\/10\\\/26\\\/ypfb-reporta-tres-accidentes-de-cisterna\\\/#primaryimage\"},\"image\":{\"@id\":\"https:\\\/\\\/www.eldiario.net\\\/portal\\\/2024\\\/10\\\/26\\\/ypfb-reporta-tres-accidentes-de-cisterna\\\/#primaryimage\"},\"thumbnailUrl\":\"https:\\\/\\\/www.eldiario.net\\\/portal\\\/wp-content\\\/uploads\\\/2024\\\/10\\\/26-ACS-1.jpg\",\"datePublished\":\"2024-10-26T10:25:30+00:00\",\"breadcrumb\":{\"@id\":\"https:\\\/\\\/www.eldiario.net\\\/portal\\\/2024\\\/10\\\/26\\\/ypfb-reporta-tres-accidentes-de-cisterna\\\/#breadcrumb\"},\"inLanguage\":\"es\",\"potentialAction\":[{\"@type\":\"ReadAction\",\"target\":[\"https:\\\/\\\/www.eldiario.net\\\/portal\\\/2024\\\/10\\\/26\\\/ypfb-reporta-tres-accidentes-de-cisterna\\\/\"]}]},{\"@type\":\"ImageObject\",\"inLanguage\":\"es\",\"@id\":\"https:\\\/\\\/www.eldiario.net\\\/portal\\\/2024\\\/10\\\/26\\\/ypfb-reporta-tres-accidentes-de-cisterna\\\/#primaryimage\",\"url\":\"https:\\\/\\\/www.eldiario.net\\\/portal\\\/wp-content\\\/uploads\\\/2024\\\/10\\\/26-ACS-1.jpg\",\"contentUrl\":\"https:\\\/\\\/www.eldiario.net\\\/portal\\\/wp-content\\\/uploads\\\/2024\\\/10\\\/26-ACS-1.jpg\",\"width\":983,\"height\":791,\"caption\":\"La cisterna que explot\u00f3 en Aguarag\u00fce.\"},{\"@type\":\"BreadcrumbList\",\"@id\":\"https:\\\/\\\/www.eldiario.net\\\/portal\\\/2024\\\/10\\\/26\\\/ypfb-reporta-tres-accidentes-de-cisterna\\\/#breadcrumb\",\"itemListElement\":[{\"@type\":\"ListItem\",\"position\":1,\"name\":\"Portada\",\"item\":\"https:\\\/\\\/www.eldiario.net\\\/portal\\\/\"},{\"@type\":\"ListItem\",\"position\":2,\"name\":\"YPFB reporta tres accidentes de cisterna\"}]},{\"@type\":\"WebSite\",\"@id\":\"https:\\\/\\\/www.eldiario.net\\\/portal\\\/#website\",\"url\":\"https:\\\/\\\/www.eldiario.net\\\/portal\\\/\",\"name\":\"El Diario - Decano de la prensa nacional\",\"description\":\"El Diario - Decano de la prensa nacional\",\"publisher\":{\"@id\":\"https:\\\/\\\/www.eldiario.net\\\/portal\\\/#organization\"},\"potentialAction\":[{\"@type\":\"SearchAction\",\"target\":{\"@type\":\"EntryPoint\",\"urlTemplate\":\"https:\\\/\\\/www.eldiario.net\\\/portal\\\/?s={search_term_string}\"},\"query-input\":{\"@type\":\"PropertyValueSpecification\",\"valueRequired\":true,\"valueName\":\"search_term_string\"}}],\"inLanguage\":\"es\"},{\"@type\":\"Organization\",\"@id\":\"https:\\\/\\\/www.eldiario.net\\\/portal\\\/#organization\",\"name\":\"El Diario - Decano de la prensa nacional\",\"url\":\"https:\\\/\\\/www.eldiario.net\\\/portal\\\/\",\"logo\":{\"@type\":\"ImageObject\",\"inLanguage\":\"es\",\"@id\":\"https:\\\/\\\/www.eldiario.net\\\/portal\\\/#\\\/schema\\\/logo\\\/image\\\/\",\"url\":\"https:\\\/\\\/www.eldiario.net\\\/portal\\\/wp-content\\\/uploads\\\/2023\\\/07\\\/logo_ED.jpg\",\"contentUrl\":\"https:\\\/\\\/www.eldiario.net\\\/portal\\\/wp-content\\\/uploads\\\/2023\\\/07\\\/logo_ED.jpg\",\"width\":272,\"height\":52,\"caption\":\"El Diario - Decano de la prensa nacional\"},\"image\":{\"@id\":\"https:\\\/\\\/www.eldiario.net\\\/portal\\\/#\\\/schema\\\/logo\\\/image\\\/\"},\"sameAs\":[\"https:\\\/\\\/www.facebook.com\\\/eldiario.bolivia\\\/\",\"https:\\\/\\\/x.com\\\/eldiario_net\"]},{\"@type\":\"Person\",\"@id\":\"https:\\\/\\\/www.eldiario.net\\\/portal\\\/#\\\/schema\\\/person\\\/f46445640444750d7d753ccd04ae01b7\",\"name\":\"Jeanette\",\"image\":{\"@type\":\"ImageObject\",\"inLanguage\":\"es\",\"@id\":\"https:\\\/\\\/secure.gravatar.com\\\/avatar\\\/3ea2118a5f7dad2b7138b1187a6b7ee55f160b9968b66013c3a3ef39dd7e5798?s=96&d=mm&r=g\",\"url\":\"https:\\\/\\\/secure.gravatar.com\\\/avatar\\\/3ea2118a5f7dad2b7138b1187a6b7ee55f160b9968b66013c3a3ef39dd7e5798?s=96&d=mm&r=g\",\"contentUrl\":\"https:\\\/\\\/secure.gravatar.com\\\/avatar\\\/3ea2118a5f7dad2b7138b1187a6b7ee55f160b9968b66013c3a3ef39dd7e5798?s=96&d=mm&r=g\",\"caption\":\"Jeanette\"},\"sameAs\":[\"https:\\\/\\\/www.eldiario.net\\\/portal\"],\"url\":\"https:\\\/\\\/www.eldiario.net\\\/portal\\\/author\\\/jeanette\\\/\"}]}<\/script>\n<!-- \/ Yoast SEO plugin. -->","yoast_head_json":{"title":"YPFB reporta tres accidentes de cisterna - El Diario - Bolivia","robots":{"index":"index","follow":"follow","max-snippet":"max-snippet:-1","max-image-preview":"max-image-preview:large","max-video-preview":"max-video-preview:-1"},"canonical":"https:\/\/www.eldiario.net\/portal\/2024\/10\/26\/ypfb-reporta-tres-accidentes-de-cisterna\/","og_locale":"es_ES","og_type":"article","og_title":"YPFB reporta tres accidentes de cisterna - El Diario - Bolivia","og_description":"En solamente dos d\u00edas, tres camiones cisterna protagonizaron hechos de tr\u00e1nsito en varios puntos del pa\u00eds, donde uno de ellos lleg\u00f3 a explotar y otro se embarranc\u00f3 provocando una p\u00e9rdida humana, inform\u00f3 Yacimientos Petrol\u00edferos Fiscales Bolivianos (YPFB). La estatal lament\u00f3 que los bloqueos impidan la circulaci\u00f3n de veh\u00edculos entre oriente y occidente y no permitan [&hellip;]","og_url":"https:\/\/www.eldiario.net\/portal\/2024\/10\/26\/ypfb-reporta-tres-accidentes-de-cisterna\/","og_site_name":"El Diario - Bolivia","article_publisher":"https:\/\/www.facebook.com\/eldiario.bolivia\/","article_published_time":"2024-10-26T10:25:30+00:00","og_image":[{"width":983,"height":791,"url":"https:\/\/www.eldiario.net\/portal\/wp-content\/uploads\/2024\/10\/26-ACS-1.jpg","type":"image\/jpeg"}],"author":"Jeanette","twitter_card":"summary_large_image","twitter_creator":"@eldiario_net","twitter_site":"@eldiario_net","twitter_misc":{"Escrito por":"Jeanette","Tiempo de lectura":"3 minutos"},"schema":{"@context":"https:\/\/schema.org","@graph":[{"@type":"Article","@id":"https:\/\/www.eldiario.net\/portal\/2024\/10\/26\/ypfb-reporta-tres-accidentes-de-cisterna\/#article","isPartOf":{"@id":"https:\/\/www.eldiario.net\/portal\/2024\/10\/26\/ypfb-reporta-tres-accidentes-de-cisterna\/"},"author":{"name":"Jeanette","@id":"https:\/\/www.eldiario.net\/portal\/#\/schema\/person\/f46445640444750d7d753ccd04ae01b7"},"headline":"YPFB reporta tres accidentes de cisterna","datePublished":"2024-10-26T10:25:30+00:00","mainEntityOfPage":{"@id":"https:\/\/www.eldiario.net\/portal\/2024\/10\/26\/ypfb-reporta-tres-accidentes-de-cisterna\/"},"wordCount":566,"publisher":{"@id":"https:\/\/www.eldiario.net\/portal\/#organization"},"image":{"@id":"https:\/\/www.eldiario.net\/portal\/2024\/10\/26\/ypfb-reporta-tres-accidentes-de-cisterna\/#primaryimage"},"thumbnailUrl":"https:\/\/www.eldiario.net\/portal\/wp-content\/uploads\/2024\/10\/26-ACS-1.jpg","articleSection":["Sociedad - Seguridad"],"inLanguage":"es"},{"@type":"WebPage","@id":"https:\/\/www.eldiario.net\/portal\/2024\/10\/26\/ypfb-reporta-tres-accidentes-de-cisterna\/","url":"https:\/\/www.eldiario.net\/portal\/2024\/10\/26\/ypfb-reporta-tres-accidentes-de-cisterna\/","name":"YPFB reporta tres accidentes de cisterna - El Diario - Bolivia","isPartOf":{"@id":"https:\/\/www.eldiario.net\/portal\/#website"},"primaryImageOfPage":{"@id":"https:\/\/www.eldiario.net\/portal\/2024\/10\/26\/ypfb-reporta-tres-accidentes-de-cisterna\/#primaryimage"},"image":{"@id":"https:\/\/www.eldiario.net\/portal\/2024\/10\/26\/ypfb-reporta-tres-accidentes-de-cisterna\/#primaryimage"},"thumbnailUrl":"https:\/\/www.eldiario.net\/portal\/wp-content\/uploads\/2024\/10\/26-ACS-1.jpg","datePublished":"2024-10-26T10:25:30+00:00","breadcrumb":{"@id":"https:\/\/www.eldiario.net\/portal\/2024\/10\/26\/ypfb-reporta-tres-accidentes-de-cisterna\/#breadcrumb"},"inLanguage":"es","potentialAction":[{"@type":"ReadAction","target":["https:\/\/www.eldiario.net\/portal\/2024\/10\/26\/ypfb-reporta-tres-accidentes-de-cisterna\/"]}]},{"@type":"ImageObject","inLanguage":"es","@id":"https:\/\/www.eldiario.net\/portal\/2024\/10\/26\/ypfb-reporta-tres-accidentes-de-cisterna\/#primaryimage","url":"https:\/\/www.eldiario.net\/portal\/wp-content\/uploads\/2024\/10\/26-ACS-1.jpg","contentUrl":"https:\/\/www.eldiario.net\/portal\/wp-content\/uploads\/2024\/10\/26-ACS-1.jpg","width":983,"height":791,"caption":"La cisterna que explot\u00f3 en Aguarag\u00fce."},{"@type":"BreadcrumbList","@id":"https:\/\/www.eldiario.net\/portal\/2024\/10\/26\/ypfb-reporta-tres-accidentes-de-cisterna\/#breadcrumb","itemListElement":[{"@type":"ListItem","position":1,"name":"Portada","item":"https:\/\/www.eldiario.net\/portal\/"},{"@type":"ListItem","position":2,"name":"YPFB reporta tres accidentes de cisterna"}]},{"@type":"WebSite","@id":"https:\/\/www.eldiario.net\/portal\/#website","url":"https:\/\/www.eldiario.net\/portal\/","name":"El Diario - Decano de la prensa nacional","description":"El Diario - Decano de la prensa nacional","publisher":{"@id":"https:\/\/www.eldiario.net\/portal\/#organization"},"potentialAction":[{"@type":"SearchAction","target":{"@type":"EntryPoint","urlTemplate":"https:\/\/www.eldiario.net\/portal\/?s={search_term_string}"},"query-input":{"@type":"PropertyValueSpecification","valueRequired":true,"valueName":"search_term_string"}}],"inLanguage":"es"},{"@type":"Organization","@id":"https:\/\/www.eldiario.net\/portal\/#organization","name":"El Diario - Decano de la prensa nacional","url":"https:\/\/www.eldiario.net\/portal\/","logo":{"@type":"ImageObject","inLanguage":"es","@id":"https:\/\/www.eldiario.net\/portal\/#\/schema\/logo\/image\/","url":"https:\/\/www.eldiario.net\/portal\/wp-content\/uploads\/2023\/07\/logo_ED.jpg","contentUrl":"https:\/\/www.eldiario.net\/portal\/wp-content\/uploads\/2023\/07\/logo_ED.jpg","width":272,"height":52,"caption":"El Diario - Decano de la prensa nacional"},"image":{"@id":"https:\/\/www.eldiario.net\/portal\/#\/schema\/logo\/image\/"},"sameAs":["https:\/\/www.facebook.com\/eldiario.bolivia\/","https:\/\/x.com\/eldiario_net"]},{"@type":"Person","@id":"https:\/\/www.eldiario.net\/portal\/#\/schema\/person\/f46445640444750d7d753ccd04ae01b7","name":"Jeanette","image":{"@type":"ImageObject","inLanguage":"es","@id":"https:\/\/secure.gravatar.com\/avatar\/3ea2118a5f7dad2b7138b1187a6b7ee55f160b9968b66013c3a3ef39dd7e5798?s=96&d=mm&r=g","url":"https:\/\/secure.gravatar.com\/avatar\/3ea2118a5f7dad2b7138b1187a6b7ee55f160b9968b66013c3a3ef39dd7e5798?s=96&d=mm&r=g","contentUrl":"https:\/\/secure.gravatar.com\/avatar\/3ea2118a5f7dad2b7138b1187a6b7ee55f160b9968b66013c3a3ef39dd7e5798?s=96&d=mm&r=g","caption":"Jeanette"},"sameAs":["https:\/\/www.eldiario.net\/portal"],"url":"https:\/\/www.eldiario.net\/portal\/author\/jeanette\/"}]}},"_links":{"self":[{"href":"https:\/\/www.eldiario.net\/portal\/wp-json\/wp\/v2\/posts\/256529","targetHints":{"allow":["GET"]}}],"collection":[{"href":"https:\/\/www.eldiario.net\/portal\/wp-json\/wp\/v2\/posts"}],"about":[{"href":"https:\/\/www.eldiario.net\/portal\/wp-json\/wp\/v2\/types\/post"}],"author":[{"embeddable":true,"href":"https:\/\/www.eldiario.net\/portal\/wp-json\/wp\/v2\/users\/1"}],"replies":[{"embeddable":true,"href":"https:\/\/www.eldiario.net\/portal\/wp-json\/wp\/v2\/comments?post=256529"}],"version-history":[{"count":1,"href":"https:\/\/www.eldiario.net\/portal\/wp-json\/wp\/v2\/posts\/256529\/revisions"}],"predecessor-version":[{"id":256532,"href":"https:\/\/www.eldiario.net\/portal\/wp-json\/wp\/v2\/posts\/256529\/revisions\/256532"}],"wp:featuredmedia":[{"embeddable":true,"href":"https:\/\/www.eldiario.net\/portal\/wp-json\/wp\/v2\/media\/256530"}],"wp:attachment":[{"href":"https:\/\/www.eldiario.net\/portal\/wp-json\/wp\/v2\/media?parent=256529"}],"wp:term":[{"taxonomy":"category","embeddable":true,"href":"https:\/\/www.eldiario.net\/portal\/wp-json\/wp\/v2\/categories?post=256529"},{"taxonomy":"post_tag","embeddable":true,"href":"https:\/\/www.eldiario.net\/portal\/wp-json\/wp\/v2\/tags?post=256529"}],"curies":[{"name":"wp","href":"https:\/\/api.w.org\/{rel}","templated":true}]}}