{"id":256526,"date":"2024-10-26T06:24:13","date_gmt":"2024-10-26T10:24:13","guid":{"rendered":"https:\/\/www.eldiario.net\/portal\/?p=256526"},"modified":"2024-10-26T06:24:13","modified_gmt":"2024-10-26T10:24:13","slug":"mariaca-posesiona-a-sus-fiscales-departamentales","status":"publish","type":"post","link":"https:\/\/www.eldiario.net\/portal\/2024\/10\/26\/mariaca-posesiona-a-sus-fiscales-departamentales\/","title":{"rendered":"Mariaca posesiona a sus fiscales departamentales"},"content":{"rendered":"<p>El fiscal general del Estado, Roger Mariaca, ratific\u00f3 ayer a cinco fiscales departamentales, entre ellos Sandra Guti\u00e9rrez de Tarija, quien lidera la investigaci\u00f3n contra Evo Morales por presuntos delitos de trata, tr\u00e1fico y estupro; asimismo, posesion\u00f3 a\u00a0los nuevos fiscales departamentales de La Paz, Santa Cruz, Potos\u00ed y Pando.<br \/>\nDe esta manera, el abogado y expostulante a fiscal general, William Alave Laura, fue remplazado por Luis Carlos T\u00f3rrez Alarc\u00f3n en la fiscal\u00eda de La Paz; mientras, Alberto Zeballos Flores fue posesionado como nuevo fiscal de Santa Cruz, cargo que el propio Mariaca fung\u00eda hace unos d\u00edas.<br \/>\nEn tanto, Erick Gonzalo Aparicio Mendoza jur\u00f3 como nuevo fiscal departamental de Potos\u00ed en reemplazo de Roxana Choque, mientras que Freddy Dur\u00e1n Montero es la nueva autoridad fiscal del departamento de Pando, en reemplazo de Marcos Arce.<br \/>\nLas dem\u00e1s autoridades fueron ratificadas en el cargo, incluyendo Guti\u00e9rrez, quien actualmente encabeza la investigaci\u00f3n a Morales sobre una denuncia por presunta trata y tr\u00e1fico y estupro agravado en contra de una menor de 15 a\u00f1os en Yacuiba en el a\u00f1o 2015, quien ahora tendr\u00eda una hija producto del acceso carnal por parte del expresidente.<br \/>\n\u201cMi autoridad decidi\u00f3 ratificar en el cargo a gran parte de los fiscales departamentales y renovarlos donde se vio necesario, exhort\u00e1ndoles a que desempe\u00f1en su trabajo con lealtad, transparencia y en el marco de los principios que rigen la labor fiscal\u201d, pronunci\u00f3 Mariaca durante el acto.<br \/>\nAdem\u00e1s de Guti\u00e9rrez, los otros cuatro fiscales departamentales ratificados en sus cargos son el de Chuquisaca, \u00c1lvaro Mauricio Nava Morales; el de Cochabamba, Osvaldo Tejerina R\u00edos; el de Oruro, Aldo Morales Alconini; y el de Beni, F\u00e9lix Gerardo Balderas Arteaga.<br \/>\nEl nuevo fiscal general del Estado asegur\u00f3 que impulsar\u00e1 una \u201cmejora constante\u201d del Ministerio P\u00fablico y que se emplear\u00e1n herramientas tecnol\u00f3gicas para mejorar la persecuci\u00f3n penal, como la implementaci\u00f3n de la Inteligencia Artificial para colaborar de manera \u201cefectiva\u201d en su trabajo.<\/p>\n<p>Pie de foto: Foto: APG<\/p>\n","protected":false},"excerpt":{"rendered":"<p>El fiscal general del Estado, Roger Mariaca, ratific\u00f3 ayer a cinco fiscales departamentales, entre ellos Sandra Guti\u00e9rrez de Tarija, quien lidera la investigaci\u00f3n contra Evo Morales por presuntos delitos de trata, tr\u00e1fico y estupro; asimismo, posesion\u00f3 a\u00a0los nuevos fiscales departamentales de La Paz, Santa Cruz, Potos\u00ed y Pando. De esta manera, el abogado y expostulante [&hellip;]<\/p>\n","protected":false},"author":1,"featured_media":256527,"comment_status":"closed","ping_status":"open","sticky":false,"template":"","format":"standard","meta":{"_acf_changed":false,"footnotes":""},"categories":[39],"tags":[],"class_list":["post-256526","post","type-post","status-publish","format-standard","has-post-thumbnail","category-sociedad"],"acf":{"antetitulo":"Ratifican a Guti\u00e9rrez"},"yoast_head":"<!-- This site is optimized with the Yoast SEO plugin v28.4 - https:\/\/yoast.com\/product\/yoast-seo-wordpress\/ -->\n<title>Mariaca posesiona a sus fiscales departamentales - El Diario - Bolivia<\/title>\n<meta name=\"robots\" content=\"index, follow, max-snippet:-1, max-image-preview:large, max-video-preview:-1\" \/>\n<link rel=\"canonical\" href=\"https:\/\/www.eldiario.net\/portal\/2024\/10\/26\/mariaca-posesiona-a-sus-fiscales-departamentales\/\" \/>\n<meta property=\"og:locale\" content=\"es_ES\" \/>\n<meta property=\"og:type\" content=\"article\" \/>\n<meta property=\"og:title\" content=\"Mariaca posesiona a sus fiscales departamentales - El Diario - Bolivia\" \/>\n<meta property=\"og:description\" content=\"El fiscal general del Estado, Roger Mariaca, ratific\u00f3 ayer a cinco fiscales departamentales, entre ellos Sandra Guti\u00e9rrez de Tarija, quien lidera la investigaci\u00f3n contra Evo Morales por presuntos delitos de trata, tr\u00e1fico y estupro; asimismo, posesion\u00f3 a\u00a0los nuevos fiscales departamentales de La Paz, Santa Cruz, Potos\u00ed y Pando. De esta manera, el abogado y expostulante [&hellip;]\" \/>\n<meta property=\"og:url\" content=\"https:\/\/www.eldiario.net\/portal\/2024\/10\/26\/mariaca-posesiona-a-sus-fiscales-departamentales\/\" \/>\n<meta property=\"og:site_name\" content=\"El Diario - Bolivia\" \/>\n<meta property=\"article:publisher\" content=\"https:\/\/www.facebook.com\/eldiario.bolivia\/\" \/>\n<meta property=\"article:published_time\" content=\"2024-10-26T10:24:13+00:00\" \/>\n<meta property=\"og:image\" content=\"https:\/\/www.eldiario.net\/portal\/wp-content\/uploads\/2024\/10\/26-FISCAL.jpg\" \/>\n\t<meta property=\"og:image:width\" content=\"770\" \/>\n\t<meta property=\"og:image:height\" content=\"403\" \/>\n\t<meta property=\"og:image:type\" content=\"image\/jpeg\" \/>\n<meta name=\"author\" content=\"Jeanette\" \/>\n<meta name=\"twitter:card\" content=\"summary_large_image\" \/>\n<meta name=\"twitter:creator\" content=\"@eldiario_net\" \/>\n<meta name=\"twitter:site\" content=\"@eldiario_net\" \/>\n<meta name=\"twitter:label1\" content=\"Escrito por\" \/>\n\t<meta name=\"twitter:data1\" content=\"Jeanette\" \/>\n\t<meta name=\"twitter:label2\" content=\"Tiempo de lectura\" \/>\n\t<meta name=\"twitter:data2\" content=\"2 minutos\" \/>\n<script type=\"application\/ld+json\" class=\"yoast-schema-graph\">{\"@context\":\"https:\\\/\\\/schema.org\",\"@graph\":[{\"@type\":\"Article\",\"@id\":\"https:\\\/\\\/www.eldiario.net\\\/portal\\\/2024\\\/10\\\/26\\\/mariaca-posesiona-a-sus-fiscales-departamentales\\\/#article\",\"isPartOf\":{\"@id\":\"https:\\\/\\\/www.eldiario.net\\\/portal\\\/2024\\\/10\\\/26\\\/mariaca-posesiona-a-sus-fiscales-departamentales\\\/\"},\"author\":{\"name\":\"Jeanette\",\"@id\":\"https:\\\/\\\/www.eldiario.net\\\/portal\\\/#\\\/schema\\\/person\\\/f46445640444750d7d753ccd04ae01b7\"},\"headline\":\"Mariaca posesiona a sus fiscales departamentales\",\"datePublished\":\"2024-10-26T10:24:13+00:00\",\"mainEntityOfPage\":{\"@id\":\"https:\\\/\\\/www.eldiario.net\\\/portal\\\/2024\\\/10\\\/26\\\/mariaca-posesiona-a-sus-fiscales-departamentales\\\/\"},\"wordCount\":351,\"publisher\":{\"@id\":\"https:\\\/\\\/www.eldiario.net\\\/portal\\\/#organization\"},\"image\":{\"@id\":\"https:\\\/\\\/www.eldiario.net\\\/portal\\\/2024\\\/10\\\/26\\\/mariaca-posesiona-a-sus-fiscales-departamentales\\\/#primaryimage\"},\"thumbnailUrl\":\"https:\\\/\\\/www.eldiario.net\\\/portal\\\/wp-content\\\/uploads\\\/2024\\\/10\\\/26-FISCAL.jpg\",\"articleSection\":[\"Sociedad - Seguridad\"],\"inLanguage\":\"es\"},{\"@type\":\"WebPage\",\"@id\":\"https:\\\/\\\/www.eldiario.net\\\/portal\\\/2024\\\/10\\\/26\\\/mariaca-posesiona-a-sus-fiscales-departamentales\\\/\",\"url\":\"https:\\\/\\\/www.eldiario.net\\\/portal\\\/2024\\\/10\\\/26\\\/mariaca-posesiona-a-sus-fiscales-departamentales\\\/\",\"name\":\"Mariaca posesiona a sus fiscales departamentales - El Diario - Bolivia\",\"isPartOf\":{\"@id\":\"https:\\\/\\\/www.eldiario.net\\\/portal\\\/#website\"},\"primaryImageOfPage\":{\"@id\":\"https:\\\/\\\/www.eldiario.net\\\/portal\\\/2024\\\/10\\\/26\\\/mariaca-posesiona-a-sus-fiscales-departamentales\\\/#primaryimage\"},\"image\":{\"@id\":\"https:\\\/\\\/www.eldiario.net\\\/portal\\\/2024\\\/10\\\/26\\\/mariaca-posesiona-a-sus-fiscales-departamentales\\\/#primaryimage\"},\"thumbnailUrl\":\"https:\\\/\\\/www.eldiario.net\\\/portal\\\/wp-content\\\/uploads\\\/2024\\\/10\\\/26-FISCAL.jpg\",\"datePublished\":\"2024-10-26T10:24:13+00:00\",\"breadcrumb\":{\"@id\":\"https:\\\/\\\/www.eldiario.net\\\/portal\\\/2024\\\/10\\\/26\\\/mariaca-posesiona-a-sus-fiscales-departamentales\\\/#breadcrumb\"},\"inLanguage\":\"es\",\"potentialAction\":[{\"@type\":\"ReadAction\",\"target\":[\"https:\\\/\\\/www.eldiario.net\\\/portal\\\/2024\\\/10\\\/26\\\/mariaca-posesiona-a-sus-fiscales-departamentales\\\/\"]}]},{\"@type\":\"ImageObject\",\"inLanguage\":\"es\",\"@id\":\"https:\\\/\\\/www.eldiario.net\\\/portal\\\/2024\\\/10\\\/26\\\/mariaca-posesiona-a-sus-fiscales-departamentales\\\/#primaryimage\",\"url\":\"https:\\\/\\\/www.eldiario.net\\\/portal\\\/wp-content\\\/uploads\\\/2024\\\/10\\\/26-FISCAL.jpg\",\"contentUrl\":\"https:\\\/\\\/www.eldiario.net\\\/portal\\\/wp-content\\\/uploads\\\/2024\\\/10\\\/26-FISCAL.jpg\",\"width\":770,\"height\":403,\"caption\":\"Fiscales departamentales juraron ayer.\"},{\"@type\":\"BreadcrumbList\",\"@id\":\"https:\\\/\\\/www.eldiario.net\\\/portal\\\/2024\\\/10\\\/26\\\/mariaca-posesiona-a-sus-fiscales-departamentales\\\/#breadcrumb\",\"itemListElement\":[{\"@type\":\"ListItem\",\"position\":1,\"name\":\"Portada\",\"item\":\"https:\\\/\\\/www.eldiario.net\\\/portal\\\/\"},{\"@type\":\"ListItem\",\"position\":2,\"name\":\"Mariaca posesiona a sus fiscales departamentales\"}]},{\"@type\":\"WebSite\",\"@id\":\"https:\\\/\\\/www.eldiario.net\\\/portal\\\/#website\",\"url\":\"https:\\\/\\\/www.eldiario.net\\\/portal\\\/\",\"name\":\"El Diario - Decano de la prensa nacional\",\"description\":\"El Diario - Decano de la prensa nacional\",\"publisher\":{\"@id\":\"https:\\\/\\\/www.eldiario.net\\\/portal\\\/#organization\"},\"potentialAction\":[{\"@type\":\"SearchAction\",\"target\":{\"@type\":\"EntryPoint\",\"urlTemplate\":\"https:\\\/\\\/www.eldiario.net\\\/portal\\\/?s={search_term_string}\"},\"query-input\":{\"@type\":\"PropertyValueSpecification\",\"valueRequired\":true,\"valueName\":\"search_term_string\"}}],\"inLanguage\":\"es\"},{\"@type\":\"Organization\",\"@id\":\"https:\\\/\\\/www.eldiario.net\\\/portal\\\/#organization\",\"name\":\"El Diario - Decano de la prensa nacional\",\"url\":\"https:\\\/\\\/www.eldiario.net\\\/portal\\\/\",\"logo\":{\"@type\":\"ImageObject\",\"inLanguage\":\"es\",\"@id\":\"https:\\\/\\\/www.eldiario.net\\\/portal\\\/#\\\/schema\\\/logo\\\/image\\\/\",\"url\":\"https:\\\/\\\/www.eldiario.net\\\/portal\\\/wp-content\\\/uploads\\\/2023\\\/07\\\/logo_ED.jpg\",\"contentUrl\":\"https:\\\/\\\/www.eldiario.net\\\/portal\\\/wp-content\\\/uploads\\\/2023\\\/07\\\/logo_ED.jpg\",\"width\":272,\"height\":52,\"caption\":\"El Diario - Decano de la prensa nacional\"},\"image\":{\"@id\":\"https:\\\/\\\/www.eldiario.net\\\/portal\\\/#\\\/schema\\\/logo\\\/image\\\/\"},\"sameAs\":[\"https:\\\/\\\/www.facebook.com\\\/eldiario.bolivia\\\/\",\"https:\\\/\\\/x.com\\\/eldiario_net\"]},{\"@type\":\"Person\",\"@id\":\"https:\\\/\\\/www.eldiario.net\\\/portal\\\/#\\\/schema\\\/person\\\/f46445640444750d7d753ccd04ae01b7\",\"name\":\"Jeanette\",\"image\":{\"@type\":\"ImageObject\",\"inLanguage\":\"es\",\"@id\":\"https:\\\/\\\/secure.gravatar.com\\\/avatar\\\/3ea2118a5f7dad2b7138b1187a6b7ee55f160b9968b66013c3a3ef39dd7e5798?s=96&d=mm&r=g\",\"url\":\"https:\\\/\\\/secure.gravatar.com\\\/avatar\\\/3ea2118a5f7dad2b7138b1187a6b7ee55f160b9968b66013c3a3ef39dd7e5798?s=96&d=mm&r=g\",\"contentUrl\":\"https:\\\/\\\/secure.gravatar.com\\\/avatar\\\/3ea2118a5f7dad2b7138b1187a6b7ee55f160b9968b66013c3a3ef39dd7e5798?s=96&d=mm&r=g\",\"caption\":\"Jeanette\"},\"sameAs\":[\"https:\\\/\\\/www.eldiario.net\\\/portal\"],\"url\":\"https:\\\/\\\/www.eldiario.net\\\/portal\\\/author\\\/jeanette\\\/\"}]}<\/script>\n<!-- \/ Yoast SEO plugin. -->","yoast_head_json":{"title":"Mariaca posesiona a sus fiscales departamentales - El Diario - Bolivia","robots":{"index":"index","follow":"follow","max-snippet":"max-snippet:-1","max-image-preview":"max-image-preview:large","max-video-preview":"max-video-preview:-1"},"canonical":"https:\/\/www.eldiario.net\/portal\/2024\/10\/26\/mariaca-posesiona-a-sus-fiscales-departamentales\/","og_locale":"es_ES","og_type":"article","og_title":"Mariaca posesiona a sus fiscales departamentales - El Diario - Bolivia","og_description":"El fiscal general del Estado, Roger Mariaca, ratific\u00f3 ayer a cinco fiscales departamentales, entre ellos Sandra Guti\u00e9rrez de Tarija, quien lidera la investigaci\u00f3n contra Evo Morales por presuntos delitos de trata, tr\u00e1fico y estupro; asimismo, posesion\u00f3 a\u00a0los nuevos fiscales departamentales de La Paz, Santa Cruz, Potos\u00ed y Pando. De esta manera, el abogado y expostulante [&hellip;]","og_url":"https:\/\/www.eldiario.net\/portal\/2024\/10\/26\/mariaca-posesiona-a-sus-fiscales-departamentales\/","og_site_name":"El Diario - Bolivia","article_publisher":"https:\/\/www.facebook.com\/eldiario.bolivia\/","article_published_time":"2024-10-26T10:24:13+00:00","og_image":[{"width":770,"height":403,"url":"https:\/\/www.eldiario.net\/portal\/wp-content\/uploads\/2024\/10\/26-FISCAL.jpg","type":"image\/jpeg"}],"author":"Jeanette","twitter_card":"summary_large_image","twitter_creator":"@eldiario_net","twitter_site":"@eldiario_net","twitter_misc":{"Escrito por":"Jeanette","Tiempo de lectura":"2 minutos"},"schema":{"@context":"https:\/\/schema.org","@graph":[{"@type":"Article","@id":"https:\/\/www.eldiario.net\/portal\/2024\/10\/26\/mariaca-posesiona-a-sus-fiscales-departamentales\/#article","isPartOf":{"@id":"https:\/\/www.eldiario.net\/portal\/2024\/10\/26\/mariaca-posesiona-a-sus-fiscales-departamentales\/"},"author":{"name":"Jeanette","@id":"https:\/\/www.eldiario.net\/portal\/#\/schema\/person\/f46445640444750d7d753ccd04ae01b7"},"headline":"Mariaca posesiona a sus fiscales departamentales","datePublished":"2024-10-26T10:24:13+00:00","mainEntityOfPage":{"@id":"https:\/\/www.eldiario.net\/portal\/2024\/10\/26\/mariaca-posesiona-a-sus-fiscales-departamentales\/"},"wordCount":351,"publisher":{"@id":"https:\/\/www.eldiario.net\/portal\/#organization"},"image":{"@id":"https:\/\/www.eldiario.net\/portal\/2024\/10\/26\/mariaca-posesiona-a-sus-fiscales-departamentales\/#primaryimage"},"thumbnailUrl":"https:\/\/www.eldiario.net\/portal\/wp-content\/uploads\/2024\/10\/26-FISCAL.jpg","articleSection":["Sociedad - Seguridad"],"inLanguage":"es"},{"@type":"WebPage","@id":"https:\/\/www.eldiario.net\/portal\/2024\/10\/26\/mariaca-posesiona-a-sus-fiscales-departamentales\/","url":"https:\/\/www.eldiario.net\/portal\/2024\/10\/26\/mariaca-posesiona-a-sus-fiscales-departamentales\/","name":"Mariaca posesiona a sus fiscales departamentales - El Diario - Bolivia","isPartOf":{"@id":"https:\/\/www.eldiario.net\/portal\/#website"},"primaryImageOfPage":{"@id":"https:\/\/www.eldiario.net\/portal\/2024\/10\/26\/mariaca-posesiona-a-sus-fiscales-departamentales\/#primaryimage"},"image":{"@id":"https:\/\/www.eldiario.net\/portal\/2024\/10\/26\/mariaca-posesiona-a-sus-fiscales-departamentales\/#primaryimage"},"thumbnailUrl":"https:\/\/www.eldiario.net\/portal\/wp-content\/uploads\/2024\/10\/26-FISCAL.jpg","datePublished":"2024-10-26T10:24:13+00:00","breadcrumb":{"@id":"https:\/\/www.eldiario.net\/portal\/2024\/10\/26\/mariaca-posesiona-a-sus-fiscales-departamentales\/#breadcrumb"},"inLanguage":"es","potentialAction":[{"@type":"ReadAction","target":["https:\/\/www.eldiario.net\/portal\/2024\/10\/26\/mariaca-posesiona-a-sus-fiscales-departamentales\/"]}]},{"@type":"ImageObject","inLanguage":"es","@id":"https:\/\/www.eldiario.net\/portal\/2024\/10\/26\/mariaca-posesiona-a-sus-fiscales-departamentales\/#primaryimage","url":"https:\/\/www.eldiario.net\/portal\/wp-content\/uploads\/2024\/10\/26-FISCAL.jpg","contentUrl":"https:\/\/www.eldiario.net\/portal\/wp-content\/uploads\/2024\/10\/26-FISCAL.jpg","width":770,"height":403,"caption":"Fiscales departamentales juraron ayer."},{"@type":"BreadcrumbList","@id":"https:\/\/www.eldiario.net\/portal\/2024\/10\/26\/mariaca-posesiona-a-sus-fiscales-departamentales\/#breadcrumb","itemListElement":[{"@type":"ListItem","position":1,"name":"Portada","item":"https:\/\/www.eldiario.net\/portal\/"},{"@type":"ListItem","position":2,"name":"Mariaca posesiona a sus fiscales departamentales"}]},{"@type":"WebSite","@id":"https:\/\/www.eldiario.net\/portal\/#website","url":"https:\/\/www.eldiario.net\/portal\/","name":"El Diario - Decano de la prensa nacional","description":"El Diario - Decano de la prensa nacional","publisher":{"@id":"https:\/\/www.eldiario.net\/portal\/#organization"},"potentialAction":[{"@type":"SearchAction","target":{"@type":"EntryPoint","urlTemplate":"https:\/\/www.eldiario.net\/portal\/?s={search_term_string}"},"query-input":{"@type":"PropertyValueSpecification","valueRequired":true,"valueName":"search_term_string"}}],"inLanguage":"es"},{"@type":"Organization","@id":"https:\/\/www.eldiario.net\/portal\/#organization","name":"El Diario - Decano de la prensa nacional","url":"https:\/\/www.eldiario.net\/portal\/","logo":{"@type":"ImageObject","inLanguage":"es","@id":"https:\/\/www.eldiario.net\/portal\/#\/schema\/logo\/image\/","url":"https:\/\/www.eldiario.net\/portal\/wp-content\/uploads\/2023\/07\/logo_ED.jpg","contentUrl":"https:\/\/www.eldiario.net\/portal\/wp-content\/uploads\/2023\/07\/logo_ED.jpg","width":272,"height":52,"caption":"El Diario - Decano de la prensa nacional"},"image":{"@id":"https:\/\/www.eldiario.net\/portal\/#\/schema\/logo\/image\/"},"sameAs":["https:\/\/www.facebook.com\/eldiario.bolivia\/","https:\/\/x.com\/eldiario_net"]},{"@type":"Person","@id":"https:\/\/www.eldiario.net\/portal\/#\/schema\/person\/f46445640444750d7d753ccd04ae01b7","name":"Jeanette","image":{"@type":"ImageObject","inLanguage":"es","@id":"https:\/\/secure.gravatar.com\/avatar\/3ea2118a5f7dad2b7138b1187a6b7ee55f160b9968b66013c3a3ef39dd7e5798?s=96&d=mm&r=g","url":"https:\/\/secure.gravatar.com\/avatar\/3ea2118a5f7dad2b7138b1187a6b7ee55f160b9968b66013c3a3ef39dd7e5798?s=96&d=mm&r=g","contentUrl":"https:\/\/secure.gravatar.com\/avatar\/3ea2118a5f7dad2b7138b1187a6b7ee55f160b9968b66013c3a3ef39dd7e5798?s=96&d=mm&r=g","caption":"Jeanette"},"sameAs":["https:\/\/www.eldiario.net\/portal"],"url":"https:\/\/www.eldiario.net\/portal\/author\/jeanette\/"}]}},"_links":{"self":[{"href":"https:\/\/www.eldiario.net\/portal\/wp-json\/wp\/v2\/posts\/256526","targetHints":{"allow":["GET"]}}],"collection":[{"href":"https:\/\/www.eldiario.net\/portal\/wp-json\/wp\/v2\/posts"}],"about":[{"href":"https:\/\/www.eldiario.net\/portal\/wp-json\/wp\/v2\/types\/post"}],"author":[{"embeddable":true,"href":"https:\/\/www.eldiario.net\/portal\/wp-json\/wp\/v2\/users\/1"}],"replies":[{"embeddable":true,"href":"https:\/\/www.eldiario.net\/portal\/wp-json\/wp\/v2\/comments?post=256526"}],"version-history":[{"count":1,"href":"https:\/\/www.eldiario.net\/portal\/wp-json\/wp\/v2\/posts\/256526\/revisions"}],"predecessor-version":[{"id":256528,"href":"https:\/\/www.eldiario.net\/portal\/wp-json\/wp\/v2\/posts\/256526\/revisions\/256528"}],"wp:featuredmedia":[{"embeddable":true,"href":"https:\/\/www.eldiario.net\/portal\/wp-json\/wp\/v2\/media\/256527"}],"wp:attachment":[{"href":"https:\/\/www.eldiario.net\/portal\/wp-json\/wp\/v2\/media?parent=256526"}],"wp:term":[{"taxonomy":"category","embeddable":true,"href":"https:\/\/www.eldiario.net\/portal\/wp-json\/wp\/v2\/categories?post=256526"},{"taxonomy":"post_tag","embeddable":true,"href":"https:\/\/www.eldiario.net\/portal\/wp-json\/wp\/v2\/tags?post=256526"}],"curies":[{"name":"wp","href":"https:\/\/api.w.org\/{rel}","templated":true}]}}