{"id":256433,"date":"2024-10-25T06:36:36","date_gmt":"2024-10-25T10:36:36","guid":{"rendered":"https:\/\/www.eldiario.net\/portal\/?p=256433"},"modified":"2024-10-25T06:36:36","modified_gmt":"2024-10-25T10:36:36","slug":"el-mito-desde-una-perspectiva-cultural","status":"publish","type":"post","link":"https:\/\/www.eldiario.net\/portal\/2024\/10\/25\/el-mito-desde-una-perspectiva-cultural\/","title":{"rendered":"El mito desde una perspectiva cultural"},"content":{"rendered":"<p><strong>Por. Lic. H\u00e9ctor Molina<\/strong><\/p>\n<p>&nbsp;<\/p>\n<p><strong>\u00bfQu\u00e9 es un mito?<\/strong><\/p>\n<p>&nbsp;<\/p>\n<p>Un mito es una narraci\u00f3n tradicional, generalmente de car\u00e1cter simb\u00f3lico y fant\u00e1stico, que busca explicar el origen del mundo, fen\u00f3menos naturales, aspectos de la vida humana o eventos sobrenaturales. Los mitos est\u00e1n profundamente arraigados en la cultura de los pueblos y sirven para transmitir conocimientos, valores y creencias de generaci\u00f3n en generaci\u00f3n.<\/p>\n<p>&nbsp;<\/p>\n<p><strong>Caracter\u00edsticas del mito<\/strong><\/p>\n<p>&nbsp;<\/p>\n<ol>\n<li><strong> Car\u00e1cter simb\u00f3lico<\/strong><\/li>\n<\/ol>\n<p>&nbsp;<\/p>\n<p>El mito utiliza s\u00edmbolos y met\u00e1foras para transmitir significados profundos. Los eventos, personajes y lugares que aparecen en los mitos no deben interpretarse literalmente, sino como representaciones de conceptos o fuerzas universales, como el bien y el mal, la vida y la muerte, o la creaci\u00f3n y la destrucci\u00f3n.<\/p>\n<p>&nbsp;<\/p>\n<ol start=\"2\">\n<li><strong> Protagonismo de seres sobrenaturales<\/strong><\/li>\n<\/ol>\n<p>&nbsp;<\/p>\n<p>En los mitos, los personajes principales suelen ser dioses, semidioses, h\u00e9roes o criaturas m\u00edticas. Estos seres tienen poderes extraordinarios y sus acciones a menudo influyen en el mundo humano o en el orden c\u00f3smico.<\/p>\n<p>&nbsp;<\/p>\n<ol start=\"3\">\n<li><strong> Relaci\u00f3n de origen o creaci\u00f3n<\/strong><\/li>\n<\/ol>\n<p>&nbsp;<\/p>\n<p>Una de las caracter\u00edsticas centrales del mito es su funci\u00f3n de explicar los or\u00edgenes de distintos aspectos del mundo. Esto incluye la creaci\u00f3n del universo, los seres humanos, los animales, o fen\u00f3menos naturales como el sol, la luna, las estrellas o las estaciones del a\u00f1o. Estos mitos cosmog\u00f3nicos (de origen) buscan dar respuestas a preguntas existenciales profundas.<\/p>\n<p>&nbsp;<\/p>\n<ol start=\"4\">\n<li><strong> Tiempo primigenio o m\u00edtico<\/strong><\/li>\n<\/ol>\n<p>&nbsp;<\/p>\n<p>El tiempo en los mitos es un tiempo fuera de la historia humana lineal. Suele situarse en un \u00abtiempo m\u00edtico\u00bb o \u00abtiempo de los dioses\u00bb, en el cual los eventos fundacionales ocurrieron antes de que el tiempo hist\u00f3rico comenzara. Este tiempo es c\u00edclico, y muchas veces se representa como un eterno retorno de eventos sagrados.<\/p>\n<p>&nbsp;<\/p>\n<ol start=\"5\">\n<li><strong> Transmisi\u00f3n oral<\/strong><\/li>\n<\/ol>\n<p>&nbsp;<\/p>\n<p>Tradicionalmente, los mitos se transmiten de generaci\u00f3n en generaci\u00f3n a trav\u00e9s de la narraci\u00f3n oral. Esto implica que con el tiempo, los mitos pueden sufrir modificaciones, pero mantienen su esencia y significado cultural. La transmisi\u00f3n oral asegura que los mitos forman parte del patrimonio cultural de una comunidad.<\/p>\n<p>&nbsp;<\/p>\n<ol start=\"6\">\n<li><strong> Funci\u00f3n moral y educativa<\/strong><\/li>\n<\/ol>\n<p>&nbsp;<\/p>\n<p>A trav\u00e9s de la narraci\u00f3n de los mitos, las sociedades antiguas transmit\u00edan valores, normas morales y ense\u00f1anzas sobre la conducta humana. Muchos mitos presentan dilemas \u00e9ticos, consecuencias por desobedecer a los dioses o ense\u00f1anzas sobre la relaci\u00f3n entre los humanos y dioses.<\/p>\n<p>&nbsp;<\/p>\n<h3><strong>7. Universalidad<\/strong><\/h3>\n<p>&nbsp;<\/p>\n<p>Aunque los mitos son particulares de cada cultura, muchos comparten temas y estructuras similares a lo largo del mundo, lo que sugiere la existencia de preocupaciones comunes en la experiencia humana. Mitos sobre la creaci\u00f3n, el diluvio universal, o los h\u00e9roes salvadores aparecen en distintas tradiciones y culturas, mostrando<\/p>\n<p>&nbsp;<\/p>\n<ol start=\"8\">\n<li><strong> Car\u00e1cter universal<\/strong><\/li>\n<\/ol>\n<p>&nbsp;<\/p>\n<p>A pesar de ser espec\u00edficos de cada cultura, muchos mitos comparten estructuras y temas comunes entre diferentes civilizaciones. Los mitos de distintas culturas suelen abordar temas universales como la lucha entre el bien y el mal, el ciclo de vida y muerte, o la relaci\u00f3n entre humanos y dioses.<\/p>\n\r\n                <style type=\"text\/css\">\r\n                    \r\n                    #tdi_1  .td-doubleSlider-2 .td-item1 {\r\n                        background: url(https:\/\/www.eldiario.net\/portal\/wp-content\/uploads\/2024\/10\/Len-Caracteristicas-del-Mito-80x60.jpg) 0 0 no-repeat;\r\n                    }\r\n                    #tdi_1  .td-doubleSlider-2 .td-item2 {\r\n                        background: url(https:\/\/www.eldiario.net\/portal\/wp-content\/uploads\/2024\/10\/Len-El-Mito-80x60.jpg) 0 0 no-repeat;\r\n                    }\r\n                <\/style>\r\n\r\n                <div id=\"tdi_1\" class=\"td-gallery td-slide-on-2-columns\">\r\n                    <div class=\"post_td_gallery\">\r\n                        <div class=\"td-gallery-slide-top\">\r\n                           <div class=\"td-gallery-title\"><\/div>\r\n\r\n                            <div class=\"td-gallery-controls-wrapper\">\r\n                                <div class=\"td-gallery-slide-count\"><span class=\"td-gallery-slide-item-focus\">1<\/span> de 2<\/div>\r\n                                <div class=\"td-gallery-slide-prev-next-but\">\r\n                                    <i class = \"td-icon-left doubleSliderPrevButton\"><\/i>\r\n                                    <i class = \"td-icon-right doubleSliderNextButton\"><\/i>\r\n                                <\/div>\r\n                            <\/div>\r\n                        <\/div>\r\n\r\n                        <div class = \"td-doubleSlider-1 \">\r\n                            <div class = \"td-slider\">\r\n                                \r\n                    <div class = \"td-slide-item td-item1\">\r\n                        <figure class=\"td-slide-galery-figure td-slide-popup-gallery\">\r\n                            <a class=\"slide-gallery-image-link\" href=\"https:\/\/www.eldiario.net\/portal\/wp-content\/uploads\/2024\/10\/Len-Caracteristicas-del-Mito.jpg\" title=\"Len---Caracteristicas-del-Mito\"  data-caption=\"\"  data-description=\"\">\r\n                                <img decoding=\"async\" src=\"https:\/\/www.eldiario.net\/portal\/wp-content\/uploads\/2024\/10\/Len-Caracteristicas-del-Mito-594x420.jpg\" srcset=\"https:\/\/www.eldiario.net\/portal\/wp-content\/uploads\/2024\/10\/Len-Caracteristicas-del-Mito-594x420.jpg 594w, https:\/\/www.eldiario.net\/portal\/wp-content\/uploads\/2024\/10\/Len-Caracteristicas-del-Mito-300x212.jpg 300w, https:\/\/www.eldiario.net\/portal\/wp-content\/uploads\/2024\/10\/Len-Caracteristicas-del-Mito-1024x724.jpg 1024w, https:\/\/www.eldiario.net\/portal\/wp-content\/uploads\/2024\/10\/Len-Caracteristicas-del-Mito-768x543.jpg 768w, https:\/\/www.eldiario.net\/portal\/wp-content\/uploads\/2024\/10\/Len-Caracteristicas-del-Mito-696x492.jpg 696w, https:\/\/www.eldiario.net\/portal\/wp-content\/uploads\/2024\/10\/Len-Caracteristicas-del-Mito-1068x755.jpg 1068w, https:\/\/www.eldiario.net\/portal\/wp-content\/uploads\/2024\/10\/Len-Caracteristicas-del-Mito.jpg 1263w\" sizes=\"(max-width: 594px) 100vw, 594px\" alt=\"\">\r\n                            <\/a>\r\n                            \r\n                        <\/figure>\r\n                    <\/div>\r\n                    <div class = \"td-slide-item td-item2\">\r\n                        <figure class=\"td-slide-galery-figure td-slide-popup-gallery\">\r\n                            <a class=\"slide-gallery-image-link\" href=\"https:\/\/www.eldiario.net\/portal\/wp-content\/uploads\/2024\/10\/Len-El-Mito.jpg\" title=\"Len---El-Mito\"  data-caption=\"\"  data-description=\"\">\r\n                                <img decoding=\"async\" src=\"https:\/\/www.eldiario.net\/portal\/wp-content\/uploads\/2024\/10\/Len-El-Mito-546x420.jpg\" srcset=\"https:\/\/www.eldiario.net\/portal\/wp-content\/uploads\/2024\/10\/Len-El-Mito-546x420.jpg 546w, https:\/\/www.eldiario.net\/portal\/wp-content\/uploads\/2024\/10\/Len-El-Mito-300x231.jpg 300w, https:\/\/www.eldiario.net\/portal\/wp-content\/uploads\/2024\/10\/Len-El-Mito-768x590.jpg 768w, https:\/\/www.eldiario.net\/portal\/wp-content\/uploads\/2024\/10\/Len-El-Mito-696x535.jpg 696w, https:\/\/www.eldiario.net\/portal\/wp-content\/uploads\/2024\/10\/Len-El-Mito.jpg 800w\" sizes=\"(max-width: 546px) 100vw, 546px\" alt=\"\">\r\n                            <\/a>\r\n                            \r\n                        <\/figure>\r\n                    <\/div>\r\n                            <\/div>\r\n                        <\/div>\r\n\r\n                        <div class = \"td-doubleSlider-2\">\r\n                            <div class = \"td-slider\">\r\n                                \r\n                    <div class = \"td-button td-item1\">\r\n                        <div class = \"td-border\"><\/div>\r\n                    <\/div>\r\n                    <div class = \"td-button td-item2\">\r\n                        <div class = \"td-border\"><\/div>\r\n                    <\/div>\r\n                            <\/div>\r\n                        <\/div>\r\n\r\n                    <\/div>\r\n\r\n                <\/div>\r\n                \n","protected":false},"excerpt":{"rendered":"<p>Por. Lic. H\u00e9ctor Molina &nbsp; \u00bfQu\u00e9 es un mito? &nbsp; Un mito es una narraci\u00f3n tradicional, generalmente de car\u00e1cter simb\u00f3lico y fant\u00e1stico, que busca explicar el origen del mundo, fen\u00f3menos naturales, aspectos de la vida humana o eventos sobrenaturales. Los mitos est\u00e1n profundamente arraigados en la cultura de los pueblos y sirven para transmitir conocimientos, [&hellip;]<\/p>\n","protected":false},"author":1,"featured_media":256435,"comment_status":"closed","ping_status":"open","sticky":false,"template":"","format":"standard","meta":{"_acf_changed":false,"footnotes":""},"categories":[43],"tags":[],"class_list":["post-256433","post","type-post","status-publish","format-standard","has-post-thumbnail","category-nuevos-horizontes"],"acf":{"antetitulo":""},"yoast_head":"<!-- This site is optimized with the Yoast SEO plugin v28.3 - https:\/\/yoast.com\/product\/yoast-seo-wordpress\/ -->\n<title>El mito desde una perspectiva cultural - El Diario - Bolivia<\/title>\n<meta name=\"robots\" content=\"index, follow, max-snippet:-1, max-image-preview:large, max-video-preview:-1\" \/>\n<link rel=\"canonical\" href=\"https:\/\/www.eldiario.net\/portal\/2024\/10\/25\/el-mito-desde-una-perspectiva-cultural\/\" \/>\n<meta property=\"og:locale\" content=\"es_ES\" \/>\n<meta property=\"og:type\" content=\"article\" \/>\n<meta property=\"og:title\" content=\"El mito desde una perspectiva cultural - El Diario - Bolivia\" \/>\n<meta property=\"og:description\" content=\"Por. Lic. H\u00e9ctor Molina &nbsp; \u00bfQu\u00e9 es un mito? &nbsp; Un mito es una narraci\u00f3n tradicional, generalmente de car\u00e1cter simb\u00f3lico y fant\u00e1stico, que busca explicar el origen del mundo, fen\u00f3menos naturales, aspectos de la vida humana o eventos sobrenaturales. Los mitos est\u00e1n profundamente arraigados en la cultura de los pueblos y sirven para transmitir conocimientos, [&hellip;]\" \/>\n<meta property=\"og:url\" content=\"https:\/\/www.eldiario.net\/portal\/2024\/10\/25\/el-mito-desde-una-perspectiva-cultural\/\" \/>\n<meta property=\"og:site_name\" content=\"El Diario - Bolivia\" \/>\n<meta property=\"article:publisher\" content=\"https:\/\/www.facebook.com\/eldiario.bolivia\/\" \/>\n<meta property=\"article:published_time\" content=\"2024-10-25T10:36:36+00:00\" \/>\n<meta property=\"og:image\" content=\"https:\/\/www.eldiario.net\/portal\/wp-content\/uploads\/2024\/10\/Len-El-Mito.jpg\" \/>\n\t<meta property=\"og:image:width\" content=\"800\" \/>\n\t<meta property=\"og:image:height\" content=\"615\" \/>\n\t<meta property=\"og:image:type\" content=\"image\/jpeg\" \/>\n<meta name=\"author\" content=\"Jeanette\" \/>\n<meta name=\"twitter:card\" content=\"summary_large_image\" \/>\n<meta name=\"twitter:creator\" content=\"@eldiario_net\" \/>\n<meta name=\"twitter:site\" content=\"@eldiario_net\" \/>\n<meta name=\"twitter:label1\" content=\"Escrito por\" \/>\n\t<meta name=\"twitter:data1\" content=\"Jeanette\" \/>\n\t<meta name=\"twitter:label2\" content=\"Tiempo de lectura\" \/>\n\t<meta name=\"twitter:data2\" content=\"3 minutos\" \/>\n<script type=\"application\/ld+json\" class=\"yoast-schema-graph\">{\"@context\":\"https:\\\/\\\/schema.org\",\"@graph\":[{\"@type\":\"Article\",\"@id\":\"https:\\\/\\\/www.eldiario.net\\\/portal\\\/2024\\\/10\\\/25\\\/el-mito-desde-una-perspectiva-cultural\\\/#article\",\"isPartOf\":{\"@id\":\"https:\\\/\\\/www.eldiario.net\\\/portal\\\/2024\\\/10\\\/25\\\/el-mito-desde-una-perspectiva-cultural\\\/\"},\"author\":{\"name\":\"Jeanette\",\"@id\":\"https:\\\/\\\/www.eldiario.net\\\/portal\\\/#\\\/schema\\\/person\\\/f46445640444750d7d753ccd04ae01b7\"},\"headline\":\"El mito desde una perspectiva cultural\",\"datePublished\":\"2024-10-25T10:36:36+00:00\",\"mainEntityOfPage\":{\"@id\":\"https:\\\/\\\/www.eldiario.net\\\/portal\\\/2024\\\/10\\\/25\\\/el-mito-desde-una-perspectiva-cultural\\\/\"},\"wordCount\":554,\"publisher\":{\"@id\":\"https:\\\/\\\/www.eldiario.net\\\/portal\\\/#organization\"},\"image\":{\"@id\":\"https:\\\/\\\/www.eldiario.net\\\/portal\\\/2024\\\/10\\\/25\\\/el-mito-desde-una-perspectiva-cultural\\\/#primaryimage\"},\"thumbnailUrl\":\"https:\\\/\\\/www.eldiario.net\\\/portal\\\/wp-content\\\/uploads\\\/2024\\\/10\\\/Len-El-Mito.jpg\",\"articleSection\":[\"Nuevos Horizontes\"],\"inLanguage\":\"es\"},{\"@type\":\"WebPage\",\"@id\":\"https:\\\/\\\/www.eldiario.net\\\/portal\\\/2024\\\/10\\\/25\\\/el-mito-desde-una-perspectiva-cultural\\\/\",\"url\":\"https:\\\/\\\/www.eldiario.net\\\/portal\\\/2024\\\/10\\\/25\\\/el-mito-desde-una-perspectiva-cultural\\\/\",\"name\":\"El mito desde una perspectiva cultural - El Diario - Bolivia\",\"isPartOf\":{\"@id\":\"https:\\\/\\\/www.eldiario.net\\\/portal\\\/#website\"},\"primaryImageOfPage\":{\"@id\":\"https:\\\/\\\/www.eldiario.net\\\/portal\\\/2024\\\/10\\\/25\\\/el-mito-desde-una-perspectiva-cultural\\\/#primaryimage\"},\"image\":{\"@id\":\"https:\\\/\\\/www.eldiario.net\\\/portal\\\/2024\\\/10\\\/25\\\/el-mito-desde-una-perspectiva-cultural\\\/#primaryimage\"},\"thumbnailUrl\":\"https:\\\/\\\/www.eldiario.net\\\/portal\\\/wp-content\\\/uploads\\\/2024\\\/10\\\/Len-El-Mito.jpg\",\"datePublished\":\"2024-10-25T10:36:36+00:00\",\"breadcrumb\":{\"@id\":\"https:\\\/\\\/www.eldiario.net\\\/portal\\\/2024\\\/10\\\/25\\\/el-mito-desde-una-perspectiva-cultural\\\/#breadcrumb\"},\"inLanguage\":\"es\",\"potentialAction\":[{\"@type\":\"ReadAction\",\"target\":[\"https:\\\/\\\/www.eldiario.net\\\/portal\\\/2024\\\/10\\\/25\\\/el-mito-desde-una-perspectiva-cultural\\\/\"]}]},{\"@type\":\"ImageObject\",\"inLanguage\":\"es\",\"@id\":\"https:\\\/\\\/www.eldiario.net\\\/portal\\\/2024\\\/10\\\/25\\\/el-mito-desde-una-perspectiva-cultural\\\/#primaryimage\",\"url\":\"https:\\\/\\\/www.eldiario.net\\\/portal\\\/wp-content\\\/uploads\\\/2024\\\/10\\\/Len-El-Mito.jpg\",\"contentUrl\":\"https:\\\/\\\/www.eldiario.net\\\/portal\\\/wp-content\\\/uploads\\\/2024\\\/10\\\/Len-El-Mito.jpg\",\"width\":800,\"height\":615},{\"@type\":\"BreadcrumbList\",\"@id\":\"https:\\\/\\\/www.eldiario.net\\\/portal\\\/2024\\\/10\\\/25\\\/el-mito-desde-una-perspectiva-cultural\\\/#breadcrumb\",\"itemListElement\":[{\"@type\":\"ListItem\",\"position\":1,\"name\":\"Portada\",\"item\":\"https:\\\/\\\/www.eldiario.net\\\/portal\\\/\"},{\"@type\":\"ListItem\",\"position\":2,\"name\":\"El mito desde una perspectiva cultural\"}]},{\"@type\":\"WebSite\",\"@id\":\"https:\\\/\\\/www.eldiario.net\\\/portal\\\/#website\",\"url\":\"https:\\\/\\\/www.eldiario.net\\\/portal\\\/\",\"name\":\"El Diario - Decano de la prensa nacional\",\"description\":\"El Diario - Decano de la prensa nacional\",\"publisher\":{\"@id\":\"https:\\\/\\\/www.eldiario.net\\\/portal\\\/#organization\"},\"potentialAction\":[{\"@type\":\"SearchAction\",\"target\":{\"@type\":\"EntryPoint\",\"urlTemplate\":\"https:\\\/\\\/www.eldiario.net\\\/portal\\\/?s={search_term_string}\"},\"query-input\":{\"@type\":\"PropertyValueSpecification\",\"valueRequired\":true,\"valueName\":\"search_term_string\"}}],\"inLanguage\":\"es\"},{\"@type\":\"Organization\",\"@id\":\"https:\\\/\\\/www.eldiario.net\\\/portal\\\/#organization\",\"name\":\"El Diario - Decano de la prensa nacional\",\"url\":\"https:\\\/\\\/www.eldiario.net\\\/portal\\\/\",\"logo\":{\"@type\":\"ImageObject\",\"inLanguage\":\"es\",\"@id\":\"https:\\\/\\\/www.eldiario.net\\\/portal\\\/#\\\/schema\\\/logo\\\/image\\\/\",\"url\":\"https:\\\/\\\/www.eldiario.net\\\/portal\\\/wp-content\\\/uploads\\\/2023\\\/07\\\/logo_ED.jpg\",\"contentUrl\":\"https:\\\/\\\/www.eldiario.net\\\/portal\\\/wp-content\\\/uploads\\\/2023\\\/07\\\/logo_ED.jpg\",\"width\":272,\"height\":52,\"caption\":\"El Diario - Decano de la prensa nacional\"},\"image\":{\"@id\":\"https:\\\/\\\/www.eldiario.net\\\/portal\\\/#\\\/schema\\\/logo\\\/image\\\/\"},\"sameAs\":[\"https:\\\/\\\/www.facebook.com\\\/eldiario.bolivia\\\/\",\"https:\\\/\\\/x.com\\\/eldiario_net\"]},{\"@type\":\"Person\",\"@id\":\"https:\\\/\\\/www.eldiario.net\\\/portal\\\/#\\\/schema\\\/person\\\/f46445640444750d7d753ccd04ae01b7\",\"name\":\"Jeanette\",\"image\":{\"@type\":\"ImageObject\",\"inLanguage\":\"es\",\"@id\":\"https:\\\/\\\/secure.gravatar.com\\\/avatar\\\/3ea2118a5f7dad2b7138b1187a6b7ee55f160b9968b66013c3a3ef39dd7e5798?s=96&d=mm&r=g\",\"url\":\"https:\\\/\\\/secure.gravatar.com\\\/avatar\\\/3ea2118a5f7dad2b7138b1187a6b7ee55f160b9968b66013c3a3ef39dd7e5798?s=96&d=mm&r=g\",\"contentUrl\":\"https:\\\/\\\/secure.gravatar.com\\\/avatar\\\/3ea2118a5f7dad2b7138b1187a6b7ee55f160b9968b66013c3a3ef39dd7e5798?s=96&d=mm&r=g\",\"caption\":\"Jeanette\"},\"sameAs\":[\"https:\\\/\\\/www.eldiario.net\\\/portal\"],\"url\":\"https:\\\/\\\/www.eldiario.net\\\/portal\\\/author\\\/jeanette\\\/\"}]}<\/script>\n<!-- \/ Yoast SEO plugin. -->","yoast_head_json":{"title":"El mito desde una perspectiva cultural - El Diario - Bolivia","robots":{"index":"index","follow":"follow","max-snippet":"max-snippet:-1","max-image-preview":"max-image-preview:large","max-video-preview":"max-video-preview:-1"},"canonical":"https:\/\/www.eldiario.net\/portal\/2024\/10\/25\/el-mito-desde-una-perspectiva-cultural\/","og_locale":"es_ES","og_type":"article","og_title":"El mito desde una perspectiva cultural - El Diario - Bolivia","og_description":"Por. Lic. H\u00e9ctor Molina &nbsp; \u00bfQu\u00e9 es un mito? &nbsp; Un mito es una narraci\u00f3n tradicional, generalmente de car\u00e1cter simb\u00f3lico y fant\u00e1stico, que busca explicar el origen del mundo, fen\u00f3menos naturales, aspectos de la vida humana o eventos sobrenaturales. Los mitos est\u00e1n profundamente arraigados en la cultura de los pueblos y sirven para transmitir conocimientos, [&hellip;]","og_url":"https:\/\/www.eldiario.net\/portal\/2024\/10\/25\/el-mito-desde-una-perspectiva-cultural\/","og_site_name":"El Diario - Bolivia","article_publisher":"https:\/\/www.facebook.com\/eldiario.bolivia\/","article_published_time":"2024-10-25T10:36:36+00:00","og_image":[{"width":800,"height":615,"url":"https:\/\/www.eldiario.net\/portal\/wp-content\/uploads\/2024\/10\/Len-El-Mito.jpg","type":"image\/jpeg"}],"author":"Jeanette","twitter_card":"summary_large_image","twitter_creator":"@eldiario_net","twitter_site":"@eldiario_net","twitter_misc":{"Escrito por":"Jeanette","Tiempo de lectura":"3 minutos"},"schema":{"@context":"https:\/\/schema.org","@graph":[{"@type":"Article","@id":"https:\/\/www.eldiario.net\/portal\/2024\/10\/25\/el-mito-desde-una-perspectiva-cultural\/#article","isPartOf":{"@id":"https:\/\/www.eldiario.net\/portal\/2024\/10\/25\/el-mito-desde-una-perspectiva-cultural\/"},"author":{"name":"Jeanette","@id":"https:\/\/www.eldiario.net\/portal\/#\/schema\/person\/f46445640444750d7d753ccd04ae01b7"},"headline":"El mito desde una perspectiva cultural","datePublished":"2024-10-25T10:36:36+00:00","mainEntityOfPage":{"@id":"https:\/\/www.eldiario.net\/portal\/2024\/10\/25\/el-mito-desde-una-perspectiva-cultural\/"},"wordCount":554,"publisher":{"@id":"https:\/\/www.eldiario.net\/portal\/#organization"},"image":{"@id":"https:\/\/www.eldiario.net\/portal\/2024\/10\/25\/el-mito-desde-una-perspectiva-cultural\/#primaryimage"},"thumbnailUrl":"https:\/\/www.eldiario.net\/portal\/wp-content\/uploads\/2024\/10\/Len-El-Mito.jpg","articleSection":["Nuevos Horizontes"],"inLanguage":"es"},{"@type":"WebPage","@id":"https:\/\/www.eldiario.net\/portal\/2024\/10\/25\/el-mito-desde-una-perspectiva-cultural\/","url":"https:\/\/www.eldiario.net\/portal\/2024\/10\/25\/el-mito-desde-una-perspectiva-cultural\/","name":"El mito desde una perspectiva cultural - El Diario - Bolivia","isPartOf":{"@id":"https:\/\/www.eldiario.net\/portal\/#website"},"primaryImageOfPage":{"@id":"https:\/\/www.eldiario.net\/portal\/2024\/10\/25\/el-mito-desde-una-perspectiva-cultural\/#primaryimage"},"image":{"@id":"https:\/\/www.eldiario.net\/portal\/2024\/10\/25\/el-mito-desde-una-perspectiva-cultural\/#primaryimage"},"thumbnailUrl":"https:\/\/www.eldiario.net\/portal\/wp-content\/uploads\/2024\/10\/Len-El-Mito.jpg","datePublished":"2024-10-25T10:36:36+00:00","breadcrumb":{"@id":"https:\/\/www.eldiario.net\/portal\/2024\/10\/25\/el-mito-desde-una-perspectiva-cultural\/#breadcrumb"},"inLanguage":"es","potentialAction":[{"@type":"ReadAction","target":["https:\/\/www.eldiario.net\/portal\/2024\/10\/25\/el-mito-desde-una-perspectiva-cultural\/"]}]},{"@type":"ImageObject","inLanguage":"es","@id":"https:\/\/www.eldiario.net\/portal\/2024\/10\/25\/el-mito-desde-una-perspectiva-cultural\/#primaryimage","url":"https:\/\/www.eldiario.net\/portal\/wp-content\/uploads\/2024\/10\/Len-El-Mito.jpg","contentUrl":"https:\/\/www.eldiario.net\/portal\/wp-content\/uploads\/2024\/10\/Len-El-Mito.jpg","width":800,"height":615},{"@type":"BreadcrumbList","@id":"https:\/\/www.eldiario.net\/portal\/2024\/10\/25\/el-mito-desde-una-perspectiva-cultural\/#breadcrumb","itemListElement":[{"@type":"ListItem","position":1,"name":"Portada","item":"https:\/\/www.eldiario.net\/portal\/"},{"@type":"ListItem","position":2,"name":"El mito desde una perspectiva cultural"}]},{"@type":"WebSite","@id":"https:\/\/www.eldiario.net\/portal\/#website","url":"https:\/\/www.eldiario.net\/portal\/","name":"El Diario - Decano de la prensa nacional","description":"El Diario - Decano de la prensa nacional","publisher":{"@id":"https:\/\/www.eldiario.net\/portal\/#organization"},"potentialAction":[{"@type":"SearchAction","target":{"@type":"EntryPoint","urlTemplate":"https:\/\/www.eldiario.net\/portal\/?s={search_term_string}"},"query-input":{"@type":"PropertyValueSpecification","valueRequired":true,"valueName":"search_term_string"}}],"inLanguage":"es"},{"@type":"Organization","@id":"https:\/\/www.eldiario.net\/portal\/#organization","name":"El Diario - Decano de la prensa nacional","url":"https:\/\/www.eldiario.net\/portal\/","logo":{"@type":"ImageObject","inLanguage":"es","@id":"https:\/\/www.eldiario.net\/portal\/#\/schema\/logo\/image\/","url":"https:\/\/www.eldiario.net\/portal\/wp-content\/uploads\/2023\/07\/logo_ED.jpg","contentUrl":"https:\/\/www.eldiario.net\/portal\/wp-content\/uploads\/2023\/07\/logo_ED.jpg","width":272,"height":52,"caption":"El Diario - Decano de la prensa nacional"},"image":{"@id":"https:\/\/www.eldiario.net\/portal\/#\/schema\/logo\/image\/"},"sameAs":["https:\/\/www.facebook.com\/eldiario.bolivia\/","https:\/\/x.com\/eldiario_net"]},{"@type":"Person","@id":"https:\/\/www.eldiario.net\/portal\/#\/schema\/person\/f46445640444750d7d753ccd04ae01b7","name":"Jeanette","image":{"@type":"ImageObject","inLanguage":"es","@id":"https:\/\/secure.gravatar.com\/avatar\/3ea2118a5f7dad2b7138b1187a6b7ee55f160b9968b66013c3a3ef39dd7e5798?s=96&d=mm&r=g","url":"https:\/\/secure.gravatar.com\/avatar\/3ea2118a5f7dad2b7138b1187a6b7ee55f160b9968b66013c3a3ef39dd7e5798?s=96&d=mm&r=g","contentUrl":"https:\/\/secure.gravatar.com\/avatar\/3ea2118a5f7dad2b7138b1187a6b7ee55f160b9968b66013c3a3ef39dd7e5798?s=96&d=mm&r=g","caption":"Jeanette"},"sameAs":["https:\/\/www.eldiario.net\/portal"],"url":"https:\/\/www.eldiario.net\/portal\/author\/jeanette\/"}]}},"_links":{"self":[{"href":"https:\/\/www.eldiario.net\/portal\/wp-json\/wp\/v2\/posts\/256433","targetHints":{"allow":["GET"]}}],"collection":[{"href":"https:\/\/www.eldiario.net\/portal\/wp-json\/wp\/v2\/posts"}],"about":[{"href":"https:\/\/www.eldiario.net\/portal\/wp-json\/wp\/v2\/types\/post"}],"author":[{"embeddable":true,"href":"https:\/\/www.eldiario.net\/portal\/wp-json\/wp\/v2\/users\/1"}],"replies":[{"embeddable":true,"href":"https:\/\/www.eldiario.net\/portal\/wp-json\/wp\/v2\/comments?post=256433"}],"version-history":[{"count":1,"href":"https:\/\/www.eldiario.net\/portal\/wp-json\/wp\/v2\/posts\/256433\/revisions"}],"predecessor-version":[{"id":256436,"href":"https:\/\/www.eldiario.net\/portal\/wp-json\/wp\/v2\/posts\/256433\/revisions\/256436"}],"wp:featuredmedia":[{"embeddable":true,"href":"https:\/\/www.eldiario.net\/portal\/wp-json\/wp\/v2\/media\/256435"}],"wp:attachment":[{"href":"https:\/\/www.eldiario.net\/portal\/wp-json\/wp\/v2\/media?parent=256433"}],"wp:term":[{"taxonomy":"category","embeddable":true,"href":"https:\/\/www.eldiario.net\/portal\/wp-json\/wp\/v2\/categories?post=256433"},{"taxonomy":"post_tag","embeddable":true,"href":"https:\/\/www.eldiario.net\/portal\/wp-json\/wp\/v2\/tags?post=256433"}],"curies":[{"name":"wp","href":"https:\/\/api.w.org\/{rel}","templated":true}]}}