{"id":256416,"date":"2024-10-25T06:34:02","date_gmt":"2024-10-25T10:34:02","guid":{"rendered":"https:\/\/www.eldiario.net\/portal\/?p=256416"},"modified":"2024-10-25T06:34:02","modified_gmt":"2024-10-25T10:34:02","slug":"romance-traicion-y-muerte-hacen-de-tosca-una-opera-apasionante","status":"publish","type":"post","link":"https:\/\/www.eldiario.net\/portal\/2024\/10\/25\/romance-traicion-y-muerte-hacen-de-tosca-una-opera-apasionante\/","title":{"rendered":"Romance, traici\u00f3n y muerte hacen  de \u201cTosca\u201d una \u00f3pera apasionante"},"content":{"rendered":"<p>\u201cTosca\u201d, la imponente obra maestra de Giacomo Puccini, regresa a los escenarios de La Paz en una nueva versi\u00f3n que promete despertar las m\u00e1s intensas emociones de pace\u00f1os y pace\u00f1as.<\/p>\n<p>La \u00f3pera, que se estren\u00f3 en 1900, narra la apasionante historia de Floria Tosca, una c\u00e9lebre cantante atrapada en un tri\u00e1ngulo de amor y corrupci\u00f3n, todo enmarcado en un contexto de represi\u00f3n pol\u00edtica.<\/p>\n<p>Esta nueva producci\u00f3n, que conmemora el centenario del fallecimiento de Puccini, ser\u00e1 presentada este 26 y 27 de octubre, a horas 19:00, en el Teatro Municipal \u201cAlberto Saavedra P\u00e9rez\u201d.<\/p>\n<p>La m\u00fasica estar\u00e1 a cargo de la orquesta Cl\u00e1sica Mente, dirigida por Pedro Carrillo, mientras que en los roles protag\u00f3nicos se destaca el Dueto L\u00edrico Alma, conformado por la soprano Mar\u00eda Alejandra Gonz\u00e1lez D&#8217;Alencar y el tenor Marco Viscarra Sotomayor.<\/p>\n<p>Este d\u00fao ha sido galardonado con el Premio Andino a la Excelencia los a\u00f1os 2016, 2017, 2018 y 2019. Adem\u00e1s, los reconocidos artistas son tambi\u00e9n productores ejecutivos de la obra.<\/p>\n<p>Se contar\u00e1, adem\u00e1s, con la participaci\u00f3n de los destacados solistas Ricardo Estrada, Tamiel Hidalgo, Fernando Veliz y Luis Enrique El\u00edas.<\/p>\n<p>El equipo creativo de \u201cTosca\u201d cuenta tambi\u00e9n con la participaci\u00f3n de figuras clave del \u00e1mbito art\u00edstico boliviano. Mar\u00eda Luz Salas Koch de \u00c9pica Producci\u00f3n Art\u00edstica est\u00e1 a cargo de la co-producci\u00f3n, los maestros Ricardo Estrada y Sonia Bustillo en la coordinaci\u00f3n general, Ismael Cabrera se encarga de la direcci\u00f3n art\u00edstica y coral y Jorge Hidalgo de la puesta en escena. Adem\u00e1s de Carol Espejo en la coordinaci\u00f3n de campo, Mar\u00eda Bernarda Claure, encargada de la coordinaci\u00f3n comercial, Janne Cerrogrande como encargada de arte, Angie Vatuonne en el \u00e1rea de vestuario, Stephan Fern\u00e1ndez y Antonio Caba ser\u00e1n los encargados de luces, Ren\u00e9 Aguilar en el dise\u00f1o visual, adem\u00e1s de un joven equipo de dise\u00f1adores, Mauricio Maceda y Violeta Montecinos, Pablo Alandia en el manejo de redes, Rafaella Ram\u00edrez en la fotograf\u00eda y Rodrigo y Adriana Antequera a cargo de la edici\u00f3n.<\/p>\n<p>\u201cTosca\u201d ha sido presentada en La Paz en 1978 y en el a\u00f1o 2000, siendo esta una oportunidad \u00fanica para las nuevas generaciones de disfrutar de una de las \u00f3peras m\u00e1s emblem\u00e1ticas de todos los tiempos. Las emotivas melod\u00edas de Puccini, combinadas con la poderosa orquestaci\u00f3n y las sobresalientes interpretaciones del elenco, prometen una inolvidable experiencia.<\/p>\n<p>Las entradas est\u00e1n a la venta a trav\u00e9s de Superticket en el siguiente enlace: https:\/\/superticket.bo\/Opera-Tosca-de-Giacomo-Puccini\/<\/p>\n<p>Recuerda: la cita es este 26 y 27 de octubre en el Teatro Municipal \u201cAlberto Saavedra P\u00e9rez\u201d para vivir dos noches llenas de pasi\u00f3n, traici\u00f3n y sacrificio. Esta es la oportunidad de disfrutar de la \u00f3pera que sigue cautivando corazones a m\u00e1s de un siglo de su estreno.<\/p>\n<p>A horas de la presentaci\u00f3n de \u201cTosca\u201d, La Gu\u00eda convers\u00f3 con el tenor Marco Viscarra, integrante del Dueto L\u00edrico Alma, y esto fue lo que nos dijo.<\/p>\n<p><strong>LG: \u00bfQu\u00e9 significa para ti y Alejandra asumir los roles protag\u00f3nicos de la \u00f3pera \u201cTosca\u201d?<\/strong><\/p>\n<p>M: Es un verdadero reto y un gran honor poder personificar a estos dos complejos roles, los cuales significan un gran desaf\u00edo vocal y un gran crecimiento dentro del arte l\u00edrico.<\/p>\n<ol>\n<li><strong> \u00bfQu\u00e9 tal la experiencia de ser tambi\u00e9n productores ejecutivos de la obra?<\/strong><\/li>\n<\/ol>\n<p>M: Definitivamente una experiencia muy enriquecedora.<\/p>\n<p>Contamos con el apoyo de la Sociedad Filarm\u00f3nica de La Paz y \u00c9pica Producci\u00f3n Art\u00edstica, ambas (instituciones) con mucha experiencia y trayectoria en la producci\u00f3n de espect\u00e1culos de alto nivel. Esto nos permite adquirir conocimiento en el \u00e1rea de la producci\u00f3n para encarar retos mayores en el corto plazo.<\/p>\n<p><strong>LG: \u00bfQu\u00e9 es lo que m\u00e1s destacas de \u201cTosca\u201d?<\/strong><\/p>\n<p>M: El alt\u00edsimo nivel y exigencia musical del compositor Giacomo Puccini. Los giros que tiene la \u00f3pera en sus tres actos, tanto musicales como de car\u00e1cter. El romance, la traici\u00f3n y la muerte son los elementos que hacen de \u201cTosca\u201d una \u00f3pera apasionante de principio a fin.<\/p>\n<p><strong>LG: \u00bfC\u00f3mo est\u00e1n las voces de Alejandra Gonz\u00e1lez y Marco Viscarra?<\/strong><\/p>\n<p>M: Nos encontramos en un muy buen momento vocal debido a la exigencia de la \u00f3pera y los meses de intenso ensayo bajo la direcci\u00f3n de nuestro maestro Ricardo Estrada.<\/p>\n<p><strong>LG: \u00bfQu\u00e9 le prometen al p\u00fablico?<\/strong><\/p>\n<p>M: Llevarse de recuerdo el haber presenciado una \u00f3pera de muy alto nivel vocal, esc\u00e9nico y actoral, conmemorando los 100 a\u00f1os de la muerte del compositor de esta majestuosa opera.<\/p>\n\r\n                <style type=\"text\/css\">\r\n                    \r\n                    #tdi_1  .td-doubleSlider-2 .td-item1 {\r\n                        background: url(https:\/\/www.eldiario.net\/portal\/wp-content\/uploads\/2024\/10\/1PRINCIPAL-80x60.jpeg) 0 0 no-repeat;\r\n                    }\r\n                    #tdi_1  .td-doubleSlider-2 .td-item2 {\r\n                        background: url(https:\/\/www.eldiario.net\/portal\/wp-content\/uploads\/2024\/10\/2-9-80x60.jpg) 0 0 no-repeat;\r\n                    }\r\n                    #tdi_1  .td-doubleSlider-2 .td-item3 {\r\n                        background: url(https:\/\/www.eldiario.net\/portal\/wp-content\/uploads\/2024\/10\/3-10-80x60.jpg) 0 0 no-repeat;\r\n                    }\r\n                    #tdi_1  .td-doubleSlider-2 .td-item4 {\r\n                        background: url(https:\/\/www.eldiario.net\/portal\/wp-content\/uploads\/2024\/10\/4-80x60.jpeg) 0 0 no-repeat;\r\n                    }\r\n                    #tdi_1  .td-doubleSlider-2 .td-item5 {\r\n                        background: url(https:\/\/www.eldiario.net\/portal\/wp-content\/uploads\/2024\/10\/5-80x60.jpeg) 0 0 no-repeat;\r\n                    }\r\n                    #tdi_1  .td-doubleSlider-2 .td-item6 {\r\n                        background: url(https:\/\/www.eldiario.net\/portal\/wp-content\/uploads\/2024\/10\/6-80x60.jpeg) 0 0 no-repeat;\r\n                    }\r\n                    #tdi_1  .td-doubleSlider-2 .td-item7 {\r\n                        background: url(https:\/\/www.eldiario.net\/portal\/wp-content\/uploads\/2024\/10\/7-80x60.jpeg) 0 0 no-repeat;\r\n                    }\r\n                    #tdi_1  .td-doubleSlider-2 .td-item8 {\r\n                        background: url(https:\/\/www.eldiario.net\/portal\/wp-content\/uploads\/2024\/10\/8-80x60.jpeg) 0 0 no-repeat;\r\n                    }\r\n                    #tdi_1  .td-doubleSlider-2 .td-item9 {\r\n                        background: url(https:\/\/www.eldiario.net\/portal\/wp-content\/uploads\/2024\/10\/9-4-80x60.jpg) 0 0 no-repeat;\r\n                    }\r\n                <\/style>\r\n\r\n                <div id=\"tdi_1\" class=\"td-gallery td-slide-on-2-columns\">\r\n                    <div class=\"post_td_gallery\">\r\n                        <div class=\"td-gallery-slide-top\">\r\n                           <div class=\"td-gallery-title\"><\/div>\r\n\r\n                            <div class=\"td-gallery-controls-wrapper\">\r\n                                <div class=\"td-gallery-slide-count\"><span class=\"td-gallery-slide-item-focus\">1<\/span> de 9<\/div>\r\n                                <div class=\"td-gallery-slide-prev-next-but\">\r\n                                    <i class = \"td-icon-left doubleSliderPrevButton\"><\/i>\r\n                                    <i class = \"td-icon-right doubleSliderNextButton\"><\/i>\r\n                                <\/div>\r\n                            <\/div>\r\n                        <\/div>\r\n\r\n                        <div class = \"td-doubleSlider-1 \">\r\n                            <div class = \"td-slider\">\r\n                                \r\n                    <div class = \"td-slide-item td-item1\">\r\n                        <figure class=\"td-slide-galery-figure td-slide-popup-gallery\">\r\n                            <a class=\"slide-gallery-image-link\" href=\"https:\/\/www.eldiario.net\/portal\/wp-content\/uploads\/2024\/10\/1PRINCIPAL.jpeg\" title=\"1PRINCIPAL\"  data-caption=\"\"  data-description=\"\">\r\n                                <img decoding=\"async\" src=\"https:\/\/www.eldiario.net\/portal\/wp-content\/uploads\/2024\/10\/1PRINCIPAL-747x420.jpeg\" srcset=\"https:\/\/www.eldiario.net\/portal\/wp-content\/uploads\/2024\/10\/1PRINCIPAL-747x420.jpeg 747w, https:\/\/www.eldiario.net\/portal\/wp-content\/uploads\/2024\/10\/1PRINCIPAL-300x169.jpeg 300w, https:\/\/www.eldiario.net\/portal\/wp-content\/uploads\/2024\/10\/1PRINCIPAL-1024x576.jpeg 1024w, https:\/\/www.eldiario.net\/portal\/wp-content\/uploads\/2024\/10\/1PRINCIPAL-768x432.jpeg 768w, https:\/\/www.eldiario.net\/portal\/wp-content\/uploads\/2024\/10\/1PRINCIPAL-1536x864.jpeg 1536w, https:\/\/www.eldiario.net\/portal\/wp-content\/uploads\/2024\/10\/1PRINCIPAL-696x392.jpeg 696w, https:\/\/www.eldiario.net\/portal\/wp-content\/uploads\/2024\/10\/1PRINCIPAL-1068x601.jpeg 1068w, https:\/\/www.eldiario.net\/portal\/wp-content\/uploads\/2024\/10\/1PRINCIPAL.jpeg 1600w\" sizes=\"(max-width: 747px) 100vw, 747px\" alt=\"\">\r\n                            <\/a>\r\n                            \r\n                        <\/figure>\r\n                    <\/div>\r\n                    <div class = \"td-slide-item td-item2\">\r\n                        <figure class=\"td-slide-galery-figure td-slide-popup-gallery\">\r\n                            <a class=\"slide-gallery-image-link\" href=\"https:\/\/www.eldiario.net\/portal\/wp-content\/uploads\/2024\/10\/2-9.jpg\" title=\"2\"  data-caption=\"\"  data-description=\"\">\r\n                                <img decoding=\"async\" src=\"https:\/\/www.eldiario.net\/portal\/wp-content\/uploads\/2024\/10\/2-9-420x420.jpg\" srcset=\"https:\/\/www.eldiario.net\/portal\/wp-content\/uploads\/2024\/10\/2-9-420x420.jpg 420w, https:\/\/www.eldiario.net\/portal\/wp-content\/uploads\/2024\/10\/2-9-300x300.jpg 300w, https:\/\/www.eldiario.net\/portal\/wp-content\/uploads\/2024\/10\/2-9-1024x1024.jpg 1024w, https:\/\/www.eldiario.net\/portal\/wp-content\/uploads\/2024\/10\/2-9-150x150.jpg 150w, https:\/\/www.eldiario.net\/portal\/wp-content\/uploads\/2024\/10\/2-9-768x768.jpg 768w, https:\/\/www.eldiario.net\/portal\/wp-content\/uploads\/2024\/10\/2-9-696x696.jpg 696w, https:\/\/www.eldiario.net\/portal\/wp-content\/uploads\/2024\/10\/2-9-1068x1068.jpg 1068w, https:\/\/www.eldiario.net\/portal\/wp-content\/uploads\/2024\/10\/2-9.jpg 1080w\" sizes=\"(max-width: 420px) 100vw, 420px\" alt=\"\">\r\n                            <\/a>\r\n                            \r\n                        <\/figure>\r\n                    <\/div>\r\n                    <div class = \"td-slide-item td-item3\">\r\n                        <figure class=\"td-slide-galery-figure td-slide-popup-gallery\">\r\n                            <a class=\"slide-gallery-image-link\" href=\"https:\/\/www.eldiario.net\/portal\/wp-content\/uploads\/2024\/10\/3-10.jpg\" title=\"3\"  data-caption=\"\"  data-description=\"\">\r\n                                <img decoding=\"async\" src=\"https:\/\/www.eldiario.net\/portal\/wp-content\/uploads\/2024\/10\/3-10-420x420.jpg\" srcset=\"https:\/\/www.eldiario.net\/portal\/wp-content\/uploads\/2024\/10\/3-10-420x420.jpg 420w, https:\/\/www.eldiario.net\/portal\/wp-content\/uploads\/2024\/10\/3-10-300x300.jpg 300w, https:\/\/www.eldiario.net\/portal\/wp-content\/uploads\/2024\/10\/3-10-1024x1024.jpg 1024w, https:\/\/www.eldiario.net\/portal\/wp-content\/uploads\/2024\/10\/3-10-150x150.jpg 150w, https:\/\/www.eldiario.net\/portal\/wp-content\/uploads\/2024\/10\/3-10-768x768.jpg 768w, https:\/\/www.eldiario.net\/portal\/wp-content\/uploads\/2024\/10\/3-10-696x696.jpg 696w, https:\/\/www.eldiario.net\/portal\/wp-content\/uploads\/2024\/10\/3-10-1068x1068.jpg 1068w, https:\/\/www.eldiario.net\/portal\/wp-content\/uploads\/2024\/10\/3-10.jpg 1080w\" sizes=\"(max-width: 420px) 100vw, 420px\" alt=\"\">\r\n                            <\/a>\r\n                            \r\n                        <\/figure>\r\n                    <\/div>\r\n                    <div class = \"td-slide-item td-item4\">\r\n                        <figure class=\"td-slide-galery-figure td-slide-popup-gallery\">\r\n                            <a class=\"slide-gallery-image-link\" href=\"https:\/\/www.eldiario.net\/portal\/wp-content\/uploads\/2024\/10\/4.jpeg\" title=\"4\"  data-caption=\"\"  data-description=\"\">\r\n                                <img decoding=\"async\" src=\"https:\/\/www.eldiario.net\/portal\/wp-content\/uploads\/2024\/10\/4-747x420.jpeg\" srcset=\"https:\/\/www.eldiario.net\/portal\/wp-content\/uploads\/2024\/10\/4-747x420.jpeg 747w, https:\/\/www.eldiario.net\/portal\/wp-content\/uploads\/2024\/10\/4-300x169.jpeg 300w, https:\/\/www.eldiario.net\/portal\/wp-content\/uploads\/2024\/10\/4-1024x576.jpeg 1024w, https:\/\/www.eldiario.net\/portal\/wp-content\/uploads\/2024\/10\/4-768x432.jpeg 768w, https:\/\/www.eldiario.net\/portal\/wp-content\/uploads\/2024\/10\/4-1536x864.jpeg 1536w, https:\/\/www.eldiario.net\/portal\/wp-content\/uploads\/2024\/10\/4-696x392.jpeg 696w, https:\/\/www.eldiario.net\/portal\/wp-content\/uploads\/2024\/10\/4-1068x601.jpeg 1068w, https:\/\/www.eldiario.net\/portal\/wp-content\/uploads\/2024\/10\/4.jpeg 1600w\" sizes=\"(max-width: 747px) 100vw, 747px\" alt=\"\">\r\n                            <\/a>\r\n                            \r\n                        <\/figure>\r\n                    <\/div>\r\n                    <div class = \"td-slide-item td-item5\">\r\n                        <figure class=\"td-slide-galery-figure td-slide-popup-gallery\">\r\n                            <a class=\"slide-gallery-image-link\" href=\"https:\/\/www.eldiario.net\/portal\/wp-content\/uploads\/2024\/10\/5.jpeg\" title=\"5\"  data-caption=\"\"  data-description=\"\">\r\n                                <img decoding=\"async\" src=\"https:\/\/www.eldiario.net\/portal\/wp-content\/uploads\/2024\/10\/5-747x420.jpeg\" srcset=\"https:\/\/www.eldiario.net\/portal\/wp-content\/uploads\/2024\/10\/5-747x420.jpeg 747w, https:\/\/www.eldiario.net\/portal\/wp-content\/uploads\/2024\/10\/5-300x169.jpeg 300w, https:\/\/www.eldiario.net\/portal\/wp-content\/uploads\/2024\/10\/5-1024x576.jpeg 1024w, https:\/\/www.eldiario.net\/portal\/wp-content\/uploads\/2024\/10\/5-768x432.jpeg 768w, https:\/\/www.eldiario.net\/portal\/wp-content\/uploads\/2024\/10\/5-1536x864.jpeg 1536w, https:\/\/www.eldiario.net\/portal\/wp-content\/uploads\/2024\/10\/5-696x392.jpeg 696w, https:\/\/www.eldiario.net\/portal\/wp-content\/uploads\/2024\/10\/5-1068x601.jpeg 1068w, https:\/\/www.eldiario.net\/portal\/wp-content\/uploads\/2024\/10\/5.jpeg 1600w\" sizes=\"(max-width: 747px) 100vw, 747px\" alt=\"\">\r\n                            <\/a>\r\n                            \r\n                        <\/figure>\r\n                    <\/div>\r\n                    <div class = \"td-slide-item td-item6\">\r\n                        <figure class=\"td-slide-galery-figure td-slide-popup-gallery\">\r\n                            <a class=\"slide-gallery-image-link\" href=\"https:\/\/www.eldiario.net\/portal\/wp-content\/uploads\/2024\/10\/6.jpeg\" title=\"6\"  data-caption=\"\"  data-description=\"\">\r\n                                <img decoding=\"async\" src=\"https:\/\/www.eldiario.net\/portal\/wp-content\/uploads\/2024\/10\/6-747x420.jpeg\" srcset=\"https:\/\/www.eldiario.net\/portal\/wp-content\/uploads\/2024\/10\/6-747x420.jpeg 747w, https:\/\/www.eldiario.net\/portal\/wp-content\/uploads\/2024\/10\/6-300x169.jpeg 300w, https:\/\/www.eldiario.net\/portal\/wp-content\/uploads\/2024\/10\/6-1024x576.jpeg 1024w, https:\/\/www.eldiario.net\/portal\/wp-content\/uploads\/2024\/10\/6-768x432.jpeg 768w, https:\/\/www.eldiario.net\/portal\/wp-content\/uploads\/2024\/10\/6-1536x864.jpeg 1536w, https:\/\/www.eldiario.net\/portal\/wp-content\/uploads\/2024\/10\/6-696x392.jpeg 696w, https:\/\/www.eldiario.net\/portal\/wp-content\/uploads\/2024\/10\/6-1068x601.jpeg 1068w, https:\/\/www.eldiario.net\/portal\/wp-content\/uploads\/2024\/10\/6.jpeg 1600w\" sizes=\"(max-width: 747px) 100vw, 747px\" alt=\"\">\r\n                            <\/a>\r\n                            \r\n                        <\/figure>\r\n                    <\/div>\r\n                    <div class = \"td-slide-item td-item7\">\r\n                        <figure class=\"td-slide-galery-figure td-slide-popup-gallery\">\r\n                            <a class=\"slide-gallery-image-link\" href=\"https:\/\/www.eldiario.net\/portal\/wp-content\/uploads\/2024\/10\/7.jpeg\" title=\"7\"  data-caption=\"\"  data-description=\"\">\r\n                                <img decoding=\"async\" src=\"https:\/\/www.eldiario.net\/portal\/wp-content\/uploads\/2024\/10\/7-747x420.jpeg\" srcset=\"https:\/\/www.eldiario.net\/portal\/wp-content\/uploads\/2024\/10\/7-747x420.jpeg 747w, https:\/\/www.eldiario.net\/portal\/wp-content\/uploads\/2024\/10\/7-300x169.jpeg 300w, https:\/\/www.eldiario.net\/portal\/wp-content\/uploads\/2024\/10\/7-1024x576.jpeg 1024w, https:\/\/www.eldiario.net\/portal\/wp-content\/uploads\/2024\/10\/7-768x432.jpeg 768w, https:\/\/www.eldiario.net\/portal\/wp-content\/uploads\/2024\/10\/7-1536x864.jpeg 1536w, https:\/\/www.eldiario.net\/portal\/wp-content\/uploads\/2024\/10\/7-696x392.jpeg 696w, https:\/\/www.eldiario.net\/portal\/wp-content\/uploads\/2024\/10\/7-1068x601.jpeg 1068w, https:\/\/www.eldiario.net\/portal\/wp-content\/uploads\/2024\/10\/7.jpeg 1600w\" sizes=\"(max-width: 747px) 100vw, 747px\" alt=\"\">\r\n                            <\/a>\r\n                            \r\n                        <\/figure>\r\n                    <\/div>\r\n                    <div class = \"td-slide-item td-item8\">\r\n                        <figure class=\"td-slide-galery-figure td-slide-popup-gallery\">\r\n                            <a class=\"slide-gallery-image-link\" href=\"https:\/\/www.eldiario.net\/portal\/wp-content\/uploads\/2024\/10\/8.jpeg\" title=\"8\"  data-caption=\"\"  data-description=\"\">\r\n                                <img decoding=\"async\" src=\"https:\/\/www.eldiario.net\/portal\/wp-content\/uploads\/2024\/10\/8-341x420.jpeg\" srcset=\"https:\/\/www.eldiario.net\/portal\/wp-content\/uploads\/2024\/10\/8-341x420.jpeg 341w, https:\/\/www.eldiario.net\/portal\/wp-content\/uploads\/2024\/10\/8-244x300.jpeg 244w, https:\/\/www.eldiario.net\/portal\/wp-content\/uploads\/2024\/10\/8-832x1024.jpeg 832w, https:\/\/www.eldiario.net\/portal\/wp-content\/uploads\/2024\/10\/8-768x946.jpeg 768w, https:\/\/www.eldiario.net\/portal\/wp-content\/uploads\/2024\/10\/8-324x400.jpeg 324w, https:\/\/www.eldiario.net\/portal\/wp-content\/uploads\/2024\/10\/8-696x857.jpeg 696w, https:\/\/www.eldiario.net\/portal\/wp-content\/uploads\/2024\/10\/8-1068x1315.jpeg 1068w, https:\/\/www.eldiario.net\/portal\/wp-content\/uploads\/2024\/10\/8.jpeg 1080w\" sizes=\"(max-width: 341px) 100vw, 341px\" alt=\"\">\r\n                            <\/a>\r\n                            \r\n                        <\/figure>\r\n                    <\/div>\r\n                    <div class = \"td-slide-item td-item9\">\r\n                        <figure class=\"td-slide-galery-figure td-slide-popup-gallery\">\r\n                            <a class=\"slide-gallery-image-link\" href=\"https:\/\/www.eldiario.net\/portal\/wp-content\/uploads\/2024\/10\/9-4.jpg\" title=\"9\"  data-caption=\"\"  data-description=\"\">\r\n                                <img decoding=\"async\" src=\"https:\/\/www.eldiario.net\/portal\/wp-content\/uploads\/2024\/10\/9-4-747x420.jpg\" srcset=\"https:\/\/www.eldiario.net\/portal\/wp-content\/uploads\/2024\/10\/9-4-747x420.jpg 747w, https:\/\/www.eldiario.net\/portal\/wp-content\/uploads\/2024\/10\/9-4-300x169.jpg 300w, https:\/\/www.eldiario.net\/portal\/wp-content\/uploads\/2024\/10\/9-4-1024x576.jpg 1024w, https:\/\/www.eldiario.net\/portal\/wp-content\/uploads\/2024\/10\/9-4-768x432.jpg 768w, https:\/\/www.eldiario.net\/portal\/wp-content\/uploads\/2024\/10\/9-4-1536x864.jpg 1536w, https:\/\/www.eldiario.net\/portal\/wp-content\/uploads\/2024\/10\/9-4-696x392.jpg 696w, https:\/\/www.eldiario.net\/portal\/wp-content\/uploads\/2024\/10\/9-4-1068x601.jpg 1068w, https:\/\/www.eldiario.net\/portal\/wp-content\/uploads\/2024\/10\/9-4.jpg 1600w\" sizes=\"(max-width: 747px) 100vw, 747px\" alt=\"\">\r\n                            <\/a>\r\n                            \r\n                        <\/figure>\r\n                    <\/div>\r\n                            <\/div>\r\n                        <\/div>\r\n\r\n                        <div class = \"td-doubleSlider-2\">\r\n                            <div class = \"td-slider\">\r\n                                \r\n                    <div class = \"td-button td-item1\">\r\n                        <div class = \"td-border\"><\/div>\r\n                    <\/div>\r\n                    <div class = \"td-button td-item2\">\r\n                        <div class = \"td-border\"><\/div>\r\n                    <\/div>\r\n                    <div class = \"td-button td-item3\">\r\n                        <div class = \"td-border\"><\/div>\r\n                    <\/div>\r\n                    <div class = \"td-button td-item4\">\r\n                        <div class = \"td-border\"><\/div>\r\n                    <\/div>\r\n                    <div class = \"td-button td-item5\">\r\n                        <div class = \"td-border\"><\/div>\r\n                    <\/div>\r\n                    <div class = \"td-button td-item6\">\r\n                        <div class = \"td-border\"><\/div>\r\n                    <\/div>\r\n                    <div class = \"td-button td-item7\">\r\n                        <div class = \"td-border\"><\/div>\r\n                    <\/div>\r\n                    <div class = \"td-button td-item8\">\r\n                        <div class = \"td-border\"><\/div>\r\n                    <\/div>\r\n                    <div class = \"td-button td-item9\">\r\n                        <div class = \"td-border\"><\/div>\r\n                    <\/div>\r\n                            <\/div>\r\n                        <\/div>\r\n\r\n                    <\/div>\r\n\r\n                <\/div>\r\n                \n","protected":false},"excerpt":{"rendered":"<p>\u201cTosca\u201d, la imponente obra maestra de Giacomo Puccini, regresa a los escenarios de La Paz en una nueva versi\u00f3n que promete despertar las m\u00e1s intensas emociones de pace\u00f1os y pace\u00f1as. La \u00f3pera, que se estren\u00f3 en 1900, narra la apasionante historia de Floria Tosca, una c\u00e9lebre cantante atrapada en un tri\u00e1ngulo de amor y corrupci\u00f3n, [&hellip;]<\/p>\n","protected":false},"author":1,"featured_media":256417,"comment_status":"closed","ping_status":"open","sticky":false,"template":"","format":"standard","meta":{"_acf_changed":false,"footnotes":""},"categories":[41],"tags":[],"class_list":["post-256416","post","type-post","status-publish","format-standard","has-post-thumbnail","category-la-guia"],"acf":{"antetitulo":""},"yoast_head":"<!-- This site is optimized with the Yoast SEO plugin v28.3 - https:\/\/yoast.com\/product\/yoast-seo-wordpress\/ -->\n<title>Romance, traici\u00f3n y muerte hacen de \u201cTosca\u201d una \u00f3pera apasionante - El Diario - Bolivia<\/title>\n<meta name=\"robots\" content=\"index, follow, max-snippet:-1, max-image-preview:large, max-video-preview:-1\" \/>\n<link rel=\"canonical\" href=\"https:\/\/www.eldiario.net\/portal\/2024\/10\/25\/romance-traicion-y-muerte-hacen-de-tosca-una-opera-apasionante\/\" \/>\n<meta property=\"og:locale\" content=\"es_ES\" \/>\n<meta property=\"og:type\" content=\"article\" \/>\n<meta property=\"og:title\" content=\"Romance, traici\u00f3n y muerte hacen de \u201cTosca\u201d una \u00f3pera apasionante - El Diario - Bolivia\" \/>\n<meta property=\"og:description\" content=\"\u201cTosca\u201d, la imponente obra maestra de Giacomo Puccini, regresa a los escenarios de La Paz en una nueva versi\u00f3n que promete despertar las m\u00e1s intensas emociones de pace\u00f1os y pace\u00f1as. La \u00f3pera, que se estren\u00f3 en 1900, narra la apasionante historia de Floria Tosca, una c\u00e9lebre cantante atrapada en un tri\u00e1ngulo de amor y corrupci\u00f3n, [&hellip;]\" \/>\n<meta property=\"og:url\" content=\"https:\/\/www.eldiario.net\/portal\/2024\/10\/25\/romance-traicion-y-muerte-hacen-de-tosca-una-opera-apasionante\/\" \/>\n<meta property=\"og:site_name\" content=\"El Diario - Bolivia\" \/>\n<meta property=\"article:publisher\" content=\"https:\/\/www.facebook.com\/eldiario.bolivia\/\" \/>\n<meta property=\"article:published_time\" content=\"2024-10-25T10:34:02+00:00\" \/>\n<meta property=\"og:image\" content=\"https:\/\/www.eldiario.net\/portal\/wp-content\/uploads\/2024\/10\/1PRINCIPAL.jpeg\" \/>\n\t<meta property=\"og:image:width\" content=\"1600\" \/>\n\t<meta property=\"og:image:height\" content=\"900\" \/>\n\t<meta property=\"og:image:type\" content=\"image\/jpeg\" \/>\n<meta name=\"author\" content=\"Jeanette\" \/>\n<meta name=\"twitter:card\" content=\"summary_large_image\" \/>\n<meta name=\"twitter:creator\" content=\"@eldiario_net\" \/>\n<meta name=\"twitter:site\" content=\"@eldiario_net\" \/>\n<meta name=\"twitter:label1\" content=\"Escrito por\" \/>\n\t<meta name=\"twitter:data1\" content=\"Jeanette\" \/>\n\t<meta name=\"twitter:label2\" content=\"Tiempo de lectura\" \/>\n\t<meta name=\"twitter:data2\" content=\"4 minutos\" \/>\n<script type=\"application\/ld+json\" class=\"yoast-schema-graph\">{\"@context\":\"https:\\\/\\\/schema.org\",\"@graph\":[{\"@type\":\"Article\",\"@id\":\"https:\\\/\\\/www.eldiario.net\\\/portal\\\/2024\\\/10\\\/25\\\/romance-traicion-y-muerte-hacen-de-tosca-una-opera-apasionante\\\/#article\",\"isPartOf\":{\"@id\":\"https:\\\/\\\/www.eldiario.net\\\/portal\\\/2024\\\/10\\\/25\\\/romance-traicion-y-muerte-hacen-de-tosca-una-opera-apasionante\\\/\"},\"author\":{\"name\":\"Jeanette\",\"@id\":\"https:\\\/\\\/www.eldiario.net\\\/portal\\\/#\\\/schema\\\/person\\\/f46445640444750d7d753ccd04ae01b7\"},\"headline\":\"Romance, traici\u00f3n y muerte hacen de \u201cTosca\u201d una \u00f3pera apasionante\",\"datePublished\":\"2024-10-25T10:34:02+00:00\",\"mainEntityOfPage\":{\"@id\":\"https:\\\/\\\/www.eldiario.net\\\/portal\\\/2024\\\/10\\\/25\\\/romance-traicion-y-muerte-hacen-de-tosca-una-opera-apasionante\\\/\"},\"wordCount\":806,\"publisher\":{\"@id\":\"https:\\\/\\\/www.eldiario.net\\\/portal\\\/#organization\"},\"image\":{\"@id\":\"https:\\\/\\\/www.eldiario.net\\\/portal\\\/2024\\\/10\\\/25\\\/romance-traicion-y-muerte-hacen-de-tosca-una-opera-apasionante\\\/#primaryimage\"},\"thumbnailUrl\":\"https:\\\/\\\/www.eldiario.net\\\/portal\\\/wp-content\\\/uploads\\\/2024\\\/10\\\/1PRINCIPAL.jpeg\",\"articleSection\":[\"La Gu\u00eda\"],\"inLanguage\":\"es\"},{\"@type\":\"WebPage\",\"@id\":\"https:\\\/\\\/www.eldiario.net\\\/portal\\\/2024\\\/10\\\/25\\\/romance-traicion-y-muerte-hacen-de-tosca-una-opera-apasionante\\\/\",\"url\":\"https:\\\/\\\/www.eldiario.net\\\/portal\\\/2024\\\/10\\\/25\\\/romance-traicion-y-muerte-hacen-de-tosca-una-opera-apasionante\\\/\",\"name\":\"Romance, traici\u00f3n y muerte hacen de \u201cTosca\u201d una \u00f3pera apasionante - El Diario - Bolivia\",\"isPartOf\":{\"@id\":\"https:\\\/\\\/www.eldiario.net\\\/portal\\\/#website\"},\"primaryImageOfPage\":{\"@id\":\"https:\\\/\\\/www.eldiario.net\\\/portal\\\/2024\\\/10\\\/25\\\/romance-traicion-y-muerte-hacen-de-tosca-una-opera-apasionante\\\/#primaryimage\"},\"image\":{\"@id\":\"https:\\\/\\\/www.eldiario.net\\\/portal\\\/2024\\\/10\\\/25\\\/romance-traicion-y-muerte-hacen-de-tosca-una-opera-apasionante\\\/#primaryimage\"},\"thumbnailUrl\":\"https:\\\/\\\/www.eldiario.net\\\/portal\\\/wp-content\\\/uploads\\\/2024\\\/10\\\/1PRINCIPAL.jpeg\",\"datePublished\":\"2024-10-25T10:34:02+00:00\",\"breadcrumb\":{\"@id\":\"https:\\\/\\\/www.eldiario.net\\\/portal\\\/2024\\\/10\\\/25\\\/romance-traicion-y-muerte-hacen-de-tosca-una-opera-apasionante\\\/#breadcrumb\"},\"inLanguage\":\"es\",\"potentialAction\":[{\"@type\":\"ReadAction\",\"target\":[\"https:\\\/\\\/www.eldiario.net\\\/portal\\\/2024\\\/10\\\/25\\\/romance-traicion-y-muerte-hacen-de-tosca-una-opera-apasionante\\\/\"]}]},{\"@type\":\"ImageObject\",\"inLanguage\":\"es\",\"@id\":\"https:\\\/\\\/www.eldiario.net\\\/portal\\\/2024\\\/10\\\/25\\\/romance-traicion-y-muerte-hacen-de-tosca-una-opera-apasionante\\\/#primaryimage\",\"url\":\"https:\\\/\\\/www.eldiario.net\\\/portal\\\/wp-content\\\/uploads\\\/2024\\\/10\\\/1PRINCIPAL.jpeg\",\"contentUrl\":\"https:\\\/\\\/www.eldiario.net\\\/portal\\\/wp-content\\\/uploads\\\/2024\\\/10\\\/1PRINCIPAL.jpeg\",\"width\":1600,\"height\":900},{\"@type\":\"BreadcrumbList\",\"@id\":\"https:\\\/\\\/www.eldiario.net\\\/portal\\\/2024\\\/10\\\/25\\\/romance-traicion-y-muerte-hacen-de-tosca-una-opera-apasionante\\\/#breadcrumb\",\"itemListElement\":[{\"@type\":\"ListItem\",\"position\":1,\"name\":\"Portada\",\"item\":\"https:\\\/\\\/www.eldiario.net\\\/portal\\\/\"},{\"@type\":\"ListItem\",\"position\":2,\"name\":\"Romance, traici\u00f3n y muerte hacen de \u201cTosca\u201d una \u00f3pera apasionante\"}]},{\"@type\":\"WebSite\",\"@id\":\"https:\\\/\\\/www.eldiario.net\\\/portal\\\/#website\",\"url\":\"https:\\\/\\\/www.eldiario.net\\\/portal\\\/\",\"name\":\"El Diario - Decano de la prensa nacional\",\"description\":\"El Diario - Decano de la prensa nacional\",\"publisher\":{\"@id\":\"https:\\\/\\\/www.eldiario.net\\\/portal\\\/#organization\"},\"potentialAction\":[{\"@type\":\"SearchAction\",\"target\":{\"@type\":\"EntryPoint\",\"urlTemplate\":\"https:\\\/\\\/www.eldiario.net\\\/portal\\\/?s={search_term_string}\"},\"query-input\":{\"@type\":\"PropertyValueSpecification\",\"valueRequired\":true,\"valueName\":\"search_term_string\"}}],\"inLanguage\":\"es\"},{\"@type\":\"Organization\",\"@id\":\"https:\\\/\\\/www.eldiario.net\\\/portal\\\/#organization\",\"name\":\"El Diario - Decano de la prensa nacional\",\"url\":\"https:\\\/\\\/www.eldiario.net\\\/portal\\\/\",\"logo\":{\"@type\":\"ImageObject\",\"inLanguage\":\"es\",\"@id\":\"https:\\\/\\\/www.eldiario.net\\\/portal\\\/#\\\/schema\\\/logo\\\/image\\\/\",\"url\":\"https:\\\/\\\/www.eldiario.net\\\/portal\\\/wp-content\\\/uploads\\\/2023\\\/07\\\/logo_ED.jpg\",\"contentUrl\":\"https:\\\/\\\/www.eldiario.net\\\/portal\\\/wp-content\\\/uploads\\\/2023\\\/07\\\/logo_ED.jpg\",\"width\":272,\"height\":52,\"caption\":\"El Diario - Decano de la prensa nacional\"},\"image\":{\"@id\":\"https:\\\/\\\/www.eldiario.net\\\/portal\\\/#\\\/schema\\\/logo\\\/image\\\/\"},\"sameAs\":[\"https:\\\/\\\/www.facebook.com\\\/eldiario.bolivia\\\/\",\"https:\\\/\\\/x.com\\\/eldiario_net\"]},{\"@type\":\"Person\",\"@id\":\"https:\\\/\\\/www.eldiario.net\\\/portal\\\/#\\\/schema\\\/person\\\/f46445640444750d7d753ccd04ae01b7\",\"name\":\"Jeanette\",\"image\":{\"@type\":\"ImageObject\",\"inLanguage\":\"es\",\"@id\":\"https:\\\/\\\/secure.gravatar.com\\\/avatar\\\/3ea2118a5f7dad2b7138b1187a6b7ee55f160b9968b66013c3a3ef39dd7e5798?s=96&d=mm&r=g\",\"url\":\"https:\\\/\\\/secure.gravatar.com\\\/avatar\\\/3ea2118a5f7dad2b7138b1187a6b7ee55f160b9968b66013c3a3ef39dd7e5798?s=96&d=mm&r=g\",\"contentUrl\":\"https:\\\/\\\/secure.gravatar.com\\\/avatar\\\/3ea2118a5f7dad2b7138b1187a6b7ee55f160b9968b66013c3a3ef39dd7e5798?s=96&d=mm&r=g\",\"caption\":\"Jeanette\"},\"sameAs\":[\"https:\\\/\\\/www.eldiario.net\\\/portal\"],\"url\":\"https:\\\/\\\/www.eldiario.net\\\/portal\\\/author\\\/jeanette\\\/\"}]}<\/script>\n<!-- \/ Yoast SEO plugin. -->","yoast_head_json":{"title":"Romance, traici\u00f3n y muerte hacen de \u201cTosca\u201d una \u00f3pera apasionante - El Diario - Bolivia","robots":{"index":"index","follow":"follow","max-snippet":"max-snippet:-1","max-image-preview":"max-image-preview:large","max-video-preview":"max-video-preview:-1"},"canonical":"https:\/\/www.eldiario.net\/portal\/2024\/10\/25\/romance-traicion-y-muerte-hacen-de-tosca-una-opera-apasionante\/","og_locale":"es_ES","og_type":"article","og_title":"Romance, traici\u00f3n y muerte hacen de \u201cTosca\u201d una \u00f3pera apasionante - El Diario - Bolivia","og_description":"\u201cTosca\u201d, la imponente obra maestra de Giacomo Puccini, regresa a los escenarios de La Paz en una nueva versi\u00f3n que promete despertar las m\u00e1s intensas emociones de pace\u00f1os y pace\u00f1as. La \u00f3pera, que se estren\u00f3 en 1900, narra la apasionante historia de Floria Tosca, una c\u00e9lebre cantante atrapada en un tri\u00e1ngulo de amor y corrupci\u00f3n, [&hellip;]","og_url":"https:\/\/www.eldiario.net\/portal\/2024\/10\/25\/romance-traicion-y-muerte-hacen-de-tosca-una-opera-apasionante\/","og_site_name":"El Diario - Bolivia","article_publisher":"https:\/\/www.facebook.com\/eldiario.bolivia\/","article_published_time":"2024-10-25T10:34:02+00:00","og_image":[{"width":1600,"height":900,"url":"https:\/\/www.eldiario.net\/portal\/wp-content\/uploads\/2024\/10\/1PRINCIPAL.jpeg","type":"image\/jpeg"}],"author":"Jeanette","twitter_card":"summary_large_image","twitter_creator":"@eldiario_net","twitter_site":"@eldiario_net","twitter_misc":{"Escrito por":"Jeanette","Tiempo de lectura":"4 minutos"},"schema":{"@context":"https:\/\/schema.org","@graph":[{"@type":"Article","@id":"https:\/\/www.eldiario.net\/portal\/2024\/10\/25\/romance-traicion-y-muerte-hacen-de-tosca-una-opera-apasionante\/#article","isPartOf":{"@id":"https:\/\/www.eldiario.net\/portal\/2024\/10\/25\/romance-traicion-y-muerte-hacen-de-tosca-una-opera-apasionante\/"},"author":{"name":"Jeanette","@id":"https:\/\/www.eldiario.net\/portal\/#\/schema\/person\/f46445640444750d7d753ccd04ae01b7"},"headline":"Romance, traici\u00f3n y muerte hacen de \u201cTosca\u201d una \u00f3pera apasionante","datePublished":"2024-10-25T10:34:02+00:00","mainEntityOfPage":{"@id":"https:\/\/www.eldiario.net\/portal\/2024\/10\/25\/romance-traicion-y-muerte-hacen-de-tosca-una-opera-apasionante\/"},"wordCount":806,"publisher":{"@id":"https:\/\/www.eldiario.net\/portal\/#organization"},"image":{"@id":"https:\/\/www.eldiario.net\/portal\/2024\/10\/25\/romance-traicion-y-muerte-hacen-de-tosca-una-opera-apasionante\/#primaryimage"},"thumbnailUrl":"https:\/\/www.eldiario.net\/portal\/wp-content\/uploads\/2024\/10\/1PRINCIPAL.jpeg","articleSection":["La Gu\u00eda"],"inLanguage":"es"},{"@type":"WebPage","@id":"https:\/\/www.eldiario.net\/portal\/2024\/10\/25\/romance-traicion-y-muerte-hacen-de-tosca-una-opera-apasionante\/","url":"https:\/\/www.eldiario.net\/portal\/2024\/10\/25\/romance-traicion-y-muerte-hacen-de-tosca-una-opera-apasionante\/","name":"Romance, traici\u00f3n y muerte hacen de \u201cTosca\u201d una \u00f3pera apasionante - El Diario - Bolivia","isPartOf":{"@id":"https:\/\/www.eldiario.net\/portal\/#website"},"primaryImageOfPage":{"@id":"https:\/\/www.eldiario.net\/portal\/2024\/10\/25\/romance-traicion-y-muerte-hacen-de-tosca-una-opera-apasionante\/#primaryimage"},"image":{"@id":"https:\/\/www.eldiario.net\/portal\/2024\/10\/25\/romance-traicion-y-muerte-hacen-de-tosca-una-opera-apasionante\/#primaryimage"},"thumbnailUrl":"https:\/\/www.eldiario.net\/portal\/wp-content\/uploads\/2024\/10\/1PRINCIPAL.jpeg","datePublished":"2024-10-25T10:34:02+00:00","breadcrumb":{"@id":"https:\/\/www.eldiario.net\/portal\/2024\/10\/25\/romance-traicion-y-muerte-hacen-de-tosca-una-opera-apasionante\/#breadcrumb"},"inLanguage":"es","potentialAction":[{"@type":"ReadAction","target":["https:\/\/www.eldiario.net\/portal\/2024\/10\/25\/romance-traicion-y-muerte-hacen-de-tosca-una-opera-apasionante\/"]}]},{"@type":"ImageObject","inLanguage":"es","@id":"https:\/\/www.eldiario.net\/portal\/2024\/10\/25\/romance-traicion-y-muerte-hacen-de-tosca-una-opera-apasionante\/#primaryimage","url":"https:\/\/www.eldiario.net\/portal\/wp-content\/uploads\/2024\/10\/1PRINCIPAL.jpeg","contentUrl":"https:\/\/www.eldiario.net\/portal\/wp-content\/uploads\/2024\/10\/1PRINCIPAL.jpeg","width":1600,"height":900},{"@type":"BreadcrumbList","@id":"https:\/\/www.eldiario.net\/portal\/2024\/10\/25\/romance-traicion-y-muerte-hacen-de-tosca-una-opera-apasionante\/#breadcrumb","itemListElement":[{"@type":"ListItem","position":1,"name":"Portada","item":"https:\/\/www.eldiario.net\/portal\/"},{"@type":"ListItem","position":2,"name":"Romance, traici\u00f3n y muerte hacen de \u201cTosca\u201d una \u00f3pera apasionante"}]},{"@type":"WebSite","@id":"https:\/\/www.eldiario.net\/portal\/#website","url":"https:\/\/www.eldiario.net\/portal\/","name":"El Diario - Decano de la prensa nacional","description":"El Diario - Decano de la prensa nacional","publisher":{"@id":"https:\/\/www.eldiario.net\/portal\/#organization"},"potentialAction":[{"@type":"SearchAction","target":{"@type":"EntryPoint","urlTemplate":"https:\/\/www.eldiario.net\/portal\/?s={search_term_string}"},"query-input":{"@type":"PropertyValueSpecification","valueRequired":true,"valueName":"search_term_string"}}],"inLanguage":"es"},{"@type":"Organization","@id":"https:\/\/www.eldiario.net\/portal\/#organization","name":"El Diario - Decano de la prensa nacional","url":"https:\/\/www.eldiario.net\/portal\/","logo":{"@type":"ImageObject","inLanguage":"es","@id":"https:\/\/www.eldiario.net\/portal\/#\/schema\/logo\/image\/","url":"https:\/\/www.eldiario.net\/portal\/wp-content\/uploads\/2023\/07\/logo_ED.jpg","contentUrl":"https:\/\/www.eldiario.net\/portal\/wp-content\/uploads\/2023\/07\/logo_ED.jpg","width":272,"height":52,"caption":"El Diario - Decano de la prensa nacional"},"image":{"@id":"https:\/\/www.eldiario.net\/portal\/#\/schema\/logo\/image\/"},"sameAs":["https:\/\/www.facebook.com\/eldiario.bolivia\/","https:\/\/x.com\/eldiario_net"]},{"@type":"Person","@id":"https:\/\/www.eldiario.net\/portal\/#\/schema\/person\/f46445640444750d7d753ccd04ae01b7","name":"Jeanette","image":{"@type":"ImageObject","inLanguage":"es","@id":"https:\/\/secure.gravatar.com\/avatar\/3ea2118a5f7dad2b7138b1187a6b7ee55f160b9968b66013c3a3ef39dd7e5798?s=96&d=mm&r=g","url":"https:\/\/secure.gravatar.com\/avatar\/3ea2118a5f7dad2b7138b1187a6b7ee55f160b9968b66013c3a3ef39dd7e5798?s=96&d=mm&r=g","contentUrl":"https:\/\/secure.gravatar.com\/avatar\/3ea2118a5f7dad2b7138b1187a6b7ee55f160b9968b66013c3a3ef39dd7e5798?s=96&d=mm&r=g","caption":"Jeanette"},"sameAs":["https:\/\/www.eldiario.net\/portal"],"url":"https:\/\/www.eldiario.net\/portal\/author\/jeanette\/"}]}},"_links":{"self":[{"href":"https:\/\/www.eldiario.net\/portal\/wp-json\/wp\/v2\/posts\/256416","targetHints":{"allow":["GET"]}}],"collection":[{"href":"https:\/\/www.eldiario.net\/portal\/wp-json\/wp\/v2\/posts"}],"about":[{"href":"https:\/\/www.eldiario.net\/portal\/wp-json\/wp\/v2\/types\/post"}],"author":[{"embeddable":true,"href":"https:\/\/www.eldiario.net\/portal\/wp-json\/wp\/v2\/users\/1"}],"replies":[{"embeddable":true,"href":"https:\/\/www.eldiario.net\/portal\/wp-json\/wp\/v2\/comments?post=256416"}],"version-history":[{"count":1,"href":"https:\/\/www.eldiario.net\/portal\/wp-json\/wp\/v2\/posts\/256416\/revisions"}],"predecessor-version":[{"id":256426,"href":"https:\/\/www.eldiario.net\/portal\/wp-json\/wp\/v2\/posts\/256416\/revisions\/256426"}],"wp:featuredmedia":[{"embeddable":true,"href":"https:\/\/www.eldiario.net\/portal\/wp-json\/wp\/v2\/media\/256417"}],"wp:attachment":[{"href":"https:\/\/www.eldiario.net\/portal\/wp-json\/wp\/v2\/media?parent=256416"}],"wp:term":[{"taxonomy":"category","embeddable":true,"href":"https:\/\/www.eldiario.net\/portal\/wp-json\/wp\/v2\/categories?post=256416"},{"taxonomy":"post_tag","embeddable":true,"href":"https:\/\/www.eldiario.net\/portal\/wp-json\/wp\/v2\/tags?post=256416"}],"curies":[{"name":"wp","href":"https:\/\/api.w.org\/{rel}","templated":true}]}}