{"id":256398,"date":"2024-10-25T06:31:57","date_gmt":"2024-10-25T10:31:57","guid":{"rendered":"https:\/\/www.eldiario.net\/portal\/?p=256398"},"modified":"2024-10-25T16:12:36","modified_gmt":"2024-10-25T20:12:36","slug":"ex-becarios-de-koica-tuvieron-su-reunion-de-fin-de-ano","status":"publish","type":"post","link":"https:\/\/www.eldiario.net\/portal\/2024\/10\/25\/ex-becarios-de-koica-tuvieron-su-reunion-de-fin-de-ano\/","title":{"rendered":"Ex becarios de KOICA tuvieron su reuni\u00f3n de fin de a\u00f1o"},"content":{"rendered":"<p>M\u00e1s de un centenar de ex becarios de Corea se reunieron en el encuentro de fin de a\u00f1o, que anualmente organizan la Embajada de Corea, la Agencia de Cooperaci\u00f3n Internacional de Corea (KOICA) y la Asociaci\u00f3n Boliviana de Ex Becarios de Corea (BAAK).<br \/>\nLa velada cont\u00f3 con la presencia del embajador de la Rep\u00fablica de Corea, Lee Jang y la directora de KOICA, Eunju Cha, quienes iniciaron el programa con elocuentes discursos.<br \/>\nPor su parte, la presidenta de BAAK, Karen Udaeta, present\u00f3 un resumen de las actividades efectuadas por los ex becarios durante la presente gesti\u00f3n. La ocasi\u00f3n fue propicia para dar a conocer detalles de la beca GKS (Global Korean Scholarship), a trav\u00e9s de un v\u00eddeo.<br \/>\nFue un grato encuentro de confraternidad en el que compartieron profesionales de diversas \u00e1reas, quienes tuvieron la oportunidad de conocer la naci\u00f3n asi\u00e1tica, gracias a las becas que otorga el gobierno coreano, mientras degustaban una cena buffet de platillos t\u00edpicos.<br \/>\nEl evento fue amenizado con un cuadro de danza, a cargo del grupo Revelation, ganador del concurso K-POP World Festival Bolivia. Finalmente hubo un quiz para ganar productos coreanos.<\/p>\n\r\n                <style type=\"text\/css\">\r\n                    \r\n                    #tdi_1  .td-doubleSlider-2 .td-item1 {\r\n                        background: url(https:\/\/www.eldiario.net\/portal\/wp-content\/uploads\/2024\/10\/IMG_0446-80x60.jpg) 0 0 no-repeat;\r\n                    }\r\n                    #tdi_1  .td-doubleSlider-2 .td-item2 {\r\n                        background: url(https:\/\/www.eldiario.net\/portal\/wp-content\/uploads\/2024\/10\/IMG_0454-80x60.jpg) 0 0 no-repeat;\r\n                    }\r\n                    #tdi_1  .td-doubleSlider-2 .td-item3 {\r\n                        background: url(https:\/\/www.eldiario.net\/portal\/wp-content\/uploads\/2024\/10\/DSC_0132-80x60.jpg) 0 0 no-repeat;\r\n                    }\r\n                    #tdi_1  .td-doubleSlider-2 .td-item4 {\r\n                        background: url(https:\/\/www.eldiario.net\/portal\/wp-content\/uploads\/2024\/10\/DSC_0135-80x60.jpg) 0 0 no-repeat;\r\n                    }\r\n                    #tdi_1  .td-doubleSlider-2 .td-item5 {\r\n                        background: url(https:\/\/www.eldiario.net\/portal\/wp-content\/uploads\/2024\/10\/IMG_0393-80x60.jpg) 0 0 no-repeat;\r\n                    }\r\n                    #tdi_1  .td-doubleSlider-2 .td-item6 {\r\n                        background: url(https:\/\/www.eldiario.net\/portal\/wp-content\/uploads\/2024\/10\/IMG_0395-80x60.jpg) 0 0 no-repeat;\r\n                    }\r\n                    #tdi_1  .td-doubleSlider-2 .td-item7 {\r\n                        background: url(https:\/\/www.eldiario.net\/portal\/wp-content\/uploads\/2024\/10\/IMG_0397-80x60.jpg) 0 0 no-repeat;\r\n                    }\r\n                    #tdi_1  .td-doubleSlider-2 .td-item8 {\r\n                        background: url(https:\/\/www.eldiario.net\/portal\/wp-content\/uploads\/2024\/10\/IMG_0399-80x60.jpg) 0 0 no-repeat;\r\n                    }\r\n                    #tdi_1  .td-doubleSlider-2 .td-item9 {\r\n                        background: url(https:\/\/www.eldiario.net\/portal\/wp-content\/uploads\/2024\/10\/IMG_0405-80x60.jpg) 0 0 no-repeat;\r\n                    }\r\n                    #tdi_1  .td-doubleSlider-2 .td-item10 {\r\n                        background: url(https:\/\/www.eldiario.net\/portal\/wp-content\/uploads\/2024\/10\/IMG_0408-80x60.jpg) 0 0 no-repeat;\r\n                    }\r\n                    #tdi_1  .td-doubleSlider-2 .td-item11 {\r\n                        background: url(https:\/\/www.eldiario.net\/portal\/wp-content\/uploads\/2024\/10\/IMG_0415-80x60.jpg) 0 0 no-repeat;\r\n                    }\r\n                    #tdi_1  .td-doubleSlider-2 .td-item12 {\r\n                        background: url(https:\/\/www.eldiario.net\/portal\/wp-content\/uploads\/2024\/10\/IMG_0421-80x60.jpg) 0 0 no-repeat;\r\n                    }\r\n                    #tdi_1  .td-doubleSlider-2 .td-item13 {\r\n                        background: url(https:\/\/www.eldiario.net\/portal\/wp-content\/uploads\/2024\/10\/IMG_0425-80x60.jpg) 0 0 no-repeat;\r\n                    }\r\n                    #tdi_1  .td-doubleSlider-2 .td-item14 {\r\n                        background: url(https:\/\/www.eldiario.net\/portal\/wp-content\/uploads\/2024\/10\/IMG_0429-80x60.jpg) 0 0 no-repeat;\r\n                    }\r\n                    #tdi_1  .td-doubleSlider-2 .td-item15 {\r\n                        background: url(https:\/\/www.eldiario.net\/portal\/wp-content\/uploads\/2024\/10\/IMG_0432-80x60.jpg) 0 0 no-repeat;\r\n                    }\r\n                    #tdi_1  .td-doubleSlider-2 .td-item16 {\r\n                        background: url(https:\/\/www.eldiario.net\/portal\/wp-content\/uploads\/2024\/10\/IMG_0437-80x60.jpg) 0 0 no-repeat;\r\n                    }\r\n                <\/style>\r\n\r\n                <div id=\"tdi_1\" class=\"td-gallery td-slide-on-2-columns\">\r\n                    <div class=\"post_td_gallery\">\r\n                        <div class=\"td-gallery-slide-top\">\r\n                           <div class=\"td-gallery-title\"><\/div>\r\n\r\n                            <div class=\"td-gallery-controls-wrapper\">\r\n                                <div class=\"td-gallery-slide-count\"><span class=\"td-gallery-slide-item-focus\">1<\/span> de 16<\/div>\r\n                                <div class=\"td-gallery-slide-prev-next-but\">\r\n                                    <i class = \"td-icon-left doubleSliderPrevButton\"><\/i>\r\n                                    <i class = \"td-icon-right doubleSliderNextButton\"><\/i>\r\n                                <\/div>\r\n                            <\/div>\r\n                        <\/div>\r\n\r\n                        <div class = \"td-doubleSlider-1 \">\r\n                            <div class = \"td-slider\">\r\n                                \r\n                    <div class = \"td-slide-item td-item1\">\r\n                        <figure class=\"td-slide-galery-figure td-slide-popup-gallery\">\r\n                            <a class=\"slide-gallery-image-link\" href=\"https:\/\/www.eldiario.net\/portal\/wp-content\/uploads\/2024\/10\/IMG_0446.jpg\" title=\"IMG_0446\"  data-caption=\"\"  data-description=\"\">\r\n                                <img decoding=\"async\" src=\"https:\/\/www.eldiario.net\/portal\/wp-content\/uploads\/2024\/10\/IMG_0446-630x420.jpg\" srcset=\"https:\/\/www.eldiario.net\/portal\/wp-content\/uploads\/2024\/10\/IMG_0446-630x420.jpg 630w, https:\/\/www.eldiario.net\/portal\/wp-content\/uploads\/2024\/10\/IMG_0446-300x200.jpg 300w, https:\/\/www.eldiario.net\/portal\/wp-content\/uploads\/2024\/10\/IMG_0446-1024x683.jpg 1024w, https:\/\/www.eldiario.net\/portal\/wp-content\/uploads\/2024\/10\/IMG_0446-768x512.jpg 768w, https:\/\/www.eldiario.net\/portal\/wp-content\/uploads\/2024\/10\/IMG_0446-696x464.jpg 696w, https:\/\/www.eldiario.net\/portal\/wp-content\/uploads\/2024\/10\/IMG_0446-1068x712.jpg 1068w, https:\/\/www.eldiario.net\/portal\/wp-content\/uploads\/2024\/10\/IMG_0446.jpg 1200w\" sizes=\"(max-width: 630px) 100vw, 630px\" alt=\"\">\r\n                            <\/a>\r\n                            \r\n                        <\/figure>\r\n                    <\/div>\r\n                    <div class = \"td-slide-item td-item2\">\r\n                        <figure class=\"td-slide-galery-figure td-slide-popup-gallery\">\r\n                            <a class=\"slide-gallery-image-link\" href=\"https:\/\/www.eldiario.net\/portal\/wp-content\/uploads\/2024\/10\/IMG_0454.jpg\" title=\"IMG_0454\"  data-caption=\"\"  data-description=\"\">\r\n                                <img decoding=\"async\" src=\"https:\/\/www.eldiario.net\/portal\/wp-content\/uploads\/2024\/10\/IMG_0454-630x420.jpg\" srcset=\"https:\/\/www.eldiario.net\/portal\/wp-content\/uploads\/2024\/10\/IMG_0454-630x420.jpg 630w, https:\/\/www.eldiario.net\/portal\/wp-content\/uploads\/2024\/10\/IMG_0454-300x200.jpg 300w, https:\/\/www.eldiario.net\/portal\/wp-content\/uploads\/2024\/10\/IMG_0454-1024x683.jpg 1024w, https:\/\/www.eldiario.net\/portal\/wp-content\/uploads\/2024\/10\/IMG_0454-768x512.jpg 768w, https:\/\/www.eldiario.net\/portal\/wp-content\/uploads\/2024\/10\/IMG_0454-696x464.jpg 696w, https:\/\/www.eldiario.net\/portal\/wp-content\/uploads\/2024\/10\/IMG_0454-1068x712.jpg 1068w, https:\/\/www.eldiario.net\/portal\/wp-content\/uploads\/2024\/10\/IMG_0454.jpg 1200w\" sizes=\"(max-width: 630px) 100vw, 630px\" alt=\"\">\r\n                            <\/a>\r\n                            \r\n                        <\/figure>\r\n                    <\/div>\r\n                    <div class = \"td-slide-item td-item3\">\r\n                        <figure class=\"td-slide-galery-figure td-slide-popup-gallery\">\r\n                            <a class=\"slide-gallery-image-link\" href=\"https:\/\/www.eldiario.net\/portal\/wp-content\/uploads\/2024\/10\/DSC_0132.jpg\" title=\"DSC_0132\"  data-caption=\"\"  data-description=\"\">\r\n                                <img decoding=\"async\" src=\"https:\/\/www.eldiario.net\/portal\/wp-content\/uploads\/2024\/10\/DSC_0132-643x420.jpg\" srcset=\"https:\/\/www.eldiario.net\/portal\/wp-content\/uploads\/2024\/10\/DSC_0132-643x420.jpg 643w, https:\/\/www.eldiario.net\/portal\/wp-content\/uploads\/2024\/10\/DSC_0132-300x196.jpg 300w, https:\/\/www.eldiario.net\/portal\/wp-content\/uploads\/2024\/10\/DSC_0132-1024x669.jpg 1024w, https:\/\/www.eldiario.net\/portal\/wp-content\/uploads\/2024\/10\/DSC_0132-768x502.jpg 768w, https:\/\/www.eldiario.net\/portal\/wp-content\/uploads\/2024\/10\/DSC_0132-696x455.jpg 696w, https:\/\/www.eldiario.net\/portal\/wp-content\/uploads\/2024\/10\/DSC_0132-1068x698.jpg 1068w, https:\/\/www.eldiario.net\/portal\/wp-content\/uploads\/2024\/10\/DSC_0132.jpg 1200w\" sizes=\"(max-width: 643px) 100vw, 643px\" alt=\"\">\r\n                            <\/a>\r\n                            \r\n                        <\/figure>\r\n                    <\/div>\r\n                    <div class = \"td-slide-item td-item4\">\r\n                        <figure class=\"td-slide-galery-figure td-slide-popup-gallery\">\r\n                            <a class=\"slide-gallery-image-link\" href=\"https:\/\/www.eldiario.net\/portal\/wp-content\/uploads\/2024\/10\/DSC_0135.jpg\" title=\"DSC_0135\"  data-caption=\"\"  data-description=\"\">\r\n                                <img decoding=\"async\" src=\"https:\/\/www.eldiario.net\/portal\/wp-content\/uploads\/2024\/10\/DSC_0135-665x420.jpg\" srcset=\"https:\/\/www.eldiario.net\/portal\/wp-content\/uploads\/2024\/10\/DSC_0135-665x420.jpg 665w, https:\/\/www.eldiario.net\/portal\/wp-content\/uploads\/2024\/10\/DSC_0135-300x190.jpg 300w, https:\/\/www.eldiario.net\/portal\/wp-content\/uploads\/2024\/10\/DSC_0135-1024x647.jpg 1024w, https:\/\/www.eldiario.net\/portal\/wp-content\/uploads\/2024\/10\/DSC_0135-768x485.jpg 768w, https:\/\/www.eldiario.net\/portal\/wp-content\/uploads\/2024\/10\/DSC_0135-696x440.jpg 696w, https:\/\/www.eldiario.net\/portal\/wp-content\/uploads\/2024\/10\/DSC_0135-1068x675.jpg 1068w, https:\/\/www.eldiario.net\/portal\/wp-content\/uploads\/2024\/10\/DSC_0135.jpg 1200w\" sizes=\"(max-width: 665px) 100vw, 665px\" alt=\"\">\r\n                            <\/a>\r\n                            \r\n                        <\/figure>\r\n                    <\/div>\r\n                    <div class = \"td-slide-item td-item5\">\r\n                        <figure class=\"td-slide-galery-figure td-slide-popup-gallery\">\r\n                            <a class=\"slide-gallery-image-link\" href=\"https:\/\/www.eldiario.net\/portal\/wp-content\/uploads\/2024\/10\/IMG_0393.jpg\" title=\"IMG_0393\"  data-caption=\"\"  data-description=\"\">\r\n                                <img decoding=\"async\" src=\"https:\/\/www.eldiario.net\/portal\/wp-content\/uploads\/2024\/10\/IMG_0393-630x420.jpg\" srcset=\"https:\/\/www.eldiario.net\/portal\/wp-content\/uploads\/2024\/10\/IMG_0393-630x420.jpg 630w, https:\/\/www.eldiario.net\/portal\/wp-content\/uploads\/2024\/10\/IMG_0393-300x200.jpg 300w, https:\/\/www.eldiario.net\/portal\/wp-content\/uploads\/2024\/10\/IMG_0393-1024x683.jpg 1024w, https:\/\/www.eldiario.net\/portal\/wp-content\/uploads\/2024\/10\/IMG_0393-768x512.jpg 768w, https:\/\/www.eldiario.net\/portal\/wp-content\/uploads\/2024\/10\/IMG_0393-696x464.jpg 696w, https:\/\/www.eldiario.net\/portal\/wp-content\/uploads\/2024\/10\/IMG_0393-1068x712.jpg 1068w, https:\/\/www.eldiario.net\/portal\/wp-content\/uploads\/2024\/10\/IMG_0393.jpg 1200w\" sizes=\"(max-width: 630px) 100vw, 630px\" alt=\"\">\r\n                            <\/a>\r\n                            \r\n                        <\/figure>\r\n                    <\/div>\r\n                    <div class = \"td-slide-item td-item6\">\r\n                        <figure class=\"td-slide-galery-figure td-slide-popup-gallery\">\r\n                            <a class=\"slide-gallery-image-link\" href=\"https:\/\/www.eldiario.net\/portal\/wp-content\/uploads\/2024\/10\/IMG_0395.jpg\" title=\"IMG_0395\"  data-caption=\"\"  data-description=\"\">\r\n                                <img decoding=\"async\" src=\"https:\/\/www.eldiario.net\/portal\/wp-content\/uploads\/2024\/10\/IMG_0395-630x420.jpg\" srcset=\"https:\/\/www.eldiario.net\/portal\/wp-content\/uploads\/2024\/10\/IMG_0395-630x420.jpg 630w, https:\/\/www.eldiario.net\/portal\/wp-content\/uploads\/2024\/10\/IMG_0395-300x200.jpg 300w, https:\/\/www.eldiario.net\/portal\/wp-content\/uploads\/2024\/10\/IMG_0395-1024x683.jpg 1024w, https:\/\/www.eldiario.net\/portal\/wp-content\/uploads\/2024\/10\/IMG_0395-768x512.jpg 768w, https:\/\/www.eldiario.net\/portal\/wp-content\/uploads\/2024\/10\/IMG_0395-696x464.jpg 696w, https:\/\/www.eldiario.net\/portal\/wp-content\/uploads\/2024\/10\/IMG_0395-1068x712.jpg 1068w, https:\/\/www.eldiario.net\/portal\/wp-content\/uploads\/2024\/10\/IMG_0395.jpg 1200w\" sizes=\"(max-width: 630px) 100vw, 630px\" alt=\"\">\r\n                            <\/a>\r\n                            \r\n                        <\/figure>\r\n                    <\/div>\r\n                    <div class = \"td-slide-item td-item7\">\r\n                        <figure class=\"td-slide-galery-figure td-slide-popup-gallery\">\r\n                            <a class=\"slide-gallery-image-link\" href=\"https:\/\/www.eldiario.net\/portal\/wp-content\/uploads\/2024\/10\/IMG_0397.jpg\" title=\"IMG_0397\"  data-caption=\"\"  data-description=\"\">\r\n                                <img decoding=\"async\" src=\"https:\/\/www.eldiario.net\/portal\/wp-content\/uploads\/2024\/10\/IMG_0397-630x420.jpg\" srcset=\"https:\/\/www.eldiario.net\/portal\/wp-content\/uploads\/2024\/10\/IMG_0397-630x420.jpg 630w, https:\/\/www.eldiario.net\/portal\/wp-content\/uploads\/2024\/10\/IMG_0397-300x200.jpg 300w, https:\/\/www.eldiario.net\/portal\/wp-content\/uploads\/2024\/10\/IMG_0397-1024x683.jpg 1024w, https:\/\/www.eldiario.net\/portal\/wp-content\/uploads\/2024\/10\/IMG_0397-768x512.jpg 768w, https:\/\/www.eldiario.net\/portal\/wp-content\/uploads\/2024\/10\/IMG_0397-696x464.jpg 696w, https:\/\/www.eldiario.net\/portal\/wp-content\/uploads\/2024\/10\/IMG_0397-1068x712.jpg 1068w, https:\/\/www.eldiario.net\/portal\/wp-content\/uploads\/2024\/10\/IMG_0397.jpg 1200w\" sizes=\"(max-width: 630px) 100vw, 630px\" alt=\"\">\r\n                            <\/a>\r\n                            \r\n                        <\/figure>\r\n                    <\/div>\r\n                    <div class = \"td-slide-item td-item8\">\r\n                        <figure class=\"td-slide-galery-figure td-slide-popup-gallery\">\r\n                            <a class=\"slide-gallery-image-link\" href=\"https:\/\/www.eldiario.net\/portal\/wp-content\/uploads\/2024\/10\/IMG_0399.jpg\" title=\"IMG_0399\"  data-caption=\"\"  data-description=\"\">\r\n                                <img decoding=\"async\" src=\"https:\/\/www.eldiario.net\/portal\/wp-content\/uploads\/2024\/10\/IMG_0399-630x420.jpg\" srcset=\"https:\/\/www.eldiario.net\/portal\/wp-content\/uploads\/2024\/10\/IMG_0399-630x420.jpg 630w, https:\/\/www.eldiario.net\/portal\/wp-content\/uploads\/2024\/10\/IMG_0399-300x200.jpg 300w, https:\/\/www.eldiario.net\/portal\/wp-content\/uploads\/2024\/10\/IMG_0399-1024x683.jpg 1024w, https:\/\/www.eldiario.net\/portal\/wp-content\/uploads\/2024\/10\/IMG_0399-768x512.jpg 768w, https:\/\/www.eldiario.net\/portal\/wp-content\/uploads\/2024\/10\/IMG_0399-696x464.jpg 696w, https:\/\/www.eldiario.net\/portal\/wp-content\/uploads\/2024\/10\/IMG_0399-1068x712.jpg 1068w, https:\/\/www.eldiario.net\/portal\/wp-content\/uploads\/2024\/10\/IMG_0399.jpg 1200w\" sizes=\"(max-width: 630px) 100vw, 630px\" alt=\"\">\r\n                            <\/a>\r\n                            \r\n                        <\/figure>\r\n                    <\/div>\r\n                    <div class = \"td-slide-item td-item9\">\r\n                        <figure class=\"td-slide-galery-figure td-slide-popup-gallery\">\r\n                            <a class=\"slide-gallery-image-link\" href=\"https:\/\/www.eldiario.net\/portal\/wp-content\/uploads\/2024\/10\/IMG_0405.jpg\" title=\"IMG_0405\"  data-caption=\"\"  data-description=\"\">\r\n                                <img decoding=\"async\" src=\"https:\/\/www.eldiario.net\/portal\/wp-content\/uploads\/2024\/10\/IMG_0405-630x420.jpg\" srcset=\"https:\/\/www.eldiario.net\/portal\/wp-content\/uploads\/2024\/10\/IMG_0405-630x420.jpg 630w, https:\/\/www.eldiario.net\/portal\/wp-content\/uploads\/2024\/10\/IMG_0405-300x200.jpg 300w, https:\/\/www.eldiario.net\/portal\/wp-content\/uploads\/2024\/10\/IMG_0405-1024x683.jpg 1024w, https:\/\/www.eldiario.net\/portal\/wp-content\/uploads\/2024\/10\/IMG_0405-768x512.jpg 768w, https:\/\/www.eldiario.net\/portal\/wp-content\/uploads\/2024\/10\/IMG_0405-696x464.jpg 696w, https:\/\/www.eldiario.net\/portal\/wp-content\/uploads\/2024\/10\/IMG_0405-1068x712.jpg 1068w, https:\/\/www.eldiario.net\/portal\/wp-content\/uploads\/2024\/10\/IMG_0405.jpg 1200w\" sizes=\"(max-width: 630px) 100vw, 630px\" alt=\"\">\r\n                            <\/a>\r\n                            \r\n                        <\/figure>\r\n                    <\/div>\r\n                    <div class = \"td-slide-item td-item10\">\r\n                        <figure class=\"td-slide-galery-figure td-slide-popup-gallery\">\r\n                            <a class=\"slide-gallery-image-link\" href=\"https:\/\/www.eldiario.net\/portal\/wp-content\/uploads\/2024\/10\/IMG_0408.jpg\" title=\"IMG_0408\"  data-caption=\"\"  data-description=\"\">\r\n                                <img decoding=\"async\" src=\"https:\/\/www.eldiario.net\/portal\/wp-content\/uploads\/2024\/10\/IMG_0408-630x420.jpg\" srcset=\"https:\/\/www.eldiario.net\/portal\/wp-content\/uploads\/2024\/10\/IMG_0408-630x420.jpg 630w, https:\/\/www.eldiario.net\/portal\/wp-content\/uploads\/2024\/10\/IMG_0408-300x200.jpg 300w, https:\/\/www.eldiario.net\/portal\/wp-content\/uploads\/2024\/10\/IMG_0408-1024x683.jpg 1024w, https:\/\/www.eldiario.net\/portal\/wp-content\/uploads\/2024\/10\/IMG_0408-768x512.jpg 768w, https:\/\/www.eldiario.net\/portal\/wp-content\/uploads\/2024\/10\/IMG_0408-696x464.jpg 696w, https:\/\/www.eldiario.net\/portal\/wp-content\/uploads\/2024\/10\/IMG_0408-1068x712.jpg 1068w, https:\/\/www.eldiario.net\/portal\/wp-content\/uploads\/2024\/10\/IMG_0408.jpg 1200w\" sizes=\"(max-width: 630px) 100vw, 630px\" alt=\"\">\r\n                            <\/a>\r\n                            \r\n                        <\/figure>\r\n                    <\/div>\r\n                    <div class = \"td-slide-item td-item11\">\r\n                        <figure class=\"td-slide-galery-figure td-slide-popup-gallery\">\r\n                            <a class=\"slide-gallery-image-link\" href=\"https:\/\/www.eldiario.net\/portal\/wp-content\/uploads\/2024\/10\/IMG_0415.jpg\" title=\"IMG_0415\"  data-caption=\"\"  data-description=\"\">\r\n                                <img decoding=\"async\" src=\"https:\/\/www.eldiario.net\/portal\/wp-content\/uploads\/2024\/10\/IMG_0415-280x420.jpg\" srcset=\"https:\/\/www.eldiario.net\/portal\/wp-content\/uploads\/2024\/10\/IMG_0415-280x420.jpg 280w, https:\/\/www.eldiario.net\/portal\/wp-content\/uploads\/2024\/10\/IMG_0415-200x300.jpg 200w, https:\/\/www.eldiario.net\/portal\/wp-content\/uploads\/2024\/10\/IMG_0415-683x1024.jpg 683w, https:\/\/www.eldiario.net\/portal\/wp-content\/uploads\/2024\/10\/IMG_0415-768x1152.jpg 768w, https:\/\/www.eldiario.net\/portal\/wp-content\/uploads\/2024\/10\/IMG_0415-1024x1536.jpg 1024w, https:\/\/www.eldiario.net\/portal\/wp-content\/uploads\/2024\/10\/IMG_0415-696x1044.jpg 696w, https:\/\/www.eldiario.net\/portal\/wp-content\/uploads\/2024\/10\/IMG_0415-1068x1602.jpg 1068w, https:\/\/www.eldiario.net\/portal\/wp-content\/uploads\/2024\/10\/IMG_0415.jpg 1200w\" sizes=\"(max-width: 280px) 100vw, 280px\" alt=\"\">\r\n                            <\/a>\r\n                            \r\n                        <\/figure>\r\n                    <\/div>\r\n                    <div class = \"td-slide-item td-item12\">\r\n                        <figure class=\"td-slide-galery-figure td-slide-popup-gallery\">\r\n                            <a class=\"slide-gallery-image-link\" href=\"https:\/\/www.eldiario.net\/portal\/wp-content\/uploads\/2024\/10\/IMG_0421.jpg\" title=\"IMG_0421\"  data-caption=\"\"  data-description=\"\">\r\n                                <img decoding=\"async\" src=\"https:\/\/www.eldiario.net\/portal\/wp-content\/uploads\/2024\/10\/IMG_0421-630x420.jpg\" srcset=\"https:\/\/www.eldiario.net\/portal\/wp-content\/uploads\/2024\/10\/IMG_0421-630x420.jpg 630w, https:\/\/www.eldiario.net\/portal\/wp-content\/uploads\/2024\/10\/IMG_0421-300x200.jpg 300w, https:\/\/www.eldiario.net\/portal\/wp-content\/uploads\/2024\/10\/IMG_0421-1024x683.jpg 1024w, https:\/\/www.eldiario.net\/portal\/wp-content\/uploads\/2024\/10\/IMG_0421-768x512.jpg 768w, https:\/\/www.eldiario.net\/portal\/wp-content\/uploads\/2024\/10\/IMG_0421-696x464.jpg 696w, https:\/\/www.eldiario.net\/portal\/wp-content\/uploads\/2024\/10\/IMG_0421-1068x712.jpg 1068w, https:\/\/www.eldiario.net\/portal\/wp-content\/uploads\/2024\/10\/IMG_0421.jpg 1200w\" sizes=\"(max-width: 630px) 100vw, 630px\" alt=\"\">\r\n                            <\/a>\r\n                            \r\n                        <\/figure>\r\n                    <\/div>\r\n                    <div class = \"td-slide-item td-item13\">\r\n                        <figure class=\"td-slide-galery-figure td-slide-popup-gallery\">\r\n                            <a class=\"slide-gallery-image-link\" href=\"https:\/\/www.eldiario.net\/portal\/wp-content\/uploads\/2024\/10\/IMG_0425.jpg\" title=\"IMG_0425\"  data-caption=\"\"  data-description=\"\">\r\n                                <img decoding=\"async\" src=\"https:\/\/www.eldiario.net\/portal\/wp-content\/uploads\/2024\/10\/IMG_0425-630x420.jpg\" srcset=\"https:\/\/www.eldiario.net\/portal\/wp-content\/uploads\/2024\/10\/IMG_0425-630x420.jpg 630w, https:\/\/www.eldiario.net\/portal\/wp-content\/uploads\/2024\/10\/IMG_0425-300x200.jpg 300w, https:\/\/www.eldiario.net\/portal\/wp-content\/uploads\/2024\/10\/IMG_0425-1024x683.jpg 1024w, https:\/\/www.eldiario.net\/portal\/wp-content\/uploads\/2024\/10\/IMG_0425-768x512.jpg 768w, https:\/\/www.eldiario.net\/portal\/wp-content\/uploads\/2024\/10\/IMG_0425-696x464.jpg 696w, https:\/\/www.eldiario.net\/portal\/wp-content\/uploads\/2024\/10\/IMG_0425-1068x712.jpg 1068w, https:\/\/www.eldiario.net\/portal\/wp-content\/uploads\/2024\/10\/IMG_0425.jpg 1200w\" sizes=\"(max-width: 630px) 100vw, 630px\" alt=\"\">\r\n                            <\/a>\r\n                            \r\n                        <\/figure>\r\n                    <\/div>\r\n                    <div class = \"td-slide-item td-item14\">\r\n                        <figure class=\"td-slide-galery-figure td-slide-popup-gallery\">\r\n                            <a class=\"slide-gallery-image-link\" href=\"https:\/\/www.eldiario.net\/portal\/wp-content\/uploads\/2024\/10\/IMG_0429.jpg\" title=\"IMG_0429\"  data-caption=\"\"  data-description=\"\">\r\n                                <img decoding=\"async\" src=\"https:\/\/www.eldiario.net\/portal\/wp-content\/uploads\/2024\/10\/IMG_0429-630x420.jpg\" srcset=\"https:\/\/www.eldiario.net\/portal\/wp-content\/uploads\/2024\/10\/IMG_0429-630x420.jpg 630w, https:\/\/www.eldiario.net\/portal\/wp-content\/uploads\/2024\/10\/IMG_0429-300x200.jpg 300w, https:\/\/www.eldiario.net\/portal\/wp-content\/uploads\/2024\/10\/IMG_0429-1024x683.jpg 1024w, https:\/\/www.eldiario.net\/portal\/wp-content\/uploads\/2024\/10\/IMG_0429-768x512.jpg 768w, https:\/\/www.eldiario.net\/portal\/wp-content\/uploads\/2024\/10\/IMG_0429-696x464.jpg 696w, https:\/\/www.eldiario.net\/portal\/wp-content\/uploads\/2024\/10\/IMG_0429-1068x712.jpg 1068w, https:\/\/www.eldiario.net\/portal\/wp-content\/uploads\/2024\/10\/IMG_0429.jpg 1200w\" sizes=\"(max-width: 630px) 100vw, 630px\" alt=\"\">\r\n                            <\/a>\r\n                            \r\n                        <\/figure>\r\n                    <\/div>\r\n                    <div class = \"td-slide-item td-item15\">\r\n                        <figure class=\"td-slide-galery-figure td-slide-popup-gallery\">\r\n                            <a class=\"slide-gallery-image-link\" href=\"https:\/\/www.eldiario.net\/portal\/wp-content\/uploads\/2024\/10\/IMG_0432.jpg\" title=\"IMG_0432\"  data-caption=\"\"  data-description=\"\">\r\n                                <img decoding=\"async\" src=\"https:\/\/www.eldiario.net\/portal\/wp-content\/uploads\/2024\/10\/IMG_0432-630x420.jpg\" srcset=\"https:\/\/www.eldiario.net\/portal\/wp-content\/uploads\/2024\/10\/IMG_0432-630x420.jpg 630w, https:\/\/www.eldiario.net\/portal\/wp-content\/uploads\/2024\/10\/IMG_0432-300x200.jpg 300w, https:\/\/www.eldiario.net\/portal\/wp-content\/uploads\/2024\/10\/IMG_0432-1024x683.jpg 1024w, https:\/\/www.eldiario.net\/portal\/wp-content\/uploads\/2024\/10\/IMG_0432-768x512.jpg 768w, https:\/\/www.eldiario.net\/portal\/wp-content\/uploads\/2024\/10\/IMG_0432-696x464.jpg 696w, https:\/\/www.eldiario.net\/portal\/wp-content\/uploads\/2024\/10\/IMG_0432-1068x712.jpg 1068w, https:\/\/www.eldiario.net\/portal\/wp-content\/uploads\/2024\/10\/IMG_0432.jpg 1200w\" sizes=\"(max-width: 630px) 100vw, 630px\" alt=\"\">\r\n                            <\/a>\r\n                            \r\n                        <\/figure>\r\n                    <\/div>\r\n                    <div class = \"td-slide-item td-item16\">\r\n                        <figure class=\"td-slide-galery-figure td-slide-popup-gallery\">\r\n                            <a class=\"slide-gallery-image-link\" href=\"https:\/\/www.eldiario.net\/portal\/wp-content\/uploads\/2024\/10\/IMG_0437.jpg\" title=\"IMG_0437\"  data-caption=\"\"  data-description=\"\">\r\n                                <img decoding=\"async\" src=\"https:\/\/www.eldiario.net\/portal\/wp-content\/uploads\/2024\/10\/IMG_0437-630x420.jpg\" srcset=\"https:\/\/www.eldiario.net\/portal\/wp-content\/uploads\/2024\/10\/IMG_0437-630x420.jpg 630w, https:\/\/www.eldiario.net\/portal\/wp-content\/uploads\/2024\/10\/IMG_0437-300x200.jpg 300w, https:\/\/www.eldiario.net\/portal\/wp-content\/uploads\/2024\/10\/IMG_0437-1024x683.jpg 1024w, https:\/\/www.eldiario.net\/portal\/wp-content\/uploads\/2024\/10\/IMG_0437-768x512.jpg 768w, https:\/\/www.eldiario.net\/portal\/wp-content\/uploads\/2024\/10\/IMG_0437-696x464.jpg 696w, https:\/\/www.eldiario.net\/portal\/wp-content\/uploads\/2024\/10\/IMG_0437-1068x712.jpg 1068w, https:\/\/www.eldiario.net\/portal\/wp-content\/uploads\/2024\/10\/IMG_0437.jpg 1200w\" sizes=\"(max-width: 630px) 100vw, 630px\" alt=\"\">\r\n                            <\/a>\r\n                            \r\n                        <\/figure>\r\n                    <\/div>\r\n                            <\/div>\r\n                        <\/div>\r\n\r\n                        <div class = \"td-doubleSlider-2\">\r\n                            <div class = \"td-slider\">\r\n                                \r\n                    <div class = \"td-button td-item1\">\r\n                        <div class = \"td-border\"><\/div>\r\n                    <\/div>\r\n                    <div class = \"td-button td-item2\">\r\n                        <div class = \"td-border\"><\/div>\r\n                    <\/div>\r\n                    <div class = \"td-button td-item3\">\r\n                        <div class = \"td-border\"><\/div>\r\n                    <\/div>\r\n                    <div class = \"td-button td-item4\">\r\n                        <div class = \"td-border\"><\/div>\r\n                    <\/div>\r\n                    <div class = \"td-button td-item5\">\r\n                        <div class = \"td-border\"><\/div>\r\n                    <\/div>\r\n                    <div class = \"td-button td-item6\">\r\n                        <div class = \"td-border\"><\/div>\r\n                    <\/div>\r\n                    <div class = \"td-button td-item7\">\r\n                        <div class = \"td-border\"><\/div>\r\n                    <\/div>\r\n                    <div class = \"td-button td-item8\">\r\n                        <div class = \"td-border\"><\/div>\r\n                    <\/div>\r\n                    <div class = \"td-button td-item9\">\r\n                        <div class = \"td-border\"><\/div>\r\n                    <\/div>\r\n                    <div class = \"td-button td-item10\">\r\n                        <div class = \"td-border\"><\/div>\r\n                    <\/div>\r\n                    <div class = \"td-button td-item11\">\r\n                        <div class = \"td-border\"><\/div>\r\n                    <\/div>\r\n                    <div class = \"td-button td-item12\">\r\n                        <div class = \"td-border\"><\/div>\r\n                    <\/div>\r\n                    <div class = \"td-button td-item13\">\r\n                        <div class = \"td-border\"><\/div>\r\n                    <\/div>\r\n                    <div class = \"td-button td-item14\">\r\n                        <div class = \"td-border\"><\/div>\r\n                    <\/div>\r\n                    <div class = \"td-button td-item15\">\r\n                        <div class = \"td-border\"><\/div>\r\n                    <\/div>\r\n                    <div class = \"td-button td-item16\">\r\n                        <div class = \"td-border\"><\/div>\r\n                    <\/div>\r\n                            <\/div>\r\n                        <\/div>\r\n\r\n                    <\/div>\r\n\r\n                <\/div>\r\n                \n","protected":false},"excerpt":{"rendered":"<p>M\u00e1s de un centenar de ex becarios de Corea se reunieron en el encuentro de fin de a\u00f1o, que anualmente organizan la Embajada de Corea, la Agencia de Cooperaci\u00f3n Internacional de Corea (KOICA) y la Asociaci\u00f3n Boliviana de Ex Becarios de Corea (BAAK). La velada cont\u00f3 con la presencia del embajador de la Rep\u00fablica de [&hellip;]<\/p>\n","protected":false},"author":1,"featured_media":256402,"comment_status":"closed","ping_status":"open","sticky":false,"template":"","format":"standard","meta":{"_acf_changed":false,"footnotes":""},"categories":[40],"tags":[],"class_list":["post-256398","post","type-post","status-publish","format-standard","has-post-thumbnail","category-sociales"],"acf":{"antetitulo":""},"yoast_head":"<!-- This site is optimized with the Yoast SEO plugin v28.3 - https:\/\/yoast.com\/product\/yoast-seo-wordpress\/ -->\n<title>Ex becarios de KOICA tuvieron su reuni\u00f3n de fin de a\u00f1o - El Diario - Bolivia<\/title>\n<meta name=\"robots\" content=\"index, follow, max-snippet:-1, max-image-preview:large, max-video-preview:-1\" \/>\n<link rel=\"canonical\" href=\"https:\/\/www.eldiario.net\/portal\/2024\/10\/25\/ex-becarios-de-koica-tuvieron-su-reunion-de-fin-de-ano\/\" \/>\n<meta property=\"og:locale\" content=\"es_ES\" \/>\n<meta property=\"og:type\" content=\"article\" \/>\n<meta property=\"og:title\" content=\"Ex becarios de KOICA tuvieron su reuni\u00f3n de fin de a\u00f1o - El Diario - Bolivia\" \/>\n<meta property=\"og:description\" content=\"M\u00e1s de un centenar de ex becarios de Corea se reunieron en el encuentro de fin de a\u00f1o, que anualmente organizan la Embajada de Corea, la Agencia de Cooperaci\u00f3n Internacional de Corea (KOICA) y la Asociaci\u00f3n Boliviana de Ex Becarios de Corea (BAAK). La velada cont\u00f3 con la presencia del embajador de la Rep\u00fablica de [&hellip;]\" \/>\n<meta property=\"og:url\" content=\"https:\/\/www.eldiario.net\/portal\/2024\/10\/25\/ex-becarios-de-koica-tuvieron-su-reunion-de-fin-de-ano\/\" \/>\n<meta property=\"og:site_name\" content=\"El Diario - Bolivia\" \/>\n<meta property=\"article:publisher\" content=\"https:\/\/www.facebook.com\/eldiario.bolivia\/\" \/>\n<meta property=\"article:published_time\" content=\"2024-10-25T10:31:57+00:00\" \/>\n<meta property=\"article:modified_time\" content=\"2024-10-25T20:12:36+00:00\" \/>\n<meta property=\"og:image\" content=\"https:\/\/www.eldiario.net\/portal\/wp-content\/uploads\/2024\/10\/DSC_0135.jpg\" \/>\n\t<meta property=\"og:image:width\" content=\"1200\" \/>\n\t<meta property=\"og:image:height\" content=\"758\" \/>\n\t<meta property=\"og:image:type\" content=\"image\/jpeg\" \/>\n<meta name=\"author\" content=\"Jeanette\" \/>\n<meta name=\"twitter:card\" content=\"summary_large_image\" \/>\n<meta name=\"twitter:creator\" content=\"@eldiario_net\" \/>\n<meta name=\"twitter:site\" content=\"@eldiario_net\" \/>\n<meta name=\"twitter:label1\" content=\"Escrito por\" \/>\n\t<meta name=\"twitter:data1\" content=\"Jeanette\" \/>\n\t<meta name=\"twitter:label2\" content=\"Tiempo de lectura\" \/>\n\t<meta name=\"twitter:data2\" content=\"2 minutos\" \/>\n<script type=\"application\/ld+json\" class=\"yoast-schema-graph\">{\"@context\":\"https:\\\/\\\/schema.org\",\"@graph\":[{\"@type\":\"Article\",\"@id\":\"https:\\\/\\\/www.eldiario.net\\\/portal\\\/2024\\\/10\\\/25\\\/ex-becarios-de-koica-tuvieron-su-reunion-de-fin-de-ano\\\/#article\",\"isPartOf\":{\"@id\":\"https:\\\/\\\/www.eldiario.net\\\/portal\\\/2024\\\/10\\\/25\\\/ex-becarios-de-koica-tuvieron-su-reunion-de-fin-de-ano\\\/\"},\"author\":{\"name\":\"Jeanette\",\"@id\":\"https:\\\/\\\/www.eldiario.net\\\/portal\\\/#\\\/schema\\\/person\\\/f46445640444750d7d753ccd04ae01b7\"},\"headline\":\"Ex becarios de KOICA tuvieron su reuni\u00f3n de fin de a\u00f1o\",\"datePublished\":\"2024-10-25T10:31:57+00:00\",\"dateModified\":\"2024-10-25T20:12:36+00:00\",\"mainEntityOfPage\":{\"@id\":\"https:\\\/\\\/www.eldiario.net\\\/portal\\\/2024\\\/10\\\/25\\\/ex-becarios-de-koica-tuvieron-su-reunion-de-fin-de-ano\\\/\"},\"wordCount\":220,\"publisher\":{\"@id\":\"https:\\\/\\\/www.eldiario.net\\\/portal\\\/#organization\"},\"image\":{\"@id\":\"https:\\\/\\\/www.eldiario.net\\\/portal\\\/2024\\\/10\\\/25\\\/ex-becarios-de-koica-tuvieron-su-reunion-de-fin-de-ano\\\/#primaryimage\"},\"thumbnailUrl\":\"https:\\\/\\\/www.eldiario.net\\\/portal\\\/wp-content\\\/uploads\\\/2024\\\/10\\\/DSC_0135.jpg\",\"articleSection\":[\"Sociales\"],\"inLanguage\":\"es\"},{\"@type\":\"WebPage\",\"@id\":\"https:\\\/\\\/www.eldiario.net\\\/portal\\\/2024\\\/10\\\/25\\\/ex-becarios-de-koica-tuvieron-su-reunion-de-fin-de-ano\\\/\",\"url\":\"https:\\\/\\\/www.eldiario.net\\\/portal\\\/2024\\\/10\\\/25\\\/ex-becarios-de-koica-tuvieron-su-reunion-de-fin-de-ano\\\/\",\"name\":\"Ex becarios de KOICA tuvieron su reuni\u00f3n de fin de a\u00f1o - El Diario - Bolivia\",\"isPartOf\":{\"@id\":\"https:\\\/\\\/www.eldiario.net\\\/portal\\\/#website\"},\"primaryImageOfPage\":{\"@id\":\"https:\\\/\\\/www.eldiario.net\\\/portal\\\/2024\\\/10\\\/25\\\/ex-becarios-de-koica-tuvieron-su-reunion-de-fin-de-ano\\\/#primaryimage\"},\"image\":{\"@id\":\"https:\\\/\\\/www.eldiario.net\\\/portal\\\/2024\\\/10\\\/25\\\/ex-becarios-de-koica-tuvieron-su-reunion-de-fin-de-ano\\\/#primaryimage\"},\"thumbnailUrl\":\"https:\\\/\\\/www.eldiario.net\\\/portal\\\/wp-content\\\/uploads\\\/2024\\\/10\\\/DSC_0135.jpg\",\"datePublished\":\"2024-10-25T10:31:57+00:00\",\"dateModified\":\"2024-10-25T20:12:36+00:00\",\"breadcrumb\":{\"@id\":\"https:\\\/\\\/www.eldiario.net\\\/portal\\\/2024\\\/10\\\/25\\\/ex-becarios-de-koica-tuvieron-su-reunion-de-fin-de-ano\\\/#breadcrumb\"},\"inLanguage\":\"es\",\"potentialAction\":[{\"@type\":\"ReadAction\",\"target\":[\"https:\\\/\\\/www.eldiario.net\\\/portal\\\/2024\\\/10\\\/25\\\/ex-becarios-de-koica-tuvieron-su-reunion-de-fin-de-ano\\\/\"]}]},{\"@type\":\"ImageObject\",\"inLanguage\":\"es\",\"@id\":\"https:\\\/\\\/www.eldiario.net\\\/portal\\\/2024\\\/10\\\/25\\\/ex-becarios-de-koica-tuvieron-su-reunion-de-fin-de-ano\\\/#primaryimage\",\"url\":\"https:\\\/\\\/www.eldiario.net\\\/portal\\\/wp-content\\\/uploads\\\/2024\\\/10\\\/DSC_0135.jpg\",\"contentUrl\":\"https:\\\/\\\/www.eldiario.net\\\/portal\\\/wp-content\\\/uploads\\\/2024\\\/10\\\/DSC_0135.jpg\",\"width\":1200,\"height\":758},{\"@type\":\"BreadcrumbList\",\"@id\":\"https:\\\/\\\/www.eldiario.net\\\/portal\\\/2024\\\/10\\\/25\\\/ex-becarios-de-koica-tuvieron-su-reunion-de-fin-de-ano\\\/#breadcrumb\",\"itemListElement\":[{\"@type\":\"ListItem\",\"position\":1,\"name\":\"Portada\",\"item\":\"https:\\\/\\\/www.eldiario.net\\\/portal\\\/\"},{\"@type\":\"ListItem\",\"position\":2,\"name\":\"Ex becarios de KOICA tuvieron su reuni\u00f3n de fin de a\u00f1o\"}]},{\"@type\":\"WebSite\",\"@id\":\"https:\\\/\\\/www.eldiario.net\\\/portal\\\/#website\",\"url\":\"https:\\\/\\\/www.eldiario.net\\\/portal\\\/\",\"name\":\"El Diario - Decano de la prensa nacional\",\"description\":\"El Diario - Decano de la prensa nacional\",\"publisher\":{\"@id\":\"https:\\\/\\\/www.eldiario.net\\\/portal\\\/#organization\"},\"potentialAction\":[{\"@type\":\"SearchAction\",\"target\":{\"@type\":\"EntryPoint\",\"urlTemplate\":\"https:\\\/\\\/www.eldiario.net\\\/portal\\\/?s={search_term_string}\"},\"query-input\":{\"@type\":\"PropertyValueSpecification\",\"valueRequired\":true,\"valueName\":\"search_term_string\"}}],\"inLanguage\":\"es\"},{\"@type\":\"Organization\",\"@id\":\"https:\\\/\\\/www.eldiario.net\\\/portal\\\/#organization\",\"name\":\"El Diario - Decano de la prensa nacional\",\"url\":\"https:\\\/\\\/www.eldiario.net\\\/portal\\\/\",\"logo\":{\"@type\":\"ImageObject\",\"inLanguage\":\"es\",\"@id\":\"https:\\\/\\\/www.eldiario.net\\\/portal\\\/#\\\/schema\\\/logo\\\/image\\\/\",\"url\":\"https:\\\/\\\/www.eldiario.net\\\/portal\\\/wp-content\\\/uploads\\\/2023\\\/07\\\/logo_ED.jpg\",\"contentUrl\":\"https:\\\/\\\/www.eldiario.net\\\/portal\\\/wp-content\\\/uploads\\\/2023\\\/07\\\/logo_ED.jpg\",\"width\":272,\"height\":52,\"caption\":\"El Diario - Decano de la prensa nacional\"},\"image\":{\"@id\":\"https:\\\/\\\/www.eldiario.net\\\/portal\\\/#\\\/schema\\\/logo\\\/image\\\/\"},\"sameAs\":[\"https:\\\/\\\/www.facebook.com\\\/eldiario.bolivia\\\/\",\"https:\\\/\\\/x.com\\\/eldiario_net\"]},{\"@type\":\"Person\",\"@id\":\"https:\\\/\\\/www.eldiario.net\\\/portal\\\/#\\\/schema\\\/person\\\/f46445640444750d7d753ccd04ae01b7\",\"name\":\"Jeanette\",\"image\":{\"@type\":\"ImageObject\",\"inLanguage\":\"es\",\"@id\":\"https:\\\/\\\/secure.gravatar.com\\\/avatar\\\/3ea2118a5f7dad2b7138b1187a6b7ee55f160b9968b66013c3a3ef39dd7e5798?s=96&d=mm&r=g\",\"url\":\"https:\\\/\\\/secure.gravatar.com\\\/avatar\\\/3ea2118a5f7dad2b7138b1187a6b7ee55f160b9968b66013c3a3ef39dd7e5798?s=96&d=mm&r=g\",\"contentUrl\":\"https:\\\/\\\/secure.gravatar.com\\\/avatar\\\/3ea2118a5f7dad2b7138b1187a6b7ee55f160b9968b66013c3a3ef39dd7e5798?s=96&d=mm&r=g\",\"caption\":\"Jeanette\"},\"sameAs\":[\"https:\\\/\\\/www.eldiario.net\\\/portal\"],\"url\":\"https:\\\/\\\/www.eldiario.net\\\/portal\\\/author\\\/jeanette\\\/\"}]}<\/script>\n<!-- \/ Yoast SEO plugin. -->","yoast_head_json":{"title":"Ex becarios de KOICA tuvieron su reuni\u00f3n de fin de a\u00f1o - El Diario - Bolivia","robots":{"index":"index","follow":"follow","max-snippet":"max-snippet:-1","max-image-preview":"max-image-preview:large","max-video-preview":"max-video-preview:-1"},"canonical":"https:\/\/www.eldiario.net\/portal\/2024\/10\/25\/ex-becarios-de-koica-tuvieron-su-reunion-de-fin-de-ano\/","og_locale":"es_ES","og_type":"article","og_title":"Ex becarios de KOICA tuvieron su reuni\u00f3n de fin de a\u00f1o - El Diario - Bolivia","og_description":"M\u00e1s de un centenar de ex becarios de Corea se reunieron en el encuentro de fin de a\u00f1o, que anualmente organizan la Embajada de Corea, la Agencia de Cooperaci\u00f3n Internacional de Corea (KOICA) y la Asociaci\u00f3n Boliviana de Ex Becarios de Corea (BAAK). La velada cont\u00f3 con la presencia del embajador de la Rep\u00fablica de [&hellip;]","og_url":"https:\/\/www.eldiario.net\/portal\/2024\/10\/25\/ex-becarios-de-koica-tuvieron-su-reunion-de-fin-de-ano\/","og_site_name":"El Diario - Bolivia","article_publisher":"https:\/\/www.facebook.com\/eldiario.bolivia\/","article_published_time":"2024-10-25T10:31:57+00:00","article_modified_time":"2024-10-25T20:12:36+00:00","og_image":[{"width":1200,"height":758,"url":"https:\/\/www.eldiario.net\/portal\/wp-content\/uploads\/2024\/10\/DSC_0135.jpg","type":"image\/jpeg"}],"author":"Jeanette","twitter_card":"summary_large_image","twitter_creator":"@eldiario_net","twitter_site":"@eldiario_net","twitter_misc":{"Escrito por":"Jeanette","Tiempo de lectura":"2 minutos"},"schema":{"@context":"https:\/\/schema.org","@graph":[{"@type":"Article","@id":"https:\/\/www.eldiario.net\/portal\/2024\/10\/25\/ex-becarios-de-koica-tuvieron-su-reunion-de-fin-de-ano\/#article","isPartOf":{"@id":"https:\/\/www.eldiario.net\/portal\/2024\/10\/25\/ex-becarios-de-koica-tuvieron-su-reunion-de-fin-de-ano\/"},"author":{"name":"Jeanette","@id":"https:\/\/www.eldiario.net\/portal\/#\/schema\/person\/f46445640444750d7d753ccd04ae01b7"},"headline":"Ex becarios de KOICA tuvieron su reuni\u00f3n de fin de a\u00f1o","datePublished":"2024-10-25T10:31:57+00:00","dateModified":"2024-10-25T20:12:36+00:00","mainEntityOfPage":{"@id":"https:\/\/www.eldiario.net\/portal\/2024\/10\/25\/ex-becarios-de-koica-tuvieron-su-reunion-de-fin-de-ano\/"},"wordCount":220,"publisher":{"@id":"https:\/\/www.eldiario.net\/portal\/#organization"},"image":{"@id":"https:\/\/www.eldiario.net\/portal\/2024\/10\/25\/ex-becarios-de-koica-tuvieron-su-reunion-de-fin-de-ano\/#primaryimage"},"thumbnailUrl":"https:\/\/www.eldiario.net\/portal\/wp-content\/uploads\/2024\/10\/DSC_0135.jpg","articleSection":["Sociales"],"inLanguage":"es"},{"@type":"WebPage","@id":"https:\/\/www.eldiario.net\/portal\/2024\/10\/25\/ex-becarios-de-koica-tuvieron-su-reunion-de-fin-de-ano\/","url":"https:\/\/www.eldiario.net\/portal\/2024\/10\/25\/ex-becarios-de-koica-tuvieron-su-reunion-de-fin-de-ano\/","name":"Ex becarios de KOICA tuvieron su reuni\u00f3n de fin de a\u00f1o - El Diario - Bolivia","isPartOf":{"@id":"https:\/\/www.eldiario.net\/portal\/#website"},"primaryImageOfPage":{"@id":"https:\/\/www.eldiario.net\/portal\/2024\/10\/25\/ex-becarios-de-koica-tuvieron-su-reunion-de-fin-de-ano\/#primaryimage"},"image":{"@id":"https:\/\/www.eldiario.net\/portal\/2024\/10\/25\/ex-becarios-de-koica-tuvieron-su-reunion-de-fin-de-ano\/#primaryimage"},"thumbnailUrl":"https:\/\/www.eldiario.net\/portal\/wp-content\/uploads\/2024\/10\/DSC_0135.jpg","datePublished":"2024-10-25T10:31:57+00:00","dateModified":"2024-10-25T20:12:36+00:00","breadcrumb":{"@id":"https:\/\/www.eldiario.net\/portal\/2024\/10\/25\/ex-becarios-de-koica-tuvieron-su-reunion-de-fin-de-ano\/#breadcrumb"},"inLanguage":"es","potentialAction":[{"@type":"ReadAction","target":["https:\/\/www.eldiario.net\/portal\/2024\/10\/25\/ex-becarios-de-koica-tuvieron-su-reunion-de-fin-de-ano\/"]}]},{"@type":"ImageObject","inLanguage":"es","@id":"https:\/\/www.eldiario.net\/portal\/2024\/10\/25\/ex-becarios-de-koica-tuvieron-su-reunion-de-fin-de-ano\/#primaryimage","url":"https:\/\/www.eldiario.net\/portal\/wp-content\/uploads\/2024\/10\/DSC_0135.jpg","contentUrl":"https:\/\/www.eldiario.net\/portal\/wp-content\/uploads\/2024\/10\/DSC_0135.jpg","width":1200,"height":758},{"@type":"BreadcrumbList","@id":"https:\/\/www.eldiario.net\/portal\/2024\/10\/25\/ex-becarios-de-koica-tuvieron-su-reunion-de-fin-de-ano\/#breadcrumb","itemListElement":[{"@type":"ListItem","position":1,"name":"Portada","item":"https:\/\/www.eldiario.net\/portal\/"},{"@type":"ListItem","position":2,"name":"Ex becarios de KOICA tuvieron su reuni\u00f3n de fin de a\u00f1o"}]},{"@type":"WebSite","@id":"https:\/\/www.eldiario.net\/portal\/#website","url":"https:\/\/www.eldiario.net\/portal\/","name":"El Diario - Decano de la prensa nacional","description":"El Diario - Decano de la prensa nacional","publisher":{"@id":"https:\/\/www.eldiario.net\/portal\/#organization"},"potentialAction":[{"@type":"SearchAction","target":{"@type":"EntryPoint","urlTemplate":"https:\/\/www.eldiario.net\/portal\/?s={search_term_string}"},"query-input":{"@type":"PropertyValueSpecification","valueRequired":true,"valueName":"search_term_string"}}],"inLanguage":"es"},{"@type":"Organization","@id":"https:\/\/www.eldiario.net\/portal\/#organization","name":"El Diario - Decano de la prensa nacional","url":"https:\/\/www.eldiario.net\/portal\/","logo":{"@type":"ImageObject","inLanguage":"es","@id":"https:\/\/www.eldiario.net\/portal\/#\/schema\/logo\/image\/","url":"https:\/\/www.eldiario.net\/portal\/wp-content\/uploads\/2023\/07\/logo_ED.jpg","contentUrl":"https:\/\/www.eldiario.net\/portal\/wp-content\/uploads\/2023\/07\/logo_ED.jpg","width":272,"height":52,"caption":"El Diario - Decano de la prensa nacional"},"image":{"@id":"https:\/\/www.eldiario.net\/portal\/#\/schema\/logo\/image\/"},"sameAs":["https:\/\/www.facebook.com\/eldiario.bolivia\/","https:\/\/x.com\/eldiario_net"]},{"@type":"Person","@id":"https:\/\/www.eldiario.net\/portal\/#\/schema\/person\/f46445640444750d7d753ccd04ae01b7","name":"Jeanette","image":{"@type":"ImageObject","inLanguage":"es","@id":"https:\/\/secure.gravatar.com\/avatar\/3ea2118a5f7dad2b7138b1187a6b7ee55f160b9968b66013c3a3ef39dd7e5798?s=96&d=mm&r=g","url":"https:\/\/secure.gravatar.com\/avatar\/3ea2118a5f7dad2b7138b1187a6b7ee55f160b9968b66013c3a3ef39dd7e5798?s=96&d=mm&r=g","contentUrl":"https:\/\/secure.gravatar.com\/avatar\/3ea2118a5f7dad2b7138b1187a6b7ee55f160b9968b66013c3a3ef39dd7e5798?s=96&d=mm&r=g","caption":"Jeanette"},"sameAs":["https:\/\/www.eldiario.net\/portal"],"url":"https:\/\/www.eldiario.net\/portal\/author\/jeanette\/"}]}},"_links":{"self":[{"href":"https:\/\/www.eldiario.net\/portal\/wp-json\/wp\/v2\/posts\/256398","targetHints":{"allow":["GET"]}}],"collection":[{"href":"https:\/\/www.eldiario.net\/portal\/wp-json\/wp\/v2\/posts"}],"about":[{"href":"https:\/\/www.eldiario.net\/portal\/wp-json\/wp\/v2\/types\/post"}],"author":[{"embeddable":true,"href":"https:\/\/www.eldiario.net\/portal\/wp-json\/wp\/v2\/users\/1"}],"replies":[{"embeddable":true,"href":"https:\/\/www.eldiario.net\/portal\/wp-json\/wp\/v2\/comments?post=256398"}],"version-history":[{"count":2,"href":"https:\/\/www.eldiario.net\/portal\/wp-json\/wp\/v2\/posts\/256398\/revisions"}],"predecessor-version":[{"id":256474,"href":"https:\/\/www.eldiario.net\/portal\/wp-json\/wp\/v2\/posts\/256398\/revisions\/256474"}],"wp:featuredmedia":[{"embeddable":true,"href":"https:\/\/www.eldiario.net\/portal\/wp-json\/wp\/v2\/media\/256402"}],"wp:attachment":[{"href":"https:\/\/www.eldiario.net\/portal\/wp-json\/wp\/v2\/media?parent=256398"}],"wp:term":[{"taxonomy":"category","embeddable":true,"href":"https:\/\/www.eldiario.net\/portal\/wp-json\/wp\/v2\/categories?post=256398"},{"taxonomy":"post_tag","embeddable":true,"href":"https:\/\/www.eldiario.net\/portal\/wp-json\/wp\/v2\/tags?post=256398"}],"curies":[{"name":"wp","href":"https:\/\/api.w.org\/{rel}","templated":true}]}}