{"id":25629,"date":"2021-08-25T06:59:05","date_gmt":"2021-08-25T10:59:05","guid":{"rendered":"https:\/\/www.eldiario.net\/portal\/?p=25629"},"modified":"2021-08-25T06:59:05","modified_gmt":"2021-08-25T10:59:05","slug":"4-mensajes-profundos-del-giei","status":"publish","type":"post","link":"https:\/\/www.eldiario.net\/portal\/2021\/08\/25\/4-mensajes-profundos-del-giei\/","title":{"rendered":"4 mensajes profundos del GIEI"},"content":{"rendered":"<p>Son 468 p\u00e1ginas en 8 cap\u00edtulos de un informe que parece exhaustivo, consistente y equilibrado. Es un documento valioso cuya trascendencia bien puede resumirse en 4 puntos:<br \/>\n1. Se trata de una \u201cmemoria\u201d de la tr\u00e1gica historia reciente que, retratada en los muertos y heridos y en el descalabro de las instituciones, plantea la imperiosa necesidad de revalorizar la vida, el ser humano, su libertad y su dignidad, al tiempo que intenta se\u00f1alar caminos para revalorizar tambi\u00e9n las instituciones y la convivencia democr\u00e1tica.<br \/>\nEs que el autoritarismo de casi todos los gobernantes ha malogrado la recuperaci\u00f3n democr\u00e1tica, al extremo de convertirse en rutinaria la contabilizaci\u00f3n de muertos y heridos, casi naturalizando la violencia estatal y la violaci\u00f3n de los Derechos Humanos a partir de la impunidad de los gobernantes. El \u201cinforme\u201d constata la terrible realidad donde ya casi nadie se conmueve frente a la muerte de compatriotas con motivo de las confrontaciones que devienen en masacres, en la eliminaci\u00f3n f\u00edsica del adversario, o en su persecuci\u00f3n judicial, seguida luego de tratos inhumanos carcelarios.<br \/>\n2. Si bien el informe no entra a los or\u00edgenes profundos de la crisis -no tiene por qu\u00e9 hacerlo- vinculados a los modelos estatales fallidos de estos 40 a\u00f1os \u00faltimos, nos da cuenta que la intolerancia, el racismo y la polarizaci\u00f3n discursiva de los l\u00edderes, han impedido la construcci\u00f3n de m\u00ednimos horizontes comunes a partir de los cuales podamos encarar y resolver los problemas centenarios de Bolivia. Nos dicen los expertos que tenemos visiones excluyentes y unilaterales, donde los gobernantes creen que el sufrimiento de las v\u00edctimas se produce s\u00f3lo de su lado, donde lo ind\u00edgena sigue siendo objeto de manipulaci\u00f3n o de desprecio, donde los caudillos prorroguistas se sienten due\u00f1os del poder y de las instituciones. Cuando el \u201cinforme\u201d da cuenta de los \u201cdiscursos antag\u00f3nicos de los l\u00edderes pol\u00edticos\u201d o cuando \u201crecomienda\u201d que las \u201cautoridades pol\u00edticas no deben pronunciarse sobre las investigaciones y los juicios\u2026\u201d, estos expertos est\u00e1n radiograficando a nuestros conductores en su peque\u00f1ez, en su falta de visi\u00f3n estatal y en su lamentable vocaci\u00f3n por las peque\u00f1as guerras sin destino.<br \/>\n3. El \u201cinforme\u201d nos da cuenta del da\u00f1o irreversible que produce el autoritarismo y la impunidad y nos previene que si no hay investigaci\u00f3n, verdad y justicia estamos condenados a repetir una y otra vez el descalabr\u00f3 nacional de las masacres.<br \/>\nEs que si bien los \u201cexpertos\u201d no ahondan en antecedentes m\u00e1s lejanos, los bolivianos no debemos olvidar &#8211;para no hablar hoy de las dictaduras&#8211; que los 37 fallecidos de fines del 2019, suman dolor y sangre a los masacrados en octubre negro el 2003, a los que murieron en Amayapampa y Capasirca, en la represi\u00f3n antinarc\u00f3ticos del Chapare, en el Hotel Las Am\u00e9ricas, en la Calancha, sin olvidar la suerte de los integrantes de la CNPZ, de Pozokoni o Panduro, am\u00e9n de los ultrajes en Chaparina y del ya largo rosario de violaciones y atropellos, en plena democracia.<br \/>\nTodos esos hechos y muchos m\u00e1s, d\u00e9cada tras d\u00e9cada, durante los \u00faltimos 40 a\u00f1os, est\u00e1n impunes, ninguna investigaci\u00f3n culmina, todo queda entrepapelado, los gobiernos y las instituciones, fuera de los \u201cp\u00e9sames\u201d, no mueven un solo dedo para investigar los hechos, e imponer las sanciones tratando que no se repitan, rompiendo la cadena de la intolerancia para labrar una verdadera convivencia democr\u00e1tica.<br \/>\n4. Y la administraci\u00f3n de justicia ha sido sentada en el banquillo con motivo de este \u201cinforme\u201d. Como hemos venido reiterando todos estos meses, nuestra administraci\u00f3n de justicia es miserable, no s\u00f3lo por el m\u00edsero presupuesto que le asigna el estado, sino por la subordinaci\u00f3n de jueces y fiscales al poder pol\u00edtico, por la incompetencia de los operadores de justicia que son nombrados a partir de su filiaci\u00f3n pol\u00edtica, por la corrupci\u00f3n generalizada, por el inhumano hacinamiento carcelario, por las detenciones preventivas como mecanismo de tortura de los acusados. Todo esto, con un lenguaje m\u00e1s sobrio, nos dicen los expertos y piden de los gobernantes la \u201cvoluntad pol\u00edtica\u201d para cambiar en algo este desastre.<br \/>\nS\u00ed, hoy est\u00e1 acusada la justicia y deber\u00edamos ajusticiarla, cortarle la cabeza para luego ir diseccionando el cuerpo y retirando los tumores que han hecho met\u00e1stasis en todo el cuerpo.<br \/>\nNo solo que hay que cambiar de inmediato al Ministro P\u00fablico para reorientar absolutamente las investigaciones, sino que tenemos que iniciar ya la Reforma judicial, sin esperar nada del estado; entregar la tarea a la gente e impulsar un Referendo Ciudadano que, desde la Constituci\u00f3n, establezca par\u00e1metros de independencia, de idoneidad, de transparencia y de gratuidad en la labor de los jueces para combatir la impunidad de hoy pero tambi\u00e9n, la de ayer y valorar la vida, la dignidad y la libertad de todos.<\/p>\n","protected":false},"excerpt":{"rendered":"<p>Son 468 p\u00e1ginas en 8 cap\u00edtulos de un informe que parece exhaustivo, consistente y equilibrado. Es un documento valioso cuya trascendencia bien puede resumirse en 4 puntos: 1. Se trata de una \u201cmemoria\u201d de la tr\u00e1gica historia reciente que, retratada en los muertos y heridos y en el descalabro de las instituciones, plantea la imperiosa [&hellip;]<\/p>\n","protected":false},"author":1,"featured_media":12000,"comment_status":"closed","ping_status":"closed","sticky":false,"template":"","format":"standard","meta":{"_acf_changed":false,"footnotes":""},"categories":[9],"tags":[],"class_list":["post-25629","post","type-post","status-publish","format-standard","has-post-thumbnail","category-opinion"],"acf":{"antetitulo":""},"yoast_head":"<!-- This site is optimized with the Yoast SEO plugin v28.4 - https:\/\/yoast.com\/product\/yoast-seo-wordpress\/ -->\n<title>4 mensajes profundos del GIEI - El Diario - Bolivia<\/title>\n<meta name=\"robots\" content=\"index, follow, max-snippet:-1, max-image-preview:large, max-video-preview:-1\" \/>\n<link rel=\"canonical\" href=\"https:\/\/www.eldiario.net\/portal\/2021\/08\/25\/4-mensajes-profundos-del-giei\/\" \/>\n<meta property=\"og:locale\" content=\"es_ES\" \/>\n<meta property=\"og:type\" content=\"article\" \/>\n<meta property=\"og:title\" content=\"4 mensajes profundos del GIEI - El Diario - Bolivia\" \/>\n<meta property=\"og:description\" content=\"Son 468 p\u00e1ginas en 8 cap\u00edtulos de un informe que parece exhaustivo, consistente y equilibrado. Es un documento valioso cuya trascendencia bien puede resumirse en 4 puntos: 1. Se trata de una \u201cmemoria\u201d de la tr\u00e1gica historia reciente que, retratada en los muertos y heridos y en el descalabro de las instituciones, plantea la imperiosa [&hellip;]\" \/>\n<meta property=\"og:url\" content=\"https:\/\/www.eldiario.net\/portal\/2021\/08\/25\/4-mensajes-profundos-del-giei\/\" \/>\n<meta property=\"og:site_name\" content=\"El Diario - Bolivia\" \/>\n<meta property=\"article:publisher\" content=\"https:\/\/www.facebook.com\/eldiario.bolivia\/\" \/>\n<meta property=\"article:published_time\" content=\"2021-08-25T10:59:05+00:00\" \/>\n<meta name=\"author\" content=\"Jeanette\" \/>\n<meta name=\"twitter:card\" content=\"summary_large_image\" \/>\n<meta name=\"twitter:creator\" content=\"@eldiario_net\" \/>\n<meta name=\"twitter:site\" content=\"@eldiario_net\" \/>\n<meta name=\"twitter:label1\" content=\"Escrito por\" \/>\n\t<meta name=\"twitter:data1\" content=\"Jeanette\" \/>\n\t<meta name=\"twitter:label2\" content=\"Tiempo de lectura\" \/>\n\t<meta name=\"twitter:data2\" content=\"4 minutos\" \/>\n<script type=\"application\/ld+json\" class=\"yoast-schema-graph\">{\"@context\":\"https:\\\/\\\/schema.org\",\"@graph\":[{\"@type\":\"Article\",\"@id\":\"https:\\\/\\\/www.eldiario.net\\\/portal\\\/2021\\\/08\\\/25\\\/4-mensajes-profundos-del-giei\\\/#article\",\"isPartOf\":{\"@id\":\"https:\\\/\\\/www.eldiario.net\\\/portal\\\/2021\\\/08\\\/25\\\/4-mensajes-profundos-del-giei\\\/\"},\"author\":{\"name\":\"Jeanette\",\"@id\":\"https:\\\/\\\/www.eldiario.net\\\/portal\\\/#\\\/schema\\\/person\\\/2c57cf2b7a7ae032e449e4c9b1019eac\"},\"headline\":\"4 mensajes profundos del GIEI\",\"datePublished\":\"2021-08-25T10:59:05+00:00\",\"mainEntityOfPage\":{\"@id\":\"https:\\\/\\\/www.eldiario.net\\\/portal\\\/2021\\\/08\\\/25\\\/4-mensajes-profundos-del-giei\\\/\"},\"wordCount\":831,\"publisher\":{\"@id\":\"https:\\\/\\\/www.eldiario.net\\\/portal\\\/#organization\"},\"image\":{\"@id\":\"https:\\\/\\\/www.eldiario.net\\\/portal\\\/2021\\\/08\\\/25\\\/4-mensajes-profundos-del-giei\\\/#primaryimage\"},\"thumbnailUrl\":\"\",\"articleSection\":[\"Opini\u00f3n\"],\"inLanguage\":\"es\"},{\"@type\":\"WebPage\",\"@id\":\"https:\\\/\\\/www.eldiario.net\\\/portal\\\/2021\\\/08\\\/25\\\/4-mensajes-profundos-del-giei\\\/\",\"url\":\"https:\\\/\\\/www.eldiario.net\\\/portal\\\/2021\\\/08\\\/25\\\/4-mensajes-profundos-del-giei\\\/\",\"name\":\"4 mensajes profundos del GIEI - El Diario - Bolivia\",\"isPartOf\":{\"@id\":\"https:\\\/\\\/www.eldiario.net\\\/portal\\\/#website\"},\"primaryImageOfPage\":{\"@id\":\"https:\\\/\\\/www.eldiario.net\\\/portal\\\/2021\\\/08\\\/25\\\/4-mensajes-profundos-del-giei\\\/#primaryimage\"},\"image\":{\"@id\":\"https:\\\/\\\/www.eldiario.net\\\/portal\\\/2021\\\/08\\\/25\\\/4-mensajes-profundos-del-giei\\\/#primaryimage\"},\"thumbnailUrl\":\"\",\"datePublished\":\"2021-08-25T10:59:05+00:00\",\"breadcrumb\":{\"@id\":\"https:\\\/\\\/www.eldiario.net\\\/portal\\\/2021\\\/08\\\/25\\\/4-mensajes-profundos-del-giei\\\/#breadcrumb\"},\"inLanguage\":\"es\",\"potentialAction\":[{\"@type\":\"ReadAction\",\"target\":[\"https:\\\/\\\/www.eldiario.net\\\/portal\\\/2021\\\/08\\\/25\\\/4-mensajes-profundos-del-giei\\\/\"]}]},{\"@type\":\"ImageObject\",\"inLanguage\":\"es\",\"@id\":\"https:\\\/\\\/www.eldiario.net\\\/portal\\\/2021\\\/08\\\/25\\\/4-mensajes-profundos-del-giei\\\/#primaryimage\",\"url\":\"\",\"contentUrl\":\"\"},{\"@type\":\"BreadcrumbList\",\"@id\":\"https:\\\/\\\/www.eldiario.net\\\/portal\\\/2021\\\/08\\\/25\\\/4-mensajes-profundos-del-giei\\\/#breadcrumb\",\"itemListElement\":[{\"@type\":\"ListItem\",\"position\":1,\"name\":\"Portada\",\"item\":\"https:\\\/\\\/www.eldiario.net\\\/portal\\\/\"},{\"@type\":\"ListItem\",\"position\":2,\"name\":\"4 mensajes profundos del GIEI\"}]},{\"@type\":\"WebSite\",\"@id\":\"https:\\\/\\\/www.eldiario.net\\\/portal\\\/#website\",\"url\":\"https:\\\/\\\/www.eldiario.net\\\/portal\\\/\",\"name\":\"El Diario - Decano de la prensa nacional\",\"description\":\"El Diario - Decano de la prensa nacional\",\"publisher\":{\"@id\":\"https:\\\/\\\/www.eldiario.net\\\/portal\\\/#organization\"},\"potentialAction\":[{\"@type\":\"SearchAction\",\"target\":{\"@type\":\"EntryPoint\",\"urlTemplate\":\"https:\\\/\\\/www.eldiario.net\\\/portal\\\/?s={search_term_string}\"},\"query-input\":{\"@type\":\"PropertyValueSpecification\",\"valueRequired\":true,\"valueName\":\"search_term_string\"}}],\"inLanguage\":\"es\"},{\"@type\":\"Organization\",\"@id\":\"https:\\\/\\\/www.eldiario.net\\\/portal\\\/#organization\",\"name\":\"El Diario - Decano de la prensa nacional\",\"url\":\"https:\\\/\\\/www.eldiario.net\\\/portal\\\/\",\"logo\":{\"@type\":\"ImageObject\",\"inLanguage\":\"es\",\"@id\":\"https:\\\/\\\/www.eldiario.net\\\/portal\\\/#\\\/schema\\\/logo\\\/image\\\/\",\"url\":\"https:\\\/\\\/www.eldiario.net\\\/portal\\\/wp-content\\\/uploads\\\/2023\\\/07\\\/logo_ED.jpg\",\"contentUrl\":\"https:\\\/\\\/www.eldiario.net\\\/portal\\\/wp-content\\\/uploads\\\/2023\\\/07\\\/logo_ED.jpg\",\"width\":272,\"height\":52,\"caption\":\"El Diario - Decano de la prensa nacional\"},\"image\":{\"@id\":\"https:\\\/\\\/www.eldiario.net\\\/portal\\\/#\\\/schema\\\/logo\\\/image\\\/\"},\"sameAs\":[\"https:\\\/\\\/www.facebook.com\\\/eldiario.bolivia\\\/\",\"https:\\\/\\\/x.com\\\/eldiario_net\"]},{\"@type\":\"Person\",\"@id\":\"https:\\\/\\\/www.eldiario.net\\\/portal\\\/#\\\/schema\\\/person\\\/2c57cf2b7a7ae032e449e4c9b1019eac\",\"name\":\"Jeanette\",\"image\":{\"@type\":\"ImageObject\",\"inLanguage\":\"es\",\"@id\":\"https:\\\/\\\/secure.gravatar.com\\\/avatar\\\/3ea2118a5f7dad2b7138b1187a6b7ee55f160b9968b66013c3a3ef39dd7e5798?s=96&d=mm&r=g\",\"url\":\"https:\\\/\\\/secure.gravatar.com\\\/avatar\\\/3ea2118a5f7dad2b7138b1187a6b7ee55f160b9968b66013c3a3ef39dd7e5798?s=96&d=mm&r=g\",\"contentUrl\":\"https:\\\/\\\/secure.gravatar.com\\\/avatar\\\/3ea2118a5f7dad2b7138b1187a6b7ee55f160b9968b66013c3a3ef39dd7e5798?s=96&d=mm&r=g\",\"caption\":\"Jeanette\"},\"sameAs\":[\"https:\\\/\\\/www.eldiario.net\\\/portal\"],\"url\":\"https:\\\/\\\/www.eldiario.net\\\/portal\\\/author\\\/jeanette\\\/\"}]}<\/script>\n<!-- \/ Yoast SEO plugin. -->","yoast_head_json":{"title":"4 mensajes profundos del GIEI - El Diario - Bolivia","robots":{"index":"index","follow":"follow","max-snippet":"max-snippet:-1","max-image-preview":"max-image-preview:large","max-video-preview":"max-video-preview:-1"},"canonical":"https:\/\/www.eldiario.net\/portal\/2021\/08\/25\/4-mensajes-profundos-del-giei\/","og_locale":"es_ES","og_type":"article","og_title":"4 mensajes profundos del GIEI - El Diario - Bolivia","og_description":"Son 468 p\u00e1ginas en 8 cap\u00edtulos de un informe que parece exhaustivo, consistente y equilibrado. Es un documento valioso cuya trascendencia bien puede resumirse en 4 puntos: 1. Se trata de una \u201cmemoria\u201d de la tr\u00e1gica historia reciente que, retratada en los muertos y heridos y en el descalabro de las instituciones, plantea la imperiosa [&hellip;]","og_url":"https:\/\/www.eldiario.net\/portal\/2021\/08\/25\/4-mensajes-profundos-del-giei\/","og_site_name":"El Diario - Bolivia","article_publisher":"https:\/\/www.facebook.com\/eldiario.bolivia\/","article_published_time":"2021-08-25T10:59:05+00:00","author":"Jeanette","twitter_card":"summary_large_image","twitter_creator":"@eldiario_net","twitter_site":"@eldiario_net","twitter_misc":{"Escrito por":"Jeanette","Tiempo de lectura":"4 minutos"},"schema":{"@context":"https:\/\/schema.org","@graph":[{"@type":"Article","@id":"https:\/\/www.eldiario.net\/portal\/2021\/08\/25\/4-mensajes-profundos-del-giei\/#article","isPartOf":{"@id":"https:\/\/www.eldiario.net\/portal\/2021\/08\/25\/4-mensajes-profundos-del-giei\/"},"author":{"name":"Jeanette","@id":"https:\/\/www.eldiario.net\/portal\/#\/schema\/person\/2c57cf2b7a7ae032e449e4c9b1019eac"},"headline":"4 mensajes profundos del GIEI","datePublished":"2021-08-25T10:59:05+00:00","mainEntityOfPage":{"@id":"https:\/\/www.eldiario.net\/portal\/2021\/08\/25\/4-mensajes-profundos-del-giei\/"},"wordCount":831,"publisher":{"@id":"https:\/\/www.eldiario.net\/portal\/#organization"},"image":{"@id":"https:\/\/www.eldiario.net\/portal\/2021\/08\/25\/4-mensajes-profundos-del-giei\/#primaryimage"},"thumbnailUrl":"","articleSection":["Opini\u00f3n"],"inLanguage":"es"},{"@type":"WebPage","@id":"https:\/\/www.eldiario.net\/portal\/2021\/08\/25\/4-mensajes-profundos-del-giei\/","url":"https:\/\/www.eldiario.net\/portal\/2021\/08\/25\/4-mensajes-profundos-del-giei\/","name":"4 mensajes profundos del GIEI - El Diario - Bolivia","isPartOf":{"@id":"https:\/\/www.eldiario.net\/portal\/#website"},"primaryImageOfPage":{"@id":"https:\/\/www.eldiario.net\/portal\/2021\/08\/25\/4-mensajes-profundos-del-giei\/#primaryimage"},"image":{"@id":"https:\/\/www.eldiario.net\/portal\/2021\/08\/25\/4-mensajes-profundos-del-giei\/#primaryimage"},"thumbnailUrl":"","datePublished":"2021-08-25T10:59:05+00:00","breadcrumb":{"@id":"https:\/\/www.eldiario.net\/portal\/2021\/08\/25\/4-mensajes-profundos-del-giei\/#breadcrumb"},"inLanguage":"es","potentialAction":[{"@type":"ReadAction","target":["https:\/\/www.eldiario.net\/portal\/2021\/08\/25\/4-mensajes-profundos-del-giei\/"]}]},{"@type":"ImageObject","inLanguage":"es","@id":"https:\/\/www.eldiario.net\/portal\/2021\/08\/25\/4-mensajes-profundos-del-giei\/#primaryimage","url":"","contentUrl":""},{"@type":"BreadcrumbList","@id":"https:\/\/www.eldiario.net\/portal\/2021\/08\/25\/4-mensajes-profundos-del-giei\/#breadcrumb","itemListElement":[{"@type":"ListItem","position":1,"name":"Portada","item":"https:\/\/www.eldiario.net\/portal\/"},{"@type":"ListItem","position":2,"name":"4 mensajes profundos del GIEI"}]},{"@type":"WebSite","@id":"https:\/\/www.eldiario.net\/portal\/#website","url":"https:\/\/www.eldiario.net\/portal\/","name":"El Diario - Decano de la prensa nacional","description":"El Diario - Decano de la prensa nacional","publisher":{"@id":"https:\/\/www.eldiario.net\/portal\/#organization"},"potentialAction":[{"@type":"SearchAction","target":{"@type":"EntryPoint","urlTemplate":"https:\/\/www.eldiario.net\/portal\/?s={search_term_string}"},"query-input":{"@type":"PropertyValueSpecification","valueRequired":true,"valueName":"search_term_string"}}],"inLanguage":"es"},{"@type":"Organization","@id":"https:\/\/www.eldiario.net\/portal\/#organization","name":"El Diario - Decano de la prensa nacional","url":"https:\/\/www.eldiario.net\/portal\/","logo":{"@type":"ImageObject","inLanguage":"es","@id":"https:\/\/www.eldiario.net\/portal\/#\/schema\/logo\/image\/","url":"https:\/\/www.eldiario.net\/portal\/wp-content\/uploads\/2023\/07\/logo_ED.jpg","contentUrl":"https:\/\/www.eldiario.net\/portal\/wp-content\/uploads\/2023\/07\/logo_ED.jpg","width":272,"height":52,"caption":"El Diario - Decano de la prensa nacional"},"image":{"@id":"https:\/\/www.eldiario.net\/portal\/#\/schema\/logo\/image\/"},"sameAs":["https:\/\/www.facebook.com\/eldiario.bolivia\/","https:\/\/x.com\/eldiario_net"]},{"@type":"Person","@id":"https:\/\/www.eldiario.net\/portal\/#\/schema\/person\/2c57cf2b7a7ae032e449e4c9b1019eac","name":"Jeanette","image":{"@type":"ImageObject","inLanguage":"es","@id":"https:\/\/secure.gravatar.com\/avatar\/3ea2118a5f7dad2b7138b1187a6b7ee55f160b9968b66013c3a3ef39dd7e5798?s=96&d=mm&r=g","url":"https:\/\/secure.gravatar.com\/avatar\/3ea2118a5f7dad2b7138b1187a6b7ee55f160b9968b66013c3a3ef39dd7e5798?s=96&d=mm&r=g","contentUrl":"https:\/\/secure.gravatar.com\/avatar\/3ea2118a5f7dad2b7138b1187a6b7ee55f160b9968b66013c3a3ef39dd7e5798?s=96&d=mm&r=g","caption":"Jeanette"},"sameAs":["https:\/\/www.eldiario.net\/portal"],"url":"https:\/\/www.eldiario.net\/portal\/author\/jeanette\/"}]}},"_links":{"self":[{"href":"https:\/\/www.eldiario.net\/portal\/wp-json\/wp\/v2\/posts\/25629","targetHints":{"allow":["GET"]}}],"collection":[{"href":"https:\/\/www.eldiario.net\/portal\/wp-json\/wp\/v2\/posts"}],"about":[{"href":"https:\/\/www.eldiario.net\/portal\/wp-json\/wp\/v2\/types\/post"}],"author":[{"embeddable":true,"href":"https:\/\/www.eldiario.net\/portal\/wp-json\/wp\/v2\/users\/1"}],"replies":[{"embeddable":true,"href":"https:\/\/www.eldiario.net\/portal\/wp-json\/wp\/v2\/comments?post=25629"}],"version-history":[{"count":0,"href":"https:\/\/www.eldiario.net\/portal\/wp-json\/wp\/v2\/posts\/25629\/revisions"}],"wp:attachment":[{"href":"https:\/\/www.eldiario.net\/portal\/wp-json\/wp\/v2\/media?parent=25629"}],"wp:term":[{"taxonomy":"category","embeddable":true,"href":"https:\/\/www.eldiario.net\/portal\/wp-json\/wp\/v2\/categories?post=25629"},{"taxonomy":"post_tag","embeddable":true,"href":"https:\/\/www.eldiario.net\/portal\/wp-json\/wp\/v2\/tags?post=25629"}],"curies":[{"name":"wp","href":"https:\/\/api.w.org\/{rel}","templated":true}]}}