{"id":25627,"date":"2021-08-25T06:58:13","date_gmt":"2021-08-25T10:58:13","guid":{"rendered":"https:\/\/www.eldiario.net\/portal\/?p=25627"},"modified":"2021-08-25T06:58:13","modified_gmt":"2021-08-25T10:58:13","slug":"el-reto-de-escuchar-a-la-juventud","status":"publish","type":"post","link":"https:\/\/www.eldiario.net\/portal\/2021\/08\/25\/el-reto-de-escuchar-a-la-juventud\/","title":{"rendered":"El reto de escuchar a la juventud"},"content":{"rendered":"<p>Del mismo modo que la juventud siempre est\u00e1 en boca de todos, tanto para criticarla como para ensalzarla; todos somos o hemos sido j\u00f3venes en alg\u00fan momento de nuestras vidas. Se trata de una etapa de aprendizaje, de descubrimiento y de transici\u00f3n. En los \u00faltimos meses hemos podido escuchar c\u00f3mo la juventud era invocada una vez m\u00e1s en el contexto de la pandemia dentro de esa polaridad. Por un lado, ha sido se\u00f1alada como irresponsable y vector de contagio del virus, mientras que por el otro se alababa la capacidad de sobreponerse ante los retos que la pandemia les pon\u00eda por delante: el aislamiento y la soledad en una etapa de la vida donde lo relacional es condici\u00f3n indispensable para un desarrollo sano.<br \/>\nLo cierto es que la sociedad actual est\u00e1 construida a espaldas de la juventud. Quiz\u00e1 por el hecho que se\u00f1alamos con anterioridad de que todos pasamos por esta etapa como si de un rito inici\u00e1tico se tratara. Los j\u00f3venes apenas tienen representaci\u00f3n en los foros de decisi\u00f3n colectiva y las decisiones pol\u00edticas, tienen una tasa de paro insostenible y las formas de ocio que se incentivan desde las instituciones siempre est\u00e1n mediatizadas por el consumo de bebidas alcoh\u00f3licas, no existiendo casi formas de ocio diferentes. Asimismo, la juventud se enfrenta a retos como civilizaci\u00f3n sin precedentes, el m\u00e1s importante de ellos y del que, adem\u00e1s, este colectivo ha sido la punta de lanza del mismo, ha sido y es la crisis clim\u00e1tica.<br \/>\nLa mayor parte de los m\u00e9dicos residentes de Espa\u00f1a somos j\u00f3venes, pero independientemente de la edad con que iniciamos esta etapa, los valores que la caracterizan suelen ser compartidos. Entre ellos destacan: el sacrificio, la responsabilidad, pero tambi\u00e9n la vitalidad, la ilusi\u00f3n o la tan citada vocaci\u00f3n de los m\u00e9dicos j\u00f3venes. Asociados a estos \u00faltimos, se encuentran una serie de necesidades que son intr\u00ednsecas a los inicios y a la propia juventud. Entre ellas destacan la necesidad de explorar, la de divertirse y aprender.<br \/>\nLos MIR, como elementos del sistema, debemos actuar y pensar bajo unos cimientos de libertad e interdependencia. Se trata de formar y edificar nuestra opini\u00f3n libre y aportar nuestras propias ideas sin ser se\u00f1alados por ello. Lo anteriormente expuesto no debe de ser entendido como desobediencia y rebeld\u00eda inconsciente, sino como una perspectiva distinta que enriquezca y que sea capaz de influir en el quehacer cotidiano y el rumbo del sistema sanitario.<br \/>\nBajo esas premisas establecidas previamente destaca el importante papel que tiene nuestra juventud, no solo como elemento de renovaci\u00f3n necesaria sino como elemento vertebrador de la agenda futura. Es bien conocida la necesaria resiliencia de la juventud, y m\u00e1s si cabe en esta situaci\u00f3n, donde la pandemia ha fracturado una importante parte de nuestro constructo sanitario. Meter en agenda elementos como el cambio clim\u00e1tico, el futuro de las instituciones sanitarias o la necesaria remodelaci\u00f3n de nuestro sistema de formaci\u00f3n sanitaria especializada son tan importantes como cercanos a nuestra condici\u00f3n de juventud. Es por ello por lo que ahora m\u00e1s que nunca se pone de manifiesto la importante necesidad de que tengamos una juventud empoderada para que hagamos de nuestras preocupaciones unos retos del futuro.<\/p>\n<p>Dr. Domingo S\u00e1nchez, Vocal MIR de la Organizaci\u00f3n M\u00e9dica Colegial (OMC), de Espa\u00f1a.<\/p>\n<p>medicosypacientes.com<\/p>\n","protected":false},"excerpt":{"rendered":"<p>Del mismo modo que la juventud siempre est\u00e1 en boca de todos, tanto para criticarla como para ensalzarla; todos somos o hemos sido j\u00f3venes en alg\u00fan momento de nuestras vidas. Se trata de una etapa de aprendizaje, de descubrimiento y de transici\u00f3n. En los \u00faltimos meses hemos podido escuchar c\u00f3mo la juventud era invocada una [&hellip;]<\/p>\n","protected":false},"author":1,"featured_media":0,"comment_status":"closed","ping_status":"closed","sticky":false,"template":"","format":"standard","meta":{"_acf_changed":false,"footnotes":""},"categories":[9],"tags":[],"class_list":["post-25627","post","type-post","status-publish","format-standard","category-opinion"],"acf":{"antetitulo":""},"yoast_head":"<!-- This site is optimized with the Yoast SEO plugin v28.4 - https:\/\/yoast.com\/product\/yoast-seo-wordpress\/ -->\n<title>El reto de escuchar a la juventud - El Diario - Bolivia<\/title>\n<meta name=\"robots\" content=\"index, follow, max-snippet:-1, max-image-preview:large, max-video-preview:-1\" \/>\n<link rel=\"canonical\" href=\"https:\/\/www.eldiario.net\/portal\/2021\/08\/25\/el-reto-de-escuchar-a-la-juventud\/\" \/>\n<meta property=\"og:locale\" content=\"es_ES\" \/>\n<meta property=\"og:type\" content=\"article\" \/>\n<meta property=\"og:title\" content=\"El reto de escuchar a la juventud - El Diario - Bolivia\" \/>\n<meta property=\"og:description\" content=\"Del mismo modo que la juventud siempre est\u00e1 en boca de todos, tanto para criticarla como para ensalzarla; todos somos o hemos sido j\u00f3venes en alg\u00fan momento de nuestras vidas. Se trata de una etapa de aprendizaje, de descubrimiento y de transici\u00f3n. En los \u00faltimos meses hemos podido escuchar c\u00f3mo la juventud era invocada una [&hellip;]\" \/>\n<meta property=\"og:url\" content=\"https:\/\/www.eldiario.net\/portal\/2021\/08\/25\/el-reto-de-escuchar-a-la-juventud\/\" \/>\n<meta property=\"og:site_name\" content=\"El Diario - Bolivia\" \/>\n<meta property=\"article:publisher\" content=\"https:\/\/www.facebook.com\/eldiario.bolivia\/\" \/>\n<meta property=\"article:published_time\" content=\"2021-08-25T10:58:13+00:00\" \/>\n<meta name=\"author\" content=\"Jeanette\" \/>\n<meta name=\"twitter:card\" content=\"summary_large_image\" \/>\n<meta name=\"twitter:creator\" content=\"@eldiario_net\" \/>\n<meta name=\"twitter:site\" content=\"@eldiario_net\" \/>\n<meta name=\"twitter:label1\" content=\"Escrito por\" \/>\n\t<meta name=\"twitter:data1\" content=\"Jeanette\" \/>\n\t<meta name=\"twitter:label2\" content=\"Tiempo de lectura\" \/>\n\t<meta name=\"twitter:data2\" content=\"3 minutos\" \/>\n<script type=\"application\/ld+json\" class=\"yoast-schema-graph\">{\"@context\":\"https:\\\/\\\/schema.org\",\"@graph\":[{\"@type\":\"Article\",\"@id\":\"https:\\\/\\\/www.eldiario.net\\\/portal\\\/2021\\\/08\\\/25\\\/el-reto-de-escuchar-a-la-juventud\\\/#article\",\"isPartOf\":{\"@id\":\"https:\\\/\\\/www.eldiario.net\\\/portal\\\/2021\\\/08\\\/25\\\/el-reto-de-escuchar-a-la-juventud\\\/\"},\"author\":{\"name\":\"Jeanette\",\"@id\":\"https:\\\/\\\/www.eldiario.net\\\/portal\\\/#\\\/schema\\\/person\\\/2c57cf2b7a7ae032e449e4c9b1019eac\"},\"headline\":\"El reto de escuchar a la juventud\",\"datePublished\":\"2021-08-25T10:58:13+00:00\",\"mainEntityOfPage\":{\"@id\":\"https:\\\/\\\/www.eldiario.net\\\/portal\\\/2021\\\/08\\\/25\\\/el-reto-de-escuchar-a-la-juventud\\\/\"},\"wordCount\":591,\"publisher\":{\"@id\":\"https:\\\/\\\/www.eldiario.net\\\/portal\\\/#organization\"},\"articleSection\":[\"Opini\u00f3n\"],\"inLanguage\":\"es\"},{\"@type\":\"WebPage\",\"@id\":\"https:\\\/\\\/www.eldiario.net\\\/portal\\\/2021\\\/08\\\/25\\\/el-reto-de-escuchar-a-la-juventud\\\/\",\"url\":\"https:\\\/\\\/www.eldiario.net\\\/portal\\\/2021\\\/08\\\/25\\\/el-reto-de-escuchar-a-la-juventud\\\/\",\"name\":\"El reto de escuchar a la juventud - El Diario - Bolivia\",\"isPartOf\":{\"@id\":\"https:\\\/\\\/www.eldiario.net\\\/portal\\\/#website\"},\"datePublished\":\"2021-08-25T10:58:13+00:00\",\"breadcrumb\":{\"@id\":\"https:\\\/\\\/www.eldiario.net\\\/portal\\\/2021\\\/08\\\/25\\\/el-reto-de-escuchar-a-la-juventud\\\/#breadcrumb\"},\"inLanguage\":\"es\",\"potentialAction\":[{\"@type\":\"ReadAction\",\"target\":[\"https:\\\/\\\/www.eldiario.net\\\/portal\\\/2021\\\/08\\\/25\\\/el-reto-de-escuchar-a-la-juventud\\\/\"]}]},{\"@type\":\"BreadcrumbList\",\"@id\":\"https:\\\/\\\/www.eldiario.net\\\/portal\\\/2021\\\/08\\\/25\\\/el-reto-de-escuchar-a-la-juventud\\\/#breadcrumb\",\"itemListElement\":[{\"@type\":\"ListItem\",\"position\":1,\"name\":\"Portada\",\"item\":\"https:\\\/\\\/www.eldiario.net\\\/portal\\\/\"},{\"@type\":\"ListItem\",\"position\":2,\"name\":\"El reto de escuchar a la juventud\"}]},{\"@type\":\"WebSite\",\"@id\":\"https:\\\/\\\/www.eldiario.net\\\/portal\\\/#website\",\"url\":\"https:\\\/\\\/www.eldiario.net\\\/portal\\\/\",\"name\":\"El Diario - Decano de la prensa nacional\",\"description\":\"El Diario - Decano de la prensa nacional\",\"publisher\":{\"@id\":\"https:\\\/\\\/www.eldiario.net\\\/portal\\\/#organization\"},\"potentialAction\":[{\"@type\":\"SearchAction\",\"target\":{\"@type\":\"EntryPoint\",\"urlTemplate\":\"https:\\\/\\\/www.eldiario.net\\\/portal\\\/?s={search_term_string}\"},\"query-input\":{\"@type\":\"PropertyValueSpecification\",\"valueRequired\":true,\"valueName\":\"search_term_string\"}}],\"inLanguage\":\"es\"},{\"@type\":\"Organization\",\"@id\":\"https:\\\/\\\/www.eldiario.net\\\/portal\\\/#organization\",\"name\":\"El Diario - Decano de la prensa nacional\",\"url\":\"https:\\\/\\\/www.eldiario.net\\\/portal\\\/\",\"logo\":{\"@type\":\"ImageObject\",\"inLanguage\":\"es\",\"@id\":\"https:\\\/\\\/www.eldiario.net\\\/portal\\\/#\\\/schema\\\/logo\\\/image\\\/\",\"url\":\"https:\\\/\\\/www.eldiario.net\\\/portal\\\/wp-content\\\/uploads\\\/2023\\\/07\\\/logo_ED.jpg\",\"contentUrl\":\"https:\\\/\\\/www.eldiario.net\\\/portal\\\/wp-content\\\/uploads\\\/2023\\\/07\\\/logo_ED.jpg\",\"width\":272,\"height\":52,\"caption\":\"El Diario - Decano de la prensa nacional\"},\"image\":{\"@id\":\"https:\\\/\\\/www.eldiario.net\\\/portal\\\/#\\\/schema\\\/logo\\\/image\\\/\"},\"sameAs\":[\"https:\\\/\\\/www.facebook.com\\\/eldiario.bolivia\\\/\",\"https:\\\/\\\/x.com\\\/eldiario_net\"]},{\"@type\":\"Person\",\"@id\":\"https:\\\/\\\/www.eldiario.net\\\/portal\\\/#\\\/schema\\\/person\\\/2c57cf2b7a7ae032e449e4c9b1019eac\",\"name\":\"Jeanette\",\"image\":{\"@type\":\"ImageObject\",\"inLanguage\":\"es\",\"@id\":\"https:\\\/\\\/secure.gravatar.com\\\/avatar\\\/3ea2118a5f7dad2b7138b1187a6b7ee55f160b9968b66013c3a3ef39dd7e5798?s=96&d=mm&r=g\",\"url\":\"https:\\\/\\\/secure.gravatar.com\\\/avatar\\\/3ea2118a5f7dad2b7138b1187a6b7ee55f160b9968b66013c3a3ef39dd7e5798?s=96&d=mm&r=g\",\"contentUrl\":\"https:\\\/\\\/secure.gravatar.com\\\/avatar\\\/3ea2118a5f7dad2b7138b1187a6b7ee55f160b9968b66013c3a3ef39dd7e5798?s=96&d=mm&r=g\",\"caption\":\"Jeanette\"},\"sameAs\":[\"https:\\\/\\\/www.eldiario.net\\\/portal\"],\"url\":\"https:\\\/\\\/www.eldiario.net\\\/portal\\\/author\\\/jeanette\\\/\"}]}<\/script>\n<!-- \/ Yoast SEO plugin. -->","yoast_head_json":{"title":"El reto de escuchar a la juventud - El Diario - Bolivia","robots":{"index":"index","follow":"follow","max-snippet":"max-snippet:-1","max-image-preview":"max-image-preview:large","max-video-preview":"max-video-preview:-1"},"canonical":"https:\/\/www.eldiario.net\/portal\/2021\/08\/25\/el-reto-de-escuchar-a-la-juventud\/","og_locale":"es_ES","og_type":"article","og_title":"El reto de escuchar a la juventud - El Diario - Bolivia","og_description":"Del mismo modo que la juventud siempre est\u00e1 en boca de todos, tanto para criticarla como para ensalzarla; todos somos o hemos sido j\u00f3venes en alg\u00fan momento de nuestras vidas. Se trata de una etapa de aprendizaje, de descubrimiento y de transici\u00f3n. En los \u00faltimos meses hemos podido escuchar c\u00f3mo la juventud era invocada una [&hellip;]","og_url":"https:\/\/www.eldiario.net\/portal\/2021\/08\/25\/el-reto-de-escuchar-a-la-juventud\/","og_site_name":"El Diario - Bolivia","article_publisher":"https:\/\/www.facebook.com\/eldiario.bolivia\/","article_published_time":"2021-08-25T10:58:13+00:00","author":"Jeanette","twitter_card":"summary_large_image","twitter_creator":"@eldiario_net","twitter_site":"@eldiario_net","twitter_misc":{"Escrito por":"Jeanette","Tiempo de lectura":"3 minutos"},"schema":{"@context":"https:\/\/schema.org","@graph":[{"@type":"Article","@id":"https:\/\/www.eldiario.net\/portal\/2021\/08\/25\/el-reto-de-escuchar-a-la-juventud\/#article","isPartOf":{"@id":"https:\/\/www.eldiario.net\/portal\/2021\/08\/25\/el-reto-de-escuchar-a-la-juventud\/"},"author":{"name":"Jeanette","@id":"https:\/\/www.eldiario.net\/portal\/#\/schema\/person\/2c57cf2b7a7ae032e449e4c9b1019eac"},"headline":"El reto de escuchar a la juventud","datePublished":"2021-08-25T10:58:13+00:00","mainEntityOfPage":{"@id":"https:\/\/www.eldiario.net\/portal\/2021\/08\/25\/el-reto-de-escuchar-a-la-juventud\/"},"wordCount":591,"publisher":{"@id":"https:\/\/www.eldiario.net\/portal\/#organization"},"articleSection":["Opini\u00f3n"],"inLanguage":"es"},{"@type":"WebPage","@id":"https:\/\/www.eldiario.net\/portal\/2021\/08\/25\/el-reto-de-escuchar-a-la-juventud\/","url":"https:\/\/www.eldiario.net\/portal\/2021\/08\/25\/el-reto-de-escuchar-a-la-juventud\/","name":"El reto de escuchar a la juventud - El Diario - Bolivia","isPartOf":{"@id":"https:\/\/www.eldiario.net\/portal\/#website"},"datePublished":"2021-08-25T10:58:13+00:00","breadcrumb":{"@id":"https:\/\/www.eldiario.net\/portal\/2021\/08\/25\/el-reto-de-escuchar-a-la-juventud\/#breadcrumb"},"inLanguage":"es","potentialAction":[{"@type":"ReadAction","target":["https:\/\/www.eldiario.net\/portal\/2021\/08\/25\/el-reto-de-escuchar-a-la-juventud\/"]}]},{"@type":"BreadcrumbList","@id":"https:\/\/www.eldiario.net\/portal\/2021\/08\/25\/el-reto-de-escuchar-a-la-juventud\/#breadcrumb","itemListElement":[{"@type":"ListItem","position":1,"name":"Portada","item":"https:\/\/www.eldiario.net\/portal\/"},{"@type":"ListItem","position":2,"name":"El reto de escuchar a la juventud"}]},{"@type":"WebSite","@id":"https:\/\/www.eldiario.net\/portal\/#website","url":"https:\/\/www.eldiario.net\/portal\/","name":"El Diario - Decano de la prensa nacional","description":"El Diario - Decano de la prensa nacional","publisher":{"@id":"https:\/\/www.eldiario.net\/portal\/#organization"},"potentialAction":[{"@type":"SearchAction","target":{"@type":"EntryPoint","urlTemplate":"https:\/\/www.eldiario.net\/portal\/?s={search_term_string}"},"query-input":{"@type":"PropertyValueSpecification","valueRequired":true,"valueName":"search_term_string"}}],"inLanguage":"es"},{"@type":"Organization","@id":"https:\/\/www.eldiario.net\/portal\/#organization","name":"El Diario - Decano de la prensa nacional","url":"https:\/\/www.eldiario.net\/portal\/","logo":{"@type":"ImageObject","inLanguage":"es","@id":"https:\/\/www.eldiario.net\/portal\/#\/schema\/logo\/image\/","url":"https:\/\/www.eldiario.net\/portal\/wp-content\/uploads\/2023\/07\/logo_ED.jpg","contentUrl":"https:\/\/www.eldiario.net\/portal\/wp-content\/uploads\/2023\/07\/logo_ED.jpg","width":272,"height":52,"caption":"El Diario - Decano de la prensa nacional"},"image":{"@id":"https:\/\/www.eldiario.net\/portal\/#\/schema\/logo\/image\/"},"sameAs":["https:\/\/www.facebook.com\/eldiario.bolivia\/","https:\/\/x.com\/eldiario_net"]},{"@type":"Person","@id":"https:\/\/www.eldiario.net\/portal\/#\/schema\/person\/2c57cf2b7a7ae032e449e4c9b1019eac","name":"Jeanette","image":{"@type":"ImageObject","inLanguage":"es","@id":"https:\/\/secure.gravatar.com\/avatar\/3ea2118a5f7dad2b7138b1187a6b7ee55f160b9968b66013c3a3ef39dd7e5798?s=96&d=mm&r=g","url":"https:\/\/secure.gravatar.com\/avatar\/3ea2118a5f7dad2b7138b1187a6b7ee55f160b9968b66013c3a3ef39dd7e5798?s=96&d=mm&r=g","contentUrl":"https:\/\/secure.gravatar.com\/avatar\/3ea2118a5f7dad2b7138b1187a6b7ee55f160b9968b66013c3a3ef39dd7e5798?s=96&d=mm&r=g","caption":"Jeanette"},"sameAs":["https:\/\/www.eldiario.net\/portal"],"url":"https:\/\/www.eldiario.net\/portal\/author\/jeanette\/"}]}},"_links":{"self":[{"href":"https:\/\/www.eldiario.net\/portal\/wp-json\/wp\/v2\/posts\/25627","targetHints":{"allow":["GET"]}}],"collection":[{"href":"https:\/\/www.eldiario.net\/portal\/wp-json\/wp\/v2\/posts"}],"about":[{"href":"https:\/\/www.eldiario.net\/portal\/wp-json\/wp\/v2\/types\/post"}],"author":[{"embeddable":true,"href":"https:\/\/www.eldiario.net\/portal\/wp-json\/wp\/v2\/users\/1"}],"replies":[{"embeddable":true,"href":"https:\/\/www.eldiario.net\/portal\/wp-json\/wp\/v2\/comments?post=25627"}],"version-history":[{"count":0,"href":"https:\/\/www.eldiario.net\/portal\/wp-json\/wp\/v2\/posts\/25627\/revisions"}],"wp:attachment":[{"href":"https:\/\/www.eldiario.net\/portal\/wp-json\/wp\/v2\/media?parent=25627"}],"wp:term":[{"taxonomy":"category","embeddable":true,"href":"https:\/\/www.eldiario.net\/portal\/wp-json\/wp\/v2\/categories?post=25627"},{"taxonomy":"post_tag","embeddable":true,"href":"https:\/\/www.eldiario.net\/portal\/wp-json\/wp\/v2\/tags?post=25627"}],"curies":[{"name":"wp","href":"https:\/\/api.w.org\/{rel}","templated":true}]}}