{"id":25625,"date":"2021-08-25T06:57:51","date_gmt":"2021-08-25T10:57:51","guid":{"rendered":"https:\/\/www.eldiario.net\/portal\/?p=25625"},"modified":"2021-08-25T06:57:51","modified_gmt":"2021-08-25T10:57:51","slug":"rol-fundamental-de-la-familia-en-educacion","status":"publish","type":"post","link":"https:\/\/www.eldiario.net\/portal\/2021\/08\/25\/rol-fundamental-de-la-familia-en-educacion\/","title":{"rendered":"Rol fundamental de la familia en educaci\u00f3n"},"content":{"rendered":"<p>En este tiempo de pandemia por el Covid-19, la formaci\u00f3n educativa debe continuar, considerando que ya se tiene diferentes modalidades de atenci\u00f3n educativa a la modalidad presencial, como son la modalidad semipresencial y la modalidad a distancia, complementada con la educaci\u00f3n del uso de los medios y recursos tecnol\u00f3gicos. Es cuando se puede evidenciar que la familia asume un rol muy importante en la educaci\u00f3n de sus hijos, para continuar el proceso de aprendizaje, sobre todo de ni\u00f1as, ni\u00f1os, se\u00f1oritas y j\u00f3venes de educaci\u00f3n regular.<br \/>\nEn la actualidad la familia implica una gran diversidad. Y es que, en relaci\u00f3n con los integrantes de la familia, en muchos casos no siempre est\u00e1n presente el padre y la madre, por diferentes situaciones en el d\u00eda a d\u00eda, por lo que este rol tambi\u00e9n lo asumen abuelos, t\u00edos y los mismos hermanos mayores. Por tanto, se puede aseverar que la familia sigue siendo, a pesar de los ataques y dudas que se ciernen sobre ella, el nudo esencial para continuar la formaci\u00f3n integral y hol\u00edstica de los ni\u00f1os.<br \/>\nLos primeros responsables de la educaci\u00f3n de los ni\u00f1os son los padres, la familia es el primer contexto donde nos ponemos en contacto con el mundo, un mundo particular de cada grupo familiar, que va transmitiendo al ni\u00f1o sus h\u00e1bitos, sus costumbres, sus pautas de actuaci\u00f3n y pautas de comportamiento humano.<br \/>\nLa familia asume un rol fundamental en la formaci\u00f3n de la sociedad, porque las funciones b\u00e1sicas de la familia son necesarias para el desarrollo humano y desarrollo social. Al respecto podemos mencionar que las familias acompa\u00f1an la evoluci\u00f3n y desarrollo de ni\u00f1as y ni\u00f1os, en el proceso de escolarizaci\u00f3n, que es la v\u00eda excelente para ir penetrando en otros \u00e1mbitos sociales diferentes a la familia. \u00c9sta, a trav\u00e9s de estas funciones, apunta a educar a menores para que puedan ser aut\u00f3nomos, independientes, emocionalmente equilibrados, capaces de establecer v\u00ednculos afectivos satisfactorios, personas con conocimientos y con pr\u00e1ctica de valores positivos.<br \/>\nLa educaci\u00f3n es una tarea primordial compartida entre la escuela y la familia, m\u00e1s a\u00fan en la modalidad a distancia, considerando que la formaci\u00f3n de la persona se inicia en la familia, la escuela y la sociedad. Si nos centramos en la familia, vemos que es para el ni\u00f1o y la ni\u00f1a el primer transmisor de pautas culturales, donde se establecen los primeros v\u00ednculos emocionales, experiencias, formas de vida y su primer agente de socializaci\u00f3n.<br \/>\nEn la modalidad a distancia se puede evidenciar cu\u00e1n fundamental es el rol de la familia, por el apoyo que debe dar en las clases virtuales, el trabajo de seguimiento en el cumplimiento de las actividades educativas. Y lo m\u00e1s importante es el apoyo econ\u00f3mico del padre de familia para la compra de un dispositivo inteligente y contratar el servicio de internet para que el estudiante pueda continuar con las clases virtuales.<br \/>\nLa escuela necesita el apoyo de padres de familia y del mismo sistema educativo. La intervenci\u00f3n de padres y maestros es imprescindible para educar a los estudiantes, pero todos debemos reconocer las muchas limitaciones que se tiene en la modalidad a distancia, como que no todos cuentan un dispositivo m\u00f3vil de alta gama, que en algunos lugares no hay buena cobertura y alcance de la se\u00f1al de internet. Tambi\u00e9n que no se cuenta con dispositivos propios en una familia numerosa, por tanto, deben compartir entre hermanos y en otros casos padres de familia no pueden colaborar con los contenidos, ya que no todos est\u00e1n preparados para responder ante las dudas de sus hijos.<br \/>\nPor consiguiente, la educaci\u00f3n es demasiado importante para dejarla s\u00f3lo en manos de los maestros de cada Unidad Educativa, por lo que las familias deben ser agentes m\u00e1s activos, participativos y comprometidos ante los procesos educativos de sus hijos.<\/p>\n","protected":false},"excerpt":{"rendered":"<p>En este tiempo de pandemia por el Covid-19, la formaci\u00f3n educativa debe continuar, considerando que ya se tiene diferentes modalidades de atenci\u00f3n educativa a la modalidad presencial, como son la modalidad semipresencial y la modalidad a distancia, complementada con la educaci\u00f3n del uso de los medios y recursos tecnol\u00f3gicos. Es cuando se puede evidenciar que [&hellip;]<\/p>\n","protected":false},"author":1,"featured_media":0,"comment_status":"closed","ping_status":"closed","sticky":false,"template":"","format":"standard","meta":{"_acf_changed":false,"footnotes":""},"categories":[9],"tags":[],"class_list":["post-25625","post","type-post","status-publish","format-standard","category-opinion"],"acf":{"antetitulo":""},"yoast_head":"<!-- This site is optimized with the Yoast SEO plugin v28.4 - https:\/\/yoast.com\/product\/yoast-seo-wordpress\/ -->\n<title>Rol fundamental de la familia en educaci\u00f3n - El Diario - Bolivia<\/title>\n<meta name=\"robots\" content=\"index, follow, max-snippet:-1, max-image-preview:large, max-video-preview:-1\" \/>\n<link rel=\"canonical\" href=\"https:\/\/www.eldiario.net\/portal\/2021\/08\/25\/rol-fundamental-de-la-familia-en-educacion\/\" \/>\n<meta property=\"og:locale\" content=\"es_ES\" \/>\n<meta property=\"og:type\" content=\"article\" \/>\n<meta property=\"og:title\" content=\"Rol fundamental de la familia en educaci\u00f3n - El Diario - Bolivia\" \/>\n<meta property=\"og:description\" content=\"En este tiempo de pandemia por el Covid-19, la formaci\u00f3n educativa debe continuar, considerando que ya se tiene diferentes modalidades de atenci\u00f3n educativa a la modalidad presencial, como son la modalidad semipresencial y la modalidad a distancia, complementada con la educaci\u00f3n del uso de los medios y recursos tecnol\u00f3gicos. Es cuando se puede evidenciar que [&hellip;]\" \/>\n<meta property=\"og:url\" content=\"https:\/\/www.eldiario.net\/portal\/2021\/08\/25\/rol-fundamental-de-la-familia-en-educacion\/\" \/>\n<meta property=\"og:site_name\" content=\"El Diario - Bolivia\" \/>\n<meta property=\"article:publisher\" content=\"https:\/\/www.facebook.com\/eldiario.bolivia\/\" \/>\n<meta property=\"article:published_time\" content=\"2021-08-25T10:57:51+00:00\" \/>\n<meta name=\"author\" content=\"Jeanette\" \/>\n<meta name=\"twitter:card\" content=\"summary_large_image\" \/>\n<meta name=\"twitter:creator\" content=\"@eldiario_net\" \/>\n<meta name=\"twitter:site\" content=\"@eldiario_net\" \/>\n<meta name=\"twitter:label1\" content=\"Escrito por\" \/>\n\t<meta name=\"twitter:data1\" content=\"Jeanette\" \/>\n\t<meta name=\"twitter:label2\" content=\"Tiempo de lectura\" \/>\n\t<meta name=\"twitter:data2\" content=\"3 minutos\" \/>\n<script type=\"application\/ld+json\" class=\"yoast-schema-graph\">{\"@context\":\"https:\\\/\\\/schema.org\",\"@graph\":[{\"@type\":\"Article\",\"@id\":\"https:\\\/\\\/www.eldiario.net\\\/portal\\\/2021\\\/08\\\/25\\\/rol-fundamental-de-la-familia-en-educacion\\\/#article\",\"isPartOf\":{\"@id\":\"https:\\\/\\\/www.eldiario.net\\\/portal\\\/2021\\\/08\\\/25\\\/rol-fundamental-de-la-familia-en-educacion\\\/\"},\"author\":{\"name\":\"Jeanette\",\"@id\":\"https:\\\/\\\/www.eldiario.net\\\/portal\\\/#\\\/schema\\\/person\\\/2c57cf2b7a7ae032e449e4c9b1019eac\"},\"headline\":\"Rol fundamental de la familia en educaci\u00f3n\",\"datePublished\":\"2021-08-25T10:57:51+00:00\",\"mainEntityOfPage\":{\"@id\":\"https:\\\/\\\/www.eldiario.net\\\/portal\\\/2021\\\/08\\\/25\\\/rol-fundamental-de-la-familia-en-educacion\\\/\"},\"wordCount\":687,\"publisher\":{\"@id\":\"https:\\\/\\\/www.eldiario.net\\\/portal\\\/#organization\"},\"articleSection\":[\"Opini\u00f3n\"],\"inLanguage\":\"es\"},{\"@type\":\"WebPage\",\"@id\":\"https:\\\/\\\/www.eldiario.net\\\/portal\\\/2021\\\/08\\\/25\\\/rol-fundamental-de-la-familia-en-educacion\\\/\",\"url\":\"https:\\\/\\\/www.eldiario.net\\\/portal\\\/2021\\\/08\\\/25\\\/rol-fundamental-de-la-familia-en-educacion\\\/\",\"name\":\"Rol fundamental de la familia en educaci\u00f3n - El Diario - Bolivia\",\"isPartOf\":{\"@id\":\"https:\\\/\\\/www.eldiario.net\\\/portal\\\/#website\"},\"datePublished\":\"2021-08-25T10:57:51+00:00\",\"breadcrumb\":{\"@id\":\"https:\\\/\\\/www.eldiario.net\\\/portal\\\/2021\\\/08\\\/25\\\/rol-fundamental-de-la-familia-en-educacion\\\/#breadcrumb\"},\"inLanguage\":\"es\",\"potentialAction\":[{\"@type\":\"ReadAction\",\"target\":[\"https:\\\/\\\/www.eldiario.net\\\/portal\\\/2021\\\/08\\\/25\\\/rol-fundamental-de-la-familia-en-educacion\\\/\"]}]},{\"@type\":\"BreadcrumbList\",\"@id\":\"https:\\\/\\\/www.eldiario.net\\\/portal\\\/2021\\\/08\\\/25\\\/rol-fundamental-de-la-familia-en-educacion\\\/#breadcrumb\",\"itemListElement\":[{\"@type\":\"ListItem\",\"position\":1,\"name\":\"Portada\",\"item\":\"https:\\\/\\\/www.eldiario.net\\\/portal\\\/\"},{\"@type\":\"ListItem\",\"position\":2,\"name\":\"Rol fundamental de la familia en educaci\u00f3n\"}]},{\"@type\":\"WebSite\",\"@id\":\"https:\\\/\\\/www.eldiario.net\\\/portal\\\/#website\",\"url\":\"https:\\\/\\\/www.eldiario.net\\\/portal\\\/\",\"name\":\"El Diario - Decano de la prensa nacional\",\"description\":\"El Diario - Decano de la prensa nacional\",\"publisher\":{\"@id\":\"https:\\\/\\\/www.eldiario.net\\\/portal\\\/#organization\"},\"potentialAction\":[{\"@type\":\"SearchAction\",\"target\":{\"@type\":\"EntryPoint\",\"urlTemplate\":\"https:\\\/\\\/www.eldiario.net\\\/portal\\\/?s={search_term_string}\"},\"query-input\":{\"@type\":\"PropertyValueSpecification\",\"valueRequired\":true,\"valueName\":\"search_term_string\"}}],\"inLanguage\":\"es\"},{\"@type\":\"Organization\",\"@id\":\"https:\\\/\\\/www.eldiario.net\\\/portal\\\/#organization\",\"name\":\"El Diario - Decano de la prensa nacional\",\"url\":\"https:\\\/\\\/www.eldiario.net\\\/portal\\\/\",\"logo\":{\"@type\":\"ImageObject\",\"inLanguage\":\"es\",\"@id\":\"https:\\\/\\\/www.eldiario.net\\\/portal\\\/#\\\/schema\\\/logo\\\/image\\\/\",\"url\":\"https:\\\/\\\/www.eldiario.net\\\/portal\\\/wp-content\\\/uploads\\\/2023\\\/07\\\/logo_ED.jpg\",\"contentUrl\":\"https:\\\/\\\/www.eldiario.net\\\/portal\\\/wp-content\\\/uploads\\\/2023\\\/07\\\/logo_ED.jpg\",\"width\":272,\"height\":52,\"caption\":\"El Diario - Decano de la prensa nacional\"},\"image\":{\"@id\":\"https:\\\/\\\/www.eldiario.net\\\/portal\\\/#\\\/schema\\\/logo\\\/image\\\/\"},\"sameAs\":[\"https:\\\/\\\/www.facebook.com\\\/eldiario.bolivia\\\/\",\"https:\\\/\\\/x.com\\\/eldiario_net\"]},{\"@type\":\"Person\",\"@id\":\"https:\\\/\\\/www.eldiario.net\\\/portal\\\/#\\\/schema\\\/person\\\/2c57cf2b7a7ae032e449e4c9b1019eac\",\"name\":\"Jeanette\",\"image\":{\"@type\":\"ImageObject\",\"inLanguage\":\"es\",\"@id\":\"https:\\\/\\\/secure.gravatar.com\\\/avatar\\\/3ea2118a5f7dad2b7138b1187a6b7ee55f160b9968b66013c3a3ef39dd7e5798?s=96&d=mm&r=g\",\"url\":\"https:\\\/\\\/secure.gravatar.com\\\/avatar\\\/3ea2118a5f7dad2b7138b1187a6b7ee55f160b9968b66013c3a3ef39dd7e5798?s=96&d=mm&r=g\",\"contentUrl\":\"https:\\\/\\\/secure.gravatar.com\\\/avatar\\\/3ea2118a5f7dad2b7138b1187a6b7ee55f160b9968b66013c3a3ef39dd7e5798?s=96&d=mm&r=g\",\"caption\":\"Jeanette\"},\"sameAs\":[\"https:\\\/\\\/www.eldiario.net\\\/portal\"],\"url\":\"https:\\\/\\\/www.eldiario.net\\\/portal\\\/author\\\/jeanette\\\/\"}]}<\/script>\n<!-- \/ Yoast SEO plugin. -->","yoast_head_json":{"title":"Rol fundamental de la familia en educaci\u00f3n - El Diario - Bolivia","robots":{"index":"index","follow":"follow","max-snippet":"max-snippet:-1","max-image-preview":"max-image-preview:large","max-video-preview":"max-video-preview:-1"},"canonical":"https:\/\/www.eldiario.net\/portal\/2021\/08\/25\/rol-fundamental-de-la-familia-en-educacion\/","og_locale":"es_ES","og_type":"article","og_title":"Rol fundamental de la familia en educaci\u00f3n - El Diario - Bolivia","og_description":"En este tiempo de pandemia por el Covid-19, la formaci\u00f3n educativa debe continuar, considerando que ya se tiene diferentes modalidades de atenci\u00f3n educativa a la modalidad presencial, como son la modalidad semipresencial y la modalidad a distancia, complementada con la educaci\u00f3n del uso de los medios y recursos tecnol\u00f3gicos. Es cuando se puede evidenciar que [&hellip;]","og_url":"https:\/\/www.eldiario.net\/portal\/2021\/08\/25\/rol-fundamental-de-la-familia-en-educacion\/","og_site_name":"El Diario - Bolivia","article_publisher":"https:\/\/www.facebook.com\/eldiario.bolivia\/","article_published_time":"2021-08-25T10:57:51+00:00","author":"Jeanette","twitter_card":"summary_large_image","twitter_creator":"@eldiario_net","twitter_site":"@eldiario_net","twitter_misc":{"Escrito por":"Jeanette","Tiempo de lectura":"3 minutos"},"schema":{"@context":"https:\/\/schema.org","@graph":[{"@type":"Article","@id":"https:\/\/www.eldiario.net\/portal\/2021\/08\/25\/rol-fundamental-de-la-familia-en-educacion\/#article","isPartOf":{"@id":"https:\/\/www.eldiario.net\/portal\/2021\/08\/25\/rol-fundamental-de-la-familia-en-educacion\/"},"author":{"name":"Jeanette","@id":"https:\/\/www.eldiario.net\/portal\/#\/schema\/person\/2c57cf2b7a7ae032e449e4c9b1019eac"},"headline":"Rol fundamental de la familia en educaci\u00f3n","datePublished":"2021-08-25T10:57:51+00:00","mainEntityOfPage":{"@id":"https:\/\/www.eldiario.net\/portal\/2021\/08\/25\/rol-fundamental-de-la-familia-en-educacion\/"},"wordCount":687,"publisher":{"@id":"https:\/\/www.eldiario.net\/portal\/#organization"},"articleSection":["Opini\u00f3n"],"inLanguage":"es"},{"@type":"WebPage","@id":"https:\/\/www.eldiario.net\/portal\/2021\/08\/25\/rol-fundamental-de-la-familia-en-educacion\/","url":"https:\/\/www.eldiario.net\/portal\/2021\/08\/25\/rol-fundamental-de-la-familia-en-educacion\/","name":"Rol fundamental de la familia en educaci\u00f3n - El Diario - Bolivia","isPartOf":{"@id":"https:\/\/www.eldiario.net\/portal\/#website"},"datePublished":"2021-08-25T10:57:51+00:00","breadcrumb":{"@id":"https:\/\/www.eldiario.net\/portal\/2021\/08\/25\/rol-fundamental-de-la-familia-en-educacion\/#breadcrumb"},"inLanguage":"es","potentialAction":[{"@type":"ReadAction","target":["https:\/\/www.eldiario.net\/portal\/2021\/08\/25\/rol-fundamental-de-la-familia-en-educacion\/"]}]},{"@type":"BreadcrumbList","@id":"https:\/\/www.eldiario.net\/portal\/2021\/08\/25\/rol-fundamental-de-la-familia-en-educacion\/#breadcrumb","itemListElement":[{"@type":"ListItem","position":1,"name":"Portada","item":"https:\/\/www.eldiario.net\/portal\/"},{"@type":"ListItem","position":2,"name":"Rol fundamental de la familia en educaci\u00f3n"}]},{"@type":"WebSite","@id":"https:\/\/www.eldiario.net\/portal\/#website","url":"https:\/\/www.eldiario.net\/portal\/","name":"El Diario - Decano de la prensa nacional","description":"El Diario - Decano de la prensa nacional","publisher":{"@id":"https:\/\/www.eldiario.net\/portal\/#organization"},"potentialAction":[{"@type":"SearchAction","target":{"@type":"EntryPoint","urlTemplate":"https:\/\/www.eldiario.net\/portal\/?s={search_term_string}"},"query-input":{"@type":"PropertyValueSpecification","valueRequired":true,"valueName":"search_term_string"}}],"inLanguage":"es"},{"@type":"Organization","@id":"https:\/\/www.eldiario.net\/portal\/#organization","name":"El Diario - Decano de la prensa nacional","url":"https:\/\/www.eldiario.net\/portal\/","logo":{"@type":"ImageObject","inLanguage":"es","@id":"https:\/\/www.eldiario.net\/portal\/#\/schema\/logo\/image\/","url":"https:\/\/www.eldiario.net\/portal\/wp-content\/uploads\/2023\/07\/logo_ED.jpg","contentUrl":"https:\/\/www.eldiario.net\/portal\/wp-content\/uploads\/2023\/07\/logo_ED.jpg","width":272,"height":52,"caption":"El Diario - Decano de la prensa nacional"},"image":{"@id":"https:\/\/www.eldiario.net\/portal\/#\/schema\/logo\/image\/"},"sameAs":["https:\/\/www.facebook.com\/eldiario.bolivia\/","https:\/\/x.com\/eldiario_net"]},{"@type":"Person","@id":"https:\/\/www.eldiario.net\/portal\/#\/schema\/person\/2c57cf2b7a7ae032e449e4c9b1019eac","name":"Jeanette","image":{"@type":"ImageObject","inLanguage":"es","@id":"https:\/\/secure.gravatar.com\/avatar\/3ea2118a5f7dad2b7138b1187a6b7ee55f160b9968b66013c3a3ef39dd7e5798?s=96&d=mm&r=g","url":"https:\/\/secure.gravatar.com\/avatar\/3ea2118a5f7dad2b7138b1187a6b7ee55f160b9968b66013c3a3ef39dd7e5798?s=96&d=mm&r=g","contentUrl":"https:\/\/secure.gravatar.com\/avatar\/3ea2118a5f7dad2b7138b1187a6b7ee55f160b9968b66013c3a3ef39dd7e5798?s=96&d=mm&r=g","caption":"Jeanette"},"sameAs":["https:\/\/www.eldiario.net\/portal"],"url":"https:\/\/www.eldiario.net\/portal\/author\/jeanette\/"}]}},"_links":{"self":[{"href":"https:\/\/www.eldiario.net\/portal\/wp-json\/wp\/v2\/posts\/25625","targetHints":{"allow":["GET"]}}],"collection":[{"href":"https:\/\/www.eldiario.net\/portal\/wp-json\/wp\/v2\/posts"}],"about":[{"href":"https:\/\/www.eldiario.net\/portal\/wp-json\/wp\/v2\/types\/post"}],"author":[{"embeddable":true,"href":"https:\/\/www.eldiario.net\/portal\/wp-json\/wp\/v2\/users\/1"}],"replies":[{"embeddable":true,"href":"https:\/\/www.eldiario.net\/portal\/wp-json\/wp\/v2\/comments?post=25625"}],"version-history":[{"count":0,"href":"https:\/\/www.eldiario.net\/portal\/wp-json\/wp\/v2\/posts\/25625\/revisions"}],"wp:attachment":[{"href":"https:\/\/www.eldiario.net\/portal\/wp-json\/wp\/v2\/media?parent=25625"}],"wp:term":[{"taxonomy":"category","embeddable":true,"href":"https:\/\/www.eldiario.net\/portal\/wp-json\/wp\/v2\/categories?post=25625"},{"taxonomy":"post_tag","embeddable":true,"href":"https:\/\/www.eldiario.net\/portal\/wp-json\/wp\/v2\/tags?post=25625"}],"curies":[{"name":"wp","href":"https:\/\/api.w.org\/{rel}","templated":true}]}}