{"id":25622,"date":"2021-08-25T06:57:08","date_gmt":"2021-08-25T10:57:08","guid":{"rendered":"https:\/\/www.eldiario.net\/portal\/?p=25622"},"modified":"2021-08-25T06:57:08","modified_gmt":"2021-08-25T10:57:08","slug":"alcalde-solicitara-reunion-del-coed-ante-posible-cuarta-ola","status":"publish","type":"post","link":"https:\/\/www.eldiario.net\/portal\/2021\/08\/25\/alcalde-solicitara-reunion-del-coed-ante-posible-cuarta-ola\/","title":{"rendered":"Alcalde solicitar\u00e1 reuni\u00f3n del  COED ante posible cuarta ola"},"content":{"rendered":"<p>Ante una posible cuarta ola del covid-19 en la regi\u00f3n, el alcalde Iv\u00e1n Arias inform\u00f3 que pedir\u00e1 al gobernador de La Paz, Santos Quispe, que convoque a una reuni\u00f3n del Centro de Operaciones de Emergencia Departamental (COED).<br \/>\n\u201cVamos a pedirle al gobernador Quispe que convoque pronto, la pr\u00f3xima semana y si es posible esta semana, que haya un nuevo COED. Cuidado se nos venga una cuarta ola, tenemos que estar preparados, necesitamos estar preparados, tenemos que preocuparnos. Si nos pilla una ola sin estar preparados ser\u00eda lo peor\u201d, explic\u00f3 la autoridad edil en conferencia de prensa.<br \/>\nArias impulsa desde mayo varias acciones contra la pandemia, como el desplazamiento de consultorios m\u00f3viles a varias zonas de la urbe para que hagan pruebas gratuitas y detecten casos del virus, 15 salas de oxigenoterapia, incremento de unidades de terapia intensiva en los hospitales municipales y una vacunaci\u00f3n el 18 de julio. La Paz es la primera ciudad capital de Bolivia con m\u00e1s del 85 % de su poblaci\u00f3n inoculada con la primera dosis.<br \/>\n\u201cYa hemos sacado cuerpo, en La Paz llevamos experiencia en c\u00f3mo reaccionar\u201d, afirm\u00f3 el burgomaestre ante la consulta de un periodista de c\u00f3mo se prepara la urbe pace\u00f1a ante una posible cuarta ola y con nuevas variantes.<br \/>\nAnunci\u00f3 que la pr\u00f3xima semana inaugurar\u00e1n la \u201cRuta del ox\u00edgeno por la vida\u201d, que consiste en habilitar un paseo por el Bosquecillo de Pura Pura para los que enfermaron con el virus y est\u00e9n en proceso de recuperaci\u00f3n. \u201cY vamos por m\u00e1s, estamos preparando la segunda campa\u00f1a masiva, pero no podemos hacerlo si no se aprueba el reformulado del POA (\u2026) esperamos que entre el mi\u00e9rcoles y jueves se apruebe\u201d, indic\u00f3 Arias.<br \/>\nEl burgomaestre destac\u00f3 la vacunaci\u00f3n m\u00f3vil que se ejecuta desde el 10 de agosto en zonas alejadas de la urbe pace\u00f1a y centros de abasto; este martes estuvo en Pasankeri Bajo Central y en el mercado Bol\u00edvar en Tembladerani. Adem\u00e1s, el 27 de agosto, la comuna pace\u00f1a realizar\u00e1 la vacunaci\u00f3n masiva para deportistas de diferentes disciplinas del municipio, en el Complejo Deportivo Luis Lastra, desde 08.30 hasta las 14.00 horas, public\u00f3 AMN.<br \/>\nPor otro lado, la viceministra de Seguros de Salud y Gesti\u00f3n del Sistema \u00danico de Salud, Alejandra Hidalgo, confirm\u00f3 este martes la llegada de un nuevo lote de vacunas Sinopharm y Sputnik-V en su segundo componente para este fin de semana.<br \/>\n\u201cDe acuerdo con los datos que brind\u00f3 nuestro ministro de Salud, Jeyson Auza, van a llegar este fin de semana nuevas dosis de la vacuna Sinopharm y, en relaci\u00f3n a la vacuna Sputnik V (segundo componente), son m\u00e1s de 300.000 dosis que arribar\u00e1n a nuestro pa\u00eds\u201d, indic\u00f3 en entrevista en el canal estatal, report\u00f3 ABI.<br \/>\nExplic\u00f3 que en el pa\u00eds a\u00fan existen las segundas dosis del inmunizante ruso y fueron distribuidas en todos los departamentos mediante los servicios departamentales de salud.<br \/>\nPrecis\u00f3 que se recibieron 275.000 dosis del segundo componente de la Sputnik V y se requerir\u00e1 solamente 200.000 para inmunizar a quienes recibieron la primera dosis desde el 23 de abril al 7 de mayo.<\/p>\n<p>&nbsp;<\/p>\n","protected":false},"excerpt":{"rendered":"<p>Ante una posible cuarta ola del covid-19 en la regi\u00f3n, el alcalde Iv\u00e1n Arias inform\u00f3 que pedir\u00e1 al gobernador de La Paz, Santos Quispe, que convoque a una reuni\u00f3n del Centro de Operaciones de Emergencia Departamental (COED). \u201cVamos a pedirle al gobernador Quispe que convoque pronto, la pr\u00f3xima semana y si es posible esta semana, [&hellip;]<\/p>\n","protected":false},"author":1,"featured_media":25623,"comment_status":"closed","ping_status":"closed","sticky":false,"template":"","format":"standard","meta":{"_acf_changed":false,"footnotes":""},"categories":[12],"tags":[],"class_list":["post-25622","post","type-post","status-publish","format-standard","has-post-thumbnail","category-nacional"],"acf":{"antetitulo":""},"yoast_head":"<!-- This site is optimized with the Yoast SEO plugin v28.4 - https:\/\/yoast.com\/product\/yoast-seo-wordpress\/ -->\n<title>Alcalde solicitar\u00e1 reuni\u00f3n del COED ante posible cuarta ola - El Diario - Bolivia<\/title>\n<meta name=\"robots\" content=\"index, follow, max-snippet:-1, max-image-preview:large, max-video-preview:-1\" \/>\n<link rel=\"canonical\" href=\"https:\/\/www.eldiario.net\/portal\/2021\/08\/25\/alcalde-solicitara-reunion-del-coed-ante-posible-cuarta-ola\/\" \/>\n<meta property=\"og:locale\" content=\"es_ES\" \/>\n<meta property=\"og:type\" content=\"article\" \/>\n<meta property=\"og:title\" content=\"Alcalde solicitar\u00e1 reuni\u00f3n del COED ante posible cuarta ola - El Diario - Bolivia\" \/>\n<meta property=\"og:description\" content=\"Ante una posible cuarta ola del covid-19 en la regi\u00f3n, el alcalde Iv\u00e1n Arias inform\u00f3 que pedir\u00e1 al gobernador de La Paz, Santos Quispe, que convoque a una reuni\u00f3n del Centro de Operaciones de Emergencia Departamental (COED). \u201cVamos a pedirle al gobernador Quispe que convoque pronto, la pr\u00f3xima semana y si es posible esta semana, [&hellip;]\" \/>\n<meta property=\"og:url\" content=\"https:\/\/www.eldiario.net\/portal\/2021\/08\/25\/alcalde-solicitara-reunion-del-coed-ante-posible-cuarta-ola\/\" \/>\n<meta property=\"og:site_name\" content=\"El Diario - Bolivia\" \/>\n<meta property=\"article:publisher\" content=\"https:\/\/www.facebook.com\/eldiario.bolivia\/\" \/>\n<meta property=\"article:published_time\" content=\"2021-08-25T10:57:08+00:00\" \/>\n<meta property=\"og:image\" content=\"https:\/\/www.eldiario.net\/portal\/wp-content\/uploads\/2021\/08\/1LP-14-scaled-1.jpg\" \/>\n\t<meta property=\"og:image:width\" content=\"2560\" \/>\n\t<meta property=\"og:image:height\" content=\"1438\" \/>\n\t<meta property=\"og:image:type\" content=\"image\/jpeg\" \/>\n<meta name=\"author\" content=\"Jeanette\" \/>\n<meta name=\"twitter:card\" content=\"summary_large_image\" \/>\n<meta name=\"twitter:creator\" content=\"@eldiario_net\" \/>\n<meta name=\"twitter:site\" content=\"@eldiario_net\" \/>\n<meta name=\"twitter:label1\" content=\"Escrito por\" \/>\n\t<meta name=\"twitter:data1\" content=\"Jeanette\" \/>\n\t<meta name=\"twitter:label2\" content=\"Tiempo de lectura\" \/>\n\t<meta name=\"twitter:data2\" content=\"3 minutos\" \/>\n<script type=\"application\/ld+json\" class=\"yoast-schema-graph\">{\"@context\":\"https:\\\/\\\/schema.org\",\"@graph\":[{\"@type\":\"Article\",\"@id\":\"https:\\\/\\\/www.eldiario.net\\\/portal\\\/2021\\\/08\\\/25\\\/alcalde-solicitara-reunion-del-coed-ante-posible-cuarta-ola\\\/#article\",\"isPartOf\":{\"@id\":\"https:\\\/\\\/www.eldiario.net\\\/portal\\\/2021\\\/08\\\/25\\\/alcalde-solicitara-reunion-del-coed-ante-posible-cuarta-ola\\\/\"},\"author\":{\"name\":\"Jeanette\",\"@id\":\"https:\\\/\\\/www.eldiario.net\\\/portal\\\/#\\\/schema\\\/person\\\/2c57cf2b7a7ae032e449e4c9b1019eac\"},\"headline\":\"Alcalde solicitar\u00e1 reuni\u00f3n del COED ante posible cuarta ola\",\"datePublished\":\"2021-08-25T10:57:08+00:00\",\"mainEntityOfPage\":{\"@id\":\"https:\\\/\\\/www.eldiario.net\\\/portal\\\/2021\\\/08\\\/25\\\/alcalde-solicitara-reunion-del-coed-ante-posible-cuarta-ola\\\/\"},\"wordCount\":539,\"publisher\":{\"@id\":\"https:\\\/\\\/www.eldiario.net\\\/portal\\\/#organization\"},\"image\":{\"@id\":\"https:\\\/\\\/www.eldiario.net\\\/portal\\\/2021\\\/08\\\/25\\\/alcalde-solicitara-reunion-del-coed-ante-posible-cuarta-ola\\\/#primaryimage\"},\"thumbnailUrl\":\"https:\\\/\\\/www.eldiario.net\\\/portal\\\/wp-content\\\/uploads\\\/2021\\\/08\\\/1LP-14-scaled-1.jpg\",\"articleSection\":[\"Nacional\"],\"inLanguage\":\"es\"},{\"@type\":\"WebPage\",\"@id\":\"https:\\\/\\\/www.eldiario.net\\\/portal\\\/2021\\\/08\\\/25\\\/alcalde-solicitara-reunion-del-coed-ante-posible-cuarta-ola\\\/\",\"url\":\"https:\\\/\\\/www.eldiario.net\\\/portal\\\/2021\\\/08\\\/25\\\/alcalde-solicitara-reunion-del-coed-ante-posible-cuarta-ola\\\/\",\"name\":\"Alcalde solicitar\u00e1 reuni\u00f3n del COED ante posible cuarta ola - El Diario - Bolivia\",\"isPartOf\":{\"@id\":\"https:\\\/\\\/www.eldiario.net\\\/portal\\\/#website\"},\"primaryImageOfPage\":{\"@id\":\"https:\\\/\\\/www.eldiario.net\\\/portal\\\/2021\\\/08\\\/25\\\/alcalde-solicitara-reunion-del-coed-ante-posible-cuarta-ola\\\/#primaryimage\"},\"image\":{\"@id\":\"https:\\\/\\\/www.eldiario.net\\\/portal\\\/2021\\\/08\\\/25\\\/alcalde-solicitara-reunion-del-coed-ante-posible-cuarta-ola\\\/#primaryimage\"},\"thumbnailUrl\":\"https:\\\/\\\/www.eldiario.net\\\/portal\\\/wp-content\\\/uploads\\\/2021\\\/08\\\/1LP-14-scaled-1.jpg\",\"datePublished\":\"2021-08-25T10:57:08+00:00\",\"breadcrumb\":{\"@id\":\"https:\\\/\\\/www.eldiario.net\\\/portal\\\/2021\\\/08\\\/25\\\/alcalde-solicitara-reunion-del-coed-ante-posible-cuarta-ola\\\/#breadcrumb\"},\"inLanguage\":\"es\",\"potentialAction\":[{\"@type\":\"ReadAction\",\"target\":[\"https:\\\/\\\/www.eldiario.net\\\/portal\\\/2021\\\/08\\\/25\\\/alcalde-solicitara-reunion-del-coed-ante-posible-cuarta-ola\\\/\"]}]},{\"@type\":\"ImageObject\",\"inLanguage\":\"es\",\"@id\":\"https:\\\/\\\/www.eldiario.net\\\/portal\\\/2021\\\/08\\\/25\\\/alcalde-solicitara-reunion-del-coed-ante-posible-cuarta-ola\\\/#primaryimage\",\"url\":\"https:\\\/\\\/www.eldiario.net\\\/portal\\\/wp-content\\\/uploads\\\/2021\\\/08\\\/1LP-14-scaled-1.jpg\",\"contentUrl\":\"https:\\\/\\\/www.eldiario.net\\\/portal\\\/wp-content\\\/uploads\\\/2021\\\/08\\\/1LP-14-scaled-1.jpg\",\"width\":2560,\"height\":1438,\"caption\":\"La poblaci\u00f3n debe continuar con las medidas de bioseguridad, especialmente en los lugares p\u00fablicos con bastante asistencia de personas, recalcaron las autoridades. referencial\"},{\"@type\":\"BreadcrumbList\",\"@id\":\"https:\\\/\\\/www.eldiario.net\\\/portal\\\/2021\\\/08\\\/25\\\/alcalde-solicitara-reunion-del-coed-ante-posible-cuarta-ola\\\/#breadcrumb\",\"itemListElement\":[{\"@type\":\"ListItem\",\"position\":1,\"name\":\"Portada\",\"item\":\"https:\\\/\\\/www.eldiario.net\\\/portal\\\/\"},{\"@type\":\"ListItem\",\"position\":2,\"name\":\"Alcalde solicitar\u00e1 reuni\u00f3n del COED ante posible cuarta ola\"}]},{\"@type\":\"WebSite\",\"@id\":\"https:\\\/\\\/www.eldiario.net\\\/portal\\\/#website\",\"url\":\"https:\\\/\\\/www.eldiario.net\\\/portal\\\/\",\"name\":\"El Diario - Decano de la prensa nacional\",\"description\":\"El Diario - Decano de la prensa nacional\",\"publisher\":{\"@id\":\"https:\\\/\\\/www.eldiario.net\\\/portal\\\/#organization\"},\"potentialAction\":[{\"@type\":\"SearchAction\",\"target\":{\"@type\":\"EntryPoint\",\"urlTemplate\":\"https:\\\/\\\/www.eldiario.net\\\/portal\\\/?s={search_term_string}\"},\"query-input\":{\"@type\":\"PropertyValueSpecification\",\"valueRequired\":true,\"valueName\":\"search_term_string\"}}],\"inLanguage\":\"es\"},{\"@type\":\"Organization\",\"@id\":\"https:\\\/\\\/www.eldiario.net\\\/portal\\\/#organization\",\"name\":\"El Diario - Decano de la prensa nacional\",\"url\":\"https:\\\/\\\/www.eldiario.net\\\/portal\\\/\",\"logo\":{\"@type\":\"ImageObject\",\"inLanguage\":\"es\",\"@id\":\"https:\\\/\\\/www.eldiario.net\\\/portal\\\/#\\\/schema\\\/logo\\\/image\\\/\",\"url\":\"https:\\\/\\\/www.eldiario.net\\\/portal\\\/wp-content\\\/uploads\\\/2023\\\/07\\\/logo_ED.jpg\",\"contentUrl\":\"https:\\\/\\\/www.eldiario.net\\\/portal\\\/wp-content\\\/uploads\\\/2023\\\/07\\\/logo_ED.jpg\",\"width\":272,\"height\":52,\"caption\":\"El Diario - Decano de la prensa nacional\"},\"image\":{\"@id\":\"https:\\\/\\\/www.eldiario.net\\\/portal\\\/#\\\/schema\\\/logo\\\/image\\\/\"},\"sameAs\":[\"https:\\\/\\\/www.facebook.com\\\/eldiario.bolivia\\\/\",\"https:\\\/\\\/x.com\\\/eldiario_net\"]},{\"@type\":\"Person\",\"@id\":\"https:\\\/\\\/www.eldiario.net\\\/portal\\\/#\\\/schema\\\/person\\\/2c57cf2b7a7ae032e449e4c9b1019eac\",\"name\":\"Jeanette\",\"image\":{\"@type\":\"ImageObject\",\"inLanguage\":\"es\",\"@id\":\"https:\\\/\\\/secure.gravatar.com\\\/avatar\\\/3ea2118a5f7dad2b7138b1187a6b7ee55f160b9968b66013c3a3ef39dd7e5798?s=96&d=mm&r=g\",\"url\":\"https:\\\/\\\/secure.gravatar.com\\\/avatar\\\/3ea2118a5f7dad2b7138b1187a6b7ee55f160b9968b66013c3a3ef39dd7e5798?s=96&d=mm&r=g\",\"contentUrl\":\"https:\\\/\\\/secure.gravatar.com\\\/avatar\\\/3ea2118a5f7dad2b7138b1187a6b7ee55f160b9968b66013c3a3ef39dd7e5798?s=96&d=mm&r=g\",\"caption\":\"Jeanette\"},\"sameAs\":[\"https:\\\/\\\/www.eldiario.net\\\/portal\"],\"url\":\"https:\\\/\\\/www.eldiario.net\\\/portal\\\/author\\\/jeanette\\\/\"}]}<\/script>\n<!-- \/ Yoast SEO plugin. -->","yoast_head_json":{"title":"Alcalde solicitar\u00e1 reuni\u00f3n del COED ante posible cuarta ola - El Diario - Bolivia","robots":{"index":"index","follow":"follow","max-snippet":"max-snippet:-1","max-image-preview":"max-image-preview:large","max-video-preview":"max-video-preview:-1"},"canonical":"https:\/\/www.eldiario.net\/portal\/2021\/08\/25\/alcalde-solicitara-reunion-del-coed-ante-posible-cuarta-ola\/","og_locale":"es_ES","og_type":"article","og_title":"Alcalde solicitar\u00e1 reuni\u00f3n del COED ante posible cuarta ola - El Diario - Bolivia","og_description":"Ante una posible cuarta ola del covid-19 en la regi\u00f3n, el alcalde Iv\u00e1n Arias inform\u00f3 que pedir\u00e1 al gobernador de La Paz, Santos Quispe, que convoque a una reuni\u00f3n del Centro de Operaciones de Emergencia Departamental (COED). \u201cVamos a pedirle al gobernador Quispe que convoque pronto, la pr\u00f3xima semana y si es posible esta semana, [&hellip;]","og_url":"https:\/\/www.eldiario.net\/portal\/2021\/08\/25\/alcalde-solicitara-reunion-del-coed-ante-posible-cuarta-ola\/","og_site_name":"El Diario - Bolivia","article_publisher":"https:\/\/www.facebook.com\/eldiario.bolivia\/","article_published_time":"2021-08-25T10:57:08+00:00","og_image":[{"width":2560,"height":1438,"url":"https:\/\/www.eldiario.net\/portal\/wp-content\/uploads\/2021\/08\/1LP-14-scaled-1.jpg","type":"image\/jpeg"}],"author":"Jeanette","twitter_card":"summary_large_image","twitter_creator":"@eldiario_net","twitter_site":"@eldiario_net","twitter_misc":{"Escrito por":"Jeanette","Tiempo de lectura":"3 minutos"},"schema":{"@context":"https:\/\/schema.org","@graph":[{"@type":"Article","@id":"https:\/\/www.eldiario.net\/portal\/2021\/08\/25\/alcalde-solicitara-reunion-del-coed-ante-posible-cuarta-ola\/#article","isPartOf":{"@id":"https:\/\/www.eldiario.net\/portal\/2021\/08\/25\/alcalde-solicitara-reunion-del-coed-ante-posible-cuarta-ola\/"},"author":{"name":"Jeanette","@id":"https:\/\/www.eldiario.net\/portal\/#\/schema\/person\/2c57cf2b7a7ae032e449e4c9b1019eac"},"headline":"Alcalde solicitar\u00e1 reuni\u00f3n del COED ante posible cuarta ola","datePublished":"2021-08-25T10:57:08+00:00","mainEntityOfPage":{"@id":"https:\/\/www.eldiario.net\/portal\/2021\/08\/25\/alcalde-solicitara-reunion-del-coed-ante-posible-cuarta-ola\/"},"wordCount":539,"publisher":{"@id":"https:\/\/www.eldiario.net\/portal\/#organization"},"image":{"@id":"https:\/\/www.eldiario.net\/portal\/2021\/08\/25\/alcalde-solicitara-reunion-del-coed-ante-posible-cuarta-ola\/#primaryimage"},"thumbnailUrl":"https:\/\/www.eldiario.net\/portal\/wp-content\/uploads\/2021\/08\/1LP-14-scaled-1.jpg","articleSection":["Nacional"],"inLanguage":"es"},{"@type":"WebPage","@id":"https:\/\/www.eldiario.net\/portal\/2021\/08\/25\/alcalde-solicitara-reunion-del-coed-ante-posible-cuarta-ola\/","url":"https:\/\/www.eldiario.net\/portal\/2021\/08\/25\/alcalde-solicitara-reunion-del-coed-ante-posible-cuarta-ola\/","name":"Alcalde solicitar\u00e1 reuni\u00f3n del COED ante posible cuarta ola - El Diario - Bolivia","isPartOf":{"@id":"https:\/\/www.eldiario.net\/portal\/#website"},"primaryImageOfPage":{"@id":"https:\/\/www.eldiario.net\/portal\/2021\/08\/25\/alcalde-solicitara-reunion-del-coed-ante-posible-cuarta-ola\/#primaryimage"},"image":{"@id":"https:\/\/www.eldiario.net\/portal\/2021\/08\/25\/alcalde-solicitara-reunion-del-coed-ante-posible-cuarta-ola\/#primaryimage"},"thumbnailUrl":"https:\/\/www.eldiario.net\/portal\/wp-content\/uploads\/2021\/08\/1LP-14-scaled-1.jpg","datePublished":"2021-08-25T10:57:08+00:00","breadcrumb":{"@id":"https:\/\/www.eldiario.net\/portal\/2021\/08\/25\/alcalde-solicitara-reunion-del-coed-ante-posible-cuarta-ola\/#breadcrumb"},"inLanguage":"es","potentialAction":[{"@type":"ReadAction","target":["https:\/\/www.eldiario.net\/portal\/2021\/08\/25\/alcalde-solicitara-reunion-del-coed-ante-posible-cuarta-ola\/"]}]},{"@type":"ImageObject","inLanguage":"es","@id":"https:\/\/www.eldiario.net\/portal\/2021\/08\/25\/alcalde-solicitara-reunion-del-coed-ante-posible-cuarta-ola\/#primaryimage","url":"https:\/\/www.eldiario.net\/portal\/wp-content\/uploads\/2021\/08\/1LP-14-scaled-1.jpg","contentUrl":"https:\/\/www.eldiario.net\/portal\/wp-content\/uploads\/2021\/08\/1LP-14-scaled-1.jpg","width":2560,"height":1438,"caption":"La poblaci\u00f3n debe continuar con las medidas de bioseguridad, especialmente en los lugares p\u00fablicos con bastante asistencia de personas, recalcaron las autoridades. referencial"},{"@type":"BreadcrumbList","@id":"https:\/\/www.eldiario.net\/portal\/2021\/08\/25\/alcalde-solicitara-reunion-del-coed-ante-posible-cuarta-ola\/#breadcrumb","itemListElement":[{"@type":"ListItem","position":1,"name":"Portada","item":"https:\/\/www.eldiario.net\/portal\/"},{"@type":"ListItem","position":2,"name":"Alcalde solicitar\u00e1 reuni\u00f3n del COED ante posible cuarta ola"}]},{"@type":"WebSite","@id":"https:\/\/www.eldiario.net\/portal\/#website","url":"https:\/\/www.eldiario.net\/portal\/","name":"El Diario - Decano de la prensa nacional","description":"El Diario - Decano de la prensa nacional","publisher":{"@id":"https:\/\/www.eldiario.net\/portal\/#organization"},"potentialAction":[{"@type":"SearchAction","target":{"@type":"EntryPoint","urlTemplate":"https:\/\/www.eldiario.net\/portal\/?s={search_term_string}"},"query-input":{"@type":"PropertyValueSpecification","valueRequired":true,"valueName":"search_term_string"}}],"inLanguage":"es"},{"@type":"Organization","@id":"https:\/\/www.eldiario.net\/portal\/#organization","name":"El Diario - Decano de la prensa nacional","url":"https:\/\/www.eldiario.net\/portal\/","logo":{"@type":"ImageObject","inLanguage":"es","@id":"https:\/\/www.eldiario.net\/portal\/#\/schema\/logo\/image\/","url":"https:\/\/www.eldiario.net\/portal\/wp-content\/uploads\/2023\/07\/logo_ED.jpg","contentUrl":"https:\/\/www.eldiario.net\/portal\/wp-content\/uploads\/2023\/07\/logo_ED.jpg","width":272,"height":52,"caption":"El Diario - Decano de la prensa nacional"},"image":{"@id":"https:\/\/www.eldiario.net\/portal\/#\/schema\/logo\/image\/"},"sameAs":["https:\/\/www.facebook.com\/eldiario.bolivia\/","https:\/\/x.com\/eldiario_net"]},{"@type":"Person","@id":"https:\/\/www.eldiario.net\/portal\/#\/schema\/person\/2c57cf2b7a7ae032e449e4c9b1019eac","name":"Jeanette","image":{"@type":"ImageObject","inLanguage":"es","@id":"https:\/\/secure.gravatar.com\/avatar\/3ea2118a5f7dad2b7138b1187a6b7ee55f160b9968b66013c3a3ef39dd7e5798?s=96&d=mm&r=g","url":"https:\/\/secure.gravatar.com\/avatar\/3ea2118a5f7dad2b7138b1187a6b7ee55f160b9968b66013c3a3ef39dd7e5798?s=96&d=mm&r=g","contentUrl":"https:\/\/secure.gravatar.com\/avatar\/3ea2118a5f7dad2b7138b1187a6b7ee55f160b9968b66013c3a3ef39dd7e5798?s=96&d=mm&r=g","caption":"Jeanette"},"sameAs":["https:\/\/www.eldiario.net\/portal"],"url":"https:\/\/www.eldiario.net\/portal\/author\/jeanette\/"}]}},"_links":{"self":[{"href":"https:\/\/www.eldiario.net\/portal\/wp-json\/wp\/v2\/posts\/25622","targetHints":{"allow":["GET"]}}],"collection":[{"href":"https:\/\/www.eldiario.net\/portal\/wp-json\/wp\/v2\/posts"}],"about":[{"href":"https:\/\/www.eldiario.net\/portal\/wp-json\/wp\/v2\/types\/post"}],"author":[{"embeddable":true,"href":"https:\/\/www.eldiario.net\/portal\/wp-json\/wp\/v2\/users\/1"}],"replies":[{"embeddable":true,"href":"https:\/\/www.eldiario.net\/portal\/wp-json\/wp\/v2\/comments?post=25622"}],"version-history":[{"count":0,"href":"https:\/\/www.eldiario.net\/portal\/wp-json\/wp\/v2\/posts\/25622\/revisions"}],"wp:featuredmedia":[{"embeddable":true,"href":"https:\/\/www.eldiario.net\/portal\/wp-json\/wp\/v2\/media\/25623"}],"wp:attachment":[{"href":"https:\/\/www.eldiario.net\/portal\/wp-json\/wp\/v2\/media?parent=25622"}],"wp:term":[{"taxonomy":"category","embeddable":true,"href":"https:\/\/www.eldiario.net\/portal\/wp-json\/wp\/v2\/categories?post=25622"},{"taxonomy":"post_tag","embeddable":true,"href":"https:\/\/www.eldiario.net\/portal\/wp-json\/wp\/v2\/tags?post=25622"}],"curies":[{"name":"wp","href":"https:\/\/api.w.org\/{rel}","templated":true}]}}