{"id":25619,"date":"2021-08-25T06:56:05","date_gmt":"2021-08-25T10:56:05","guid":{"rendered":"https:\/\/www.eldiario.net\/portal\/?p=25619"},"modified":"2021-08-25T06:56:05","modified_gmt":"2021-08-25T10:56:05","slug":"la-paz-continuara-en-riesgo-si-no-se-vacunan-en-regiones-aledanas","status":"publish","type":"post","link":"https:\/\/www.eldiario.net\/portal\/2021\/08\/25\/la-paz-continuara-en-riesgo-si-no-se-vacunan-en-regiones-aledanas\/","title":{"rendered":"La Paz continuar\u00e1 en riesgo si no  se vacunan en regiones aleda\u00f1as"},"content":{"rendered":"<p>La urbe pace\u00f1a seguir\u00e1 en riesgo si en los municipios aleda\u00f1os la ciudadan\u00eda no se vacuna contra el covid-19 hasta alcanzar la \u201cinmunidad de reba\u00f1o\u201d, advirti\u00f3 la secretaria municipal de Salud, Cecilia Vargas.<br \/>\n\u201cSi bien tenemos una importante cantidad de vacunados, si los municipios vecinos no van con el mismo objetivo seguimos en riesgo. Tambi\u00e9n hay que considerar que si algunas personas de los municipios aleda\u00f1os enferman de gravedad, ocupar\u00edan espacios, afectando al sistema de salud en general y en espec\u00edfico en el sistema municipal\u201d, explic\u00f3 Vargas a un canal de TV.<br \/>\nHasta el 23 de agosto, 431.789 personas recibieron la primera dosis en la ciudad pace\u00f1a; 264.596 con la segunda dosis; y 65.997 con la dosis \u00fanica, seg\u00fan datos del Servicio Departamental de Salud (Sedes) de La Paz. Mientras que en la ciudad de El Alto, 192.905 est\u00e1n con la primera dosis; 96.836 con la segunda dosis; y 40.961 con la dosis \u00fanica.<br \/>\n\u201cLos hospitales municipales est\u00e1n vacunado todos los d\u00edas, incluidos los fines de semana, quisi\u00e9ramos que el resto de los municipios hagan controles\u201d, afirm\u00f3 Vargas. El municipio de La Paz es la primera ciudad capital de Bolivia con m\u00e1s del 85 % de su poblaci\u00f3n vacunada con la primera dosis.<br \/>\nAplicando la Johnson &amp; Johnson est\u00e1n La Portada, que atiende de lunes a domingo, de 09:00 a 12:00 y de 14:00 a 16:00; se encuentra en la Av. Florida esquina Carlos Quintanilla. Mientras que Cotahuma brinda sus servicios desde las 08:00 hasta las 12:00 horas de lunes a viernes; est\u00e1 ubicada en la Av. V\u00edctor Agust\u00edn Ugarte entre la v\u00eda Jaime Zud\u00e1\u00f1ez.<br \/>\nCon la misma dosis, el Hospital Municipal Los Pinos vacuna de lunes a viernes desde las 10:00 hasta las 14:00; est\u00e1 situada en la calle 25 de Calacoto. Y, el nosocomio La Paz, ubicado en la plaza Garita de Lima, atiende desde las 08:30 hasta las 14.00 de lunes a viernes. Solo en La Merced inoculan con la Sinopharm de lunes a viernes desde las 08:00 hasta las 12.00 del mediod\u00eda.<\/p>\n","protected":false},"excerpt":{"rendered":"<p>La urbe pace\u00f1a seguir\u00e1 en riesgo si en los municipios aleda\u00f1os la ciudadan\u00eda no se vacuna contra el covid-19 hasta alcanzar la \u201cinmunidad de reba\u00f1o\u201d, advirti\u00f3 la secretaria municipal de Salud, Cecilia Vargas. \u201cSi bien tenemos una importante cantidad de vacunados, si los municipios vecinos no van con el mismo objetivo seguimos en riesgo. Tambi\u00e9n [&hellip;]<\/p>\n","protected":false},"author":1,"featured_media":25620,"comment_status":"closed","ping_status":"closed","sticky":false,"template":"","format":"standard","meta":{"_acf_changed":false,"footnotes":""},"categories":[12],"tags":[],"class_list":["post-25619","post","type-post","status-publish","format-standard","has-post-thumbnail","category-nacional"],"acf":{"antetitulo":""},"yoast_head":"<!-- This site is optimized with the Yoast SEO plugin v28.4 - https:\/\/yoast.com\/product\/yoast-seo-wordpress\/ -->\n<title>La Paz continuar\u00e1 en riesgo si no se vacunan en regiones aleda\u00f1as - El Diario - Bolivia<\/title>\n<meta name=\"robots\" content=\"index, follow, max-snippet:-1, max-image-preview:large, max-video-preview:-1\" \/>\n<link rel=\"canonical\" href=\"https:\/\/www.eldiario.net\/portal\/2021\/08\/25\/la-paz-continuara-en-riesgo-si-no-se-vacunan-en-regiones-aledanas\/\" \/>\n<meta property=\"og:locale\" content=\"es_ES\" \/>\n<meta property=\"og:type\" content=\"article\" \/>\n<meta property=\"og:title\" content=\"La Paz continuar\u00e1 en riesgo si no se vacunan en regiones aleda\u00f1as - El Diario - Bolivia\" \/>\n<meta property=\"og:description\" content=\"La urbe pace\u00f1a seguir\u00e1 en riesgo si en los municipios aleda\u00f1os la ciudadan\u00eda no se vacuna contra el covid-19 hasta alcanzar la \u201cinmunidad de reba\u00f1o\u201d, advirti\u00f3 la secretaria municipal de Salud, Cecilia Vargas. \u201cSi bien tenemos una importante cantidad de vacunados, si los municipios vecinos no van con el mismo objetivo seguimos en riesgo. Tambi\u00e9n [&hellip;]\" \/>\n<meta property=\"og:url\" content=\"https:\/\/www.eldiario.net\/portal\/2021\/08\/25\/la-paz-continuara-en-riesgo-si-no-se-vacunan-en-regiones-aledanas\/\" \/>\n<meta property=\"og:site_name\" content=\"El Diario - Bolivia\" \/>\n<meta property=\"article:publisher\" content=\"https:\/\/www.facebook.com\/eldiario.bolivia\/\" \/>\n<meta property=\"article:published_time\" content=\"2021-08-25T10:56:05+00:00\" \/>\n<meta property=\"og:image\" content=\"https:\/\/www.eldiario.net\/portal\/wp-content\/uploads\/2021\/08\/2LP-11.jpg\" \/>\n\t<meta property=\"og:image:width\" content=\"1920\" \/>\n\t<meta property=\"og:image:height\" content=\"1080\" \/>\n\t<meta property=\"og:image:type\" content=\"image\/jpeg\" \/>\n<meta name=\"author\" content=\"Jeanette\" \/>\n<meta name=\"twitter:card\" content=\"summary_large_image\" \/>\n<meta name=\"twitter:creator\" content=\"@eldiario_net\" \/>\n<meta name=\"twitter:site\" content=\"@eldiario_net\" \/>\n<meta name=\"twitter:label1\" content=\"Escrito por\" \/>\n\t<meta name=\"twitter:data1\" content=\"Jeanette\" \/>\n\t<meta name=\"twitter:label2\" content=\"Tiempo de lectura\" \/>\n\t<meta name=\"twitter:data2\" content=\"2 minutos\" \/>\n<script type=\"application\/ld+json\" class=\"yoast-schema-graph\">{\"@context\":\"https:\\\/\\\/schema.org\",\"@graph\":[{\"@type\":\"Article\",\"@id\":\"https:\\\/\\\/www.eldiario.net\\\/portal\\\/2021\\\/08\\\/25\\\/la-paz-continuara-en-riesgo-si-no-se-vacunan-en-regiones-aledanas\\\/#article\",\"isPartOf\":{\"@id\":\"https:\\\/\\\/www.eldiario.net\\\/portal\\\/2021\\\/08\\\/25\\\/la-paz-continuara-en-riesgo-si-no-se-vacunan-en-regiones-aledanas\\\/\"},\"author\":{\"name\":\"Jeanette\",\"@id\":\"https:\\\/\\\/www.eldiario.net\\\/portal\\\/#\\\/schema\\\/person\\\/2c57cf2b7a7ae032e449e4c9b1019eac\"},\"headline\":\"La Paz continuar\u00e1 en riesgo si no se vacunan en regiones aleda\u00f1as\",\"datePublished\":\"2021-08-25T10:56:05+00:00\",\"mainEntityOfPage\":{\"@id\":\"https:\\\/\\\/www.eldiario.net\\\/portal\\\/2021\\\/08\\\/25\\\/la-paz-continuara-en-riesgo-si-no-se-vacunan-en-regiones-aledanas\\\/\"},\"wordCount\":349,\"publisher\":{\"@id\":\"https:\\\/\\\/www.eldiario.net\\\/portal\\\/#organization\"},\"image\":{\"@id\":\"https:\\\/\\\/www.eldiario.net\\\/portal\\\/2021\\\/08\\\/25\\\/la-paz-continuara-en-riesgo-si-no-se-vacunan-en-regiones-aledanas\\\/#primaryimage\"},\"thumbnailUrl\":\"https:\\\/\\\/www.eldiario.net\\\/portal\\\/wp-content\\\/uploads\\\/2021\\\/08\\\/2LP-11.jpg\",\"articleSection\":[\"Nacional\"],\"inLanguage\":\"es\"},{\"@type\":\"WebPage\",\"@id\":\"https:\\\/\\\/www.eldiario.net\\\/portal\\\/2021\\\/08\\\/25\\\/la-paz-continuara-en-riesgo-si-no-se-vacunan-en-regiones-aledanas\\\/\",\"url\":\"https:\\\/\\\/www.eldiario.net\\\/portal\\\/2021\\\/08\\\/25\\\/la-paz-continuara-en-riesgo-si-no-se-vacunan-en-regiones-aledanas\\\/\",\"name\":\"La Paz continuar\u00e1 en riesgo si no se vacunan en regiones aleda\u00f1as - El Diario - Bolivia\",\"isPartOf\":{\"@id\":\"https:\\\/\\\/www.eldiario.net\\\/portal\\\/#website\"},\"primaryImageOfPage\":{\"@id\":\"https:\\\/\\\/www.eldiario.net\\\/portal\\\/2021\\\/08\\\/25\\\/la-paz-continuara-en-riesgo-si-no-se-vacunan-en-regiones-aledanas\\\/#primaryimage\"},\"image\":{\"@id\":\"https:\\\/\\\/www.eldiario.net\\\/portal\\\/2021\\\/08\\\/25\\\/la-paz-continuara-en-riesgo-si-no-se-vacunan-en-regiones-aledanas\\\/#primaryimage\"},\"thumbnailUrl\":\"https:\\\/\\\/www.eldiario.net\\\/portal\\\/wp-content\\\/uploads\\\/2021\\\/08\\\/2LP-11.jpg\",\"datePublished\":\"2021-08-25T10:56:05+00:00\",\"breadcrumb\":{\"@id\":\"https:\\\/\\\/www.eldiario.net\\\/portal\\\/2021\\\/08\\\/25\\\/la-paz-continuara-en-riesgo-si-no-se-vacunan-en-regiones-aledanas\\\/#breadcrumb\"},\"inLanguage\":\"es\",\"potentialAction\":[{\"@type\":\"ReadAction\",\"target\":[\"https:\\\/\\\/www.eldiario.net\\\/portal\\\/2021\\\/08\\\/25\\\/la-paz-continuara-en-riesgo-si-no-se-vacunan-en-regiones-aledanas\\\/\"]}]},{\"@type\":\"ImageObject\",\"inLanguage\":\"es\",\"@id\":\"https:\\\/\\\/www.eldiario.net\\\/portal\\\/2021\\\/08\\\/25\\\/la-paz-continuara-en-riesgo-si-no-se-vacunan-en-regiones-aledanas\\\/#primaryimage\",\"url\":\"https:\\\/\\\/www.eldiario.net\\\/portal\\\/wp-content\\\/uploads\\\/2021\\\/08\\\/2LP-11.jpg\",\"contentUrl\":\"https:\\\/\\\/www.eldiario.net\\\/portal\\\/wp-content\\\/uploads\\\/2021\\\/08\\\/2LP-11.jpg\",\"width\":1920,\"height\":1080,\"caption\":\"Cuanto m\u00e1s vacunados existan en el pa\u00eds, es menor el peligro de contagios masivos con coronavirus, afirman los expertos.\"},{\"@type\":\"BreadcrumbList\",\"@id\":\"https:\\\/\\\/www.eldiario.net\\\/portal\\\/2021\\\/08\\\/25\\\/la-paz-continuara-en-riesgo-si-no-se-vacunan-en-regiones-aledanas\\\/#breadcrumb\",\"itemListElement\":[{\"@type\":\"ListItem\",\"position\":1,\"name\":\"Portada\",\"item\":\"https:\\\/\\\/www.eldiario.net\\\/portal\\\/\"},{\"@type\":\"ListItem\",\"position\":2,\"name\":\"La Paz continuar\u00e1 en riesgo si no se vacunan en regiones aleda\u00f1as\"}]},{\"@type\":\"WebSite\",\"@id\":\"https:\\\/\\\/www.eldiario.net\\\/portal\\\/#website\",\"url\":\"https:\\\/\\\/www.eldiario.net\\\/portal\\\/\",\"name\":\"El Diario - Decano de la prensa nacional\",\"description\":\"El Diario - Decano de la prensa nacional\",\"publisher\":{\"@id\":\"https:\\\/\\\/www.eldiario.net\\\/portal\\\/#organization\"},\"potentialAction\":[{\"@type\":\"SearchAction\",\"target\":{\"@type\":\"EntryPoint\",\"urlTemplate\":\"https:\\\/\\\/www.eldiario.net\\\/portal\\\/?s={search_term_string}\"},\"query-input\":{\"@type\":\"PropertyValueSpecification\",\"valueRequired\":true,\"valueName\":\"search_term_string\"}}],\"inLanguage\":\"es\"},{\"@type\":\"Organization\",\"@id\":\"https:\\\/\\\/www.eldiario.net\\\/portal\\\/#organization\",\"name\":\"El Diario - Decano de la prensa nacional\",\"url\":\"https:\\\/\\\/www.eldiario.net\\\/portal\\\/\",\"logo\":{\"@type\":\"ImageObject\",\"inLanguage\":\"es\",\"@id\":\"https:\\\/\\\/www.eldiario.net\\\/portal\\\/#\\\/schema\\\/logo\\\/image\\\/\",\"url\":\"https:\\\/\\\/www.eldiario.net\\\/portal\\\/wp-content\\\/uploads\\\/2023\\\/07\\\/logo_ED.jpg\",\"contentUrl\":\"https:\\\/\\\/www.eldiario.net\\\/portal\\\/wp-content\\\/uploads\\\/2023\\\/07\\\/logo_ED.jpg\",\"width\":272,\"height\":52,\"caption\":\"El Diario - Decano de la prensa nacional\"},\"image\":{\"@id\":\"https:\\\/\\\/www.eldiario.net\\\/portal\\\/#\\\/schema\\\/logo\\\/image\\\/\"},\"sameAs\":[\"https:\\\/\\\/www.facebook.com\\\/eldiario.bolivia\\\/\",\"https:\\\/\\\/x.com\\\/eldiario_net\"]},{\"@type\":\"Person\",\"@id\":\"https:\\\/\\\/www.eldiario.net\\\/portal\\\/#\\\/schema\\\/person\\\/2c57cf2b7a7ae032e449e4c9b1019eac\",\"name\":\"Jeanette\",\"image\":{\"@type\":\"ImageObject\",\"inLanguage\":\"es\",\"@id\":\"https:\\\/\\\/secure.gravatar.com\\\/avatar\\\/3ea2118a5f7dad2b7138b1187a6b7ee55f160b9968b66013c3a3ef39dd7e5798?s=96&d=mm&r=g\",\"url\":\"https:\\\/\\\/secure.gravatar.com\\\/avatar\\\/3ea2118a5f7dad2b7138b1187a6b7ee55f160b9968b66013c3a3ef39dd7e5798?s=96&d=mm&r=g\",\"contentUrl\":\"https:\\\/\\\/secure.gravatar.com\\\/avatar\\\/3ea2118a5f7dad2b7138b1187a6b7ee55f160b9968b66013c3a3ef39dd7e5798?s=96&d=mm&r=g\",\"caption\":\"Jeanette\"},\"sameAs\":[\"https:\\\/\\\/www.eldiario.net\\\/portal\"],\"url\":\"https:\\\/\\\/www.eldiario.net\\\/portal\\\/author\\\/jeanette\\\/\"}]}<\/script>\n<!-- \/ Yoast SEO plugin. -->","yoast_head_json":{"title":"La Paz continuar\u00e1 en riesgo si no se vacunan en regiones aleda\u00f1as - El Diario - Bolivia","robots":{"index":"index","follow":"follow","max-snippet":"max-snippet:-1","max-image-preview":"max-image-preview:large","max-video-preview":"max-video-preview:-1"},"canonical":"https:\/\/www.eldiario.net\/portal\/2021\/08\/25\/la-paz-continuara-en-riesgo-si-no-se-vacunan-en-regiones-aledanas\/","og_locale":"es_ES","og_type":"article","og_title":"La Paz continuar\u00e1 en riesgo si no se vacunan en regiones aleda\u00f1as - El Diario - Bolivia","og_description":"La urbe pace\u00f1a seguir\u00e1 en riesgo si en los municipios aleda\u00f1os la ciudadan\u00eda no se vacuna contra el covid-19 hasta alcanzar la \u201cinmunidad de reba\u00f1o\u201d, advirti\u00f3 la secretaria municipal de Salud, Cecilia Vargas. \u201cSi bien tenemos una importante cantidad de vacunados, si los municipios vecinos no van con el mismo objetivo seguimos en riesgo. Tambi\u00e9n [&hellip;]","og_url":"https:\/\/www.eldiario.net\/portal\/2021\/08\/25\/la-paz-continuara-en-riesgo-si-no-se-vacunan-en-regiones-aledanas\/","og_site_name":"El Diario - Bolivia","article_publisher":"https:\/\/www.facebook.com\/eldiario.bolivia\/","article_published_time":"2021-08-25T10:56:05+00:00","og_image":[{"width":1920,"height":1080,"url":"https:\/\/www.eldiario.net\/portal\/wp-content\/uploads\/2021\/08\/2LP-11.jpg","type":"image\/jpeg"}],"author":"Jeanette","twitter_card":"summary_large_image","twitter_creator":"@eldiario_net","twitter_site":"@eldiario_net","twitter_misc":{"Escrito por":"Jeanette","Tiempo de lectura":"2 minutos"},"schema":{"@context":"https:\/\/schema.org","@graph":[{"@type":"Article","@id":"https:\/\/www.eldiario.net\/portal\/2021\/08\/25\/la-paz-continuara-en-riesgo-si-no-se-vacunan-en-regiones-aledanas\/#article","isPartOf":{"@id":"https:\/\/www.eldiario.net\/portal\/2021\/08\/25\/la-paz-continuara-en-riesgo-si-no-se-vacunan-en-regiones-aledanas\/"},"author":{"name":"Jeanette","@id":"https:\/\/www.eldiario.net\/portal\/#\/schema\/person\/2c57cf2b7a7ae032e449e4c9b1019eac"},"headline":"La Paz continuar\u00e1 en riesgo si no se vacunan en regiones aleda\u00f1as","datePublished":"2021-08-25T10:56:05+00:00","mainEntityOfPage":{"@id":"https:\/\/www.eldiario.net\/portal\/2021\/08\/25\/la-paz-continuara-en-riesgo-si-no-se-vacunan-en-regiones-aledanas\/"},"wordCount":349,"publisher":{"@id":"https:\/\/www.eldiario.net\/portal\/#organization"},"image":{"@id":"https:\/\/www.eldiario.net\/portal\/2021\/08\/25\/la-paz-continuara-en-riesgo-si-no-se-vacunan-en-regiones-aledanas\/#primaryimage"},"thumbnailUrl":"https:\/\/www.eldiario.net\/portal\/wp-content\/uploads\/2021\/08\/2LP-11.jpg","articleSection":["Nacional"],"inLanguage":"es"},{"@type":"WebPage","@id":"https:\/\/www.eldiario.net\/portal\/2021\/08\/25\/la-paz-continuara-en-riesgo-si-no-se-vacunan-en-regiones-aledanas\/","url":"https:\/\/www.eldiario.net\/portal\/2021\/08\/25\/la-paz-continuara-en-riesgo-si-no-se-vacunan-en-regiones-aledanas\/","name":"La Paz continuar\u00e1 en riesgo si no se vacunan en regiones aleda\u00f1as - El Diario - Bolivia","isPartOf":{"@id":"https:\/\/www.eldiario.net\/portal\/#website"},"primaryImageOfPage":{"@id":"https:\/\/www.eldiario.net\/portal\/2021\/08\/25\/la-paz-continuara-en-riesgo-si-no-se-vacunan-en-regiones-aledanas\/#primaryimage"},"image":{"@id":"https:\/\/www.eldiario.net\/portal\/2021\/08\/25\/la-paz-continuara-en-riesgo-si-no-se-vacunan-en-regiones-aledanas\/#primaryimage"},"thumbnailUrl":"https:\/\/www.eldiario.net\/portal\/wp-content\/uploads\/2021\/08\/2LP-11.jpg","datePublished":"2021-08-25T10:56:05+00:00","breadcrumb":{"@id":"https:\/\/www.eldiario.net\/portal\/2021\/08\/25\/la-paz-continuara-en-riesgo-si-no-se-vacunan-en-regiones-aledanas\/#breadcrumb"},"inLanguage":"es","potentialAction":[{"@type":"ReadAction","target":["https:\/\/www.eldiario.net\/portal\/2021\/08\/25\/la-paz-continuara-en-riesgo-si-no-se-vacunan-en-regiones-aledanas\/"]}]},{"@type":"ImageObject","inLanguage":"es","@id":"https:\/\/www.eldiario.net\/portal\/2021\/08\/25\/la-paz-continuara-en-riesgo-si-no-se-vacunan-en-regiones-aledanas\/#primaryimage","url":"https:\/\/www.eldiario.net\/portal\/wp-content\/uploads\/2021\/08\/2LP-11.jpg","contentUrl":"https:\/\/www.eldiario.net\/portal\/wp-content\/uploads\/2021\/08\/2LP-11.jpg","width":1920,"height":1080,"caption":"Cuanto m\u00e1s vacunados existan en el pa\u00eds, es menor el peligro de contagios masivos con coronavirus, afirman los expertos."},{"@type":"BreadcrumbList","@id":"https:\/\/www.eldiario.net\/portal\/2021\/08\/25\/la-paz-continuara-en-riesgo-si-no-se-vacunan-en-regiones-aledanas\/#breadcrumb","itemListElement":[{"@type":"ListItem","position":1,"name":"Portada","item":"https:\/\/www.eldiario.net\/portal\/"},{"@type":"ListItem","position":2,"name":"La Paz continuar\u00e1 en riesgo si no se vacunan en regiones aleda\u00f1as"}]},{"@type":"WebSite","@id":"https:\/\/www.eldiario.net\/portal\/#website","url":"https:\/\/www.eldiario.net\/portal\/","name":"El Diario - Decano de la prensa nacional","description":"El Diario - Decano de la prensa nacional","publisher":{"@id":"https:\/\/www.eldiario.net\/portal\/#organization"},"potentialAction":[{"@type":"SearchAction","target":{"@type":"EntryPoint","urlTemplate":"https:\/\/www.eldiario.net\/portal\/?s={search_term_string}"},"query-input":{"@type":"PropertyValueSpecification","valueRequired":true,"valueName":"search_term_string"}}],"inLanguage":"es"},{"@type":"Organization","@id":"https:\/\/www.eldiario.net\/portal\/#organization","name":"El Diario - Decano de la prensa nacional","url":"https:\/\/www.eldiario.net\/portal\/","logo":{"@type":"ImageObject","inLanguage":"es","@id":"https:\/\/www.eldiario.net\/portal\/#\/schema\/logo\/image\/","url":"https:\/\/www.eldiario.net\/portal\/wp-content\/uploads\/2023\/07\/logo_ED.jpg","contentUrl":"https:\/\/www.eldiario.net\/portal\/wp-content\/uploads\/2023\/07\/logo_ED.jpg","width":272,"height":52,"caption":"El Diario - Decano de la prensa nacional"},"image":{"@id":"https:\/\/www.eldiario.net\/portal\/#\/schema\/logo\/image\/"},"sameAs":["https:\/\/www.facebook.com\/eldiario.bolivia\/","https:\/\/x.com\/eldiario_net"]},{"@type":"Person","@id":"https:\/\/www.eldiario.net\/portal\/#\/schema\/person\/2c57cf2b7a7ae032e449e4c9b1019eac","name":"Jeanette","image":{"@type":"ImageObject","inLanguage":"es","@id":"https:\/\/secure.gravatar.com\/avatar\/3ea2118a5f7dad2b7138b1187a6b7ee55f160b9968b66013c3a3ef39dd7e5798?s=96&d=mm&r=g","url":"https:\/\/secure.gravatar.com\/avatar\/3ea2118a5f7dad2b7138b1187a6b7ee55f160b9968b66013c3a3ef39dd7e5798?s=96&d=mm&r=g","contentUrl":"https:\/\/secure.gravatar.com\/avatar\/3ea2118a5f7dad2b7138b1187a6b7ee55f160b9968b66013c3a3ef39dd7e5798?s=96&d=mm&r=g","caption":"Jeanette"},"sameAs":["https:\/\/www.eldiario.net\/portal"],"url":"https:\/\/www.eldiario.net\/portal\/author\/jeanette\/"}]}},"_links":{"self":[{"href":"https:\/\/www.eldiario.net\/portal\/wp-json\/wp\/v2\/posts\/25619","targetHints":{"allow":["GET"]}}],"collection":[{"href":"https:\/\/www.eldiario.net\/portal\/wp-json\/wp\/v2\/posts"}],"about":[{"href":"https:\/\/www.eldiario.net\/portal\/wp-json\/wp\/v2\/types\/post"}],"author":[{"embeddable":true,"href":"https:\/\/www.eldiario.net\/portal\/wp-json\/wp\/v2\/users\/1"}],"replies":[{"embeddable":true,"href":"https:\/\/www.eldiario.net\/portal\/wp-json\/wp\/v2\/comments?post=25619"}],"version-history":[{"count":0,"href":"https:\/\/www.eldiario.net\/portal\/wp-json\/wp\/v2\/posts\/25619\/revisions"}],"wp:featuredmedia":[{"embeddable":true,"href":"https:\/\/www.eldiario.net\/portal\/wp-json\/wp\/v2\/media\/25620"}],"wp:attachment":[{"href":"https:\/\/www.eldiario.net\/portal\/wp-json\/wp\/v2\/media?parent=25619"}],"wp:term":[{"taxonomy":"category","embeddable":true,"href":"https:\/\/www.eldiario.net\/portal\/wp-json\/wp\/v2\/categories?post=25619"},{"taxonomy":"post_tag","embeddable":true,"href":"https:\/\/www.eldiario.net\/portal\/wp-json\/wp\/v2\/tags?post=25619"}],"curies":[{"name":"wp","href":"https:\/\/api.w.org\/{rel}","templated":true}]}}