{"id":25616,"date":"2021-08-25T06:55:24","date_gmt":"2021-08-25T10:55:24","guid":{"rendered":"https:\/\/www.eldiario.net\/portal\/?p=25616"},"modified":"2021-08-25T06:55:24","modified_gmt":"2021-08-25T10:55:24","slug":"mayoria-de-pacientes-que-esta-en-uti-no-se-inmunizo","status":"publish","type":"post","link":"https:\/\/www.eldiario.net\/portal\/2021\/08\/25\/mayoria-de-pacientes-que-esta-en-uti-no-se-inmunizo\/","title":{"rendered":"Mayor\u00eda de pacientes que  est\u00e1 en UTI no se inmuniz\u00f3"},"content":{"rendered":"<p>El 90 % de los pacientes internados en terapia intensiva por Covid-19 en la Caja Nacional de Salud (CNS) no recibi\u00f3 la vacuna y el resto solamente se inmuniz\u00f3 con la primera dosis, explic\u00f3 el director de la Caja Nacional de Salud, Juan Max Gonzales.<br \/>\n\u201cEl 90 % de pacientes que se internaron en una Unidad de Terapia Intensiva (UTI) no ten\u00eda vacuna. Es decir que de diez pacientes que est\u00e1n en terapia intensiva, nueve no ten\u00eda ni una vacuna, y 1 contaba solamente con la primera dosis y ten\u00eda factores de riesgo\u201d, detall\u00f3 Gonzales a Urgente.bo.<br \/>\nEste porcentaje coincide con el n\u00famero de fallecidos, seg\u00fan el galeno, ya que del total de muertes, el 90 % no se inmuniz\u00f3 contra el covid-19.<br \/>\nEl director detall\u00f3 que el \u00faltimo paciente que ingres\u00f3 a terapia intensiva es un abogado de 42 a\u00f1os que no recibi\u00f3 la vacuna y en 72 horas present\u00f3 un cuadro de neumon\u00eda severa. \u00c9l se halla intubado, pero su evoluci\u00f3n es favorable.<br \/>\nPor otro lado, la mayor\u00eda de quienes se hallan en terapia intensiva tienen una enfermedad de base y sus edades oscilan entre 30 y 60.<br \/>\nAdem\u00e1s, Gonzales mencion\u00f3 que un alto porcentaje de pacientes vacunados con primera dosis y que enfermaron con covid-19, solo present\u00f3 sintomatolog\u00eda leve como tos, fiebre, dolor de garganta, dolor de cabeza, diarrea y fatiga.<br \/>\nPese a que en las \u00faltimas tres semanas epidemiol\u00f3gicas en la CNS se report\u00f3 un descenso de pacientes internados con Covid-19, las camas de terapia intensiva se mantienen al 100% de su capacidad desde la primera ola de contagios.<br \/>\nEl reporte de casos atendidos tambi\u00e9n es menor en el centro centinela Santiago Segundo, dependiente de la CNS, indic\u00f3 el doctor.<br \/>\nLos casos de covid-19 no cesan, ya que hay familias enteras afectadas. \u201cEn la segunda ola falleci\u00f3 una pareja junto a uno de sus hijos y dos ni\u00f1os quedaron en la orfandad, adem\u00e1s, hubo parejas de ancianos que fallecieron al mismo instante, entre otras historias que duelen, por eso pedimos a la poblaci\u00f3n que tome conciencia y acuda a recibir la vacuna\u201d.<\/p>\n","protected":false},"excerpt":{"rendered":"<p>El 90 % de los pacientes internados en terapia intensiva por Covid-19 en la Caja Nacional de Salud (CNS) no recibi\u00f3 la vacuna y el resto solamente se inmuniz\u00f3 con la primera dosis, explic\u00f3 el director de la Caja Nacional de Salud, Juan Max Gonzales. \u201cEl 90 % de pacientes que se internaron en una [&hellip;]<\/p>\n","protected":false},"author":1,"featured_media":25617,"comment_status":"closed","ping_status":"closed","sticky":false,"template":"","format":"standard","meta":{"_acf_changed":false,"footnotes":""},"categories":[12],"tags":[],"class_list":["post-25616","post","type-post","status-publish","format-standard","has-post-thumbnail","category-nacional"],"acf":{"antetitulo":""},"yoast_head":"<!-- This site is optimized with the Yoast SEO plugin v28.4 - https:\/\/yoast.com\/product\/yoast-seo-wordpress\/ -->\n<title>Mayor\u00eda de pacientes que est\u00e1 en UTI no se inmuniz\u00f3 - El Diario - Bolivia<\/title>\n<meta name=\"robots\" content=\"index, follow, max-snippet:-1, max-image-preview:large, max-video-preview:-1\" \/>\n<link rel=\"canonical\" href=\"https:\/\/www.eldiario.net\/portal\/2021\/08\/25\/mayoria-de-pacientes-que-esta-en-uti-no-se-inmunizo\/\" \/>\n<meta property=\"og:locale\" content=\"es_ES\" \/>\n<meta property=\"og:type\" content=\"article\" \/>\n<meta property=\"og:title\" content=\"Mayor\u00eda de pacientes que est\u00e1 en UTI no se inmuniz\u00f3 - El Diario - Bolivia\" \/>\n<meta property=\"og:description\" content=\"El 90 % de los pacientes internados en terapia intensiva por Covid-19 en la Caja Nacional de Salud (CNS) no recibi\u00f3 la vacuna y el resto solamente se inmuniz\u00f3 con la primera dosis, explic\u00f3 el director de la Caja Nacional de Salud, Juan Max Gonzales. \u201cEl 90 % de pacientes que se internaron en una [&hellip;]\" \/>\n<meta property=\"og:url\" content=\"https:\/\/www.eldiario.net\/portal\/2021\/08\/25\/mayoria-de-pacientes-que-esta-en-uti-no-se-inmunizo\/\" \/>\n<meta property=\"og:site_name\" content=\"El Diario - Bolivia\" \/>\n<meta property=\"article:publisher\" content=\"https:\/\/www.facebook.com\/eldiario.bolivia\/\" \/>\n<meta property=\"article:published_time\" content=\"2021-08-25T10:55:24+00:00\" \/>\n<meta name=\"author\" content=\"Jeanette\" \/>\n<meta name=\"twitter:card\" content=\"summary_large_image\" \/>\n<meta name=\"twitter:creator\" content=\"@eldiario_net\" \/>\n<meta name=\"twitter:site\" content=\"@eldiario_net\" \/>\n<meta name=\"twitter:label1\" content=\"Escrito por\" \/>\n\t<meta name=\"twitter:data1\" content=\"Jeanette\" \/>\n\t<meta name=\"twitter:label2\" content=\"Tiempo de lectura\" \/>\n\t<meta name=\"twitter:data2\" content=\"2 minutos\" \/>\n<script type=\"application\/ld+json\" class=\"yoast-schema-graph\">{\"@context\":\"https:\\\/\\\/schema.org\",\"@graph\":[{\"@type\":\"Article\",\"@id\":\"https:\\\/\\\/www.eldiario.net\\\/portal\\\/2021\\\/08\\\/25\\\/mayoria-de-pacientes-que-esta-en-uti-no-se-inmunizo\\\/#article\",\"isPartOf\":{\"@id\":\"https:\\\/\\\/www.eldiario.net\\\/portal\\\/2021\\\/08\\\/25\\\/mayoria-de-pacientes-que-esta-en-uti-no-se-inmunizo\\\/\"},\"author\":{\"name\":\"Jeanette\",\"@id\":\"https:\\\/\\\/www.eldiario.net\\\/portal\\\/#\\\/schema\\\/person\\\/2c57cf2b7a7ae032e449e4c9b1019eac\"},\"headline\":\"Mayor\u00eda de pacientes que est\u00e1 en UTI no se inmuniz\u00f3\",\"datePublished\":\"2021-08-25T10:55:24+00:00\",\"mainEntityOfPage\":{\"@id\":\"https:\\\/\\\/www.eldiario.net\\\/portal\\\/2021\\\/08\\\/25\\\/mayoria-de-pacientes-que-esta-en-uti-no-se-inmunizo\\\/\"},\"wordCount\":363,\"publisher\":{\"@id\":\"https:\\\/\\\/www.eldiario.net\\\/portal\\\/#organization\"},\"image\":{\"@id\":\"https:\\\/\\\/www.eldiario.net\\\/portal\\\/2021\\\/08\\\/25\\\/mayoria-de-pacientes-que-esta-en-uti-no-se-inmunizo\\\/#primaryimage\"},\"thumbnailUrl\":\"\",\"articleSection\":[\"Nacional\"],\"inLanguage\":\"es\"},{\"@type\":\"WebPage\",\"@id\":\"https:\\\/\\\/www.eldiario.net\\\/portal\\\/2021\\\/08\\\/25\\\/mayoria-de-pacientes-que-esta-en-uti-no-se-inmunizo\\\/\",\"url\":\"https:\\\/\\\/www.eldiario.net\\\/portal\\\/2021\\\/08\\\/25\\\/mayoria-de-pacientes-que-esta-en-uti-no-se-inmunizo\\\/\",\"name\":\"Mayor\u00eda de pacientes que est\u00e1 en UTI no se inmuniz\u00f3 - El Diario - Bolivia\",\"isPartOf\":{\"@id\":\"https:\\\/\\\/www.eldiario.net\\\/portal\\\/#website\"},\"primaryImageOfPage\":{\"@id\":\"https:\\\/\\\/www.eldiario.net\\\/portal\\\/2021\\\/08\\\/25\\\/mayoria-de-pacientes-que-esta-en-uti-no-se-inmunizo\\\/#primaryimage\"},\"image\":{\"@id\":\"https:\\\/\\\/www.eldiario.net\\\/portal\\\/2021\\\/08\\\/25\\\/mayoria-de-pacientes-que-esta-en-uti-no-se-inmunizo\\\/#primaryimage\"},\"thumbnailUrl\":\"\",\"datePublished\":\"2021-08-25T10:55:24+00:00\",\"breadcrumb\":{\"@id\":\"https:\\\/\\\/www.eldiario.net\\\/portal\\\/2021\\\/08\\\/25\\\/mayoria-de-pacientes-que-esta-en-uti-no-se-inmunizo\\\/#breadcrumb\"},\"inLanguage\":\"es\",\"potentialAction\":[{\"@type\":\"ReadAction\",\"target\":[\"https:\\\/\\\/www.eldiario.net\\\/portal\\\/2021\\\/08\\\/25\\\/mayoria-de-pacientes-que-esta-en-uti-no-se-inmunizo\\\/\"]}]},{\"@type\":\"ImageObject\",\"inLanguage\":\"es\",\"@id\":\"https:\\\/\\\/www.eldiario.net\\\/portal\\\/2021\\\/08\\\/25\\\/mayoria-de-pacientes-que-esta-en-uti-no-se-inmunizo\\\/#primaryimage\",\"url\":\"\",\"contentUrl\":\"\"},{\"@type\":\"BreadcrumbList\",\"@id\":\"https:\\\/\\\/www.eldiario.net\\\/portal\\\/2021\\\/08\\\/25\\\/mayoria-de-pacientes-que-esta-en-uti-no-se-inmunizo\\\/#breadcrumb\",\"itemListElement\":[{\"@type\":\"ListItem\",\"position\":1,\"name\":\"Portada\",\"item\":\"https:\\\/\\\/www.eldiario.net\\\/portal\\\/\"},{\"@type\":\"ListItem\",\"position\":2,\"name\":\"Mayor\u00eda de pacientes que est\u00e1 en UTI no se inmuniz\u00f3\"}]},{\"@type\":\"WebSite\",\"@id\":\"https:\\\/\\\/www.eldiario.net\\\/portal\\\/#website\",\"url\":\"https:\\\/\\\/www.eldiario.net\\\/portal\\\/\",\"name\":\"El Diario - Decano de la prensa nacional\",\"description\":\"El Diario - Decano de la prensa nacional\",\"publisher\":{\"@id\":\"https:\\\/\\\/www.eldiario.net\\\/portal\\\/#organization\"},\"potentialAction\":[{\"@type\":\"SearchAction\",\"target\":{\"@type\":\"EntryPoint\",\"urlTemplate\":\"https:\\\/\\\/www.eldiario.net\\\/portal\\\/?s={search_term_string}\"},\"query-input\":{\"@type\":\"PropertyValueSpecification\",\"valueRequired\":true,\"valueName\":\"search_term_string\"}}],\"inLanguage\":\"es\"},{\"@type\":\"Organization\",\"@id\":\"https:\\\/\\\/www.eldiario.net\\\/portal\\\/#organization\",\"name\":\"El Diario - Decano de la prensa nacional\",\"url\":\"https:\\\/\\\/www.eldiario.net\\\/portal\\\/\",\"logo\":{\"@type\":\"ImageObject\",\"inLanguage\":\"es\",\"@id\":\"https:\\\/\\\/www.eldiario.net\\\/portal\\\/#\\\/schema\\\/logo\\\/image\\\/\",\"url\":\"https:\\\/\\\/www.eldiario.net\\\/portal\\\/wp-content\\\/uploads\\\/2023\\\/07\\\/logo_ED.jpg\",\"contentUrl\":\"https:\\\/\\\/www.eldiario.net\\\/portal\\\/wp-content\\\/uploads\\\/2023\\\/07\\\/logo_ED.jpg\",\"width\":272,\"height\":52,\"caption\":\"El Diario - Decano de la prensa nacional\"},\"image\":{\"@id\":\"https:\\\/\\\/www.eldiario.net\\\/portal\\\/#\\\/schema\\\/logo\\\/image\\\/\"},\"sameAs\":[\"https:\\\/\\\/www.facebook.com\\\/eldiario.bolivia\\\/\",\"https:\\\/\\\/x.com\\\/eldiario_net\"]},{\"@type\":\"Person\",\"@id\":\"https:\\\/\\\/www.eldiario.net\\\/portal\\\/#\\\/schema\\\/person\\\/2c57cf2b7a7ae032e449e4c9b1019eac\",\"name\":\"Jeanette\",\"image\":{\"@type\":\"ImageObject\",\"inLanguage\":\"es\",\"@id\":\"https:\\\/\\\/secure.gravatar.com\\\/avatar\\\/3ea2118a5f7dad2b7138b1187a6b7ee55f160b9968b66013c3a3ef39dd7e5798?s=96&d=mm&r=g\",\"url\":\"https:\\\/\\\/secure.gravatar.com\\\/avatar\\\/3ea2118a5f7dad2b7138b1187a6b7ee55f160b9968b66013c3a3ef39dd7e5798?s=96&d=mm&r=g\",\"contentUrl\":\"https:\\\/\\\/secure.gravatar.com\\\/avatar\\\/3ea2118a5f7dad2b7138b1187a6b7ee55f160b9968b66013c3a3ef39dd7e5798?s=96&d=mm&r=g\",\"caption\":\"Jeanette\"},\"sameAs\":[\"https:\\\/\\\/www.eldiario.net\\\/portal\"],\"url\":\"https:\\\/\\\/www.eldiario.net\\\/portal\\\/author\\\/jeanette\\\/\"}]}<\/script>\n<!-- \/ Yoast SEO plugin. -->","yoast_head_json":{"title":"Mayor\u00eda de pacientes que est\u00e1 en UTI no se inmuniz\u00f3 - El Diario - Bolivia","robots":{"index":"index","follow":"follow","max-snippet":"max-snippet:-1","max-image-preview":"max-image-preview:large","max-video-preview":"max-video-preview:-1"},"canonical":"https:\/\/www.eldiario.net\/portal\/2021\/08\/25\/mayoria-de-pacientes-que-esta-en-uti-no-se-inmunizo\/","og_locale":"es_ES","og_type":"article","og_title":"Mayor\u00eda de pacientes que est\u00e1 en UTI no se inmuniz\u00f3 - El Diario - Bolivia","og_description":"El 90 % de los pacientes internados en terapia intensiva por Covid-19 en la Caja Nacional de Salud (CNS) no recibi\u00f3 la vacuna y el resto solamente se inmuniz\u00f3 con la primera dosis, explic\u00f3 el director de la Caja Nacional de Salud, Juan Max Gonzales. \u201cEl 90 % de pacientes que se internaron en una [&hellip;]","og_url":"https:\/\/www.eldiario.net\/portal\/2021\/08\/25\/mayoria-de-pacientes-que-esta-en-uti-no-se-inmunizo\/","og_site_name":"El Diario - Bolivia","article_publisher":"https:\/\/www.facebook.com\/eldiario.bolivia\/","article_published_time":"2021-08-25T10:55:24+00:00","author":"Jeanette","twitter_card":"summary_large_image","twitter_creator":"@eldiario_net","twitter_site":"@eldiario_net","twitter_misc":{"Escrito por":"Jeanette","Tiempo de lectura":"2 minutos"},"schema":{"@context":"https:\/\/schema.org","@graph":[{"@type":"Article","@id":"https:\/\/www.eldiario.net\/portal\/2021\/08\/25\/mayoria-de-pacientes-que-esta-en-uti-no-se-inmunizo\/#article","isPartOf":{"@id":"https:\/\/www.eldiario.net\/portal\/2021\/08\/25\/mayoria-de-pacientes-que-esta-en-uti-no-se-inmunizo\/"},"author":{"name":"Jeanette","@id":"https:\/\/www.eldiario.net\/portal\/#\/schema\/person\/2c57cf2b7a7ae032e449e4c9b1019eac"},"headline":"Mayor\u00eda de pacientes que est\u00e1 en UTI no se inmuniz\u00f3","datePublished":"2021-08-25T10:55:24+00:00","mainEntityOfPage":{"@id":"https:\/\/www.eldiario.net\/portal\/2021\/08\/25\/mayoria-de-pacientes-que-esta-en-uti-no-se-inmunizo\/"},"wordCount":363,"publisher":{"@id":"https:\/\/www.eldiario.net\/portal\/#organization"},"image":{"@id":"https:\/\/www.eldiario.net\/portal\/2021\/08\/25\/mayoria-de-pacientes-que-esta-en-uti-no-se-inmunizo\/#primaryimage"},"thumbnailUrl":"","articleSection":["Nacional"],"inLanguage":"es"},{"@type":"WebPage","@id":"https:\/\/www.eldiario.net\/portal\/2021\/08\/25\/mayoria-de-pacientes-que-esta-en-uti-no-se-inmunizo\/","url":"https:\/\/www.eldiario.net\/portal\/2021\/08\/25\/mayoria-de-pacientes-que-esta-en-uti-no-se-inmunizo\/","name":"Mayor\u00eda de pacientes que est\u00e1 en UTI no se inmuniz\u00f3 - El Diario - Bolivia","isPartOf":{"@id":"https:\/\/www.eldiario.net\/portal\/#website"},"primaryImageOfPage":{"@id":"https:\/\/www.eldiario.net\/portal\/2021\/08\/25\/mayoria-de-pacientes-que-esta-en-uti-no-se-inmunizo\/#primaryimage"},"image":{"@id":"https:\/\/www.eldiario.net\/portal\/2021\/08\/25\/mayoria-de-pacientes-que-esta-en-uti-no-se-inmunizo\/#primaryimage"},"thumbnailUrl":"","datePublished":"2021-08-25T10:55:24+00:00","breadcrumb":{"@id":"https:\/\/www.eldiario.net\/portal\/2021\/08\/25\/mayoria-de-pacientes-que-esta-en-uti-no-se-inmunizo\/#breadcrumb"},"inLanguage":"es","potentialAction":[{"@type":"ReadAction","target":["https:\/\/www.eldiario.net\/portal\/2021\/08\/25\/mayoria-de-pacientes-que-esta-en-uti-no-se-inmunizo\/"]}]},{"@type":"ImageObject","inLanguage":"es","@id":"https:\/\/www.eldiario.net\/portal\/2021\/08\/25\/mayoria-de-pacientes-que-esta-en-uti-no-se-inmunizo\/#primaryimage","url":"","contentUrl":""},{"@type":"BreadcrumbList","@id":"https:\/\/www.eldiario.net\/portal\/2021\/08\/25\/mayoria-de-pacientes-que-esta-en-uti-no-se-inmunizo\/#breadcrumb","itemListElement":[{"@type":"ListItem","position":1,"name":"Portada","item":"https:\/\/www.eldiario.net\/portal\/"},{"@type":"ListItem","position":2,"name":"Mayor\u00eda de pacientes que est\u00e1 en UTI no se inmuniz\u00f3"}]},{"@type":"WebSite","@id":"https:\/\/www.eldiario.net\/portal\/#website","url":"https:\/\/www.eldiario.net\/portal\/","name":"El Diario - Decano de la prensa nacional","description":"El Diario - Decano de la prensa nacional","publisher":{"@id":"https:\/\/www.eldiario.net\/portal\/#organization"},"potentialAction":[{"@type":"SearchAction","target":{"@type":"EntryPoint","urlTemplate":"https:\/\/www.eldiario.net\/portal\/?s={search_term_string}"},"query-input":{"@type":"PropertyValueSpecification","valueRequired":true,"valueName":"search_term_string"}}],"inLanguage":"es"},{"@type":"Organization","@id":"https:\/\/www.eldiario.net\/portal\/#organization","name":"El Diario - Decano de la prensa nacional","url":"https:\/\/www.eldiario.net\/portal\/","logo":{"@type":"ImageObject","inLanguage":"es","@id":"https:\/\/www.eldiario.net\/portal\/#\/schema\/logo\/image\/","url":"https:\/\/www.eldiario.net\/portal\/wp-content\/uploads\/2023\/07\/logo_ED.jpg","contentUrl":"https:\/\/www.eldiario.net\/portal\/wp-content\/uploads\/2023\/07\/logo_ED.jpg","width":272,"height":52,"caption":"El Diario - Decano de la prensa nacional"},"image":{"@id":"https:\/\/www.eldiario.net\/portal\/#\/schema\/logo\/image\/"},"sameAs":["https:\/\/www.facebook.com\/eldiario.bolivia\/","https:\/\/x.com\/eldiario_net"]},{"@type":"Person","@id":"https:\/\/www.eldiario.net\/portal\/#\/schema\/person\/2c57cf2b7a7ae032e449e4c9b1019eac","name":"Jeanette","image":{"@type":"ImageObject","inLanguage":"es","@id":"https:\/\/secure.gravatar.com\/avatar\/3ea2118a5f7dad2b7138b1187a6b7ee55f160b9968b66013c3a3ef39dd7e5798?s=96&d=mm&r=g","url":"https:\/\/secure.gravatar.com\/avatar\/3ea2118a5f7dad2b7138b1187a6b7ee55f160b9968b66013c3a3ef39dd7e5798?s=96&d=mm&r=g","contentUrl":"https:\/\/secure.gravatar.com\/avatar\/3ea2118a5f7dad2b7138b1187a6b7ee55f160b9968b66013c3a3ef39dd7e5798?s=96&d=mm&r=g","caption":"Jeanette"},"sameAs":["https:\/\/www.eldiario.net\/portal"],"url":"https:\/\/www.eldiario.net\/portal\/author\/jeanette\/"}]}},"_links":{"self":[{"href":"https:\/\/www.eldiario.net\/portal\/wp-json\/wp\/v2\/posts\/25616","targetHints":{"allow":["GET"]}}],"collection":[{"href":"https:\/\/www.eldiario.net\/portal\/wp-json\/wp\/v2\/posts"}],"about":[{"href":"https:\/\/www.eldiario.net\/portal\/wp-json\/wp\/v2\/types\/post"}],"author":[{"embeddable":true,"href":"https:\/\/www.eldiario.net\/portal\/wp-json\/wp\/v2\/users\/1"}],"replies":[{"embeddable":true,"href":"https:\/\/www.eldiario.net\/portal\/wp-json\/wp\/v2\/comments?post=25616"}],"version-history":[{"count":0,"href":"https:\/\/www.eldiario.net\/portal\/wp-json\/wp\/v2\/posts\/25616\/revisions"}],"wp:attachment":[{"href":"https:\/\/www.eldiario.net\/portal\/wp-json\/wp\/v2\/media?parent=25616"}],"wp:term":[{"taxonomy":"category","embeddable":true,"href":"https:\/\/www.eldiario.net\/portal\/wp-json\/wp\/v2\/categories?post=25616"},{"taxonomy":"post_tag","embeddable":true,"href":"https:\/\/www.eldiario.net\/portal\/wp-json\/wp\/v2\/tags?post=25616"}],"curies":[{"name":"wp","href":"https:\/\/api.w.org\/{rel}","templated":true}]}}