{"id":25609,"date":"2021-08-25T06:52:38","date_gmt":"2021-08-25T10:52:38","guid":{"rendered":"https:\/\/www.eldiario.net\/portal\/?p=25609"},"modified":"2021-08-25T06:52:38","modified_gmt":"2021-08-25T10:52:38","slug":"afirman-que-puente-en-aranjuez-no-corre-riesgo","status":"publish","type":"post","link":"https:\/\/www.eldiario.net\/portal\/2021\/08\/25\/afirman-que-puente-en-aranjuez-no-corre-riesgo\/","title":{"rendered":"Afirman que puente en Aranjuez no corre riesgo"},"content":{"rendered":"<p>El puente V\u00edctor Paz Estenssoro, ubicado en la zona de Aranjuez, que conecta a varias regiones del sur, Mallasa y R\u00edo Abajo, no tiene riesgo de desplomarse tal como se public\u00f3 en redes sociales, inform\u00f3 la Alcald\u00eda pace\u00f1a.<br \/>\n\u201cNo hay ning\u00fan motivo para pensar que el puente, la estructura del puente como tal, pueda sufrir colapso o algo similar, realmente est\u00e1 en buenas condiciones\u201d, inform\u00f3 el secretario municipal de Infraestructura P\u00fablica, Boris Bacarreza.<br \/>\nA trav\u00e9s de un comunicado, el Gobierno Aut\u00f3nomo Municipal de La Paz, descart\u00f3 que el puente pueda sufrir un colapso y lament\u00f3 \u201clas declaraciones irresponsables de ciertos pol\u00edticos que buscan generar inseguridad y temor en la ciudadan\u00eda\u201d.<br \/>\nBacarreza inform\u00f3 que la \u00faltima revisi\u00f3n al puente data de hace tres semanas, oportunidad en la que se verific\u00f3 que no existe ning\u00fan problema con su estructura. Lo que s\u00ed hay que hacer son trabajos de mantenimiento en las barandas y en la carpeta de rodadura, que son trabajos menores.<br \/>\n\u201cS\u00ed hay que hacer algunas reparaciones menores en el caso de las barandas, hay que tratar de alisar la carpeta de rodadura sobre el puente porque tiene algunas ondulaciones, esta carpeta de rodadura es de asfalto. Tambi\u00e9n se tiene que hacer obras de prevenci\u00f3n ya en el r\u00edo, se tiene que mejorar una ca\u00edda que se tiene aguas abajo del puente y tambi\u00e9n un muro del canal del r\u00edo que est\u00e1 aguas arriba de esta estructura\u201d, explic\u00f3 la autoridad edil.<\/p>\n","protected":false},"excerpt":{"rendered":"<p>El puente V\u00edctor Paz Estenssoro, ubicado en la zona de Aranjuez, que conecta a varias regiones del sur, Mallasa y R\u00edo Abajo, no tiene riesgo de desplomarse tal como se public\u00f3 en redes sociales, inform\u00f3 la Alcald\u00eda pace\u00f1a. \u201cNo hay ning\u00fan motivo para pensar que el puente, la estructura del puente como tal, pueda sufrir [&hellip;]<\/p>\n","protected":false},"author":1,"featured_media":0,"comment_status":"closed","ping_status":"closed","sticky":false,"template":"","format":"standard","meta":{"_acf_changed":false,"footnotes":""},"categories":[12],"tags":[],"class_list":["post-25609","post","type-post","status-publish","format-standard","category-nacional"],"acf":{"antetitulo":""},"yoast_head":"<!-- This site is optimized with the Yoast SEO plugin v28.4 - https:\/\/yoast.com\/product\/yoast-seo-wordpress\/ -->\n<title>Afirman que puente en Aranjuez no corre riesgo - El Diario - Bolivia<\/title>\n<meta name=\"robots\" content=\"index, follow, max-snippet:-1, max-image-preview:large, max-video-preview:-1\" \/>\n<link rel=\"canonical\" href=\"https:\/\/www.eldiario.net\/portal\/2021\/08\/25\/afirman-que-puente-en-aranjuez-no-corre-riesgo\/\" \/>\n<meta property=\"og:locale\" content=\"es_ES\" \/>\n<meta property=\"og:type\" content=\"article\" \/>\n<meta property=\"og:title\" content=\"Afirman que puente en Aranjuez no corre riesgo - El Diario - Bolivia\" \/>\n<meta property=\"og:description\" content=\"El puente V\u00edctor Paz Estenssoro, ubicado en la zona de Aranjuez, que conecta a varias regiones del sur, Mallasa y R\u00edo Abajo, no tiene riesgo de desplomarse tal como se public\u00f3 en redes sociales, inform\u00f3 la Alcald\u00eda pace\u00f1a. \u201cNo hay ning\u00fan motivo para pensar que el puente, la estructura del puente como tal, pueda sufrir [&hellip;]\" \/>\n<meta property=\"og:url\" content=\"https:\/\/www.eldiario.net\/portal\/2021\/08\/25\/afirman-que-puente-en-aranjuez-no-corre-riesgo\/\" \/>\n<meta property=\"og:site_name\" content=\"El Diario - Bolivia\" \/>\n<meta property=\"article:publisher\" content=\"https:\/\/www.facebook.com\/eldiario.bolivia\/\" \/>\n<meta property=\"article:published_time\" content=\"2021-08-25T10:52:38+00:00\" \/>\n<meta name=\"author\" content=\"Jeanette\" \/>\n<meta name=\"twitter:card\" content=\"summary_large_image\" \/>\n<meta name=\"twitter:creator\" content=\"@eldiario_net\" \/>\n<meta name=\"twitter:site\" content=\"@eldiario_net\" \/>\n<meta name=\"twitter:label1\" content=\"Escrito por\" \/>\n\t<meta name=\"twitter:data1\" content=\"Jeanette\" \/>\n\t<meta name=\"twitter:label2\" content=\"Tiempo de lectura\" \/>\n\t<meta name=\"twitter:data2\" content=\"2 minutos\" \/>\n<script type=\"application\/ld+json\" class=\"yoast-schema-graph\">{\"@context\":\"https:\\\/\\\/schema.org\",\"@graph\":[{\"@type\":\"Article\",\"@id\":\"https:\\\/\\\/www.eldiario.net\\\/portal\\\/2021\\\/08\\\/25\\\/afirman-que-puente-en-aranjuez-no-corre-riesgo\\\/#article\",\"isPartOf\":{\"@id\":\"https:\\\/\\\/www.eldiario.net\\\/portal\\\/2021\\\/08\\\/25\\\/afirman-que-puente-en-aranjuez-no-corre-riesgo\\\/\"},\"author\":{\"name\":\"Jeanette\",\"@id\":\"https:\\\/\\\/www.eldiario.net\\\/portal\\\/#\\\/schema\\\/person\\\/f46445640444750d7d753ccd04ae01b7\"},\"headline\":\"Afirman que puente en Aranjuez no corre riesgo\",\"datePublished\":\"2021-08-25T10:52:38+00:00\",\"mainEntityOfPage\":{\"@id\":\"https:\\\/\\\/www.eldiario.net\\\/portal\\\/2021\\\/08\\\/25\\\/afirman-que-puente-en-aranjuez-no-corre-riesgo\\\/\"},\"wordCount\":266,\"publisher\":{\"@id\":\"https:\\\/\\\/www.eldiario.net\\\/portal\\\/#organization\"},\"articleSection\":[\"Nacional\"],\"inLanguage\":\"es\"},{\"@type\":\"WebPage\",\"@id\":\"https:\\\/\\\/www.eldiario.net\\\/portal\\\/2021\\\/08\\\/25\\\/afirman-que-puente-en-aranjuez-no-corre-riesgo\\\/\",\"url\":\"https:\\\/\\\/www.eldiario.net\\\/portal\\\/2021\\\/08\\\/25\\\/afirman-que-puente-en-aranjuez-no-corre-riesgo\\\/\",\"name\":\"Afirman que puente en Aranjuez no corre riesgo - El Diario - Bolivia\",\"isPartOf\":{\"@id\":\"https:\\\/\\\/www.eldiario.net\\\/portal\\\/#website\"},\"datePublished\":\"2021-08-25T10:52:38+00:00\",\"breadcrumb\":{\"@id\":\"https:\\\/\\\/www.eldiario.net\\\/portal\\\/2021\\\/08\\\/25\\\/afirman-que-puente-en-aranjuez-no-corre-riesgo\\\/#breadcrumb\"},\"inLanguage\":\"es\",\"potentialAction\":[{\"@type\":\"ReadAction\",\"target\":[\"https:\\\/\\\/www.eldiario.net\\\/portal\\\/2021\\\/08\\\/25\\\/afirman-que-puente-en-aranjuez-no-corre-riesgo\\\/\"]}]},{\"@type\":\"BreadcrumbList\",\"@id\":\"https:\\\/\\\/www.eldiario.net\\\/portal\\\/2021\\\/08\\\/25\\\/afirman-que-puente-en-aranjuez-no-corre-riesgo\\\/#breadcrumb\",\"itemListElement\":[{\"@type\":\"ListItem\",\"position\":1,\"name\":\"Portada\",\"item\":\"https:\\\/\\\/www.eldiario.net\\\/portal\\\/\"},{\"@type\":\"ListItem\",\"position\":2,\"name\":\"Afirman que puente en Aranjuez no corre riesgo\"}]},{\"@type\":\"WebSite\",\"@id\":\"https:\\\/\\\/www.eldiario.net\\\/portal\\\/#website\",\"url\":\"https:\\\/\\\/www.eldiario.net\\\/portal\\\/\",\"name\":\"El Diario - Decano de la prensa nacional\",\"description\":\"El Diario - Decano de la prensa nacional\",\"publisher\":{\"@id\":\"https:\\\/\\\/www.eldiario.net\\\/portal\\\/#organization\"},\"potentialAction\":[{\"@type\":\"SearchAction\",\"target\":{\"@type\":\"EntryPoint\",\"urlTemplate\":\"https:\\\/\\\/www.eldiario.net\\\/portal\\\/?s={search_term_string}\"},\"query-input\":{\"@type\":\"PropertyValueSpecification\",\"valueRequired\":true,\"valueName\":\"search_term_string\"}}],\"inLanguage\":\"es\"},{\"@type\":\"Organization\",\"@id\":\"https:\\\/\\\/www.eldiario.net\\\/portal\\\/#organization\",\"name\":\"El Diario - Decano de la prensa nacional\",\"url\":\"https:\\\/\\\/www.eldiario.net\\\/portal\\\/\",\"logo\":{\"@type\":\"ImageObject\",\"inLanguage\":\"es\",\"@id\":\"https:\\\/\\\/www.eldiario.net\\\/portal\\\/#\\\/schema\\\/logo\\\/image\\\/\",\"url\":\"https:\\\/\\\/www.eldiario.net\\\/portal\\\/wp-content\\\/uploads\\\/2023\\\/07\\\/logo_ED.jpg\",\"contentUrl\":\"https:\\\/\\\/www.eldiario.net\\\/portal\\\/wp-content\\\/uploads\\\/2023\\\/07\\\/logo_ED.jpg\",\"width\":272,\"height\":52,\"caption\":\"El Diario - Decano de la prensa nacional\"},\"image\":{\"@id\":\"https:\\\/\\\/www.eldiario.net\\\/portal\\\/#\\\/schema\\\/logo\\\/image\\\/\"},\"sameAs\":[\"https:\\\/\\\/www.facebook.com\\\/eldiario.bolivia\\\/\",\"https:\\\/\\\/x.com\\\/eldiario_net\"]},{\"@type\":\"Person\",\"@id\":\"https:\\\/\\\/www.eldiario.net\\\/portal\\\/#\\\/schema\\\/person\\\/f46445640444750d7d753ccd04ae01b7\",\"name\":\"Jeanette\",\"image\":{\"@type\":\"ImageObject\",\"inLanguage\":\"es\",\"@id\":\"https:\\\/\\\/secure.gravatar.com\\\/avatar\\\/3ea2118a5f7dad2b7138b1187a6b7ee55f160b9968b66013c3a3ef39dd7e5798?s=96&d=mm&r=g\",\"url\":\"https:\\\/\\\/secure.gravatar.com\\\/avatar\\\/3ea2118a5f7dad2b7138b1187a6b7ee55f160b9968b66013c3a3ef39dd7e5798?s=96&d=mm&r=g\",\"contentUrl\":\"https:\\\/\\\/secure.gravatar.com\\\/avatar\\\/3ea2118a5f7dad2b7138b1187a6b7ee55f160b9968b66013c3a3ef39dd7e5798?s=96&d=mm&r=g\",\"caption\":\"Jeanette\"},\"sameAs\":[\"https:\\\/\\\/www.eldiario.net\\\/portal\"],\"url\":\"https:\\\/\\\/www.eldiario.net\\\/portal\\\/author\\\/jeanette\\\/\"}]}<\/script>\n<!-- \/ Yoast SEO plugin. -->","yoast_head_json":{"title":"Afirman que puente en Aranjuez no corre riesgo - El Diario - Bolivia","robots":{"index":"index","follow":"follow","max-snippet":"max-snippet:-1","max-image-preview":"max-image-preview:large","max-video-preview":"max-video-preview:-1"},"canonical":"https:\/\/www.eldiario.net\/portal\/2021\/08\/25\/afirman-que-puente-en-aranjuez-no-corre-riesgo\/","og_locale":"es_ES","og_type":"article","og_title":"Afirman que puente en Aranjuez no corre riesgo - El Diario - Bolivia","og_description":"El puente V\u00edctor Paz Estenssoro, ubicado en la zona de Aranjuez, que conecta a varias regiones del sur, Mallasa y R\u00edo Abajo, no tiene riesgo de desplomarse tal como se public\u00f3 en redes sociales, inform\u00f3 la Alcald\u00eda pace\u00f1a. \u201cNo hay ning\u00fan motivo para pensar que el puente, la estructura del puente como tal, pueda sufrir [&hellip;]","og_url":"https:\/\/www.eldiario.net\/portal\/2021\/08\/25\/afirman-que-puente-en-aranjuez-no-corre-riesgo\/","og_site_name":"El Diario - Bolivia","article_publisher":"https:\/\/www.facebook.com\/eldiario.bolivia\/","article_published_time":"2021-08-25T10:52:38+00:00","author":"Jeanette","twitter_card":"summary_large_image","twitter_creator":"@eldiario_net","twitter_site":"@eldiario_net","twitter_misc":{"Escrito por":"Jeanette","Tiempo de lectura":"2 minutos"},"schema":{"@context":"https:\/\/schema.org","@graph":[{"@type":"Article","@id":"https:\/\/www.eldiario.net\/portal\/2021\/08\/25\/afirman-que-puente-en-aranjuez-no-corre-riesgo\/#article","isPartOf":{"@id":"https:\/\/www.eldiario.net\/portal\/2021\/08\/25\/afirman-que-puente-en-aranjuez-no-corre-riesgo\/"},"author":{"name":"Jeanette","@id":"https:\/\/www.eldiario.net\/portal\/#\/schema\/person\/f46445640444750d7d753ccd04ae01b7"},"headline":"Afirman que puente en Aranjuez no corre riesgo","datePublished":"2021-08-25T10:52:38+00:00","mainEntityOfPage":{"@id":"https:\/\/www.eldiario.net\/portal\/2021\/08\/25\/afirman-que-puente-en-aranjuez-no-corre-riesgo\/"},"wordCount":266,"publisher":{"@id":"https:\/\/www.eldiario.net\/portal\/#organization"},"articleSection":["Nacional"],"inLanguage":"es"},{"@type":"WebPage","@id":"https:\/\/www.eldiario.net\/portal\/2021\/08\/25\/afirman-que-puente-en-aranjuez-no-corre-riesgo\/","url":"https:\/\/www.eldiario.net\/portal\/2021\/08\/25\/afirman-que-puente-en-aranjuez-no-corre-riesgo\/","name":"Afirman que puente en Aranjuez no corre riesgo - El Diario - Bolivia","isPartOf":{"@id":"https:\/\/www.eldiario.net\/portal\/#website"},"datePublished":"2021-08-25T10:52:38+00:00","breadcrumb":{"@id":"https:\/\/www.eldiario.net\/portal\/2021\/08\/25\/afirman-que-puente-en-aranjuez-no-corre-riesgo\/#breadcrumb"},"inLanguage":"es","potentialAction":[{"@type":"ReadAction","target":["https:\/\/www.eldiario.net\/portal\/2021\/08\/25\/afirman-que-puente-en-aranjuez-no-corre-riesgo\/"]}]},{"@type":"BreadcrumbList","@id":"https:\/\/www.eldiario.net\/portal\/2021\/08\/25\/afirman-que-puente-en-aranjuez-no-corre-riesgo\/#breadcrumb","itemListElement":[{"@type":"ListItem","position":1,"name":"Portada","item":"https:\/\/www.eldiario.net\/portal\/"},{"@type":"ListItem","position":2,"name":"Afirman que puente en Aranjuez no corre riesgo"}]},{"@type":"WebSite","@id":"https:\/\/www.eldiario.net\/portal\/#website","url":"https:\/\/www.eldiario.net\/portal\/","name":"El Diario - Decano de la prensa nacional","description":"El Diario - Decano de la prensa nacional","publisher":{"@id":"https:\/\/www.eldiario.net\/portal\/#organization"},"potentialAction":[{"@type":"SearchAction","target":{"@type":"EntryPoint","urlTemplate":"https:\/\/www.eldiario.net\/portal\/?s={search_term_string}"},"query-input":{"@type":"PropertyValueSpecification","valueRequired":true,"valueName":"search_term_string"}}],"inLanguage":"es"},{"@type":"Organization","@id":"https:\/\/www.eldiario.net\/portal\/#organization","name":"El Diario - Decano de la prensa nacional","url":"https:\/\/www.eldiario.net\/portal\/","logo":{"@type":"ImageObject","inLanguage":"es","@id":"https:\/\/www.eldiario.net\/portal\/#\/schema\/logo\/image\/","url":"https:\/\/www.eldiario.net\/portal\/wp-content\/uploads\/2023\/07\/logo_ED.jpg","contentUrl":"https:\/\/www.eldiario.net\/portal\/wp-content\/uploads\/2023\/07\/logo_ED.jpg","width":272,"height":52,"caption":"El Diario - Decano de la prensa nacional"},"image":{"@id":"https:\/\/www.eldiario.net\/portal\/#\/schema\/logo\/image\/"},"sameAs":["https:\/\/www.facebook.com\/eldiario.bolivia\/","https:\/\/x.com\/eldiario_net"]},{"@type":"Person","@id":"https:\/\/www.eldiario.net\/portal\/#\/schema\/person\/f46445640444750d7d753ccd04ae01b7","name":"Jeanette","image":{"@type":"ImageObject","inLanguage":"es","@id":"https:\/\/secure.gravatar.com\/avatar\/3ea2118a5f7dad2b7138b1187a6b7ee55f160b9968b66013c3a3ef39dd7e5798?s=96&d=mm&r=g","url":"https:\/\/secure.gravatar.com\/avatar\/3ea2118a5f7dad2b7138b1187a6b7ee55f160b9968b66013c3a3ef39dd7e5798?s=96&d=mm&r=g","contentUrl":"https:\/\/secure.gravatar.com\/avatar\/3ea2118a5f7dad2b7138b1187a6b7ee55f160b9968b66013c3a3ef39dd7e5798?s=96&d=mm&r=g","caption":"Jeanette"},"sameAs":["https:\/\/www.eldiario.net\/portal"],"url":"https:\/\/www.eldiario.net\/portal\/author\/jeanette\/"}]}},"_links":{"self":[{"href":"https:\/\/www.eldiario.net\/portal\/wp-json\/wp\/v2\/posts\/25609","targetHints":{"allow":["GET"]}}],"collection":[{"href":"https:\/\/www.eldiario.net\/portal\/wp-json\/wp\/v2\/posts"}],"about":[{"href":"https:\/\/www.eldiario.net\/portal\/wp-json\/wp\/v2\/types\/post"}],"author":[{"embeddable":true,"href":"https:\/\/www.eldiario.net\/portal\/wp-json\/wp\/v2\/users\/1"}],"replies":[{"embeddable":true,"href":"https:\/\/www.eldiario.net\/portal\/wp-json\/wp\/v2\/comments?post=25609"}],"version-history":[{"count":0,"href":"https:\/\/www.eldiario.net\/portal\/wp-json\/wp\/v2\/posts\/25609\/revisions"}],"wp:attachment":[{"href":"https:\/\/www.eldiario.net\/portal\/wp-json\/wp\/v2\/media?parent=25609"}],"wp:term":[{"taxonomy":"category","embeddable":true,"href":"https:\/\/www.eldiario.net\/portal\/wp-json\/wp\/v2\/categories?post=25609"},{"taxonomy":"post_tag","embeddable":true,"href":"https:\/\/www.eldiario.net\/portal\/wp-json\/wp\/v2\/tags?post=25609"}],"curies":[{"name":"wp","href":"https:\/\/api.w.org\/{rel}","templated":true}]}}