{"id":25606,"date":"2021-08-25T06:51:53","date_gmt":"2021-08-25T10:51:53","guid":{"rendered":"https:\/\/www.eldiario.net\/portal\/?p=25606"},"modified":"2021-08-25T06:51:53","modified_gmt":"2021-08-25T10:51:53","slug":"habilitaran-59-centros-de-salud-para-vacunacion","status":"publish","type":"post","link":"https:\/\/www.eldiario.net\/portal\/2021\/08\/25\/habilitaran-59-centros-de-salud-para-vacunacion\/","title":{"rendered":"Habilitar\u00e1n 59 centros de salud para vacunaci\u00f3n"},"content":{"rendered":"<p>Un total de 59 centros de salud y 10 unidades m\u00f3viles ser\u00e1n habilitados este fin de semana en la ciudad de El Alto, con el objetivo de administrar a la poblaci\u00f3n la vacuna contra el covid-19, seg\u00fan el secretario de Salud de la comuna alte\u00f1a, Sa\u00fal Calder\u00f3n.<br \/>\nDe acuerdo con la autoridad, dichas decisiones son parte de la nueva estrategia para lograr subir el \u00edndice de personas vacunadas contra el coronavirus, debido a que hasta el momento estas cifras son bajas con relaci\u00f3n al porcentaje que tiene la ciudad de La Paz.<br \/>\n\u201cLa actitud que estamos asumiendo es parte de la campa\u00f1a masiva que hemos iniciado hace dos semanas a iniciativa de nuestra Alcaldesa, donde los 59 centros de salud con que contamos en los 14 distritos, los cuales est\u00e1n garantizados en el tema de la cadena de fr\u00edo, para el manejo de las vacunas, por lo que ser\u00e1n las encargadas para lograr este prop\u00f3sito, adem\u00e1s este trabajo se est\u00e1 realizando en coordinaci\u00f3n con el Ministerio de Salud.<br \/>\nEn cuanto a la atenci\u00f3n de la poblaci\u00f3n de estos nosocomios, se ha dispuesto que sean de lunes a viernes en horarios normales y los fines de semana entre s\u00e1bado y domingo, la poblaci\u00f3n podr\u00e1 asistir desde las 8.00 de la ma\u00f1ana hasta las 16.00 horas.<br \/>\nEn cuanto a las brigadas m\u00f3viles, ser\u00e1n destinadas de manera exclusiva, para aquellas personas que de una u otra forma no tienen la posibilidad de asistir a los diferentes centros de vacunaci\u00f3n, como los distritos alejados, para lo cual se ha dispuesto 10 buses, que asistir\u00e1n a estos barrios, los cuales tendr\u00e1n lugares espec\u00edficos como plazas y parques a las que podr\u00e1 acudir la poblaci\u00f3n.<br \/>\n\u201cLas vacunas van a estar en los 10 buses del municipio, los cuales van a ayudarnos a acercarnos a la poblaci\u00f3n, a la ciudadan\u00eda y contar\u00e1n con personal profesional para vacunar contra el coronavirus y de esta manera podamos lograr cubrir todos estos distritos alejados, incluidas las comunidades rurales que tiene la urbe alte\u00f1a\u201d, explic\u00f3 Calder\u00f3n.<br \/>\nOtro de los beneficios que tendr\u00e1 la poblaci\u00f3n, mediante las unidades m\u00f3viles, es la visita casa por casa, donde las familias que no fueron vacunadas contra el covid-19, puedan recibir esta dosis y de esta manera garantizar su salud.<br \/>\nSeg\u00fan el funcionario de Salud del municipio, explic\u00f3 que estas brigadas m\u00f3viles no solo tendr\u00e1n la posibilidad de implementar la dosis contra el coronavirus, sino tambi\u00e9n estar\u00e1n destinadas para el control y rastrillaje de casos positivos, con la finalidad de que se pueda prevenir el mismo.<br \/>\n\u201cTodo este proyecto que estamos implementando tiene el objetivo de llegar a subir el porcentaje de poblaci\u00f3n vacunada en nuestra ciudad, porque a pesar que se iniciaron las vacunas masivas, todav\u00eda existe un bajo \u00edndice, pero esperamos que con esta nueva disposici\u00f3n sobrepasemos el 80 % de habitantes alte\u00f1os que hayan recibido esta dosis\u201d, asever\u00f3 la autoridad de Salud del municipio.<br \/>\nEl Alto es una de las ciudades que tiene bajo \u00edndice de vacunaci\u00f3n, pese a la campa\u00f1a de vacunaci\u00f3n masiva y los incentivos que se ofrecieron, no se logr\u00f3 llegar a la meta de 10.000 ciudadanos vacunados.<\/p>\n","protected":false},"excerpt":{"rendered":"<p>Un total de 59 centros de salud y 10 unidades m\u00f3viles ser\u00e1n habilitados este fin de semana en la ciudad de El Alto, con el objetivo de administrar a la poblaci\u00f3n la vacuna contra el covid-19, seg\u00fan el secretario de Salud de la comuna alte\u00f1a, Sa\u00fal Calder\u00f3n. De acuerdo con la autoridad, dichas decisiones son [&hellip;]<\/p>\n","protected":false},"author":1,"featured_media":25607,"comment_status":"closed","ping_status":"closed","sticky":false,"template":"","format":"standard","meta":{"_acf_changed":false,"footnotes":""},"categories":[12],"tags":[],"class_list":["post-25606","post","type-post","status-publish","format-standard","has-post-thumbnail","category-nacional"],"acf":{"antetitulo":""},"yoast_head":"<!-- This site is optimized with the Yoast SEO plugin v28.4 - https:\/\/yoast.com\/product\/yoast-seo-wordpress\/ -->\n<title>Habilitar\u00e1n 59 centros de salud para vacunaci\u00f3n - El Diario - Bolivia<\/title>\n<meta name=\"robots\" content=\"index, follow, max-snippet:-1, max-image-preview:large, max-video-preview:-1\" \/>\n<link rel=\"canonical\" href=\"https:\/\/www.eldiario.net\/portal\/2021\/08\/25\/habilitaran-59-centros-de-salud-para-vacunacion\/\" \/>\n<meta property=\"og:locale\" content=\"es_ES\" \/>\n<meta property=\"og:type\" content=\"article\" \/>\n<meta property=\"og:title\" content=\"Habilitar\u00e1n 59 centros de salud para vacunaci\u00f3n - El Diario - Bolivia\" \/>\n<meta property=\"og:description\" content=\"Un total de 59 centros de salud y 10 unidades m\u00f3viles ser\u00e1n habilitados este fin de semana en la ciudad de El Alto, con el objetivo de administrar a la poblaci\u00f3n la vacuna contra el covid-19, seg\u00fan el secretario de Salud de la comuna alte\u00f1a, Sa\u00fal Calder\u00f3n. De acuerdo con la autoridad, dichas decisiones son [&hellip;]\" \/>\n<meta property=\"og:url\" content=\"https:\/\/www.eldiario.net\/portal\/2021\/08\/25\/habilitaran-59-centros-de-salud-para-vacunacion\/\" \/>\n<meta property=\"og:site_name\" content=\"El Diario - Bolivia\" \/>\n<meta property=\"article:publisher\" content=\"https:\/\/www.facebook.com\/eldiario.bolivia\/\" \/>\n<meta property=\"article:published_time\" content=\"2021-08-25T10:51:53+00:00\" \/>\n<meta name=\"author\" content=\"Jeanette\" \/>\n<meta name=\"twitter:card\" content=\"summary_large_image\" \/>\n<meta name=\"twitter:creator\" content=\"@eldiario_net\" \/>\n<meta name=\"twitter:site\" content=\"@eldiario_net\" \/>\n<meta name=\"twitter:label1\" content=\"Escrito por\" \/>\n\t<meta name=\"twitter:data1\" content=\"Jeanette\" \/>\n\t<meta name=\"twitter:label2\" content=\"Tiempo de lectura\" \/>\n\t<meta name=\"twitter:data2\" content=\"3 minutos\" \/>\n<script type=\"application\/ld+json\" class=\"yoast-schema-graph\">{\"@context\":\"https:\\\/\\\/schema.org\",\"@graph\":[{\"@type\":\"Article\",\"@id\":\"https:\\\/\\\/www.eldiario.net\\\/portal\\\/2021\\\/08\\\/25\\\/habilitaran-59-centros-de-salud-para-vacunacion\\\/#article\",\"isPartOf\":{\"@id\":\"https:\\\/\\\/www.eldiario.net\\\/portal\\\/2021\\\/08\\\/25\\\/habilitaran-59-centros-de-salud-para-vacunacion\\\/\"},\"author\":{\"name\":\"Jeanette\",\"@id\":\"https:\\\/\\\/www.eldiario.net\\\/portal\\\/#\\\/schema\\\/person\\\/f46445640444750d7d753ccd04ae01b7\"},\"headline\":\"Habilitar\u00e1n 59 centros de salud para vacunaci\u00f3n\",\"datePublished\":\"2021-08-25T10:51:53+00:00\",\"mainEntityOfPage\":{\"@id\":\"https:\\\/\\\/www.eldiario.net\\\/portal\\\/2021\\\/08\\\/25\\\/habilitaran-59-centros-de-salud-para-vacunacion\\\/\"},\"wordCount\":561,\"publisher\":{\"@id\":\"https:\\\/\\\/www.eldiario.net\\\/portal\\\/#organization\"},\"image\":{\"@id\":\"https:\\\/\\\/www.eldiario.net\\\/portal\\\/2021\\\/08\\\/25\\\/habilitaran-59-centros-de-salud-para-vacunacion\\\/#primaryimage\"},\"thumbnailUrl\":\"\",\"articleSection\":[\"Nacional\"],\"inLanguage\":\"es\"},{\"@type\":\"WebPage\",\"@id\":\"https:\\\/\\\/www.eldiario.net\\\/portal\\\/2021\\\/08\\\/25\\\/habilitaran-59-centros-de-salud-para-vacunacion\\\/\",\"url\":\"https:\\\/\\\/www.eldiario.net\\\/portal\\\/2021\\\/08\\\/25\\\/habilitaran-59-centros-de-salud-para-vacunacion\\\/\",\"name\":\"Habilitar\u00e1n 59 centros de salud para vacunaci\u00f3n - El Diario - Bolivia\",\"isPartOf\":{\"@id\":\"https:\\\/\\\/www.eldiario.net\\\/portal\\\/#website\"},\"primaryImageOfPage\":{\"@id\":\"https:\\\/\\\/www.eldiario.net\\\/portal\\\/2021\\\/08\\\/25\\\/habilitaran-59-centros-de-salud-para-vacunacion\\\/#primaryimage\"},\"image\":{\"@id\":\"https:\\\/\\\/www.eldiario.net\\\/portal\\\/2021\\\/08\\\/25\\\/habilitaran-59-centros-de-salud-para-vacunacion\\\/#primaryimage\"},\"thumbnailUrl\":\"\",\"datePublished\":\"2021-08-25T10:51:53+00:00\",\"breadcrumb\":{\"@id\":\"https:\\\/\\\/www.eldiario.net\\\/portal\\\/2021\\\/08\\\/25\\\/habilitaran-59-centros-de-salud-para-vacunacion\\\/#breadcrumb\"},\"inLanguage\":\"es\",\"potentialAction\":[{\"@type\":\"ReadAction\",\"target\":[\"https:\\\/\\\/www.eldiario.net\\\/portal\\\/2021\\\/08\\\/25\\\/habilitaran-59-centros-de-salud-para-vacunacion\\\/\"]}]},{\"@type\":\"ImageObject\",\"inLanguage\":\"es\",\"@id\":\"https:\\\/\\\/www.eldiario.net\\\/portal\\\/2021\\\/08\\\/25\\\/habilitaran-59-centros-de-salud-para-vacunacion\\\/#primaryimage\",\"url\":\"\",\"contentUrl\":\"\"},{\"@type\":\"BreadcrumbList\",\"@id\":\"https:\\\/\\\/www.eldiario.net\\\/portal\\\/2021\\\/08\\\/25\\\/habilitaran-59-centros-de-salud-para-vacunacion\\\/#breadcrumb\",\"itemListElement\":[{\"@type\":\"ListItem\",\"position\":1,\"name\":\"Portada\",\"item\":\"https:\\\/\\\/www.eldiario.net\\\/portal\\\/\"},{\"@type\":\"ListItem\",\"position\":2,\"name\":\"Habilitar\u00e1n 59 centros de salud para vacunaci\u00f3n\"}]},{\"@type\":\"WebSite\",\"@id\":\"https:\\\/\\\/www.eldiario.net\\\/portal\\\/#website\",\"url\":\"https:\\\/\\\/www.eldiario.net\\\/portal\\\/\",\"name\":\"El Diario - Decano de la prensa nacional\",\"description\":\"El Diario - Decano de la prensa nacional\",\"publisher\":{\"@id\":\"https:\\\/\\\/www.eldiario.net\\\/portal\\\/#organization\"},\"potentialAction\":[{\"@type\":\"SearchAction\",\"target\":{\"@type\":\"EntryPoint\",\"urlTemplate\":\"https:\\\/\\\/www.eldiario.net\\\/portal\\\/?s={search_term_string}\"},\"query-input\":{\"@type\":\"PropertyValueSpecification\",\"valueRequired\":true,\"valueName\":\"search_term_string\"}}],\"inLanguage\":\"es\"},{\"@type\":\"Organization\",\"@id\":\"https:\\\/\\\/www.eldiario.net\\\/portal\\\/#organization\",\"name\":\"El Diario - Decano de la prensa nacional\",\"url\":\"https:\\\/\\\/www.eldiario.net\\\/portal\\\/\",\"logo\":{\"@type\":\"ImageObject\",\"inLanguage\":\"es\",\"@id\":\"https:\\\/\\\/www.eldiario.net\\\/portal\\\/#\\\/schema\\\/logo\\\/image\\\/\",\"url\":\"https:\\\/\\\/www.eldiario.net\\\/portal\\\/wp-content\\\/uploads\\\/2023\\\/07\\\/logo_ED.jpg\",\"contentUrl\":\"https:\\\/\\\/www.eldiario.net\\\/portal\\\/wp-content\\\/uploads\\\/2023\\\/07\\\/logo_ED.jpg\",\"width\":272,\"height\":52,\"caption\":\"El Diario - Decano de la prensa nacional\"},\"image\":{\"@id\":\"https:\\\/\\\/www.eldiario.net\\\/portal\\\/#\\\/schema\\\/logo\\\/image\\\/\"},\"sameAs\":[\"https:\\\/\\\/www.facebook.com\\\/eldiario.bolivia\\\/\",\"https:\\\/\\\/x.com\\\/eldiario_net\"]},{\"@type\":\"Person\",\"@id\":\"https:\\\/\\\/www.eldiario.net\\\/portal\\\/#\\\/schema\\\/person\\\/f46445640444750d7d753ccd04ae01b7\",\"name\":\"Jeanette\",\"image\":{\"@type\":\"ImageObject\",\"inLanguage\":\"es\",\"@id\":\"https:\\\/\\\/secure.gravatar.com\\\/avatar\\\/3ea2118a5f7dad2b7138b1187a6b7ee55f160b9968b66013c3a3ef39dd7e5798?s=96&d=mm&r=g\",\"url\":\"https:\\\/\\\/secure.gravatar.com\\\/avatar\\\/3ea2118a5f7dad2b7138b1187a6b7ee55f160b9968b66013c3a3ef39dd7e5798?s=96&d=mm&r=g\",\"contentUrl\":\"https:\\\/\\\/secure.gravatar.com\\\/avatar\\\/3ea2118a5f7dad2b7138b1187a6b7ee55f160b9968b66013c3a3ef39dd7e5798?s=96&d=mm&r=g\",\"caption\":\"Jeanette\"},\"sameAs\":[\"https:\\\/\\\/www.eldiario.net\\\/portal\"],\"url\":\"https:\\\/\\\/www.eldiario.net\\\/portal\\\/author\\\/jeanette\\\/\"}]}<\/script>\n<!-- \/ Yoast SEO plugin. -->","yoast_head_json":{"title":"Habilitar\u00e1n 59 centros de salud para vacunaci\u00f3n - El Diario - Bolivia","robots":{"index":"index","follow":"follow","max-snippet":"max-snippet:-1","max-image-preview":"max-image-preview:large","max-video-preview":"max-video-preview:-1"},"canonical":"https:\/\/www.eldiario.net\/portal\/2021\/08\/25\/habilitaran-59-centros-de-salud-para-vacunacion\/","og_locale":"es_ES","og_type":"article","og_title":"Habilitar\u00e1n 59 centros de salud para vacunaci\u00f3n - El Diario - Bolivia","og_description":"Un total de 59 centros de salud y 10 unidades m\u00f3viles ser\u00e1n habilitados este fin de semana en la ciudad de El Alto, con el objetivo de administrar a la poblaci\u00f3n la vacuna contra el covid-19, seg\u00fan el secretario de Salud de la comuna alte\u00f1a, Sa\u00fal Calder\u00f3n. De acuerdo con la autoridad, dichas decisiones son [&hellip;]","og_url":"https:\/\/www.eldiario.net\/portal\/2021\/08\/25\/habilitaran-59-centros-de-salud-para-vacunacion\/","og_site_name":"El Diario - Bolivia","article_publisher":"https:\/\/www.facebook.com\/eldiario.bolivia\/","article_published_time":"2021-08-25T10:51:53+00:00","author":"Jeanette","twitter_card":"summary_large_image","twitter_creator":"@eldiario_net","twitter_site":"@eldiario_net","twitter_misc":{"Escrito por":"Jeanette","Tiempo de lectura":"3 minutos"},"schema":{"@context":"https:\/\/schema.org","@graph":[{"@type":"Article","@id":"https:\/\/www.eldiario.net\/portal\/2021\/08\/25\/habilitaran-59-centros-de-salud-para-vacunacion\/#article","isPartOf":{"@id":"https:\/\/www.eldiario.net\/portal\/2021\/08\/25\/habilitaran-59-centros-de-salud-para-vacunacion\/"},"author":{"name":"Jeanette","@id":"https:\/\/www.eldiario.net\/portal\/#\/schema\/person\/f46445640444750d7d753ccd04ae01b7"},"headline":"Habilitar\u00e1n 59 centros de salud para vacunaci\u00f3n","datePublished":"2021-08-25T10:51:53+00:00","mainEntityOfPage":{"@id":"https:\/\/www.eldiario.net\/portal\/2021\/08\/25\/habilitaran-59-centros-de-salud-para-vacunacion\/"},"wordCount":561,"publisher":{"@id":"https:\/\/www.eldiario.net\/portal\/#organization"},"image":{"@id":"https:\/\/www.eldiario.net\/portal\/2021\/08\/25\/habilitaran-59-centros-de-salud-para-vacunacion\/#primaryimage"},"thumbnailUrl":"","articleSection":["Nacional"],"inLanguage":"es"},{"@type":"WebPage","@id":"https:\/\/www.eldiario.net\/portal\/2021\/08\/25\/habilitaran-59-centros-de-salud-para-vacunacion\/","url":"https:\/\/www.eldiario.net\/portal\/2021\/08\/25\/habilitaran-59-centros-de-salud-para-vacunacion\/","name":"Habilitar\u00e1n 59 centros de salud para vacunaci\u00f3n - El Diario - Bolivia","isPartOf":{"@id":"https:\/\/www.eldiario.net\/portal\/#website"},"primaryImageOfPage":{"@id":"https:\/\/www.eldiario.net\/portal\/2021\/08\/25\/habilitaran-59-centros-de-salud-para-vacunacion\/#primaryimage"},"image":{"@id":"https:\/\/www.eldiario.net\/portal\/2021\/08\/25\/habilitaran-59-centros-de-salud-para-vacunacion\/#primaryimage"},"thumbnailUrl":"","datePublished":"2021-08-25T10:51:53+00:00","breadcrumb":{"@id":"https:\/\/www.eldiario.net\/portal\/2021\/08\/25\/habilitaran-59-centros-de-salud-para-vacunacion\/#breadcrumb"},"inLanguage":"es","potentialAction":[{"@type":"ReadAction","target":["https:\/\/www.eldiario.net\/portal\/2021\/08\/25\/habilitaran-59-centros-de-salud-para-vacunacion\/"]}]},{"@type":"ImageObject","inLanguage":"es","@id":"https:\/\/www.eldiario.net\/portal\/2021\/08\/25\/habilitaran-59-centros-de-salud-para-vacunacion\/#primaryimage","url":"","contentUrl":""},{"@type":"BreadcrumbList","@id":"https:\/\/www.eldiario.net\/portal\/2021\/08\/25\/habilitaran-59-centros-de-salud-para-vacunacion\/#breadcrumb","itemListElement":[{"@type":"ListItem","position":1,"name":"Portada","item":"https:\/\/www.eldiario.net\/portal\/"},{"@type":"ListItem","position":2,"name":"Habilitar\u00e1n 59 centros de salud para vacunaci\u00f3n"}]},{"@type":"WebSite","@id":"https:\/\/www.eldiario.net\/portal\/#website","url":"https:\/\/www.eldiario.net\/portal\/","name":"El Diario - Decano de la prensa nacional","description":"El Diario - Decano de la prensa nacional","publisher":{"@id":"https:\/\/www.eldiario.net\/portal\/#organization"},"potentialAction":[{"@type":"SearchAction","target":{"@type":"EntryPoint","urlTemplate":"https:\/\/www.eldiario.net\/portal\/?s={search_term_string}"},"query-input":{"@type":"PropertyValueSpecification","valueRequired":true,"valueName":"search_term_string"}}],"inLanguage":"es"},{"@type":"Organization","@id":"https:\/\/www.eldiario.net\/portal\/#organization","name":"El Diario - Decano de la prensa nacional","url":"https:\/\/www.eldiario.net\/portal\/","logo":{"@type":"ImageObject","inLanguage":"es","@id":"https:\/\/www.eldiario.net\/portal\/#\/schema\/logo\/image\/","url":"https:\/\/www.eldiario.net\/portal\/wp-content\/uploads\/2023\/07\/logo_ED.jpg","contentUrl":"https:\/\/www.eldiario.net\/portal\/wp-content\/uploads\/2023\/07\/logo_ED.jpg","width":272,"height":52,"caption":"El Diario - Decano de la prensa nacional"},"image":{"@id":"https:\/\/www.eldiario.net\/portal\/#\/schema\/logo\/image\/"},"sameAs":["https:\/\/www.facebook.com\/eldiario.bolivia\/","https:\/\/x.com\/eldiario_net"]},{"@type":"Person","@id":"https:\/\/www.eldiario.net\/portal\/#\/schema\/person\/f46445640444750d7d753ccd04ae01b7","name":"Jeanette","image":{"@type":"ImageObject","inLanguage":"es","@id":"https:\/\/secure.gravatar.com\/avatar\/3ea2118a5f7dad2b7138b1187a6b7ee55f160b9968b66013c3a3ef39dd7e5798?s=96&d=mm&r=g","url":"https:\/\/secure.gravatar.com\/avatar\/3ea2118a5f7dad2b7138b1187a6b7ee55f160b9968b66013c3a3ef39dd7e5798?s=96&d=mm&r=g","contentUrl":"https:\/\/secure.gravatar.com\/avatar\/3ea2118a5f7dad2b7138b1187a6b7ee55f160b9968b66013c3a3ef39dd7e5798?s=96&d=mm&r=g","caption":"Jeanette"},"sameAs":["https:\/\/www.eldiario.net\/portal"],"url":"https:\/\/www.eldiario.net\/portal\/author\/jeanette\/"}]}},"_links":{"self":[{"href":"https:\/\/www.eldiario.net\/portal\/wp-json\/wp\/v2\/posts\/25606","targetHints":{"allow":["GET"]}}],"collection":[{"href":"https:\/\/www.eldiario.net\/portal\/wp-json\/wp\/v2\/posts"}],"about":[{"href":"https:\/\/www.eldiario.net\/portal\/wp-json\/wp\/v2\/types\/post"}],"author":[{"embeddable":true,"href":"https:\/\/www.eldiario.net\/portal\/wp-json\/wp\/v2\/users\/1"}],"replies":[{"embeddable":true,"href":"https:\/\/www.eldiario.net\/portal\/wp-json\/wp\/v2\/comments?post=25606"}],"version-history":[{"count":0,"href":"https:\/\/www.eldiario.net\/portal\/wp-json\/wp\/v2\/posts\/25606\/revisions"}],"wp:attachment":[{"href":"https:\/\/www.eldiario.net\/portal\/wp-json\/wp\/v2\/media?parent=25606"}],"wp:term":[{"taxonomy":"category","embeddable":true,"href":"https:\/\/www.eldiario.net\/portal\/wp-json\/wp\/v2\/categories?post=25606"},{"taxonomy":"post_tag","embeddable":true,"href":"https:\/\/www.eldiario.net\/portal\/wp-json\/wp\/v2\/tags?post=25606"}],"curies":[{"name":"wp","href":"https:\/\/api.w.org\/{rel}","templated":true}]}}