{"id":25603,"date":"2021-08-25T06:50:58","date_gmt":"2021-08-25T10:50:58","guid":{"rendered":"https:\/\/www.eldiario.net\/portal\/?p=25603"},"modified":"2021-08-25T06:50:58","modified_gmt":"2021-08-25T10:50:58","slug":"vecinos-capturan-a-cuatro-ladrones-antes-de-su-huida","status":"publish","type":"post","link":"https:\/\/www.eldiario.net\/portal\/2021\/08\/25\/vecinos-capturan-a-cuatro-ladrones-antes-de-su-huida\/","title":{"rendered":"Vecinos capturan a cuatro ladrones antes de su huida"},"content":{"rendered":"<p>Los vecinos de la zona de Pacajes Caluyo de Villa Adela lograron capturar a cuatro antisociales, cuando intentaban robar en un domicilio, quienes al ser descubiertos trataron de darse a la fuga. Los habitantes de este barrio piden mayor resguardo policial.<br \/>\nLa preocupaci\u00f3n de dirigentes y vecinos de base de este barrio del Distrito 3 de la urbe alte\u00f1a, es que al no existir presencia policial, la delincuencia ha proliferado en aquellos barrios, donde existe mayor afluencia de personas, debido a las ferias zonales o calles donde el comercio de artefactos el\u00e9ctricos se realiza a diario.<br \/>\nLa banda de antisociales que fueron capturados por los mismos vecinos, estaba compuesto por dos mujeres y dos varones, quienes al ser descubiertos trataron de ocultarse en un ba\u00f1o p\u00fablico de esta zona, pero la alerta que dieron algunos vecinos que vieron el hecho, logr\u00f3 a que estas cuatro personas fueran capturadas.<br \/>\n\u201cEs la preocupaci\u00f3n constante que tenemos los vecinos de estas calles, porque muchos de los due\u00f1os de casa tenemos negocios, donde de un tiempo a esta parte estos grupos de personas han proliferado, en muchos de los casos roban, asaltan y se entran a los domicilios, sin que nosotros podamos hacer mucho, porque no existe la presencia policial\u201d, denunci\u00f3 una vecina.<br \/>\nA pesar que en Pacajes Caluyo existe un m\u00f3dulo policial, seg\u00fan la denuncia de los vecinos, los pocos efectivos del orden no es suficiente para controlar las calles de este barrio, adem\u00e1s la queja de los habitantes es que no salen a patrullar, actitud que es aprovechada por la delincuencia.<br \/>\nSobre este tema, los dirigentes de esta zona recordaron que se ha solicitado, al comando regional de la polic\u00eda en la ciudad de El Alto, mayor n\u00famero de efectivos del orden, pero a la fecha no existe ninguna respuesta, por lo que la inseguridad ciudadana, en Villa Adela se ha convertido en un problema de todos los d\u00edas.<br \/>\nOtro de los problemas que se ha identificado como causa de la presencia de antisociales en la zona de Pacajes Caluyo es la falta de iluminaci\u00f3n, donde muchas de sus calles no cuenta con alumbrado p\u00fablico, deficiencia que da lugar a que la delincuencia aproveche este aspecto, donde la oscuridad de la noche es c\u00f3mplice de las fechor\u00edas que comenten.<br \/>\nLa proliferaci\u00f3n de antisociales es m\u00e1s frecuente en estos barrios, debido a que por el n\u00famero de habitantes que tiene Villa Adela, muchas de estas se han convertido en zonas comerciales y la afluencia masiva de personas, lo que es aprovechado por estos grupos de antisociales, seg\u00fan los propios vecinos.<\/p>\n<p>&nbsp;<\/p>\n","protected":false},"excerpt":{"rendered":"<p>Los vecinos de la zona de Pacajes Caluyo de Villa Adela lograron capturar a cuatro antisociales, cuando intentaban robar en un domicilio, quienes al ser descubiertos trataron de darse a la fuga. Los habitantes de este barrio piden mayor resguardo policial. La preocupaci\u00f3n de dirigentes y vecinos de base de este barrio del Distrito 3 [&hellip;]<\/p>\n","protected":false},"author":1,"featured_media":25604,"comment_status":"closed","ping_status":"closed","sticky":false,"template":"","format":"standard","meta":{"_acf_changed":false,"footnotes":""},"categories":[12],"tags":[],"class_list":["post-25603","post","type-post","status-publish","format-standard","has-post-thumbnail","category-nacional"],"acf":{"antetitulo":""},"yoast_head":"<!-- This site is optimized with the Yoast SEO plugin v28.4 - https:\/\/yoast.com\/product\/yoast-seo-wordpress\/ -->\n<title>Vecinos capturan a cuatro ladrones antes de su huida - El Diario - Bolivia<\/title>\n<meta name=\"robots\" content=\"index, follow, max-snippet:-1, max-image-preview:large, max-video-preview:-1\" \/>\n<link rel=\"canonical\" href=\"https:\/\/www.eldiario.net\/portal\/2021\/08\/25\/vecinos-capturan-a-cuatro-ladrones-antes-de-su-huida\/\" \/>\n<meta property=\"og:locale\" content=\"es_ES\" \/>\n<meta property=\"og:type\" content=\"article\" \/>\n<meta property=\"og:title\" content=\"Vecinos capturan a cuatro ladrones antes de su huida - El Diario - Bolivia\" \/>\n<meta property=\"og:description\" content=\"Los vecinos de la zona de Pacajes Caluyo de Villa Adela lograron capturar a cuatro antisociales, cuando intentaban robar en un domicilio, quienes al ser descubiertos trataron de darse a la fuga. Los habitantes de este barrio piden mayor resguardo policial. La preocupaci\u00f3n de dirigentes y vecinos de base de este barrio del Distrito 3 [&hellip;]\" \/>\n<meta property=\"og:url\" content=\"https:\/\/www.eldiario.net\/portal\/2021\/08\/25\/vecinos-capturan-a-cuatro-ladrones-antes-de-su-huida\/\" \/>\n<meta property=\"og:site_name\" content=\"El Diario - Bolivia\" \/>\n<meta property=\"article:publisher\" content=\"https:\/\/www.facebook.com\/eldiario.bolivia\/\" \/>\n<meta property=\"article:published_time\" content=\"2021-08-25T10:50:58+00:00\" \/>\n<meta name=\"author\" content=\"Jeanette\" \/>\n<meta name=\"twitter:card\" content=\"summary_large_image\" \/>\n<meta name=\"twitter:creator\" content=\"@eldiario_net\" \/>\n<meta name=\"twitter:site\" content=\"@eldiario_net\" \/>\n<meta name=\"twitter:label1\" content=\"Escrito por\" \/>\n\t<meta name=\"twitter:data1\" content=\"Jeanette\" \/>\n\t<meta name=\"twitter:label2\" content=\"Tiempo de lectura\" \/>\n\t<meta name=\"twitter:data2\" content=\"2 minutos\" \/>\n<script type=\"application\/ld+json\" class=\"yoast-schema-graph\">{\"@context\":\"https:\\\/\\\/schema.org\",\"@graph\":[{\"@type\":\"Article\",\"@id\":\"https:\\\/\\\/www.eldiario.net\\\/portal\\\/2021\\\/08\\\/25\\\/vecinos-capturan-a-cuatro-ladrones-antes-de-su-huida\\\/#article\",\"isPartOf\":{\"@id\":\"https:\\\/\\\/www.eldiario.net\\\/portal\\\/2021\\\/08\\\/25\\\/vecinos-capturan-a-cuatro-ladrones-antes-de-su-huida\\\/\"},\"author\":{\"name\":\"Jeanette\",\"@id\":\"https:\\\/\\\/www.eldiario.net\\\/portal\\\/#\\\/schema\\\/person\\\/f46445640444750d7d753ccd04ae01b7\"},\"headline\":\"Vecinos capturan a cuatro ladrones antes de su huida\",\"datePublished\":\"2021-08-25T10:50:58+00:00\",\"mainEntityOfPage\":{\"@id\":\"https:\\\/\\\/www.eldiario.net\\\/portal\\\/2021\\\/08\\\/25\\\/vecinos-capturan-a-cuatro-ladrones-antes-de-su-huida\\\/\"},\"wordCount\":457,\"publisher\":{\"@id\":\"https:\\\/\\\/www.eldiario.net\\\/portal\\\/#organization\"},\"image\":{\"@id\":\"https:\\\/\\\/www.eldiario.net\\\/portal\\\/2021\\\/08\\\/25\\\/vecinos-capturan-a-cuatro-ladrones-antes-de-su-huida\\\/#primaryimage\"},\"thumbnailUrl\":\"\",\"articleSection\":[\"Nacional\"],\"inLanguage\":\"es\"},{\"@type\":\"WebPage\",\"@id\":\"https:\\\/\\\/www.eldiario.net\\\/portal\\\/2021\\\/08\\\/25\\\/vecinos-capturan-a-cuatro-ladrones-antes-de-su-huida\\\/\",\"url\":\"https:\\\/\\\/www.eldiario.net\\\/portal\\\/2021\\\/08\\\/25\\\/vecinos-capturan-a-cuatro-ladrones-antes-de-su-huida\\\/\",\"name\":\"Vecinos capturan a cuatro ladrones antes de su huida - El Diario - Bolivia\",\"isPartOf\":{\"@id\":\"https:\\\/\\\/www.eldiario.net\\\/portal\\\/#website\"},\"primaryImageOfPage\":{\"@id\":\"https:\\\/\\\/www.eldiario.net\\\/portal\\\/2021\\\/08\\\/25\\\/vecinos-capturan-a-cuatro-ladrones-antes-de-su-huida\\\/#primaryimage\"},\"image\":{\"@id\":\"https:\\\/\\\/www.eldiario.net\\\/portal\\\/2021\\\/08\\\/25\\\/vecinos-capturan-a-cuatro-ladrones-antes-de-su-huida\\\/#primaryimage\"},\"thumbnailUrl\":\"\",\"datePublished\":\"2021-08-25T10:50:58+00:00\",\"breadcrumb\":{\"@id\":\"https:\\\/\\\/www.eldiario.net\\\/portal\\\/2021\\\/08\\\/25\\\/vecinos-capturan-a-cuatro-ladrones-antes-de-su-huida\\\/#breadcrumb\"},\"inLanguage\":\"es\",\"potentialAction\":[{\"@type\":\"ReadAction\",\"target\":[\"https:\\\/\\\/www.eldiario.net\\\/portal\\\/2021\\\/08\\\/25\\\/vecinos-capturan-a-cuatro-ladrones-antes-de-su-huida\\\/\"]}]},{\"@type\":\"ImageObject\",\"inLanguage\":\"es\",\"@id\":\"https:\\\/\\\/www.eldiario.net\\\/portal\\\/2021\\\/08\\\/25\\\/vecinos-capturan-a-cuatro-ladrones-antes-de-su-huida\\\/#primaryimage\",\"url\":\"\",\"contentUrl\":\"\"},{\"@type\":\"BreadcrumbList\",\"@id\":\"https:\\\/\\\/www.eldiario.net\\\/portal\\\/2021\\\/08\\\/25\\\/vecinos-capturan-a-cuatro-ladrones-antes-de-su-huida\\\/#breadcrumb\",\"itemListElement\":[{\"@type\":\"ListItem\",\"position\":1,\"name\":\"Portada\",\"item\":\"https:\\\/\\\/www.eldiario.net\\\/portal\\\/\"},{\"@type\":\"ListItem\",\"position\":2,\"name\":\"Vecinos capturan a cuatro ladrones antes de su huida\"}]},{\"@type\":\"WebSite\",\"@id\":\"https:\\\/\\\/www.eldiario.net\\\/portal\\\/#website\",\"url\":\"https:\\\/\\\/www.eldiario.net\\\/portal\\\/\",\"name\":\"El Diario - Decano de la prensa nacional\",\"description\":\"El Diario - Decano de la prensa nacional\",\"publisher\":{\"@id\":\"https:\\\/\\\/www.eldiario.net\\\/portal\\\/#organization\"},\"potentialAction\":[{\"@type\":\"SearchAction\",\"target\":{\"@type\":\"EntryPoint\",\"urlTemplate\":\"https:\\\/\\\/www.eldiario.net\\\/portal\\\/?s={search_term_string}\"},\"query-input\":{\"@type\":\"PropertyValueSpecification\",\"valueRequired\":true,\"valueName\":\"search_term_string\"}}],\"inLanguage\":\"es\"},{\"@type\":\"Organization\",\"@id\":\"https:\\\/\\\/www.eldiario.net\\\/portal\\\/#organization\",\"name\":\"El Diario - Decano de la prensa nacional\",\"url\":\"https:\\\/\\\/www.eldiario.net\\\/portal\\\/\",\"logo\":{\"@type\":\"ImageObject\",\"inLanguage\":\"es\",\"@id\":\"https:\\\/\\\/www.eldiario.net\\\/portal\\\/#\\\/schema\\\/logo\\\/image\\\/\",\"url\":\"https:\\\/\\\/www.eldiario.net\\\/portal\\\/wp-content\\\/uploads\\\/2023\\\/07\\\/logo_ED.jpg\",\"contentUrl\":\"https:\\\/\\\/www.eldiario.net\\\/portal\\\/wp-content\\\/uploads\\\/2023\\\/07\\\/logo_ED.jpg\",\"width\":272,\"height\":52,\"caption\":\"El Diario - Decano de la prensa nacional\"},\"image\":{\"@id\":\"https:\\\/\\\/www.eldiario.net\\\/portal\\\/#\\\/schema\\\/logo\\\/image\\\/\"},\"sameAs\":[\"https:\\\/\\\/www.facebook.com\\\/eldiario.bolivia\\\/\",\"https:\\\/\\\/x.com\\\/eldiario_net\"]},{\"@type\":\"Person\",\"@id\":\"https:\\\/\\\/www.eldiario.net\\\/portal\\\/#\\\/schema\\\/person\\\/f46445640444750d7d753ccd04ae01b7\",\"name\":\"Jeanette\",\"image\":{\"@type\":\"ImageObject\",\"inLanguage\":\"es\",\"@id\":\"https:\\\/\\\/secure.gravatar.com\\\/avatar\\\/3ea2118a5f7dad2b7138b1187a6b7ee55f160b9968b66013c3a3ef39dd7e5798?s=96&d=mm&r=g\",\"url\":\"https:\\\/\\\/secure.gravatar.com\\\/avatar\\\/3ea2118a5f7dad2b7138b1187a6b7ee55f160b9968b66013c3a3ef39dd7e5798?s=96&d=mm&r=g\",\"contentUrl\":\"https:\\\/\\\/secure.gravatar.com\\\/avatar\\\/3ea2118a5f7dad2b7138b1187a6b7ee55f160b9968b66013c3a3ef39dd7e5798?s=96&d=mm&r=g\",\"caption\":\"Jeanette\"},\"sameAs\":[\"https:\\\/\\\/www.eldiario.net\\\/portal\"],\"url\":\"https:\\\/\\\/www.eldiario.net\\\/portal\\\/author\\\/jeanette\\\/\"}]}<\/script>\n<!-- \/ Yoast SEO plugin. -->","yoast_head_json":{"title":"Vecinos capturan a cuatro ladrones antes de su huida - El Diario - Bolivia","robots":{"index":"index","follow":"follow","max-snippet":"max-snippet:-1","max-image-preview":"max-image-preview:large","max-video-preview":"max-video-preview:-1"},"canonical":"https:\/\/www.eldiario.net\/portal\/2021\/08\/25\/vecinos-capturan-a-cuatro-ladrones-antes-de-su-huida\/","og_locale":"es_ES","og_type":"article","og_title":"Vecinos capturan a cuatro ladrones antes de su huida - El Diario - Bolivia","og_description":"Los vecinos de la zona de Pacajes Caluyo de Villa Adela lograron capturar a cuatro antisociales, cuando intentaban robar en un domicilio, quienes al ser descubiertos trataron de darse a la fuga. Los habitantes de este barrio piden mayor resguardo policial. La preocupaci\u00f3n de dirigentes y vecinos de base de este barrio del Distrito 3 [&hellip;]","og_url":"https:\/\/www.eldiario.net\/portal\/2021\/08\/25\/vecinos-capturan-a-cuatro-ladrones-antes-de-su-huida\/","og_site_name":"El Diario - Bolivia","article_publisher":"https:\/\/www.facebook.com\/eldiario.bolivia\/","article_published_time":"2021-08-25T10:50:58+00:00","author":"Jeanette","twitter_card":"summary_large_image","twitter_creator":"@eldiario_net","twitter_site":"@eldiario_net","twitter_misc":{"Escrito por":"Jeanette","Tiempo de lectura":"2 minutos"},"schema":{"@context":"https:\/\/schema.org","@graph":[{"@type":"Article","@id":"https:\/\/www.eldiario.net\/portal\/2021\/08\/25\/vecinos-capturan-a-cuatro-ladrones-antes-de-su-huida\/#article","isPartOf":{"@id":"https:\/\/www.eldiario.net\/portal\/2021\/08\/25\/vecinos-capturan-a-cuatro-ladrones-antes-de-su-huida\/"},"author":{"name":"Jeanette","@id":"https:\/\/www.eldiario.net\/portal\/#\/schema\/person\/f46445640444750d7d753ccd04ae01b7"},"headline":"Vecinos capturan a cuatro ladrones antes de su huida","datePublished":"2021-08-25T10:50:58+00:00","mainEntityOfPage":{"@id":"https:\/\/www.eldiario.net\/portal\/2021\/08\/25\/vecinos-capturan-a-cuatro-ladrones-antes-de-su-huida\/"},"wordCount":457,"publisher":{"@id":"https:\/\/www.eldiario.net\/portal\/#organization"},"image":{"@id":"https:\/\/www.eldiario.net\/portal\/2021\/08\/25\/vecinos-capturan-a-cuatro-ladrones-antes-de-su-huida\/#primaryimage"},"thumbnailUrl":"","articleSection":["Nacional"],"inLanguage":"es"},{"@type":"WebPage","@id":"https:\/\/www.eldiario.net\/portal\/2021\/08\/25\/vecinos-capturan-a-cuatro-ladrones-antes-de-su-huida\/","url":"https:\/\/www.eldiario.net\/portal\/2021\/08\/25\/vecinos-capturan-a-cuatro-ladrones-antes-de-su-huida\/","name":"Vecinos capturan a cuatro ladrones antes de su huida - El Diario - Bolivia","isPartOf":{"@id":"https:\/\/www.eldiario.net\/portal\/#website"},"primaryImageOfPage":{"@id":"https:\/\/www.eldiario.net\/portal\/2021\/08\/25\/vecinos-capturan-a-cuatro-ladrones-antes-de-su-huida\/#primaryimage"},"image":{"@id":"https:\/\/www.eldiario.net\/portal\/2021\/08\/25\/vecinos-capturan-a-cuatro-ladrones-antes-de-su-huida\/#primaryimage"},"thumbnailUrl":"","datePublished":"2021-08-25T10:50:58+00:00","breadcrumb":{"@id":"https:\/\/www.eldiario.net\/portal\/2021\/08\/25\/vecinos-capturan-a-cuatro-ladrones-antes-de-su-huida\/#breadcrumb"},"inLanguage":"es","potentialAction":[{"@type":"ReadAction","target":["https:\/\/www.eldiario.net\/portal\/2021\/08\/25\/vecinos-capturan-a-cuatro-ladrones-antes-de-su-huida\/"]}]},{"@type":"ImageObject","inLanguage":"es","@id":"https:\/\/www.eldiario.net\/portal\/2021\/08\/25\/vecinos-capturan-a-cuatro-ladrones-antes-de-su-huida\/#primaryimage","url":"","contentUrl":""},{"@type":"BreadcrumbList","@id":"https:\/\/www.eldiario.net\/portal\/2021\/08\/25\/vecinos-capturan-a-cuatro-ladrones-antes-de-su-huida\/#breadcrumb","itemListElement":[{"@type":"ListItem","position":1,"name":"Portada","item":"https:\/\/www.eldiario.net\/portal\/"},{"@type":"ListItem","position":2,"name":"Vecinos capturan a cuatro ladrones antes de su huida"}]},{"@type":"WebSite","@id":"https:\/\/www.eldiario.net\/portal\/#website","url":"https:\/\/www.eldiario.net\/portal\/","name":"El Diario - Decano de la prensa nacional","description":"El Diario - Decano de la prensa nacional","publisher":{"@id":"https:\/\/www.eldiario.net\/portal\/#organization"},"potentialAction":[{"@type":"SearchAction","target":{"@type":"EntryPoint","urlTemplate":"https:\/\/www.eldiario.net\/portal\/?s={search_term_string}"},"query-input":{"@type":"PropertyValueSpecification","valueRequired":true,"valueName":"search_term_string"}}],"inLanguage":"es"},{"@type":"Organization","@id":"https:\/\/www.eldiario.net\/portal\/#organization","name":"El Diario - Decano de la prensa nacional","url":"https:\/\/www.eldiario.net\/portal\/","logo":{"@type":"ImageObject","inLanguage":"es","@id":"https:\/\/www.eldiario.net\/portal\/#\/schema\/logo\/image\/","url":"https:\/\/www.eldiario.net\/portal\/wp-content\/uploads\/2023\/07\/logo_ED.jpg","contentUrl":"https:\/\/www.eldiario.net\/portal\/wp-content\/uploads\/2023\/07\/logo_ED.jpg","width":272,"height":52,"caption":"El Diario - Decano de la prensa nacional"},"image":{"@id":"https:\/\/www.eldiario.net\/portal\/#\/schema\/logo\/image\/"},"sameAs":["https:\/\/www.facebook.com\/eldiario.bolivia\/","https:\/\/x.com\/eldiario_net"]},{"@type":"Person","@id":"https:\/\/www.eldiario.net\/portal\/#\/schema\/person\/f46445640444750d7d753ccd04ae01b7","name":"Jeanette","image":{"@type":"ImageObject","inLanguage":"es","@id":"https:\/\/secure.gravatar.com\/avatar\/3ea2118a5f7dad2b7138b1187a6b7ee55f160b9968b66013c3a3ef39dd7e5798?s=96&d=mm&r=g","url":"https:\/\/secure.gravatar.com\/avatar\/3ea2118a5f7dad2b7138b1187a6b7ee55f160b9968b66013c3a3ef39dd7e5798?s=96&d=mm&r=g","contentUrl":"https:\/\/secure.gravatar.com\/avatar\/3ea2118a5f7dad2b7138b1187a6b7ee55f160b9968b66013c3a3ef39dd7e5798?s=96&d=mm&r=g","caption":"Jeanette"},"sameAs":["https:\/\/www.eldiario.net\/portal"],"url":"https:\/\/www.eldiario.net\/portal\/author\/jeanette\/"}]}},"_links":{"self":[{"href":"https:\/\/www.eldiario.net\/portal\/wp-json\/wp\/v2\/posts\/25603","targetHints":{"allow":["GET"]}}],"collection":[{"href":"https:\/\/www.eldiario.net\/portal\/wp-json\/wp\/v2\/posts"}],"about":[{"href":"https:\/\/www.eldiario.net\/portal\/wp-json\/wp\/v2\/types\/post"}],"author":[{"embeddable":true,"href":"https:\/\/www.eldiario.net\/portal\/wp-json\/wp\/v2\/users\/1"}],"replies":[{"embeddable":true,"href":"https:\/\/www.eldiario.net\/portal\/wp-json\/wp\/v2\/comments?post=25603"}],"version-history":[{"count":0,"href":"https:\/\/www.eldiario.net\/portal\/wp-json\/wp\/v2\/posts\/25603\/revisions"}],"wp:attachment":[{"href":"https:\/\/www.eldiario.net\/portal\/wp-json\/wp\/v2\/media?parent=25603"}],"wp:term":[{"taxonomy":"category","embeddable":true,"href":"https:\/\/www.eldiario.net\/portal\/wp-json\/wp\/v2\/categories?post=25603"},{"taxonomy":"post_tag","embeddable":true,"href":"https:\/\/www.eldiario.net\/portal\/wp-json\/wp\/v2\/tags?post=25603"}],"curies":[{"name":"wp","href":"https:\/\/api.w.org\/{rel}","templated":true}]}}