{"id":25595,"date":"2021-08-25T06:48:42","date_gmt":"2021-08-25T10:48:42","guid":{"rendered":"https:\/\/www.eldiario.net\/portal\/?p=25595"},"modified":"2021-08-25T06:48:42","modified_gmt":"2021-08-25T10:48:42","slug":"acusar-a-jeanine-anez-por-genocidio-es-un-disparate","status":"publish","type":"post","link":"https:\/\/www.eldiario.net\/portal\/2021\/08\/25\/acusar-a-jeanine-anez-por-genocidio-es-un-disparate\/","title":{"rendered":"Acusar a Jeanine A\u00f1ez por  genocidio es un \u201cdisparate\u201d"},"content":{"rendered":"<p>Despu\u00e9s que la Fiscal\u00eda presentara su proposici\u00f3n acusatoria contra la expresidenta Jeanine A\u00f1ez por genocidio, abogados aseguraron que el extremo era \u201cdescabellado y de dif\u00edcil comprobaci\u00f3n\u201d, a esto se sum\u00f3 el director ejecutivo de Human Rights Watch (HRW), Jos\u00e9 Miguel Vivanco, que calific\u00f3 de un \u201cdisparate\u201d la solicitud.<br \/>\nEl pasado 20 de agosto, el fiscal general, Juan Lanchipa, inform\u00f3 que present\u00f3 ante el Tribunal Supremo de Justicia (TSJ) un requerimiento acusatorio en contra de A\u00f1ez para que sea remitido a la Asamblea Legislativa y esta instancia autorice un juicio de responsabilidades por los 20 muertos y heridos en Sacaba (Cochabamba) y Senkata (El Alto) en noviembre de 2019.<br \/>\n\u201cEl Ministerio P\u00fablico present\u00f3 el d\u00eda de hoy (viernes), ante el Tribunal Supremo de Justicia un requerimiento acusatorio contra la ciudadana Jeanine A\u00f1ez, por tales hechos, calificados provisionalmente como genocidio, lesiones graves y leves y lesi\u00f3n seguida de muerte\u201d, dijo Lanchipa.<br \/>\nA trav\u00e9s de su cuenta de Twitter, Vivanco escribi\u00f3 ayer: \u201cEl #GIEIBolivia ha aportado pruebas s\u00f3lidas de la participaci\u00f3n de fuerzas de seguridad en dos horrorosas masacres. Pero acusar a @JeanineAnez de \u2018genocidio\u2019 es un disparate. Estos cargos desproporcionados dificultan la justicia imparcial para las v\u00edctimas\u201d.<br \/>\nMASACRES, NO GENOCIDIO<br \/>\nEl abogado y exalcalde de La Paz, Juan del Granado, lament\u00f3 que Lanchipa \u201cno haya le\u00eddo\u201d con detenimiento el informe del Grupo Interdisciplinario de Expertos Internacionales (GIEI), donde se habla de masacres empero no de delitos de lesa humanidad ni genocidio, \u201cuna figura compleja que tiene que ver con la intenci\u00f3n de hacer desaparecer a un grupo pol\u00edtico\u201d.<br \/>\n\u201cParece que el fiscal no ha le\u00eddo detenidamente, con seriedad, el informe del Grupo de Expertos porque en ese informe no han considerado el delito de genocidio o delitos de lesa humanidad, por lo que el fiscal no podr\u00eda basarse en el informe como dice que lo est\u00e1 haciendo\u201d, manifest\u00f3 en contacto con EL DIARIO.<br \/>\nApunt\u00f3 que el delito por el que acusa a la expresidenta es de dif\u00edcil comprobaci\u00f3n y est\u00e1 alejado de la realidad que se vivi\u00f3 en 2019.<br \/>\n\u201cEn mi criterio est\u00e1 completamente alejado de los hechos muy dolorosos que se produjeron el a\u00f1o 2019, s\u00ed se dio la muerte de 37 conciudadanos, se dieron las masacres de Sacaba y Senkata pero el genocidio como forma delictiva para hacer desaparecer a un grupo humano, \u00e9tnico, no parece tener sustento\u201d, apunt\u00f3.<br \/>\nEn ese marco, aclar\u00f3 que debe haber un juicio de responsabilidades por los hechos que ocurrieron los \u00faltimos d\u00edas de gobierno de Evo Morales y los primeros d\u00edas de Jeanine A\u00f1ez.<br \/>\n\u201cAmbos gobiernos son responsables de muertes por lo tanto deben ser sometidos a juicios de responsabilidades pero al mismo tiempo deben establecerse los derechos y garant\u00edas constitucionales jurisdiccionales, el debidos proceso, la presunci\u00f3n de inocencia, el derecho a la defensa, garant\u00edas que son desconocidos por el Fiscal General, en el caso de A\u00f1ez\u201d, apunt\u00f3.<\/p>\n<p>GOLPE POR GENOCIDIO<br \/>\nEl coronel en servicio pasivo y abogado Jorge Santistevan manifest\u00f3 a EL DIARIO que el t\u00e9rmino \u201cgolpe de Estado\u201d ser\u00e1 gradualmente sobrepuesto por el delito de genocidio y se procesar\u00e1 a todos los \u201cpitas que vean como amenaza al gobierno\u201d.<br \/>\n\u201cLa persecuci\u00f3n pol\u00edtica por los delitos de sedici\u00f3n, terrorismo, conspiraci\u00f3n pasa al genocidio, el t\u00e9rmino m\u00e1s t\u00f3xico que vulnera los derechos fundamentales de aquellos que no pueden defenderse porque la justicia est\u00e1 totalmente cooptada por ellos (Gobierno). El genocidio describe masacre y horror, que no significa asignar un valor mayor a unas v\u00edctimas o a otras; el t\u00e9rmino genocidio intenta nombrar as\u00ed a cr\u00edmenes sin nombre\u201d, explic\u00f3.<br \/>\nEl jurista manifest\u00f3 que para sostener este juicio de responsabilidades, el Ministerio P\u00fablico deber\u00e1 demostrar que la exmandataria tuvo una intencionalidad genocida.<br \/>\n\u201c\u00bfCu\u00e1l grupo nacional o \u00e9tnico quer\u00eda exterminar el gobierno de Jeanine A\u00f1ez? \u00bfA\u00f1ez ten\u00eda un plan nacional que buscaba exterminar a un grupo \u00e9tnico, social o pol\u00edtico?, cuestion\u00f3.<br \/>\nEn ese marco, dijo que a A\u00f1ez se le tiene que probar la intenci\u00f3n de hacer una limpieza \u00e9tnica o pol\u00edtica, evaluando previamente que en las calles hab\u00eda grupos sociales que se enfrentaron, y los que estaban de lado del gobierno de Evo Morales estaban armados no solamente con bombas molotov sino con armas de fuego, explosivos y dinamitas.<br \/>\n\u201cEl gobierno de Evo Morales a trav\u00e9s de una serie de actividades secuenciales de represi\u00f3n, incurri\u00f3 en actos de terrorismo con las amenazas a comandantes militares que despu\u00e9s las cumpli\u00f3 con su jefe operativo \u2013C\u00e9sar Cocarico\u2013 adem\u00e1s de ejecutar persecuci\u00f3n pol\u00edtica y judicial sistem\u00e1tica, atribuyendo delitos injustos a c\u00edvicos, activistas y militares. \u201d, dijo.<\/p>\n<p>INFORME LAPIDARIO<br \/>\nEn criterio de Del Granado, el informe del GIEI es lapidario con el comportamiento y la conducta de todos los del Ministerio P\u00fablico por la falta absoluta de cumplimiento de la ley y la Constituci\u00f3n por parte de Lanchipa.<br \/>\nApunt\u00f3 que lo m\u00e1s razonable es que antes de seguir en esta acci\u00f3n acusatoria, Lanchipa de un paso al costado y como sugiere el GIEI realizar una reestructuraci\u00f3n integral del Ministerio P\u00fablico y a partir de ello una reforma de la justicia.<br \/>\n\u201cEl Ministerio P\u00fablico ha tenido un comportamiento negligente, violatorio de los Derechos Humanos, absolutamente abusivo de las garant\u00edas constitucionales, todo eso est\u00e1 en el informe del GIEI que hace referencia a la falta de pericia profesional en las investigaciones, etc.\u201d, dijo.<\/p>\n\n","protected":false},"excerpt":{"rendered":"<p>Despu\u00e9s que la Fiscal\u00eda presentara su proposici\u00f3n acusatoria contra la expresidenta Jeanine A\u00f1ez por genocidio, abogados aseguraron que el extremo era \u201cdescabellado y de dif\u00edcil comprobaci\u00f3n\u201d, a esto se sum\u00f3 el director ejecutivo de Human Rights Watch (HRW), Jos\u00e9 Miguel Vivanco, que calific\u00f3 de un \u201cdisparate\u201d la solicitud. El pasado 20 de agosto, el fiscal [&hellip;]<\/p>\n","protected":false},"author":1,"featured_media":25596,"comment_status":"closed","ping_status":"closed","sticky":false,"template":"","format":"standard","meta":{"_acf_changed":false,"footnotes":""},"categories":[39],"tags":[],"class_list":["post-25595","post","type-post","status-publish","format-standard","has-post-thumbnail","category-sociedad"],"acf":{"antetitulo":""},"yoast_head":"<!-- This site is optimized with the Yoast SEO plugin v28.4 - https:\/\/yoast.com\/product\/yoast-seo-wordpress\/ -->\n<title>Acusar a Jeanine A\u00f1ez por genocidio es un \u201cdisparate\u201d - El Diario - Bolivia<\/title>\n<meta name=\"robots\" content=\"index, follow, max-snippet:-1, max-image-preview:large, max-video-preview:-1\" \/>\n<link rel=\"canonical\" href=\"https:\/\/www.eldiario.net\/portal\/2021\/08\/25\/acusar-a-jeanine-anez-por-genocidio-es-un-disparate\/\" \/>\n<meta property=\"og:locale\" content=\"es_ES\" \/>\n<meta property=\"og:type\" content=\"article\" \/>\n<meta property=\"og:title\" content=\"Acusar a Jeanine A\u00f1ez por genocidio es un \u201cdisparate\u201d - El Diario - Bolivia\" \/>\n<meta property=\"og:description\" content=\"Despu\u00e9s que la Fiscal\u00eda presentara su proposici\u00f3n acusatoria contra la expresidenta Jeanine A\u00f1ez por genocidio, abogados aseguraron que el extremo era \u201cdescabellado y de dif\u00edcil comprobaci\u00f3n\u201d, a esto se sum\u00f3 el director ejecutivo de Human Rights Watch (HRW), Jos\u00e9 Miguel Vivanco, que calific\u00f3 de un \u201cdisparate\u201d la solicitud. El pasado 20 de agosto, el fiscal [&hellip;]\" \/>\n<meta property=\"og:url\" content=\"https:\/\/www.eldiario.net\/portal\/2021\/08\/25\/acusar-a-jeanine-anez-por-genocidio-es-un-disparate\/\" \/>\n<meta property=\"og:site_name\" content=\"El Diario - Bolivia\" \/>\n<meta property=\"article:publisher\" content=\"https:\/\/www.facebook.com\/eldiario.bolivia\/\" \/>\n<meta property=\"article:published_time\" content=\"2021-08-25T10:48:42+00:00\" \/>\n<meta property=\"og:image\" content=\"https:\/\/www.eldiario.net\/portal\/wp-content\/uploads\/2021\/08\/conflicto.jpg\" \/>\n\t<meta property=\"og:image:width\" content=\"1280\" \/>\n\t<meta property=\"og:image:height\" content=\"853\" \/>\n\t<meta property=\"og:image:type\" content=\"image\/jpeg\" \/>\n<meta name=\"author\" content=\"Jeanette\" \/>\n<meta name=\"twitter:card\" content=\"summary_large_image\" \/>\n<meta name=\"twitter:creator\" content=\"@eldiario_net\" \/>\n<meta name=\"twitter:site\" content=\"@eldiario_net\" \/>\n<meta name=\"twitter:label1\" content=\"Escrito por\" \/>\n\t<meta name=\"twitter:data1\" content=\"Jeanette\" \/>\n\t<meta name=\"twitter:label2\" content=\"Tiempo de lectura\" \/>\n\t<meta name=\"twitter:data2\" content=\"4 minutos\" \/>\n<script type=\"application\/ld+json\" class=\"yoast-schema-graph\">{\"@context\":\"https:\\\/\\\/schema.org\",\"@graph\":[{\"@type\":\"Article\",\"@id\":\"https:\\\/\\\/www.eldiario.net\\\/portal\\\/2021\\\/08\\\/25\\\/acusar-a-jeanine-anez-por-genocidio-es-un-disparate\\\/#article\",\"isPartOf\":{\"@id\":\"https:\\\/\\\/www.eldiario.net\\\/portal\\\/2021\\\/08\\\/25\\\/acusar-a-jeanine-anez-por-genocidio-es-un-disparate\\\/\"},\"author\":{\"name\":\"Jeanette\",\"@id\":\"https:\\\/\\\/www.eldiario.net\\\/portal\\\/#\\\/schema\\\/person\\\/2c57cf2b7a7ae032e449e4c9b1019eac\"},\"headline\":\"Acusar a Jeanine A\u00f1ez por genocidio es un \u201cdisparate\u201d\",\"datePublished\":\"2021-08-25T10:48:42+00:00\",\"mainEntityOfPage\":{\"@id\":\"https:\\\/\\\/www.eldiario.net\\\/portal\\\/2021\\\/08\\\/25\\\/acusar-a-jeanine-anez-por-genocidio-es-un-disparate\\\/\"},\"wordCount\":947,\"publisher\":{\"@id\":\"https:\\\/\\\/www.eldiario.net\\\/portal\\\/#organization\"},\"image\":{\"@id\":\"https:\\\/\\\/www.eldiario.net\\\/portal\\\/2021\\\/08\\\/25\\\/acusar-a-jeanine-anez-por-genocidio-es-un-disparate\\\/#primaryimage\"},\"thumbnailUrl\":\"https:\\\/\\\/www.eldiario.net\\\/portal\\\/wp-content\\\/uploads\\\/2021\\\/08\\\/conflicto.jpg\",\"articleSection\":[\"Sociedad - Seguridad\"],\"inLanguage\":\"es\"},{\"@type\":\"WebPage\",\"@id\":\"https:\\\/\\\/www.eldiario.net\\\/portal\\\/2021\\\/08\\\/25\\\/acusar-a-jeanine-anez-por-genocidio-es-un-disparate\\\/\",\"url\":\"https:\\\/\\\/www.eldiario.net\\\/portal\\\/2021\\\/08\\\/25\\\/acusar-a-jeanine-anez-por-genocidio-es-un-disparate\\\/\",\"name\":\"Acusar a Jeanine A\u00f1ez por genocidio es un \u201cdisparate\u201d - El Diario - Bolivia\",\"isPartOf\":{\"@id\":\"https:\\\/\\\/www.eldiario.net\\\/portal\\\/#website\"},\"primaryImageOfPage\":{\"@id\":\"https:\\\/\\\/www.eldiario.net\\\/portal\\\/2021\\\/08\\\/25\\\/acusar-a-jeanine-anez-por-genocidio-es-un-disparate\\\/#primaryimage\"},\"image\":{\"@id\":\"https:\\\/\\\/www.eldiario.net\\\/portal\\\/2021\\\/08\\\/25\\\/acusar-a-jeanine-anez-por-genocidio-es-un-disparate\\\/#primaryimage\"},\"thumbnailUrl\":\"https:\\\/\\\/www.eldiario.net\\\/portal\\\/wp-content\\\/uploads\\\/2021\\\/08\\\/conflicto.jpg\",\"datePublished\":\"2021-08-25T10:48:42+00:00\",\"breadcrumb\":{\"@id\":\"https:\\\/\\\/www.eldiario.net\\\/portal\\\/2021\\\/08\\\/25\\\/acusar-a-jeanine-anez-por-genocidio-es-un-disparate\\\/#breadcrumb\"},\"inLanguage\":\"es\",\"potentialAction\":[{\"@type\":\"ReadAction\",\"target\":[\"https:\\\/\\\/www.eldiario.net\\\/portal\\\/2021\\\/08\\\/25\\\/acusar-a-jeanine-anez-por-genocidio-es-un-disparate\\\/\"]}]},{\"@type\":\"ImageObject\",\"inLanguage\":\"es\",\"@id\":\"https:\\\/\\\/www.eldiario.net\\\/portal\\\/2021\\\/08\\\/25\\\/acusar-a-jeanine-anez-por-genocidio-es-un-disparate\\\/#primaryimage\",\"url\":\"https:\\\/\\\/www.eldiario.net\\\/portal\\\/wp-content\\\/uploads\\\/2021\\\/08\\\/conflicto.jpg\",\"contentUrl\":\"https:\\\/\\\/www.eldiario.net\\\/portal\\\/wp-content\\\/uploads\\\/2021\\\/08\\\/conflicto.jpg\",\"width\":1280,\"height\":853,\"caption\":\"IM\u00c1GENES DEL CONFLICTO REALIZADO EN LA ZONA DE SENKATA DE EL ALTO, EL 11 DE NOVIEMBRE DE 2019.\"},{\"@type\":\"BreadcrumbList\",\"@id\":\"https:\\\/\\\/www.eldiario.net\\\/portal\\\/2021\\\/08\\\/25\\\/acusar-a-jeanine-anez-por-genocidio-es-un-disparate\\\/#breadcrumb\",\"itemListElement\":[{\"@type\":\"ListItem\",\"position\":1,\"name\":\"Portada\",\"item\":\"https:\\\/\\\/www.eldiario.net\\\/portal\\\/\"},{\"@type\":\"ListItem\",\"position\":2,\"name\":\"Acusar a Jeanine A\u00f1ez por genocidio es un \u201cdisparate\u201d\"}]},{\"@type\":\"WebSite\",\"@id\":\"https:\\\/\\\/www.eldiario.net\\\/portal\\\/#website\",\"url\":\"https:\\\/\\\/www.eldiario.net\\\/portal\\\/\",\"name\":\"El Diario - Decano de la prensa nacional\",\"description\":\"El Diario - Decano de la prensa nacional\",\"publisher\":{\"@id\":\"https:\\\/\\\/www.eldiario.net\\\/portal\\\/#organization\"},\"potentialAction\":[{\"@type\":\"SearchAction\",\"target\":{\"@type\":\"EntryPoint\",\"urlTemplate\":\"https:\\\/\\\/www.eldiario.net\\\/portal\\\/?s={search_term_string}\"},\"query-input\":{\"@type\":\"PropertyValueSpecification\",\"valueRequired\":true,\"valueName\":\"search_term_string\"}}],\"inLanguage\":\"es\"},{\"@type\":\"Organization\",\"@id\":\"https:\\\/\\\/www.eldiario.net\\\/portal\\\/#organization\",\"name\":\"El Diario - Decano de la prensa nacional\",\"url\":\"https:\\\/\\\/www.eldiario.net\\\/portal\\\/\",\"logo\":{\"@type\":\"ImageObject\",\"inLanguage\":\"es\",\"@id\":\"https:\\\/\\\/www.eldiario.net\\\/portal\\\/#\\\/schema\\\/logo\\\/image\\\/\",\"url\":\"https:\\\/\\\/www.eldiario.net\\\/portal\\\/wp-content\\\/uploads\\\/2023\\\/07\\\/logo_ED.jpg\",\"contentUrl\":\"https:\\\/\\\/www.eldiario.net\\\/portal\\\/wp-content\\\/uploads\\\/2023\\\/07\\\/logo_ED.jpg\",\"width\":272,\"height\":52,\"caption\":\"El Diario - Decano de la prensa nacional\"},\"image\":{\"@id\":\"https:\\\/\\\/www.eldiario.net\\\/portal\\\/#\\\/schema\\\/logo\\\/image\\\/\"},\"sameAs\":[\"https:\\\/\\\/www.facebook.com\\\/eldiario.bolivia\\\/\",\"https:\\\/\\\/x.com\\\/eldiario_net\"]},{\"@type\":\"Person\",\"@id\":\"https:\\\/\\\/www.eldiario.net\\\/portal\\\/#\\\/schema\\\/person\\\/2c57cf2b7a7ae032e449e4c9b1019eac\",\"name\":\"Jeanette\",\"image\":{\"@type\":\"ImageObject\",\"inLanguage\":\"es\",\"@id\":\"https:\\\/\\\/secure.gravatar.com\\\/avatar\\\/3ea2118a5f7dad2b7138b1187a6b7ee55f160b9968b66013c3a3ef39dd7e5798?s=96&d=mm&r=g\",\"url\":\"https:\\\/\\\/secure.gravatar.com\\\/avatar\\\/3ea2118a5f7dad2b7138b1187a6b7ee55f160b9968b66013c3a3ef39dd7e5798?s=96&d=mm&r=g\",\"contentUrl\":\"https:\\\/\\\/secure.gravatar.com\\\/avatar\\\/3ea2118a5f7dad2b7138b1187a6b7ee55f160b9968b66013c3a3ef39dd7e5798?s=96&d=mm&r=g\",\"caption\":\"Jeanette\"},\"sameAs\":[\"https:\\\/\\\/www.eldiario.net\\\/portal\"],\"url\":\"https:\\\/\\\/www.eldiario.net\\\/portal\\\/author\\\/jeanette\\\/\"}]}<\/script>\n<!-- \/ Yoast SEO plugin. -->","yoast_head_json":{"title":"Acusar a Jeanine A\u00f1ez por genocidio es un \u201cdisparate\u201d - El Diario - Bolivia","robots":{"index":"index","follow":"follow","max-snippet":"max-snippet:-1","max-image-preview":"max-image-preview:large","max-video-preview":"max-video-preview:-1"},"canonical":"https:\/\/www.eldiario.net\/portal\/2021\/08\/25\/acusar-a-jeanine-anez-por-genocidio-es-un-disparate\/","og_locale":"es_ES","og_type":"article","og_title":"Acusar a Jeanine A\u00f1ez por genocidio es un \u201cdisparate\u201d - El Diario - Bolivia","og_description":"Despu\u00e9s que la Fiscal\u00eda presentara su proposici\u00f3n acusatoria contra la expresidenta Jeanine A\u00f1ez por genocidio, abogados aseguraron que el extremo era \u201cdescabellado y de dif\u00edcil comprobaci\u00f3n\u201d, a esto se sum\u00f3 el director ejecutivo de Human Rights Watch (HRW), Jos\u00e9 Miguel Vivanco, que calific\u00f3 de un \u201cdisparate\u201d la solicitud. El pasado 20 de agosto, el fiscal [&hellip;]","og_url":"https:\/\/www.eldiario.net\/portal\/2021\/08\/25\/acusar-a-jeanine-anez-por-genocidio-es-un-disparate\/","og_site_name":"El Diario - Bolivia","article_publisher":"https:\/\/www.facebook.com\/eldiario.bolivia\/","article_published_time":"2021-08-25T10:48:42+00:00","og_image":[{"width":1280,"height":853,"url":"https:\/\/www.eldiario.net\/portal\/wp-content\/uploads\/2021\/08\/conflicto.jpg","type":"image\/jpeg"}],"author":"Jeanette","twitter_card":"summary_large_image","twitter_creator":"@eldiario_net","twitter_site":"@eldiario_net","twitter_misc":{"Escrito por":"Jeanette","Tiempo de lectura":"4 minutos"},"schema":{"@context":"https:\/\/schema.org","@graph":[{"@type":"Article","@id":"https:\/\/www.eldiario.net\/portal\/2021\/08\/25\/acusar-a-jeanine-anez-por-genocidio-es-un-disparate\/#article","isPartOf":{"@id":"https:\/\/www.eldiario.net\/portal\/2021\/08\/25\/acusar-a-jeanine-anez-por-genocidio-es-un-disparate\/"},"author":{"name":"Jeanette","@id":"https:\/\/www.eldiario.net\/portal\/#\/schema\/person\/2c57cf2b7a7ae032e449e4c9b1019eac"},"headline":"Acusar a Jeanine A\u00f1ez por genocidio es un \u201cdisparate\u201d","datePublished":"2021-08-25T10:48:42+00:00","mainEntityOfPage":{"@id":"https:\/\/www.eldiario.net\/portal\/2021\/08\/25\/acusar-a-jeanine-anez-por-genocidio-es-un-disparate\/"},"wordCount":947,"publisher":{"@id":"https:\/\/www.eldiario.net\/portal\/#organization"},"image":{"@id":"https:\/\/www.eldiario.net\/portal\/2021\/08\/25\/acusar-a-jeanine-anez-por-genocidio-es-un-disparate\/#primaryimage"},"thumbnailUrl":"https:\/\/www.eldiario.net\/portal\/wp-content\/uploads\/2021\/08\/conflicto.jpg","articleSection":["Sociedad - Seguridad"],"inLanguage":"es"},{"@type":"WebPage","@id":"https:\/\/www.eldiario.net\/portal\/2021\/08\/25\/acusar-a-jeanine-anez-por-genocidio-es-un-disparate\/","url":"https:\/\/www.eldiario.net\/portal\/2021\/08\/25\/acusar-a-jeanine-anez-por-genocidio-es-un-disparate\/","name":"Acusar a Jeanine A\u00f1ez por genocidio es un \u201cdisparate\u201d - El Diario - Bolivia","isPartOf":{"@id":"https:\/\/www.eldiario.net\/portal\/#website"},"primaryImageOfPage":{"@id":"https:\/\/www.eldiario.net\/portal\/2021\/08\/25\/acusar-a-jeanine-anez-por-genocidio-es-un-disparate\/#primaryimage"},"image":{"@id":"https:\/\/www.eldiario.net\/portal\/2021\/08\/25\/acusar-a-jeanine-anez-por-genocidio-es-un-disparate\/#primaryimage"},"thumbnailUrl":"https:\/\/www.eldiario.net\/portal\/wp-content\/uploads\/2021\/08\/conflicto.jpg","datePublished":"2021-08-25T10:48:42+00:00","breadcrumb":{"@id":"https:\/\/www.eldiario.net\/portal\/2021\/08\/25\/acusar-a-jeanine-anez-por-genocidio-es-un-disparate\/#breadcrumb"},"inLanguage":"es","potentialAction":[{"@type":"ReadAction","target":["https:\/\/www.eldiario.net\/portal\/2021\/08\/25\/acusar-a-jeanine-anez-por-genocidio-es-un-disparate\/"]}]},{"@type":"ImageObject","inLanguage":"es","@id":"https:\/\/www.eldiario.net\/portal\/2021\/08\/25\/acusar-a-jeanine-anez-por-genocidio-es-un-disparate\/#primaryimage","url":"https:\/\/www.eldiario.net\/portal\/wp-content\/uploads\/2021\/08\/conflicto.jpg","contentUrl":"https:\/\/www.eldiario.net\/portal\/wp-content\/uploads\/2021\/08\/conflicto.jpg","width":1280,"height":853,"caption":"IM\u00c1GENES DEL CONFLICTO REALIZADO EN LA ZONA DE SENKATA DE EL ALTO, EL 11 DE NOVIEMBRE DE 2019."},{"@type":"BreadcrumbList","@id":"https:\/\/www.eldiario.net\/portal\/2021\/08\/25\/acusar-a-jeanine-anez-por-genocidio-es-un-disparate\/#breadcrumb","itemListElement":[{"@type":"ListItem","position":1,"name":"Portada","item":"https:\/\/www.eldiario.net\/portal\/"},{"@type":"ListItem","position":2,"name":"Acusar a Jeanine A\u00f1ez por genocidio es un \u201cdisparate\u201d"}]},{"@type":"WebSite","@id":"https:\/\/www.eldiario.net\/portal\/#website","url":"https:\/\/www.eldiario.net\/portal\/","name":"El Diario - Decano de la prensa nacional","description":"El Diario - Decano de la prensa nacional","publisher":{"@id":"https:\/\/www.eldiario.net\/portal\/#organization"},"potentialAction":[{"@type":"SearchAction","target":{"@type":"EntryPoint","urlTemplate":"https:\/\/www.eldiario.net\/portal\/?s={search_term_string}"},"query-input":{"@type":"PropertyValueSpecification","valueRequired":true,"valueName":"search_term_string"}}],"inLanguage":"es"},{"@type":"Organization","@id":"https:\/\/www.eldiario.net\/portal\/#organization","name":"El Diario - Decano de la prensa nacional","url":"https:\/\/www.eldiario.net\/portal\/","logo":{"@type":"ImageObject","inLanguage":"es","@id":"https:\/\/www.eldiario.net\/portal\/#\/schema\/logo\/image\/","url":"https:\/\/www.eldiario.net\/portal\/wp-content\/uploads\/2023\/07\/logo_ED.jpg","contentUrl":"https:\/\/www.eldiario.net\/portal\/wp-content\/uploads\/2023\/07\/logo_ED.jpg","width":272,"height":52,"caption":"El Diario - Decano de la prensa nacional"},"image":{"@id":"https:\/\/www.eldiario.net\/portal\/#\/schema\/logo\/image\/"},"sameAs":["https:\/\/www.facebook.com\/eldiario.bolivia\/","https:\/\/x.com\/eldiario_net"]},{"@type":"Person","@id":"https:\/\/www.eldiario.net\/portal\/#\/schema\/person\/2c57cf2b7a7ae032e449e4c9b1019eac","name":"Jeanette","image":{"@type":"ImageObject","inLanguage":"es","@id":"https:\/\/secure.gravatar.com\/avatar\/3ea2118a5f7dad2b7138b1187a6b7ee55f160b9968b66013c3a3ef39dd7e5798?s=96&d=mm&r=g","url":"https:\/\/secure.gravatar.com\/avatar\/3ea2118a5f7dad2b7138b1187a6b7ee55f160b9968b66013c3a3ef39dd7e5798?s=96&d=mm&r=g","contentUrl":"https:\/\/secure.gravatar.com\/avatar\/3ea2118a5f7dad2b7138b1187a6b7ee55f160b9968b66013c3a3ef39dd7e5798?s=96&d=mm&r=g","caption":"Jeanette"},"sameAs":["https:\/\/www.eldiario.net\/portal"],"url":"https:\/\/www.eldiario.net\/portal\/author\/jeanette\/"}]}},"_links":{"self":[{"href":"https:\/\/www.eldiario.net\/portal\/wp-json\/wp\/v2\/posts\/25595","targetHints":{"allow":["GET"]}}],"collection":[{"href":"https:\/\/www.eldiario.net\/portal\/wp-json\/wp\/v2\/posts"}],"about":[{"href":"https:\/\/www.eldiario.net\/portal\/wp-json\/wp\/v2\/types\/post"}],"author":[{"embeddable":true,"href":"https:\/\/www.eldiario.net\/portal\/wp-json\/wp\/v2\/users\/1"}],"replies":[{"embeddable":true,"href":"https:\/\/www.eldiario.net\/portal\/wp-json\/wp\/v2\/comments?post=25595"}],"version-history":[{"count":0,"href":"https:\/\/www.eldiario.net\/portal\/wp-json\/wp\/v2\/posts\/25595\/revisions"}],"wp:featuredmedia":[{"embeddable":true,"href":"https:\/\/www.eldiario.net\/portal\/wp-json\/wp\/v2\/media\/25596"}],"wp:attachment":[{"href":"https:\/\/www.eldiario.net\/portal\/wp-json\/wp\/v2\/media?parent=25595"}],"wp:term":[{"taxonomy":"category","embeddable":true,"href":"https:\/\/www.eldiario.net\/portal\/wp-json\/wp\/v2\/categories?post=25595"},{"taxonomy":"post_tag","embeddable":true,"href":"https:\/\/www.eldiario.net\/portal\/wp-json\/wp\/v2\/tags?post=25595"}],"curies":[{"name":"wp","href":"https:\/\/api.w.org\/{rel}","templated":true}]}}