{"id":25592,"date":"2021-08-25T06:46:31","date_gmt":"2021-08-25T10:46:31","guid":{"rendered":"https:\/\/www.eldiario.net\/portal\/?p=25592"},"modified":"2021-08-25T06:46:31","modified_gmt":"2021-08-25T10:46:31","slug":"medico-recomienda-atencion-especializada-para-expresidenta","status":"publish","type":"post","link":"https:\/\/www.eldiario.net\/portal\/2021\/08\/25\/medico-recomienda-atencion-especializada-para-expresidenta\/","title":{"rendered":"M\u00e9dico recomienda atenci\u00f3n   especializada para expresidenta"},"content":{"rendered":"<p>De acuerdo con los resultados de la evaluaci\u00f3n psiqui\u00e1trica, donde se revela una depresi\u00f3n profunda, el m\u00e9dico de cabecera de la expresidenta, Fernando Pabel, manifest\u00f3 que Jeanine A\u00f1ez requiere de atenci\u00f3n especializada.<br \/>\n\u201cYo me remito al texto base que manejan los psiquiatras, que contiene diagn\u00f3sticos y tratamientos de pacientes a escala internacional, la misma que dice que una depresi\u00f3n mayor debe ser internado en un centro psiqui\u00e1trico con condiciones adecuadas\u201d, afirm\u00f3 el m\u00e9dico en contacto con Asuntos Centrales.<br \/>\nLos m\u00e9dicos de emergencia cerraron con cuatro puntos una herida en el brazo izquierdo provocada por la expresidenta Jeanine A\u00f1ez que en la madrugada del s\u00e1bado 21 de agosto intent\u00f3 quitarse la vida por un cuadro depresivo agravado por sucesivos rechazos a su pedido de libertad y la amenaza de proceso contra su hija.<br \/>\n\u201cDespu\u00e9s de la junta m\u00e9dica (realizada el pasado jueves), a solicitud del abogado me constitu\u00ed en el penal para evaluarla y ver su estado general. Note que en ese momento ya hab\u00edan sido suturadas sus heridas, estaba estable, pero su estado de \u00e1nimo era realmente malo. Su estado sicol\u00f3gico era totalmente alterado. Solicit\u00e9 una evaluaci\u00f3n con el psiquiatra con el fin de actualizar su evaluaci\u00f3n y trasladarla a un centro psiqui\u00e1trico con las condiciones con el diagn\u00f3stico de depresi\u00f3n mayor\u201d, explic\u00f3.<\/p>\n<p>M\u00c1S EX\u00c1MENES<br \/>\nLa ma\u00f1ana de ayer, la expresidenta fue trasladada al centro de salud Unimed para someterse a ex\u00e1menes m\u00e9dicos complementarios.<br \/>\n\u201cEste es un estudio neurofisiol\u00f3gico; simplemente, se va a ver si los nervios y los m\u00fasculos est\u00e1n funcionando adecuadamente, eso es todo\u201d, detall\u00f3 la doctora M\u00f3nica Molina, a la agencia estatal ABI.<br \/>\nUnas horas antes, a trav\u00e9s de sus redes sociales, familiares de la exdignataria publicaron un mensaje afirmando que la exautoridad se encuentra \u201cangustiada\u201d porque desconoce \u201cqu\u00e9 le van a hacer\u201d.<br \/>\n\u201cJeanine A\u00f1ez est\u00e1 muy d\u00e9bil. Sufre de forma permanente. Cada 10 minutos ingresa alguien a su celda a espiar, a preguntar o no se sabe a qu\u00e9. Vive en alerta, angustiada, sin descanso porque desconoce qu\u00e9 le van a hacer: si sedarla, envenenarla o trasladarla sin rumbo conocido\u201d, consta<br \/>\nLas palabras fueron acompa\u00f1adas de una cita adjudicada a la expresidenta: \u201cYa no quiero vivir. Mis hijos necesitan hacer su vida. Ya no quiero m\u00e1s medicamentos que no s\u00e9 cu\u00e1les son. Pido por favor a mis carceleros que me digan qu\u00e9 estoy tomando\u201d.<br \/>\nLa salud de la expresidenta es tema de debate internacional, tras reiteradas denuncias de su familia y personalidades p\u00fablicas, debido a que la expresidenta es hipertensa y presenta un cuadro de depresi\u00f3n.<br \/>\nEn las \u00faltimas semanas fue trasladada a diferentes centros de salud por orden de R\u00e9gimen Penitenciario para que m\u00e9dicos le realicen ex\u00e1menes. Su familia, sin embargo, denunci\u00f3 que no fue sometida a pruebas rigurosas y que ese ritmo de traslados afecta su salud.<\/p>\n<p>\u201cCONTRAINDICADO\u201d<br \/>\nPor otro lado, un psiquiatra que particip\u00f3 de la junta m\u00e9dica, manifest\u00f3 que el f\u00e1rmaco que era administrado en el Centro de Orientaci\u00f3n Femenina de Miraflores a la expresidenta Jeanine A\u00f1ez para tratar su cuadro de ansiedad, era \u201ccontraindicado\u201d, informaron el pasado lunes los abogados que patrocinan a la exmandataria.<br \/>\nAlain Canedo, uno de los abogados que patrocina a la exdignataria, confirm\u00f3 que en la reuni\u00f3n que se realiz\u00f3 el pasado jueves entre m\u00e9dicos, psiquiatras y personal de R\u00e9gimen Penitenciario, hubo voces que cuestionaron la medicaci\u00f3n recetada a su cliente.<br \/>\n\u201cElla tiene un mal del coraz\u00f3n en un ventr\u00edculo, una falla en el ventr\u00edculo izquierdo. Pero lo que m\u00e1s nos llam\u00f3 la atenci\u00f3n fue que habl\u00f3 un psiquiatra del Estado, se\u00f1alando que b\u00e1sicamente la receta de medicamentos era contraindicada respecto al Alprazolam. Es contraindicado en su tratamiento, puesto que esto le producir\u00eda s\u00edndrome de p\u00e1nico\u201d, manifest\u00f3.<br \/>\nEn la \u00faltima audiencia de acci\u00f3n de libertad que se cumpli\u00f3 de manera virtual, el pasado jueves, A\u00f1ez implor\u00f3 por una detenci\u00f3n domiciliaria y denunci\u00f3 que su estado de salud, tensi\u00f3n y depresi\u00f3n estaba al l\u00edmite.<\/p>\n","protected":false},"excerpt":{"rendered":"<p>De acuerdo con los resultados de la evaluaci\u00f3n psiqui\u00e1trica, donde se revela una depresi\u00f3n profunda, el m\u00e9dico de cabecera de la expresidenta, Fernando Pabel, manifest\u00f3 que Jeanine A\u00f1ez requiere de atenci\u00f3n especializada. \u201cYo me remito al texto base que manejan los psiquiatras, que contiene diagn\u00f3sticos y tratamientos de pacientes a escala internacional, la misma que [&hellip;]<\/p>\n","protected":false},"author":1,"featured_media":25593,"comment_status":"closed","ping_status":"closed","sticky":false,"template":"","format":"standard","meta":{"_acf_changed":false,"footnotes":""},"categories":[39],"tags":[],"class_list":["post-25592","post","type-post","status-publish","format-standard","has-post-thumbnail","category-sociedad"],"acf":{"antetitulo":""},"yoast_head":"<!-- This site is optimized with the Yoast SEO plugin v28.4 - https:\/\/yoast.com\/product\/yoast-seo-wordpress\/ -->\n<title>M\u00e9dico recomienda atenci\u00f3n  especializada para expresidenta - El Diario - Bolivia<\/title>\n<meta name=\"robots\" content=\"index, follow, max-snippet:-1, max-image-preview:large, max-video-preview:-1\" \/>\n<link rel=\"canonical\" href=\"https:\/\/www.eldiario.net\/portal\/2021\/08\/25\/medico-recomienda-atencion-especializada-para-expresidenta\/\" \/>\n<meta property=\"og:locale\" content=\"es_ES\" \/>\n<meta property=\"og:type\" content=\"article\" \/>\n<meta property=\"og:title\" content=\"M\u00e9dico recomienda atenci\u00f3n  especializada para expresidenta - El Diario - Bolivia\" \/>\n<meta property=\"og:description\" content=\"De acuerdo con los resultados de la evaluaci\u00f3n psiqui\u00e1trica, donde se revela una depresi\u00f3n profunda, el m\u00e9dico de cabecera de la expresidenta, Fernando Pabel, manifest\u00f3 que Jeanine A\u00f1ez requiere de atenci\u00f3n especializada. \u201cYo me remito al texto base que manejan los psiquiatras, que contiene diagn\u00f3sticos y tratamientos de pacientes a escala internacional, la misma que [&hellip;]\" \/>\n<meta property=\"og:url\" content=\"https:\/\/www.eldiario.net\/portal\/2021\/08\/25\/medico-recomienda-atencion-especializada-para-expresidenta\/\" \/>\n<meta property=\"og:site_name\" content=\"El Diario - Bolivia\" \/>\n<meta property=\"article:publisher\" content=\"https:\/\/www.facebook.com\/eldiario.bolivia\/\" \/>\n<meta property=\"article:published_time\" content=\"2021-08-25T10:46:31+00:00\" \/>\n<meta name=\"author\" content=\"Jeanette\" \/>\n<meta name=\"twitter:card\" content=\"summary_large_image\" \/>\n<meta name=\"twitter:creator\" content=\"@eldiario_net\" \/>\n<meta name=\"twitter:site\" content=\"@eldiario_net\" \/>\n<meta name=\"twitter:label1\" content=\"Escrito por\" \/>\n\t<meta name=\"twitter:data1\" content=\"Jeanette\" \/>\n\t<meta name=\"twitter:label2\" content=\"Tiempo de lectura\" \/>\n\t<meta name=\"twitter:data2\" content=\"3 minutos\" \/>\n<script type=\"application\/ld+json\" class=\"yoast-schema-graph\">{\"@context\":\"https:\\\/\\\/schema.org\",\"@graph\":[{\"@type\":\"Article\",\"@id\":\"https:\\\/\\\/www.eldiario.net\\\/portal\\\/2021\\\/08\\\/25\\\/medico-recomienda-atencion-especializada-para-expresidenta\\\/#article\",\"isPartOf\":{\"@id\":\"https:\\\/\\\/www.eldiario.net\\\/portal\\\/2021\\\/08\\\/25\\\/medico-recomienda-atencion-especializada-para-expresidenta\\\/\"},\"author\":{\"name\":\"Jeanette\",\"@id\":\"https:\\\/\\\/www.eldiario.net\\\/portal\\\/#\\\/schema\\\/person\\\/2c57cf2b7a7ae032e449e4c9b1019eac\"},\"headline\":\"M\u00e9dico recomienda atenci\u00f3n especializada para expresidenta\",\"datePublished\":\"2021-08-25T10:46:31+00:00\",\"mainEntityOfPage\":{\"@id\":\"https:\\\/\\\/www.eldiario.net\\\/portal\\\/2021\\\/08\\\/25\\\/medico-recomienda-atencion-especializada-para-expresidenta\\\/\"},\"wordCount\":718,\"publisher\":{\"@id\":\"https:\\\/\\\/www.eldiario.net\\\/portal\\\/#organization\"},\"image\":{\"@id\":\"https:\\\/\\\/www.eldiario.net\\\/portal\\\/2021\\\/08\\\/25\\\/medico-recomienda-atencion-especializada-para-expresidenta\\\/#primaryimage\"},\"thumbnailUrl\":\"\",\"articleSection\":[\"Sociedad - Seguridad\"],\"inLanguage\":\"es\"},{\"@type\":\"WebPage\",\"@id\":\"https:\\\/\\\/www.eldiario.net\\\/portal\\\/2021\\\/08\\\/25\\\/medico-recomienda-atencion-especializada-para-expresidenta\\\/\",\"url\":\"https:\\\/\\\/www.eldiario.net\\\/portal\\\/2021\\\/08\\\/25\\\/medico-recomienda-atencion-especializada-para-expresidenta\\\/\",\"name\":\"M\u00e9dico recomienda atenci\u00f3n especializada para expresidenta - El Diario - Bolivia\",\"isPartOf\":{\"@id\":\"https:\\\/\\\/www.eldiario.net\\\/portal\\\/#website\"},\"primaryImageOfPage\":{\"@id\":\"https:\\\/\\\/www.eldiario.net\\\/portal\\\/2021\\\/08\\\/25\\\/medico-recomienda-atencion-especializada-para-expresidenta\\\/#primaryimage\"},\"image\":{\"@id\":\"https:\\\/\\\/www.eldiario.net\\\/portal\\\/2021\\\/08\\\/25\\\/medico-recomienda-atencion-especializada-para-expresidenta\\\/#primaryimage\"},\"thumbnailUrl\":\"\",\"datePublished\":\"2021-08-25T10:46:31+00:00\",\"breadcrumb\":{\"@id\":\"https:\\\/\\\/www.eldiario.net\\\/portal\\\/2021\\\/08\\\/25\\\/medico-recomienda-atencion-especializada-para-expresidenta\\\/#breadcrumb\"},\"inLanguage\":\"es\",\"potentialAction\":[{\"@type\":\"ReadAction\",\"target\":[\"https:\\\/\\\/www.eldiario.net\\\/portal\\\/2021\\\/08\\\/25\\\/medico-recomienda-atencion-especializada-para-expresidenta\\\/\"]}]},{\"@type\":\"ImageObject\",\"inLanguage\":\"es\",\"@id\":\"https:\\\/\\\/www.eldiario.net\\\/portal\\\/2021\\\/08\\\/25\\\/medico-recomienda-atencion-especializada-para-expresidenta\\\/#primaryimage\",\"url\":\"\",\"contentUrl\":\"\"},{\"@type\":\"BreadcrumbList\",\"@id\":\"https:\\\/\\\/www.eldiario.net\\\/portal\\\/2021\\\/08\\\/25\\\/medico-recomienda-atencion-especializada-para-expresidenta\\\/#breadcrumb\",\"itemListElement\":[{\"@type\":\"ListItem\",\"position\":1,\"name\":\"Portada\",\"item\":\"https:\\\/\\\/www.eldiario.net\\\/portal\\\/\"},{\"@type\":\"ListItem\",\"position\":2,\"name\":\"M\u00e9dico recomienda atenci\u00f3n especializada para expresidenta\"}]},{\"@type\":\"WebSite\",\"@id\":\"https:\\\/\\\/www.eldiario.net\\\/portal\\\/#website\",\"url\":\"https:\\\/\\\/www.eldiario.net\\\/portal\\\/\",\"name\":\"El Diario - Decano de la prensa nacional\",\"description\":\"El Diario - Decano de la prensa nacional\",\"publisher\":{\"@id\":\"https:\\\/\\\/www.eldiario.net\\\/portal\\\/#organization\"},\"potentialAction\":[{\"@type\":\"SearchAction\",\"target\":{\"@type\":\"EntryPoint\",\"urlTemplate\":\"https:\\\/\\\/www.eldiario.net\\\/portal\\\/?s={search_term_string}\"},\"query-input\":{\"@type\":\"PropertyValueSpecification\",\"valueRequired\":true,\"valueName\":\"search_term_string\"}}],\"inLanguage\":\"es\"},{\"@type\":\"Organization\",\"@id\":\"https:\\\/\\\/www.eldiario.net\\\/portal\\\/#organization\",\"name\":\"El Diario - Decano de la prensa nacional\",\"url\":\"https:\\\/\\\/www.eldiario.net\\\/portal\\\/\",\"logo\":{\"@type\":\"ImageObject\",\"inLanguage\":\"es\",\"@id\":\"https:\\\/\\\/www.eldiario.net\\\/portal\\\/#\\\/schema\\\/logo\\\/image\\\/\",\"url\":\"https:\\\/\\\/www.eldiario.net\\\/portal\\\/wp-content\\\/uploads\\\/2023\\\/07\\\/logo_ED.jpg\",\"contentUrl\":\"https:\\\/\\\/www.eldiario.net\\\/portal\\\/wp-content\\\/uploads\\\/2023\\\/07\\\/logo_ED.jpg\",\"width\":272,\"height\":52,\"caption\":\"El Diario - Decano de la prensa nacional\"},\"image\":{\"@id\":\"https:\\\/\\\/www.eldiario.net\\\/portal\\\/#\\\/schema\\\/logo\\\/image\\\/\"},\"sameAs\":[\"https:\\\/\\\/www.facebook.com\\\/eldiario.bolivia\\\/\",\"https:\\\/\\\/x.com\\\/eldiario_net\"]},{\"@type\":\"Person\",\"@id\":\"https:\\\/\\\/www.eldiario.net\\\/portal\\\/#\\\/schema\\\/person\\\/2c57cf2b7a7ae032e449e4c9b1019eac\",\"name\":\"Jeanette\",\"image\":{\"@type\":\"ImageObject\",\"inLanguage\":\"es\",\"@id\":\"https:\\\/\\\/secure.gravatar.com\\\/avatar\\\/3ea2118a5f7dad2b7138b1187a6b7ee55f160b9968b66013c3a3ef39dd7e5798?s=96&d=mm&r=g\",\"url\":\"https:\\\/\\\/secure.gravatar.com\\\/avatar\\\/3ea2118a5f7dad2b7138b1187a6b7ee55f160b9968b66013c3a3ef39dd7e5798?s=96&d=mm&r=g\",\"contentUrl\":\"https:\\\/\\\/secure.gravatar.com\\\/avatar\\\/3ea2118a5f7dad2b7138b1187a6b7ee55f160b9968b66013c3a3ef39dd7e5798?s=96&d=mm&r=g\",\"caption\":\"Jeanette\"},\"sameAs\":[\"https:\\\/\\\/www.eldiario.net\\\/portal\"],\"url\":\"https:\\\/\\\/www.eldiario.net\\\/portal\\\/author\\\/jeanette\\\/\"}]}<\/script>\n<!-- \/ Yoast SEO plugin. -->","yoast_head_json":{"title":"M\u00e9dico recomienda atenci\u00f3n  especializada para expresidenta - El Diario - Bolivia","robots":{"index":"index","follow":"follow","max-snippet":"max-snippet:-1","max-image-preview":"max-image-preview:large","max-video-preview":"max-video-preview:-1"},"canonical":"https:\/\/www.eldiario.net\/portal\/2021\/08\/25\/medico-recomienda-atencion-especializada-para-expresidenta\/","og_locale":"es_ES","og_type":"article","og_title":"M\u00e9dico recomienda atenci\u00f3n  especializada para expresidenta - El Diario - Bolivia","og_description":"De acuerdo con los resultados de la evaluaci\u00f3n psiqui\u00e1trica, donde se revela una depresi\u00f3n profunda, el m\u00e9dico de cabecera de la expresidenta, Fernando Pabel, manifest\u00f3 que Jeanine A\u00f1ez requiere de atenci\u00f3n especializada. \u201cYo me remito al texto base que manejan los psiquiatras, que contiene diagn\u00f3sticos y tratamientos de pacientes a escala internacional, la misma que [&hellip;]","og_url":"https:\/\/www.eldiario.net\/portal\/2021\/08\/25\/medico-recomienda-atencion-especializada-para-expresidenta\/","og_site_name":"El Diario - Bolivia","article_publisher":"https:\/\/www.facebook.com\/eldiario.bolivia\/","article_published_time":"2021-08-25T10:46:31+00:00","author":"Jeanette","twitter_card":"summary_large_image","twitter_creator":"@eldiario_net","twitter_site":"@eldiario_net","twitter_misc":{"Escrito por":"Jeanette","Tiempo de lectura":"3 minutos"},"schema":{"@context":"https:\/\/schema.org","@graph":[{"@type":"Article","@id":"https:\/\/www.eldiario.net\/portal\/2021\/08\/25\/medico-recomienda-atencion-especializada-para-expresidenta\/#article","isPartOf":{"@id":"https:\/\/www.eldiario.net\/portal\/2021\/08\/25\/medico-recomienda-atencion-especializada-para-expresidenta\/"},"author":{"name":"Jeanette","@id":"https:\/\/www.eldiario.net\/portal\/#\/schema\/person\/2c57cf2b7a7ae032e449e4c9b1019eac"},"headline":"M\u00e9dico recomienda atenci\u00f3n especializada para expresidenta","datePublished":"2021-08-25T10:46:31+00:00","mainEntityOfPage":{"@id":"https:\/\/www.eldiario.net\/portal\/2021\/08\/25\/medico-recomienda-atencion-especializada-para-expresidenta\/"},"wordCount":718,"publisher":{"@id":"https:\/\/www.eldiario.net\/portal\/#organization"},"image":{"@id":"https:\/\/www.eldiario.net\/portal\/2021\/08\/25\/medico-recomienda-atencion-especializada-para-expresidenta\/#primaryimage"},"thumbnailUrl":"","articleSection":["Sociedad - Seguridad"],"inLanguage":"es"},{"@type":"WebPage","@id":"https:\/\/www.eldiario.net\/portal\/2021\/08\/25\/medico-recomienda-atencion-especializada-para-expresidenta\/","url":"https:\/\/www.eldiario.net\/portal\/2021\/08\/25\/medico-recomienda-atencion-especializada-para-expresidenta\/","name":"M\u00e9dico recomienda atenci\u00f3n especializada para expresidenta - El Diario - Bolivia","isPartOf":{"@id":"https:\/\/www.eldiario.net\/portal\/#website"},"primaryImageOfPage":{"@id":"https:\/\/www.eldiario.net\/portal\/2021\/08\/25\/medico-recomienda-atencion-especializada-para-expresidenta\/#primaryimage"},"image":{"@id":"https:\/\/www.eldiario.net\/portal\/2021\/08\/25\/medico-recomienda-atencion-especializada-para-expresidenta\/#primaryimage"},"thumbnailUrl":"","datePublished":"2021-08-25T10:46:31+00:00","breadcrumb":{"@id":"https:\/\/www.eldiario.net\/portal\/2021\/08\/25\/medico-recomienda-atencion-especializada-para-expresidenta\/#breadcrumb"},"inLanguage":"es","potentialAction":[{"@type":"ReadAction","target":["https:\/\/www.eldiario.net\/portal\/2021\/08\/25\/medico-recomienda-atencion-especializada-para-expresidenta\/"]}]},{"@type":"ImageObject","inLanguage":"es","@id":"https:\/\/www.eldiario.net\/portal\/2021\/08\/25\/medico-recomienda-atencion-especializada-para-expresidenta\/#primaryimage","url":"","contentUrl":""},{"@type":"BreadcrumbList","@id":"https:\/\/www.eldiario.net\/portal\/2021\/08\/25\/medico-recomienda-atencion-especializada-para-expresidenta\/#breadcrumb","itemListElement":[{"@type":"ListItem","position":1,"name":"Portada","item":"https:\/\/www.eldiario.net\/portal\/"},{"@type":"ListItem","position":2,"name":"M\u00e9dico recomienda atenci\u00f3n especializada para expresidenta"}]},{"@type":"WebSite","@id":"https:\/\/www.eldiario.net\/portal\/#website","url":"https:\/\/www.eldiario.net\/portal\/","name":"El Diario - Decano de la prensa nacional","description":"El Diario - Decano de la prensa nacional","publisher":{"@id":"https:\/\/www.eldiario.net\/portal\/#organization"},"potentialAction":[{"@type":"SearchAction","target":{"@type":"EntryPoint","urlTemplate":"https:\/\/www.eldiario.net\/portal\/?s={search_term_string}"},"query-input":{"@type":"PropertyValueSpecification","valueRequired":true,"valueName":"search_term_string"}}],"inLanguage":"es"},{"@type":"Organization","@id":"https:\/\/www.eldiario.net\/portal\/#organization","name":"El Diario - Decano de la prensa nacional","url":"https:\/\/www.eldiario.net\/portal\/","logo":{"@type":"ImageObject","inLanguage":"es","@id":"https:\/\/www.eldiario.net\/portal\/#\/schema\/logo\/image\/","url":"https:\/\/www.eldiario.net\/portal\/wp-content\/uploads\/2023\/07\/logo_ED.jpg","contentUrl":"https:\/\/www.eldiario.net\/portal\/wp-content\/uploads\/2023\/07\/logo_ED.jpg","width":272,"height":52,"caption":"El Diario - Decano de la prensa nacional"},"image":{"@id":"https:\/\/www.eldiario.net\/portal\/#\/schema\/logo\/image\/"},"sameAs":["https:\/\/www.facebook.com\/eldiario.bolivia\/","https:\/\/x.com\/eldiario_net"]},{"@type":"Person","@id":"https:\/\/www.eldiario.net\/portal\/#\/schema\/person\/2c57cf2b7a7ae032e449e4c9b1019eac","name":"Jeanette","image":{"@type":"ImageObject","inLanguage":"es","@id":"https:\/\/secure.gravatar.com\/avatar\/3ea2118a5f7dad2b7138b1187a6b7ee55f160b9968b66013c3a3ef39dd7e5798?s=96&d=mm&r=g","url":"https:\/\/secure.gravatar.com\/avatar\/3ea2118a5f7dad2b7138b1187a6b7ee55f160b9968b66013c3a3ef39dd7e5798?s=96&d=mm&r=g","contentUrl":"https:\/\/secure.gravatar.com\/avatar\/3ea2118a5f7dad2b7138b1187a6b7ee55f160b9968b66013c3a3ef39dd7e5798?s=96&d=mm&r=g","caption":"Jeanette"},"sameAs":["https:\/\/www.eldiario.net\/portal"],"url":"https:\/\/www.eldiario.net\/portal\/author\/jeanette\/"}]}},"_links":{"self":[{"href":"https:\/\/www.eldiario.net\/portal\/wp-json\/wp\/v2\/posts\/25592","targetHints":{"allow":["GET"]}}],"collection":[{"href":"https:\/\/www.eldiario.net\/portal\/wp-json\/wp\/v2\/posts"}],"about":[{"href":"https:\/\/www.eldiario.net\/portal\/wp-json\/wp\/v2\/types\/post"}],"author":[{"embeddable":true,"href":"https:\/\/www.eldiario.net\/portal\/wp-json\/wp\/v2\/users\/1"}],"replies":[{"embeddable":true,"href":"https:\/\/www.eldiario.net\/portal\/wp-json\/wp\/v2\/comments?post=25592"}],"version-history":[{"count":0,"href":"https:\/\/www.eldiario.net\/portal\/wp-json\/wp\/v2\/posts\/25592\/revisions"}],"wp:attachment":[{"href":"https:\/\/www.eldiario.net\/portal\/wp-json\/wp\/v2\/media?parent=25592"}],"wp:term":[{"taxonomy":"category","embeddable":true,"href":"https:\/\/www.eldiario.net\/portal\/wp-json\/wp\/v2\/categories?post=25592"},{"taxonomy":"post_tag","embeddable":true,"href":"https:\/\/www.eldiario.net\/portal\/wp-json\/wp\/v2\/tags?post=25592"}],"curies":[{"name":"wp","href":"https:\/\/api.w.org\/{rel}","templated":true}]}}