{"id":255875,"date":"2024-10-23T04:58:01","date_gmt":"2024-10-23T08:58:01","guid":{"rendered":"https:\/\/www.eldiario.net\/portal\/?p=255875"},"modified":"2024-10-23T04:58:01","modified_gmt":"2024-10-23T08:58:01","slug":"turismo-afectado-por-alza-de-pasajes-del-transporte","status":"publish","type":"post","link":"https:\/\/www.eldiario.net\/portal\/2024\/10\/23\/turismo-afectado-por-alza-de-pasajes-del-transporte\/","title":{"rendered":"Turismo afectado por alza  de pasajes del transporte"},"content":{"rendered":"<p class=\"v1MsoNormal\">En las zonas tur\u00edsticas del pa\u00eds, como Coroico, los visitantes lamentaron el abuso de los transportistas al incrementar el mismo sin raz\u00f3n. Pero tambi\u00e9n los vecinos protestan por la decisi\u00f3n unilateral del sector del transporte. Mientras esperan acci\u00f3n inmediata de la Autoridad de Regulaci\u00f3n y Supervisi\u00f3n de Telecomunicaciones y Transporte (ATT).<\/p>\n<p class=\"v1MsoNormal\">De acuerdo con denuncias de pobladores y turistas de Coroico, ubicado en Sud Yungas del departamento de La Paz, el precio del pasaje en minib\u00fas se elev\u00f3 de 20 a 25 bolivianos y en minivan de 30 a 35.<\/p>\n<p class=\"v1MsoNormal\">Pobladores de Coroico denuncian que algunos transportistas realizaron cobros excesivos en los precios de los pasajes, y por la fiesta patronal de la festividad de la virgen de la Candelaria, los precios estaban entre 70 a 80 bolivianos.<\/p>\n<p class=\"v1MsoNormal\">Mientras tanto, la dirigencia del transporte nacional, a trav\u00e9s de sus dirigentes, anuncian incremento de los pasajes en el \u00e1rea urbana por la falta de combustibles.<\/p>\n<p class=\"v1MsoNormal\">Tambi\u00e9n hay denuncias de que en otras regiones del pa\u00eds tambi\u00e9n se elevaron los pasajes.<\/p>\n<p class=\"v1MsoNormal\">Entre tanto, los usuarios esperan acciones de la ATT para que fiscalice el tema de los pasajes y no abusen de los pasajeros.<\/p>\n<p class=\"v1MsoNormal\">La falta de combustible provoc\u00f3 el alza de productos en el mercado nacional, y el sector alert\u00f3 que el incremento de los pasajes es inminente por el incremento del costo de vida y de los repuestos, que obedece a la falta de d\u00f3lares.<\/p>\n","protected":false},"excerpt":{"rendered":"<p>En las zonas tur\u00edsticas del pa\u00eds, como Coroico, los visitantes lamentaron el abuso de los transportistas al incrementar el mismo sin raz\u00f3n. Pero tambi\u00e9n los vecinos protestan por la decisi\u00f3n unilateral del sector del transporte. Mientras esperan acci\u00f3n inmediata de la Autoridad de Regulaci\u00f3n y Supervisi\u00f3n de Telecomunicaciones y Transporte (ATT). De acuerdo con denuncias [&hellip;]<\/p>\n","protected":false},"author":1,"featured_media":255876,"comment_status":"closed","ping_status":"open","sticky":false,"template":"","format":"standard","meta":{"_acf_changed":false,"footnotes":""},"categories":[7],"tags":[],"class_list":["post-255875","post","type-post","status-publish","format-standard","has-post-thumbnail","category-economia"],"acf":{"antetitulo":""},"yoast_head":"<!-- This site is optimized with the Yoast SEO plugin v28.4 - https:\/\/yoast.com\/product\/yoast-seo-wordpress\/ -->\n<title>Turismo afectado por alza de pasajes del transporte - El Diario - Bolivia<\/title>\n<meta name=\"robots\" content=\"index, follow, max-snippet:-1, max-image-preview:large, max-video-preview:-1\" \/>\n<link rel=\"canonical\" href=\"https:\/\/www.eldiario.net\/portal\/2024\/10\/23\/turismo-afectado-por-alza-de-pasajes-del-transporte\/\" \/>\n<meta property=\"og:locale\" content=\"es_ES\" \/>\n<meta property=\"og:type\" content=\"article\" \/>\n<meta property=\"og:title\" content=\"Turismo afectado por alza de pasajes del transporte - El Diario - Bolivia\" \/>\n<meta property=\"og:description\" content=\"En las zonas tur\u00edsticas del pa\u00eds, como Coroico, los visitantes lamentaron el abuso de los transportistas al incrementar el mismo sin raz\u00f3n. Pero tambi\u00e9n los vecinos protestan por la decisi\u00f3n unilateral del sector del transporte. Mientras esperan acci\u00f3n inmediata de la Autoridad de Regulaci\u00f3n y Supervisi\u00f3n de Telecomunicaciones y Transporte (ATT). De acuerdo con denuncias [&hellip;]\" \/>\n<meta property=\"og:url\" content=\"https:\/\/www.eldiario.net\/portal\/2024\/10\/23\/turismo-afectado-por-alza-de-pasajes-del-transporte\/\" \/>\n<meta property=\"og:site_name\" content=\"El Diario - Bolivia\" \/>\n<meta property=\"article:publisher\" content=\"https:\/\/www.facebook.com\/eldiario.bolivia\/\" \/>\n<meta property=\"article:published_time\" content=\"2024-10-23T08:58:01+00:00\" \/>\n<meta property=\"og:image\" content=\"https:\/\/www.eldiario.net\/portal\/wp-content\/uploads\/2024\/10\/alza.jpg\" \/>\n\t<meta property=\"og:image:width\" content=\"960\" \/>\n\t<meta property=\"og:image:height\" content=\"1280\" \/>\n\t<meta property=\"og:image:type\" content=\"image\/jpeg\" \/>\n<meta name=\"author\" content=\"Jeanette\" \/>\n<meta name=\"twitter:card\" content=\"summary_large_image\" \/>\n<meta name=\"twitter:creator\" content=\"@eldiario_net\" \/>\n<meta name=\"twitter:site\" content=\"@eldiario_net\" \/>\n<meta name=\"twitter:label1\" content=\"Escrito por\" \/>\n\t<meta name=\"twitter:data1\" content=\"Jeanette\" \/>\n\t<meta name=\"twitter:label2\" content=\"Tiempo de lectura\" \/>\n\t<meta name=\"twitter:data2\" content=\"2 minutos\" \/>\n<script type=\"application\/ld+json\" class=\"yoast-schema-graph\">{\"@context\":\"https:\\\/\\\/schema.org\",\"@graph\":[{\"@type\":\"Article\",\"@id\":\"https:\\\/\\\/www.eldiario.net\\\/portal\\\/2024\\\/10\\\/23\\\/turismo-afectado-por-alza-de-pasajes-del-transporte\\\/#article\",\"isPartOf\":{\"@id\":\"https:\\\/\\\/www.eldiario.net\\\/portal\\\/2024\\\/10\\\/23\\\/turismo-afectado-por-alza-de-pasajes-del-transporte\\\/\"},\"author\":{\"name\":\"Jeanette\",\"@id\":\"https:\\\/\\\/www.eldiario.net\\\/portal\\\/#\\\/schema\\\/person\\\/2c57cf2b7a7ae032e449e4c9b1019eac\"},\"headline\":\"Turismo afectado por alza de pasajes del transporte\",\"datePublished\":\"2024-10-23T08:58:01+00:00\",\"mainEntityOfPage\":{\"@id\":\"https:\\\/\\\/www.eldiario.net\\\/portal\\\/2024\\\/10\\\/23\\\/turismo-afectado-por-alza-de-pasajes-del-transporte\\\/\"},\"wordCount\":251,\"publisher\":{\"@id\":\"https:\\\/\\\/www.eldiario.net\\\/portal\\\/#organization\"},\"image\":{\"@id\":\"https:\\\/\\\/www.eldiario.net\\\/portal\\\/2024\\\/10\\\/23\\\/turismo-afectado-por-alza-de-pasajes-del-transporte\\\/#primaryimage\"},\"thumbnailUrl\":\"https:\\\/\\\/www.eldiario.net\\\/portal\\\/wp-content\\\/uploads\\\/2024\\\/10\\\/alza.jpg\",\"articleSection\":[\"Econom\u00eda\"],\"inLanguage\":\"es\"},{\"@type\":\"WebPage\",\"@id\":\"https:\\\/\\\/www.eldiario.net\\\/portal\\\/2024\\\/10\\\/23\\\/turismo-afectado-por-alza-de-pasajes-del-transporte\\\/\",\"url\":\"https:\\\/\\\/www.eldiario.net\\\/portal\\\/2024\\\/10\\\/23\\\/turismo-afectado-por-alza-de-pasajes-del-transporte\\\/\",\"name\":\"Turismo afectado por alza de pasajes del transporte - El Diario - Bolivia\",\"isPartOf\":{\"@id\":\"https:\\\/\\\/www.eldiario.net\\\/portal\\\/#website\"},\"primaryImageOfPage\":{\"@id\":\"https:\\\/\\\/www.eldiario.net\\\/portal\\\/2024\\\/10\\\/23\\\/turismo-afectado-por-alza-de-pasajes-del-transporte\\\/#primaryimage\"},\"image\":{\"@id\":\"https:\\\/\\\/www.eldiario.net\\\/portal\\\/2024\\\/10\\\/23\\\/turismo-afectado-por-alza-de-pasajes-del-transporte\\\/#primaryimage\"},\"thumbnailUrl\":\"https:\\\/\\\/www.eldiario.net\\\/portal\\\/wp-content\\\/uploads\\\/2024\\\/10\\\/alza.jpg\",\"datePublished\":\"2024-10-23T08:58:01+00:00\",\"breadcrumb\":{\"@id\":\"https:\\\/\\\/www.eldiario.net\\\/portal\\\/2024\\\/10\\\/23\\\/turismo-afectado-por-alza-de-pasajes-del-transporte\\\/#breadcrumb\"},\"inLanguage\":\"es\",\"potentialAction\":[{\"@type\":\"ReadAction\",\"target\":[\"https:\\\/\\\/www.eldiario.net\\\/portal\\\/2024\\\/10\\\/23\\\/turismo-afectado-por-alza-de-pasajes-del-transporte\\\/\"]}]},{\"@type\":\"ImageObject\",\"inLanguage\":\"es\",\"@id\":\"https:\\\/\\\/www.eldiario.net\\\/portal\\\/2024\\\/10\\\/23\\\/turismo-afectado-por-alza-de-pasajes-del-transporte\\\/#primaryimage\",\"url\":\"https:\\\/\\\/www.eldiario.net\\\/portal\\\/wp-content\\\/uploads\\\/2024\\\/10\\\/alza.jpg\",\"contentUrl\":\"https:\\\/\\\/www.eldiario.net\\\/portal\\\/wp-content\\\/uploads\\\/2024\\\/10\\\/alza.jpg\",\"width\":960,\"height\":1280},{\"@type\":\"BreadcrumbList\",\"@id\":\"https:\\\/\\\/www.eldiario.net\\\/portal\\\/2024\\\/10\\\/23\\\/turismo-afectado-por-alza-de-pasajes-del-transporte\\\/#breadcrumb\",\"itemListElement\":[{\"@type\":\"ListItem\",\"position\":1,\"name\":\"Portada\",\"item\":\"https:\\\/\\\/www.eldiario.net\\\/portal\\\/\"},{\"@type\":\"ListItem\",\"position\":2,\"name\":\"Turismo afectado por alza de pasajes del transporte\"}]},{\"@type\":\"WebSite\",\"@id\":\"https:\\\/\\\/www.eldiario.net\\\/portal\\\/#website\",\"url\":\"https:\\\/\\\/www.eldiario.net\\\/portal\\\/\",\"name\":\"El Diario - Decano de la prensa nacional\",\"description\":\"El Diario - Decano de la prensa nacional\",\"publisher\":{\"@id\":\"https:\\\/\\\/www.eldiario.net\\\/portal\\\/#organization\"},\"potentialAction\":[{\"@type\":\"SearchAction\",\"target\":{\"@type\":\"EntryPoint\",\"urlTemplate\":\"https:\\\/\\\/www.eldiario.net\\\/portal\\\/?s={search_term_string}\"},\"query-input\":{\"@type\":\"PropertyValueSpecification\",\"valueRequired\":true,\"valueName\":\"search_term_string\"}}],\"inLanguage\":\"es\"},{\"@type\":\"Organization\",\"@id\":\"https:\\\/\\\/www.eldiario.net\\\/portal\\\/#organization\",\"name\":\"El Diario - Decano de la prensa nacional\",\"url\":\"https:\\\/\\\/www.eldiario.net\\\/portal\\\/\",\"logo\":{\"@type\":\"ImageObject\",\"inLanguage\":\"es\",\"@id\":\"https:\\\/\\\/www.eldiario.net\\\/portal\\\/#\\\/schema\\\/logo\\\/image\\\/\",\"url\":\"https:\\\/\\\/www.eldiario.net\\\/portal\\\/wp-content\\\/uploads\\\/2023\\\/07\\\/logo_ED.jpg\",\"contentUrl\":\"https:\\\/\\\/www.eldiario.net\\\/portal\\\/wp-content\\\/uploads\\\/2023\\\/07\\\/logo_ED.jpg\",\"width\":272,\"height\":52,\"caption\":\"El Diario - Decano de la prensa nacional\"},\"image\":{\"@id\":\"https:\\\/\\\/www.eldiario.net\\\/portal\\\/#\\\/schema\\\/logo\\\/image\\\/\"},\"sameAs\":[\"https:\\\/\\\/www.facebook.com\\\/eldiario.bolivia\\\/\",\"https:\\\/\\\/x.com\\\/eldiario_net\"]},{\"@type\":\"Person\",\"@id\":\"https:\\\/\\\/www.eldiario.net\\\/portal\\\/#\\\/schema\\\/person\\\/2c57cf2b7a7ae032e449e4c9b1019eac\",\"name\":\"Jeanette\",\"image\":{\"@type\":\"ImageObject\",\"inLanguage\":\"es\",\"@id\":\"https:\\\/\\\/secure.gravatar.com\\\/avatar\\\/3ea2118a5f7dad2b7138b1187a6b7ee55f160b9968b66013c3a3ef39dd7e5798?s=96&d=mm&r=g\",\"url\":\"https:\\\/\\\/secure.gravatar.com\\\/avatar\\\/3ea2118a5f7dad2b7138b1187a6b7ee55f160b9968b66013c3a3ef39dd7e5798?s=96&d=mm&r=g\",\"contentUrl\":\"https:\\\/\\\/secure.gravatar.com\\\/avatar\\\/3ea2118a5f7dad2b7138b1187a6b7ee55f160b9968b66013c3a3ef39dd7e5798?s=96&d=mm&r=g\",\"caption\":\"Jeanette\"},\"sameAs\":[\"https:\\\/\\\/www.eldiario.net\\\/portal\"],\"url\":\"https:\\\/\\\/www.eldiario.net\\\/portal\\\/author\\\/jeanette\\\/\"}]}<\/script>\n<!-- \/ Yoast SEO plugin. -->","yoast_head_json":{"title":"Turismo afectado por alza de pasajes del transporte - El Diario - Bolivia","robots":{"index":"index","follow":"follow","max-snippet":"max-snippet:-1","max-image-preview":"max-image-preview:large","max-video-preview":"max-video-preview:-1"},"canonical":"https:\/\/www.eldiario.net\/portal\/2024\/10\/23\/turismo-afectado-por-alza-de-pasajes-del-transporte\/","og_locale":"es_ES","og_type":"article","og_title":"Turismo afectado por alza de pasajes del transporte - El Diario - Bolivia","og_description":"En las zonas tur\u00edsticas del pa\u00eds, como Coroico, los visitantes lamentaron el abuso de los transportistas al incrementar el mismo sin raz\u00f3n. Pero tambi\u00e9n los vecinos protestan por la decisi\u00f3n unilateral del sector del transporte. Mientras esperan acci\u00f3n inmediata de la Autoridad de Regulaci\u00f3n y Supervisi\u00f3n de Telecomunicaciones y Transporte (ATT). De acuerdo con denuncias [&hellip;]","og_url":"https:\/\/www.eldiario.net\/portal\/2024\/10\/23\/turismo-afectado-por-alza-de-pasajes-del-transporte\/","og_site_name":"El Diario - Bolivia","article_publisher":"https:\/\/www.facebook.com\/eldiario.bolivia\/","article_published_time":"2024-10-23T08:58:01+00:00","og_image":[{"width":960,"height":1280,"url":"https:\/\/www.eldiario.net\/portal\/wp-content\/uploads\/2024\/10\/alza.jpg","type":"image\/jpeg"}],"author":"Jeanette","twitter_card":"summary_large_image","twitter_creator":"@eldiario_net","twitter_site":"@eldiario_net","twitter_misc":{"Escrito por":"Jeanette","Tiempo de lectura":"2 minutos"},"schema":{"@context":"https:\/\/schema.org","@graph":[{"@type":"Article","@id":"https:\/\/www.eldiario.net\/portal\/2024\/10\/23\/turismo-afectado-por-alza-de-pasajes-del-transporte\/#article","isPartOf":{"@id":"https:\/\/www.eldiario.net\/portal\/2024\/10\/23\/turismo-afectado-por-alza-de-pasajes-del-transporte\/"},"author":{"name":"Jeanette","@id":"https:\/\/www.eldiario.net\/portal\/#\/schema\/person\/2c57cf2b7a7ae032e449e4c9b1019eac"},"headline":"Turismo afectado por alza de pasajes del transporte","datePublished":"2024-10-23T08:58:01+00:00","mainEntityOfPage":{"@id":"https:\/\/www.eldiario.net\/portal\/2024\/10\/23\/turismo-afectado-por-alza-de-pasajes-del-transporte\/"},"wordCount":251,"publisher":{"@id":"https:\/\/www.eldiario.net\/portal\/#organization"},"image":{"@id":"https:\/\/www.eldiario.net\/portal\/2024\/10\/23\/turismo-afectado-por-alza-de-pasajes-del-transporte\/#primaryimage"},"thumbnailUrl":"https:\/\/www.eldiario.net\/portal\/wp-content\/uploads\/2024\/10\/alza.jpg","articleSection":["Econom\u00eda"],"inLanguage":"es"},{"@type":"WebPage","@id":"https:\/\/www.eldiario.net\/portal\/2024\/10\/23\/turismo-afectado-por-alza-de-pasajes-del-transporte\/","url":"https:\/\/www.eldiario.net\/portal\/2024\/10\/23\/turismo-afectado-por-alza-de-pasajes-del-transporte\/","name":"Turismo afectado por alza de pasajes del transporte - El Diario - Bolivia","isPartOf":{"@id":"https:\/\/www.eldiario.net\/portal\/#website"},"primaryImageOfPage":{"@id":"https:\/\/www.eldiario.net\/portal\/2024\/10\/23\/turismo-afectado-por-alza-de-pasajes-del-transporte\/#primaryimage"},"image":{"@id":"https:\/\/www.eldiario.net\/portal\/2024\/10\/23\/turismo-afectado-por-alza-de-pasajes-del-transporte\/#primaryimage"},"thumbnailUrl":"https:\/\/www.eldiario.net\/portal\/wp-content\/uploads\/2024\/10\/alza.jpg","datePublished":"2024-10-23T08:58:01+00:00","breadcrumb":{"@id":"https:\/\/www.eldiario.net\/portal\/2024\/10\/23\/turismo-afectado-por-alza-de-pasajes-del-transporte\/#breadcrumb"},"inLanguage":"es","potentialAction":[{"@type":"ReadAction","target":["https:\/\/www.eldiario.net\/portal\/2024\/10\/23\/turismo-afectado-por-alza-de-pasajes-del-transporte\/"]}]},{"@type":"ImageObject","inLanguage":"es","@id":"https:\/\/www.eldiario.net\/portal\/2024\/10\/23\/turismo-afectado-por-alza-de-pasajes-del-transporte\/#primaryimage","url":"https:\/\/www.eldiario.net\/portal\/wp-content\/uploads\/2024\/10\/alza.jpg","contentUrl":"https:\/\/www.eldiario.net\/portal\/wp-content\/uploads\/2024\/10\/alza.jpg","width":960,"height":1280},{"@type":"BreadcrumbList","@id":"https:\/\/www.eldiario.net\/portal\/2024\/10\/23\/turismo-afectado-por-alza-de-pasajes-del-transporte\/#breadcrumb","itemListElement":[{"@type":"ListItem","position":1,"name":"Portada","item":"https:\/\/www.eldiario.net\/portal\/"},{"@type":"ListItem","position":2,"name":"Turismo afectado por alza de pasajes del transporte"}]},{"@type":"WebSite","@id":"https:\/\/www.eldiario.net\/portal\/#website","url":"https:\/\/www.eldiario.net\/portal\/","name":"El Diario - Decano de la prensa nacional","description":"El Diario - Decano de la prensa nacional","publisher":{"@id":"https:\/\/www.eldiario.net\/portal\/#organization"},"potentialAction":[{"@type":"SearchAction","target":{"@type":"EntryPoint","urlTemplate":"https:\/\/www.eldiario.net\/portal\/?s={search_term_string}"},"query-input":{"@type":"PropertyValueSpecification","valueRequired":true,"valueName":"search_term_string"}}],"inLanguage":"es"},{"@type":"Organization","@id":"https:\/\/www.eldiario.net\/portal\/#organization","name":"El Diario - Decano de la prensa nacional","url":"https:\/\/www.eldiario.net\/portal\/","logo":{"@type":"ImageObject","inLanguage":"es","@id":"https:\/\/www.eldiario.net\/portal\/#\/schema\/logo\/image\/","url":"https:\/\/www.eldiario.net\/portal\/wp-content\/uploads\/2023\/07\/logo_ED.jpg","contentUrl":"https:\/\/www.eldiario.net\/portal\/wp-content\/uploads\/2023\/07\/logo_ED.jpg","width":272,"height":52,"caption":"El Diario - Decano de la prensa nacional"},"image":{"@id":"https:\/\/www.eldiario.net\/portal\/#\/schema\/logo\/image\/"},"sameAs":["https:\/\/www.facebook.com\/eldiario.bolivia\/","https:\/\/x.com\/eldiario_net"]},{"@type":"Person","@id":"https:\/\/www.eldiario.net\/portal\/#\/schema\/person\/2c57cf2b7a7ae032e449e4c9b1019eac","name":"Jeanette","image":{"@type":"ImageObject","inLanguage":"es","@id":"https:\/\/secure.gravatar.com\/avatar\/3ea2118a5f7dad2b7138b1187a6b7ee55f160b9968b66013c3a3ef39dd7e5798?s=96&d=mm&r=g","url":"https:\/\/secure.gravatar.com\/avatar\/3ea2118a5f7dad2b7138b1187a6b7ee55f160b9968b66013c3a3ef39dd7e5798?s=96&d=mm&r=g","contentUrl":"https:\/\/secure.gravatar.com\/avatar\/3ea2118a5f7dad2b7138b1187a6b7ee55f160b9968b66013c3a3ef39dd7e5798?s=96&d=mm&r=g","caption":"Jeanette"},"sameAs":["https:\/\/www.eldiario.net\/portal"],"url":"https:\/\/www.eldiario.net\/portal\/author\/jeanette\/"}]}},"_links":{"self":[{"href":"https:\/\/www.eldiario.net\/portal\/wp-json\/wp\/v2\/posts\/255875","targetHints":{"allow":["GET"]}}],"collection":[{"href":"https:\/\/www.eldiario.net\/portal\/wp-json\/wp\/v2\/posts"}],"about":[{"href":"https:\/\/www.eldiario.net\/portal\/wp-json\/wp\/v2\/types\/post"}],"author":[{"embeddable":true,"href":"https:\/\/www.eldiario.net\/portal\/wp-json\/wp\/v2\/users\/1"}],"replies":[{"embeddable":true,"href":"https:\/\/www.eldiario.net\/portal\/wp-json\/wp\/v2\/comments?post=255875"}],"version-history":[{"count":1,"href":"https:\/\/www.eldiario.net\/portal\/wp-json\/wp\/v2\/posts\/255875\/revisions"}],"predecessor-version":[{"id":255877,"href":"https:\/\/www.eldiario.net\/portal\/wp-json\/wp\/v2\/posts\/255875\/revisions\/255877"}],"wp:featuredmedia":[{"embeddable":true,"href":"https:\/\/www.eldiario.net\/portal\/wp-json\/wp\/v2\/media\/255876"}],"wp:attachment":[{"href":"https:\/\/www.eldiario.net\/portal\/wp-json\/wp\/v2\/media?parent=255875"}],"wp:term":[{"taxonomy":"category","embeddable":true,"href":"https:\/\/www.eldiario.net\/portal\/wp-json\/wp\/v2\/categories?post=255875"},{"taxonomy":"post_tag","embeddable":true,"href":"https:\/\/www.eldiario.net\/portal\/wp-json\/wp\/v2\/tags?post=255875"}],"curies":[{"name":"wp","href":"https:\/\/api.w.org\/{rel}","templated":true}]}}