{"id":255863,"date":"2024-10-23T04:56:54","date_gmt":"2024-10-23T08:56:54","guid":{"rendered":"https:\/\/www.eldiario.net\/portal\/?p=255863"},"modified":"2024-10-23T04:56:54","modified_gmt":"2024-10-23T08:56:54","slug":"asociacion-boliviana-de-actores-celebra-aniversario-con-festival-teatral","status":"publish","type":"post","link":"https:\/\/www.eldiario.net\/portal\/2024\/10\/23\/asociacion-boliviana-de-actores-celebra-aniversario-con-festival-teatral\/","title":{"rendered":"Asociaci\u00f3n Boliviana de Actores  celebra aniversario con festival teatral"},"content":{"rendered":"<p>La Asociaci\u00f3n Boliviana de Actores (ABDA) festeja sus 75 a\u00f1os de vida con un festival teatral apto para todo p\u00fablico en el Teatro Municipal \u201cAlberto Saavedra P\u00e9rez\u201d (Calle Genaro Sanjin\u00e9s, entre Indaburo e Ingavi).<\/p>\n<p>El evento, denominado \u201cFestiteatro ABAD 2024 \u2013 Teatro para todos\u201d, comenz\u00f3 ayer con las obras \u201cAlicia en el pa\u00eds de las maravillas\u201d de Patas Arriba Teatro y \u201cVitalum\u201d del Elenco Art\u00edstico de Teatro Innova. Hoy, mi\u00e9rcoles 23, el turno ser\u00e1 de \u201cEl Secreto de la Madre Tierra\u201d de Yantra Teatro\u201d\u00a0 y \u201cLa Peluca\u201d de Eureka Arte Encuentro. La funci\u00f3n comenzar\u00e1 a las 19:00 horas y las entradas costar\u00e1n: Platea 30 Bs. Anfiteatro 25 Bs. y Galer\u00eda 20 Bs.<\/p>\n<p>M\u00e1s informaci\u00f3n: ABDA 73307557, Patas Arriba Teatro 65574956, Teatro Innova\u00a0 73206759, Eureka Arte Encuentro 78804427 y Yantra Teatro 60525417.<\/p>\n<p><strong>SOBRE LAS OBRAS<\/strong><\/p>\n<p>\u201cEl Secreto de la Madre Tierra\u201d de Yantra Teatro presenta la historia de un quirquincho y una rana, quienes, en busca de realizar sus sue\u00f1os, se encuentran con el zorro \u201chechicero de Los Andes\u201d, quien les pide algunos elementos para hacer un conjuro y cumplir sus anhelos. \u201cEl quirqui\u201d y \u201cLa ranita\u201d emprenden un viaje que los lleva a Tiwanaku, al Cerro Rico de Potos\u00ed y a la Amazonia boliviana, lugares donde conocer\u00e1n a Wiracocha, Juan Vicu\u00f1a, El T\u00edo y una enigm\u00e1tica nueva amiga. \u00bfSer\u00e1 posible que estos dos aventureros encuentren el secreto de la Madre Tierra y logren cumplir sus sue\u00f1os pese a la astucia del zorro?<\/p>\n<p>\u201cLa Peluca\u201d de Eureka Arte Encuentro introducir\u00e1 al p\u00fablico en un ensayo de teatro, donde una directora y una actriz tienen malos entendidos por ser de contextos diferentes, pero logran sacar la obra adelante, a pesar de sus divergencias. En ese transcurso son mostrados los problemas que tienen los artistas y lo complejo que es realizar un personaje, una obra, pues existen problemas econ\u00f3micos, sociales y personales que est\u00e1n presentes constantemente.<\/p>\n<p><strong>SOBRE LOS GRUPOS<\/strong><\/p>\n<p>Yantra Teatro es un grupo fundado por estudiantes del Taller Nacional de Teatro del Instituto Nacional de M\u00fasica y Artes Esc\u00e9nicas (INMAE). Naci\u00f3 el 5 de mayo de 2005 en La Paz y en su trayectoria se sumaron artistas de diversas formaciones y experiencias, como el Taller de Teatro de la Universidad Cat\u00f3lica Boliviana (UCB).<\/p>\n<p>El grupo present\u00f3: \u201cEspejos\u201d (creaci\u00f3n colectiva), \u201cEl extra\u00f1o jinete\u201d (de Michel de Ghelderode), \u201cLa adivina\u201d (de Jos\u00e9 Aramayo Roa \u2013 Pepetus), \u201cCuentos japoneses\u201d (junto a Uma Jalsu), \u201cOniria\u201d (de Martin Giner), \u201cEl Secreto de la Madre Tierra\u201d (creaci\u00f3n colectiva inspirada en cuentos de \u00d3scar Alfaro) y \u201cMe da permisito, por favor\u201d (creaci\u00f3n colectiva con m\u00fasica de Nicol\u00e1s Su\u00e1rez). Yantra Teatro tambi\u00e9n particip\u00f3 en \u201cPlantando Sue\u00f1os en el Bosque\u201d del Colectivo Escaleras al Suelo \u2013 Trabajadores del Arte.<\/p>\n<p>Eureka Arte Encuentro nace el 3 de junio del a\u00f1o 2017 como una iniciativa de artistas esc\u00e9nicos que deciden crear e interpretar obras que incluyen el teatro, las artes circenses y el teatro de t\u00edteres. Los miembros del grupo integran distintas disciplinas, como las artes pl\u00e1sticas, las artes audiovisuales, la prestidigitaci\u00f3n con la realizaci\u00f3n de malabares, manipulaci\u00f3n de objetos, el canto y la danza, para realizar obras de calidad, con propuestas innovadoras y mensajes propositivos para la sociedad.<\/p>\n<p>El grupo puso en escena las siguientes obras: \u201cEl Pasillo\u201d, \u201cLa Peluca\u201d y \u201cEl Traje Nuevo\u201d.<\/p>\n<p><strong>ALGO SOBRE EL NACIMIENTO DE ABDA<\/strong><\/p>\n<p>Seg\u00fan Juan Barrera, abogado, escritor, dramaturgo e histori\u00f3grafo teatral, se puede tomar como antecedente primigenio de organizaci\u00f3n de los actores a la llamada Sociedad Dram\u00e1tica Nacional, que data su creaci\u00f3n de 1846, bajo la direcci\u00f3n del actor Rafael Castro.<\/p>\n<p>El 15 de octubre de 1882 marca otro de los antecedentes de organizaci\u00f3n de hombres y mujeres de teatro, con la creaci\u00f3n a cargo de Juan Manuel de la Quintana, de la Escuela Dram\u00e1tica Pace\u00f1a, cuya labor se desarroll\u00f3 durante cuarenta a\u00f1os, es decir, las dos \u00faltimas d\u00e9cadas del Siglo XIX y las dos primeras del Siglo XX.<\/p>\n<p>Tambi\u00e9n indica que el primer festival de teatro se inici\u00f3 el 7 de octubre de 1922 y que la formaci\u00f3n de la Sociedad de Autores Teatrales se da el 2 de abril de 1923, siendo este el primer antecedente de organizaci\u00f3n de los dramaturgos bolivianos.<\/p>\n<p>El histori\u00f3grafo teatral cuenta que no ser\u00eda hasta 1949 que se pensar\u00eda en organizarse seriamente, en un ente que congregue a todos quienes hac\u00edan posible la magia de la fantas\u00eda real, vivencial; dejando de lado intereses personales y particulares, para sumarse sin mayor pretensi\u00f3n que la unidad, a la campa\u00f1a emprendida por el peri\u00f3dico EL DIARIO, Decano de la Prensa Nacional, que alienta ese prop\u00f3sito mediante cr\u00f3nicas y reportajes, pretendiendo concientizar a actores, actrices, directores, dramaturgos, cantantes y todos quienes est\u00e9n vinculados a la actividad teatral.<\/p>\n<p>Diversos programas radiales, as\u00ed como los de la emisora del Estado, coadyuvaron a esa labor, hasta que su incansable impulsor, el cronista y comentarista teatral, as\u00ed como el dramaturgo espa\u00f1ol, afincado desde hace alg\u00fan tiempo en La Paz, Francisco Priegue Romero, consigue reunir a todos, citaci\u00f3n mediante, el mi\u00e9rcoles 6 de julio de 1949, a las 18:30 horas, en instalaciones del Teatro Municipal, donde son recibidos por su administrador, don Wenceslao Monroy Romec\u00edn.<\/p>\n<p>Es as\u00ed que, en la ciudad de La Paz, en fecha 6 de Julio de 1949, se declaran inauguradas las labores de la instituci\u00f3n denominada Gente de Teatro y Radio. A comienzos de agosto de ese a\u00f1o, se anuncia el inicio de actividades teatrales de la entonces novel entidad, con piezas de dos autores nacionales ya fallecidos: \u201cEl Vals del Recuerdo\u201d de Antonio D\u00edaz Villamil, bajo la direcci\u00f3n de Carlos Cervantes, y \u201cMelgarejo\u201d, de Alberto Saavedra P\u00e9rez, a cargo de Wenceslao Monroy.<\/p>\n<p>La naciente asociaci\u00f3n aprueba sus estatutos, se\u00f1alando en su primer art\u00edculo: Con la denominaci\u00f3n de Gente de Teatro y Radio, y con sede en la ciudad de La Paz, fundada el 6 de julio de 1949 se constituy\u00f3 una entidad civil formada por Autores, actores de teatro y de radio y ramas afines.<\/p>\n<p>Seg\u00fan Barrera, a mediados de los a\u00f1os cincuenta, Carlos Cervantes es quien pretende dar mayor impulso a la instituci\u00f3n, cambiando el nombre a Asociaci\u00f3n Boliviana de Actores (ABDA), denominaci\u00f3n que pervive hasta la actualidad.<\/p>\n\r\n                <style type=\"text\/css\">\r\n                    \r\n                    #tdi_1  .td-doubleSlider-2 .td-item1 {\r\n                        background: url(https:\/\/www.eldiario.net\/portal\/wp-content\/uploads\/2024\/10\/1-PRINCIPAL-7-80x60.jpg) 0 0 no-repeat;\r\n                    }\r\n                    #tdi_1  .td-doubleSlider-2 .td-item2 {\r\n                        background: url(https:\/\/www.eldiario.net\/portal\/wp-content\/uploads\/2024\/10\/2-8-80x60.jpg) 0 0 no-repeat;\r\n                    }\r\n                    #tdi_1  .td-doubleSlider-2 .td-item3 {\r\n                        background: url(https:\/\/www.eldiario.net\/portal\/wp-content\/uploads\/2024\/10\/3-9-80x60.jpg) 0 0 no-repeat;\r\n                    }\r\n                    #tdi_1  .td-doubleSlider-2 .td-item4 {\r\n                        background: url(https:\/\/www.eldiario.net\/portal\/wp-content\/uploads\/2024\/10\/4-11-80x60.jpg) 0 0 no-repeat;\r\n                    }\r\n                    #tdi_1  .td-doubleSlider-2 .td-item5 {\r\n                        background: url(https:\/\/www.eldiario.net\/portal\/wp-content\/uploads\/2024\/10\/5-8-80x60.jpg) 0 0 no-repeat;\r\n                    }\r\n                    #tdi_1  .td-doubleSlider-2 .td-item6 {\r\n                        background: url(https:\/\/www.eldiario.net\/portal\/wp-content\/uploads\/2024\/10\/6-7-80x60.jpg) 0 0 no-repeat;\r\n                    }\r\n                    #tdi_1  .td-doubleSlider-2 .td-item7 {\r\n                        background: url(https:\/\/www.eldiario.net\/portal\/wp-content\/uploads\/2024\/10\/7-7-80x60.jpg) 0 0 no-repeat;\r\n                    }\r\n                    #tdi_1  .td-doubleSlider-2 .td-item8 {\r\n                        background: url(https:\/\/www.eldiario.net\/portal\/wp-content\/uploads\/2024\/10\/8-la-peluca--80x60.jpg) 0 0 no-repeat;\r\n                    }\r\n                    #tdi_1  .td-doubleSlider-2 .td-item9 {\r\n                        background: url(https:\/\/www.eldiario.net\/portal\/wp-content\/uploads\/2024\/10\/9-3-80x60.jpg) 0 0 no-repeat;\r\n                    }\r\n                    #tdi_1  .td-doubleSlider-2 .td-item10 {\r\n                        background: url(https:\/\/www.eldiario.net\/portal\/wp-content\/uploads\/2024\/10\/10-1-80x60.jpg) 0 0 no-repeat;\r\n                    }\r\n                <\/style>\r\n\r\n                <div id=\"tdi_1\" class=\"td-gallery td-slide-on-2-columns\">\r\n                    <div class=\"post_td_gallery\">\r\n                        <div class=\"td-gallery-slide-top\">\r\n                           <div class=\"td-gallery-title\"><\/div>\r\n\r\n                            <div class=\"td-gallery-controls-wrapper\">\r\n                                <div class=\"td-gallery-slide-count\"><span class=\"td-gallery-slide-item-focus\">1<\/span> de 10<\/div>\r\n                                <div class=\"td-gallery-slide-prev-next-but\">\r\n                                    <i class = \"td-icon-left doubleSliderPrevButton\"><\/i>\r\n                                    <i class = \"td-icon-right doubleSliderNextButton\"><\/i>\r\n                                <\/div>\r\n                            <\/div>\r\n                        <\/div>\r\n\r\n                        <div class = \"td-doubleSlider-1 \">\r\n                            <div class = \"td-slider\">\r\n                                \r\n                    <div class = \"td-slide-item td-item1\">\r\n                        <figure class=\"td-slide-galery-figure td-slide-popup-gallery\">\r\n                            <a class=\"slide-gallery-image-link\" href=\"https:\/\/www.eldiario.net\/portal\/wp-content\/uploads\/2024\/10\/1-PRINCIPAL-7.jpg\" title=\"1--PRINCIPAL\"  data-caption=\"\"  data-description=\"\">\r\n                                <img decoding=\"async\" src=\"https:\/\/www.eldiario.net\/portal\/wp-content\/uploads\/2024\/10\/1-PRINCIPAL-7-839x420.jpg\" srcset=\"https:\/\/www.eldiario.net\/portal\/wp-content\/uploads\/2024\/10\/1-PRINCIPAL-7-839x420.jpg 839w, https:\/\/www.eldiario.net\/portal\/wp-content\/uploads\/2024\/10\/1-PRINCIPAL-7-300x150.jpg 300w, https:\/\/www.eldiario.net\/portal\/wp-content\/uploads\/2024\/10\/1-PRINCIPAL-7-1024x512.jpg 1024w, https:\/\/www.eldiario.net\/portal\/wp-content\/uploads\/2024\/10\/1-PRINCIPAL-7-768x384.jpg 768w, https:\/\/www.eldiario.net\/portal\/wp-content\/uploads\/2024\/10\/1-PRINCIPAL-7-696x348.jpg 696w, https:\/\/www.eldiario.net\/portal\/wp-content\/uploads\/2024\/10\/1-PRINCIPAL-7-1068x534.jpg 1068w, https:\/\/www.eldiario.net\/portal\/wp-content\/uploads\/2024\/10\/1-PRINCIPAL-7.jpg 1181w\" sizes=\"(max-width: 839px) 100vw, 839px\" alt=\"\">\r\n                            <\/a>\r\n                            \r\n                        <\/figure>\r\n                    <\/div>\r\n                    <div class = \"td-slide-item td-item2\">\r\n                        <figure class=\"td-slide-galery-figure td-slide-popup-gallery\">\r\n                            <a class=\"slide-gallery-image-link\" href=\"https:\/\/www.eldiario.net\/portal\/wp-content\/uploads\/2024\/10\/2-8.jpg\" title=\"2\"  data-caption=\"\"  data-description=\"\">\r\n                                <img decoding=\"async\" src=\"https:\/\/www.eldiario.net\/portal\/wp-content\/uploads\/2024\/10\/2-8-909x420.jpg\" srcset=\"https:\/\/www.eldiario.net\/portal\/wp-content\/uploads\/2024\/10\/2-8-909x420.jpg 909w, https:\/\/www.eldiario.net\/portal\/wp-content\/uploads\/2024\/10\/2-8-300x139.jpg 300w, https:\/\/www.eldiario.net\/portal\/wp-content\/uploads\/2024\/10\/2-8-1024x473.jpg 1024w, https:\/\/www.eldiario.net\/portal\/wp-content\/uploads\/2024\/10\/2-8-768x355.jpg 768w, https:\/\/www.eldiario.net\/portal\/wp-content\/uploads\/2024\/10\/2-8-696x322.jpg 696w, https:\/\/www.eldiario.net\/portal\/wp-content\/uploads\/2024\/10\/2-8-1068x494.jpg 1068w, https:\/\/www.eldiario.net\/portal\/wp-content\/uploads\/2024\/10\/2-8.jpg 1246w\" sizes=\"(max-width: 909px) 100vw, 909px\" alt=\"\">\r\n                            <\/a>\r\n                            \r\n                        <\/figure>\r\n                    <\/div>\r\n                    <div class = \"td-slide-item td-item3\">\r\n                        <figure class=\"td-slide-galery-figure td-slide-popup-gallery\">\r\n                            <a class=\"slide-gallery-image-link\" href=\"https:\/\/www.eldiario.net\/portal\/wp-content\/uploads\/2024\/10\/3-9.jpg\" title=\"3\"  data-caption=\"\"  data-description=\"\">\r\n                                <img decoding=\"async\" src=\"https:\/\/www.eldiario.net\/portal\/wp-content\/uploads\/2024\/10\/3-9-285x420.jpg\" srcset=\"https:\/\/www.eldiario.net\/portal\/wp-content\/uploads\/2024\/10\/3-9-285x420.jpg 285w, https:\/\/www.eldiario.net\/portal\/wp-content\/uploads\/2024\/10\/3-9-203x300.jpg 203w, https:\/\/www.eldiario.net\/portal\/wp-content\/uploads\/2024\/10\/3-9-694x1024.jpg 694w, https:\/\/www.eldiario.net\/portal\/wp-content\/uploads\/2024\/10\/3-9-768x1133.jpg 768w, https:\/\/www.eldiario.net\/portal\/wp-content\/uploads\/2024\/10\/3-9-1042x1536.jpg 1042w, https:\/\/www.eldiario.net\/portal\/wp-content\/uploads\/2024\/10\/3-9-696x1026.jpg 696w, https:\/\/www.eldiario.net\/portal\/wp-content\/uploads\/2024\/10\/3-9-1068x1575.jpg 1068w, https:\/\/www.eldiario.net\/portal\/wp-content\/uploads\/2024\/10\/3-9.jpg 1085w\" sizes=\"(max-width: 285px) 100vw, 285px\" alt=\"\">\r\n                            <\/a>\r\n                            \r\n                        <\/figure>\r\n                    <\/div>\r\n                    <div class = \"td-slide-item td-item4\">\r\n                        <figure class=\"td-slide-galery-figure td-slide-popup-gallery\">\r\n                            <a class=\"slide-gallery-image-link\" href=\"https:\/\/www.eldiario.net\/portal\/wp-content\/uploads\/2024\/10\/4-11.jpg\" title=\"4\"  data-caption=\"\"  data-description=\"\">\r\n                                <img decoding=\"async\" src=\"https:\/\/www.eldiario.net\/portal\/wp-content\/uploads\/2024\/10\/4-11-777x420.jpg\" srcset=\"https:\/\/www.eldiario.net\/portal\/wp-content\/uploads\/2024\/10\/4-11-777x420.jpg 777w, https:\/\/www.eldiario.net\/portal\/wp-content\/uploads\/2024\/10\/4-11-300x162.jpg 300w, https:\/\/www.eldiario.net\/portal\/wp-content\/uploads\/2024\/10\/4-11-1024x554.jpg 1024w, https:\/\/www.eldiario.net\/portal\/wp-content\/uploads\/2024\/10\/4-11-768x415.jpg 768w, https:\/\/www.eldiario.net\/portal\/wp-content\/uploads\/2024\/10\/4-11-696x376.jpg 696w, https:\/\/www.eldiario.net\/portal\/wp-content\/uploads\/2024\/10\/4-11.jpg 1065w\" sizes=\"(max-width: 777px) 100vw, 777px\" alt=\"\">\r\n                            <\/a>\r\n                            \r\n                        <\/figure>\r\n                    <\/div>\r\n                    <div class = \"td-slide-item td-item5\">\r\n                        <figure class=\"td-slide-galery-figure td-slide-popup-gallery\">\r\n                            <a class=\"slide-gallery-image-link\" href=\"https:\/\/www.eldiario.net\/portal\/wp-content\/uploads\/2024\/10\/5-8.jpg\" title=\"5\"  data-caption=\"\"  data-description=\"\">\r\n                                <img decoding=\"async\" src=\"https:\/\/www.eldiario.net\/portal\/wp-content\/uploads\/2024\/10\/5-8-280x420.jpg\" srcset=\"https:\/\/www.eldiario.net\/portal\/wp-content\/uploads\/2024\/10\/5-8-280x420.jpg 280w, https:\/\/www.eldiario.net\/portal\/wp-content\/uploads\/2024\/10\/5-8-200x300.jpg 200w, https:\/\/www.eldiario.net\/portal\/wp-content\/uploads\/2024\/10\/5-8-682x1024.jpg 682w, https:\/\/www.eldiario.net\/portal\/wp-content\/uploads\/2024\/10\/5-8-768x1152.jpg 768w, https:\/\/www.eldiario.net\/portal\/wp-content\/uploads\/2024\/10\/5-8-696x1044.jpg 696w, https:\/\/www.eldiario.net\/portal\/wp-content\/uploads\/2024\/10\/5-8.jpg 853w\" sizes=\"(max-width: 280px) 100vw, 280px\" alt=\"\">\r\n                            <\/a>\r\n                            \r\n                        <\/figure>\r\n                    <\/div>\r\n                    <div class = \"td-slide-item td-item6\">\r\n                        <figure class=\"td-slide-galery-figure td-slide-popup-gallery\">\r\n                            <a class=\"slide-gallery-image-link\" href=\"https:\/\/www.eldiario.net\/portal\/wp-content\/uploads\/2024\/10\/6-7.jpg\" title=\"6\"  data-caption=\"\"  data-description=\"\">\r\n                                <img decoding=\"async\" src=\"https:\/\/www.eldiario.net\/portal\/wp-content\/uploads\/2024\/10\/6-7-841x420.jpg\" srcset=\"https:\/\/www.eldiario.net\/portal\/wp-content\/uploads\/2024\/10\/6-7-841x420.jpg 841w, https:\/\/www.eldiario.net\/portal\/wp-content\/uploads\/2024\/10\/6-7-300x150.jpg 300w, https:\/\/www.eldiario.net\/portal\/wp-content\/uploads\/2024\/10\/6-7-1024x511.jpg 1024w, https:\/\/www.eldiario.net\/portal\/wp-content\/uploads\/2024\/10\/6-7-768x383.jpg 768w, https:\/\/www.eldiario.net\/portal\/wp-content\/uploads\/2024\/10\/6-7-696x347.jpg 696w, https:\/\/www.eldiario.net\/portal\/wp-content\/uploads\/2024\/10\/6-7-1068x533.jpg 1068w, https:\/\/www.eldiario.net\/portal\/wp-content\/uploads\/2024\/10\/6-7.jpg 1154w\" sizes=\"(max-width: 841px) 100vw, 841px\" alt=\"\">\r\n                            <\/a>\r\n                            \r\n                        <\/figure>\r\n                    <\/div>\r\n                    <div class = \"td-slide-item td-item7\">\r\n                        <figure class=\"td-slide-galery-figure td-slide-popup-gallery\">\r\n                            <a class=\"slide-gallery-image-link\" href=\"https:\/\/www.eldiario.net\/portal\/wp-content\/uploads\/2024\/10\/7-7.jpg\" title=\"7\"  data-caption=\"\"  data-description=\"\">\r\n                                <img decoding=\"async\" src=\"https:\/\/www.eldiario.net\/portal\/wp-content\/uploads\/2024\/10\/7-7-933x420.jpg\" srcset=\"https:\/\/www.eldiario.net\/portal\/wp-content\/uploads\/2024\/10\/7-7-933x420.jpg 933w, https:\/\/www.eldiario.net\/portal\/wp-content\/uploads\/2024\/10\/7-7-300x135.jpg 300w, https:\/\/www.eldiario.net\/portal\/wp-content\/uploads\/2024\/10\/7-7-1024x461.jpg 1024w, https:\/\/www.eldiario.net\/portal\/wp-content\/uploads\/2024\/10\/7-7-768x346.jpg 768w, https:\/\/www.eldiario.net\/portal\/wp-content\/uploads\/2024\/10\/7-7-696x313.jpg 696w, https:\/\/www.eldiario.net\/portal\/wp-content\/uploads\/2024\/10\/7-7-1068x481.jpg 1068w, https:\/\/www.eldiario.net\/portal\/wp-content\/uploads\/2024\/10\/7-7.jpg 1280w\" sizes=\"(max-width: 933px) 100vw, 933px\" alt=\"\">\r\n                            <\/a>\r\n                            \r\n                        <\/figure>\r\n                    <\/div>\r\n                    <div class = \"td-slide-item td-item8\">\r\n                        <figure class=\"td-slide-galery-figure td-slide-popup-gallery\">\r\n                            <a class=\"slide-gallery-image-link\" href=\"https:\/\/www.eldiario.net\/portal\/wp-content\/uploads\/2024\/10\/8-la-peluca-.jpg\" title=\"8-la-peluca-\"  data-caption=\"\"  data-description=\"\">\r\n                                <img decoding=\"async\" src=\"https:\/\/www.eldiario.net\/portal\/wp-content\/uploads\/2024\/10\/8-la-peluca--200x420.jpg\" srcset=\"https:\/\/www.eldiario.net\/portal\/wp-content\/uploads\/2024\/10\/8-la-peluca--200x420.jpg 200w, https:\/\/www.eldiario.net\/portal\/wp-content\/uploads\/2024\/10\/8-la-peluca--143x300.jpg 143w, https:\/\/www.eldiario.net\/portal\/wp-content\/uploads\/2024\/10\/8-la-peluca-.jpg 261w\" sizes=\"(max-width: 200px) 100vw, 200px\" alt=\"\">\r\n                            <\/a>\r\n                            \r\n                        <\/figure>\r\n                    <\/div>\r\n                    <div class = \"td-slide-item td-item9\">\r\n                        <figure class=\"td-slide-galery-figure td-slide-popup-gallery\">\r\n                            <a class=\"slide-gallery-image-link\" href=\"https:\/\/www.eldiario.net\/portal\/wp-content\/uploads\/2024\/10\/9-3.jpg\" title=\"9\"  data-caption=\"\"  data-description=\"\">\r\n                                <img decoding=\"async\" src=\"https:\/\/www.eldiario.net\/portal\/wp-content\/uploads\/2024\/10\/9-3-280x420.jpg\" srcset=\"https:\/\/www.eldiario.net\/portal\/wp-content\/uploads\/2024\/10\/9-3-280x420.jpg 280w, https:\/\/www.eldiario.net\/portal\/wp-content\/uploads\/2024\/10\/9-3-200x300.jpg 200w, https:\/\/www.eldiario.net\/portal\/wp-content\/uploads\/2024\/10\/9-3-682x1024.jpg 682w, https:\/\/www.eldiario.net\/portal\/wp-content\/uploads\/2024\/10\/9-3-768x1153.jpg 768w, https:\/\/www.eldiario.net\/portal\/wp-content\/uploads\/2024\/10\/9-3-1023x1536.jpg 1023w, https:\/\/www.eldiario.net\/portal\/wp-content\/uploads\/2024\/10\/9-3-696x1045.jpg 696w, https:\/\/www.eldiario.net\/portal\/wp-content\/uploads\/2024\/10\/9-3.jpg 1066w\" sizes=\"(max-width: 280px) 100vw, 280px\" alt=\"\">\r\n                            <\/a>\r\n                            \r\n                        <\/figure>\r\n                    <\/div>\r\n                    <div class = \"td-slide-item td-item10\">\r\n                        <figure class=\"td-slide-galery-figure td-slide-popup-gallery\">\r\n                            <a class=\"slide-gallery-image-link\" href=\"https:\/\/www.eldiario.net\/portal\/wp-content\/uploads\/2024\/10\/10-1.jpg\" title=\"10\"  data-caption=\"\"  data-description=\"\">\r\n                                <img decoding=\"async\" src=\"https:\/\/www.eldiario.net\/portal\/wp-content\/uploads\/2024\/10\/10-1-285x420.jpg\" srcset=\"https:\/\/www.eldiario.net\/portal\/wp-content\/uploads\/2024\/10\/10-1-285x420.jpg 285w, https:\/\/www.eldiario.net\/portal\/wp-content\/uploads\/2024\/10\/10-1-203x300.jpg 203w, https:\/\/www.eldiario.net\/portal\/wp-content\/uploads\/2024\/10\/10-1-694x1024.jpg 694w, https:\/\/www.eldiario.net\/portal\/wp-content\/uploads\/2024\/10\/10-1-768x1133.jpg 768w, https:\/\/www.eldiario.net\/portal\/wp-content\/uploads\/2024\/10\/10-1-1042x1536.jpg 1042w, https:\/\/www.eldiario.net\/portal\/wp-content\/uploads\/2024\/10\/10-1-696x1026.jpg 696w, https:\/\/www.eldiario.net\/portal\/wp-content\/uploads\/2024\/10\/10-1-1068x1575.jpg 1068w, https:\/\/www.eldiario.net\/portal\/wp-content\/uploads\/2024\/10\/10-1.jpg 1085w\" sizes=\"(max-width: 285px) 100vw, 285px\" alt=\"\">\r\n                            <\/a>\r\n                            \r\n                        <\/figure>\r\n                    <\/div>\r\n                            <\/div>\r\n                        <\/div>\r\n\r\n                        <div class = \"td-doubleSlider-2\">\r\n                            <div class = \"td-slider\">\r\n                                \r\n                    <div class = \"td-button td-item1\">\r\n                        <div class = \"td-border\"><\/div>\r\n                    <\/div>\r\n                    <div class = \"td-button td-item2\">\r\n                        <div class = \"td-border\"><\/div>\r\n                    <\/div>\r\n                    <div class = \"td-button td-item3\">\r\n                        <div class = \"td-border\"><\/div>\r\n                    <\/div>\r\n                    <div class = \"td-button td-item4\">\r\n                        <div class = \"td-border\"><\/div>\r\n                    <\/div>\r\n                    <div class = \"td-button td-item5\">\r\n                        <div class = \"td-border\"><\/div>\r\n                    <\/div>\r\n                    <div class = \"td-button td-item6\">\r\n                        <div class = \"td-border\"><\/div>\r\n                    <\/div>\r\n                    <div class = \"td-button td-item7\">\r\n                        <div class = \"td-border\"><\/div>\r\n                    <\/div>\r\n                    <div class = \"td-button td-item8\">\r\n                        <div class = \"td-border\"><\/div>\r\n                    <\/div>\r\n                    <div class = \"td-button td-item9\">\r\n                        <div class = \"td-border\"><\/div>\r\n                    <\/div>\r\n                    <div class = \"td-button td-item10\">\r\n                        <div class = \"td-border\"><\/div>\r\n                    <\/div>\r\n                            <\/div>\r\n                        <\/div>\r\n\r\n                    <\/div>\r\n\r\n                <\/div>\r\n                \n","protected":false},"excerpt":{"rendered":"<p>La Asociaci\u00f3n Boliviana de Actores (ABDA) festeja sus 75 a\u00f1os de vida con un festival teatral apto para todo p\u00fablico en el Teatro Municipal \u201cAlberto Saavedra P\u00e9rez\u201d (Calle Genaro Sanjin\u00e9s, entre Indaburo e Ingavi). El evento, denominado \u201cFestiteatro ABAD 2024 \u2013 Teatro para todos\u201d, comenz\u00f3 ayer con las obras \u201cAlicia en el pa\u00eds de las [&hellip;]<\/p>\n","protected":false},"author":1,"featured_media":255864,"comment_status":"closed","ping_status":"open","sticky":false,"template":"","format":"standard","meta":{"_acf_changed":false,"footnotes":""},"categories":[41],"tags":[],"class_list":["post-255863","post","type-post","status-publish","format-standard","has-post-thumbnail","category-la-guia"],"acf":{"antetitulo":""},"yoast_head":"<!-- This site is optimized with the Yoast SEO plugin v28.4 - https:\/\/yoast.com\/product\/yoast-seo-wordpress\/ -->\n<title>Asociaci\u00f3n Boliviana de Actores celebra aniversario con festival teatral - El Diario - Bolivia<\/title>\n<meta name=\"robots\" content=\"index, follow, max-snippet:-1, max-image-preview:large, max-video-preview:-1\" \/>\n<link rel=\"canonical\" href=\"https:\/\/www.eldiario.net\/portal\/2024\/10\/23\/asociacion-boliviana-de-actores-celebra-aniversario-con-festival-teatral\/\" \/>\n<meta property=\"og:locale\" content=\"es_ES\" \/>\n<meta property=\"og:type\" content=\"article\" \/>\n<meta property=\"og:title\" content=\"Asociaci\u00f3n Boliviana de Actores celebra aniversario con festival teatral - El Diario - Bolivia\" \/>\n<meta property=\"og:description\" content=\"La Asociaci\u00f3n Boliviana de Actores (ABDA) festeja sus 75 a\u00f1os de vida con un festival teatral apto para todo p\u00fablico en el Teatro Municipal \u201cAlberto Saavedra P\u00e9rez\u201d (Calle Genaro Sanjin\u00e9s, entre Indaburo e Ingavi). El evento, denominado \u201cFestiteatro ABAD 2024 \u2013 Teatro para todos\u201d, comenz\u00f3 ayer con las obras \u201cAlicia en el pa\u00eds de las [&hellip;]\" \/>\n<meta property=\"og:url\" content=\"https:\/\/www.eldiario.net\/portal\/2024\/10\/23\/asociacion-boliviana-de-actores-celebra-aniversario-con-festival-teatral\/\" \/>\n<meta property=\"og:site_name\" content=\"El Diario - Bolivia\" \/>\n<meta property=\"article:publisher\" content=\"https:\/\/www.facebook.com\/eldiario.bolivia\/\" \/>\n<meta property=\"article:published_time\" content=\"2024-10-23T08:56:54+00:00\" \/>\n<meta property=\"og:image\" content=\"https:\/\/www.eldiario.net\/portal\/wp-content\/uploads\/2024\/10\/1-PRINCIPAL-7.jpg\" \/>\n\t<meta property=\"og:image:width\" content=\"1181\" \/>\n\t<meta property=\"og:image:height\" content=\"591\" \/>\n\t<meta property=\"og:image:type\" content=\"image\/jpeg\" \/>\n<meta name=\"author\" content=\"Jeanette\" \/>\n<meta name=\"twitter:card\" content=\"summary_large_image\" \/>\n<meta name=\"twitter:creator\" content=\"@eldiario_net\" \/>\n<meta name=\"twitter:site\" content=\"@eldiario_net\" \/>\n<meta name=\"twitter:label1\" content=\"Escrito por\" \/>\n\t<meta name=\"twitter:data1\" content=\"Jeanette\" \/>\n\t<meta name=\"twitter:label2\" content=\"Tiempo de lectura\" \/>\n\t<meta name=\"twitter:data2\" content=\"5 minutos\" \/>\n<script type=\"application\/ld+json\" class=\"yoast-schema-graph\">{\"@context\":\"https:\\\/\\\/schema.org\",\"@graph\":[{\"@type\":\"Article\",\"@id\":\"https:\\\/\\\/www.eldiario.net\\\/portal\\\/2024\\\/10\\\/23\\\/asociacion-boliviana-de-actores-celebra-aniversario-con-festival-teatral\\\/#article\",\"isPartOf\":{\"@id\":\"https:\\\/\\\/www.eldiario.net\\\/portal\\\/2024\\\/10\\\/23\\\/asociacion-boliviana-de-actores-celebra-aniversario-con-festival-teatral\\\/\"},\"author\":{\"name\":\"Jeanette\",\"@id\":\"https:\\\/\\\/www.eldiario.net\\\/portal\\\/#\\\/schema\\\/person\\\/2c57cf2b7a7ae032e449e4c9b1019eac\"},\"headline\":\"Asociaci\u00f3n Boliviana de Actores celebra aniversario con festival teatral\",\"datePublished\":\"2024-10-23T08:56:54+00:00\",\"mainEntityOfPage\":{\"@id\":\"https:\\\/\\\/www.eldiario.net\\\/portal\\\/2024\\\/10\\\/23\\\/asociacion-boliviana-de-actores-celebra-aniversario-con-festival-teatral\\\/\"},\"wordCount\":1089,\"publisher\":{\"@id\":\"https:\\\/\\\/www.eldiario.net\\\/portal\\\/#organization\"},\"image\":{\"@id\":\"https:\\\/\\\/www.eldiario.net\\\/portal\\\/2024\\\/10\\\/23\\\/asociacion-boliviana-de-actores-celebra-aniversario-con-festival-teatral\\\/#primaryimage\"},\"thumbnailUrl\":\"https:\\\/\\\/www.eldiario.net\\\/portal\\\/wp-content\\\/uploads\\\/2024\\\/10\\\/1-PRINCIPAL-7.jpg\",\"articleSection\":[\"La Gu\u00eda\"],\"inLanguage\":\"es\"},{\"@type\":\"WebPage\",\"@id\":\"https:\\\/\\\/www.eldiario.net\\\/portal\\\/2024\\\/10\\\/23\\\/asociacion-boliviana-de-actores-celebra-aniversario-con-festival-teatral\\\/\",\"url\":\"https:\\\/\\\/www.eldiario.net\\\/portal\\\/2024\\\/10\\\/23\\\/asociacion-boliviana-de-actores-celebra-aniversario-con-festival-teatral\\\/\",\"name\":\"Asociaci\u00f3n Boliviana de Actores celebra aniversario con festival teatral - El Diario - Bolivia\",\"isPartOf\":{\"@id\":\"https:\\\/\\\/www.eldiario.net\\\/portal\\\/#website\"},\"primaryImageOfPage\":{\"@id\":\"https:\\\/\\\/www.eldiario.net\\\/portal\\\/2024\\\/10\\\/23\\\/asociacion-boliviana-de-actores-celebra-aniversario-con-festival-teatral\\\/#primaryimage\"},\"image\":{\"@id\":\"https:\\\/\\\/www.eldiario.net\\\/portal\\\/2024\\\/10\\\/23\\\/asociacion-boliviana-de-actores-celebra-aniversario-con-festival-teatral\\\/#primaryimage\"},\"thumbnailUrl\":\"https:\\\/\\\/www.eldiario.net\\\/portal\\\/wp-content\\\/uploads\\\/2024\\\/10\\\/1-PRINCIPAL-7.jpg\",\"datePublished\":\"2024-10-23T08:56:54+00:00\",\"breadcrumb\":{\"@id\":\"https:\\\/\\\/www.eldiario.net\\\/portal\\\/2024\\\/10\\\/23\\\/asociacion-boliviana-de-actores-celebra-aniversario-con-festival-teatral\\\/#breadcrumb\"},\"inLanguage\":\"es\",\"potentialAction\":[{\"@type\":\"ReadAction\",\"target\":[\"https:\\\/\\\/www.eldiario.net\\\/portal\\\/2024\\\/10\\\/23\\\/asociacion-boliviana-de-actores-celebra-aniversario-con-festival-teatral\\\/\"]}]},{\"@type\":\"ImageObject\",\"inLanguage\":\"es\",\"@id\":\"https:\\\/\\\/www.eldiario.net\\\/portal\\\/2024\\\/10\\\/23\\\/asociacion-boliviana-de-actores-celebra-aniversario-con-festival-teatral\\\/#primaryimage\",\"url\":\"https:\\\/\\\/www.eldiario.net\\\/portal\\\/wp-content\\\/uploads\\\/2024\\\/10\\\/1-PRINCIPAL-7.jpg\",\"contentUrl\":\"https:\\\/\\\/www.eldiario.net\\\/portal\\\/wp-content\\\/uploads\\\/2024\\\/10\\\/1-PRINCIPAL-7.jpg\",\"width\":1181,\"height\":591},{\"@type\":\"BreadcrumbList\",\"@id\":\"https:\\\/\\\/www.eldiario.net\\\/portal\\\/2024\\\/10\\\/23\\\/asociacion-boliviana-de-actores-celebra-aniversario-con-festival-teatral\\\/#breadcrumb\",\"itemListElement\":[{\"@type\":\"ListItem\",\"position\":1,\"name\":\"Portada\",\"item\":\"https:\\\/\\\/www.eldiario.net\\\/portal\\\/\"},{\"@type\":\"ListItem\",\"position\":2,\"name\":\"Asociaci\u00f3n Boliviana de Actores celebra aniversario con festival teatral\"}]},{\"@type\":\"WebSite\",\"@id\":\"https:\\\/\\\/www.eldiario.net\\\/portal\\\/#website\",\"url\":\"https:\\\/\\\/www.eldiario.net\\\/portal\\\/\",\"name\":\"El Diario - Decano de la prensa nacional\",\"description\":\"El Diario - Decano de la prensa nacional\",\"publisher\":{\"@id\":\"https:\\\/\\\/www.eldiario.net\\\/portal\\\/#organization\"},\"potentialAction\":[{\"@type\":\"SearchAction\",\"target\":{\"@type\":\"EntryPoint\",\"urlTemplate\":\"https:\\\/\\\/www.eldiario.net\\\/portal\\\/?s={search_term_string}\"},\"query-input\":{\"@type\":\"PropertyValueSpecification\",\"valueRequired\":true,\"valueName\":\"search_term_string\"}}],\"inLanguage\":\"es\"},{\"@type\":\"Organization\",\"@id\":\"https:\\\/\\\/www.eldiario.net\\\/portal\\\/#organization\",\"name\":\"El Diario - Decano de la prensa nacional\",\"url\":\"https:\\\/\\\/www.eldiario.net\\\/portal\\\/\",\"logo\":{\"@type\":\"ImageObject\",\"inLanguage\":\"es\",\"@id\":\"https:\\\/\\\/www.eldiario.net\\\/portal\\\/#\\\/schema\\\/logo\\\/image\\\/\",\"url\":\"https:\\\/\\\/www.eldiario.net\\\/portal\\\/wp-content\\\/uploads\\\/2023\\\/07\\\/logo_ED.jpg\",\"contentUrl\":\"https:\\\/\\\/www.eldiario.net\\\/portal\\\/wp-content\\\/uploads\\\/2023\\\/07\\\/logo_ED.jpg\",\"width\":272,\"height\":52,\"caption\":\"El Diario - Decano de la prensa nacional\"},\"image\":{\"@id\":\"https:\\\/\\\/www.eldiario.net\\\/portal\\\/#\\\/schema\\\/logo\\\/image\\\/\"},\"sameAs\":[\"https:\\\/\\\/www.facebook.com\\\/eldiario.bolivia\\\/\",\"https:\\\/\\\/x.com\\\/eldiario_net\"]},{\"@type\":\"Person\",\"@id\":\"https:\\\/\\\/www.eldiario.net\\\/portal\\\/#\\\/schema\\\/person\\\/2c57cf2b7a7ae032e449e4c9b1019eac\",\"name\":\"Jeanette\",\"image\":{\"@type\":\"ImageObject\",\"inLanguage\":\"es\",\"@id\":\"https:\\\/\\\/secure.gravatar.com\\\/avatar\\\/3ea2118a5f7dad2b7138b1187a6b7ee55f160b9968b66013c3a3ef39dd7e5798?s=96&d=mm&r=g\",\"url\":\"https:\\\/\\\/secure.gravatar.com\\\/avatar\\\/3ea2118a5f7dad2b7138b1187a6b7ee55f160b9968b66013c3a3ef39dd7e5798?s=96&d=mm&r=g\",\"contentUrl\":\"https:\\\/\\\/secure.gravatar.com\\\/avatar\\\/3ea2118a5f7dad2b7138b1187a6b7ee55f160b9968b66013c3a3ef39dd7e5798?s=96&d=mm&r=g\",\"caption\":\"Jeanette\"},\"sameAs\":[\"https:\\\/\\\/www.eldiario.net\\\/portal\"],\"url\":\"https:\\\/\\\/www.eldiario.net\\\/portal\\\/author\\\/jeanette\\\/\"}]}<\/script>\n<!-- \/ Yoast SEO plugin. -->","yoast_head_json":{"title":"Asociaci\u00f3n Boliviana de Actores celebra aniversario con festival teatral - El Diario - Bolivia","robots":{"index":"index","follow":"follow","max-snippet":"max-snippet:-1","max-image-preview":"max-image-preview:large","max-video-preview":"max-video-preview:-1"},"canonical":"https:\/\/www.eldiario.net\/portal\/2024\/10\/23\/asociacion-boliviana-de-actores-celebra-aniversario-con-festival-teatral\/","og_locale":"es_ES","og_type":"article","og_title":"Asociaci\u00f3n Boliviana de Actores celebra aniversario con festival teatral - El Diario - Bolivia","og_description":"La Asociaci\u00f3n Boliviana de Actores (ABDA) festeja sus 75 a\u00f1os de vida con un festival teatral apto para todo p\u00fablico en el Teatro Municipal \u201cAlberto Saavedra P\u00e9rez\u201d (Calle Genaro Sanjin\u00e9s, entre Indaburo e Ingavi). El evento, denominado \u201cFestiteatro ABAD 2024 \u2013 Teatro para todos\u201d, comenz\u00f3 ayer con las obras \u201cAlicia en el pa\u00eds de las [&hellip;]","og_url":"https:\/\/www.eldiario.net\/portal\/2024\/10\/23\/asociacion-boliviana-de-actores-celebra-aniversario-con-festival-teatral\/","og_site_name":"El Diario - Bolivia","article_publisher":"https:\/\/www.facebook.com\/eldiario.bolivia\/","article_published_time":"2024-10-23T08:56:54+00:00","og_image":[{"width":1181,"height":591,"url":"https:\/\/www.eldiario.net\/portal\/wp-content\/uploads\/2024\/10\/1-PRINCIPAL-7.jpg","type":"image\/jpeg"}],"author":"Jeanette","twitter_card":"summary_large_image","twitter_creator":"@eldiario_net","twitter_site":"@eldiario_net","twitter_misc":{"Escrito por":"Jeanette","Tiempo de lectura":"5 minutos"},"schema":{"@context":"https:\/\/schema.org","@graph":[{"@type":"Article","@id":"https:\/\/www.eldiario.net\/portal\/2024\/10\/23\/asociacion-boliviana-de-actores-celebra-aniversario-con-festival-teatral\/#article","isPartOf":{"@id":"https:\/\/www.eldiario.net\/portal\/2024\/10\/23\/asociacion-boliviana-de-actores-celebra-aniversario-con-festival-teatral\/"},"author":{"name":"Jeanette","@id":"https:\/\/www.eldiario.net\/portal\/#\/schema\/person\/2c57cf2b7a7ae032e449e4c9b1019eac"},"headline":"Asociaci\u00f3n Boliviana de Actores celebra aniversario con festival teatral","datePublished":"2024-10-23T08:56:54+00:00","mainEntityOfPage":{"@id":"https:\/\/www.eldiario.net\/portal\/2024\/10\/23\/asociacion-boliviana-de-actores-celebra-aniversario-con-festival-teatral\/"},"wordCount":1089,"publisher":{"@id":"https:\/\/www.eldiario.net\/portal\/#organization"},"image":{"@id":"https:\/\/www.eldiario.net\/portal\/2024\/10\/23\/asociacion-boliviana-de-actores-celebra-aniversario-con-festival-teatral\/#primaryimage"},"thumbnailUrl":"https:\/\/www.eldiario.net\/portal\/wp-content\/uploads\/2024\/10\/1-PRINCIPAL-7.jpg","articleSection":["La Gu\u00eda"],"inLanguage":"es"},{"@type":"WebPage","@id":"https:\/\/www.eldiario.net\/portal\/2024\/10\/23\/asociacion-boliviana-de-actores-celebra-aniversario-con-festival-teatral\/","url":"https:\/\/www.eldiario.net\/portal\/2024\/10\/23\/asociacion-boliviana-de-actores-celebra-aniversario-con-festival-teatral\/","name":"Asociaci\u00f3n Boliviana de Actores celebra aniversario con festival teatral - El Diario - Bolivia","isPartOf":{"@id":"https:\/\/www.eldiario.net\/portal\/#website"},"primaryImageOfPage":{"@id":"https:\/\/www.eldiario.net\/portal\/2024\/10\/23\/asociacion-boliviana-de-actores-celebra-aniversario-con-festival-teatral\/#primaryimage"},"image":{"@id":"https:\/\/www.eldiario.net\/portal\/2024\/10\/23\/asociacion-boliviana-de-actores-celebra-aniversario-con-festival-teatral\/#primaryimage"},"thumbnailUrl":"https:\/\/www.eldiario.net\/portal\/wp-content\/uploads\/2024\/10\/1-PRINCIPAL-7.jpg","datePublished":"2024-10-23T08:56:54+00:00","breadcrumb":{"@id":"https:\/\/www.eldiario.net\/portal\/2024\/10\/23\/asociacion-boliviana-de-actores-celebra-aniversario-con-festival-teatral\/#breadcrumb"},"inLanguage":"es","potentialAction":[{"@type":"ReadAction","target":["https:\/\/www.eldiario.net\/portal\/2024\/10\/23\/asociacion-boliviana-de-actores-celebra-aniversario-con-festival-teatral\/"]}]},{"@type":"ImageObject","inLanguage":"es","@id":"https:\/\/www.eldiario.net\/portal\/2024\/10\/23\/asociacion-boliviana-de-actores-celebra-aniversario-con-festival-teatral\/#primaryimage","url":"https:\/\/www.eldiario.net\/portal\/wp-content\/uploads\/2024\/10\/1-PRINCIPAL-7.jpg","contentUrl":"https:\/\/www.eldiario.net\/portal\/wp-content\/uploads\/2024\/10\/1-PRINCIPAL-7.jpg","width":1181,"height":591},{"@type":"BreadcrumbList","@id":"https:\/\/www.eldiario.net\/portal\/2024\/10\/23\/asociacion-boliviana-de-actores-celebra-aniversario-con-festival-teatral\/#breadcrumb","itemListElement":[{"@type":"ListItem","position":1,"name":"Portada","item":"https:\/\/www.eldiario.net\/portal\/"},{"@type":"ListItem","position":2,"name":"Asociaci\u00f3n Boliviana de Actores celebra aniversario con festival teatral"}]},{"@type":"WebSite","@id":"https:\/\/www.eldiario.net\/portal\/#website","url":"https:\/\/www.eldiario.net\/portal\/","name":"El Diario - Decano de la prensa nacional","description":"El Diario - Decano de la prensa nacional","publisher":{"@id":"https:\/\/www.eldiario.net\/portal\/#organization"},"potentialAction":[{"@type":"SearchAction","target":{"@type":"EntryPoint","urlTemplate":"https:\/\/www.eldiario.net\/portal\/?s={search_term_string}"},"query-input":{"@type":"PropertyValueSpecification","valueRequired":true,"valueName":"search_term_string"}}],"inLanguage":"es"},{"@type":"Organization","@id":"https:\/\/www.eldiario.net\/portal\/#organization","name":"El Diario - Decano de la prensa nacional","url":"https:\/\/www.eldiario.net\/portal\/","logo":{"@type":"ImageObject","inLanguage":"es","@id":"https:\/\/www.eldiario.net\/portal\/#\/schema\/logo\/image\/","url":"https:\/\/www.eldiario.net\/portal\/wp-content\/uploads\/2023\/07\/logo_ED.jpg","contentUrl":"https:\/\/www.eldiario.net\/portal\/wp-content\/uploads\/2023\/07\/logo_ED.jpg","width":272,"height":52,"caption":"El Diario - Decano de la prensa nacional"},"image":{"@id":"https:\/\/www.eldiario.net\/portal\/#\/schema\/logo\/image\/"},"sameAs":["https:\/\/www.facebook.com\/eldiario.bolivia\/","https:\/\/x.com\/eldiario_net"]},{"@type":"Person","@id":"https:\/\/www.eldiario.net\/portal\/#\/schema\/person\/2c57cf2b7a7ae032e449e4c9b1019eac","name":"Jeanette","image":{"@type":"ImageObject","inLanguage":"es","@id":"https:\/\/secure.gravatar.com\/avatar\/3ea2118a5f7dad2b7138b1187a6b7ee55f160b9968b66013c3a3ef39dd7e5798?s=96&d=mm&r=g","url":"https:\/\/secure.gravatar.com\/avatar\/3ea2118a5f7dad2b7138b1187a6b7ee55f160b9968b66013c3a3ef39dd7e5798?s=96&d=mm&r=g","contentUrl":"https:\/\/secure.gravatar.com\/avatar\/3ea2118a5f7dad2b7138b1187a6b7ee55f160b9968b66013c3a3ef39dd7e5798?s=96&d=mm&r=g","caption":"Jeanette"},"sameAs":["https:\/\/www.eldiario.net\/portal"],"url":"https:\/\/www.eldiario.net\/portal\/author\/jeanette\/"}]}},"_links":{"self":[{"href":"https:\/\/www.eldiario.net\/portal\/wp-json\/wp\/v2\/posts\/255863","targetHints":{"allow":["GET"]}}],"collection":[{"href":"https:\/\/www.eldiario.net\/portal\/wp-json\/wp\/v2\/posts"}],"about":[{"href":"https:\/\/www.eldiario.net\/portal\/wp-json\/wp\/v2\/types\/post"}],"author":[{"embeddable":true,"href":"https:\/\/www.eldiario.net\/portal\/wp-json\/wp\/v2\/users\/1"}],"replies":[{"embeddable":true,"href":"https:\/\/www.eldiario.net\/portal\/wp-json\/wp\/v2\/comments?post=255863"}],"version-history":[{"count":1,"href":"https:\/\/www.eldiario.net\/portal\/wp-json\/wp\/v2\/posts\/255863\/revisions"}],"predecessor-version":[{"id":255874,"href":"https:\/\/www.eldiario.net\/portal\/wp-json\/wp\/v2\/posts\/255863\/revisions\/255874"}],"wp:featuredmedia":[{"embeddable":true,"href":"https:\/\/www.eldiario.net\/portal\/wp-json\/wp\/v2\/media\/255864"}],"wp:attachment":[{"href":"https:\/\/www.eldiario.net\/portal\/wp-json\/wp\/v2\/media?parent=255863"}],"wp:term":[{"taxonomy":"category","embeddable":true,"href":"https:\/\/www.eldiario.net\/portal\/wp-json\/wp\/v2\/categories?post=255863"},{"taxonomy":"post_tag","embeddable":true,"href":"https:\/\/www.eldiario.net\/portal\/wp-json\/wp\/v2\/tags?post=255863"}],"curies":[{"name":"wp","href":"https:\/\/api.w.org\/{rel}","templated":true}]}}