{"id":255860,"date":"2024-10-23T04:53:34","date_gmt":"2024-10-23T08:53:34","guid":{"rendered":"https:\/\/www.eldiario.net\/portal\/?p=255860"},"modified":"2024-10-23T04:53:34","modified_gmt":"2024-10-23T08:53:34","slug":"hezbola-reconoce-ataques-a-bases-militares-contra-israel","status":"publish","type":"post","link":"https:\/\/www.eldiario.net\/portal\/2024\/10\/23\/hezbola-reconoce-ataques-a-bases-militares-contra-israel\/","title":{"rendered":"Hezbol\u00e1 reconoce ataques a  bases militares contra Israel"},"content":{"rendered":"<p class=\"v1MsoNormal\">El partido-milicia chi\u00ed Hezbol\u00e1 reivindic\u00f3 ayer varios ataques con misiles contra dos bases militares cerca de Tel Aviv y una base naval en la ciudad portuaria de Haifa (norte), sin que las autoridades de Israel se hayan pronunciado por ahora sobre posibles v\u00edctimas o da\u00f1os materiales.<\/p>\n<p class=\"v1MsoNormal\">El grupo se\u00f1al\u00f3 que los ataques son una respuesta a \u00ablas masacres cometidas por el enemigo sionista\u00bb y detall\u00f3 que llev\u00f3 a cabo \u00aboperaciones cualitativas con misiles\u00bb contra estos tres objetivos\u00bb, seg\u00fan inform\u00f3 la cadena de televisi\u00f3n libanesa Al Manar, vinculada a Hezbol\u00e1.<\/p>\n<p class=\"v1MsoNormal\">De esta forma, recalc\u00f3 que \u00abcontin\u00faa apoyando al resiliente pueblo palestino en Gaza y respaldando a su valiente y honorable resistencia\u00bb, as\u00ed como \u00abdefendiendo a L\u00edbano y a su pueblo\u00bb, a trav\u00e9s de \u00abgolpes dolorosos y cualitativos contra el enemigo sionista\u00bb.<\/p>\n<p class=\"v1MsoNormal\">Por su parte, el Ej\u00e9rcito de Israel confirm\u00f3 que durante las \u00faltimas horas registr\u00f3 el disparo de proyectiles desde territorio liban\u00e9s y afirm\u00f3 que varios fueron interceptados, si bien otros habr\u00edan impactado en su territorio, sin que por ahora haya m\u00e1s detalles al respecto.<\/p>\n<p class=\"v1MsoNormal\">El Ej\u00e9rcito israel\u00ed desat\u00f3 el 1 de octubre una nueva invasi\u00f3n de L\u00edbano tras varias semanas de intensos bombardeos y ataques contra el pa\u00eds, incluida la explosi\u00f3n coordinada de miles de dispositivos de comunicaci\u00f3n, despu\u00e9s de m\u00e1s de 11 meses de combates con Hezbol\u00e1.<\/p>\n<p class=\"v1MsoNormal\">El repunte de las hostilidades se enmarca en los enfrentamientos desde hace m\u00e1s de un a\u00f1o, despu\u00e9s de que Hezbol\u00e1 atacara territorio israel\u00ed un d\u00eda despu\u00e9s de los ataques perpetrados el 7 de octubre de 2023 por el Movimiento de Resistencia Isl\u00e1mica (Ham\u00e1s) y otras facciones palestinas, que llevaron a Israel a desatar una cruenta ofensiva contra la Franja de Gaza. (EP)<\/p>\n<p class=\"v1MsoNormal\">\n","protected":false},"excerpt":{"rendered":"<p>El partido-milicia chi\u00ed Hezbol\u00e1 reivindic\u00f3 ayer varios ataques con misiles contra dos bases militares cerca de Tel Aviv y una base naval en la ciudad portuaria de Haifa (norte), sin que las autoridades de Israel se hayan pronunciado por ahora sobre posibles v\u00edctimas o da\u00f1os materiales. El grupo se\u00f1al\u00f3 que los ataques son una respuesta [&hellip;]<\/p>\n","protected":false},"author":1,"featured_media":255861,"comment_status":"closed","ping_status":"open","sticky":false,"template":"","format":"standard","meta":{"_acf_changed":false,"footnotes":""},"categories":[3],"tags":[],"class_list":["post-255860","post","type-post","status-publish","format-standard","has-post-thumbnail","category-internacional"],"acf":{"antetitulo":""},"yoast_head":"<!-- This site is optimized with the Yoast SEO plugin v28.4 - https:\/\/yoast.com\/product\/yoast-seo-wordpress\/ -->\n<title>Hezbol\u00e1 reconoce ataques a bases militares contra Israel - El Diario - Bolivia<\/title>\n<meta name=\"robots\" content=\"index, follow, max-snippet:-1, max-image-preview:large, max-video-preview:-1\" \/>\n<link rel=\"canonical\" href=\"https:\/\/www.eldiario.net\/portal\/2024\/10\/23\/hezbola-reconoce-ataques-a-bases-militares-contra-israel\/\" \/>\n<meta property=\"og:locale\" content=\"es_ES\" \/>\n<meta property=\"og:type\" content=\"article\" \/>\n<meta property=\"og:title\" content=\"Hezbol\u00e1 reconoce ataques a bases militares contra Israel - El Diario - Bolivia\" \/>\n<meta property=\"og:description\" content=\"El partido-milicia chi\u00ed Hezbol\u00e1 reivindic\u00f3 ayer varios ataques con misiles contra dos bases militares cerca de Tel Aviv y una base naval en la ciudad portuaria de Haifa (norte), sin que las autoridades de Israel se hayan pronunciado por ahora sobre posibles v\u00edctimas o da\u00f1os materiales. El grupo se\u00f1al\u00f3 que los ataques son una respuesta [&hellip;]\" \/>\n<meta property=\"og:url\" content=\"https:\/\/www.eldiario.net\/portal\/2024\/10\/23\/hezbola-reconoce-ataques-a-bases-militares-contra-israel\/\" \/>\n<meta property=\"og:site_name\" content=\"El Diario - Bolivia\" \/>\n<meta property=\"article:publisher\" content=\"https:\/\/www.facebook.com\/eldiario.bolivia\/\" \/>\n<meta property=\"article:published_time\" content=\"2024-10-23T08:53:34+00:00\" \/>\n<meta property=\"og:image\" content=\"https:\/\/www.eldiario.net\/portal\/wp-content\/uploads\/2024\/10\/ISRAEL-Europa-Press.jpg\" \/>\n\t<meta property=\"og:image:width\" content=\"690\" \/>\n\t<meta property=\"og:image:height\" content=\"460\" \/>\n\t<meta property=\"og:image:type\" content=\"image\/jpeg\" \/>\n<meta name=\"author\" content=\"Jeanette\" \/>\n<meta name=\"twitter:card\" content=\"summary_large_image\" \/>\n<meta name=\"twitter:creator\" content=\"@eldiario_net\" \/>\n<meta name=\"twitter:site\" content=\"@eldiario_net\" \/>\n<meta name=\"twitter:label1\" content=\"Escrito por\" \/>\n\t<meta name=\"twitter:data1\" content=\"Jeanette\" \/>\n\t<meta name=\"twitter:label2\" content=\"Tiempo de lectura\" \/>\n\t<meta name=\"twitter:data2\" content=\"2 minutos\" \/>\n<script type=\"application\/ld+json\" class=\"yoast-schema-graph\">{\"@context\":\"https:\\\/\\\/schema.org\",\"@graph\":[{\"@type\":\"Article\",\"@id\":\"https:\\\/\\\/www.eldiario.net\\\/portal\\\/2024\\\/10\\\/23\\\/hezbola-reconoce-ataques-a-bases-militares-contra-israel\\\/#article\",\"isPartOf\":{\"@id\":\"https:\\\/\\\/www.eldiario.net\\\/portal\\\/2024\\\/10\\\/23\\\/hezbola-reconoce-ataques-a-bases-militares-contra-israel\\\/\"},\"author\":{\"name\":\"Jeanette\",\"@id\":\"https:\\\/\\\/www.eldiario.net\\\/portal\\\/#\\\/schema\\\/person\\\/2c57cf2b7a7ae032e449e4c9b1019eac\"},\"headline\":\"Hezbol\u00e1 reconoce ataques a bases militares contra Israel\",\"datePublished\":\"2024-10-23T08:53:34+00:00\",\"mainEntityOfPage\":{\"@id\":\"https:\\\/\\\/www.eldiario.net\\\/portal\\\/2024\\\/10\\\/23\\\/hezbola-reconoce-ataques-a-bases-militares-contra-israel\\\/\"},\"wordCount\":311,\"publisher\":{\"@id\":\"https:\\\/\\\/www.eldiario.net\\\/portal\\\/#organization\"},\"image\":{\"@id\":\"https:\\\/\\\/www.eldiario.net\\\/portal\\\/2024\\\/10\\\/23\\\/hezbola-reconoce-ataques-a-bases-militares-contra-israel\\\/#primaryimage\"},\"thumbnailUrl\":\"https:\\\/\\\/www.eldiario.net\\\/portal\\\/wp-content\\\/uploads\\\/2024\\\/10\\\/ISRAEL-Europa-Press.jpg\",\"articleSection\":[\"Internacional\"],\"inLanguage\":\"es\"},{\"@type\":\"WebPage\",\"@id\":\"https:\\\/\\\/www.eldiario.net\\\/portal\\\/2024\\\/10\\\/23\\\/hezbola-reconoce-ataques-a-bases-militares-contra-israel\\\/\",\"url\":\"https:\\\/\\\/www.eldiario.net\\\/portal\\\/2024\\\/10\\\/23\\\/hezbola-reconoce-ataques-a-bases-militares-contra-israel\\\/\",\"name\":\"Hezbol\u00e1 reconoce ataques a bases militares contra Israel - El Diario - Bolivia\",\"isPartOf\":{\"@id\":\"https:\\\/\\\/www.eldiario.net\\\/portal\\\/#website\"},\"primaryImageOfPage\":{\"@id\":\"https:\\\/\\\/www.eldiario.net\\\/portal\\\/2024\\\/10\\\/23\\\/hezbola-reconoce-ataques-a-bases-militares-contra-israel\\\/#primaryimage\"},\"image\":{\"@id\":\"https:\\\/\\\/www.eldiario.net\\\/portal\\\/2024\\\/10\\\/23\\\/hezbola-reconoce-ataques-a-bases-militares-contra-israel\\\/#primaryimage\"},\"thumbnailUrl\":\"https:\\\/\\\/www.eldiario.net\\\/portal\\\/wp-content\\\/uploads\\\/2024\\\/10\\\/ISRAEL-Europa-Press.jpg\",\"datePublished\":\"2024-10-23T08:53:34+00:00\",\"breadcrumb\":{\"@id\":\"https:\\\/\\\/www.eldiario.net\\\/portal\\\/2024\\\/10\\\/23\\\/hezbola-reconoce-ataques-a-bases-militares-contra-israel\\\/#breadcrumb\"},\"inLanguage\":\"es\",\"potentialAction\":[{\"@type\":\"ReadAction\",\"target\":[\"https:\\\/\\\/www.eldiario.net\\\/portal\\\/2024\\\/10\\\/23\\\/hezbola-reconoce-ataques-a-bases-militares-contra-israel\\\/\"]}]},{\"@type\":\"ImageObject\",\"inLanguage\":\"es\",\"@id\":\"https:\\\/\\\/www.eldiario.net\\\/portal\\\/2024\\\/10\\\/23\\\/hezbola-reconoce-ataques-a-bases-militares-contra-israel\\\/#primaryimage\",\"url\":\"https:\\\/\\\/www.eldiario.net\\\/portal\\\/wp-content\\\/uploads\\\/2024\\\/10\\\/ISRAEL-Europa-Press.jpg\",\"contentUrl\":\"https:\\\/\\\/www.eldiario.net\\\/portal\\\/wp-content\\\/uploads\\\/2024\\\/10\\\/ISRAEL-Europa-Press.jpg\",\"width\":690,\"height\":460,\"caption\":\"Imagen referencial. CREDITO: Europa Press\"},{\"@type\":\"BreadcrumbList\",\"@id\":\"https:\\\/\\\/www.eldiario.net\\\/portal\\\/2024\\\/10\\\/23\\\/hezbola-reconoce-ataques-a-bases-militares-contra-israel\\\/#breadcrumb\",\"itemListElement\":[{\"@type\":\"ListItem\",\"position\":1,\"name\":\"Portada\",\"item\":\"https:\\\/\\\/www.eldiario.net\\\/portal\\\/\"},{\"@type\":\"ListItem\",\"position\":2,\"name\":\"Hezbol\u00e1 reconoce ataques a bases militares contra Israel\"}]},{\"@type\":\"WebSite\",\"@id\":\"https:\\\/\\\/www.eldiario.net\\\/portal\\\/#website\",\"url\":\"https:\\\/\\\/www.eldiario.net\\\/portal\\\/\",\"name\":\"El Diario - Decano de la prensa nacional\",\"description\":\"El Diario - Decano de la prensa nacional\",\"publisher\":{\"@id\":\"https:\\\/\\\/www.eldiario.net\\\/portal\\\/#organization\"},\"potentialAction\":[{\"@type\":\"SearchAction\",\"target\":{\"@type\":\"EntryPoint\",\"urlTemplate\":\"https:\\\/\\\/www.eldiario.net\\\/portal\\\/?s={search_term_string}\"},\"query-input\":{\"@type\":\"PropertyValueSpecification\",\"valueRequired\":true,\"valueName\":\"search_term_string\"}}],\"inLanguage\":\"es\"},{\"@type\":\"Organization\",\"@id\":\"https:\\\/\\\/www.eldiario.net\\\/portal\\\/#organization\",\"name\":\"El Diario - Decano de la prensa nacional\",\"url\":\"https:\\\/\\\/www.eldiario.net\\\/portal\\\/\",\"logo\":{\"@type\":\"ImageObject\",\"inLanguage\":\"es\",\"@id\":\"https:\\\/\\\/www.eldiario.net\\\/portal\\\/#\\\/schema\\\/logo\\\/image\\\/\",\"url\":\"https:\\\/\\\/www.eldiario.net\\\/portal\\\/wp-content\\\/uploads\\\/2023\\\/07\\\/logo_ED.jpg\",\"contentUrl\":\"https:\\\/\\\/www.eldiario.net\\\/portal\\\/wp-content\\\/uploads\\\/2023\\\/07\\\/logo_ED.jpg\",\"width\":272,\"height\":52,\"caption\":\"El Diario - Decano de la prensa nacional\"},\"image\":{\"@id\":\"https:\\\/\\\/www.eldiario.net\\\/portal\\\/#\\\/schema\\\/logo\\\/image\\\/\"},\"sameAs\":[\"https:\\\/\\\/www.facebook.com\\\/eldiario.bolivia\\\/\",\"https:\\\/\\\/x.com\\\/eldiario_net\"]},{\"@type\":\"Person\",\"@id\":\"https:\\\/\\\/www.eldiario.net\\\/portal\\\/#\\\/schema\\\/person\\\/2c57cf2b7a7ae032e449e4c9b1019eac\",\"name\":\"Jeanette\",\"image\":{\"@type\":\"ImageObject\",\"inLanguage\":\"es\",\"@id\":\"https:\\\/\\\/secure.gravatar.com\\\/avatar\\\/3ea2118a5f7dad2b7138b1187a6b7ee55f160b9968b66013c3a3ef39dd7e5798?s=96&d=mm&r=g\",\"url\":\"https:\\\/\\\/secure.gravatar.com\\\/avatar\\\/3ea2118a5f7dad2b7138b1187a6b7ee55f160b9968b66013c3a3ef39dd7e5798?s=96&d=mm&r=g\",\"contentUrl\":\"https:\\\/\\\/secure.gravatar.com\\\/avatar\\\/3ea2118a5f7dad2b7138b1187a6b7ee55f160b9968b66013c3a3ef39dd7e5798?s=96&d=mm&r=g\",\"caption\":\"Jeanette\"},\"sameAs\":[\"https:\\\/\\\/www.eldiario.net\\\/portal\"],\"url\":\"https:\\\/\\\/www.eldiario.net\\\/portal\\\/author\\\/jeanette\\\/\"}]}<\/script>\n<!-- \/ Yoast SEO plugin. -->","yoast_head_json":{"title":"Hezbol\u00e1 reconoce ataques a bases militares contra Israel - El Diario - Bolivia","robots":{"index":"index","follow":"follow","max-snippet":"max-snippet:-1","max-image-preview":"max-image-preview:large","max-video-preview":"max-video-preview:-1"},"canonical":"https:\/\/www.eldiario.net\/portal\/2024\/10\/23\/hezbola-reconoce-ataques-a-bases-militares-contra-israel\/","og_locale":"es_ES","og_type":"article","og_title":"Hezbol\u00e1 reconoce ataques a bases militares contra Israel - El Diario - Bolivia","og_description":"El partido-milicia chi\u00ed Hezbol\u00e1 reivindic\u00f3 ayer varios ataques con misiles contra dos bases militares cerca de Tel Aviv y una base naval en la ciudad portuaria de Haifa (norte), sin que las autoridades de Israel se hayan pronunciado por ahora sobre posibles v\u00edctimas o da\u00f1os materiales. El grupo se\u00f1al\u00f3 que los ataques son una respuesta [&hellip;]","og_url":"https:\/\/www.eldiario.net\/portal\/2024\/10\/23\/hezbola-reconoce-ataques-a-bases-militares-contra-israel\/","og_site_name":"El Diario - Bolivia","article_publisher":"https:\/\/www.facebook.com\/eldiario.bolivia\/","article_published_time":"2024-10-23T08:53:34+00:00","og_image":[{"width":690,"height":460,"url":"https:\/\/www.eldiario.net\/portal\/wp-content\/uploads\/2024\/10\/ISRAEL-Europa-Press.jpg","type":"image\/jpeg"}],"author":"Jeanette","twitter_card":"summary_large_image","twitter_creator":"@eldiario_net","twitter_site":"@eldiario_net","twitter_misc":{"Escrito por":"Jeanette","Tiempo de lectura":"2 minutos"},"schema":{"@context":"https:\/\/schema.org","@graph":[{"@type":"Article","@id":"https:\/\/www.eldiario.net\/portal\/2024\/10\/23\/hezbola-reconoce-ataques-a-bases-militares-contra-israel\/#article","isPartOf":{"@id":"https:\/\/www.eldiario.net\/portal\/2024\/10\/23\/hezbola-reconoce-ataques-a-bases-militares-contra-israel\/"},"author":{"name":"Jeanette","@id":"https:\/\/www.eldiario.net\/portal\/#\/schema\/person\/2c57cf2b7a7ae032e449e4c9b1019eac"},"headline":"Hezbol\u00e1 reconoce ataques a bases militares contra Israel","datePublished":"2024-10-23T08:53:34+00:00","mainEntityOfPage":{"@id":"https:\/\/www.eldiario.net\/portal\/2024\/10\/23\/hezbola-reconoce-ataques-a-bases-militares-contra-israel\/"},"wordCount":311,"publisher":{"@id":"https:\/\/www.eldiario.net\/portal\/#organization"},"image":{"@id":"https:\/\/www.eldiario.net\/portal\/2024\/10\/23\/hezbola-reconoce-ataques-a-bases-militares-contra-israel\/#primaryimage"},"thumbnailUrl":"https:\/\/www.eldiario.net\/portal\/wp-content\/uploads\/2024\/10\/ISRAEL-Europa-Press.jpg","articleSection":["Internacional"],"inLanguage":"es"},{"@type":"WebPage","@id":"https:\/\/www.eldiario.net\/portal\/2024\/10\/23\/hezbola-reconoce-ataques-a-bases-militares-contra-israel\/","url":"https:\/\/www.eldiario.net\/portal\/2024\/10\/23\/hezbola-reconoce-ataques-a-bases-militares-contra-israel\/","name":"Hezbol\u00e1 reconoce ataques a bases militares contra Israel - El Diario - Bolivia","isPartOf":{"@id":"https:\/\/www.eldiario.net\/portal\/#website"},"primaryImageOfPage":{"@id":"https:\/\/www.eldiario.net\/portal\/2024\/10\/23\/hezbola-reconoce-ataques-a-bases-militares-contra-israel\/#primaryimage"},"image":{"@id":"https:\/\/www.eldiario.net\/portal\/2024\/10\/23\/hezbola-reconoce-ataques-a-bases-militares-contra-israel\/#primaryimage"},"thumbnailUrl":"https:\/\/www.eldiario.net\/portal\/wp-content\/uploads\/2024\/10\/ISRAEL-Europa-Press.jpg","datePublished":"2024-10-23T08:53:34+00:00","breadcrumb":{"@id":"https:\/\/www.eldiario.net\/portal\/2024\/10\/23\/hezbola-reconoce-ataques-a-bases-militares-contra-israel\/#breadcrumb"},"inLanguage":"es","potentialAction":[{"@type":"ReadAction","target":["https:\/\/www.eldiario.net\/portal\/2024\/10\/23\/hezbola-reconoce-ataques-a-bases-militares-contra-israel\/"]}]},{"@type":"ImageObject","inLanguage":"es","@id":"https:\/\/www.eldiario.net\/portal\/2024\/10\/23\/hezbola-reconoce-ataques-a-bases-militares-contra-israel\/#primaryimage","url":"https:\/\/www.eldiario.net\/portal\/wp-content\/uploads\/2024\/10\/ISRAEL-Europa-Press.jpg","contentUrl":"https:\/\/www.eldiario.net\/portal\/wp-content\/uploads\/2024\/10\/ISRAEL-Europa-Press.jpg","width":690,"height":460,"caption":"Imagen referencial. CREDITO: Europa Press"},{"@type":"BreadcrumbList","@id":"https:\/\/www.eldiario.net\/portal\/2024\/10\/23\/hezbola-reconoce-ataques-a-bases-militares-contra-israel\/#breadcrumb","itemListElement":[{"@type":"ListItem","position":1,"name":"Portada","item":"https:\/\/www.eldiario.net\/portal\/"},{"@type":"ListItem","position":2,"name":"Hezbol\u00e1 reconoce ataques a bases militares contra Israel"}]},{"@type":"WebSite","@id":"https:\/\/www.eldiario.net\/portal\/#website","url":"https:\/\/www.eldiario.net\/portal\/","name":"El Diario - Decano de la prensa nacional","description":"El Diario - Decano de la prensa nacional","publisher":{"@id":"https:\/\/www.eldiario.net\/portal\/#organization"},"potentialAction":[{"@type":"SearchAction","target":{"@type":"EntryPoint","urlTemplate":"https:\/\/www.eldiario.net\/portal\/?s={search_term_string}"},"query-input":{"@type":"PropertyValueSpecification","valueRequired":true,"valueName":"search_term_string"}}],"inLanguage":"es"},{"@type":"Organization","@id":"https:\/\/www.eldiario.net\/portal\/#organization","name":"El Diario - Decano de la prensa nacional","url":"https:\/\/www.eldiario.net\/portal\/","logo":{"@type":"ImageObject","inLanguage":"es","@id":"https:\/\/www.eldiario.net\/portal\/#\/schema\/logo\/image\/","url":"https:\/\/www.eldiario.net\/portal\/wp-content\/uploads\/2023\/07\/logo_ED.jpg","contentUrl":"https:\/\/www.eldiario.net\/portal\/wp-content\/uploads\/2023\/07\/logo_ED.jpg","width":272,"height":52,"caption":"El Diario - Decano de la prensa nacional"},"image":{"@id":"https:\/\/www.eldiario.net\/portal\/#\/schema\/logo\/image\/"},"sameAs":["https:\/\/www.facebook.com\/eldiario.bolivia\/","https:\/\/x.com\/eldiario_net"]},{"@type":"Person","@id":"https:\/\/www.eldiario.net\/portal\/#\/schema\/person\/2c57cf2b7a7ae032e449e4c9b1019eac","name":"Jeanette","image":{"@type":"ImageObject","inLanguage":"es","@id":"https:\/\/secure.gravatar.com\/avatar\/3ea2118a5f7dad2b7138b1187a6b7ee55f160b9968b66013c3a3ef39dd7e5798?s=96&d=mm&r=g","url":"https:\/\/secure.gravatar.com\/avatar\/3ea2118a5f7dad2b7138b1187a6b7ee55f160b9968b66013c3a3ef39dd7e5798?s=96&d=mm&r=g","contentUrl":"https:\/\/secure.gravatar.com\/avatar\/3ea2118a5f7dad2b7138b1187a6b7ee55f160b9968b66013c3a3ef39dd7e5798?s=96&d=mm&r=g","caption":"Jeanette"},"sameAs":["https:\/\/www.eldiario.net\/portal"],"url":"https:\/\/www.eldiario.net\/portal\/author\/jeanette\/"}]}},"_links":{"self":[{"href":"https:\/\/www.eldiario.net\/portal\/wp-json\/wp\/v2\/posts\/255860","targetHints":{"allow":["GET"]}}],"collection":[{"href":"https:\/\/www.eldiario.net\/portal\/wp-json\/wp\/v2\/posts"}],"about":[{"href":"https:\/\/www.eldiario.net\/portal\/wp-json\/wp\/v2\/types\/post"}],"author":[{"embeddable":true,"href":"https:\/\/www.eldiario.net\/portal\/wp-json\/wp\/v2\/users\/1"}],"replies":[{"embeddable":true,"href":"https:\/\/www.eldiario.net\/portal\/wp-json\/wp\/v2\/comments?post=255860"}],"version-history":[{"count":1,"href":"https:\/\/www.eldiario.net\/portal\/wp-json\/wp\/v2\/posts\/255860\/revisions"}],"predecessor-version":[{"id":255862,"href":"https:\/\/www.eldiario.net\/portal\/wp-json\/wp\/v2\/posts\/255860\/revisions\/255862"}],"wp:featuredmedia":[{"embeddable":true,"href":"https:\/\/www.eldiario.net\/portal\/wp-json\/wp\/v2\/media\/255861"}],"wp:attachment":[{"href":"https:\/\/www.eldiario.net\/portal\/wp-json\/wp\/v2\/media?parent=255860"}],"wp:term":[{"taxonomy":"category","embeddable":true,"href":"https:\/\/www.eldiario.net\/portal\/wp-json\/wp\/v2\/categories?post=255860"},{"taxonomy":"post_tag","embeddable":true,"href":"https:\/\/www.eldiario.net\/portal\/wp-json\/wp\/v2\/tags?post=255860"}],"curies":[{"name":"wp","href":"https:\/\/api.w.org\/{rel}","templated":true}]}}