{"id":255857,"date":"2024-10-23T04:52:36","date_gmt":"2024-10-23T08:52:36","guid":{"rendered":"https:\/\/www.eldiario.net\/portal\/?p=255857"},"modified":"2024-10-23T04:52:36","modified_gmt":"2024-10-23T08:52:36","slug":"detectan-en-alemania-un-caso-de-la-nueva-variante-de-mpox","status":"publish","type":"post","link":"https:\/\/www.eldiario.net\/portal\/2024\/10\/23\/detectan-en-alemania-un-caso-de-la-nueva-variante-de-mpox\/","title":{"rendered":"Detectan en Alemania un caso  de la nueva variante de mpox"},"content":{"rendered":"<p class=\"v1MsoNormal\">Un caso de la nueva variante del virus mpox (antes conocido como viruela del mono) fue detectado en Alemania en un paciente que hab\u00eda viajado al extranjero, seg\u00fan inform\u00f3 ayer el Instituto Robert Koch (RKI).<\/p>\n<p class=\"v1MsoNormal\">\u00abEl 18 de octubre de 2024 se detect\u00f3 en Alemania una infecci\u00f3n con el nuevo clado 1b que fue adquirido en el extranjero\u00bb, afirm\u00f3 la instituci\u00f3n en su p\u00e1gina web, al aludir al nuevo tipo de virus mpox.<\/p>\n<p class=\"v1MsoNormal\">El RKI agreg\u00f3 que continuar\u00e1 sus labores de atenta vigilancia de la situaci\u00f3n y que en estos momentos el riesgo para la salud de la gran mayor\u00eda de la poblaci\u00f3n en Alemania es \u00abreducido\u00bb.<\/p>\n<p class=\"v1MsoNormal\">En el pasado mes de agosto, la Organizaci\u00f3n Mundial de la Salud (OMS) declar\u00f3 el actual brote de mpox en \u00c1frica Central, causado por la nueva y m\u00e1s letal variante, como una emergencia de salud p\u00fablica de alcance internacional.<\/p>\n<p class=\"v1MsoNormal\">\n<p class=\"v1MsoNormal\">DATOS DE \u00c1FRICA<\/p>\n<p class=\"v1MsoNormal\">La semana pasada, el organismo sanitario de la Uni\u00f3n Africana (AU) inform\u00f3 de que hasta la fecha se contabilizaron desde el inicio del brote unas 1.100 muertes y 42.438 infecciones en sus 18 estados miembros.<\/p>\n<p class=\"v1MsoNormal\">El primer caso fuera de \u00c1frica en el actual brote de mpox fue detectado a mediados de agosto en Suecia, a lo que siguieron otros en pa\u00edses como la India o Marruecos.<\/p>\n<p class=\"v1MsoNormal\">La primera variante de mpox, la menos letal, se detect\u00f3 por primera vez en Alemania en mayo de 2022 y desde entonces el RKI registr\u00f3 aproximadamente 3.700 casos, ninguno de ellos letal, la mayor\u00eda de ellos hasta oto\u00f1o de 2022.<\/p>\n<p class=\"v1MsoNormal\">Seg\u00fan el Centro Europeo para la Prevenci\u00f3n y el Control de Enfermedades (ECDC por sus siglas en ingl\u00e9s), hasta el 10 de octubre se registraron en Europa 28.176 casos de la primera variante de mpox.(Dw)<\/p>\n","protected":false},"excerpt":{"rendered":"<p>Un caso de la nueva variante del virus mpox (antes conocido como viruela del mono) fue detectado en Alemania en un paciente que hab\u00eda viajado al extranjero, seg\u00fan inform\u00f3 ayer el Instituto Robert Koch (RKI). \u00abEl 18 de octubre de 2024 se detect\u00f3 en Alemania una infecci\u00f3n con el nuevo clado 1b que fue adquirido [&hellip;]<\/p>\n","protected":false},"author":1,"featured_media":255858,"comment_status":"closed","ping_status":"open","sticky":false,"template":"","format":"standard","meta":{"_acf_changed":false,"footnotes":""},"categories":[3],"tags":[],"class_list":["post-255857","post","type-post","status-publish","format-standard","has-post-thumbnail","category-internacional"],"acf":{"antetitulo":""},"yoast_head":"<!-- This site is optimized with the Yoast SEO plugin v28.4 - https:\/\/yoast.com\/product\/yoast-seo-wordpress\/ -->\n<title>Detectan en Alemania un caso de la nueva variante de mpox - El Diario - Bolivia<\/title>\n<meta name=\"robots\" content=\"index, follow, max-snippet:-1, max-image-preview:large, max-video-preview:-1\" \/>\n<link rel=\"canonical\" href=\"https:\/\/www.eldiario.net\/portal\/2024\/10\/23\/detectan-en-alemania-un-caso-de-la-nueva-variante-de-mpox\/\" \/>\n<meta property=\"og:locale\" content=\"es_ES\" \/>\n<meta property=\"og:type\" content=\"article\" \/>\n<meta property=\"og:title\" content=\"Detectan en Alemania un caso de la nueva variante de mpox - El Diario - Bolivia\" \/>\n<meta property=\"og:description\" content=\"Un caso de la nueva variante del virus mpox (antes conocido como viruela del mono) fue detectado en Alemania en un paciente que hab\u00eda viajado al extranjero, seg\u00fan inform\u00f3 ayer el Instituto Robert Koch (RKI). \u00abEl 18 de octubre de 2024 se detect\u00f3 en Alemania una infecci\u00f3n con el nuevo clado 1b que fue adquirido [&hellip;]\" \/>\n<meta property=\"og:url\" content=\"https:\/\/www.eldiario.net\/portal\/2024\/10\/23\/detectan-en-alemania-un-caso-de-la-nueva-variante-de-mpox\/\" \/>\n<meta property=\"og:site_name\" content=\"El Diario - Bolivia\" \/>\n<meta property=\"article:publisher\" content=\"https:\/\/www.facebook.com\/eldiario.bolivia\/\" \/>\n<meta property=\"article:published_time\" content=\"2024-10-23T08:52:36+00:00\" \/>\n<meta property=\"og:image\" content=\"https:\/\/www.eldiario.net\/portal\/wp-content\/uploads\/2024\/10\/MPOX-AP.jpg\" \/>\n\t<meta property=\"og:image:width\" content=\"1200\" \/>\n\t<meta property=\"og:image:height\" content=\"525\" \/>\n\t<meta property=\"og:image:type\" content=\"image\/jpeg\" \/>\n<meta name=\"author\" content=\"Jeanette\" \/>\n<meta name=\"twitter:card\" content=\"summary_large_image\" \/>\n<meta name=\"twitter:creator\" content=\"@eldiario_net\" \/>\n<meta name=\"twitter:site\" content=\"@eldiario_net\" \/>\n<meta name=\"twitter:label1\" content=\"Escrito por\" \/>\n\t<meta name=\"twitter:data1\" content=\"Jeanette\" \/>\n\t<meta name=\"twitter:label2\" content=\"Tiempo de lectura\" \/>\n\t<meta name=\"twitter:data2\" content=\"2 minutos\" \/>\n<script type=\"application\/ld+json\" class=\"yoast-schema-graph\">{\"@context\":\"https:\\\/\\\/schema.org\",\"@graph\":[{\"@type\":\"Article\",\"@id\":\"https:\\\/\\\/www.eldiario.net\\\/portal\\\/2024\\\/10\\\/23\\\/detectan-en-alemania-un-caso-de-la-nueva-variante-de-mpox\\\/#article\",\"isPartOf\":{\"@id\":\"https:\\\/\\\/www.eldiario.net\\\/portal\\\/2024\\\/10\\\/23\\\/detectan-en-alemania-un-caso-de-la-nueva-variante-de-mpox\\\/\"},\"author\":{\"name\":\"Jeanette\",\"@id\":\"https:\\\/\\\/www.eldiario.net\\\/portal\\\/#\\\/schema\\\/person\\\/2c57cf2b7a7ae032e449e4c9b1019eac\"},\"headline\":\"Detectan en Alemania un caso de la nueva variante de mpox\",\"datePublished\":\"2024-10-23T08:52:36+00:00\",\"mainEntityOfPage\":{\"@id\":\"https:\\\/\\\/www.eldiario.net\\\/portal\\\/2024\\\/10\\\/23\\\/detectan-en-alemania-un-caso-de-la-nueva-variante-de-mpox\\\/\"},\"wordCount\":311,\"publisher\":{\"@id\":\"https:\\\/\\\/www.eldiario.net\\\/portal\\\/#organization\"},\"image\":{\"@id\":\"https:\\\/\\\/www.eldiario.net\\\/portal\\\/2024\\\/10\\\/23\\\/detectan-en-alemania-un-caso-de-la-nueva-variante-de-mpox\\\/#primaryimage\"},\"thumbnailUrl\":\"https:\\\/\\\/www.eldiario.net\\\/portal\\\/wp-content\\\/uploads\\\/2024\\\/10\\\/MPOX-AP.jpg\",\"articleSection\":[\"Internacional\"],\"inLanguage\":\"es\"},{\"@type\":\"WebPage\",\"@id\":\"https:\\\/\\\/www.eldiario.net\\\/portal\\\/2024\\\/10\\\/23\\\/detectan-en-alemania-un-caso-de-la-nueva-variante-de-mpox\\\/\",\"url\":\"https:\\\/\\\/www.eldiario.net\\\/portal\\\/2024\\\/10\\\/23\\\/detectan-en-alemania-un-caso-de-la-nueva-variante-de-mpox\\\/\",\"name\":\"Detectan en Alemania un caso de la nueva variante de mpox - El Diario - Bolivia\",\"isPartOf\":{\"@id\":\"https:\\\/\\\/www.eldiario.net\\\/portal\\\/#website\"},\"primaryImageOfPage\":{\"@id\":\"https:\\\/\\\/www.eldiario.net\\\/portal\\\/2024\\\/10\\\/23\\\/detectan-en-alemania-un-caso-de-la-nueva-variante-de-mpox\\\/#primaryimage\"},\"image\":{\"@id\":\"https:\\\/\\\/www.eldiario.net\\\/portal\\\/2024\\\/10\\\/23\\\/detectan-en-alemania-un-caso-de-la-nueva-variante-de-mpox\\\/#primaryimage\"},\"thumbnailUrl\":\"https:\\\/\\\/www.eldiario.net\\\/portal\\\/wp-content\\\/uploads\\\/2024\\\/10\\\/MPOX-AP.jpg\",\"datePublished\":\"2024-10-23T08:52:36+00:00\",\"breadcrumb\":{\"@id\":\"https:\\\/\\\/www.eldiario.net\\\/portal\\\/2024\\\/10\\\/23\\\/detectan-en-alemania-un-caso-de-la-nueva-variante-de-mpox\\\/#breadcrumb\"},\"inLanguage\":\"es\",\"potentialAction\":[{\"@type\":\"ReadAction\",\"target\":[\"https:\\\/\\\/www.eldiario.net\\\/portal\\\/2024\\\/10\\\/23\\\/detectan-en-alemania-un-caso-de-la-nueva-variante-de-mpox\\\/\"]}]},{\"@type\":\"ImageObject\",\"inLanguage\":\"es\",\"@id\":\"https:\\\/\\\/www.eldiario.net\\\/portal\\\/2024\\\/10\\\/23\\\/detectan-en-alemania-un-caso-de-la-nueva-variante-de-mpox\\\/#primaryimage\",\"url\":\"https:\\\/\\\/www.eldiario.net\\\/portal\\\/wp-content\\\/uploads\\\/2024\\\/10\\\/MPOX-AP.jpg\",\"contentUrl\":\"https:\\\/\\\/www.eldiario.net\\\/portal\\\/wp-content\\\/uploads\\\/2024\\\/10\\\/MPOX-AP.jpg\",\"width\":1200,\"height\":525,\"caption\":\"La infecci\u00f3n se produjo fuera del pa\u00eds. CREDITO: AP\"},{\"@type\":\"BreadcrumbList\",\"@id\":\"https:\\\/\\\/www.eldiario.net\\\/portal\\\/2024\\\/10\\\/23\\\/detectan-en-alemania-un-caso-de-la-nueva-variante-de-mpox\\\/#breadcrumb\",\"itemListElement\":[{\"@type\":\"ListItem\",\"position\":1,\"name\":\"Portada\",\"item\":\"https:\\\/\\\/www.eldiario.net\\\/portal\\\/\"},{\"@type\":\"ListItem\",\"position\":2,\"name\":\"Detectan en Alemania un caso de la nueva variante de mpox\"}]},{\"@type\":\"WebSite\",\"@id\":\"https:\\\/\\\/www.eldiario.net\\\/portal\\\/#website\",\"url\":\"https:\\\/\\\/www.eldiario.net\\\/portal\\\/\",\"name\":\"El Diario - Decano de la prensa nacional\",\"description\":\"El Diario - Decano de la prensa nacional\",\"publisher\":{\"@id\":\"https:\\\/\\\/www.eldiario.net\\\/portal\\\/#organization\"},\"potentialAction\":[{\"@type\":\"SearchAction\",\"target\":{\"@type\":\"EntryPoint\",\"urlTemplate\":\"https:\\\/\\\/www.eldiario.net\\\/portal\\\/?s={search_term_string}\"},\"query-input\":{\"@type\":\"PropertyValueSpecification\",\"valueRequired\":true,\"valueName\":\"search_term_string\"}}],\"inLanguage\":\"es\"},{\"@type\":\"Organization\",\"@id\":\"https:\\\/\\\/www.eldiario.net\\\/portal\\\/#organization\",\"name\":\"El Diario - Decano de la prensa nacional\",\"url\":\"https:\\\/\\\/www.eldiario.net\\\/portal\\\/\",\"logo\":{\"@type\":\"ImageObject\",\"inLanguage\":\"es\",\"@id\":\"https:\\\/\\\/www.eldiario.net\\\/portal\\\/#\\\/schema\\\/logo\\\/image\\\/\",\"url\":\"https:\\\/\\\/www.eldiario.net\\\/portal\\\/wp-content\\\/uploads\\\/2023\\\/07\\\/logo_ED.jpg\",\"contentUrl\":\"https:\\\/\\\/www.eldiario.net\\\/portal\\\/wp-content\\\/uploads\\\/2023\\\/07\\\/logo_ED.jpg\",\"width\":272,\"height\":52,\"caption\":\"El Diario - Decano de la prensa nacional\"},\"image\":{\"@id\":\"https:\\\/\\\/www.eldiario.net\\\/portal\\\/#\\\/schema\\\/logo\\\/image\\\/\"},\"sameAs\":[\"https:\\\/\\\/www.facebook.com\\\/eldiario.bolivia\\\/\",\"https:\\\/\\\/x.com\\\/eldiario_net\"]},{\"@type\":\"Person\",\"@id\":\"https:\\\/\\\/www.eldiario.net\\\/portal\\\/#\\\/schema\\\/person\\\/2c57cf2b7a7ae032e449e4c9b1019eac\",\"name\":\"Jeanette\",\"image\":{\"@type\":\"ImageObject\",\"inLanguage\":\"es\",\"@id\":\"https:\\\/\\\/secure.gravatar.com\\\/avatar\\\/3ea2118a5f7dad2b7138b1187a6b7ee55f160b9968b66013c3a3ef39dd7e5798?s=96&d=mm&r=g\",\"url\":\"https:\\\/\\\/secure.gravatar.com\\\/avatar\\\/3ea2118a5f7dad2b7138b1187a6b7ee55f160b9968b66013c3a3ef39dd7e5798?s=96&d=mm&r=g\",\"contentUrl\":\"https:\\\/\\\/secure.gravatar.com\\\/avatar\\\/3ea2118a5f7dad2b7138b1187a6b7ee55f160b9968b66013c3a3ef39dd7e5798?s=96&d=mm&r=g\",\"caption\":\"Jeanette\"},\"sameAs\":[\"https:\\\/\\\/www.eldiario.net\\\/portal\"],\"url\":\"https:\\\/\\\/www.eldiario.net\\\/portal\\\/author\\\/jeanette\\\/\"}]}<\/script>\n<!-- \/ Yoast SEO plugin. -->","yoast_head_json":{"title":"Detectan en Alemania un caso de la nueva variante de mpox - El Diario - Bolivia","robots":{"index":"index","follow":"follow","max-snippet":"max-snippet:-1","max-image-preview":"max-image-preview:large","max-video-preview":"max-video-preview:-1"},"canonical":"https:\/\/www.eldiario.net\/portal\/2024\/10\/23\/detectan-en-alemania-un-caso-de-la-nueva-variante-de-mpox\/","og_locale":"es_ES","og_type":"article","og_title":"Detectan en Alemania un caso de la nueva variante de mpox - El Diario - Bolivia","og_description":"Un caso de la nueva variante del virus mpox (antes conocido como viruela del mono) fue detectado en Alemania en un paciente que hab\u00eda viajado al extranjero, seg\u00fan inform\u00f3 ayer el Instituto Robert Koch (RKI). \u00abEl 18 de octubre de 2024 se detect\u00f3 en Alemania una infecci\u00f3n con el nuevo clado 1b que fue adquirido [&hellip;]","og_url":"https:\/\/www.eldiario.net\/portal\/2024\/10\/23\/detectan-en-alemania-un-caso-de-la-nueva-variante-de-mpox\/","og_site_name":"El Diario - Bolivia","article_publisher":"https:\/\/www.facebook.com\/eldiario.bolivia\/","article_published_time":"2024-10-23T08:52:36+00:00","og_image":[{"width":1200,"height":525,"url":"https:\/\/www.eldiario.net\/portal\/wp-content\/uploads\/2024\/10\/MPOX-AP.jpg","type":"image\/jpeg"}],"author":"Jeanette","twitter_card":"summary_large_image","twitter_creator":"@eldiario_net","twitter_site":"@eldiario_net","twitter_misc":{"Escrito por":"Jeanette","Tiempo de lectura":"2 minutos"},"schema":{"@context":"https:\/\/schema.org","@graph":[{"@type":"Article","@id":"https:\/\/www.eldiario.net\/portal\/2024\/10\/23\/detectan-en-alemania-un-caso-de-la-nueva-variante-de-mpox\/#article","isPartOf":{"@id":"https:\/\/www.eldiario.net\/portal\/2024\/10\/23\/detectan-en-alemania-un-caso-de-la-nueva-variante-de-mpox\/"},"author":{"name":"Jeanette","@id":"https:\/\/www.eldiario.net\/portal\/#\/schema\/person\/2c57cf2b7a7ae032e449e4c9b1019eac"},"headline":"Detectan en Alemania un caso de la nueva variante de mpox","datePublished":"2024-10-23T08:52:36+00:00","mainEntityOfPage":{"@id":"https:\/\/www.eldiario.net\/portal\/2024\/10\/23\/detectan-en-alemania-un-caso-de-la-nueva-variante-de-mpox\/"},"wordCount":311,"publisher":{"@id":"https:\/\/www.eldiario.net\/portal\/#organization"},"image":{"@id":"https:\/\/www.eldiario.net\/portal\/2024\/10\/23\/detectan-en-alemania-un-caso-de-la-nueva-variante-de-mpox\/#primaryimage"},"thumbnailUrl":"https:\/\/www.eldiario.net\/portal\/wp-content\/uploads\/2024\/10\/MPOX-AP.jpg","articleSection":["Internacional"],"inLanguage":"es"},{"@type":"WebPage","@id":"https:\/\/www.eldiario.net\/portal\/2024\/10\/23\/detectan-en-alemania-un-caso-de-la-nueva-variante-de-mpox\/","url":"https:\/\/www.eldiario.net\/portal\/2024\/10\/23\/detectan-en-alemania-un-caso-de-la-nueva-variante-de-mpox\/","name":"Detectan en Alemania un caso de la nueva variante de mpox - El Diario - Bolivia","isPartOf":{"@id":"https:\/\/www.eldiario.net\/portal\/#website"},"primaryImageOfPage":{"@id":"https:\/\/www.eldiario.net\/portal\/2024\/10\/23\/detectan-en-alemania-un-caso-de-la-nueva-variante-de-mpox\/#primaryimage"},"image":{"@id":"https:\/\/www.eldiario.net\/portal\/2024\/10\/23\/detectan-en-alemania-un-caso-de-la-nueva-variante-de-mpox\/#primaryimage"},"thumbnailUrl":"https:\/\/www.eldiario.net\/portal\/wp-content\/uploads\/2024\/10\/MPOX-AP.jpg","datePublished":"2024-10-23T08:52:36+00:00","breadcrumb":{"@id":"https:\/\/www.eldiario.net\/portal\/2024\/10\/23\/detectan-en-alemania-un-caso-de-la-nueva-variante-de-mpox\/#breadcrumb"},"inLanguage":"es","potentialAction":[{"@type":"ReadAction","target":["https:\/\/www.eldiario.net\/portal\/2024\/10\/23\/detectan-en-alemania-un-caso-de-la-nueva-variante-de-mpox\/"]}]},{"@type":"ImageObject","inLanguage":"es","@id":"https:\/\/www.eldiario.net\/portal\/2024\/10\/23\/detectan-en-alemania-un-caso-de-la-nueva-variante-de-mpox\/#primaryimage","url":"https:\/\/www.eldiario.net\/portal\/wp-content\/uploads\/2024\/10\/MPOX-AP.jpg","contentUrl":"https:\/\/www.eldiario.net\/portal\/wp-content\/uploads\/2024\/10\/MPOX-AP.jpg","width":1200,"height":525,"caption":"La infecci\u00f3n se produjo fuera del pa\u00eds. CREDITO: AP"},{"@type":"BreadcrumbList","@id":"https:\/\/www.eldiario.net\/portal\/2024\/10\/23\/detectan-en-alemania-un-caso-de-la-nueva-variante-de-mpox\/#breadcrumb","itemListElement":[{"@type":"ListItem","position":1,"name":"Portada","item":"https:\/\/www.eldiario.net\/portal\/"},{"@type":"ListItem","position":2,"name":"Detectan en Alemania un caso de la nueva variante de mpox"}]},{"@type":"WebSite","@id":"https:\/\/www.eldiario.net\/portal\/#website","url":"https:\/\/www.eldiario.net\/portal\/","name":"El Diario - Decano de la prensa nacional","description":"El Diario - Decano de la prensa nacional","publisher":{"@id":"https:\/\/www.eldiario.net\/portal\/#organization"},"potentialAction":[{"@type":"SearchAction","target":{"@type":"EntryPoint","urlTemplate":"https:\/\/www.eldiario.net\/portal\/?s={search_term_string}"},"query-input":{"@type":"PropertyValueSpecification","valueRequired":true,"valueName":"search_term_string"}}],"inLanguage":"es"},{"@type":"Organization","@id":"https:\/\/www.eldiario.net\/portal\/#organization","name":"El Diario - Decano de la prensa nacional","url":"https:\/\/www.eldiario.net\/portal\/","logo":{"@type":"ImageObject","inLanguage":"es","@id":"https:\/\/www.eldiario.net\/portal\/#\/schema\/logo\/image\/","url":"https:\/\/www.eldiario.net\/portal\/wp-content\/uploads\/2023\/07\/logo_ED.jpg","contentUrl":"https:\/\/www.eldiario.net\/portal\/wp-content\/uploads\/2023\/07\/logo_ED.jpg","width":272,"height":52,"caption":"El Diario - Decano de la prensa nacional"},"image":{"@id":"https:\/\/www.eldiario.net\/portal\/#\/schema\/logo\/image\/"},"sameAs":["https:\/\/www.facebook.com\/eldiario.bolivia\/","https:\/\/x.com\/eldiario_net"]},{"@type":"Person","@id":"https:\/\/www.eldiario.net\/portal\/#\/schema\/person\/2c57cf2b7a7ae032e449e4c9b1019eac","name":"Jeanette","image":{"@type":"ImageObject","inLanguage":"es","@id":"https:\/\/secure.gravatar.com\/avatar\/3ea2118a5f7dad2b7138b1187a6b7ee55f160b9968b66013c3a3ef39dd7e5798?s=96&d=mm&r=g","url":"https:\/\/secure.gravatar.com\/avatar\/3ea2118a5f7dad2b7138b1187a6b7ee55f160b9968b66013c3a3ef39dd7e5798?s=96&d=mm&r=g","contentUrl":"https:\/\/secure.gravatar.com\/avatar\/3ea2118a5f7dad2b7138b1187a6b7ee55f160b9968b66013c3a3ef39dd7e5798?s=96&d=mm&r=g","caption":"Jeanette"},"sameAs":["https:\/\/www.eldiario.net\/portal"],"url":"https:\/\/www.eldiario.net\/portal\/author\/jeanette\/"}]}},"_links":{"self":[{"href":"https:\/\/www.eldiario.net\/portal\/wp-json\/wp\/v2\/posts\/255857","targetHints":{"allow":["GET"]}}],"collection":[{"href":"https:\/\/www.eldiario.net\/portal\/wp-json\/wp\/v2\/posts"}],"about":[{"href":"https:\/\/www.eldiario.net\/portal\/wp-json\/wp\/v2\/types\/post"}],"author":[{"embeddable":true,"href":"https:\/\/www.eldiario.net\/portal\/wp-json\/wp\/v2\/users\/1"}],"replies":[{"embeddable":true,"href":"https:\/\/www.eldiario.net\/portal\/wp-json\/wp\/v2\/comments?post=255857"}],"version-history":[{"count":1,"href":"https:\/\/www.eldiario.net\/portal\/wp-json\/wp\/v2\/posts\/255857\/revisions"}],"predecessor-version":[{"id":255859,"href":"https:\/\/www.eldiario.net\/portal\/wp-json\/wp\/v2\/posts\/255857\/revisions\/255859"}],"wp:featuredmedia":[{"embeddable":true,"href":"https:\/\/www.eldiario.net\/portal\/wp-json\/wp\/v2\/media\/255858"}],"wp:attachment":[{"href":"https:\/\/www.eldiario.net\/portal\/wp-json\/wp\/v2\/media?parent=255857"}],"wp:term":[{"taxonomy":"category","embeddable":true,"href":"https:\/\/www.eldiario.net\/portal\/wp-json\/wp\/v2\/categories?post=255857"},{"taxonomy":"post_tag","embeddable":true,"href":"https:\/\/www.eldiario.net\/portal\/wp-json\/wp\/v2\/tags?post=255857"}],"curies":[{"name":"wp","href":"https:\/\/api.w.org\/{rel}","templated":true}]}}