{"id":255854,"date":"2024-10-23T04:51:22","date_gmt":"2024-10-23T08:51:22","guid":{"rendered":"https:\/\/www.eldiario.net\/portal\/?p=255854"},"modified":"2024-10-23T04:51:22","modified_gmt":"2024-10-23T08:51:22","slug":"venezuela-acusa-a-alcalde-de-maracaibo-de-corrupcion","status":"publish","type":"post","link":"https:\/\/www.eldiario.net\/portal\/2024\/10\/23\/venezuela-acusa-a-alcalde-de-maracaibo-de-corrupcion\/","title":{"rendered":"Venezuela acusa a alcalde de  Maracaibo de corrupci\u00f3n"},"content":{"rendered":"<p class=\"v1MsoNormal\">El ministro de Interior de Venezuela, Diosdado Cabello, acus\u00f3 ayer al alcalde de Maracaibo, Rafael Ram\u00edrez Colina, detenido a principios de octubre, de formar parte de una trama de corrupci\u00f3n para favorecer al partido opositor Primero Justicia.<\/p>\n<p class=\"v1MsoNormal\">\u00abFinanci\u00f3 directamente a su partido para actividades pol\u00edticas proselitistas, pagos de personal que no tienen que ver nada con la n\u00f3mina de la Alcald\u00eda\u00bb, asegur\u00f3 en una rueda de prensa, agregando que \u00abninguno de estos hechos va a quedar\u00bb impune.<\/p>\n<p class=\"v1MsoNormal\">Entre los implicados en la trama estar\u00eda, Juan Pablo Guanipa, el candidato a las primarias de la oposici\u00f3n por el partido Primero Justicia, exgobernador electo del estado de Zulia, as\u00ed como Pedro Guanipa, hermano de este, director de la Alcald\u00eda de Maracaibo y vicepresidente de Primero Justicia en Zulia.<\/p>\n<p class=\"v1MsoNormal\">\u00ab\u00bfDe d\u00f3nde ven\u00eda esa plata? De la recolecci\u00f3n de basura, de basura en Maracaibo, que en verdad la cobraban, pero no la recog\u00edan y ese dinero lo utilizaban para financiar al partido Primero Justicia, para financiar actividades de movilizaciones de la campa\u00f1a de Edmundo Gonz\u00e1lez cuando fue al estado Zulia\u00bb, agreg\u00f3 Cabello.<\/p>\n<p class=\"v1MsoNormal\">Ram\u00edrez apoy\u00f3 la candidatura del candidato opositor, Edmundo Gonz\u00e1lez, ahora exiliado en Espa\u00f1a, a las elecciones presidenciales que se celebraron el 28 de julio en el pa\u00eds y acudi\u00f3 pocos d\u00edas antes a una manifestaci\u00f3n en Zulia junto a miles de sus simpatizantes.<\/p>\n<p class=\"v1MsoNormal\">Tanto Ram\u00edrez como el resto de funcionarios de la Alcald\u00eda de Maracaibo a los que el Gobierno venezolano acusa de formar parte de una trama de corrupci\u00f3n fueron detenidos en el ejercicio de sus funciones y trasladados a la sede local del Servicio Bolivariano de Inteligencia Nacional (Sebin). (EP)<\/p>\n","protected":false},"excerpt":{"rendered":"<p>El ministro de Interior de Venezuela, Diosdado Cabello, acus\u00f3 ayer al alcalde de Maracaibo, Rafael Ram\u00edrez Colina, detenido a principios de octubre, de formar parte de una trama de corrupci\u00f3n para favorecer al partido opositor Primero Justicia. \u00abFinanci\u00f3 directamente a su partido para actividades pol\u00edticas proselitistas, pagos de personal que no tienen que ver nada [&hellip;]<\/p>\n","protected":false},"author":1,"featured_media":255855,"comment_status":"closed","ping_status":"open","sticky":false,"template":"","format":"standard","meta":{"_acf_changed":false,"footnotes":""},"categories":[3],"tags":[],"class_list":["post-255854","post","type-post","status-publish","format-standard","has-post-thumbnail","category-internacional"],"acf":{"antetitulo":"Tras detenci\u00f3n en octubre"},"yoast_head":"<!-- This site is optimized with the Yoast SEO plugin v28.4 - https:\/\/yoast.com\/product\/yoast-seo-wordpress\/ -->\n<title>Venezuela acusa a alcalde de Maracaibo de corrupci\u00f3n - El Diario - Bolivia<\/title>\n<meta name=\"robots\" content=\"index, follow, max-snippet:-1, max-image-preview:large, max-video-preview:-1\" \/>\n<link rel=\"canonical\" href=\"https:\/\/www.eldiario.net\/portal\/2024\/10\/23\/venezuela-acusa-a-alcalde-de-maracaibo-de-corrupcion\/\" \/>\n<meta property=\"og:locale\" content=\"es_ES\" \/>\n<meta property=\"og:type\" content=\"article\" \/>\n<meta property=\"og:title\" content=\"Venezuela acusa a alcalde de Maracaibo de corrupci\u00f3n - El Diario - Bolivia\" \/>\n<meta property=\"og:description\" content=\"El ministro de Interior de Venezuela, Diosdado Cabello, acus\u00f3 ayer al alcalde de Maracaibo, Rafael Ram\u00edrez Colina, detenido a principios de octubre, de formar parte de una trama de corrupci\u00f3n para favorecer al partido opositor Primero Justicia. \u00abFinanci\u00f3 directamente a su partido para actividades pol\u00edticas proselitistas, pagos de personal que no tienen que ver nada [&hellip;]\" \/>\n<meta property=\"og:url\" content=\"https:\/\/www.eldiario.net\/portal\/2024\/10\/23\/venezuela-acusa-a-alcalde-de-maracaibo-de-corrupcion\/\" \/>\n<meta property=\"og:site_name\" content=\"El Diario - Bolivia\" \/>\n<meta property=\"article:publisher\" content=\"https:\/\/www.facebook.com\/eldiario.bolivia\/\" \/>\n<meta property=\"article:published_time\" content=\"2024-10-23T08:51:22+00:00\" \/>\n<meta property=\"og:image\" content=\"https:\/\/www.eldiario.net\/portal\/wp-content\/uploads\/2024\/10\/Venezuela-Mundo-Oriental.jpg\" \/>\n\t<meta property=\"og:image:width\" content=\"1200\" \/>\n\t<meta property=\"og:image:height\" content=\"800\" \/>\n\t<meta property=\"og:image:type\" content=\"image\/jpeg\" \/>\n<meta name=\"author\" content=\"Jeanette\" \/>\n<meta name=\"twitter:card\" content=\"summary_large_image\" \/>\n<meta name=\"twitter:creator\" content=\"@eldiario_net\" \/>\n<meta name=\"twitter:site\" content=\"@eldiario_net\" \/>\n<meta name=\"twitter:label1\" content=\"Escrito por\" \/>\n\t<meta name=\"twitter:data1\" content=\"Jeanette\" \/>\n\t<meta name=\"twitter:label2\" content=\"Tiempo de lectura\" \/>\n\t<meta name=\"twitter:data2\" content=\"2 minutos\" \/>\n<script type=\"application\/ld+json\" class=\"yoast-schema-graph\">{\"@context\":\"https:\\\/\\\/schema.org\",\"@graph\":[{\"@type\":\"Article\",\"@id\":\"https:\\\/\\\/www.eldiario.net\\\/portal\\\/2024\\\/10\\\/23\\\/venezuela-acusa-a-alcalde-de-maracaibo-de-corrupcion\\\/#article\",\"isPartOf\":{\"@id\":\"https:\\\/\\\/www.eldiario.net\\\/portal\\\/2024\\\/10\\\/23\\\/venezuela-acusa-a-alcalde-de-maracaibo-de-corrupcion\\\/\"},\"author\":{\"name\":\"Jeanette\",\"@id\":\"https:\\\/\\\/www.eldiario.net\\\/portal\\\/#\\\/schema\\\/person\\\/2c57cf2b7a7ae032e449e4c9b1019eac\"},\"headline\":\"Venezuela acusa a alcalde de Maracaibo de corrupci\u00f3n\",\"datePublished\":\"2024-10-23T08:51:22+00:00\",\"mainEntityOfPage\":{\"@id\":\"https:\\\/\\\/www.eldiario.net\\\/portal\\\/2024\\\/10\\\/23\\\/venezuela-acusa-a-alcalde-de-maracaibo-de-corrupcion\\\/\"},\"wordCount\":301,\"publisher\":{\"@id\":\"https:\\\/\\\/www.eldiario.net\\\/portal\\\/#organization\"},\"image\":{\"@id\":\"https:\\\/\\\/www.eldiario.net\\\/portal\\\/2024\\\/10\\\/23\\\/venezuela-acusa-a-alcalde-de-maracaibo-de-corrupcion\\\/#primaryimage\"},\"thumbnailUrl\":\"https:\\\/\\\/www.eldiario.net\\\/portal\\\/wp-content\\\/uploads\\\/2024\\\/10\\\/Venezuela-Mundo-Oriental.jpg\",\"articleSection\":[\"Internacional\"],\"inLanguage\":\"es\"},{\"@type\":\"WebPage\",\"@id\":\"https:\\\/\\\/www.eldiario.net\\\/portal\\\/2024\\\/10\\\/23\\\/venezuela-acusa-a-alcalde-de-maracaibo-de-corrupcion\\\/\",\"url\":\"https:\\\/\\\/www.eldiario.net\\\/portal\\\/2024\\\/10\\\/23\\\/venezuela-acusa-a-alcalde-de-maracaibo-de-corrupcion\\\/\",\"name\":\"Venezuela acusa a alcalde de Maracaibo de corrupci\u00f3n - El Diario - Bolivia\",\"isPartOf\":{\"@id\":\"https:\\\/\\\/www.eldiario.net\\\/portal\\\/#website\"},\"primaryImageOfPage\":{\"@id\":\"https:\\\/\\\/www.eldiario.net\\\/portal\\\/2024\\\/10\\\/23\\\/venezuela-acusa-a-alcalde-de-maracaibo-de-corrupcion\\\/#primaryimage\"},\"image\":{\"@id\":\"https:\\\/\\\/www.eldiario.net\\\/portal\\\/2024\\\/10\\\/23\\\/venezuela-acusa-a-alcalde-de-maracaibo-de-corrupcion\\\/#primaryimage\"},\"thumbnailUrl\":\"https:\\\/\\\/www.eldiario.net\\\/portal\\\/wp-content\\\/uploads\\\/2024\\\/10\\\/Venezuela-Mundo-Oriental.jpg\",\"datePublished\":\"2024-10-23T08:51:22+00:00\",\"breadcrumb\":{\"@id\":\"https:\\\/\\\/www.eldiario.net\\\/portal\\\/2024\\\/10\\\/23\\\/venezuela-acusa-a-alcalde-de-maracaibo-de-corrupcion\\\/#breadcrumb\"},\"inLanguage\":\"es\",\"potentialAction\":[{\"@type\":\"ReadAction\",\"target\":[\"https:\\\/\\\/www.eldiario.net\\\/portal\\\/2024\\\/10\\\/23\\\/venezuela-acusa-a-alcalde-de-maracaibo-de-corrupcion\\\/\"]}]},{\"@type\":\"ImageObject\",\"inLanguage\":\"es\",\"@id\":\"https:\\\/\\\/www.eldiario.net\\\/portal\\\/2024\\\/10\\\/23\\\/venezuela-acusa-a-alcalde-de-maracaibo-de-corrupcion\\\/#primaryimage\",\"url\":\"https:\\\/\\\/www.eldiario.net\\\/portal\\\/wp-content\\\/uploads\\\/2024\\\/10\\\/Venezuela-Mundo-Oriental.jpg\",\"contentUrl\":\"https:\\\/\\\/www.eldiario.net\\\/portal\\\/wp-content\\\/uploads\\\/2024\\\/10\\\/Venezuela-Mundo-Oriental.jpg\",\"width\":1200,\"height\":800,\"caption\":\"El alcalde de Maracaibo, Rafael Ram\u00edrez Colina. CREDITO: Mundo Oriental\"},{\"@type\":\"BreadcrumbList\",\"@id\":\"https:\\\/\\\/www.eldiario.net\\\/portal\\\/2024\\\/10\\\/23\\\/venezuela-acusa-a-alcalde-de-maracaibo-de-corrupcion\\\/#breadcrumb\",\"itemListElement\":[{\"@type\":\"ListItem\",\"position\":1,\"name\":\"Portada\",\"item\":\"https:\\\/\\\/www.eldiario.net\\\/portal\\\/\"},{\"@type\":\"ListItem\",\"position\":2,\"name\":\"Venezuela acusa a alcalde de Maracaibo de corrupci\u00f3n\"}]},{\"@type\":\"WebSite\",\"@id\":\"https:\\\/\\\/www.eldiario.net\\\/portal\\\/#website\",\"url\":\"https:\\\/\\\/www.eldiario.net\\\/portal\\\/\",\"name\":\"El Diario - Decano de la prensa nacional\",\"description\":\"El Diario - Decano de la prensa nacional\",\"publisher\":{\"@id\":\"https:\\\/\\\/www.eldiario.net\\\/portal\\\/#organization\"},\"potentialAction\":[{\"@type\":\"SearchAction\",\"target\":{\"@type\":\"EntryPoint\",\"urlTemplate\":\"https:\\\/\\\/www.eldiario.net\\\/portal\\\/?s={search_term_string}\"},\"query-input\":{\"@type\":\"PropertyValueSpecification\",\"valueRequired\":true,\"valueName\":\"search_term_string\"}}],\"inLanguage\":\"es\"},{\"@type\":\"Organization\",\"@id\":\"https:\\\/\\\/www.eldiario.net\\\/portal\\\/#organization\",\"name\":\"El Diario - Decano de la prensa nacional\",\"url\":\"https:\\\/\\\/www.eldiario.net\\\/portal\\\/\",\"logo\":{\"@type\":\"ImageObject\",\"inLanguage\":\"es\",\"@id\":\"https:\\\/\\\/www.eldiario.net\\\/portal\\\/#\\\/schema\\\/logo\\\/image\\\/\",\"url\":\"https:\\\/\\\/www.eldiario.net\\\/portal\\\/wp-content\\\/uploads\\\/2023\\\/07\\\/logo_ED.jpg\",\"contentUrl\":\"https:\\\/\\\/www.eldiario.net\\\/portal\\\/wp-content\\\/uploads\\\/2023\\\/07\\\/logo_ED.jpg\",\"width\":272,\"height\":52,\"caption\":\"El Diario - Decano de la prensa nacional\"},\"image\":{\"@id\":\"https:\\\/\\\/www.eldiario.net\\\/portal\\\/#\\\/schema\\\/logo\\\/image\\\/\"},\"sameAs\":[\"https:\\\/\\\/www.facebook.com\\\/eldiario.bolivia\\\/\",\"https:\\\/\\\/x.com\\\/eldiario_net\"]},{\"@type\":\"Person\",\"@id\":\"https:\\\/\\\/www.eldiario.net\\\/portal\\\/#\\\/schema\\\/person\\\/2c57cf2b7a7ae032e449e4c9b1019eac\",\"name\":\"Jeanette\",\"image\":{\"@type\":\"ImageObject\",\"inLanguage\":\"es\",\"@id\":\"https:\\\/\\\/secure.gravatar.com\\\/avatar\\\/3ea2118a5f7dad2b7138b1187a6b7ee55f160b9968b66013c3a3ef39dd7e5798?s=96&d=mm&r=g\",\"url\":\"https:\\\/\\\/secure.gravatar.com\\\/avatar\\\/3ea2118a5f7dad2b7138b1187a6b7ee55f160b9968b66013c3a3ef39dd7e5798?s=96&d=mm&r=g\",\"contentUrl\":\"https:\\\/\\\/secure.gravatar.com\\\/avatar\\\/3ea2118a5f7dad2b7138b1187a6b7ee55f160b9968b66013c3a3ef39dd7e5798?s=96&d=mm&r=g\",\"caption\":\"Jeanette\"},\"sameAs\":[\"https:\\\/\\\/www.eldiario.net\\\/portal\"],\"url\":\"https:\\\/\\\/www.eldiario.net\\\/portal\\\/author\\\/jeanette\\\/\"}]}<\/script>\n<!-- \/ Yoast SEO plugin. -->","yoast_head_json":{"title":"Venezuela acusa a alcalde de Maracaibo de corrupci\u00f3n - El Diario - Bolivia","robots":{"index":"index","follow":"follow","max-snippet":"max-snippet:-1","max-image-preview":"max-image-preview:large","max-video-preview":"max-video-preview:-1"},"canonical":"https:\/\/www.eldiario.net\/portal\/2024\/10\/23\/venezuela-acusa-a-alcalde-de-maracaibo-de-corrupcion\/","og_locale":"es_ES","og_type":"article","og_title":"Venezuela acusa a alcalde de Maracaibo de corrupci\u00f3n - El Diario - Bolivia","og_description":"El ministro de Interior de Venezuela, Diosdado Cabello, acus\u00f3 ayer al alcalde de Maracaibo, Rafael Ram\u00edrez Colina, detenido a principios de octubre, de formar parte de una trama de corrupci\u00f3n para favorecer al partido opositor Primero Justicia. \u00abFinanci\u00f3 directamente a su partido para actividades pol\u00edticas proselitistas, pagos de personal que no tienen que ver nada [&hellip;]","og_url":"https:\/\/www.eldiario.net\/portal\/2024\/10\/23\/venezuela-acusa-a-alcalde-de-maracaibo-de-corrupcion\/","og_site_name":"El Diario - Bolivia","article_publisher":"https:\/\/www.facebook.com\/eldiario.bolivia\/","article_published_time":"2024-10-23T08:51:22+00:00","og_image":[{"width":1200,"height":800,"url":"https:\/\/www.eldiario.net\/portal\/wp-content\/uploads\/2024\/10\/Venezuela-Mundo-Oriental.jpg","type":"image\/jpeg"}],"author":"Jeanette","twitter_card":"summary_large_image","twitter_creator":"@eldiario_net","twitter_site":"@eldiario_net","twitter_misc":{"Escrito por":"Jeanette","Tiempo de lectura":"2 minutos"},"schema":{"@context":"https:\/\/schema.org","@graph":[{"@type":"Article","@id":"https:\/\/www.eldiario.net\/portal\/2024\/10\/23\/venezuela-acusa-a-alcalde-de-maracaibo-de-corrupcion\/#article","isPartOf":{"@id":"https:\/\/www.eldiario.net\/portal\/2024\/10\/23\/venezuela-acusa-a-alcalde-de-maracaibo-de-corrupcion\/"},"author":{"name":"Jeanette","@id":"https:\/\/www.eldiario.net\/portal\/#\/schema\/person\/2c57cf2b7a7ae032e449e4c9b1019eac"},"headline":"Venezuela acusa a alcalde de Maracaibo de corrupci\u00f3n","datePublished":"2024-10-23T08:51:22+00:00","mainEntityOfPage":{"@id":"https:\/\/www.eldiario.net\/portal\/2024\/10\/23\/venezuela-acusa-a-alcalde-de-maracaibo-de-corrupcion\/"},"wordCount":301,"publisher":{"@id":"https:\/\/www.eldiario.net\/portal\/#organization"},"image":{"@id":"https:\/\/www.eldiario.net\/portal\/2024\/10\/23\/venezuela-acusa-a-alcalde-de-maracaibo-de-corrupcion\/#primaryimage"},"thumbnailUrl":"https:\/\/www.eldiario.net\/portal\/wp-content\/uploads\/2024\/10\/Venezuela-Mundo-Oriental.jpg","articleSection":["Internacional"],"inLanguage":"es"},{"@type":"WebPage","@id":"https:\/\/www.eldiario.net\/portal\/2024\/10\/23\/venezuela-acusa-a-alcalde-de-maracaibo-de-corrupcion\/","url":"https:\/\/www.eldiario.net\/portal\/2024\/10\/23\/venezuela-acusa-a-alcalde-de-maracaibo-de-corrupcion\/","name":"Venezuela acusa a alcalde de Maracaibo de corrupci\u00f3n - El Diario - Bolivia","isPartOf":{"@id":"https:\/\/www.eldiario.net\/portal\/#website"},"primaryImageOfPage":{"@id":"https:\/\/www.eldiario.net\/portal\/2024\/10\/23\/venezuela-acusa-a-alcalde-de-maracaibo-de-corrupcion\/#primaryimage"},"image":{"@id":"https:\/\/www.eldiario.net\/portal\/2024\/10\/23\/venezuela-acusa-a-alcalde-de-maracaibo-de-corrupcion\/#primaryimage"},"thumbnailUrl":"https:\/\/www.eldiario.net\/portal\/wp-content\/uploads\/2024\/10\/Venezuela-Mundo-Oriental.jpg","datePublished":"2024-10-23T08:51:22+00:00","breadcrumb":{"@id":"https:\/\/www.eldiario.net\/portal\/2024\/10\/23\/venezuela-acusa-a-alcalde-de-maracaibo-de-corrupcion\/#breadcrumb"},"inLanguage":"es","potentialAction":[{"@type":"ReadAction","target":["https:\/\/www.eldiario.net\/portal\/2024\/10\/23\/venezuela-acusa-a-alcalde-de-maracaibo-de-corrupcion\/"]}]},{"@type":"ImageObject","inLanguage":"es","@id":"https:\/\/www.eldiario.net\/portal\/2024\/10\/23\/venezuela-acusa-a-alcalde-de-maracaibo-de-corrupcion\/#primaryimage","url":"https:\/\/www.eldiario.net\/portal\/wp-content\/uploads\/2024\/10\/Venezuela-Mundo-Oriental.jpg","contentUrl":"https:\/\/www.eldiario.net\/portal\/wp-content\/uploads\/2024\/10\/Venezuela-Mundo-Oriental.jpg","width":1200,"height":800,"caption":"El alcalde de Maracaibo, Rafael Ram\u00edrez Colina. CREDITO: Mundo Oriental"},{"@type":"BreadcrumbList","@id":"https:\/\/www.eldiario.net\/portal\/2024\/10\/23\/venezuela-acusa-a-alcalde-de-maracaibo-de-corrupcion\/#breadcrumb","itemListElement":[{"@type":"ListItem","position":1,"name":"Portada","item":"https:\/\/www.eldiario.net\/portal\/"},{"@type":"ListItem","position":2,"name":"Venezuela acusa a alcalde de Maracaibo de corrupci\u00f3n"}]},{"@type":"WebSite","@id":"https:\/\/www.eldiario.net\/portal\/#website","url":"https:\/\/www.eldiario.net\/portal\/","name":"El Diario - Decano de la prensa nacional","description":"El Diario - Decano de la prensa nacional","publisher":{"@id":"https:\/\/www.eldiario.net\/portal\/#organization"},"potentialAction":[{"@type":"SearchAction","target":{"@type":"EntryPoint","urlTemplate":"https:\/\/www.eldiario.net\/portal\/?s={search_term_string}"},"query-input":{"@type":"PropertyValueSpecification","valueRequired":true,"valueName":"search_term_string"}}],"inLanguage":"es"},{"@type":"Organization","@id":"https:\/\/www.eldiario.net\/portal\/#organization","name":"El Diario - Decano de la prensa nacional","url":"https:\/\/www.eldiario.net\/portal\/","logo":{"@type":"ImageObject","inLanguage":"es","@id":"https:\/\/www.eldiario.net\/portal\/#\/schema\/logo\/image\/","url":"https:\/\/www.eldiario.net\/portal\/wp-content\/uploads\/2023\/07\/logo_ED.jpg","contentUrl":"https:\/\/www.eldiario.net\/portal\/wp-content\/uploads\/2023\/07\/logo_ED.jpg","width":272,"height":52,"caption":"El Diario - Decano de la prensa nacional"},"image":{"@id":"https:\/\/www.eldiario.net\/portal\/#\/schema\/logo\/image\/"},"sameAs":["https:\/\/www.facebook.com\/eldiario.bolivia\/","https:\/\/x.com\/eldiario_net"]},{"@type":"Person","@id":"https:\/\/www.eldiario.net\/portal\/#\/schema\/person\/2c57cf2b7a7ae032e449e4c9b1019eac","name":"Jeanette","image":{"@type":"ImageObject","inLanguage":"es","@id":"https:\/\/secure.gravatar.com\/avatar\/3ea2118a5f7dad2b7138b1187a6b7ee55f160b9968b66013c3a3ef39dd7e5798?s=96&d=mm&r=g","url":"https:\/\/secure.gravatar.com\/avatar\/3ea2118a5f7dad2b7138b1187a6b7ee55f160b9968b66013c3a3ef39dd7e5798?s=96&d=mm&r=g","contentUrl":"https:\/\/secure.gravatar.com\/avatar\/3ea2118a5f7dad2b7138b1187a6b7ee55f160b9968b66013c3a3ef39dd7e5798?s=96&d=mm&r=g","caption":"Jeanette"},"sameAs":["https:\/\/www.eldiario.net\/portal"],"url":"https:\/\/www.eldiario.net\/portal\/author\/jeanette\/"}]}},"_links":{"self":[{"href":"https:\/\/www.eldiario.net\/portal\/wp-json\/wp\/v2\/posts\/255854","targetHints":{"allow":["GET"]}}],"collection":[{"href":"https:\/\/www.eldiario.net\/portal\/wp-json\/wp\/v2\/posts"}],"about":[{"href":"https:\/\/www.eldiario.net\/portal\/wp-json\/wp\/v2\/types\/post"}],"author":[{"embeddable":true,"href":"https:\/\/www.eldiario.net\/portal\/wp-json\/wp\/v2\/users\/1"}],"replies":[{"embeddable":true,"href":"https:\/\/www.eldiario.net\/portal\/wp-json\/wp\/v2\/comments?post=255854"}],"version-history":[{"count":1,"href":"https:\/\/www.eldiario.net\/portal\/wp-json\/wp\/v2\/posts\/255854\/revisions"}],"predecessor-version":[{"id":255856,"href":"https:\/\/www.eldiario.net\/portal\/wp-json\/wp\/v2\/posts\/255854\/revisions\/255856"}],"wp:featuredmedia":[{"embeddable":true,"href":"https:\/\/www.eldiario.net\/portal\/wp-json\/wp\/v2\/media\/255855"}],"wp:attachment":[{"href":"https:\/\/www.eldiario.net\/portal\/wp-json\/wp\/v2\/media?parent=255854"}],"wp:term":[{"taxonomy":"category","embeddable":true,"href":"https:\/\/www.eldiario.net\/portal\/wp-json\/wp\/v2\/categories?post=255854"},{"taxonomy":"post_tag","embeddable":true,"href":"https:\/\/www.eldiario.net\/portal\/wp-json\/wp\/v2\/tags?post=255854"}],"curies":[{"name":"wp","href":"https:\/\/api.w.org\/{rel}","templated":true}]}}