{"id":255851,"date":"2024-10-23T04:50:15","date_gmt":"2024-10-23T08:50:15","guid":{"rendered":"https:\/\/www.eldiario.net\/portal\/?p=255851"},"modified":"2024-10-23T04:50:15","modified_gmt":"2024-10-23T08:50:15","slug":"detenciones-de-ninos-y-adolescentes-en-esa-magnitud-no-se-vieron-en-venezuela","status":"publish","type":"post","link":"https:\/\/www.eldiario.net\/portal\/2024\/10\/23\/detenciones-de-ninos-y-adolescentes-en-esa-magnitud-no-se-vieron-en-venezuela\/","title":{"rendered":"Detenciones de ni\u00f1os y adolescentes en  esa magnitud no se vieron en Venezuela"},"content":{"rendered":"<p class=\"v1MsoNormal\">Durante los \u00faltimos cinco a\u00f1os, Marta Vali\u00f1as, lider\u00f3 la misi\u00f3n de Naciones Unidas que investiga al gobierno del presidente Nicol\u00e1s Maduro por presuntas violaciones de derechos humanos.<\/p>\n<p class=\"v1MsoNormal\">Hasta el momento, el equipo de Vali\u00f1as document\u00f3 850 casos de violaciones graves de derechos humanos en Venezuela, que incluyen detenciones arbitrarias, torturas, violencia sexual y desapariciones forzadas, entre otros delitos.<\/p>\n<p class=\"v1MsoNormal\">En su \u00faltimo informe, la Misi\u00f3n internacional independiente de determinaci\u00f3n de los hechos sobre la Rep\u00fablica Bolivariana de Venezuela advirti\u00f3 que las autoridades \u00abpusieron en marcha una campa\u00f1a de detenciones masivas e indiscriminadas sin precedente\u00bb tras las elecciones del 28 de julio, en las que Maduro fue proclamado ganador sin mostrar las actas de votaci\u00f3n.<\/p>\n<p class=\"v1MsoNormal\">El viernes 11 de octubre, un d\u00eda despu\u00e9s de que se publicara este reporte, el Consejo de Derechos Humanos de la ONU renov\u00f3 por dos a\u00f1os el mandato de la misi\u00f3n con el voto a favor de 23 pa\u00edses (entre los que figuran Argentina, Chile, Costa Rica y Rep\u00fablica Dominicana), 18 abstenciones (entre ellas Brasil) y 6 pa\u00edses en contra (Algeria, China, Cuba, Eritrea, Sud\u00e1n y Vietnam).<\/p>\n<p class=\"v1MsoNormal\">Los testimonios recogidos por la misi\u00f3n que preside Vali\u00f1as pueden servir para el expediente \u00abVenezuela I\u00bb, la investigaci\u00f3n que la Corte Penal Internacional (CPI) emprendi\u00f3 contra el gobierno de Maduro por presuntos cr\u00edmenes de lesa humanidad y que constituye el primer caso en Am\u00e9rica Latina que llega a esta instancia.<\/p>\n<p class=\"v1MsoNormal\">Sin embargo, voceros del gobierno de Maduro rechazaron los informes de la misi\u00f3n, se\u00f1alando que est\u00e1n \u00abplagados de falsedades\u00bb o fueron \u00abvulgares\u00bb y \u00abpanfletarios\u00bb. Adem\u00e1s, descalificaron a la misi\u00f3n al describirla como una instancia \u00abcontrolada por gobiernos subordinados a Washington\u00bb.<\/p>\n<p class=\"v1MsoNormal\">Vali\u00f1as convers\u00f3 con BBC Mundo para explicar los hallazgos que la misi\u00f3n hizo p\u00fablicos en su \u00faltimo informe sobre la persecuci\u00f3n pol\u00edtica en Venezuela despu\u00e9s de las elecciones. Esta entrevista fue editada para su publicaci\u00f3n.<\/p>\n<p class=\"v1MsoNormal\">Usted se\u00f1al\u00f3 que Venezuela atraviesa una de las crisis m\u00e1s agudas de su historia reciente en el \u00e1rea de derechos humanos. \u00bfQu\u00e9 tipo de violaciones document\u00f3 la misi\u00f3n despu\u00e9s de las elecciones?<\/p>\n<p class=\"v1MsoNormal\">En el per\u00edodo postelectoral se intensific\u00f3 la represi\u00f3n estatal de voces cr\u00edticas o de personas percibidas como opuestas al gobierno.<\/p>\n<p class=\"v1MsoNormal\">Por un lado, est\u00e1 el car\u00e1cter masivo e indiscriminado de las detenciones arbitrarias que ocurrieron despu\u00e9s de las elecciones. Y por el otro, la forma en la que fueron realizadas. En algunos casos, las fuerzas de seguridad del Estado fueron a las viviendas, muchas veces sin una orden, y detuvieron a las personas solamente por alg\u00fan video o alguna declaraci\u00f3n que hab\u00edan encontrado en redes sociales.<\/p>\n<p class=\"v1MsoNormal\">El problema es que esta masividad y este car\u00e1cter indiscriminado estuvieron acompa\u00f1ados de varias violaciones graves al debido proceso, que se dieron de forma repetida y sistem\u00e1tica, y dejaron a las personas totalmente vulnerables.<\/p>\n<p class=\"v1MsoNormal\">No es solo el hecho de que no ten\u00edan orden de detenci\u00f3n o no estaban informando sobre las razones de las capturas, sino que no les permit\u00edan el acceso a su familia ni a abogados de su elecci\u00f3n, ni siquiera a organizaciones de la sociedad civil que prestan asistencia jur\u00eddica.<\/p>\n<p class=\"v1MsoNormal\">\u00bfQu\u00e9 tipo de pr\u00e1cticas represivas se est\u00e1n aplicando ahora que los investigadores de la misi\u00f3n no hayan documentado en a\u00f1os anteriores?<\/p>\n<p class=\"v1MsoNormal\">En primer lugar, est\u00e1n las audiencias colectivas donde se imputan cargos como terrorismo o incitaci\u00f3n al odio sin una individualizaci\u00f3n de la conducta de cada una de estas personas. Esto no lo vimos en las protestas de 2014, 2017 \u00f3 2019. Algunas de las audiencias fueron realizadas con los ni\u00f1os, ni\u00f1as y adolescentes que fueron detenidos, sin presencia de sus padres ni asistencia legal.<\/p>\n<p class=\"v1MsoNormal\">Hemos podido investigar algunos casos individuales, pero solo una peque\u00f1a muestra de este universo enorme de casos. Por ejemplo, en nuestro informe damos cuenta de 2 ni\u00f1as que fueron detenidas porque estaban pasando cerca de una protesta y las insultaron, las golpearon y las detuvieron junto con hombres adultos. Una fue liberada, pero la otra permaneci\u00f3 detenida y fue v\u00edctima de manoseos estando embarazada. Eso es violencia sexual y es una violaci\u00f3n de sus derechos reproductivos. La detenci\u00f3n de ni\u00f1os, ni\u00f1as y adolescentes con esta magnitud no la hab\u00edamos visto.<\/p>\n<p class=\"v1MsoNormal\">Por otra parte, las detenciones selectivas de personas con un perfil p\u00fablico conocido se volvieron m\u00e1s masivas, como los casos de Freddy Superlano, Mar\u00eda Oropeza o William D\u00e1vila. Esto lo hab\u00edamos visto en casos como el de Roc\u00edo San Miguel y otras personas que fueron detenidas con sus familiares. El tema es que todo esto ocurri\u00f3 en un per\u00edodo muy corto. Por eso decimos que no tiene precedentes en la historia reciente de Venezuela. Ya las autoridades no est\u00e1n preocupadas en dar una apariencia de legalidad.<\/p>\n<p class=\"v1MsoNormal\">\n<p class=\"v1MsoNormal\">VIOLENCIA SEXUAL<\/p>\n<p class=\"v1MsoNormal\">La misi\u00f3n describe en sus reportes t\u00e9cnicas de tortura que incluyen abusos sexuales contra los detenidos. En el \u00faltimo informe, por ejemplo, se advierte que \u00abla violaci\u00f3n contra hombres es com\u00fanmente utilizada como herramienta de castigo y humillaci\u00f3n\u00bb. \u00bfEn qu\u00e9 consisten las pr\u00e1cticas de violencia sexual que documentaron?<\/p>\n<p class=\"v1MsoNormal\">Hemos documentado casos de hombres detenidos que fueron golpeados o recibieron descargas el\u00e9ctricas en los genitales. Tenemos mujeres que hablan de manoseos o el caso de una mujer que hab\u00eda informado que estaba embarazada y a\u00fan as\u00ed la golpearon y perdi\u00f3 a su beb\u00e9. Hay ni\u00f1as y mujeres que cuando estaban detenidas fueron forzadas a desnudarse frente a guardias hombres. Esto tambi\u00e9n aparece en casos despu\u00e9s de las elecciones.<\/p>\n<p class=\"v1MsoNormal\">Hay casos de mujeres detenidas que son coaccionadas a tener relaciones sexuales con los guardias para tener acceso a bienes b\u00e1sicos, pero que son vistos como beneficios o privilegios dentro de las c\u00e1rceles.<\/p>\n<p class=\"v1MsoNormal\">\u00bfLa misi\u00f3n puede demostrar que esto fue sistem\u00e1tico?<\/p>\n<p class=\"v1MsoNormal\">En nuestros informes hemos documentado estos hechos dentro del grupo de casos que estamos evaluando: personas opositoras o percibidas como tales. En los primeros informes hab\u00eda m\u00e1s casos de hombres v\u00edctimas porque eran militares acusados de estar presuntamente involucrados en conspiraciones. Hay que aclarar que no estamos mirando la violencia sexual en general, sino solo en los casos que estamos analizando.<\/p>\n<p class=\"v1MsoNormal\">Es dif\u00edcil hablar de sistematicidad de la misma forma que en otros delitos y esto tiene que ver con las dificultades propias de investigar casos de violencia sexual. Hay v\u00edctimas que est\u00e1n abiertas a hablar sobre esto, pero hay muchas que no. Sin embargo, hemos visto que estas pr\u00e1cticas se repiten con los a\u00f1os. En t\u00e9rminos de pr\u00e1cticas de tortura, s\u00ed ocurren de forma repetida.<\/p>\n<p class=\"v1MsoNormal\">\u00bfLos investigadores de la misi\u00f3n tuvieron acceso a las c\u00e1rceles o centros de detenci\u00f3n para conversar directamente con las v\u00edctimas? \u00bfExiste alg\u00fan nivel de cooperaci\u00f3n con el gobierno de Maduro que garantice ese acceso?<\/p>\n<p class=\"v1MsoNormal\">Nunca hemos tenido acceso a las c\u00e1rceles porque no tenemos acceso al territorio ni a las autoridades. Desde que se cre\u00f3 la misi\u00f3n en 2019, las autoridades nunca nos respondieron ninguna comunicaci\u00f3n ni solicitud para recibir informaci\u00f3n de parte de ellos ni para entrar en el pa\u00eds.<\/p>\n<p class=\"v1MsoNormal\">Sin embargo, hemos tenido acceso a informaci\u00f3n proveniente de personas detenidas. Pero despu\u00e9s de las elecciones, no tienen abogados privados y los familiares no pudieron entrar a visitarlos. Parte de nuestra preocupaci\u00f3n y de las organizaciones en Venezuela es que estas personas est\u00e1n abandonadas, sin posibilidad de que sus abogados revisen los expedientes o de decir a sus familiares lo que les est\u00e1 pasando.<\/p>\n<p class=\"v1MsoNormal\">En redes sociales hemos visto testimonios de madres que le piden clemencia al gobierno y a los tribunales tras la detenci\u00f3n de ni\u00f1os y adolescentes que ni siquiera estaban participando en manifestaciones. \u00bfCu\u00e1l es la situaci\u00f3n de los menores de edad que est\u00e1n en la c\u00e1rcel en este momento?<\/p>\n<p class=\"v1MsoNormal\">Eso es parte de lo que estamos recopilando ahora. Estamos recibiendo informaci\u00f3n de diferentes fuentes de que est\u00e1n forzando, tanto a adultos como a ni\u00f1os, a admitir los cargos. Les dicen que si no aceptan, les van a imponer sanciones mucho m\u00e1s altas. \u00abTe vas a pasar 20 a\u00f1os en la c\u00e1rcel, entonces mejor reconoce que estuviste haciendo esto\u00bb. Eso est\u00e1 pasando ahora. Y es sumamente preocupante, sobre todo cuando hablamos de ni\u00f1os.<\/p>\n<p class=\"v1MsoNormal\">\n<p class=\"v1MsoNormal\">\u00bfUNA POL\u00cdTICA DE ESTADO?<\/p>\n<p class=\"v1MsoNormal\">\u00bfEn qu\u00e9 momento las violaciones de derechos humanos constituyen cr\u00edmenes de lesa humanidad y c\u00f3mo se demuestra?<\/p>\n<p class=\"v1MsoNormal\">Para que sean cr\u00edmenes de lesa humanidad tienen que estar previstos en el Estatuto de Roma. No todos los delitos como tortura, violencia sexual o detenciones arbitrarias lo son. Se consideran cr\u00edmenes de lesa humanidad cuando son cometidos como parte de un ataque a una poblaci\u00f3n, es decir, cuando hay varios incidentes que hacen parte de una misma l\u00ednea de conducta en contra de una poblaci\u00f3n civil. Estos incidentes tienen que ser cometidos de forma generalizada o sistem\u00e1tica. Si es generalizada, hay muchos casos y ocurre en varios sitios. Si es sistem\u00e1tica, se trata de un patr\u00f3n de actuaci\u00f3n.<\/p>\n<p class=\"v1MsoNormal\">Tambi\u00e9n hay que probar que son cometidos bajo una pol\u00edtica de Estado. \u00bfPor qu\u00e9 hemos dicho, ya en 2020, que se estaban cometiendo cr\u00edmenes de lesa humanidad y por qu\u00e9 creemos que se est\u00e1n cometiendo ahora? Porque son parte de una misma l\u00ednea de conducta y bajo una misma pol\u00edtica de Estado. Estos son los requisitos jur\u00eddicos.<\/p>\n<p class=\"v1MsoNormal\">Y no tiene que ser el Estado quien ejecuta los cr\u00edmenes, pero s\u00ed es una pol\u00edtica dise\u00f1ada por el Estado que luego podr\u00eda ser implementada por particulares. Por ejemplo, tenemos muchas alegaciones sobre el involucramiento de civiles armados, los colectivos, y hasta qu\u00e9 punto est\u00e1n actuando no solamente con el conocimiento de los agentes del Estado, sino en coordinaci\u00f3n con ellos, bajo sus instrucciones.<\/p>\n<p class=\"v1MsoNormal\">Ellos son civiles, pero pueden estar actuando bajo una misma pol\u00edtica que proviene del Estado. Y es una pol\u00edtica de silenciar, anular y sofocar a la oposici\u00f3n, entendida de forma amplia. No es una oposici\u00f3n pol\u00edtica solamente, sino de activistas, periodistas o personas defensoras de derechos humanos.<\/p>\n<p class=\"v1MsoNormal\">Esto no lo hab\u00edamos dicho as\u00ed antes, pero en el \u00faltimo informe dijimos que el delito de persecuci\u00f3n fundada en motivos pol\u00edticos es un crimen que est\u00e1 previsto en el Estatuto de Roma. Creemos que ese delito de lesa humanidad, el delito de persecuci\u00f3n fundada en motivos pol\u00edticos, est\u00e1 siendo cometido en este momento porque los ni\u00f1os y ni\u00f1as detenidos, los miembros de las mesas electorales o personas que simplemente pusieron algo en sus redes sociales contra los resultados electorales, est\u00e1n siendo blanco de esta represi\u00f3n por expresar sus opiniones, que son vistas como una cr\u00edtica o una amenaza al gobierno y que hay que anular, eliminar.<\/p>\n<p class=\"v1MsoNormal\">A lo largo de su labor, la misi\u00f3n document\u00f3 y analiz\u00f3 al menos 850 casos. 520 de ellos constituyen detenciones arbitrarias y 170 corresponden a torturas y malos tratos. \u00bfC\u00f3mo se transforma todo este cuerpo de investigaci\u00f3n en insumos para el expediente de la Corte Penal Internacional contra el gobierno de Maduro?<\/p>\n<p class=\"v1MsoNormal\">Hemos dicho p\u00fablicamente que estamos dispuestos a compartir la informaci\u00f3n que recopilamos. No solamente los informes que ya son p\u00fablicos, sino las entrevistas que realizamos, los expedientes judiciales y otros documentos a los que hemos tenido acceso.<\/p>\n<p class=\"v1MsoNormal\">Estamos dispuestos a compartirlo tanto con la Corte Penal Internacional, como con otras jurisdicciones que act\u00faen bajo el principio de la jurisdicci\u00f3n universal, como es el caso de los dos procesos que est\u00e1n abiertos en Argentina por cr\u00edmenes de lesa humanidad cometidos en Venezuela. Podemos compartir esa informaci\u00f3n siempre y cuando la persona que nos dio una entrevista, nos d\u00e9 el consentimiento para hacerlo.<\/p>\n<p class=\"v1MsoNormal\">Por ahora, lo que es p\u00fablico es que la Fiscal\u00eda de la Corte Penal Internacional, en todos sus documentos sobre Venezuela pero de forma m\u00e1s significativa en el \u00faltimo, cit\u00f3 nuestros informes de manera exhaustiva frente a los jueces para argumentar por qu\u00e9 se deber\u00eda permitir a la Fiscal\u00eda seguir investigando a Venezuela.<\/p>\n<p class=\"v1MsoNormal\">\n<p class=\"v1MsoNormal\">PA\u00cdS SIN CONFLICTO ARMADO<\/p>\n<p class=\"v1MsoNormal\">Por un lado, el gobierno de Maduro despide al personal de la oficina del Alto Comisionado para los Derechos Humanos de la ONU en Caracas, pero por otro asegura que va a permitir la instalaci\u00f3n de la oficina de la CPI. \u00bfQu\u00e9 significa que se cierre un mecanismo, pero al mismo tiempo se abra otro?<\/p>\n<p class=\"v1MsoNormal\">Sinceramente, es dif\u00edcil de entender cu\u00e1l es la estrategia. Siempre rechazaron la existencia de esta misi\u00f3n y cualquier hallazgo porque tambi\u00e9n va en la l\u00ednea de otros miembros del Consejo de Derechos Humanos que defienden que no se deber\u00edan crear estos mecanismos sin el consentimiento del Estado.<\/p>\n<p class=\"v1MsoNormal\">Hablamos de pa\u00edses como China, Ir\u00e1n y Rusia. Nosotros somos independientes, actuamos de forma totalmente separada de la Oficina del Alto Comisionado, aunque Venezuela siempre haya tratado de crear este antagonismo entre los dos (la misi\u00f3n y la oficina) para su propio inter\u00e9s. Venezuela puede expulsar al personal de la oficina y rechazar la existencia de nuestra misi\u00f3n, pero eso no tiene ning\u00fan impacto en la CPI, ellos hacen sus investigaciones sin que el gobierno pueda detener ese proceso.<\/p>\n<p class=\"v1MsoNormal\">Usted trabaj\u00f3 en pa\u00edses que\u00a0\u00a0vivieron conflictos armados como Colombia, Guatemala o Bosnia y Herzegovina. \u00bfQu\u00e9 particularidades ha visto en Venezuela con respecto a otros pa\u00edses?<\/p>\n<p class=\"v1MsoNormal\">La particularidad de Venezuela es que tenemos graves violaciones de derechos humanos, que se est\u00e1n prolongando en el tiempo con consecuencias muy graves e intensas para la poblaci\u00f3n, tanto a nivel humanitario como de respeto a los derechos humanos, en un pa\u00eds que est\u00e1 supuestamente en paz, donde no hay un conflicto armado.<\/p>\n<p class=\"v1MsoNormal\">Esto genera un gran desgaste en la poblaci\u00f3n y en los defensores de derechos humanos, que intentan resistir. Eso es impresionante. A pesar de toda esta represi\u00f3n continuada, las organizaciones de la sociedad civil mantienen un nivel de capacidad y de profesionalismo muy alto y con una valent\u00eda sorprendente. Adem\u00e1s, Venezuela se est\u00e1 cerrando cada vez m\u00e1s al escrutinio internacional y a lo que pudiera lograr la asistencia t\u00e9cnica en materia de derechos humanos.<\/p>\n<p class=\"v1MsoNormal\">\u00bfQu\u00e9 significa la renovaci\u00f3n del mandato de la misi\u00f3n hasta el a\u00f1o 2026?<\/p>\n<p class=\"v1MsoNormal\">Para las personas que est\u00e1n sufriendo estas violaciones, para la sociedad en general y para las organizaciones de defensa de derechos humanos, es muy importante que exista este trabajo a nivel internacional y que se mantenga el tema de Venezuela sobre la mesa. Es importante como respaldo al trabajo de estas organizaciones y a su protecci\u00f3n.<\/p>\n<p class=\"v1MsoNormal\">Con esta decisi\u00f3n, el Consejo de Derechos Humanos dio un mensaje muy simb\u00f3lico. Hay una percepci\u00f3n de que los pa\u00edses autocr\u00e1ticos, que no respetan el orden internacional de protecci\u00f3n de derechos humanos, se est\u00e1n fortaleciendo. Pero a la vez, posiciones como \u00e9sta son se\u00f1ales muy importantes de que una entidad como el Consejo s\u00ed denuncia lo que est\u00e1 pasando en Venezuela.<\/p>\n<p class=\"v1MsoNormal\">\u00bfCu\u00e1l considera que es la mayor contribuci\u00f3n de la misi\u00f3n?<\/p>\n<p class=\"v1MsoNormal\">Nuestro trabajo da aliento a las v\u00edctimas y a los defensores, les da voz en los foros internacionales. Intentamos que no se normalice la situaci\u00f3n de Venezuela, que no se olvide lo que est\u00e1 pasando, simplemente porque ya no est\u00e1 en la noticia del d\u00eda. A largo plazo, el resultado m\u00e1s tangible de nuestro trabajo ser\u00e1 contribuir con los procesos de rendici\u00f3n de cuentas. En el futuro, creo que va a colaborar con las discusiones de justicia transicional. (BBC)<\/p>\n<p class=\"v1MsoNormal\">\n","protected":false},"excerpt":{"rendered":"<p>Durante los \u00faltimos cinco a\u00f1os, Marta Vali\u00f1as, lider\u00f3 la misi\u00f3n de Naciones Unidas que investiga al gobierno del presidente Nicol\u00e1s Maduro por presuntas violaciones de derechos humanos. Hasta el momento, el equipo de Vali\u00f1as document\u00f3 850 casos de violaciones graves de derechos humanos en Venezuela, que incluyen detenciones arbitrarias, torturas, violencia sexual y desapariciones forzadas, [&hellip;]<\/p>\n","protected":false},"author":1,"featured_media":255852,"comment_status":"closed","ping_status":"open","sticky":false,"template":"","format":"standard","meta":{"_acf_changed":false,"footnotes":""},"categories":[3],"tags":[],"class_list":["post-255851","post","type-post","status-publish","format-standard","has-post-thumbnail","category-internacional"],"acf":{"antetitulo":"Seg\u00fan misi\u00f3n internacional"},"yoast_head":"<!-- This site is optimized with the Yoast SEO plugin v28.4 - https:\/\/yoast.com\/product\/yoast-seo-wordpress\/ -->\n<title>Detenciones de ni\u00f1os y adolescentes en esa magnitud no se vieron en Venezuela - El Diario - Bolivia<\/title>\n<meta name=\"robots\" content=\"index, follow, max-snippet:-1, max-image-preview:large, max-video-preview:-1\" \/>\n<link rel=\"canonical\" href=\"https:\/\/www.eldiario.net\/portal\/2024\/10\/23\/detenciones-de-ninos-y-adolescentes-en-esa-magnitud-no-se-vieron-en-venezuela\/\" \/>\n<meta property=\"og:locale\" content=\"es_ES\" \/>\n<meta property=\"og:type\" content=\"article\" \/>\n<meta property=\"og:title\" content=\"Detenciones de ni\u00f1os y adolescentes en esa magnitud no se vieron en Venezuela - El Diario - Bolivia\" \/>\n<meta property=\"og:description\" content=\"Durante los \u00faltimos cinco a\u00f1os, Marta Vali\u00f1as, lider\u00f3 la misi\u00f3n de Naciones Unidas que investiga al gobierno del presidente Nicol\u00e1s Maduro por presuntas violaciones de derechos humanos. Hasta el momento, el equipo de Vali\u00f1as document\u00f3 850 casos de violaciones graves de derechos humanos en Venezuela, que incluyen detenciones arbitrarias, torturas, violencia sexual y desapariciones forzadas, [&hellip;]\" \/>\n<meta property=\"og:url\" content=\"https:\/\/www.eldiario.net\/portal\/2024\/10\/23\/detenciones-de-ninos-y-adolescentes-en-esa-magnitud-no-se-vieron-en-venezuela\/\" \/>\n<meta property=\"og:site_name\" content=\"El Diario - Bolivia\" \/>\n<meta property=\"article:publisher\" content=\"https:\/\/www.facebook.com\/eldiario.bolivia\/\" \/>\n<meta property=\"article:published_time\" content=\"2024-10-23T08:50:15+00:00\" \/>\n<meta property=\"og:image\" content=\"https:\/\/www.eldiario.net\/portal\/wp-content\/uploads\/2024\/10\/DETENCION-Getty-Images.jpg\" \/>\n\t<meta property=\"og:image:width\" content=\"800\" \/>\n\t<meta property=\"og:image:height\" content=\"449\" \/>\n\t<meta property=\"og:image:type\" content=\"image\/jpeg\" \/>\n<meta name=\"author\" content=\"Jeanette\" \/>\n<meta name=\"twitter:card\" content=\"summary_large_image\" \/>\n<meta name=\"twitter:creator\" content=\"@eldiario_net\" \/>\n<meta name=\"twitter:site\" content=\"@eldiario_net\" \/>\n<meta name=\"twitter:label1\" content=\"Escrito por\" \/>\n\t<meta name=\"twitter:data1\" content=\"Jeanette\" \/>\n\t<meta name=\"twitter:label2\" content=\"Tiempo de lectura\" \/>\n\t<meta name=\"twitter:data2\" content=\"12 minutos\" \/>\n<script type=\"application\/ld+json\" class=\"yoast-schema-graph\">{\"@context\":\"https:\\\/\\\/schema.org\",\"@graph\":[{\"@type\":\"Article\",\"@id\":\"https:\\\/\\\/www.eldiario.net\\\/portal\\\/2024\\\/10\\\/23\\\/detenciones-de-ninos-y-adolescentes-en-esa-magnitud-no-se-vieron-en-venezuela\\\/#article\",\"isPartOf\":{\"@id\":\"https:\\\/\\\/www.eldiario.net\\\/portal\\\/2024\\\/10\\\/23\\\/detenciones-de-ninos-y-adolescentes-en-esa-magnitud-no-se-vieron-en-venezuela\\\/\"},\"author\":{\"name\":\"Jeanette\",\"@id\":\"https:\\\/\\\/www.eldiario.net\\\/portal\\\/#\\\/schema\\\/person\\\/2c57cf2b7a7ae032e449e4c9b1019eac\"},\"headline\":\"Detenciones de ni\u00f1os y adolescentes en esa magnitud no se vieron en Venezuela\",\"datePublished\":\"2024-10-23T08:50:15+00:00\",\"mainEntityOfPage\":{\"@id\":\"https:\\\/\\\/www.eldiario.net\\\/portal\\\/2024\\\/10\\\/23\\\/detenciones-de-ninos-y-adolescentes-en-esa-magnitud-no-se-vieron-en-venezuela\\\/\"},\"wordCount\":2711,\"publisher\":{\"@id\":\"https:\\\/\\\/www.eldiario.net\\\/portal\\\/#organization\"},\"image\":{\"@id\":\"https:\\\/\\\/www.eldiario.net\\\/portal\\\/2024\\\/10\\\/23\\\/detenciones-de-ninos-y-adolescentes-en-esa-magnitud-no-se-vieron-en-venezuela\\\/#primaryimage\"},\"thumbnailUrl\":\"https:\\\/\\\/www.eldiario.net\\\/portal\\\/wp-content\\\/uploads\\\/2024\\\/10\\\/DETENCION-Getty-Images.jpg\",\"articleSection\":[\"Internacional\"],\"inLanguage\":\"es\"},{\"@type\":\"WebPage\",\"@id\":\"https:\\\/\\\/www.eldiario.net\\\/portal\\\/2024\\\/10\\\/23\\\/detenciones-de-ninos-y-adolescentes-en-esa-magnitud-no-se-vieron-en-venezuela\\\/\",\"url\":\"https:\\\/\\\/www.eldiario.net\\\/portal\\\/2024\\\/10\\\/23\\\/detenciones-de-ninos-y-adolescentes-en-esa-magnitud-no-se-vieron-en-venezuela\\\/\",\"name\":\"Detenciones de ni\u00f1os y adolescentes en esa magnitud no se vieron en Venezuela - El Diario - Bolivia\",\"isPartOf\":{\"@id\":\"https:\\\/\\\/www.eldiario.net\\\/portal\\\/#website\"},\"primaryImageOfPage\":{\"@id\":\"https:\\\/\\\/www.eldiario.net\\\/portal\\\/2024\\\/10\\\/23\\\/detenciones-de-ninos-y-adolescentes-en-esa-magnitud-no-se-vieron-en-venezuela\\\/#primaryimage\"},\"image\":{\"@id\":\"https:\\\/\\\/www.eldiario.net\\\/portal\\\/2024\\\/10\\\/23\\\/detenciones-de-ninos-y-adolescentes-en-esa-magnitud-no-se-vieron-en-venezuela\\\/#primaryimage\"},\"thumbnailUrl\":\"https:\\\/\\\/www.eldiario.net\\\/portal\\\/wp-content\\\/uploads\\\/2024\\\/10\\\/DETENCION-Getty-Images.jpg\",\"datePublished\":\"2024-10-23T08:50:15+00:00\",\"breadcrumb\":{\"@id\":\"https:\\\/\\\/www.eldiario.net\\\/portal\\\/2024\\\/10\\\/23\\\/detenciones-de-ninos-y-adolescentes-en-esa-magnitud-no-se-vieron-en-venezuela\\\/#breadcrumb\"},\"inLanguage\":\"es\",\"potentialAction\":[{\"@type\":\"ReadAction\",\"target\":[\"https:\\\/\\\/www.eldiario.net\\\/portal\\\/2024\\\/10\\\/23\\\/detenciones-de-ninos-y-adolescentes-en-esa-magnitud-no-se-vieron-en-venezuela\\\/\"]}]},{\"@type\":\"ImageObject\",\"inLanguage\":\"es\",\"@id\":\"https:\\\/\\\/www.eldiario.net\\\/portal\\\/2024\\\/10\\\/23\\\/detenciones-de-ninos-y-adolescentes-en-esa-magnitud-no-se-vieron-en-venezuela\\\/#primaryimage\",\"url\":\"https:\\\/\\\/www.eldiario.net\\\/portal\\\/wp-content\\\/uploads\\\/2024\\\/10\\\/DETENCION-Getty-Images.jpg\",\"contentUrl\":\"https:\\\/\\\/www.eldiario.net\\\/portal\\\/wp-content\\\/uploads\\\/2024\\\/10\\\/DETENCION-Getty-Images.jpg\",\"width\":800,\"height\":449,\"caption\":\"Un grupo de padres protestan a las puertas de Tocuyito, una c\u00e1rcel de presos comunes donde est\u00e1n detenidos menores de edad arrestados tras las elecciones. CREDITO: Getty Images\"},{\"@type\":\"BreadcrumbList\",\"@id\":\"https:\\\/\\\/www.eldiario.net\\\/portal\\\/2024\\\/10\\\/23\\\/detenciones-de-ninos-y-adolescentes-en-esa-magnitud-no-se-vieron-en-venezuela\\\/#breadcrumb\",\"itemListElement\":[{\"@type\":\"ListItem\",\"position\":1,\"name\":\"Portada\",\"item\":\"https:\\\/\\\/www.eldiario.net\\\/portal\\\/\"},{\"@type\":\"ListItem\",\"position\":2,\"name\":\"Detenciones de ni\u00f1os y adolescentes en esa magnitud no se vieron en Venezuela\"}]},{\"@type\":\"WebSite\",\"@id\":\"https:\\\/\\\/www.eldiario.net\\\/portal\\\/#website\",\"url\":\"https:\\\/\\\/www.eldiario.net\\\/portal\\\/\",\"name\":\"El Diario - Decano de la prensa nacional\",\"description\":\"El Diario - Decano de la prensa nacional\",\"publisher\":{\"@id\":\"https:\\\/\\\/www.eldiario.net\\\/portal\\\/#organization\"},\"potentialAction\":[{\"@type\":\"SearchAction\",\"target\":{\"@type\":\"EntryPoint\",\"urlTemplate\":\"https:\\\/\\\/www.eldiario.net\\\/portal\\\/?s={search_term_string}\"},\"query-input\":{\"@type\":\"PropertyValueSpecification\",\"valueRequired\":true,\"valueName\":\"search_term_string\"}}],\"inLanguage\":\"es\"},{\"@type\":\"Organization\",\"@id\":\"https:\\\/\\\/www.eldiario.net\\\/portal\\\/#organization\",\"name\":\"El Diario - Decano de la prensa nacional\",\"url\":\"https:\\\/\\\/www.eldiario.net\\\/portal\\\/\",\"logo\":{\"@type\":\"ImageObject\",\"inLanguage\":\"es\",\"@id\":\"https:\\\/\\\/www.eldiario.net\\\/portal\\\/#\\\/schema\\\/logo\\\/image\\\/\",\"url\":\"https:\\\/\\\/www.eldiario.net\\\/portal\\\/wp-content\\\/uploads\\\/2023\\\/07\\\/logo_ED.jpg\",\"contentUrl\":\"https:\\\/\\\/www.eldiario.net\\\/portal\\\/wp-content\\\/uploads\\\/2023\\\/07\\\/logo_ED.jpg\",\"width\":272,\"height\":52,\"caption\":\"El Diario - Decano de la prensa nacional\"},\"image\":{\"@id\":\"https:\\\/\\\/www.eldiario.net\\\/portal\\\/#\\\/schema\\\/logo\\\/image\\\/\"},\"sameAs\":[\"https:\\\/\\\/www.facebook.com\\\/eldiario.bolivia\\\/\",\"https:\\\/\\\/x.com\\\/eldiario_net\"]},{\"@type\":\"Person\",\"@id\":\"https:\\\/\\\/www.eldiario.net\\\/portal\\\/#\\\/schema\\\/person\\\/2c57cf2b7a7ae032e449e4c9b1019eac\",\"name\":\"Jeanette\",\"image\":{\"@type\":\"ImageObject\",\"inLanguage\":\"es\",\"@id\":\"https:\\\/\\\/secure.gravatar.com\\\/avatar\\\/3ea2118a5f7dad2b7138b1187a6b7ee55f160b9968b66013c3a3ef39dd7e5798?s=96&d=mm&r=g\",\"url\":\"https:\\\/\\\/secure.gravatar.com\\\/avatar\\\/3ea2118a5f7dad2b7138b1187a6b7ee55f160b9968b66013c3a3ef39dd7e5798?s=96&d=mm&r=g\",\"contentUrl\":\"https:\\\/\\\/secure.gravatar.com\\\/avatar\\\/3ea2118a5f7dad2b7138b1187a6b7ee55f160b9968b66013c3a3ef39dd7e5798?s=96&d=mm&r=g\",\"caption\":\"Jeanette\"},\"sameAs\":[\"https:\\\/\\\/www.eldiario.net\\\/portal\"],\"url\":\"https:\\\/\\\/www.eldiario.net\\\/portal\\\/author\\\/jeanette\\\/\"}]}<\/script>\n<!-- \/ Yoast SEO plugin. -->","yoast_head_json":{"title":"Detenciones de ni\u00f1os y adolescentes en esa magnitud no se vieron en Venezuela - El Diario - Bolivia","robots":{"index":"index","follow":"follow","max-snippet":"max-snippet:-1","max-image-preview":"max-image-preview:large","max-video-preview":"max-video-preview:-1"},"canonical":"https:\/\/www.eldiario.net\/portal\/2024\/10\/23\/detenciones-de-ninos-y-adolescentes-en-esa-magnitud-no-se-vieron-en-venezuela\/","og_locale":"es_ES","og_type":"article","og_title":"Detenciones de ni\u00f1os y adolescentes en esa magnitud no se vieron en Venezuela - El Diario - Bolivia","og_description":"Durante los \u00faltimos cinco a\u00f1os, Marta Vali\u00f1as, lider\u00f3 la misi\u00f3n de Naciones Unidas que investiga al gobierno del presidente Nicol\u00e1s Maduro por presuntas violaciones de derechos humanos. Hasta el momento, el equipo de Vali\u00f1as document\u00f3 850 casos de violaciones graves de derechos humanos en Venezuela, que incluyen detenciones arbitrarias, torturas, violencia sexual y desapariciones forzadas, [&hellip;]","og_url":"https:\/\/www.eldiario.net\/portal\/2024\/10\/23\/detenciones-de-ninos-y-adolescentes-en-esa-magnitud-no-se-vieron-en-venezuela\/","og_site_name":"El Diario - Bolivia","article_publisher":"https:\/\/www.facebook.com\/eldiario.bolivia\/","article_published_time":"2024-10-23T08:50:15+00:00","og_image":[{"width":800,"height":449,"url":"https:\/\/www.eldiario.net\/portal\/wp-content\/uploads\/2024\/10\/DETENCION-Getty-Images.jpg","type":"image\/jpeg"}],"author":"Jeanette","twitter_card":"summary_large_image","twitter_creator":"@eldiario_net","twitter_site":"@eldiario_net","twitter_misc":{"Escrito por":"Jeanette","Tiempo de lectura":"12 minutos"},"schema":{"@context":"https:\/\/schema.org","@graph":[{"@type":"Article","@id":"https:\/\/www.eldiario.net\/portal\/2024\/10\/23\/detenciones-de-ninos-y-adolescentes-en-esa-magnitud-no-se-vieron-en-venezuela\/#article","isPartOf":{"@id":"https:\/\/www.eldiario.net\/portal\/2024\/10\/23\/detenciones-de-ninos-y-adolescentes-en-esa-magnitud-no-se-vieron-en-venezuela\/"},"author":{"name":"Jeanette","@id":"https:\/\/www.eldiario.net\/portal\/#\/schema\/person\/2c57cf2b7a7ae032e449e4c9b1019eac"},"headline":"Detenciones de ni\u00f1os y adolescentes en esa magnitud no se vieron en Venezuela","datePublished":"2024-10-23T08:50:15+00:00","mainEntityOfPage":{"@id":"https:\/\/www.eldiario.net\/portal\/2024\/10\/23\/detenciones-de-ninos-y-adolescentes-en-esa-magnitud-no-se-vieron-en-venezuela\/"},"wordCount":2711,"publisher":{"@id":"https:\/\/www.eldiario.net\/portal\/#organization"},"image":{"@id":"https:\/\/www.eldiario.net\/portal\/2024\/10\/23\/detenciones-de-ninos-y-adolescentes-en-esa-magnitud-no-se-vieron-en-venezuela\/#primaryimage"},"thumbnailUrl":"https:\/\/www.eldiario.net\/portal\/wp-content\/uploads\/2024\/10\/DETENCION-Getty-Images.jpg","articleSection":["Internacional"],"inLanguage":"es"},{"@type":"WebPage","@id":"https:\/\/www.eldiario.net\/portal\/2024\/10\/23\/detenciones-de-ninos-y-adolescentes-en-esa-magnitud-no-se-vieron-en-venezuela\/","url":"https:\/\/www.eldiario.net\/portal\/2024\/10\/23\/detenciones-de-ninos-y-adolescentes-en-esa-magnitud-no-se-vieron-en-venezuela\/","name":"Detenciones de ni\u00f1os y adolescentes en esa magnitud no se vieron en Venezuela - El Diario - Bolivia","isPartOf":{"@id":"https:\/\/www.eldiario.net\/portal\/#website"},"primaryImageOfPage":{"@id":"https:\/\/www.eldiario.net\/portal\/2024\/10\/23\/detenciones-de-ninos-y-adolescentes-en-esa-magnitud-no-se-vieron-en-venezuela\/#primaryimage"},"image":{"@id":"https:\/\/www.eldiario.net\/portal\/2024\/10\/23\/detenciones-de-ninos-y-adolescentes-en-esa-magnitud-no-se-vieron-en-venezuela\/#primaryimage"},"thumbnailUrl":"https:\/\/www.eldiario.net\/portal\/wp-content\/uploads\/2024\/10\/DETENCION-Getty-Images.jpg","datePublished":"2024-10-23T08:50:15+00:00","breadcrumb":{"@id":"https:\/\/www.eldiario.net\/portal\/2024\/10\/23\/detenciones-de-ninos-y-adolescentes-en-esa-magnitud-no-se-vieron-en-venezuela\/#breadcrumb"},"inLanguage":"es","potentialAction":[{"@type":"ReadAction","target":["https:\/\/www.eldiario.net\/portal\/2024\/10\/23\/detenciones-de-ninos-y-adolescentes-en-esa-magnitud-no-se-vieron-en-venezuela\/"]}]},{"@type":"ImageObject","inLanguage":"es","@id":"https:\/\/www.eldiario.net\/portal\/2024\/10\/23\/detenciones-de-ninos-y-adolescentes-en-esa-magnitud-no-se-vieron-en-venezuela\/#primaryimage","url":"https:\/\/www.eldiario.net\/portal\/wp-content\/uploads\/2024\/10\/DETENCION-Getty-Images.jpg","contentUrl":"https:\/\/www.eldiario.net\/portal\/wp-content\/uploads\/2024\/10\/DETENCION-Getty-Images.jpg","width":800,"height":449,"caption":"Un grupo de padres protestan a las puertas de Tocuyito, una c\u00e1rcel de presos comunes donde est\u00e1n detenidos menores de edad arrestados tras las elecciones. CREDITO: Getty Images"},{"@type":"BreadcrumbList","@id":"https:\/\/www.eldiario.net\/portal\/2024\/10\/23\/detenciones-de-ninos-y-adolescentes-en-esa-magnitud-no-se-vieron-en-venezuela\/#breadcrumb","itemListElement":[{"@type":"ListItem","position":1,"name":"Portada","item":"https:\/\/www.eldiario.net\/portal\/"},{"@type":"ListItem","position":2,"name":"Detenciones de ni\u00f1os y adolescentes en esa magnitud no se vieron en Venezuela"}]},{"@type":"WebSite","@id":"https:\/\/www.eldiario.net\/portal\/#website","url":"https:\/\/www.eldiario.net\/portal\/","name":"El Diario - Decano de la prensa nacional","description":"El Diario - Decano de la prensa nacional","publisher":{"@id":"https:\/\/www.eldiario.net\/portal\/#organization"},"potentialAction":[{"@type":"SearchAction","target":{"@type":"EntryPoint","urlTemplate":"https:\/\/www.eldiario.net\/portal\/?s={search_term_string}"},"query-input":{"@type":"PropertyValueSpecification","valueRequired":true,"valueName":"search_term_string"}}],"inLanguage":"es"},{"@type":"Organization","@id":"https:\/\/www.eldiario.net\/portal\/#organization","name":"El Diario - Decano de la prensa nacional","url":"https:\/\/www.eldiario.net\/portal\/","logo":{"@type":"ImageObject","inLanguage":"es","@id":"https:\/\/www.eldiario.net\/portal\/#\/schema\/logo\/image\/","url":"https:\/\/www.eldiario.net\/portal\/wp-content\/uploads\/2023\/07\/logo_ED.jpg","contentUrl":"https:\/\/www.eldiario.net\/portal\/wp-content\/uploads\/2023\/07\/logo_ED.jpg","width":272,"height":52,"caption":"El Diario - Decano de la prensa nacional"},"image":{"@id":"https:\/\/www.eldiario.net\/portal\/#\/schema\/logo\/image\/"},"sameAs":["https:\/\/www.facebook.com\/eldiario.bolivia\/","https:\/\/x.com\/eldiario_net"]},{"@type":"Person","@id":"https:\/\/www.eldiario.net\/portal\/#\/schema\/person\/2c57cf2b7a7ae032e449e4c9b1019eac","name":"Jeanette","image":{"@type":"ImageObject","inLanguage":"es","@id":"https:\/\/secure.gravatar.com\/avatar\/3ea2118a5f7dad2b7138b1187a6b7ee55f160b9968b66013c3a3ef39dd7e5798?s=96&d=mm&r=g","url":"https:\/\/secure.gravatar.com\/avatar\/3ea2118a5f7dad2b7138b1187a6b7ee55f160b9968b66013c3a3ef39dd7e5798?s=96&d=mm&r=g","contentUrl":"https:\/\/secure.gravatar.com\/avatar\/3ea2118a5f7dad2b7138b1187a6b7ee55f160b9968b66013c3a3ef39dd7e5798?s=96&d=mm&r=g","caption":"Jeanette"},"sameAs":["https:\/\/www.eldiario.net\/portal"],"url":"https:\/\/www.eldiario.net\/portal\/author\/jeanette\/"}]}},"_links":{"self":[{"href":"https:\/\/www.eldiario.net\/portal\/wp-json\/wp\/v2\/posts\/255851","targetHints":{"allow":["GET"]}}],"collection":[{"href":"https:\/\/www.eldiario.net\/portal\/wp-json\/wp\/v2\/posts"}],"about":[{"href":"https:\/\/www.eldiario.net\/portal\/wp-json\/wp\/v2\/types\/post"}],"author":[{"embeddable":true,"href":"https:\/\/www.eldiario.net\/portal\/wp-json\/wp\/v2\/users\/1"}],"replies":[{"embeddable":true,"href":"https:\/\/www.eldiario.net\/portal\/wp-json\/wp\/v2\/comments?post=255851"}],"version-history":[{"count":1,"href":"https:\/\/www.eldiario.net\/portal\/wp-json\/wp\/v2\/posts\/255851\/revisions"}],"predecessor-version":[{"id":255853,"href":"https:\/\/www.eldiario.net\/portal\/wp-json\/wp\/v2\/posts\/255851\/revisions\/255853"}],"wp:featuredmedia":[{"embeddable":true,"href":"https:\/\/www.eldiario.net\/portal\/wp-json\/wp\/v2\/media\/255852"}],"wp:attachment":[{"href":"https:\/\/www.eldiario.net\/portal\/wp-json\/wp\/v2\/media?parent=255851"}],"wp:term":[{"taxonomy":"category","embeddable":true,"href":"https:\/\/www.eldiario.net\/portal\/wp-json\/wp\/v2\/categories?post=255851"},{"taxonomy":"post_tag","embeddable":true,"href":"https:\/\/www.eldiario.net\/portal\/wp-json\/wp\/v2\/tags?post=255851"}],"curies":[{"name":"wp","href":"https:\/\/api.w.org\/{rel}","templated":true}]}}