{"id":255830,"date":"2024-10-23T04:44:09","date_gmt":"2024-10-23T08:44:09","guid":{"rendered":"https:\/\/www.eldiario.net\/portal\/?p=255830"},"modified":"2024-10-23T04:44:09","modified_gmt":"2024-10-23T08:44:09","slug":"ultimosuspenden-el-partido-entre-the-strongest-y-oriente-petrolero","status":"publish","type":"post","link":"https:\/\/www.eldiario.net\/portal\/2024\/10\/23\/ultimosuspenden-el-partido-entre-the-strongest-y-oriente-petrolero\/","title":{"rendered":"\u00daLTIMO:Suspenden el partido entre The Strongest y Oriente Petrolero"},"content":{"rendered":"<p>La comisi\u00f3n organizadora de competiciones de la Federaci\u00f3n Boliviana de F\u00fatbol (FBF) resolvi\u00f3 suspender el partido entre Oriente Petrolero y The Strongest que deb\u00eda disputarse este mi\u00e9rcoles en el estadio Hernando Siles, de La Paz, por la fecha 19 del torneo Clausura de la Divisi\u00f3n Profesional. \u201cHemos recibido la nota del Club Oriente Petrolero en la que solicita la reprogramaci\u00f3n del partido The Strongest vs Oriente Petrolero, en vista de los conflictos sociales y el bloqueo anunciado en la ciudad de La Paz por los transportistas para el d\u00eda 23 del presente\u201d, describe una parte de la resoluci\u00f3n de la comisi\u00f3n organizadora. (AGENCIAS)<\/p>\n","protected":false},"excerpt":{"rendered":"<p>La comisi\u00f3n organizadora de competiciones de la Federaci\u00f3n Boliviana de F\u00fatbol (FBF) resolvi\u00f3 suspender el partido entre Oriente Petrolero y The Strongest que deb\u00eda disputarse este mi\u00e9rcoles en el estadio Hernando Siles, de La Paz, por la fecha 19 del torneo Clausura de la Divisi\u00f3n Profesional. \u201cHemos recibido la nota del Club Oriente Petrolero en [&hellip;]<\/p>\n","protected":false},"author":1,"featured_media":255831,"comment_status":"closed","ping_status":"open","sticky":false,"template":"","format":"standard","meta":{"_acf_changed":false,"footnotes":""},"categories":[6],"tags":[],"class_list":["post-255830","post","type-post","status-publish","format-standard","has-post-thumbnail","category-deportes"],"acf":{"antetitulo":""},"yoast_head":"<!-- This site is optimized with the Yoast SEO plugin v28.4 - https:\/\/yoast.com\/product\/yoast-seo-wordpress\/ -->\n<title>\u00daLTIMO:Suspenden el partido entre The Strongest y Oriente Petrolero - El Diario - Bolivia<\/title>\n<meta name=\"robots\" content=\"index, follow, max-snippet:-1, max-image-preview:large, max-video-preview:-1\" \/>\n<link rel=\"canonical\" href=\"https:\/\/www.eldiario.net\/portal\/2024\/10\/23\/ultimosuspenden-el-partido-entre-the-strongest-y-oriente-petrolero\/\" \/>\n<meta property=\"og:locale\" content=\"es_ES\" \/>\n<meta property=\"og:type\" content=\"article\" \/>\n<meta property=\"og:title\" content=\"\u00daLTIMO:Suspenden el partido entre The Strongest y Oriente Petrolero - El Diario - Bolivia\" \/>\n<meta property=\"og:description\" content=\"La comisi\u00f3n organizadora de competiciones de la Federaci\u00f3n Boliviana de F\u00fatbol (FBF) resolvi\u00f3 suspender el partido entre Oriente Petrolero y The Strongest que deb\u00eda disputarse este mi\u00e9rcoles en el estadio Hernando Siles, de La Paz, por la fecha 19 del torneo Clausura de la Divisi\u00f3n Profesional. \u201cHemos recibido la nota del Club Oriente Petrolero en [&hellip;]\" \/>\n<meta property=\"og:url\" content=\"https:\/\/www.eldiario.net\/portal\/2024\/10\/23\/ultimosuspenden-el-partido-entre-the-strongest-y-oriente-petrolero\/\" \/>\n<meta property=\"og:site_name\" content=\"El Diario - Bolivia\" \/>\n<meta property=\"article:publisher\" content=\"https:\/\/www.facebook.com\/eldiario.bolivia\/\" \/>\n<meta property=\"article:published_time\" content=\"2024-10-23T08:44:09+00:00\" \/>\n<meta property=\"og:image\" content=\"https:\/\/www.eldiario.net\/portal\/wp-content\/uploads\/2024\/10\/FOTO-76.jpg\" \/>\n\t<meta property=\"og:image:width\" content=\"1200\" \/>\n\t<meta property=\"og:image:height\" content=\"1037\" \/>\n\t<meta property=\"og:image:type\" content=\"image\/jpeg\" \/>\n<meta name=\"author\" content=\"Jeanette\" \/>\n<meta name=\"twitter:card\" content=\"summary_large_image\" \/>\n<meta name=\"twitter:creator\" content=\"@eldiario_net\" \/>\n<meta name=\"twitter:site\" content=\"@eldiario_net\" \/>\n<meta name=\"twitter:label1\" content=\"Escrito por\" \/>\n\t<meta name=\"twitter:data1\" content=\"Jeanette\" \/>\n\t<meta name=\"twitter:label2\" content=\"Tiempo de lectura\" \/>\n\t<meta name=\"twitter:data2\" content=\"1 minuto\" \/>\n<script type=\"application\/ld+json\" class=\"yoast-schema-graph\">{\"@context\":\"https:\\\/\\\/schema.org\",\"@graph\":[{\"@type\":\"Article\",\"@id\":\"https:\\\/\\\/www.eldiario.net\\\/portal\\\/2024\\\/10\\\/23\\\/ultimosuspenden-el-partido-entre-the-strongest-y-oriente-petrolero\\\/#article\",\"isPartOf\":{\"@id\":\"https:\\\/\\\/www.eldiario.net\\\/portal\\\/2024\\\/10\\\/23\\\/ultimosuspenden-el-partido-entre-the-strongest-y-oriente-petrolero\\\/\"},\"author\":{\"name\":\"Jeanette\",\"@id\":\"https:\\\/\\\/www.eldiario.net\\\/portal\\\/#\\\/schema\\\/person\\\/2c57cf2b7a7ae032e449e4c9b1019eac\"},\"headline\":\"\u00daLTIMO:Suspenden el partido entre The Strongest y Oriente Petrolero\",\"datePublished\":\"2024-10-23T08:44:09+00:00\",\"mainEntityOfPage\":{\"@id\":\"https:\\\/\\\/www.eldiario.net\\\/portal\\\/2024\\\/10\\\/23\\\/ultimosuspenden-el-partido-entre-the-strongest-y-oriente-petrolero\\\/\"},\"wordCount\":121,\"publisher\":{\"@id\":\"https:\\\/\\\/www.eldiario.net\\\/portal\\\/#organization\"},\"image\":{\"@id\":\"https:\\\/\\\/www.eldiario.net\\\/portal\\\/2024\\\/10\\\/23\\\/ultimosuspenden-el-partido-entre-the-strongest-y-oriente-petrolero\\\/#primaryimage\"},\"thumbnailUrl\":\"https:\\\/\\\/www.eldiario.net\\\/portal\\\/wp-content\\\/uploads\\\/2024\\\/10\\\/FOTO-76.jpg\",\"articleSection\":[\"Deportes\"],\"inLanguage\":\"es\"},{\"@type\":\"WebPage\",\"@id\":\"https:\\\/\\\/www.eldiario.net\\\/portal\\\/2024\\\/10\\\/23\\\/ultimosuspenden-el-partido-entre-the-strongest-y-oriente-petrolero\\\/\",\"url\":\"https:\\\/\\\/www.eldiario.net\\\/portal\\\/2024\\\/10\\\/23\\\/ultimosuspenden-el-partido-entre-the-strongest-y-oriente-petrolero\\\/\",\"name\":\"\u00daLTIMO:Suspenden el partido entre The Strongest y Oriente Petrolero - El Diario - Bolivia\",\"isPartOf\":{\"@id\":\"https:\\\/\\\/www.eldiario.net\\\/portal\\\/#website\"},\"primaryImageOfPage\":{\"@id\":\"https:\\\/\\\/www.eldiario.net\\\/portal\\\/2024\\\/10\\\/23\\\/ultimosuspenden-el-partido-entre-the-strongest-y-oriente-petrolero\\\/#primaryimage\"},\"image\":{\"@id\":\"https:\\\/\\\/www.eldiario.net\\\/portal\\\/2024\\\/10\\\/23\\\/ultimosuspenden-el-partido-entre-the-strongest-y-oriente-petrolero\\\/#primaryimage\"},\"thumbnailUrl\":\"https:\\\/\\\/www.eldiario.net\\\/portal\\\/wp-content\\\/uploads\\\/2024\\\/10\\\/FOTO-76.jpg\",\"datePublished\":\"2024-10-23T08:44:09+00:00\",\"breadcrumb\":{\"@id\":\"https:\\\/\\\/www.eldiario.net\\\/portal\\\/2024\\\/10\\\/23\\\/ultimosuspenden-el-partido-entre-the-strongest-y-oriente-petrolero\\\/#breadcrumb\"},\"inLanguage\":\"es\",\"potentialAction\":[{\"@type\":\"ReadAction\",\"target\":[\"https:\\\/\\\/www.eldiario.net\\\/portal\\\/2024\\\/10\\\/23\\\/ultimosuspenden-el-partido-entre-the-strongest-y-oriente-petrolero\\\/\"]}]},{\"@type\":\"ImageObject\",\"inLanguage\":\"es\",\"@id\":\"https:\\\/\\\/www.eldiario.net\\\/portal\\\/2024\\\/10\\\/23\\\/ultimosuspenden-el-partido-entre-the-strongest-y-oriente-petrolero\\\/#primaryimage\",\"url\":\"https:\\\/\\\/www.eldiario.net\\\/portal\\\/wp-content\\\/uploads\\\/2024\\\/10\\\/FOTO-76.jpg\",\"contentUrl\":\"https:\\\/\\\/www.eldiario.net\\\/portal\\\/wp-content\\\/uploads\\\/2024\\\/10\\\/FOTO-76.jpg\",\"width\":1200,\"height\":1037},{\"@type\":\"BreadcrumbList\",\"@id\":\"https:\\\/\\\/www.eldiario.net\\\/portal\\\/2024\\\/10\\\/23\\\/ultimosuspenden-el-partido-entre-the-strongest-y-oriente-petrolero\\\/#breadcrumb\",\"itemListElement\":[{\"@type\":\"ListItem\",\"position\":1,\"name\":\"Portada\",\"item\":\"https:\\\/\\\/www.eldiario.net\\\/portal\\\/\"},{\"@type\":\"ListItem\",\"position\":2,\"name\":\"\u00daLTIMO:Suspenden el partido entre The Strongest y Oriente Petrolero\"}]},{\"@type\":\"WebSite\",\"@id\":\"https:\\\/\\\/www.eldiario.net\\\/portal\\\/#website\",\"url\":\"https:\\\/\\\/www.eldiario.net\\\/portal\\\/\",\"name\":\"El Diario - Decano de la prensa nacional\",\"description\":\"El Diario - Decano de la prensa nacional\",\"publisher\":{\"@id\":\"https:\\\/\\\/www.eldiario.net\\\/portal\\\/#organization\"},\"potentialAction\":[{\"@type\":\"SearchAction\",\"target\":{\"@type\":\"EntryPoint\",\"urlTemplate\":\"https:\\\/\\\/www.eldiario.net\\\/portal\\\/?s={search_term_string}\"},\"query-input\":{\"@type\":\"PropertyValueSpecification\",\"valueRequired\":true,\"valueName\":\"search_term_string\"}}],\"inLanguage\":\"es\"},{\"@type\":\"Organization\",\"@id\":\"https:\\\/\\\/www.eldiario.net\\\/portal\\\/#organization\",\"name\":\"El Diario - Decano de la prensa nacional\",\"url\":\"https:\\\/\\\/www.eldiario.net\\\/portal\\\/\",\"logo\":{\"@type\":\"ImageObject\",\"inLanguage\":\"es\",\"@id\":\"https:\\\/\\\/www.eldiario.net\\\/portal\\\/#\\\/schema\\\/logo\\\/image\\\/\",\"url\":\"https:\\\/\\\/www.eldiario.net\\\/portal\\\/wp-content\\\/uploads\\\/2023\\\/07\\\/logo_ED.jpg\",\"contentUrl\":\"https:\\\/\\\/www.eldiario.net\\\/portal\\\/wp-content\\\/uploads\\\/2023\\\/07\\\/logo_ED.jpg\",\"width\":272,\"height\":52,\"caption\":\"El Diario - Decano de la prensa nacional\"},\"image\":{\"@id\":\"https:\\\/\\\/www.eldiario.net\\\/portal\\\/#\\\/schema\\\/logo\\\/image\\\/\"},\"sameAs\":[\"https:\\\/\\\/www.facebook.com\\\/eldiario.bolivia\\\/\",\"https:\\\/\\\/x.com\\\/eldiario_net\"]},{\"@type\":\"Person\",\"@id\":\"https:\\\/\\\/www.eldiario.net\\\/portal\\\/#\\\/schema\\\/person\\\/2c57cf2b7a7ae032e449e4c9b1019eac\",\"name\":\"Jeanette\",\"image\":{\"@type\":\"ImageObject\",\"inLanguage\":\"es\",\"@id\":\"https:\\\/\\\/secure.gravatar.com\\\/avatar\\\/3ea2118a5f7dad2b7138b1187a6b7ee55f160b9968b66013c3a3ef39dd7e5798?s=96&d=mm&r=g\",\"url\":\"https:\\\/\\\/secure.gravatar.com\\\/avatar\\\/3ea2118a5f7dad2b7138b1187a6b7ee55f160b9968b66013c3a3ef39dd7e5798?s=96&d=mm&r=g\",\"contentUrl\":\"https:\\\/\\\/secure.gravatar.com\\\/avatar\\\/3ea2118a5f7dad2b7138b1187a6b7ee55f160b9968b66013c3a3ef39dd7e5798?s=96&d=mm&r=g\",\"caption\":\"Jeanette\"},\"sameAs\":[\"https:\\\/\\\/www.eldiario.net\\\/portal\"],\"url\":\"https:\\\/\\\/www.eldiario.net\\\/portal\\\/author\\\/jeanette\\\/\"}]}<\/script>\n<!-- \/ Yoast SEO plugin. -->","yoast_head_json":{"title":"\u00daLTIMO:Suspenden el partido entre The Strongest y Oriente Petrolero - El Diario - Bolivia","robots":{"index":"index","follow":"follow","max-snippet":"max-snippet:-1","max-image-preview":"max-image-preview:large","max-video-preview":"max-video-preview:-1"},"canonical":"https:\/\/www.eldiario.net\/portal\/2024\/10\/23\/ultimosuspenden-el-partido-entre-the-strongest-y-oriente-petrolero\/","og_locale":"es_ES","og_type":"article","og_title":"\u00daLTIMO:Suspenden el partido entre The Strongest y Oriente Petrolero - El Diario - Bolivia","og_description":"La comisi\u00f3n organizadora de competiciones de la Federaci\u00f3n Boliviana de F\u00fatbol (FBF) resolvi\u00f3 suspender el partido entre Oriente Petrolero y The Strongest que deb\u00eda disputarse este mi\u00e9rcoles en el estadio Hernando Siles, de La Paz, por la fecha 19 del torneo Clausura de la Divisi\u00f3n Profesional. \u201cHemos recibido la nota del Club Oriente Petrolero en [&hellip;]","og_url":"https:\/\/www.eldiario.net\/portal\/2024\/10\/23\/ultimosuspenden-el-partido-entre-the-strongest-y-oriente-petrolero\/","og_site_name":"El Diario - Bolivia","article_publisher":"https:\/\/www.facebook.com\/eldiario.bolivia\/","article_published_time":"2024-10-23T08:44:09+00:00","og_image":[{"width":1200,"height":1037,"url":"https:\/\/www.eldiario.net\/portal\/wp-content\/uploads\/2024\/10\/FOTO-76.jpg","type":"image\/jpeg"}],"author":"Jeanette","twitter_card":"summary_large_image","twitter_creator":"@eldiario_net","twitter_site":"@eldiario_net","twitter_misc":{"Escrito por":"Jeanette","Tiempo de lectura":"1 minuto"},"schema":{"@context":"https:\/\/schema.org","@graph":[{"@type":"Article","@id":"https:\/\/www.eldiario.net\/portal\/2024\/10\/23\/ultimosuspenden-el-partido-entre-the-strongest-y-oriente-petrolero\/#article","isPartOf":{"@id":"https:\/\/www.eldiario.net\/portal\/2024\/10\/23\/ultimosuspenden-el-partido-entre-the-strongest-y-oriente-petrolero\/"},"author":{"name":"Jeanette","@id":"https:\/\/www.eldiario.net\/portal\/#\/schema\/person\/2c57cf2b7a7ae032e449e4c9b1019eac"},"headline":"\u00daLTIMO:Suspenden el partido entre The Strongest y Oriente Petrolero","datePublished":"2024-10-23T08:44:09+00:00","mainEntityOfPage":{"@id":"https:\/\/www.eldiario.net\/portal\/2024\/10\/23\/ultimosuspenden-el-partido-entre-the-strongest-y-oriente-petrolero\/"},"wordCount":121,"publisher":{"@id":"https:\/\/www.eldiario.net\/portal\/#organization"},"image":{"@id":"https:\/\/www.eldiario.net\/portal\/2024\/10\/23\/ultimosuspenden-el-partido-entre-the-strongest-y-oriente-petrolero\/#primaryimage"},"thumbnailUrl":"https:\/\/www.eldiario.net\/portal\/wp-content\/uploads\/2024\/10\/FOTO-76.jpg","articleSection":["Deportes"],"inLanguage":"es"},{"@type":"WebPage","@id":"https:\/\/www.eldiario.net\/portal\/2024\/10\/23\/ultimosuspenden-el-partido-entre-the-strongest-y-oriente-petrolero\/","url":"https:\/\/www.eldiario.net\/portal\/2024\/10\/23\/ultimosuspenden-el-partido-entre-the-strongest-y-oriente-petrolero\/","name":"\u00daLTIMO:Suspenden el partido entre The Strongest y Oriente Petrolero - El Diario - Bolivia","isPartOf":{"@id":"https:\/\/www.eldiario.net\/portal\/#website"},"primaryImageOfPage":{"@id":"https:\/\/www.eldiario.net\/portal\/2024\/10\/23\/ultimosuspenden-el-partido-entre-the-strongest-y-oriente-petrolero\/#primaryimage"},"image":{"@id":"https:\/\/www.eldiario.net\/portal\/2024\/10\/23\/ultimosuspenden-el-partido-entre-the-strongest-y-oriente-petrolero\/#primaryimage"},"thumbnailUrl":"https:\/\/www.eldiario.net\/portal\/wp-content\/uploads\/2024\/10\/FOTO-76.jpg","datePublished":"2024-10-23T08:44:09+00:00","breadcrumb":{"@id":"https:\/\/www.eldiario.net\/portal\/2024\/10\/23\/ultimosuspenden-el-partido-entre-the-strongest-y-oriente-petrolero\/#breadcrumb"},"inLanguage":"es","potentialAction":[{"@type":"ReadAction","target":["https:\/\/www.eldiario.net\/portal\/2024\/10\/23\/ultimosuspenden-el-partido-entre-the-strongest-y-oriente-petrolero\/"]}]},{"@type":"ImageObject","inLanguage":"es","@id":"https:\/\/www.eldiario.net\/portal\/2024\/10\/23\/ultimosuspenden-el-partido-entre-the-strongest-y-oriente-petrolero\/#primaryimage","url":"https:\/\/www.eldiario.net\/portal\/wp-content\/uploads\/2024\/10\/FOTO-76.jpg","contentUrl":"https:\/\/www.eldiario.net\/portal\/wp-content\/uploads\/2024\/10\/FOTO-76.jpg","width":1200,"height":1037},{"@type":"BreadcrumbList","@id":"https:\/\/www.eldiario.net\/portal\/2024\/10\/23\/ultimosuspenden-el-partido-entre-the-strongest-y-oriente-petrolero\/#breadcrumb","itemListElement":[{"@type":"ListItem","position":1,"name":"Portada","item":"https:\/\/www.eldiario.net\/portal\/"},{"@type":"ListItem","position":2,"name":"\u00daLTIMO:Suspenden el partido entre The Strongest y Oriente Petrolero"}]},{"@type":"WebSite","@id":"https:\/\/www.eldiario.net\/portal\/#website","url":"https:\/\/www.eldiario.net\/portal\/","name":"El Diario - Decano de la prensa nacional","description":"El Diario - Decano de la prensa nacional","publisher":{"@id":"https:\/\/www.eldiario.net\/portal\/#organization"},"potentialAction":[{"@type":"SearchAction","target":{"@type":"EntryPoint","urlTemplate":"https:\/\/www.eldiario.net\/portal\/?s={search_term_string}"},"query-input":{"@type":"PropertyValueSpecification","valueRequired":true,"valueName":"search_term_string"}}],"inLanguage":"es"},{"@type":"Organization","@id":"https:\/\/www.eldiario.net\/portal\/#organization","name":"El Diario - Decano de la prensa nacional","url":"https:\/\/www.eldiario.net\/portal\/","logo":{"@type":"ImageObject","inLanguage":"es","@id":"https:\/\/www.eldiario.net\/portal\/#\/schema\/logo\/image\/","url":"https:\/\/www.eldiario.net\/portal\/wp-content\/uploads\/2023\/07\/logo_ED.jpg","contentUrl":"https:\/\/www.eldiario.net\/portal\/wp-content\/uploads\/2023\/07\/logo_ED.jpg","width":272,"height":52,"caption":"El Diario - Decano de la prensa nacional"},"image":{"@id":"https:\/\/www.eldiario.net\/portal\/#\/schema\/logo\/image\/"},"sameAs":["https:\/\/www.facebook.com\/eldiario.bolivia\/","https:\/\/x.com\/eldiario_net"]},{"@type":"Person","@id":"https:\/\/www.eldiario.net\/portal\/#\/schema\/person\/2c57cf2b7a7ae032e449e4c9b1019eac","name":"Jeanette","image":{"@type":"ImageObject","inLanguage":"es","@id":"https:\/\/secure.gravatar.com\/avatar\/3ea2118a5f7dad2b7138b1187a6b7ee55f160b9968b66013c3a3ef39dd7e5798?s=96&d=mm&r=g","url":"https:\/\/secure.gravatar.com\/avatar\/3ea2118a5f7dad2b7138b1187a6b7ee55f160b9968b66013c3a3ef39dd7e5798?s=96&d=mm&r=g","contentUrl":"https:\/\/secure.gravatar.com\/avatar\/3ea2118a5f7dad2b7138b1187a6b7ee55f160b9968b66013c3a3ef39dd7e5798?s=96&d=mm&r=g","caption":"Jeanette"},"sameAs":["https:\/\/www.eldiario.net\/portal"],"url":"https:\/\/www.eldiario.net\/portal\/author\/jeanette\/"}]}},"_links":{"self":[{"href":"https:\/\/www.eldiario.net\/portal\/wp-json\/wp\/v2\/posts\/255830","targetHints":{"allow":["GET"]}}],"collection":[{"href":"https:\/\/www.eldiario.net\/portal\/wp-json\/wp\/v2\/posts"}],"about":[{"href":"https:\/\/www.eldiario.net\/portal\/wp-json\/wp\/v2\/types\/post"}],"author":[{"embeddable":true,"href":"https:\/\/www.eldiario.net\/portal\/wp-json\/wp\/v2\/users\/1"}],"replies":[{"embeddable":true,"href":"https:\/\/www.eldiario.net\/portal\/wp-json\/wp\/v2\/comments?post=255830"}],"version-history":[{"count":1,"href":"https:\/\/www.eldiario.net\/portal\/wp-json\/wp\/v2\/posts\/255830\/revisions"}],"predecessor-version":[{"id":255832,"href":"https:\/\/www.eldiario.net\/portal\/wp-json\/wp\/v2\/posts\/255830\/revisions\/255832"}],"wp:featuredmedia":[{"embeddable":true,"href":"https:\/\/www.eldiario.net\/portal\/wp-json\/wp\/v2\/media\/255831"}],"wp:attachment":[{"href":"https:\/\/www.eldiario.net\/portal\/wp-json\/wp\/v2\/media?parent=255830"}],"wp:term":[{"taxonomy":"category","embeddable":true,"href":"https:\/\/www.eldiario.net\/portal\/wp-json\/wp\/v2\/categories?post=255830"},{"taxonomy":"post_tag","embeddable":true,"href":"https:\/\/www.eldiario.net\/portal\/wp-json\/wp\/v2\/tags?post=255830"}],"curies":[{"name":"wp","href":"https:\/\/api.w.org\/{rel}","templated":true}]}}