{"id":25581,"date":"2021-08-25T06:43:59","date_gmt":"2021-08-25T10:43:59","guid":{"rendered":"https:\/\/www.eldiario.net\/portal\/?p=25581"},"modified":"2021-08-25T06:43:59","modified_gmt":"2021-08-25T10:43:59","slug":"festival-django-bolivia-2021","status":"publish","type":"post","link":"https:\/\/www.eldiario.net\/portal\/2021\/08\/25\/festival-django-bolivia-2021\/","title":{"rendered":"Festival Django Bolivia 2021"},"content":{"rendered":"<p>El Festival Django Reinhardt se realiza en su nueva versi\u00f3n en pa\u00eds a gran escala tomando en cuenta los enormes m\u00fasicos que ser\u00e1n parte del mismo. Esta versi\u00f3n cuenta con la organizaci\u00f3n de Illa y Gustavo Orihuela Quartet, quienes se lucir\u00e1n junto a otros virtuosos m\u00fasicos dando como resultado una experiencia b\u00e1rbara. En esta exclusiva conocemos los pormenores de este festival que va del 26 al 29 de agosto y ser\u00e1 transmitido por redes como pormenorizamos m\u00e1s abajo\u2026 sean todos bienvenidos al show.<\/p>\n<p><strong>\u00bfC\u00f3mo nace el Festival Django?<\/strong><br \/>\nEl Festival Django nace de la pasi\u00f3n por el estilo del gypsy jazz o tambi\u00e9n conocido como jazz manouche, jazz gitano o gypsy swing, es el legado que dej\u00f3 el c\u00e9lebre guitarrista gitano Django Reinhardt y tambi\u00e9n el grandioso violinista de jazz St\u00e9phanne Grappelli. Personalmente tuve la oportunidad de conocer el estilo muy joven a\u00fan cuando estudiaba viol\u00edn cl\u00e1sico, escuch\u00e9 un viol\u00edn muy libre y realmente una m\u00fasica hermosa, creativa, que me atrajo mucho, y pas\u00f3 el tiempo hasta que fui a vivir a Europa, donde pude dedicarme a conocer el estilo de jazz gitano con sus or\u00edgenes en Francia y as\u00ed mismo el flamenco que es de los gitanos de Espa\u00f1a, en ese tiempo form\u00e9 mi banda de Gypsy Jazz llamada \u201cLe Petit Manouche\u201d con quienes concretamos nuestra pasi\u00f3n por Django, Grappelli y el estilo. Pasaron los a\u00f1os y tuve la oportunidad de participar en varios festivales de jazz y festivales Django en Sudam\u00e9rica y cuando retorn\u00e9 a Bolivia, tocaba en mis conciertos un poco de jazz gitano y la mejor manera de promover el estilo era ense\u00f1ando el estilo y creando un festival que re\u00fana a todos los amantes y aficionados de Django y de la m\u00fasica gitana.<\/p>\n<p><strong>\u00bfPor qu\u00e9 hacer un festival exclusivo al gran Django?<\/strong><br \/>\nEn la historia del jazz hay varios m\u00fasicos important\u00edsimos, Django cre\u00f3 un estilo particular que mezcla la esencia gitana con el swing americano y que perdura hasta nuestros d\u00edas, entonces el homenaje m\u00e1s sincero es seguir creando desde su estilo, desde el di\u00e1logo intercultural que permite el jazz, y de esta manera la m\u00fasica gitana y el jazz pueden tener di\u00e1logos con otras culturas como la nuestra, la boliviana.<br \/>\nEs un festival que promueve el estilo del jazz manouche, la obra de Django Reinhardt y tambi\u00e9n al c\u00e9lebre violinista y amigo que acompa\u00f1\u00f3 a Django en el camino de creaci\u00f3n del \u201cHot Club\u201d de Francia, St\u00e9phanne Grappelli, el m\u00e1ximo violinista de jazz franc\u00e9s.<\/p>\n<p><strong>Sabemos que habr\u00e1 una cantidad importante de m\u00fasicos de renombre \u00bfCu\u00e1les son los que m\u00e1s destacan?<\/strong><br \/>\nTodos los artistas son importantes, comentarte que en los Festivales Django, los m\u00e1s exquisitos encuentros ocurren en las jamsessions, es decir los encuentros debajo de escenario, donde cada m\u00fasico interact\u00faa con los dem\u00e1s y se vive una fiesta de m\u00fasica gitana y del mundo en vivo, creando en tiempo real y compartiendo entre m\u00fasicos profesionales, estudiantes, aficionados y amantes del jazz, esta es una caracter\u00edstica \u00fanica de los festivales Django de Latinoam\u00e9rica y por supuesto del festival anfitri\u00f3n Bolivia.<br \/>\nAlgunas de estas personalidades son Ricardo Pellican, gran pionero del jazz manouche en Sud Am\u00e9rica y director del Festival Django en Argentina; la violinista Fiona Monbet (Francia), quien fue estudiante de Didier Lockwood, uno de los m\u00e1s grandes violinistas de jazz del mundo; tambi\u00e9n la violinista espa\u00f1ola \u00c8lia Bastida que desarrollar\u00e1 un magn\u00edfico concierto junto a su maestro Joan Chamorro (Espa\u00f1a) quien es fundador y director de la Sant Andreu Jazz Band y desarroll\u00f3 un m\u00e9todo de ense\u00f1anza de jazz con el que ha logrado promover a muchos artistas j\u00f3venes que est\u00e1n actualmente sobresaliendo en la escena europea; igualmente se contar\u00e1 con la participaci\u00f3n de Jorgelina Alem\u00e1n, cantante argentina de blues, jazz y nieta del c\u00e9lebre guitarrista \u00d3scar Alem\u00e1n a quien ella rendir\u00e1 un emotivo homenaje musical en este festival; la Red Latinoamericana de Festivales Django tendr\u00e1 tambi\u00e9n un espacio protag\u00f3nico en esta versi\u00f3n del festival desarrollado en Bolivia, ya que se realizar\u00e1 el primer encuentro de directores de festivales para dialogar sobre el movimiento del jazz gitano en Latinoam\u00e9rica, su proyecci\u00f3n a futuro y el lanzamiento del 1er Festival de Jazz Django Latinoam\u00e9rica 2021; asimismo, los participantes de esta red aprovechar\u00e1n para conocer a los actores bolivianos de este g\u00e9nero, abriendo una ventana y oportunidad para los artistas bolivianos de ser invitados a estos otros festivales en Latinoam\u00e9rica.<br \/>\nEn la escena nacional, se contar\u00e1 con bandas que en cada versi\u00f3n del festival se han ido posicionando como representantes del jazz manouche y swing en La Paz, Cochabamba, Sucre, Tupiza y Santa Cruz, entre algunas de ellas est\u00e1n: La Mala Traza Gypsy Jazz, Los Flacos Feos, Pterodixie &amp; Manouche Jazz Band, Gustavo Orihuela Quartet, Jimmy Alejo Cuarteto y Los Ojotas de Tupiza; igualmente el festival abrir\u00e1 una plataforma para mostrar producciones de bandas emergentes en el g\u00e9nero del jazz gitano, tanto bolivianas como latinoamericanas y abrir\u00e1 la convocatoria para la postulaci\u00f3n de bandas emergentes al Festival Internacional Django Bolivia 2022.<\/p>\n<p><strong>\u00bfDe cu\u00e1ndo a cu\u00e1ndo se llevar\u00e1 a cabo tan gran evento y en qu\u00e9 lugares y plataformas podr\u00e1 disfrut\u00e1rselo?<\/strong><br \/>\nEl Festival Django Bolivia 2021 se realizar\u00e1 del 26 al 29 de agosto y ser\u00e1 transmitido por Facebook enla p\u00e1gina del festival @DjangoJazzFestivalBolivia y tambi\u00e9n las p\u00e1ginas de la Alianza Francesa @AlianzaFrancesaLP, ILLA @illaculturas, @GustavoOrihuelaQuartet, y la p\u00e1gina Festival Django Bolivia 2021 https:\/\/fb.me\/e\/ZWX9WFeL.<br \/>\nLa IV versi\u00f3n del Festival Internacional Django Bolivia est\u00e1 organizada por ILLA y Gustavo Orihuela Quartet, se realiza gracias al alto auspicio de la Embajada de Francia en Bolivia y con el apoyo de las Alianzas Francesas de La Paz, Cochabamba, Sucre y Santa Cruz, as\u00ed como el Teatro Nuna, la Secretar\u00eda de Culturas del Gobierno Aut\u00f3nomo Municipal de La Paz, la Cervecer\u00eda Boliviana Nacional y la Bodega Cruce del Zorro.<\/p>\n<p><strong>\u00bfTienes proyectadas presentaciones en varios departamentos?<\/strong><br \/>\nEste a\u00f1o se mantiene la modalidad virtual para cuidar a nuestros artistas y nuestros seguidores. Cada concierto ser\u00e1 realizado en cada una de las cinco ciudades mencionadas y, asimismo, en los pa\u00edses invitados y ser\u00e1n transmitidas por la red social Facebook. Todos podemos participar desde casa, con la familia para disfrutar de buena m\u00fasica, de grandes artistas y de inolvidables veladas.<\/p>\n<div id='gallery-1' class='gallery galleryid-25581 gallery-columns-3 gallery-size-medium'><figure class='gallery-item'>\n\t\t\t<div class='gallery-icon landscape'>\n\t\t\t\t<a href='https:\/\/www.eldiario.net\/portal\/2021\/08\/25\/festival-django-bolivia-2021\/whatsapp-image-2021-08-24-at-18-37-14\/'><img loading=\"lazy\" decoding=\"async\" width=\"300\" height=\"171\" src=\"https:\/\/www.eldiario.net\/portal\/wp-content\/uploads\/2021\/08\/WhatsApp-Image-2021-08-24-at-18.37.14-300x171.jpeg\" class=\"attachment-medium size-medium\" alt=\"\" srcset=\"https:\/\/www.eldiario.net\/portal\/wp-content\/uploads\/2021\/08\/WhatsApp-Image-2021-08-24-at-18.37.14-300x171.jpeg 300w, https:\/\/www.eldiario.net\/portal\/wp-content\/uploads\/2021\/08\/WhatsApp-Image-2021-08-24-at-18.37.14-1024x583.jpeg 1024w, https:\/\/www.eldiario.net\/portal\/wp-content\/uploads\/2021\/08\/WhatsApp-Image-2021-08-24-at-18.37.14-768x437.jpeg 768w, https:\/\/www.eldiario.net\/portal\/wp-content\/uploads\/2021\/08\/WhatsApp-Image-2021-08-24-at-18.37.14-696x396.jpeg 696w, https:\/\/www.eldiario.net\/portal\/wp-content\/uploads\/2021\/08\/WhatsApp-Image-2021-08-24-at-18.37.14-1068x608.jpeg 1068w, https:\/\/www.eldiario.net\/portal\/wp-content\/uploads\/2021\/08\/WhatsApp-Image-2021-08-24-at-18.37.14.jpeg 1169w\" sizes=\"auto, (max-width: 300px) 100vw, 300px\" \/><\/a>\n\t\t\t<\/div><\/figure>\n\t\t<\/div>\n\n","protected":false},"excerpt":{"rendered":"<p>El Festival Django Reinhardt se realiza en su nueva versi\u00f3n en pa\u00eds a gran escala tomando en cuenta los enormes m\u00fasicos que ser\u00e1n parte del mismo. Esta versi\u00f3n cuenta con la organizaci\u00f3n de Illa y Gustavo Orihuela Quartet, quienes se lucir\u00e1n junto a otros virtuosos m\u00fasicos dando como resultado una experiencia b\u00e1rbara. En esta exclusiva [&hellip;]<\/p>\n","protected":false},"author":1,"featured_media":25582,"comment_status":"closed","ping_status":"closed","sticky":false,"template":"","format":"standard","meta":{"_acf_changed":false,"footnotes":""},"categories":[8],"tags":[],"class_list":["post-25581","post","type-post","status-publish","format-standard","has-post-thumbnail","category-cultural"],"acf":{"antetitulo":""},"yoast_head":"<!-- This site is optimized with the Yoast SEO plugin v28.4 - https:\/\/yoast.com\/product\/yoast-seo-wordpress\/ -->\n<title>Festival Django Bolivia 2021 - El Diario - Bolivia<\/title>\n<meta name=\"robots\" content=\"index, follow, max-snippet:-1, max-image-preview:large, max-video-preview:-1\" \/>\n<link rel=\"canonical\" href=\"https:\/\/www.eldiario.net\/portal\/2021\/08\/25\/festival-django-bolivia-2021\/\" \/>\n<meta property=\"og:locale\" content=\"es_ES\" \/>\n<meta property=\"og:type\" content=\"article\" \/>\n<meta property=\"og:title\" content=\"Festival Django Bolivia 2021 - El Diario - Bolivia\" \/>\n<meta property=\"og:description\" content=\"El Festival Django Reinhardt se realiza en su nueva versi\u00f3n en pa\u00eds a gran escala tomando en cuenta los enormes m\u00fasicos que ser\u00e1n parte del mismo. Esta versi\u00f3n cuenta con la organizaci\u00f3n de Illa y Gustavo Orihuela Quartet, quienes se lucir\u00e1n junto a otros virtuosos m\u00fasicos dando como resultado una experiencia b\u00e1rbara. En esta exclusiva [&hellip;]\" \/>\n<meta property=\"og:url\" content=\"https:\/\/www.eldiario.net\/portal\/2021\/08\/25\/festival-django-bolivia-2021\/\" \/>\n<meta property=\"og:site_name\" content=\"El Diario - Bolivia\" \/>\n<meta property=\"article:publisher\" content=\"https:\/\/www.facebook.com\/eldiario.bolivia\/\" \/>\n<meta property=\"article:published_time\" content=\"2021-08-25T10:43:59+00:00\" \/>\n<meta name=\"author\" content=\"Jeanette\" \/>\n<meta name=\"twitter:card\" content=\"summary_large_image\" \/>\n<meta name=\"twitter:creator\" content=\"@eldiario_net\" \/>\n<meta name=\"twitter:site\" content=\"@eldiario_net\" \/>\n<meta name=\"twitter:label1\" content=\"Escrito por\" \/>\n\t<meta name=\"twitter:data1\" content=\"Jeanette\" \/>\n\t<meta name=\"twitter:label2\" content=\"Tiempo de lectura\" \/>\n\t<meta name=\"twitter:data2\" content=\"5 minutos\" \/>\n<script type=\"application\/ld+json\" class=\"yoast-schema-graph\">{\"@context\":\"https:\\\/\\\/schema.org\",\"@graph\":[{\"@type\":\"Article\",\"@id\":\"https:\\\/\\\/www.eldiario.net\\\/portal\\\/2021\\\/08\\\/25\\\/festival-django-bolivia-2021\\\/#article\",\"isPartOf\":{\"@id\":\"https:\\\/\\\/www.eldiario.net\\\/portal\\\/2021\\\/08\\\/25\\\/festival-django-bolivia-2021\\\/\"},\"author\":{\"name\":\"Jeanette\",\"@id\":\"https:\\\/\\\/www.eldiario.net\\\/portal\\\/#\\\/schema\\\/person\\\/2c57cf2b7a7ae032e449e4c9b1019eac\"},\"headline\":\"Festival Django Bolivia 2021\",\"datePublished\":\"2021-08-25T10:43:59+00:00\",\"mainEntityOfPage\":{\"@id\":\"https:\\\/\\\/www.eldiario.net\\\/portal\\\/2021\\\/08\\\/25\\\/festival-django-bolivia-2021\\\/\"},\"wordCount\":1125,\"publisher\":{\"@id\":\"https:\\\/\\\/www.eldiario.net\\\/portal\\\/#organization\"},\"image\":{\"@id\":\"https:\\\/\\\/www.eldiario.net\\\/portal\\\/2021\\\/08\\\/25\\\/festival-django-bolivia-2021\\\/#primaryimage\"},\"thumbnailUrl\":\"\",\"articleSection\":[\"Cultural\"],\"inLanguage\":\"es\"},{\"@type\":\"WebPage\",\"@id\":\"https:\\\/\\\/www.eldiario.net\\\/portal\\\/2021\\\/08\\\/25\\\/festival-django-bolivia-2021\\\/\",\"url\":\"https:\\\/\\\/www.eldiario.net\\\/portal\\\/2021\\\/08\\\/25\\\/festival-django-bolivia-2021\\\/\",\"name\":\"Festival Django Bolivia 2021 - El Diario - Bolivia\",\"isPartOf\":{\"@id\":\"https:\\\/\\\/www.eldiario.net\\\/portal\\\/#website\"},\"primaryImageOfPage\":{\"@id\":\"https:\\\/\\\/www.eldiario.net\\\/portal\\\/2021\\\/08\\\/25\\\/festival-django-bolivia-2021\\\/#primaryimage\"},\"image\":{\"@id\":\"https:\\\/\\\/www.eldiario.net\\\/portal\\\/2021\\\/08\\\/25\\\/festival-django-bolivia-2021\\\/#primaryimage\"},\"thumbnailUrl\":\"\",\"datePublished\":\"2021-08-25T10:43:59+00:00\",\"breadcrumb\":{\"@id\":\"https:\\\/\\\/www.eldiario.net\\\/portal\\\/2021\\\/08\\\/25\\\/festival-django-bolivia-2021\\\/#breadcrumb\"},\"inLanguage\":\"es\",\"potentialAction\":[{\"@type\":\"ReadAction\",\"target\":[\"https:\\\/\\\/www.eldiario.net\\\/portal\\\/2021\\\/08\\\/25\\\/festival-django-bolivia-2021\\\/\"]}]},{\"@type\":\"ImageObject\",\"inLanguage\":\"es\",\"@id\":\"https:\\\/\\\/www.eldiario.net\\\/portal\\\/2021\\\/08\\\/25\\\/festival-django-bolivia-2021\\\/#primaryimage\",\"url\":\"\",\"contentUrl\":\"\"},{\"@type\":\"BreadcrumbList\",\"@id\":\"https:\\\/\\\/www.eldiario.net\\\/portal\\\/2021\\\/08\\\/25\\\/festival-django-bolivia-2021\\\/#breadcrumb\",\"itemListElement\":[{\"@type\":\"ListItem\",\"position\":1,\"name\":\"Portada\",\"item\":\"https:\\\/\\\/www.eldiario.net\\\/portal\\\/\"},{\"@type\":\"ListItem\",\"position\":2,\"name\":\"Festival Django Bolivia 2021\"}]},{\"@type\":\"WebSite\",\"@id\":\"https:\\\/\\\/www.eldiario.net\\\/portal\\\/#website\",\"url\":\"https:\\\/\\\/www.eldiario.net\\\/portal\\\/\",\"name\":\"El Diario - Decano de la prensa nacional\",\"description\":\"El Diario - Decano de la prensa nacional\",\"publisher\":{\"@id\":\"https:\\\/\\\/www.eldiario.net\\\/portal\\\/#organization\"},\"potentialAction\":[{\"@type\":\"SearchAction\",\"target\":{\"@type\":\"EntryPoint\",\"urlTemplate\":\"https:\\\/\\\/www.eldiario.net\\\/portal\\\/?s={search_term_string}\"},\"query-input\":{\"@type\":\"PropertyValueSpecification\",\"valueRequired\":true,\"valueName\":\"search_term_string\"}}],\"inLanguage\":\"es\"},{\"@type\":\"Organization\",\"@id\":\"https:\\\/\\\/www.eldiario.net\\\/portal\\\/#organization\",\"name\":\"El Diario - Decano de la prensa nacional\",\"url\":\"https:\\\/\\\/www.eldiario.net\\\/portal\\\/\",\"logo\":{\"@type\":\"ImageObject\",\"inLanguage\":\"es\",\"@id\":\"https:\\\/\\\/www.eldiario.net\\\/portal\\\/#\\\/schema\\\/logo\\\/image\\\/\",\"url\":\"https:\\\/\\\/www.eldiario.net\\\/portal\\\/wp-content\\\/uploads\\\/2023\\\/07\\\/logo_ED.jpg\",\"contentUrl\":\"https:\\\/\\\/www.eldiario.net\\\/portal\\\/wp-content\\\/uploads\\\/2023\\\/07\\\/logo_ED.jpg\",\"width\":272,\"height\":52,\"caption\":\"El Diario - Decano de la prensa nacional\"},\"image\":{\"@id\":\"https:\\\/\\\/www.eldiario.net\\\/portal\\\/#\\\/schema\\\/logo\\\/image\\\/\"},\"sameAs\":[\"https:\\\/\\\/www.facebook.com\\\/eldiario.bolivia\\\/\",\"https:\\\/\\\/x.com\\\/eldiario_net\"]},{\"@type\":\"Person\",\"@id\":\"https:\\\/\\\/www.eldiario.net\\\/portal\\\/#\\\/schema\\\/person\\\/2c57cf2b7a7ae032e449e4c9b1019eac\",\"name\":\"Jeanette\",\"image\":{\"@type\":\"ImageObject\",\"inLanguage\":\"es\",\"@id\":\"https:\\\/\\\/secure.gravatar.com\\\/avatar\\\/3ea2118a5f7dad2b7138b1187a6b7ee55f160b9968b66013c3a3ef39dd7e5798?s=96&d=mm&r=g\",\"url\":\"https:\\\/\\\/secure.gravatar.com\\\/avatar\\\/3ea2118a5f7dad2b7138b1187a6b7ee55f160b9968b66013c3a3ef39dd7e5798?s=96&d=mm&r=g\",\"contentUrl\":\"https:\\\/\\\/secure.gravatar.com\\\/avatar\\\/3ea2118a5f7dad2b7138b1187a6b7ee55f160b9968b66013c3a3ef39dd7e5798?s=96&d=mm&r=g\",\"caption\":\"Jeanette\"},\"sameAs\":[\"https:\\\/\\\/www.eldiario.net\\\/portal\"],\"url\":\"https:\\\/\\\/www.eldiario.net\\\/portal\\\/author\\\/jeanette\\\/\"}]}<\/script>\n<!-- \/ Yoast SEO plugin. -->","yoast_head_json":{"title":"Festival Django Bolivia 2021 - El Diario - Bolivia","robots":{"index":"index","follow":"follow","max-snippet":"max-snippet:-1","max-image-preview":"max-image-preview:large","max-video-preview":"max-video-preview:-1"},"canonical":"https:\/\/www.eldiario.net\/portal\/2021\/08\/25\/festival-django-bolivia-2021\/","og_locale":"es_ES","og_type":"article","og_title":"Festival Django Bolivia 2021 - El Diario - Bolivia","og_description":"El Festival Django Reinhardt se realiza en su nueva versi\u00f3n en pa\u00eds a gran escala tomando en cuenta los enormes m\u00fasicos que ser\u00e1n parte del mismo. Esta versi\u00f3n cuenta con la organizaci\u00f3n de Illa y Gustavo Orihuela Quartet, quienes se lucir\u00e1n junto a otros virtuosos m\u00fasicos dando como resultado una experiencia b\u00e1rbara. En esta exclusiva [&hellip;]","og_url":"https:\/\/www.eldiario.net\/portal\/2021\/08\/25\/festival-django-bolivia-2021\/","og_site_name":"El Diario - Bolivia","article_publisher":"https:\/\/www.facebook.com\/eldiario.bolivia\/","article_published_time":"2021-08-25T10:43:59+00:00","author":"Jeanette","twitter_card":"summary_large_image","twitter_creator":"@eldiario_net","twitter_site":"@eldiario_net","twitter_misc":{"Escrito por":"Jeanette","Tiempo de lectura":"5 minutos"},"schema":{"@context":"https:\/\/schema.org","@graph":[{"@type":"Article","@id":"https:\/\/www.eldiario.net\/portal\/2021\/08\/25\/festival-django-bolivia-2021\/#article","isPartOf":{"@id":"https:\/\/www.eldiario.net\/portal\/2021\/08\/25\/festival-django-bolivia-2021\/"},"author":{"name":"Jeanette","@id":"https:\/\/www.eldiario.net\/portal\/#\/schema\/person\/2c57cf2b7a7ae032e449e4c9b1019eac"},"headline":"Festival Django Bolivia 2021","datePublished":"2021-08-25T10:43:59+00:00","mainEntityOfPage":{"@id":"https:\/\/www.eldiario.net\/portal\/2021\/08\/25\/festival-django-bolivia-2021\/"},"wordCount":1125,"publisher":{"@id":"https:\/\/www.eldiario.net\/portal\/#organization"},"image":{"@id":"https:\/\/www.eldiario.net\/portal\/2021\/08\/25\/festival-django-bolivia-2021\/#primaryimage"},"thumbnailUrl":"","articleSection":["Cultural"],"inLanguage":"es"},{"@type":"WebPage","@id":"https:\/\/www.eldiario.net\/portal\/2021\/08\/25\/festival-django-bolivia-2021\/","url":"https:\/\/www.eldiario.net\/portal\/2021\/08\/25\/festival-django-bolivia-2021\/","name":"Festival Django Bolivia 2021 - El Diario - Bolivia","isPartOf":{"@id":"https:\/\/www.eldiario.net\/portal\/#website"},"primaryImageOfPage":{"@id":"https:\/\/www.eldiario.net\/portal\/2021\/08\/25\/festival-django-bolivia-2021\/#primaryimage"},"image":{"@id":"https:\/\/www.eldiario.net\/portal\/2021\/08\/25\/festival-django-bolivia-2021\/#primaryimage"},"thumbnailUrl":"","datePublished":"2021-08-25T10:43:59+00:00","breadcrumb":{"@id":"https:\/\/www.eldiario.net\/portal\/2021\/08\/25\/festival-django-bolivia-2021\/#breadcrumb"},"inLanguage":"es","potentialAction":[{"@type":"ReadAction","target":["https:\/\/www.eldiario.net\/portal\/2021\/08\/25\/festival-django-bolivia-2021\/"]}]},{"@type":"ImageObject","inLanguage":"es","@id":"https:\/\/www.eldiario.net\/portal\/2021\/08\/25\/festival-django-bolivia-2021\/#primaryimage","url":"","contentUrl":""},{"@type":"BreadcrumbList","@id":"https:\/\/www.eldiario.net\/portal\/2021\/08\/25\/festival-django-bolivia-2021\/#breadcrumb","itemListElement":[{"@type":"ListItem","position":1,"name":"Portada","item":"https:\/\/www.eldiario.net\/portal\/"},{"@type":"ListItem","position":2,"name":"Festival Django Bolivia 2021"}]},{"@type":"WebSite","@id":"https:\/\/www.eldiario.net\/portal\/#website","url":"https:\/\/www.eldiario.net\/portal\/","name":"El Diario - Decano de la prensa nacional","description":"El Diario - Decano de la prensa nacional","publisher":{"@id":"https:\/\/www.eldiario.net\/portal\/#organization"},"potentialAction":[{"@type":"SearchAction","target":{"@type":"EntryPoint","urlTemplate":"https:\/\/www.eldiario.net\/portal\/?s={search_term_string}"},"query-input":{"@type":"PropertyValueSpecification","valueRequired":true,"valueName":"search_term_string"}}],"inLanguage":"es"},{"@type":"Organization","@id":"https:\/\/www.eldiario.net\/portal\/#organization","name":"El Diario - Decano de la prensa nacional","url":"https:\/\/www.eldiario.net\/portal\/","logo":{"@type":"ImageObject","inLanguage":"es","@id":"https:\/\/www.eldiario.net\/portal\/#\/schema\/logo\/image\/","url":"https:\/\/www.eldiario.net\/portal\/wp-content\/uploads\/2023\/07\/logo_ED.jpg","contentUrl":"https:\/\/www.eldiario.net\/portal\/wp-content\/uploads\/2023\/07\/logo_ED.jpg","width":272,"height":52,"caption":"El Diario - Decano de la prensa nacional"},"image":{"@id":"https:\/\/www.eldiario.net\/portal\/#\/schema\/logo\/image\/"},"sameAs":["https:\/\/www.facebook.com\/eldiario.bolivia\/","https:\/\/x.com\/eldiario_net"]},{"@type":"Person","@id":"https:\/\/www.eldiario.net\/portal\/#\/schema\/person\/2c57cf2b7a7ae032e449e4c9b1019eac","name":"Jeanette","image":{"@type":"ImageObject","inLanguage":"es","@id":"https:\/\/secure.gravatar.com\/avatar\/3ea2118a5f7dad2b7138b1187a6b7ee55f160b9968b66013c3a3ef39dd7e5798?s=96&d=mm&r=g","url":"https:\/\/secure.gravatar.com\/avatar\/3ea2118a5f7dad2b7138b1187a6b7ee55f160b9968b66013c3a3ef39dd7e5798?s=96&d=mm&r=g","contentUrl":"https:\/\/secure.gravatar.com\/avatar\/3ea2118a5f7dad2b7138b1187a6b7ee55f160b9968b66013c3a3ef39dd7e5798?s=96&d=mm&r=g","caption":"Jeanette"},"sameAs":["https:\/\/www.eldiario.net\/portal"],"url":"https:\/\/www.eldiario.net\/portal\/author\/jeanette\/"}]}},"_links":{"self":[{"href":"https:\/\/www.eldiario.net\/portal\/wp-json\/wp\/v2\/posts\/25581","targetHints":{"allow":["GET"]}}],"collection":[{"href":"https:\/\/www.eldiario.net\/portal\/wp-json\/wp\/v2\/posts"}],"about":[{"href":"https:\/\/www.eldiario.net\/portal\/wp-json\/wp\/v2\/types\/post"}],"author":[{"embeddable":true,"href":"https:\/\/www.eldiario.net\/portal\/wp-json\/wp\/v2\/users\/1"}],"replies":[{"embeddable":true,"href":"https:\/\/www.eldiario.net\/portal\/wp-json\/wp\/v2\/comments?post=25581"}],"version-history":[{"count":0,"href":"https:\/\/www.eldiario.net\/portal\/wp-json\/wp\/v2\/posts\/25581\/revisions"}],"wp:attachment":[{"href":"https:\/\/www.eldiario.net\/portal\/wp-json\/wp\/v2\/media?parent=25581"}],"wp:term":[{"taxonomy":"category","embeddable":true,"href":"https:\/\/www.eldiario.net\/portal\/wp-json\/wp\/v2\/categories?post=25581"},{"taxonomy":"post_tag","embeddable":true,"href":"https:\/\/www.eldiario.net\/portal\/wp-json\/wp\/v2\/tags?post=25581"}],"curies":[{"name":"wp","href":"https:\/\/api.w.org\/{rel}","templated":true}]}}