{"id":25578,"date":"2021-08-25T06:39:28","date_gmt":"2021-08-25T10:39:28","guid":{"rendered":"https:\/\/www.eldiario.net\/portal\/?p=25578"},"modified":"2021-08-25T06:39:28","modified_gmt":"2021-08-25T10:39:28","slug":"subasta-benefica-del-reencuentro","status":"publish","type":"post","link":"https:\/\/www.eldiario.net\/portal\/2021\/08\/25\/subasta-benefica-del-reencuentro\/","title":{"rendered":"Subasta ben\u00e9fica del \u201creencuentro\u201d"},"content":{"rendered":"<p>Por cuarta vez, el arte y la solidaridad van de la mano en la subasta del \u201creencuentro\u201d, organizada por el Banco de Cr\u00e9dito BCP en coordinaci\u00f3n con Galer\u00eda Altamira, a realizarse hoy, mi\u00e9rcoles 25 de agosto, en el Gran Sal\u00f3n principal del Hotel Casa Grande (calle 16 de Calacoto) y a trav\u00e9s de Webinar, a partir de las 19.00 horas.<br \/>\nObras de renombrados artistas como Mario Conde, Luis Zilvetti, Rosemary Mamani, Ada Donato, Fernando y Dario Antezana, Angeles Fabri, Jaime Callizaya, Juan Bustillo, Ejty Stih y Mar\u00eda Jos\u00e9 Rodr\u00edguez figuran en el cat\u00e1logo de la subasta que se realizar\u00e1 para recaudar fondos que ser\u00e1n destinados a fortalecer la campa\u00f1a Operaci\u00f3n Sonrisa.<br \/>\n\u201cPara el BCP esta subasta tiene una significaci\u00f3n muy especial, porque despu\u00e9s de m\u00e1s de un a\u00f1o nos va a permitir reencontrarnos con nuestros clientes y contribuir nuevamente con arte y solidaridad a una causa tan importante como Operaci\u00f3n Sonrisa\u201d, dijo el gerente general del BCP, Marcelo Trigo Villegas.<br \/>\nEl BCP respalda la campa\u00f1a Operaci\u00f3n Sonrisa hace 17 a\u00f1os, financiando el traslado de ni\u00f1as y ni\u00f1os de todo el pa\u00eds hacia los centros en los que se realizan las cirug\u00edas de labio y paladar hendido.<br \/>\n\u201cTenemos la enorme satisfacci\u00f3n de haber compartido un esfuerzo que hasta el momento ha beneficiado con cirug\u00edas gratuitas a 4228 ni\u00f1as y ni\u00f1os en aproximadamente 48 misiones realizadas desde que comenz\u00f3 la campa\u00f1a\u201d, a\u00f1adi\u00f3.<br \/>\nTrigo destac\u00f3 la solidaridad de los artistas que todos los a\u00f1os, a excepci\u00f3n del a\u00f1o pasado debido a la pandemia, aportan con sus obras para que la subasta sea un \u00e9xito, y de los clientes y amigos del banco que participan y pujan para llevarse las obras de su preferencia.<br \/>\nEn esta oportunidad, la subasta ser\u00e1 presencial en salones de un hotel de la zona Sur, pero tambi\u00e9n se podr\u00e1 participar ingresando con anticipaci\u00f3n al link https:\/\/bit.ly\/SubastaAltamira, en el que las personas interesadas deber\u00e1n registrarse con su nombre completo, email, direcci\u00f3n y tel\u00e9fono, para recibir de inmediato la confirmaci\u00f3n del link con el que podr\u00e1n participar y comprar en la subasta a distancia. Para acceder al cat\u00e1logo con las 100 obras se debe ingresar a https:\/\/www.bcp.com.bo\/Content\/descargas\/OperacionSonrisa\/CatalogoSubastaDeArte.pdf<br \/>\n\u201cSer\u00e1 una excelente oportunidad de estar juntos nuevamente y por una buena causa. Mi agradecimiento a todos los que estuvieron involucrados en la organizaci\u00f3n y la invitaci\u00f3n a nuestros clientes y amigos para que sean parte de este esfuerzo\u201d, concluy\u00f3 Trigo.<\/p>\n","protected":false},"excerpt":{"rendered":"<p>Por cuarta vez, el arte y la solidaridad van de la mano en la subasta del \u201creencuentro\u201d, organizada por el Banco de Cr\u00e9dito BCP en coordinaci\u00f3n con Galer\u00eda Altamira, a realizarse hoy, mi\u00e9rcoles 25 de agosto, en el Gran Sal\u00f3n principal del Hotel Casa Grande (calle 16 de Calacoto) y a trav\u00e9s de Webinar, a [&hellip;]<\/p>\n","protected":false},"author":1,"featured_media":25579,"comment_status":"closed","ping_status":"closed","sticky":false,"template":"","format":"standard","meta":{"_acf_changed":false,"footnotes":""},"categories":[8],"tags":[],"class_list":["post-25578","post","type-post","status-publish","format-standard","has-post-thumbnail","category-cultural"],"acf":{"antetitulo":""},"yoast_head":"<!-- This site is optimized with the Yoast SEO plugin v28.4 - https:\/\/yoast.com\/product\/yoast-seo-wordpress\/ -->\n<title>Subasta ben\u00e9fica del \u201creencuentro\u201d - El Diario - Bolivia<\/title>\n<meta name=\"robots\" content=\"index, follow, max-snippet:-1, max-image-preview:large, max-video-preview:-1\" \/>\n<link rel=\"canonical\" href=\"https:\/\/www.eldiario.net\/portal\/2021\/08\/25\/subasta-benefica-del-reencuentro\/\" \/>\n<meta property=\"og:locale\" content=\"es_ES\" \/>\n<meta property=\"og:type\" content=\"article\" \/>\n<meta property=\"og:title\" content=\"Subasta ben\u00e9fica del \u201creencuentro\u201d - El Diario - Bolivia\" \/>\n<meta property=\"og:description\" content=\"Por cuarta vez, el arte y la solidaridad van de la mano en la subasta del \u201creencuentro\u201d, organizada por el Banco de Cr\u00e9dito BCP en coordinaci\u00f3n con Galer\u00eda Altamira, a realizarse hoy, mi\u00e9rcoles 25 de agosto, en el Gran Sal\u00f3n principal del Hotel Casa Grande (calle 16 de Calacoto) y a trav\u00e9s de Webinar, a [&hellip;]\" \/>\n<meta property=\"og:url\" content=\"https:\/\/www.eldiario.net\/portal\/2021\/08\/25\/subasta-benefica-del-reencuentro\/\" \/>\n<meta property=\"og:site_name\" content=\"El Diario - Bolivia\" \/>\n<meta property=\"article:publisher\" content=\"https:\/\/www.facebook.com\/eldiario.bolivia\/\" \/>\n<meta property=\"article:published_time\" content=\"2021-08-25T10:39:28+00:00\" \/>\n<meta name=\"author\" content=\"Jeanette\" \/>\n<meta name=\"twitter:card\" content=\"summary_large_image\" \/>\n<meta name=\"twitter:creator\" content=\"@eldiario_net\" \/>\n<meta name=\"twitter:site\" content=\"@eldiario_net\" \/>\n<meta name=\"twitter:label1\" content=\"Escrito por\" \/>\n\t<meta name=\"twitter:data1\" content=\"Jeanette\" \/>\n\t<meta name=\"twitter:label2\" content=\"Tiempo de lectura\" \/>\n\t<meta name=\"twitter:data2\" content=\"2 minutos\" \/>\n<script type=\"application\/ld+json\" class=\"yoast-schema-graph\">{\"@context\":\"https:\\\/\\\/schema.org\",\"@graph\":[{\"@type\":\"Article\",\"@id\":\"https:\\\/\\\/www.eldiario.net\\\/portal\\\/2021\\\/08\\\/25\\\/subasta-benefica-del-reencuentro\\\/#article\",\"isPartOf\":{\"@id\":\"https:\\\/\\\/www.eldiario.net\\\/portal\\\/2021\\\/08\\\/25\\\/subasta-benefica-del-reencuentro\\\/\"},\"author\":{\"name\":\"Jeanette\",\"@id\":\"https:\\\/\\\/www.eldiario.net\\\/portal\\\/#\\\/schema\\\/person\\\/2c57cf2b7a7ae032e449e4c9b1019eac\"},\"headline\":\"Subasta ben\u00e9fica del \u201creencuentro\u201d\",\"datePublished\":\"2021-08-25T10:39:28+00:00\",\"mainEntityOfPage\":{\"@id\":\"https:\\\/\\\/www.eldiario.net\\\/portal\\\/2021\\\/08\\\/25\\\/subasta-benefica-del-reencuentro\\\/\"},\"wordCount\":450,\"publisher\":{\"@id\":\"https:\\\/\\\/www.eldiario.net\\\/portal\\\/#organization\"},\"image\":{\"@id\":\"https:\\\/\\\/www.eldiario.net\\\/portal\\\/2021\\\/08\\\/25\\\/subasta-benefica-del-reencuentro\\\/#primaryimage\"},\"thumbnailUrl\":\"\",\"articleSection\":[\"Cultural\"],\"inLanguage\":\"es\"},{\"@type\":\"WebPage\",\"@id\":\"https:\\\/\\\/www.eldiario.net\\\/portal\\\/2021\\\/08\\\/25\\\/subasta-benefica-del-reencuentro\\\/\",\"url\":\"https:\\\/\\\/www.eldiario.net\\\/portal\\\/2021\\\/08\\\/25\\\/subasta-benefica-del-reencuentro\\\/\",\"name\":\"Subasta ben\u00e9fica del \u201creencuentro\u201d - El Diario - Bolivia\",\"isPartOf\":{\"@id\":\"https:\\\/\\\/www.eldiario.net\\\/portal\\\/#website\"},\"primaryImageOfPage\":{\"@id\":\"https:\\\/\\\/www.eldiario.net\\\/portal\\\/2021\\\/08\\\/25\\\/subasta-benefica-del-reencuentro\\\/#primaryimage\"},\"image\":{\"@id\":\"https:\\\/\\\/www.eldiario.net\\\/portal\\\/2021\\\/08\\\/25\\\/subasta-benefica-del-reencuentro\\\/#primaryimage\"},\"thumbnailUrl\":\"\",\"datePublished\":\"2021-08-25T10:39:28+00:00\",\"breadcrumb\":{\"@id\":\"https:\\\/\\\/www.eldiario.net\\\/portal\\\/2021\\\/08\\\/25\\\/subasta-benefica-del-reencuentro\\\/#breadcrumb\"},\"inLanguage\":\"es\",\"potentialAction\":[{\"@type\":\"ReadAction\",\"target\":[\"https:\\\/\\\/www.eldiario.net\\\/portal\\\/2021\\\/08\\\/25\\\/subasta-benefica-del-reencuentro\\\/\"]}]},{\"@type\":\"ImageObject\",\"inLanguage\":\"es\",\"@id\":\"https:\\\/\\\/www.eldiario.net\\\/portal\\\/2021\\\/08\\\/25\\\/subasta-benefica-del-reencuentro\\\/#primaryimage\",\"url\":\"\",\"contentUrl\":\"\"},{\"@type\":\"BreadcrumbList\",\"@id\":\"https:\\\/\\\/www.eldiario.net\\\/portal\\\/2021\\\/08\\\/25\\\/subasta-benefica-del-reencuentro\\\/#breadcrumb\",\"itemListElement\":[{\"@type\":\"ListItem\",\"position\":1,\"name\":\"Portada\",\"item\":\"https:\\\/\\\/www.eldiario.net\\\/portal\\\/\"},{\"@type\":\"ListItem\",\"position\":2,\"name\":\"Subasta ben\u00e9fica del \u201creencuentro\u201d\"}]},{\"@type\":\"WebSite\",\"@id\":\"https:\\\/\\\/www.eldiario.net\\\/portal\\\/#website\",\"url\":\"https:\\\/\\\/www.eldiario.net\\\/portal\\\/\",\"name\":\"El Diario - Decano de la prensa nacional\",\"description\":\"El Diario - Decano de la prensa nacional\",\"publisher\":{\"@id\":\"https:\\\/\\\/www.eldiario.net\\\/portal\\\/#organization\"},\"potentialAction\":[{\"@type\":\"SearchAction\",\"target\":{\"@type\":\"EntryPoint\",\"urlTemplate\":\"https:\\\/\\\/www.eldiario.net\\\/portal\\\/?s={search_term_string}\"},\"query-input\":{\"@type\":\"PropertyValueSpecification\",\"valueRequired\":true,\"valueName\":\"search_term_string\"}}],\"inLanguage\":\"es\"},{\"@type\":\"Organization\",\"@id\":\"https:\\\/\\\/www.eldiario.net\\\/portal\\\/#organization\",\"name\":\"El Diario - Decano de la prensa nacional\",\"url\":\"https:\\\/\\\/www.eldiario.net\\\/portal\\\/\",\"logo\":{\"@type\":\"ImageObject\",\"inLanguage\":\"es\",\"@id\":\"https:\\\/\\\/www.eldiario.net\\\/portal\\\/#\\\/schema\\\/logo\\\/image\\\/\",\"url\":\"https:\\\/\\\/www.eldiario.net\\\/portal\\\/wp-content\\\/uploads\\\/2023\\\/07\\\/logo_ED.jpg\",\"contentUrl\":\"https:\\\/\\\/www.eldiario.net\\\/portal\\\/wp-content\\\/uploads\\\/2023\\\/07\\\/logo_ED.jpg\",\"width\":272,\"height\":52,\"caption\":\"El Diario - Decano de la prensa nacional\"},\"image\":{\"@id\":\"https:\\\/\\\/www.eldiario.net\\\/portal\\\/#\\\/schema\\\/logo\\\/image\\\/\"},\"sameAs\":[\"https:\\\/\\\/www.facebook.com\\\/eldiario.bolivia\\\/\",\"https:\\\/\\\/x.com\\\/eldiario_net\"]},{\"@type\":\"Person\",\"@id\":\"https:\\\/\\\/www.eldiario.net\\\/portal\\\/#\\\/schema\\\/person\\\/2c57cf2b7a7ae032e449e4c9b1019eac\",\"name\":\"Jeanette\",\"image\":{\"@type\":\"ImageObject\",\"inLanguage\":\"es\",\"@id\":\"https:\\\/\\\/secure.gravatar.com\\\/avatar\\\/3ea2118a5f7dad2b7138b1187a6b7ee55f160b9968b66013c3a3ef39dd7e5798?s=96&d=mm&r=g\",\"url\":\"https:\\\/\\\/secure.gravatar.com\\\/avatar\\\/3ea2118a5f7dad2b7138b1187a6b7ee55f160b9968b66013c3a3ef39dd7e5798?s=96&d=mm&r=g\",\"contentUrl\":\"https:\\\/\\\/secure.gravatar.com\\\/avatar\\\/3ea2118a5f7dad2b7138b1187a6b7ee55f160b9968b66013c3a3ef39dd7e5798?s=96&d=mm&r=g\",\"caption\":\"Jeanette\"},\"sameAs\":[\"https:\\\/\\\/www.eldiario.net\\\/portal\"],\"url\":\"https:\\\/\\\/www.eldiario.net\\\/portal\\\/author\\\/jeanette\\\/\"}]}<\/script>\n<!-- \/ Yoast SEO plugin. -->","yoast_head_json":{"title":"Subasta ben\u00e9fica del \u201creencuentro\u201d - El Diario - Bolivia","robots":{"index":"index","follow":"follow","max-snippet":"max-snippet:-1","max-image-preview":"max-image-preview:large","max-video-preview":"max-video-preview:-1"},"canonical":"https:\/\/www.eldiario.net\/portal\/2021\/08\/25\/subasta-benefica-del-reencuentro\/","og_locale":"es_ES","og_type":"article","og_title":"Subasta ben\u00e9fica del \u201creencuentro\u201d - El Diario - Bolivia","og_description":"Por cuarta vez, el arte y la solidaridad van de la mano en la subasta del \u201creencuentro\u201d, organizada por el Banco de Cr\u00e9dito BCP en coordinaci\u00f3n con Galer\u00eda Altamira, a realizarse hoy, mi\u00e9rcoles 25 de agosto, en el Gran Sal\u00f3n principal del Hotel Casa Grande (calle 16 de Calacoto) y a trav\u00e9s de Webinar, a [&hellip;]","og_url":"https:\/\/www.eldiario.net\/portal\/2021\/08\/25\/subasta-benefica-del-reencuentro\/","og_site_name":"El Diario - Bolivia","article_publisher":"https:\/\/www.facebook.com\/eldiario.bolivia\/","article_published_time":"2021-08-25T10:39:28+00:00","author":"Jeanette","twitter_card":"summary_large_image","twitter_creator":"@eldiario_net","twitter_site":"@eldiario_net","twitter_misc":{"Escrito por":"Jeanette","Tiempo de lectura":"2 minutos"},"schema":{"@context":"https:\/\/schema.org","@graph":[{"@type":"Article","@id":"https:\/\/www.eldiario.net\/portal\/2021\/08\/25\/subasta-benefica-del-reencuentro\/#article","isPartOf":{"@id":"https:\/\/www.eldiario.net\/portal\/2021\/08\/25\/subasta-benefica-del-reencuentro\/"},"author":{"name":"Jeanette","@id":"https:\/\/www.eldiario.net\/portal\/#\/schema\/person\/2c57cf2b7a7ae032e449e4c9b1019eac"},"headline":"Subasta ben\u00e9fica del \u201creencuentro\u201d","datePublished":"2021-08-25T10:39:28+00:00","mainEntityOfPage":{"@id":"https:\/\/www.eldiario.net\/portal\/2021\/08\/25\/subasta-benefica-del-reencuentro\/"},"wordCount":450,"publisher":{"@id":"https:\/\/www.eldiario.net\/portal\/#organization"},"image":{"@id":"https:\/\/www.eldiario.net\/portal\/2021\/08\/25\/subasta-benefica-del-reencuentro\/#primaryimage"},"thumbnailUrl":"","articleSection":["Cultural"],"inLanguage":"es"},{"@type":"WebPage","@id":"https:\/\/www.eldiario.net\/portal\/2021\/08\/25\/subasta-benefica-del-reencuentro\/","url":"https:\/\/www.eldiario.net\/portal\/2021\/08\/25\/subasta-benefica-del-reencuentro\/","name":"Subasta ben\u00e9fica del \u201creencuentro\u201d - El Diario - Bolivia","isPartOf":{"@id":"https:\/\/www.eldiario.net\/portal\/#website"},"primaryImageOfPage":{"@id":"https:\/\/www.eldiario.net\/portal\/2021\/08\/25\/subasta-benefica-del-reencuentro\/#primaryimage"},"image":{"@id":"https:\/\/www.eldiario.net\/portal\/2021\/08\/25\/subasta-benefica-del-reencuentro\/#primaryimage"},"thumbnailUrl":"","datePublished":"2021-08-25T10:39:28+00:00","breadcrumb":{"@id":"https:\/\/www.eldiario.net\/portal\/2021\/08\/25\/subasta-benefica-del-reencuentro\/#breadcrumb"},"inLanguage":"es","potentialAction":[{"@type":"ReadAction","target":["https:\/\/www.eldiario.net\/portal\/2021\/08\/25\/subasta-benefica-del-reencuentro\/"]}]},{"@type":"ImageObject","inLanguage":"es","@id":"https:\/\/www.eldiario.net\/portal\/2021\/08\/25\/subasta-benefica-del-reencuentro\/#primaryimage","url":"","contentUrl":""},{"@type":"BreadcrumbList","@id":"https:\/\/www.eldiario.net\/portal\/2021\/08\/25\/subasta-benefica-del-reencuentro\/#breadcrumb","itemListElement":[{"@type":"ListItem","position":1,"name":"Portada","item":"https:\/\/www.eldiario.net\/portal\/"},{"@type":"ListItem","position":2,"name":"Subasta ben\u00e9fica del \u201creencuentro\u201d"}]},{"@type":"WebSite","@id":"https:\/\/www.eldiario.net\/portal\/#website","url":"https:\/\/www.eldiario.net\/portal\/","name":"El Diario - Decano de la prensa nacional","description":"El Diario - Decano de la prensa nacional","publisher":{"@id":"https:\/\/www.eldiario.net\/portal\/#organization"},"potentialAction":[{"@type":"SearchAction","target":{"@type":"EntryPoint","urlTemplate":"https:\/\/www.eldiario.net\/portal\/?s={search_term_string}"},"query-input":{"@type":"PropertyValueSpecification","valueRequired":true,"valueName":"search_term_string"}}],"inLanguage":"es"},{"@type":"Organization","@id":"https:\/\/www.eldiario.net\/portal\/#organization","name":"El Diario - Decano de la prensa nacional","url":"https:\/\/www.eldiario.net\/portal\/","logo":{"@type":"ImageObject","inLanguage":"es","@id":"https:\/\/www.eldiario.net\/portal\/#\/schema\/logo\/image\/","url":"https:\/\/www.eldiario.net\/portal\/wp-content\/uploads\/2023\/07\/logo_ED.jpg","contentUrl":"https:\/\/www.eldiario.net\/portal\/wp-content\/uploads\/2023\/07\/logo_ED.jpg","width":272,"height":52,"caption":"El Diario - Decano de la prensa nacional"},"image":{"@id":"https:\/\/www.eldiario.net\/portal\/#\/schema\/logo\/image\/"},"sameAs":["https:\/\/www.facebook.com\/eldiario.bolivia\/","https:\/\/x.com\/eldiario_net"]},{"@type":"Person","@id":"https:\/\/www.eldiario.net\/portal\/#\/schema\/person\/2c57cf2b7a7ae032e449e4c9b1019eac","name":"Jeanette","image":{"@type":"ImageObject","inLanguage":"es","@id":"https:\/\/secure.gravatar.com\/avatar\/3ea2118a5f7dad2b7138b1187a6b7ee55f160b9968b66013c3a3ef39dd7e5798?s=96&d=mm&r=g","url":"https:\/\/secure.gravatar.com\/avatar\/3ea2118a5f7dad2b7138b1187a6b7ee55f160b9968b66013c3a3ef39dd7e5798?s=96&d=mm&r=g","contentUrl":"https:\/\/secure.gravatar.com\/avatar\/3ea2118a5f7dad2b7138b1187a6b7ee55f160b9968b66013c3a3ef39dd7e5798?s=96&d=mm&r=g","caption":"Jeanette"},"sameAs":["https:\/\/www.eldiario.net\/portal"],"url":"https:\/\/www.eldiario.net\/portal\/author\/jeanette\/"}]}},"_links":{"self":[{"href":"https:\/\/www.eldiario.net\/portal\/wp-json\/wp\/v2\/posts\/25578","targetHints":{"allow":["GET"]}}],"collection":[{"href":"https:\/\/www.eldiario.net\/portal\/wp-json\/wp\/v2\/posts"}],"about":[{"href":"https:\/\/www.eldiario.net\/portal\/wp-json\/wp\/v2\/types\/post"}],"author":[{"embeddable":true,"href":"https:\/\/www.eldiario.net\/portal\/wp-json\/wp\/v2\/users\/1"}],"replies":[{"embeddable":true,"href":"https:\/\/www.eldiario.net\/portal\/wp-json\/wp\/v2\/comments?post=25578"}],"version-history":[{"count":0,"href":"https:\/\/www.eldiario.net\/portal\/wp-json\/wp\/v2\/posts\/25578\/revisions"}],"wp:attachment":[{"href":"https:\/\/www.eldiario.net\/portal\/wp-json\/wp\/v2\/media?parent=25578"}],"wp:term":[{"taxonomy":"category","embeddable":true,"href":"https:\/\/www.eldiario.net\/portal\/wp-json\/wp\/v2\/categories?post=25578"},{"taxonomy":"post_tag","embeddable":true,"href":"https:\/\/www.eldiario.net\/portal\/wp-json\/wp\/v2\/tags?post=25578"}],"curies":[{"name":"wp","href":"https:\/\/api.w.org\/{rel}","templated":true}]}}