{"id":25574,"date":"2021-08-25T06:38:15","date_gmt":"2021-08-25T10:38:15","guid":{"rendered":"https:\/\/www.eldiario.net\/portal\/?p=25574"},"modified":"2021-08-25T06:38:15","modified_gmt":"2021-08-25T10:38:15","slug":"empresarios-esperan-que-asp-b-facilite-el-comercio-por-arica","status":"publish","type":"post","link":"https:\/\/www.eldiario.net\/portal\/2021\/08\/25\/empresarios-esperan-que-asp-b-facilite-el-comercio-por-arica\/","title":{"rendered":"Empresarios esperan que ASP-B  facilite el comercio por Arica"},"content":{"rendered":"<p>Ante el anunci\u00f3 del incremento de las tarifas en la terminal portuaria de Arica, los empresarios piden a la Administradora de Servicios Portuarios Bolivia (ASP-B) cumplir su rol, de facilitar el comercio por este puerto, reflexion\u00f3 el presidente de la C\u00e1mara Nacional de Comercio, Rolando Kempff.<br \/>\nA ra\u00edz del vencimiento del acuerdo el pasado 4 de agosto, la Empresa Portuaria de Arica (EPA) anunci\u00f3 la aplicaci\u00f3n de las tarifas p\u00fablicas, que implican un aumento de los precios de los servicios, aunque la Administradora de Servicios Portuarios de Bolivia (ASP-B) rechaz\u00f3 la intenci\u00f3n de la empresa chilena, al indicar que no se lleg\u00f3 a un acuerdo y por ello solicitaron seis meses para analizar la propuesta.<\/p>\n<p>LIBRE COMERCIO<br \/>\nEl tema del Puerto de Arica est\u00e1 muy unido al Libre comercio de acuerdo al Tratado de 1904, y en este marco se estableci\u00f3 a la ASP-B para facilitar el comercio de exportaciones e importaciones.<br \/>\nEl comercio por dicha terminal alcanza a 1.800.000 toneladas, que casi representa todo el comercio de Bolivia por Arica, por ello es importante facilitar el ingreso y salida de mercader\u00eda, se\u00f1al\u00f3.<br \/>\n\u201cEsperamos (que la) ASP-B cumpla su rol, de facilitar el comercio de importaci\u00f3n y exportaci\u00f3n, y no solo sea una carga para los empresarios, los sectores, que colocan mercanc\u00eda v\u00eda Puerto de Arica\u00bb, reflexion\u00f3.<br \/>\nInform\u00f3 que las tarifas est\u00e1n siendo incrementadas en 100 %, 200 % y 300 %, y por ello esperan que la ASP-B sepa negociar con la EPA a favor de los ciudadanos bolivianos.<br \/>\nAnte la pregunta de que si ya incrementaron los precios de los servicios en puerto de Arica, Kempff dijo que es un temas de negociaciones y que esperan que no llegue a t\u00e9rminos de incrementar los mismos.<\/p>\n<p>ANUNCIOS<br \/>\nLa Administraci\u00f3n de Servicios Portuarios de Bolivia reiter\u00f3 el lunes que la Empresa Portuaria de Arica (EPA) no puede incrementar las tarifas de manera \u00abunilatera\u00bb mientras no exista un acuerdo mutuo entre ambos sectores.<br \/>\nEl gerente de la ASP-B, Dante Justiniano, afirm\u00f3 que hasta el momento no hay ning\u00fan documento que se haya firmado donde establezca que Bolivia acepte las nuevas escalas tarifarias, solo se quedaron en propuestas \u00abunilaterales\u00bb.<br \/>\n\u00abNosotros seguimos con la amplitud, abiertos a llegar a un acuerdo sin imposiciones, a llegar a un acuerdo sin que se establezca algo que pueda afectar lo que establece el tratado de 1904 y por ende la carga boliviana\u00bb, afirm\u00f3 en rueda de prensa.<br \/>\nEn pasados d\u00edas, la concesionaria Terminal Puerto Arica (TPA) afirm\u00f3 que a\u00fan est\u00e1 a la espera de que la ASP-B pueda firmar el documento conjunto del 30 de julio sobre las tarifas y expres\u00f3 su disposici\u00f3n de que se pueda lograr un acuerdo.<br \/>\nEn febrero la EPA envi\u00f3 una carta para iniciar las reuniones y negociaciones, y la ASP-B demor\u00f3 dos meses en enviar la respuesta; y las autoridades nacionales indicaron, en conferencia de prensa de hace dos semanas, que ellos solicitaron las reuniones pero que la administradora se\u00f1al\u00f3 que no se pod\u00eda por la pandemia.<br \/>\nEl pasado 20 de agosto, la administradora de la terminal portuaria inform\u00f3 que ya se empez\u00f3 a emitir las facturas a la ASP-B con las nuevas tarifas p\u00fablicas, y ya la estatal boliviana, la segunda semana de agosto, public\u00f3 un comunicado indicando a los usuarios que tomen sus recaudos por el aumento del costo de las operaciones.<\/p>\n<p>INVERSIONES<br \/>\nPor otra parte, Kempff inform\u00f3 que se promociona la actividad empresarial en la ciudad de El Alto a trav\u00e9s del apoyo a Cielo Mall, que tiene una inversi\u00f3n de m\u00e1s de 10 millones de d\u00f3lares, y que la iniciativa privada tambi\u00e9n brindar\u00e1 su respaldo a lo Hecho en Bolivia.<br \/>\nLa C\u00e1mara Nacional de Comercio brinda su apoyo a las empresas formales, y tambi\u00e9n promueve a que los emprendimientos vayan por este camino para que puedan aportar a la econom\u00eda regional y nacional.<br \/>\nEl presidente de la CNC y el representante de Cielo Mall, Diego Casas suscribieron un convenio, mediante el cual el emprendimiento recibir\u00e1 apoyo en la aplicaci\u00f3n de la econom\u00eda naranja 4.0 y la digitalizaci\u00f3n.<br \/>\nPor su parte, Casas dijo que la iniciativa apunta a formalizar el trabajo en la ciudad de El Alto, y que la iniciativa privada brindar\u00e1 una variedad de servicios, como las salas de cine, patio de comidas, entre otras, y contar\u00e1 con todas las medidas de bioseguridad.<br \/>\nPIE DE FOTO<\/p>\n","protected":false},"excerpt":{"rendered":"<p>Ante el anunci\u00f3 del incremento de las tarifas en la terminal portuaria de Arica, los empresarios piden a la Administradora de Servicios Portuarios Bolivia (ASP-B) cumplir su rol, de facilitar el comercio por este puerto, reflexion\u00f3 el presidente de la C\u00e1mara Nacional de Comercio, Rolando Kempff. A ra\u00edz del vencimiento del acuerdo el pasado 4 [&hellip;]<\/p>\n","protected":false},"author":1,"featured_media":25575,"comment_status":"closed","ping_status":"closed","sticky":false,"template":"","format":"standard","meta":{"_acf_changed":false,"footnotes":""},"categories":[7],"tags":[],"class_list":["post-25574","post","type-post","status-publish","format-standard","has-post-thumbnail","category-economia"],"acf":{"antetitulo":""},"yoast_head":"<!-- This site is optimized with the Yoast SEO plugin v28.4 - https:\/\/yoast.com\/product\/yoast-seo-wordpress\/ -->\n<title>Empresarios esperan que ASP-B facilite el comercio por Arica - El Diario - Bolivia<\/title>\n<meta name=\"robots\" content=\"index, follow, max-snippet:-1, max-image-preview:large, max-video-preview:-1\" \/>\n<link rel=\"canonical\" href=\"https:\/\/www.eldiario.net\/portal\/2021\/08\/25\/empresarios-esperan-que-asp-b-facilite-el-comercio-por-arica\/\" \/>\n<meta property=\"og:locale\" content=\"es_ES\" \/>\n<meta property=\"og:type\" content=\"article\" \/>\n<meta property=\"og:title\" content=\"Empresarios esperan que ASP-B facilite el comercio por Arica - El Diario - Bolivia\" \/>\n<meta property=\"og:description\" content=\"Ante el anunci\u00f3 del incremento de las tarifas en la terminal portuaria de Arica, los empresarios piden a la Administradora de Servicios Portuarios Bolivia (ASP-B) cumplir su rol, de facilitar el comercio por este puerto, reflexion\u00f3 el presidente de la C\u00e1mara Nacional de Comercio, Rolando Kempff. A ra\u00edz del vencimiento del acuerdo el pasado 4 [&hellip;]\" \/>\n<meta property=\"og:url\" content=\"https:\/\/www.eldiario.net\/portal\/2021\/08\/25\/empresarios-esperan-que-asp-b-facilite-el-comercio-por-arica\/\" \/>\n<meta property=\"og:site_name\" content=\"El Diario - Bolivia\" \/>\n<meta property=\"article:publisher\" content=\"https:\/\/www.facebook.com\/eldiario.bolivia\/\" \/>\n<meta property=\"article:published_time\" content=\"2021-08-25T10:38:15+00:00\" \/>\n<meta property=\"og:image\" content=\"https:\/\/www.eldiario.net\/portal\/wp-content\/uploads\/2021\/08\/arica-3.jpg\" \/>\n\t<meta property=\"og:image:width\" content=\"1600\" \/>\n\t<meta property=\"og:image:height\" content=\"1067\" \/>\n\t<meta property=\"og:image:type\" content=\"image\/jpeg\" \/>\n<meta name=\"author\" content=\"Jeanette\" \/>\n<meta name=\"twitter:card\" content=\"summary_large_image\" \/>\n<meta name=\"twitter:creator\" content=\"@eldiario_net\" \/>\n<meta name=\"twitter:site\" content=\"@eldiario_net\" \/>\n<meta name=\"twitter:label1\" content=\"Escrito por\" \/>\n\t<meta name=\"twitter:data1\" content=\"Jeanette\" \/>\n\t<meta name=\"twitter:label2\" content=\"Tiempo de lectura\" \/>\n\t<meta name=\"twitter:data2\" content=\"4 minutos\" \/>\n<script type=\"application\/ld+json\" class=\"yoast-schema-graph\">{\"@context\":\"https:\\\/\\\/schema.org\",\"@graph\":[{\"@type\":\"Article\",\"@id\":\"https:\\\/\\\/www.eldiario.net\\\/portal\\\/2021\\\/08\\\/25\\\/empresarios-esperan-que-asp-b-facilite-el-comercio-por-arica\\\/#article\",\"isPartOf\":{\"@id\":\"https:\\\/\\\/www.eldiario.net\\\/portal\\\/2021\\\/08\\\/25\\\/empresarios-esperan-que-asp-b-facilite-el-comercio-por-arica\\\/\"},\"author\":{\"name\":\"Jeanette\",\"@id\":\"https:\\\/\\\/www.eldiario.net\\\/portal\\\/#\\\/schema\\\/person\\\/2c57cf2b7a7ae032e449e4c9b1019eac\"},\"headline\":\"Empresarios esperan que ASP-B facilite el comercio por Arica\",\"datePublished\":\"2021-08-25T10:38:15+00:00\",\"mainEntityOfPage\":{\"@id\":\"https:\\\/\\\/www.eldiario.net\\\/portal\\\/2021\\\/08\\\/25\\\/empresarios-esperan-que-asp-b-facilite-el-comercio-por-arica\\\/\"},\"wordCount\":748,\"publisher\":{\"@id\":\"https:\\\/\\\/www.eldiario.net\\\/portal\\\/#organization\"},\"image\":{\"@id\":\"https:\\\/\\\/www.eldiario.net\\\/portal\\\/2021\\\/08\\\/25\\\/empresarios-esperan-que-asp-b-facilite-el-comercio-por-arica\\\/#primaryimage\"},\"thumbnailUrl\":\"https:\\\/\\\/www.eldiario.net\\\/portal\\\/wp-content\\\/uploads\\\/2021\\\/08\\\/arica-3.jpg\",\"articleSection\":[\"Econom\u00eda\"],\"inLanguage\":\"es\"},{\"@type\":\"WebPage\",\"@id\":\"https:\\\/\\\/www.eldiario.net\\\/portal\\\/2021\\\/08\\\/25\\\/empresarios-esperan-que-asp-b-facilite-el-comercio-por-arica\\\/\",\"url\":\"https:\\\/\\\/www.eldiario.net\\\/portal\\\/2021\\\/08\\\/25\\\/empresarios-esperan-que-asp-b-facilite-el-comercio-por-arica\\\/\",\"name\":\"Empresarios esperan que ASP-B facilite el comercio por Arica - El Diario - Bolivia\",\"isPartOf\":{\"@id\":\"https:\\\/\\\/www.eldiario.net\\\/portal\\\/#website\"},\"primaryImageOfPage\":{\"@id\":\"https:\\\/\\\/www.eldiario.net\\\/portal\\\/2021\\\/08\\\/25\\\/empresarios-esperan-que-asp-b-facilite-el-comercio-por-arica\\\/#primaryimage\"},\"image\":{\"@id\":\"https:\\\/\\\/www.eldiario.net\\\/portal\\\/2021\\\/08\\\/25\\\/empresarios-esperan-que-asp-b-facilite-el-comercio-por-arica\\\/#primaryimage\"},\"thumbnailUrl\":\"https:\\\/\\\/www.eldiario.net\\\/portal\\\/wp-content\\\/uploads\\\/2021\\\/08\\\/arica-3.jpg\",\"datePublished\":\"2021-08-25T10:38:15+00:00\",\"breadcrumb\":{\"@id\":\"https:\\\/\\\/www.eldiario.net\\\/portal\\\/2021\\\/08\\\/25\\\/empresarios-esperan-que-asp-b-facilite-el-comercio-por-arica\\\/#breadcrumb\"},\"inLanguage\":\"es\",\"potentialAction\":[{\"@type\":\"ReadAction\",\"target\":[\"https:\\\/\\\/www.eldiario.net\\\/portal\\\/2021\\\/08\\\/25\\\/empresarios-esperan-que-asp-b-facilite-el-comercio-por-arica\\\/\"]}]},{\"@type\":\"ImageObject\",\"inLanguage\":\"es\",\"@id\":\"https:\\\/\\\/www.eldiario.net\\\/portal\\\/2021\\\/08\\\/25\\\/empresarios-esperan-que-asp-b-facilite-el-comercio-por-arica\\\/#primaryimage\",\"url\":\"https:\\\/\\\/www.eldiario.net\\\/portal\\\/wp-content\\\/uploads\\\/2021\\\/08\\\/arica-3.jpg\",\"contentUrl\":\"https:\\\/\\\/www.eldiario.net\\\/portal\\\/wp-content\\\/uploads\\\/2021\\\/08\\\/arica-3.jpg\",\"width\":1600,\"height\":1067,\"caption\":\"Presidente de la CNC, Rolando Kempff, suscribe acuerdo con el representante de Cielo Mall, Diego Casas.\"},{\"@type\":\"BreadcrumbList\",\"@id\":\"https:\\\/\\\/www.eldiario.net\\\/portal\\\/2021\\\/08\\\/25\\\/empresarios-esperan-que-asp-b-facilite-el-comercio-por-arica\\\/#breadcrumb\",\"itemListElement\":[{\"@type\":\"ListItem\",\"position\":1,\"name\":\"Portada\",\"item\":\"https:\\\/\\\/www.eldiario.net\\\/portal\\\/\"},{\"@type\":\"ListItem\",\"position\":2,\"name\":\"Empresarios esperan que ASP-B facilite el comercio por Arica\"}]},{\"@type\":\"WebSite\",\"@id\":\"https:\\\/\\\/www.eldiario.net\\\/portal\\\/#website\",\"url\":\"https:\\\/\\\/www.eldiario.net\\\/portal\\\/\",\"name\":\"El Diario - Decano de la prensa nacional\",\"description\":\"El Diario - Decano de la prensa nacional\",\"publisher\":{\"@id\":\"https:\\\/\\\/www.eldiario.net\\\/portal\\\/#organization\"},\"potentialAction\":[{\"@type\":\"SearchAction\",\"target\":{\"@type\":\"EntryPoint\",\"urlTemplate\":\"https:\\\/\\\/www.eldiario.net\\\/portal\\\/?s={search_term_string}\"},\"query-input\":{\"@type\":\"PropertyValueSpecification\",\"valueRequired\":true,\"valueName\":\"search_term_string\"}}],\"inLanguage\":\"es\"},{\"@type\":\"Organization\",\"@id\":\"https:\\\/\\\/www.eldiario.net\\\/portal\\\/#organization\",\"name\":\"El Diario - Decano de la prensa nacional\",\"url\":\"https:\\\/\\\/www.eldiario.net\\\/portal\\\/\",\"logo\":{\"@type\":\"ImageObject\",\"inLanguage\":\"es\",\"@id\":\"https:\\\/\\\/www.eldiario.net\\\/portal\\\/#\\\/schema\\\/logo\\\/image\\\/\",\"url\":\"https:\\\/\\\/www.eldiario.net\\\/portal\\\/wp-content\\\/uploads\\\/2023\\\/07\\\/logo_ED.jpg\",\"contentUrl\":\"https:\\\/\\\/www.eldiario.net\\\/portal\\\/wp-content\\\/uploads\\\/2023\\\/07\\\/logo_ED.jpg\",\"width\":272,\"height\":52,\"caption\":\"El Diario - Decano de la prensa nacional\"},\"image\":{\"@id\":\"https:\\\/\\\/www.eldiario.net\\\/portal\\\/#\\\/schema\\\/logo\\\/image\\\/\"},\"sameAs\":[\"https:\\\/\\\/www.facebook.com\\\/eldiario.bolivia\\\/\",\"https:\\\/\\\/x.com\\\/eldiario_net\"]},{\"@type\":\"Person\",\"@id\":\"https:\\\/\\\/www.eldiario.net\\\/portal\\\/#\\\/schema\\\/person\\\/2c57cf2b7a7ae032e449e4c9b1019eac\",\"name\":\"Jeanette\",\"image\":{\"@type\":\"ImageObject\",\"inLanguage\":\"es\",\"@id\":\"https:\\\/\\\/secure.gravatar.com\\\/avatar\\\/3ea2118a5f7dad2b7138b1187a6b7ee55f160b9968b66013c3a3ef39dd7e5798?s=96&d=mm&r=g\",\"url\":\"https:\\\/\\\/secure.gravatar.com\\\/avatar\\\/3ea2118a5f7dad2b7138b1187a6b7ee55f160b9968b66013c3a3ef39dd7e5798?s=96&d=mm&r=g\",\"contentUrl\":\"https:\\\/\\\/secure.gravatar.com\\\/avatar\\\/3ea2118a5f7dad2b7138b1187a6b7ee55f160b9968b66013c3a3ef39dd7e5798?s=96&d=mm&r=g\",\"caption\":\"Jeanette\"},\"sameAs\":[\"https:\\\/\\\/www.eldiario.net\\\/portal\"],\"url\":\"https:\\\/\\\/www.eldiario.net\\\/portal\\\/author\\\/jeanette\\\/\"}]}<\/script>\n<!-- \/ Yoast SEO plugin. -->","yoast_head_json":{"title":"Empresarios esperan que ASP-B facilite el comercio por Arica - El Diario - Bolivia","robots":{"index":"index","follow":"follow","max-snippet":"max-snippet:-1","max-image-preview":"max-image-preview:large","max-video-preview":"max-video-preview:-1"},"canonical":"https:\/\/www.eldiario.net\/portal\/2021\/08\/25\/empresarios-esperan-que-asp-b-facilite-el-comercio-por-arica\/","og_locale":"es_ES","og_type":"article","og_title":"Empresarios esperan que ASP-B facilite el comercio por Arica - El Diario - Bolivia","og_description":"Ante el anunci\u00f3 del incremento de las tarifas en la terminal portuaria de Arica, los empresarios piden a la Administradora de Servicios Portuarios Bolivia (ASP-B) cumplir su rol, de facilitar el comercio por este puerto, reflexion\u00f3 el presidente de la C\u00e1mara Nacional de Comercio, Rolando Kempff. A ra\u00edz del vencimiento del acuerdo el pasado 4 [&hellip;]","og_url":"https:\/\/www.eldiario.net\/portal\/2021\/08\/25\/empresarios-esperan-que-asp-b-facilite-el-comercio-por-arica\/","og_site_name":"El Diario - Bolivia","article_publisher":"https:\/\/www.facebook.com\/eldiario.bolivia\/","article_published_time":"2021-08-25T10:38:15+00:00","og_image":[{"width":1600,"height":1067,"url":"https:\/\/www.eldiario.net\/portal\/wp-content\/uploads\/2021\/08\/arica-3.jpg","type":"image\/jpeg"}],"author":"Jeanette","twitter_card":"summary_large_image","twitter_creator":"@eldiario_net","twitter_site":"@eldiario_net","twitter_misc":{"Escrito por":"Jeanette","Tiempo de lectura":"4 minutos"},"schema":{"@context":"https:\/\/schema.org","@graph":[{"@type":"Article","@id":"https:\/\/www.eldiario.net\/portal\/2021\/08\/25\/empresarios-esperan-que-asp-b-facilite-el-comercio-por-arica\/#article","isPartOf":{"@id":"https:\/\/www.eldiario.net\/portal\/2021\/08\/25\/empresarios-esperan-que-asp-b-facilite-el-comercio-por-arica\/"},"author":{"name":"Jeanette","@id":"https:\/\/www.eldiario.net\/portal\/#\/schema\/person\/2c57cf2b7a7ae032e449e4c9b1019eac"},"headline":"Empresarios esperan que ASP-B facilite el comercio por Arica","datePublished":"2021-08-25T10:38:15+00:00","mainEntityOfPage":{"@id":"https:\/\/www.eldiario.net\/portal\/2021\/08\/25\/empresarios-esperan-que-asp-b-facilite-el-comercio-por-arica\/"},"wordCount":748,"publisher":{"@id":"https:\/\/www.eldiario.net\/portal\/#organization"},"image":{"@id":"https:\/\/www.eldiario.net\/portal\/2021\/08\/25\/empresarios-esperan-que-asp-b-facilite-el-comercio-por-arica\/#primaryimage"},"thumbnailUrl":"https:\/\/www.eldiario.net\/portal\/wp-content\/uploads\/2021\/08\/arica-3.jpg","articleSection":["Econom\u00eda"],"inLanguage":"es"},{"@type":"WebPage","@id":"https:\/\/www.eldiario.net\/portal\/2021\/08\/25\/empresarios-esperan-que-asp-b-facilite-el-comercio-por-arica\/","url":"https:\/\/www.eldiario.net\/portal\/2021\/08\/25\/empresarios-esperan-que-asp-b-facilite-el-comercio-por-arica\/","name":"Empresarios esperan que ASP-B facilite el comercio por Arica - El Diario - Bolivia","isPartOf":{"@id":"https:\/\/www.eldiario.net\/portal\/#website"},"primaryImageOfPage":{"@id":"https:\/\/www.eldiario.net\/portal\/2021\/08\/25\/empresarios-esperan-que-asp-b-facilite-el-comercio-por-arica\/#primaryimage"},"image":{"@id":"https:\/\/www.eldiario.net\/portal\/2021\/08\/25\/empresarios-esperan-que-asp-b-facilite-el-comercio-por-arica\/#primaryimage"},"thumbnailUrl":"https:\/\/www.eldiario.net\/portal\/wp-content\/uploads\/2021\/08\/arica-3.jpg","datePublished":"2021-08-25T10:38:15+00:00","breadcrumb":{"@id":"https:\/\/www.eldiario.net\/portal\/2021\/08\/25\/empresarios-esperan-que-asp-b-facilite-el-comercio-por-arica\/#breadcrumb"},"inLanguage":"es","potentialAction":[{"@type":"ReadAction","target":["https:\/\/www.eldiario.net\/portal\/2021\/08\/25\/empresarios-esperan-que-asp-b-facilite-el-comercio-por-arica\/"]}]},{"@type":"ImageObject","inLanguage":"es","@id":"https:\/\/www.eldiario.net\/portal\/2021\/08\/25\/empresarios-esperan-que-asp-b-facilite-el-comercio-por-arica\/#primaryimage","url":"https:\/\/www.eldiario.net\/portal\/wp-content\/uploads\/2021\/08\/arica-3.jpg","contentUrl":"https:\/\/www.eldiario.net\/portal\/wp-content\/uploads\/2021\/08\/arica-3.jpg","width":1600,"height":1067,"caption":"Presidente de la CNC, Rolando Kempff, suscribe acuerdo con el representante de Cielo Mall, Diego Casas."},{"@type":"BreadcrumbList","@id":"https:\/\/www.eldiario.net\/portal\/2021\/08\/25\/empresarios-esperan-que-asp-b-facilite-el-comercio-por-arica\/#breadcrumb","itemListElement":[{"@type":"ListItem","position":1,"name":"Portada","item":"https:\/\/www.eldiario.net\/portal\/"},{"@type":"ListItem","position":2,"name":"Empresarios esperan que ASP-B facilite el comercio por Arica"}]},{"@type":"WebSite","@id":"https:\/\/www.eldiario.net\/portal\/#website","url":"https:\/\/www.eldiario.net\/portal\/","name":"El Diario - Decano de la prensa nacional","description":"El Diario - Decano de la prensa nacional","publisher":{"@id":"https:\/\/www.eldiario.net\/portal\/#organization"},"potentialAction":[{"@type":"SearchAction","target":{"@type":"EntryPoint","urlTemplate":"https:\/\/www.eldiario.net\/portal\/?s={search_term_string}"},"query-input":{"@type":"PropertyValueSpecification","valueRequired":true,"valueName":"search_term_string"}}],"inLanguage":"es"},{"@type":"Organization","@id":"https:\/\/www.eldiario.net\/portal\/#organization","name":"El Diario - Decano de la prensa nacional","url":"https:\/\/www.eldiario.net\/portal\/","logo":{"@type":"ImageObject","inLanguage":"es","@id":"https:\/\/www.eldiario.net\/portal\/#\/schema\/logo\/image\/","url":"https:\/\/www.eldiario.net\/portal\/wp-content\/uploads\/2023\/07\/logo_ED.jpg","contentUrl":"https:\/\/www.eldiario.net\/portal\/wp-content\/uploads\/2023\/07\/logo_ED.jpg","width":272,"height":52,"caption":"El Diario - Decano de la prensa nacional"},"image":{"@id":"https:\/\/www.eldiario.net\/portal\/#\/schema\/logo\/image\/"},"sameAs":["https:\/\/www.facebook.com\/eldiario.bolivia\/","https:\/\/x.com\/eldiario_net"]},{"@type":"Person","@id":"https:\/\/www.eldiario.net\/portal\/#\/schema\/person\/2c57cf2b7a7ae032e449e4c9b1019eac","name":"Jeanette","image":{"@type":"ImageObject","inLanguage":"es","@id":"https:\/\/secure.gravatar.com\/avatar\/3ea2118a5f7dad2b7138b1187a6b7ee55f160b9968b66013c3a3ef39dd7e5798?s=96&d=mm&r=g","url":"https:\/\/secure.gravatar.com\/avatar\/3ea2118a5f7dad2b7138b1187a6b7ee55f160b9968b66013c3a3ef39dd7e5798?s=96&d=mm&r=g","contentUrl":"https:\/\/secure.gravatar.com\/avatar\/3ea2118a5f7dad2b7138b1187a6b7ee55f160b9968b66013c3a3ef39dd7e5798?s=96&d=mm&r=g","caption":"Jeanette"},"sameAs":["https:\/\/www.eldiario.net\/portal"],"url":"https:\/\/www.eldiario.net\/portal\/author\/jeanette\/"}]}},"_links":{"self":[{"href":"https:\/\/www.eldiario.net\/portal\/wp-json\/wp\/v2\/posts\/25574","targetHints":{"allow":["GET"]}}],"collection":[{"href":"https:\/\/www.eldiario.net\/portal\/wp-json\/wp\/v2\/posts"}],"about":[{"href":"https:\/\/www.eldiario.net\/portal\/wp-json\/wp\/v2\/types\/post"}],"author":[{"embeddable":true,"href":"https:\/\/www.eldiario.net\/portal\/wp-json\/wp\/v2\/users\/1"}],"replies":[{"embeddable":true,"href":"https:\/\/www.eldiario.net\/portal\/wp-json\/wp\/v2\/comments?post=25574"}],"version-history":[{"count":0,"href":"https:\/\/www.eldiario.net\/portal\/wp-json\/wp\/v2\/posts\/25574\/revisions"}],"wp:featuredmedia":[{"embeddable":true,"href":"https:\/\/www.eldiario.net\/portal\/wp-json\/wp\/v2\/media\/25575"}],"wp:attachment":[{"href":"https:\/\/www.eldiario.net\/portal\/wp-json\/wp\/v2\/media?parent=25574"}],"wp:term":[{"taxonomy":"category","embeddable":true,"href":"https:\/\/www.eldiario.net\/portal\/wp-json\/wp\/v2\/categories?post=25574"},{"taxonomy":"post_tag","embeddable":true,"href":"https:\/\/www.eldiario.net\/portal\/wp-json\/wp\/v2\/tags?post=25574"}],"curies":[{"name":"wp","href":"https:\/\/api.w.org\/{rel}","templated":true}]}}