{"id":255739,"date":"2024-10-22T05:57:18","date_gmt":"2024-10-22T09:57:18","guid":{"rendered":"https:\/\/www.eldiario.net\/portal\/?p=255739"},"modified":"2024-10-22T05:57:18","modified_gmt":"2024-10-22T09:57:18","slug":"la-habana-restablece-el-80-del-servicio-electrico","status":"publish","type":"post","link":"https:\/\/www.eldiario.net\/portal\/2024\/10\/22\/la-habana-restablece-el-80-del-servicio-electrico\/","title":{"rendered":"La Habana restablece el 80% del servicio el\u00e9ctrico"},"content":{"rendered":"<p>Cerca del 80% de La Habana ten\u00eda servicio el\u00e9ctrico al mediod\u00eda de ayer por primera vez desde el viernes, si bien la mayor parte de Cuba permanece a oscuras tras la ca\u00edda completa del sistema el\u00e9ctrico nacional en tres ocasiones a partir de esa jornada.<\/p>\n<p>Seg\u00fan la estatal Uni\u00f3n El\u00e9ctrica (UNE), \u00abse trabaja para lograr que m\u00e1s clientes tengan servicio el\u00e9ctrico, dependiendo de las capacidades de generaci\u00f3n se podr\u00e1. Pedimos a la poblaci\u00f3n que tengan confianza en nuestras tropas, no descansaremos hasta que el 100% de los habaneros tengan servicio el\u00e9ctrico\u00bb, se\u00f1al\u00f3 a trav\u00e9s de su canal de Telegram.<\/p>\n<p>No obstante, aclar\u00f3 en otra nota: \u00abLe pedimos a la poblaci\u00f3n que en estos momentos tienen servicio que emplee pr\u00e1cticas de ahorro de energ\u00eda el\u00e9ctrica en el hogar\u00bb.<\/p>\n<p>Diario de Cuba confirm\u00f3 con residentes en la capital cubana la existencia de fluido el\u00e9ctrico en barriadas de Marianao, el Vedado y Centro Habana.<\/p>\n<p>En declaraciones a la televisi\u00f3n cubana, el ministro de Energ\u00eda y Minas, Vicente de la O Levy, se\u00f1al\u00f3 que el suministro de energ\u00eda en la zona occidental incluye el uso de fuentes de generaci\u00f3n como Energ\u00e1s Boca de Jaruco, las patanas rentadas a la empresa turca Karadeniz Holding fondeadas en la bah\u00eda de La Habana, as\u00ed como las fuentes de generaci\u00f3n de Mariel.<\/p>\n<p>\u00abEn estos momentos, est\u00e1n todas las unidades de Energ\u00e1s listas, sincronizadas todas, menos una. Eso nos permiti\u00f3 llegar hasta La Habana y arrancar las patanas de la bah\u00eda; seguir a trav\u00e9s de las subestaciones de La Habana y llegar hasta Mariel; arrancar una unidad de Mariel de la termoel\u00e9ctrica; esa unidad dio vapor a los emplazamientos y a las patanas; y ya tenemos hoy el emplazamiento de Mariel y las patanas sincronizadas\u00bb, asegur\u00f3 el funcionario, mencionado por Cubadebate.<\/p>\n<p>Pero, advirti\u00f3, por las condiciones actuales del microsistema occidental, no es posible hacer rotaciones en La Habana.<\/p>\n<p>\u00abNos vamos a mantener as\u00ed hasta las dos o tres de la tarde. Va a haber un peque\u00f1o incremento entre un 1 \u00f3 2% m\u00e1s en La Habana. Luego de las tres de la tarde va a ver una incorporaci\u00f3n grande, porque se va a incorporar Guiteras y lo vamos a hacer despacio, para no incorporar mucha carga de manera violenta\u00bb, explic\u00f3.<\/p>\n<p>De la O Levy Inform\u00f3 que ya sincroniz\u00f3 Nuevitas 5, lo cual mejorar\u00e1 el suministro a la zona oriental, que desde la noche del domingo est\u00e1 bajo el azote de la ahora tormenta tropical Oscar.<\/p>\n<p>\u00abGranma tiene una mejor situaci\u00f3n, porque logr\u00f3 mantener un micro isla de generaci\u00f3n y llega a m\u00e1s del 40% de los clientes. Entre Nuevitas, Granma, lo que se est\u00e1 transfiriendo y la patana de Santiago de Cuba, se comenzar\u00e1 el arranque de las termoel\u00e9ctricas de Rent\u00e9 y luego Felton\u00bb, apunt\u00f3.<\/p>\n<p>Advirti\u00f3 que aunque el fen\u00f3meno meteorol\u00f3gico no est\u00e9 pasando directamente sobre Felton, en Holgu\u00edn, o Santiago de Cuba, el viento pueden afectar las l\u00edneas el\u00e9ctricas de 220Kv, justificando as\u00ed que esa termoel\u00e9ctrica no est\u00e9 en proceso de arranque.<\/p>\n<p>\u00abLo menos que queremos es que por el deterioro en una l\u00ednea se nos caiga el sistema. Estamos levantando el sistema mucho m\u00e1s lento, no se incorporar\u00e1n clientes de manera brusca\u00bb, sostuvo.<\/p>\n<p>Sin embargo, el propio reporte de Cubadebate se\u00f1al\u00f3 que aunque en La Habana hay 508MW en servicio, a\u00fan hay dos hospitales en apag\u00f3n. El reporte no indic\u00f3 cu\u00e1les.<\/p>\n<p>El primer apag\u00f3n total se registr\u00f3 el viernes \u00faltimo poco despu\u00e9s de las 11:00 a.m., luego de la salida de operaciones \u00abimprevista\u00bb de la Termoel\u00e9ctrica Antonio Guiteras, de Matanzas, una de las mayores del pa\u00eds y considerada clave para la estabilidad del sistema electroenerg\u00e9tico nacional.<\/p>\n<p>A partir del propio viernes se produjeron protestas en varios poblados de la Isla, que la noche del domingo comenzaron a generalizarse. Los manifestantes corearon consignas contra el r\u00e9gimen. Como es habitual, Miguel D\u00edaz-Canel amenaz\u00f3 a quienes protestan con reprimirlos.<\/p>\n<p>\u00abNo vamos a permitir hechos vand\u00e1licos y mucho menos alterar la tranquilidad ciudadana de nuestro pueblo, eso es una convicci\u00f3n y un principio de nuestra revoluci\u00f3n\u00bb, se\u00f1al\u00f3. No obstante, las autoridades no tomaron medidas para llevar alimentos a los habitantes de la Isla, muchos de los cuales perdieron lo poco de comida que ten\u00edan. (DDC)<\/p>\n","protected":false},"excerpt":{"rendered":"<p>Cerca del 80% de La Habana ten\u00eda servicio el\u00e9ctrico al mediod\u00eda de ayer por primera vez desde el viernes, si bien la mayor parte de Cuba permanece a oscuras tras la ca\u00edda completa del sistema el\u00e9ctrico nacional en tres ocasiones a partir de esa jornada. Seg\u00fan la estatal Uni\u00f3n El\u00e9ctrica (UNE), \u00abse trabaja para lograr [&hellip;]<\/p>\n","protected":false},"author":1,"featured_media":255740,"comment_status":"closed","ping_status":"open","sticky":false,"template":"","format":"standard","meta":{"_acf_changed":false,"footnotes":""},"categories":[3],"tags":[],"class_list":["post-255739","post","type-post","status-publish","format-standard","has-post-thumbnail","category-internacional"],"acf":{"antetitulo":"Tras tercer d\u00eda en oscuridad"},"yoast_head":"<!-- This site is optimized with the Yoast SEO plugin v28.3 - https:\/\/yoast.com\/product\/yoast-seo-wordpress\/ -->\n<title>La Habana restablece el 80% del servicio el\u00e9ctrico - El Diario - Bolivia<\/title>\n<meta name=\"robots\" content=\"index, follow, max-snippet:-1, max-image-preview:large, max-video-preview:-1\" \/>\n<link rel=\"canonical\" href=\"https:\/\/www.eldiario.net\/portal\/2024\/10\/22\/la-habana-restablece-el-80-del-servicio-electrico\/\" \/>\n<meta property=\"og:locale\" content=\"es_ES\" \/>\n<meta property=\"og:type\" content=\"article\" \/>\n<meta property=\"og:title\" content=\"La Habana restablece el 80% del servicio el\u00e9ctrico - El Diario - Bolivia\" \/>\n<meta property=\"og:description\" content=\"Cerca del 80% de La Habana ten\u00eda servicio el\u00e9ctrico al mediod\u00eda de ayer por primera vez desde el viernes, si bien la mayor parte de Cuba permanece a oscuras tras la ca\u00edda completa del sistema el\u00e9ctrico nacional en tres ocasiones a partir de esa jornada. Seg\u00fan la estatal Uni\u00f3n El\u00e9ctrica (UNE), \u00abse trabaja para lograr [&hellip;]\" \/>\n<meta property=\"og:url\" content=\"https:\/\/www.eldiario.net\/portal\/2024\/10\/22\/la-habana-restablece-el-80-del-servicio-electrico\/\" \/>\n<meta property=\"og:site_name\" content=\"El Diario - Bolivia\" \/>\n<meta property=\"article:publisher\" content=\"https:\/\/www.facebook.com\/eldiario.bolivia\/\" \/>\n<meta property=\"article:published_time\" content=\"2024-10-22T09:57:18+00:00\" \/>\n<meta property=\"og:image\" content=\"https:\/\/www.eldiario.net\/portal\/wp-content\/uploads\/2024\/10\/HABANA-FOTO.jpg\" \/>\n\t<meta property=\"og:image:width\" content=\"1200\" \/>\n\t<meta property=\"og:image:height\" content=\"525\" \/>\n\t<meta property=\"og:image:type\" content=\"image\/jpeg\" \/>\n<meta name=\"author\" content=\"Jeanette\" \/>\n<meta name=\"twitter:card\" content=\"summary_large_image\" \/>\n<meta name=\"twitter:creator\" content=\"@eldiario_net\" \/>\n<meta name=\"twitter:site\" content=\"@eldiario_net\" \/>\n<meta name=\"twitter:label1\" content=\"Escrito por\" \/>\n\t<meta name=\"twitter:data1\" content=\"Jeanette\" \/>\n\t<meta name=\"twitter:label2\" content=\"Tiempo de lectura\" \/>\n\t<meta name=\"twitter:data2\" content=\"4 minutos\" \/>\n<script type=\"application\/ld+json\" class=\"yoast-schema-graph\">{\"@context\":\"https:\\\/\\\/schema.org\",\"@graph\":[{\"@type\":\"Article\",\"@id\":\"https:\\\/\\\/www.eldiario.net\\\/portal\\\/2024\\\/10\\\/22\\\/la-habana-restablece-el-80-del-servicio-electrico\\\/#article\",\"isPartOf\":{\"@id\":\"https:\\\/\\\/www.eldiario.net\\\/portal\\\/2024\\\/10\\\/22\\\/la-habana-restablece-el-80-del-servicio-electrico\\\/\"},\"author\":{\"name\":\"Jeanette\",\"@id\":\"https:\\\/\\\/www.eldiario.net\\\/portal\\\/#\\\/schema\\\/person\\\/f46445640444750d7d753ccd04ae01b7\"},\"headline\":\"La Habana restablece el 80% del servicio el\u00e9ctrico\",\"datePublished\":\"2024-10-22T09:57:18+00:00\",\"mainEntityOfPage\":{\"@id\":\"https:\\\/\\\/www.eldiario.net\\\/portal\\\/2024\\\/10\\\/22\\\/la-habana-restablece-el-80-del-servicio-electrico\\\/\"},\"wordCount\":760,\"publisher\":{\"@id\":\"https:\\\/\\\/www.eldiario.net\\\/portal\\\/#organization\"},\"image\":{\"@id\":\"https:\\\/\\\/www.eldiario.net\\\/portal\\\/2024\\\/10\\\/22\\\/la-habana-restablece-el-80-del-servicio-electrico\\\/#primaryimage\"},\"thumbnailUrl\":\"https:\\\/\\\/www.eldiario.net\\\/portal\\\/wp-content\\\/uploads\\\/2024\\\/10\\\/HABANA-FOTO.jpg\",\"articleSection\":[\"Internacional\"],\"inLanguage\":\"es\"},{\"@type\":\"WebPage\",\"@id\":\"https:\\\/\\\/www.eldiario.net\\\/portal\\\/2024\\\/10\\\/22\\\/la-habana-restablece-el-80-del-servicio-electrico\\\/\",\"url\":\"https:\\\/\\\/www.eldiario.net\\\/portal\\\/2024\\\/10\\\/22\\\/la-habana-restablece-el-80-del-servicio-electrico\\\/\",\"name\":\"La Habana restablece el 80% del servicio el\u00e9ctrico - El Diario - Bolivia\",\"isPartOf\":{\"@id\":\"https:\\\/\\\/www.eldiario.net\\\/portal\\\/#website\"},\"primaryImageOfPage\":{\"@id\":\"https:\\\/\\\/www.eldiario.net\\\/portal\\\/2024\\\/10\\\/22\\\/la-habana-restablece-el-80-del-servicio-electrico\\\/#primaryimage\"},\"image\":{\"@id\":\"https:\\\/\\\/www.eldiario.net\\\/portal\\\/2024\\\/10\\\/22\\\/la-habana-restablece-el-80-del-servicio-electrico\\\/#primaryimage\"},\"thumbnailUrl\":\"https:\\\/\\\/www.eldiario.net\\\/portal\\\/wp-content\\\/uploads\\\/2024\\\/10\\\/HABANA-FOTO.jpg\",\"datePublished\":\"2024-10-22T09:57:18+00:00\",\"breadcrumb\":{\"@id\":\"https:\\\/\\\/www.eldiario.net\\\/portal\\\/2024\\\/10\\\/22\\\/la-habana-restablece-el-80-del-servicio-electrico\\\/#breadcrumb\"},\"inLanguage\":\"es\",\"potentialAction\":[{\"@type\":\"ReadAction\",\"target\":[\"https:\\\/\\\/www.eldiario.net\\\/portal\\\/2024\\\/10\\\/22\\\/la-habana-restablece-el-80-del-servicio-electrico\\\/\"]}]},{\"@type\":\"ImageObject\",\"inLanguage\":\"es\",\"@id\":\"https:\\\/\\\/www.eldiario.net\\\/portal\\\/2024\\\/10\\\/22\\\/la-habana-restablece-el-80-del-servicio-electrico\\\/#primaryimage\",\"url\":\"https:\\\/\\\/www.eldiario.net\\\/portal\\\/wp-content\\\/uploads\\\/2024\\\/10\\\/HABANA-FOTO.jpg\",\"contentUrl\":\"https:\\\/\\\/www.eldiario.net\\\/portal\\\/wp-content\\\/uploads\\\/2024\\\/10\\\/HABANA-FOTO.jpg\",\"width\":1200,\"height\":525,\"caption\":\"La Habana a oscuras tras los apagones. CREDITO: Reuters\"},{\"@type\":\"BreadcrumbList\",\"@id\":\"https:\\\/\\\/www.eldiario.net\\\/portal\\\/2024\\\/10\\\/22\\\/la-habana-restablece-el-80-del-servicio-electrico\\\/#breadcrumb\",\"itemListElement\":[{\"@type\":\"ListItem\",\"position\":1,\"name\":\"Portada\",\"item\":\"https:\\\/\\\/www.eldiario.net\\\/portal\\\/\"},{\"@type\":\"ListItem\",\"position\":2,\"name\":\"La Habana restablece el 80% del servicio el\u00e9ctrico\"}]},{\"@type\":\"WebSite\",\"@id\":\"https:\\\/\\\/www.eldiario.net\\\/portal\\\/#website\",\"url\":\"https:\\\/\\\/www.eldiario.net\\\/portal\\\/\",\"name\":\"El Diario - Decano de la prensa nacional\",\"description\":\"El Diario - Decano de la prensa nacional\",\"publisher\":{\"@id\":\"https:\\\/\\\/www.eldiario.net\\\/portal\\\/#organization\"},\"potentialAction\":[{\"@type\":\"SearchAction\",\"target\":{\"@type\":\"EntryPoint\",\"urlTemplate\":\"https:\\\/\\\/www.eldiario.net\\\/portal\\\/?s={search_term_string}\"},\"query-input\":{\"@type\":\"PropertyValueSpecification\",\"valueRequired\":true,\"valueName\":\"search_term_string\"}}],\"inLanguage\":\"es\"},{\"@type\":\"Organization\",\"@id\":\"https:\\\/\\\/www.eldiario.net\\\/portal\\\/#organization\",\"name\":\"El Diario - Decano de la prensa nacional\",\"url\":\"https:\\\/\\\/www.eldiario.net\\\/portal\\\/\",\"logo\":{\"@type\":\"ImageObject\",\"inLanguage\":\"es\",\"@id\":\"https:\\\/\\\/www.eldiario.net\\\/portal\\\/#\\\/schema\\\/logo\\\/image\\\/\",\"url\":\"https:\\\/\\\/www.eldiario.net\\\/portal\\\/wp-content\\\/uploads\\\/2023\\\/07\\\/logo_ED.jpg\",\"contentUrl\":\"https:\\\/\\\/www.eldiario.net\\\/portal\\\/wp-content\\\/uploads\\\/2023\\\/07\\\/logo_ED.jpg\",\"width\":272,\"height\":52,\"caption\":\"El Diario - Decano de la prensa nacional\"},\"image\":{\"@id\":\"https:\\\/\\\/www.eldiario.net\\\/portal\\\/#\\\/schema\\\/logo\\\/image\\\/\"},\"sameAs\":[\"https:\\\/\\\/www.facebook.com\\\/eldiario.bolivia\\\/\",\"https:\\\/\\\/x.com\\\/eldiario_net\"]},{\"@type\":\"Person\",\"@id\":\"https:\\\/\\\/www.eldiario.net\\\/portal\\\/#\\\/schema\\\/person\\\/f46445640444750d7d753ccd04ae01b7\",\"name\":\"Jeanette\",\"image\":{\"@type\":\"ImageObject\",\"inLanguage\":\"es\",\"@id\":\"https:\\\/\\\/secure.gravatar.com\\\/avatar\\\/3ea2118a5f7dad2b7138b1187a6b7ee55f160b9968b66013c3a3ef39dd7e5798?s=96&d=mm&r=g\",\"url\":\"https:\\\/\\\/secure.gravatar.com\\\/avatar\\\/3ea2118a5f7dad2b7138b1187a6b7ee55f160b9968b66013c3a3ef39dd7e5798?s=96&d=mm&r=g\",\"contentUrl\":\"https:\\\/\\\/secure.gravatar.com\\\/avatar\\\/3ea2118a5f7dad2b7138b1187a6b7ee55f160b9968b66013c3a3ef39dd7e5798?s=96&d=mm&r=g\",\"caption\":\"Jeanette\"},\"sameAs\":[\"https:\\\/\\\/www.eldiario.net\\\/portal\"],\"url\":\"https:\\\/\\\/www.eldiario.net\\\/portal\\\/author\\\/jeanette\\\/\"}]}<\/script>\n<!-- \/ Yoast SEO plugin. -->","yoast_head_json":{"title":"La Habana restablece el 80% del servicio el\u00e9ctrico - El Diario - Bolivia","robots":{"index":"index","follow":"follow","max-snippet":"max-snippet:-1","max-image-preview":"max-image-preview:large","max-video-preview":"max-video-preview:-1"},"canonical":"https:\/\/www.eldiario.net\/portal\/2024\/10\/22\/la-habana-restablece-el-80-del-servicio-electrico\/","og_locale":"es_ES","og_type":"article","og_title":"La Habana restablece el 80% del servicio el\u00e9ctrico - El Diario - Bolivia","og_description":"Cerca del 80% de La Habana ten\u00eda servicio el\u00e9ctrico al mediod\u00eda de ayer por primera vez desde el viernes, si bien la mayor parte de Cuba permanece a oscuras tras la ca\u00edda completa del sistema el\u00e9ctrico nacional en tres ocasiones a partir de esa jornada. Seg\u00fan la estatal Uni\u00f3n El\u00e9ctrica (UNE), \u00abse trabaja para lograr [&hellip;]","og_url":"https:\/\/www.eldiario.net\/portal\/2024\/10\/22\/la-habana-restablece-el-80-del-servicio-electrico\/","og_site_name":"El Diario - Bolivia","article_publisher":"https:\/\/www.facebook.com\/eldiario.bolivia\/","article_published_time":"2024-10-22T09:57:18+00:00","og_image":[{"width":1200,"height":525,"url":"https:\/\/www.eldiario.net\/portal\/wp-content\/uploads\/2024\/10\/HABANA-FOTO.jpg","type":"image\/jpeg"}],"author":"Jeanette","twitter_card":"summary_large_image","twitter_creator":"@eldiario_net","twitter_site":"@eldiario_net","twitter_misc":{"Escrito por":"Jeanette","Tiempo de lectura":"4 minutos"},"schema":{"@context":"https:\/\/schema.org","@graph":[{"@type":"Article","@id":"https:\/\/www.eldiario.net\/portal\/2024\/10\/22\/la-habana-restablece-el-80-del-servicio-electrico\/#article","isPartOf":{"@id":"https:\/\/www.eldiario.net\/portal\/2024\/10\/22\/la-habana-restablece-el-80-del-servicio-electrico\/"},"author":{"name":"Jeanette","@id":"https:\/\/www.eldiario.net\/portal\/#\/schema\/person\/f46445640444750d7d753ccd04ae01b7"},"headline":"La Habana restablece el 80% del servicio el\u00e9ctrico","datePublished":"2024-10-22T09:57:18+00:00","mainEntityOfPage":{"@id":"https:\/\/www.eldiario.net\/portal\/2024\/10\/22\/la-habana-restablece-el-80-del-servicio-electrico\/"},"wordCount":760,"publisher":{"@id":"https:\/\/www.eldiario.net\/portal\/#organization"},"image":{"@id":"https:\/\/www.eldiario.net\/portal\/2024\/10\/22\/la-habana-restablece-el-80-del-servicio-electrico\/#primaryimage"},"thumbnailUrl":"https:\/\/www.eldiario.net\/portal\/wp-content\/uploads\/2024\/10\/HABANA-FOTO.jpg","articleSection":["Internacional"],"inLanguage":"es"},{"@type":"WebPage","@id":"https:\/\/www.eldiario.net\/portal\/2024\/10\/22\/la-habana-restablece-el-80-del-servicio-electrico\/","url":"https:\/\/www.eldiario.net\/portal\/2024\/10\/22\/la-habana-restablece-el-80-del-servicio-electrico\/","name":"La Habana restablece el 80% del servicio el\u00e9ctrico - El Diario - Bolivia","isPartOf":{"@id":"https:\/\/www.eldiario.net\/portal\/#website"},"primaryImageOfPage":{"@id":"https:\/\/www.eldiario.net\/portal\/2024\/10\/22\/la-habana-restablece-el-80-del-servicio-electrico\/#primaryimage"},"image":{"@id":"https:\/\/www.eldiario.net\/portal\/2024\/10\/22\/la-habana-restablece-el-80-del-servicio-electrico\/#primaryimage"},"thumbnailUrl":"https:\/\/www.eldiario.net\/portal\/wp-content\/uploads\/2024\/10\/HABANA-FOTO.jpg","datePublished":"2024-10-22T09:57:18+00:00","breadcrumb":{"@id":"https:\/\/www.eldiario.net\/portal\/2024\/10\/22\/la-habana-restablece-el-80-del-servicio-electrico\/#breadcrumb"},"inLanguage":"es","potentialAction":[{"@type":"ReadAction","target":["https:\/\/www.eldiario.net\/portal\/2024\/10\/22\/la-habana-restablece-el-80-del-servicio-electrico\/"]}]},{"@type":"ImageObject","inLanguage":"es","@id":"https:\/\/www.eldiario.net\/portal\/2024\/10\/22\/la-habana-restablece-el-80-del-servicio-electrico\/#primaryimage","url":"https:\/\/www.eldiario.net\/portal\/wp-content\/uploads\/2024\/10\/HABANA-FOTO.jpg","contentUrl":"https:\/\/www.eldiario.net\/portal\/wp-content\/uploads\/2024\/10\/HABANA-FOTO.jpg","width":1200,"height":525,"caption":"La Habana a oscuras tras los apagones. CREDITO: Reuters"},{"@type":"BreadcrumbList","@id":"https:\/\/www.eldiario.net\/portal\/2024\/10\/22\/la-habana-restablece-el-80-del-servicio-electrico\/#breadcrumb","itemListElement":[{"@type":"ListItem","position":1,"name":"Portada","item":"https:\/\/www.eldiario.net\/portal\/"},{"@type":"ListItem","position":2,"name":"La Habana restablece el 80% del servicio el\u00e9ctrico"}]},{"@type":"WebSite","@id":"https:\/\/www.eldiario.net\/portal\/#website","url":"https:\/\/www.eldiario.net\/portal\/","name":"El Diario - Decano de la prensa nacional","description":"El Diario - Decano de la prensa nacional","publisher":{"@id":"https:\/\/www.eldiario.net\/portal\/#organization"},"potentialAction":[{"@type":"SearchAction","target":{"@type":"EntryPoint","urlTemplate":"https:\/\/www.eldiario.net\/portal\/?s={search_term_string}"},"query-input":{"@type":"PropertyValueSpecification","valueRequired":true,"valueName":"search_term_string"}}],"inLanguage":"es"},{"@type":"Organization","@id":"https:\/\/www.eldiario.net\/portal\/#organization","name":"El Diario - Decano de la prensa nacional","url":"https:\/\/www.eldiario.net\/portal\/","logo":{"@type":"ImageObject","inLanguage":"es","@id":"https:\/\/www.eldiario.net\/portal\/#\/schema\/logo\/image\/","url":"https:\/\/www.eldiario.net\/portal\/wp-content\/uploads\/2023\/07\/logo_ED.jpg","contentUrl":"https:\/\/www.eldiario.net\/portal\/wp-content\/uploads\/2023\/07\/logo_ED.jpg","width":272,"height":52,"caption":"El Diario - Decano de la prensa nacional"},"image":{"@id":"https:\/\/www.eldiario.net\/portal\/#\/schema\/logo\/image\/"},"sameAs":["https:\/\/www.facebook.com\/eldiario.bolivia\/","https:\/\/x.com\/eldiario_net"]},{"@type":"Person","@id":"https:\/\/www.eldiario.net\/portal\/#\/schema\/person\/f46445640444750d7d753ccd04ae01b7","name":"Jeanette","image":{"@type":"ImageObject","inLanguage":"es","@id":"https:\/\/secure.gravatar.com\/avatar\/3ea2118a5f7dad2b7138b1187a6b7ee55f160b9968b66013c3a3ef39dd7e5798?s=96&d=mm&r=g","url":"https:\/\/secure.gravatar.com\/avatar\/3ea2118a5f7dad2b7138b1187a6b7ee55f160b9968b66013c3a3ef39dd7e5798?s=96&d=mm&r=g","contentUrl":"https:\/\/secure.gravatar.com\/avatar\/3ea2118a5f7dad2b7138b1187a6b7ee55f160b9968b66013c3a3ef39dd7e5798?s=96&d=mm&r=g","caption":"Jeanette"},"sameAs":["https:\/\/www.eldiario.net\/portal"],"url":"https:\/\/www.eldiario.net\/portal\/author\/jeanette\/"}]}},"_links":{"self":[{"href":"https:\/\/www.eldiario.net\/portal\/wp-json\/wp\/v2\/posts\/255739","targetHints":{"allow":["GET"]}}],"collection":[{"href":"https:\/\/www.eldiario.net\/portal\/wp-json\/wp\/v2\/posts"}],"about":[{"href":"https:\/\/www.eldiario.net\/portal\/wp-json\/wp\/v2\/types\/post"}],"author":[{"embeddable":true,"href":"https:\/\/www.eldiario.net\/portal\/wp-json\/wp\/v2\/users\/1"}],"replies":[{"embeddable":true,"href":"https:\/\/www.eldiario.net\/portal\/wp-json\/wp\/v2\/comments?post=255739"}],"version-history":[{"count":1,"href":"https:\/\/www.eldiario.net\/portal\/wp-json\/wp\/v2\/posts\/255739\/revisions"}],"predecessor-version":[{"id":255741,"href":"https:\/\/www.eldiario.net\/portal\/wp-json\/wp\/v2\/posts\/255739\/revisions\/255741"}],"wp:featuredmedia":[{"embeddable":true,"href":"https:\/\/www.eldiario.net\/portal\/wp-json\/wp\/v2\/media\/255740"}],"wp:attachment":[{"href":"https:\/\/www.eldiario.net\/portal\/wp-json\/wp\/v2\/media?parent=255739"}],"wp:term":[{"taxonomy":"category","embeddable":true,"href":"https:\/\/www.eldiario.net\/portal\/wp-json\/wp\/v2\/categories?post=255739"},{"taxonomy":"post_tag","embeddable":true,"href":"https:\/\/www.eldiario.net\/portal\/wp-json\/wp\/v2\/tags?post=255739"}],"curies":[{"name":"wp","href":"https:\/\/api.w.org\/{rel}","templated":true}]}}