{"id":255736,"date":"2024-10-22T05:56:39","date_gmt":"2024-10-22T09:56:39","guid":{"rendered":"https:\/\/www.eldiario.net\/portal\/?p=255736"},"modified":"2024-10-22T05:56:39","modified_gmt":"2024-10-22T09:56:39","slug":"israel-ataca-sucursales-de-la-banca-de-hezbola-en-libano","status":"publish","type":"post","link":"https:\/\/www.eldiario.net\/portal\/2024\/10\/22\/israel-ataca-sucursales-de-la-banca-de-hezbola-en-libano\/","title":{"rendered":"Israel ataca sucursales de la  banca de Hezbol\u00e1 en L\u00edbano"},"content":{"rendered":"<p>El Ej\u00e9rcito israel\u00ed atac\u00f3 decenas de oficinas y sucursales de la entidad financiera Qard al Has\u00e1n, utilizada por el grupo chi\u00ed Hezbol\u00e1 para pagar los salarios de sus combatientes, en una serie de bombardeos por todo L\u00edbano, concentrados especialmente en Beirut y en el sur del pa\u00eds.<\/p>\n<p>Las fuerzas israel\u00edes aseguraron en un comunicado que Hezbol\u00e1, agrupaci\u00f3n calificada como terrorista por la Uni\u00f3n Europea y varios pa\u00edses m\u00e1s, almacena miles de millones de d\u00f3lares a su propio nombre en las sucursales de la entidad, que despu\u00e9s utiliza para comprar armas o pagar a sus miembros.<\/p>\n<p>\u00abBeirut en llamas\u201d, escribi\u00f3 en su cuenta de la red social X el ministro de Exteriores israel\u00ed, Israel Katz, junto a una fotograf\u00eda de una explosi\u00f3n en un edificio de la capital libanesa. El ministro indic\u00f3 que Israel lanz\u00f3 ataques sobre unos 15 edificios en Beirut que pertenec\u00edan a la entidad.<\/p>\n<p>El Ej\u00e9rcito asegur\u00f3 que sus ataques van dirigidos a \u00abdegradar\u201d al grupo chi\u00ed y a impedir que se recomponga, despu\u00e9s de un mes de intensos ataques en L\u00edbano que dejaron m\u00e1s de un millar de muertos.<\/p>\n<p>&nbsp;<\/p>\n<p>INFORMARON A LA POBLACI\u00d3N<\/p>\n<p>Poco antes, las fuerzas israel\u00edes lanzaron avisos a la poblaci\u00f3n libanesa para que se alejaran de las sucursales de la entidad, ya que pronto ser\u00edan atacadas. \u00abVamos a atacar el poder econ\u00f3mico de Hezbol\u00e1\u201d, asegur\u00f3 en una rueda de prensa el principal portavoz del Ej\u00e9rcito, el contralmirante Daniel Hagari.<\/p>\n<p>Adem\u00e1s de los bombardeos, las tropas israel\u00edes continuaron con su invasi\u00f3n del sur de L\u00edbano, donde ayer localizaron y desmantelaron armamento del grupo chi\u00ed almacenado junto a la frontera, como lanzacohetes o explosivos, y mataron a varios combatientes \u00abincluidos comandantes\u00bb de la milicia, apoyada por Ir\u00e1n.<\/p>\n<p>Desde que Israel lanz\u00f3 su ofensiva terrestre en el sur de L\u00edbano en la madrugada del 1 de octubre, al menos 24 soldados israel\u00edes murieron en ataques en la frontera (16 en territorio liban\u00e9s y otros 8 en territorio israel\u00ed). Tambi\u00e9n murieron 4 civiles en Israel.<\/p>\n<p>En L\u00edbano murieron m\u00e1s de 2.448 personas en m\u00e1s de un a\u00f1o de fuego cruzado, la mayor\u00eda en el \u00faltimo mes, e Israel asegura que m\u00e1s de 1.500 son milicianos.(Dw)<\/p>\n","protected":false},"excerpt":{"rendered":"<p>El Ej\u00e9rcito israel\u00ed atac\u00f3 decenas de oficinas y sucursales de la entidad financiera Qard al Has\u00e1n, utilizada por el grupo chi\u00ed Hezbol\u00e1 para pagar los salarios de sus combatientes, en una serie de bombardeos por todo L\u00edbano, concentrados especialmente en Beirut y en el sur del pa\u00eds. Las fuerzas israel\u00edes aseguraron en un comunicado que [&hellip;]<\/p>\n","protected":false},"author":1,"featured_media":255737,"comment_status":"closed","ping_status":"open","sticky":false,"template":"","format":"standard","meta":{"_acf_changed":false,"footnotes":""},"categories":[3],"tags":[],"class_list":["post-255736","post","type-post","status-publish","format-standard","has-post-thumbnail","category-internacional"],"acf":{"antetitulo":""},"yoast_head":"<!-- This site is optimized with the Yoast SEO plugin v28.3 - https:\/\/yoast.com\/product\/yoast-seo-wordpress\/ -->\n<title>Israel ataca sucursales de la banca de Hezbol\u00e1 en L\u00edbano - El Diario - Bolivia<\/title>\n<meta name=\"robots\" content=\"index, follow, max-snippet:-1, max-image-preview:large, max-video-preview:-1\" \/>\n<link rel=\"canonical\" href=\"https:\/\/www.eldiario.net\/portal\/2024\/10\/22\/israel-ataca-sucursales-de-la-banca-de-hezbola-en-libano\/\" \/>\n<meta property=\"og:locale\" content=\"es_ES\" \/>\n<meta property=\"og:type\" content=\"article\" \/>\n<meta property=\"og:title\" content=\"Israel ataca sucursales de la banca de Hezbol\u00e1 en L\u00edbano - El Diario - Bolivia\" \/>\n<meta property=\"og:description\" content=\"El Ej\u00e9rcito israel\u00ed atac\u00f3 decenas de oficinas y sucursales de la entidad financiera Qard al Has\u00e1n, utilizada por el grupo chi\u00ed Hezbol\u00e1 para pagar los salarios de sus combatientes, en una serie de bombardeos por todo L\u00edbano, concentrados especialmente en Beirut y en el sur del pa\u00eds. Las fuerzas israel\u00edes aseguraron en un comunicado que [&hellip;]\" \/>\n<meta property=\"og:url\" content=\"https:\/\/www.eldiario.net\/portal\/2024\/10\/22\/israel-ataca-sucursales-de-la-banca-de-hezbola-en-libano\/\" \/>\n<meta property=\"og:site_name\" content=\"El Diario - Bolivia\" \/>\n<meta property=\"article:publisher\" content=\"https:\/\/www.facebook.com\/eldiario.bolivia\/\" \/>\n<meta property=\"article:published_time\" content=\"2024-10-22T09:56:39+00:00\" \/>\n<meta property=\"og:image\" content=\"https:\/\/www.eldiario.net\/portal\/wp-content\/uploads\/2024\/10\/LIBANO-FOTO.jpg\" \/>\n\t<meta property=\"og:image:width\" content=\"1200\" \/>\n\t<meta property=\"og:image:height\" content=\"525\" \/>\n\t<meta property=\"og:image:type\" content=\"image\/jpeg\" \/>\n<meta name=\"author\" content=\"Jeanette\" \/>\n<meta name=\"twitter:card\" content=\"summary_large_image\" \/>\n<meta name=\"twitter:creator\" content=\"@eldiario_net\" \/>\n<meta name=\"twitter:site\" content=\"@eldiario_net\" \/>\n<meta name=\"twitter:label1\" content=\"Escrito por\" \/>\n\t<meta name=\"twitter:data1\" content=\"Jeanette\" \/>\n\t<meta name=\"twitter:label2\" content=\"Tiempo de lectura\" \/>\n\t<meta name=\"twitter:data2\" content=\"2 minutos\" \/>\n<script type=\"application\/ld+json\" class=\"yoast-schema-graph\">{\"@context\":\"https:\\\/\\\/schema.org\",\"@graph\":[{\"@type\":\"Article\",\"@id\":\"https:\\\/\\\/www.eldiario.net\\\/portal\\\/2024\\\/10\\\/22\\\/israel-ataca-sucursales-de-la-banca-de-hezbola-en-libano\\\/#article\",\"isPartOf\":{\"@id\":\"https:\\\/\\\/www.eldiario.net\\\/portal\\\/2024\\\/10\\\/22\\\/israel-ataca-sucursales-de-la-banca-de-hezbola-en-libano\\\/\"},\"author\":{\"name\":\"Jeanette\",\"@id\":\"https:\\\/\\\/www.eldiario.net\\\/portal\\\/#\\\/schema\\\/person\\\/f46445640444750d7d753ccd04ae01b7\"},\"headline\":\"Israel ataca sucursales de la banca de Hezbol\u00e1 en L\u00edbano\",\"datePublished\":\"2024-10-22T09:56:39+00:00\",\"mainEntityOfPage\":{\"@id\":\"https:\\\/\\\/www.eldiario.net\\\/portal\\\/2024\\\/10\\\/22\\\/israel-ataca-sucursales-de-la-banca-de-hezbola-en-libano\\\/\"},\"wordCount\":401,\"publisher\":{\"@id\":\"https:\\\/\\\/www.eldiario.net\\\/portal\\\/#organization\"},\"image\":{\"@id\":\"https:\\\/\\\/www.eldiario.net\\\/portal\\\/2024\\\/10\\\/22\\\/israel-ataca-sucursales-de-la-banca-de-hezbola-en-libano\\\/#primaryimage\"},\"thumbnailUrl\":\"https:\\\/\\\/www.eldiario.net\\\/portal\\\/wp-content\\\/uploads\\\/2024\\\/10\\\/LIBANO-FOTO.jpg\",\"articleSection\":[\"Internacional\"],\"inLanguage\":\"es\"},{\"@type\":\"WebPage\",\"@id\":\"https:\\\/\\\/www.eldiario.net\\\/portal\\\/2024\\\/10\\\/22\\\/israel-ataca-sucursales-de-la-banca-de-hezbola-en-libano\\\/\",\"url\":\"https:\\\/\\\/www.eldiario.net\\\/portal\\\/2024\\\/10\\\/22\\\/israel-ataca-sucursales-de-la-banca-de-hezbola-en-libano\\\/\",\"name\":\"Israel ataca sucursales de la banca de Hezbol\u00e1 en L\u00edbano - El Diario - Bolivia\",\"isPartOf\":{\"@id\":\"https:\\\/\\\/www.eldiario.net\\\/portal\\\/#website\"},\"primaryImageOfPage\":{\"@id\":\"https:\\\/\\\/www.eldiario.net\\\/portal\\\/2024\\\/10\\\/22\\\/israel-ataca-sucursales-de-la-banca-de-hezbola-en-libano\\\/#primaryimage\"},\"image\":{\"@id\":\"https:\\\/\\\/www.eldiario.net\\\/portal\\\/2024\\\/10\\\/22\\\/israel-ataca-sucursales-de-la-banca-de-hezbola-en-libano\\\/#primaryimage\"},\"thumbnailUrl\":\"https:\\\/\\\/www.eldiario.net\\\/portal\\\/wp-content\\\/uploads\\\/2024\\\/10\\\/LIBANO-FOTO.jpg\",\"datePublished\":\"2024-10-22T09:56:39+00:00\",\"breadcrumb\":{\"@id\":\"https:\\\/\\\/www.eldiario.net\\\/portal\\\/2024\\\/10\\\/22\\\/israel-ataca-sucursales-de-la-banca-de-hezbola-en-libano\\\/#breadcrumb\"},\"inLanguage\":\"es\",\"potentialAction\":[{\"@type\":\"ReadAction\",\"target\":[\"https:\\\/\\\/www.eldiario.net\\\/portal\\\/2024\\\/10\\\/22\\\/israel-ataca-sucursales-de-la-banca-de-hezbola-en-libano\\\/\"]}]},{\"@type\":\"ImageObject\",\"inLanguage\":\"es\",\"@id\":\"https:\\\/\\\/www.eldiario.net\\\/portal\\\/2024\\\/10\\\/22\\\/israel-ataca-sucursales-de-la-banca-de-hezbola-en-libano\\\/#primaryimage\",\"url\":\"https:\\\/\\\/www.eldiario.net\\\/portal\\\/wp-content\\\/uploads\\\/2024\\\/10\\\/LIBANO-FOTO.jpg\",\"contentUrl\":\"https:\\\/\\\/www.eldiario.net\\\/portal\\\/wp-content\\\/uploads\\\/2024\\\/10\\\/LIBANO-FOTO.jpg\",\"width\":1200,\"height\":525,\"caption\":\"Las llamas y el humo se elevan tras un ataque israel\u00ed en Dahiyeh, en el suburbio sur de Beirut. CREDITO: Picture Alliance\"},{\"@type\":\"BreadcrumbList\",\"@id\":\"https:\\\/\\\/www.eldiario.net\\\/portal\\\/2024\\\/10\\\/22\\\/israel-ataca-sucursales-de-la-banca-de-hezbola-en-libano\\\/#breadcrumb\",\"itemListElement\":[{\"@type\":\"ListItem\",\"position\":1,\"name\":\"Portada\",\"item\":\"https:\\\/\\\/www.eldiario.net\\\/portal\\\/\"},{\"@type\":\"ListItem\",\"position\":2,\"name\":\"Israel ataca sucursales de la banca de Hezbol\u00e1 en L\u00edbano\"}]},{\"@type\":\"WebSite\",\"@id\":\"https:\\\/\\\/www.eldiario.net\\\/portal\\\/#website\",\"url\":\"https:\\\/\\\/www.eldiario.net\\\/portal\\\/\",\"name\":\"El Diario - Decano de la prensa nacional\",\"description\":\"El Diario - Decano de la prensa nacional\",\"publisher\":{\"@id\":\"https:\\\/\\\/www.eldiario.net\\\/portal\\\/#organization\"},\"potentialAction\":[{\"@type\":\"SearchAction\",\"target\":{\"@type\":\"EntryPoint\",\"urlTemplate\":\"https:\\\/\\\/www.eldiario.net\\\/portal\\\/?s={search_term_string}\"},\"query-input\":{\"@type\":\"PropertyValueSpecification\",\"valueRequired\":true,\"valueName\":\"search_term_string\"}}],\"inLanguage\":\"es\"},{\"@type\":\"Organization\",\"@id\":\"https:\\\/\\\/www.eldiario.net\\\/portal\\\/#organization\",\"name\":\"El Diario - Decano de la prensa nacional\",\"url\":\"https:\\\/\\\/www.eldiario.net\\\/portal\\\/\",\"logo\":{\"@type\":\"ImageObject\",\"inLanguage\":\"es\",\"@id\":\"https:\\\/\\\/www.eldiario.net\\\/portal\\\/#\\\/schema\\\/logo\\\/image\\\/\",\"url\":\"https:\\\/\\\/www.eldiario.net\\\/portal\\\/wp-content\\\/uploads\\\/2023\\\/07\\\/logo_ED.jpg\",\"contentUrl\":\"https:\\\/\\\/www.eldiario.net\\\/portal\\\/wp-content\\\/uploads\\\/2023\\\/07\\\/logo_ED.jpg\",\"width\":272,\"height\":52,\"caption\":\"El Diario - Decano de la prensa nacional\"},\"image\":{\"@id\":\"https:\\\/\\\/www.eldiario.net\\\/portal\\\/#\\\/schema\\\/logo\\\/image\\\/\"},\"sameAs\":[\"https:\\\/\\\/www.facebook.com\\\/eldiario.bolivia\\\/\",\"https:\\\/\\\/x.com\\\/eldiario_net\"]},{\"@type\":\"Person\",\"@id\":\"https:\\\/\\\/www.eldiario.net\\\/portal\\\/#\\\/schema\\\/person\\\/f46445640444750d7d753ccd04ae01b7\",\"name\":\"Jeanette\",\"image\":{\"@type\":\"ImageObject\",\"inLanguage\":\"es\",\"@id\":\"https:\\\/\\\/secure.gravatar.com\\\/avatar\\\/3ea2118a5f7dad2b7138b1187a6b7ee55f160b9968b66013c3a3ef39dd7e5798?s=96&d=mm&r=g\",\"url\":\"https:\\\/\\\/secure.gravatar.com\\\/avatar\\\/3ea2118a5f7dad2b7138b1187a6b7ee55f160b9968b66013c3a3ef39dd7e5798?s=96&d=mm&r=g\",\"contentUrl\":\"https:\\\/\\\/secure.gravatar.com\\\/avatar\\\/3ea2118a5f7dad2b7138b1187a6b7ee55f160b9968b66013c3a3ef39dd7e5798?s=96&d=mm&r=g\",\"caption\":\"Jeanette\"},\"sameAs\":[\"https:\\\/\\\/www.eldiario.net\\\/portal\"],\"url\":\"https:\\\/\\\/www.eldiario.net\\\/portal\\\/author\\\/jeanette\\\/\"}]}<\/script>\n<!-- \/ Yoast SEO plugin. -->","yoast_head_json":{"title":"Israel ataca sucursales de la banca de Hezbol\u00e1 en L\u00edbano - El Diario - Bolivia","robots":{"index":"index","follow":"follow","max-snippet":"max-snippet:-1","max-image-preview":"max-image-preview:large","max-video-preview":"max-video-preview:-1"},"canonical":"https:\/\/www.eldiario.net\/portal\/2024\/10\/22\/israel-ataca-sucursales-de-la-banca-de-hezbola-en-libano\/","og_locale":"es_ES","og_type":"article","og_title":"Israel ataca sucursales de la banca de Hezbol\u00e1 en L\u00edbano - El Diario - Bolivia","og_description":"El Ej\u00e9rcito israel\u00ed atac\u00f3 decenas de oficinas y sucursales de la entidad financiera Qard al Has\u00e1n, utilizada por el grupo chi\u00ed Hezbol\u00e1 para pagar los salarios de sus combatientes, en una serie de bombardeos por todo L\u00edbano, concentrados especialmente en Beirut y en el sur del pa\u00eds. Las fuerzas israel\u00edes aseguraron en un comunicado que [&hellip;]","og_url":"https:\/\/www.eldiario.net\/portal\/2024\/10\/22\/israel-ataca-sucursales-de-la-banca-de-hezbola-en-libano\/","og_site_name":"El Diario - Bolivia","article_publisher":"https:\/\/www.facebook.com\/eldiario.bolivia\/","article_published_time":"2024-10-22T09:56:39+00:00","og_image":[{"width":1200,"height":525,"url":"https:\/\/www.eldiario.net\/portal\/wp-content\/uploads\/2024\/10\/LIBANO-FOTO.jpg","type":"image\/jpeg"}],"author":"Jeanette","twitter_card":"summary_large_image","twitter_creator":"@eldiario_net","twitter_site":"@eldiario_net","twitter_misc":{"Escrito por":"Jeanette","Tiempo de lectura":"2 minutos"},"schema":{"@context":"https:\/\/schema.org","@graph":[{"@type":"Article","@id":"https:\/\/www.eldiario.net\/portal\/2024\/10\/22\/israel-ataca-sucursales-de-la-banca-de-hezbola-en-libano\/#article","isPartOf":{"@id":"https:\/\/www.eldiario.net\/portal\/2024\/10\/22\/israel-ataca-sucursales-de-la-banca-de-hezbola-en-libano\/"},"author":{"name":"Jeanette","@id":"https:\/\/www.eldiario.net\/portal\/#\/schema\/person\/f46445640444750d7d753ccd04ae01b7"},"headline":"Israel ataca sucursales de la banca de Hezbol\u00e1 en L\u00edbano","datePublished":"2024-10-22T09:56:39+00:00","mainEntityOfPage":{"@id":"https:\/\/www.eldiario.net\/portal\/2024\/10\/22\/israel-ataca-sucursales-de-la-banca-de-hezbola-en-libano\/"},"wordCount":401,"publisher":{"@id":"https:\/\/www.eldiario.net\/portal\/#organization"},"image":{"@id":"https:\/\/www.eldiario.net\/portal\/2024\/10\/22\/israel-ataca-sucursales-de-la-banca-de-hezbola-en-libano\/#primaryimage"},"thumbnailUrl":"https:\/\/www.eldiario.net\/portal\/wp-content\/uploads\/2024\/10\/LIBANO-FOTO.jpg","articleSection":["Internacional"],"inLanguage":"es"},{"@type":"WebPage","@id":"https:\/\/www.eldiario.net\/portal\/2024\/10\/22\/israel-ataca-sucursales-de-la-banca-de-hezbola-en-libano\/","url":"https:\/\/www.eldiario.net\/portal\/2024\/10\/22\/israel-ataca-sucursales-de-la-banca-de-hezbola-en-libano\/","name":"Israel ataca sucursales de la banca de Hezbol\u00e1 en L\u00edbano - El Diario - Bolivia","isPartOf":{"@id":"https:\/\/www.eldiario.net\/portal\/#website"},"primaryImageOfPage":{"@id":"https:\/\/www.eldiario.net\/portal\/2024\/10\/22\/israel-ataca-sucursales-de-la-banca-de-hezbola-en-libano\/#primaryimage"},"image":{"@id":"https:\/\/www.eldiario.net\/portal\/2024\/10\/22\/israel-ataca-sucursales-de-la-banca-de-hezbola-en-libano\/#primaryimage"},"thumbnailUrl":"https:\/\/www.eldiario.net\/portal\/wp-content\/uploads\/2024\/10\/LIBANO-FOTO.jpg","datePublished":"2024-10-22T09:56:39+00:00","breadcrumb":{"@id":"https:\/\/www.eldiario.net\/portal\/2024\/10\/22\/israel-ataca-sucursales-de-la-banca-de-hezbola-en-libano\/#breadcrumb"},"inLanguage":"es","potentialAction":[{"@type":"ReadAction","target":["https:\/\/www.eldiario.net\/portal\/2024\/10\/22\/israel-ataca-sucursales-de-la-banca-de-hezbola-en-libano\/"]}]},{"@type":"ImageObject","inLanguage":"es","@id":"https:\/\/www.eldiario.net\/portal\/2024\/10\/22\/israel-ataca-sucursales-de-la-banca-de-hezbola-en-libano\/#primaryimage","url":"https:\/\/www.eldiario.net\/portal\/wp-content\/uploads\/2024\/10\/LIBANO-FOTO.jpg","contentUrl":"https:\/\/www.eldiario.net\/portal\/wp-content\/uploads\/2024\/10\/LIBANO-FOTO.jpg","width":1200,"height":525,"caption":"Las llamas y el humo se elevan tras un ataque israel\u00ed en Dahiyeh, en el suburbio sur de Beirut. CREDITO: Picture Alliance"},{"@type":"BreadcrumbList","@id":"https:\/\/www.eldiario.net\/portal\/2024\/10\/22\/israel-ataca-sucursales-de-la-banca-de-hezbola-en-libano\/#breadcrumb","itemListElement":[{"@type":"ListItem","position":1,"name":"Portada","item":"https:\/\/www.eldiario.net\/portal\/"},{"@type":"ListItem","position":2,"name":"Israel ataca sucursales de la banca de Hezbol\u00e1 en L\u00edbano"}]},{"@type":"WebSite","@id":"https:\/\/www.eldiario.net\/portal\/#website","url":"https:\/\/www.eldiario.net\/portal\/","name":"El Diario - Decano de la prensa nacional","description":"El Diario - Decano de la prensa nacional","publisher":{"@id":"https:\/\/www.eldiario.net\/portal\/#organization"},"potentialAction":[{"@type":"SearchAction","target":{"@type":"EntryPoint","urlTemplate":"https:\/\/www.eldiario.net\/portal\/?s={search_term_string}"},"query-input":{"@type":"PropertyValueSpecification","valueRequired":true,"valueName":"search_term_string"}}],"inLanguage":"es"},{"@type":"Organization","@id":"https:\/\/www.eldiario.net\/portal\/#organization","name":"El Diario - Decano de la prensa nacional","url":"https:\/\/www.eldiario.net\/portal\/","logo":{"@type":"ImageObject","inLanguage":"es","@id":"https:\/\/www.eldiario.net\/portal\/#\/schema\/logo\/image\/","url":"https:\/\/www.eldiario.net\/portal\/wp-content\/uploads\/2023\/07\/logo_ED.jpg","contentUrl":"https:\/\/www.eldiario.net\/portal\/wp-content\/uploads\/2023\/07\/logo_ED.jpg","width":272,"height":52,"caption":"El Diario - Decano de la prensa nacional"},"image":{"@id":"https:\/\/www.eldiario.net\/portal\/#\/schema\/logo\/image\/"},"sameAs":["https:\/\/www.facebook.com\/eldiario.bolivia\/","https:\/\/x.com\/eldiario_net"]},{"@type":"Person","@id":"https:\/\/www.eldiario.net\/portal\/#\/schema\/person\/f46445640444750d7d753ccd04ae01b7","name":"Jeanette","image":{"@type":"ImageObject","inLanguage":"es","@id":"https:\/\/secure.gravatar.com\/avatar\/3ea2118a5f7dad2b7138b1187a6b7ee55f160b9968b66013c3a3ef39dd7e5798?s=96&d=mm&r=g","url":"https:\/\/secure.gravatar.com\/avatar\/3ea2118a5f7dad2b7138b1187a6b7ee55f160b9968b66013c3a3ef39dd7e5798?s=96&d=mm&r=g","contentUrl":"https:\/\/secure.gravatar.com\/avatar\/3ea2118a5f7dad2b7138b1187a6b7ee55f160b9968b66013c3a3ef39dd7e5798?s=96&d=mm&r=g","caption":"Jeanette"},"sameAs":["https:\/\/www.eldiario.net\/portal"],"url":"https:\/\/www.eldiario.net\/portal\/author\/jeanette\/"}]}},"_links":{"self":[{"href":"https:\/\/www.eldiario.net\/portal\/wp-json\/wp\/v2\/posts\/255736","targetHints":{"allow":["GET"]}}],"collection":[{"href":"https:\/\/www.eldiario.net\/portal\/wp-json\/wp\/v2\/posts"}],"about":[{"href":"https:\/\/www.eldiario.net\/portal\/wp-json\/wp\/v2\/types\/post"}],"author":[{"embeddable":true,"href":"https:\/\/www.eldiario.net\/portal\/wp-json\/wp\/v2\/users\/1"}],"replies":[{"embeddable":true,"href":"https:\/\/www.eldiario.net\/portal\/wp-json\/wp\/v2\/comments?post=255736"}],"version-history":[{"count":1,"href":"https:\/\/www.eldiario.net\/portal\/wp-json\/wp\/v2\/posts\/255736\/revisions"}],"predecessor-version":[{"id":255738,"href":"https:\/\/www.eldiario.net\/portal\/wp-json\/wp\/v2\/posts\/255736\/revisions\/255738"}],"wp:featuredmedia":[{"embeddable":true,"href":"https:\/\/www.eldiario.net\/portal\/wp-json\/wp\/v2\/media\/255737"}],"wp:attachment":[{"href":"https:\/\/www.eldiario.net\/portal\/wp-json\/wp\/v2\/media?parent=255736"}],"wp:term":[{"taxonomy":"category","embeddable":true,"href":"https:\/\/www.eldiario.net\/portal\/wp-json\/wp\/v2\/categories?post=255736"},{"taxonomy":"post_tag","embeddable":true,"href":"https:\/\/www.eldiario.net\/portal\/wp-json\/wp\/v2\/tags?post=255736"}],"curies":[{"name":"wp","href":"https:\/\/api.w.org\/{rel}","templated":true}]}}