{"id":255677,"date":"2024-10-22T05:38:52","date_gmt":"2024-10-22T09:38:52","guid":{"rendered":"https:\/\/www.eldiario.net\/portal\/?p=255677"},"modified":"2024-10-22T05:38:52","modified_gmt":"2024-10-22T09:38:52","slug":"nueva-intervencion-policial-en-caracollo","status":"publish","type":"post","link":"https:\/\/www.eldiario.net\/portal\/2024\/10\/22\/nueva-intervencion-policial-en-caracollo\/","title":{"rendered":"Nueva intervenci\u00f3n policial en Caracollo"},"content":{"rendered":"<p>En busca de mantener expeditas las carreteras del eje troncal, la Polic\u00eda intervino ayer tres puntos de bloqueo instalados por seguidores \u201cevistas\u201d, uno de ellos en el sector de Caracollo, donde al menos tres personas resultaron aprehendidas. Sin embargo, a\u00fan permanecen activos al menos 18 puntos de bloqueo, principalmente en Cochabamba, seg\u00fan reportes oficiales.<\/p>\n<p>El comandante departamental de Polic\u00eda de Oruro, Gonzalo Torrico, inform\u00f3 ayer que aproximadamente 80 simpatizantes de Evo Morales, bloquearon este punto de la carretera con llantas y escombros, en respaldo al expresidente que enfrenta una denuncia por trata y tr\u00e1fico y estupro agravado.<\/p>\n<p>A las seis de la ma\u00f1ana, un contingente de m\u00e1s de 200 polic\u00edas intent\u00f3 persuadir a los bloqueadores a trav\u00e9s del di\u00e1logo, pero fueron atacados con dinamita, lo que oblig\u00f3 a los uniformados a emplear la fuerza. Como resultado de estos enfrentamientos, un var\u00f3n y una mujer fueron aprehendidos, supuestamente relacionados con el uso de explosivos.<\/p>\n<p>M\u00e1s tarde, otro punto de bloqueo fue intervenido en Junacas, Tarija, sin reportarse detenciones de manifestantes. En un tercer operativo, los efectivos desbloquearon tambi\u00e9n la ruta en el sector de Turco Kala, Caranavi, donde se detuvo al dirigente de los colonizadores, Omar Colque, report\u00f3 ANF.<\/p>\n<p>Seg\u00fan el \u00faltimo reporte del mapa de transitabilidad de la Administradora Boliviana de Carreteras (ABC), se mantienen activos 18 puntos de bloqueo: 15 de ellos en el departamento de Cochabamba, dos en Oruro y uno en Santa Cruz.<\/p>\n<p>El director nacional de la fuerza anticrimen, Walter Sossa, inform\u00f3 que uno de los detenidos ten\u00eda en su poder Bs 4.000 y confes\u00f3 que el dinero estaba destinado a los bloqueadores, de acuerdo con una nota de La Prensa.<\/p>\n<p>La semana pasada, las fuerzas del orden aprehendieron a 13 personas acusadas de portar dinamita, luego de desbloquear la ruta que une La Paz con Oruro.<\/p>\n","protected":false},"excerpt":{"rendered":"<p>En busca de mantener expeditas las carreteras del eje troncal, la Polic\u00eda intervino ayer tres puntos de bloqueo instalados por seguidores \u201cevistas\u201d, uno de ellos en el sector de Caracollo, donde al menos tres personas resultaron aprehendidas. Sin embargo, a\u00fan permanecen activos al menos 18 puntos de bloqueo, principalmente en Cochabamba, seg\u00fan reportes oficiales. El [&hellip;]<\/p>\n","protected":false},"author":1,"featured_media":255678,"comment_status":"closed","ping_status":"open","sticky":false,"template":"","format":"standard","meta":{"_acf_changed":false,"footnotes":""},"categories":[39],"tags":[],"class_list":["post-255677","post","type-post","status-publish","format-standard","has-post-thumbnail","category-sociedad"],"acf":{"antetitulo":"Hay 18 puntos de bloqueos en el territorio nacional"},"yoast_head":"<!-- This site is optimized with the Yoast SEO plugin v28.4 - https:\/\/yoast.com\/product\/yoast-seo-wordpress\/ -->\n<title>Nueva intervenci\u00f3n policial en Caracollo - El Diario - Bolivia<\/title>\n<meta name=\"robots\" content=\"index, follow, max-snippet:-1, max-image-preview:large, max-video-preview:-1\" \/>\n<link rel=\"canonical\" href=\"https:\/\/www.eldiario.net\/portal\/2024\/10\/22\/nueva-intervencion-policial-en-caracollo\/\" \/>\n<meta property=\"og:locale\" content=\"es_ES\" \/>\n<meta property=\"og:type\" content=\"article\" \/>\n<meta property=\"og:title\" content=\"Nueva intervenci\u00f3n policial en Caracollo - El Diario - Bolivia\" \/>\n<meta property=\"og:description\" content=\"En busca de mantener expeditas las carreteras del eje troncal, la Polic\u00eda intervino ayer tres puntos de bloqueo instalados por seguidores \u201cevistas\u201d, uno de ellos en el sector de Caracollo, donde al menos tres personas resultaron aprehendidas. Sin embargo, a\u00fan permanecen activos al menos 18 puntos de bloqueo, principalmente en Cochabamba, seg\u00fan reportes oficiales. El [&hellip;]\" \/>\n<meta property=\"og:url\" content=\"https:\/\/www.eldiario.net\/portal\/2024\/10\/22\/nueva-intervencion-policial-en-caracollo\/\" \/>\n<meta property=\"og:site_name\" content=\"El Diario - Bolivia\" \/>\n<meta property=\"article:publisher\" content=\"https:\/\/www.facebook.com\/eldiario.bolivia\/\" \/>\n<meta property=\"article:published_time\" content=\"2024-10-22T09:38:52+00:00\" \/>\n<meta property=\"og:image\" content=\"https:\/\/www.eldiario.net\/portal\/wp-content\/uploads\/2024\/10\/BLOQUEO-FOTO.jpg\" \/>\n\t<meta property=\"og:image:width\" content=\"1599\" \/>\n\t<meta property=\"og:image:height\" content=\"899\" \/>\n\t<meta property=\"og:image:type\" content=\"image\/jpeg\" \/>\n<meta name=\"author\" content=\"Jeanette\" \/>\n<meta name=\"twitter:card\" content=\"summary_large_image\" \/>\n<meta name=\"twitter:creator\" content=\"@eldiario_net\" \/>\n<meta name=\"twitter:site\" content=\"@eldiario_net\" \/>\n<meta name=\"twitter:label1\" content=\"Escrito por\" \/>\n\t<meta name=\"twitter:data1\" content=\"Jeanette\" \/>\n\t<meta name=\"twitter:label2\" content=\"Tiempo de lectura\" \/>\n\t<meta name=\"twitter:data2\" content=\"2 minutos\" \/>\n<script type=\"application\/ld+json\" class=\"yoast-schema-graph\">{\"@context\":\"https:\\\/\\\/schema.org\",\"@graph\":[{\"@type\":\"Article\",\"@id\":\"https:\\\/\\\/www.eldiario.net\\\/portal\\\/2024\\\/10\\\/22\\\/nueva-intervencion-policial-en-caracollo\\\/#article\",\"isPartOf\":{\"@id\":\"https:\\\/\\\/www.eldiario.net\\\/portal\\\/2024\\\/10\\\/22\\\/nueva-intervencion-policial-en-caracollo\\\/\"},\"author\":{\"name\":\"Jeanette\",\"@id\":\"https:\\\/\\\/www.eldiario.net\\\/portal\\\/#\\\/schema\\\/person\\\/2c57cf2b7a7ae032e449e4c9b1019eac\"},\"headline\":\"Nueva intervenci\u00f3n policial en Caracollo\",\"datePublished\":\"2024-10-22T09:38:52+00:00\",\"mainEntityOfPage\":{\"@id\":\"https:\\\/\\\/www.eldiario.net\\\/portal\\\/2024\\\/10\\\/22\\\/nueva-intervencion-policial-en-caracollo\\\/\"},\"wordCount\":315,\"publisher\":{\"@id\":\"https:\\\/\\\/www.eldiario.net\\\/portal\\\/#organization\"},\"image\":{\"@id\":\"https:\\\/\\\/www.eldiario.net\\\/portal\\\/2024\\\/10\\\/22\\\/nueva-intervencion-policial-en-caracollo\\\/#primaryimage\"},\"thumbnailUrl\":\"https:\\\/\\\/www.eldiario.net\\\/portal\\\/wp-content\\\/uploads\\\/2024\\\/10\\\/BLOQUEO-FOTO.jpg\",\"articleSection\":[\"Sociedad - Seguridad\"],\"inLanguage\":\"es\"},{\"@type\":\"WebPage\",\"@id\":\"https:\\\/\\\/www.eldiario.net\\\/portal\\\/2024\\\/10\\\/22\\\/nueva-intervencion-policial-en-caracollo\\\/\",\"url\":\"https:\\\/\\\/www.eldiario.net\\\/portal\\\/2024\\\/10\\\/22\\\/nueva-intervencion-policial-en-caracollo\\\/\",\"name\":\"Nueva intervenci\u00f3n policial en Caracollo - El Diario - Bolivia\",\"isPartOf\":{\"@id\":\"https:\\\/\\\/www.eldiario.net\\\/portal\\\/#website\"},\"primaryImageOfPage\":{\"@id\":\"https:\\\/\\\/www.eldiario.net\\\/portal\\\/2024\\\/10\\\/22\\\/nueva-intervencion-policial-en-caracollo\\\/#primaryimage\"},\"image\":{\"@id\":\"https:\\\/\\\/www.eldiario.net\\\/portal\\\/2024\\\/10\\\/22\\\/nueva-intervencion-policial-en-caracollo\\\/#primaryimage\"},\"thumbnailUrl\":\"https:\\\/\\\/www.eldiario.net\\\/portal\\\/wp-content\\\/uploads\\\/2024\\\/10\\\/BLOQUEO-FOTO.jpg\",\"datePublished\":\"2024-10-22T09:38:52+00:00\",\"breadcrumb\":{\"@id\":\"https:\\\/\\\/www.eldiario.net\\\/portal\\\/2024\\\/10\\\/22\\\/nueva-intervencion-policial-en-caracollo\\\/#breadcrumb\"},\"inLanguage\":\"es\",\"potentialAction\":[{\"@type\":\"ReadAction\",\"target\":[\"https:\\\/\\\/www.eldiario.net\\\/portal\\\/2024\\\/10\\\/22\\\/nueva-intervencion-policial-en-caracollo\\\/\"]}]},{\"@type\":\"ImageObject\",\"inLanguage\":\"es\",\"@id\":\"https:\\\/\\\/www.eldiario.net\\\/portal\\\/2024\\\/10\\\/22\\\/nueva-intervencion-policial-en-caracollo\\\/#primaryimage\",\"url\":\"https:\\\/\\\/www.eldiario.net\\\/portal\\\/wp-content\\\/uploads\\\/2024\\\/10\\\/BLOQUEO-FOTO.jpg\",\"contentUrl\":\"https:\\\/\\\/www.eldiario.net\\\/portal\\\/wp-content\\\/uploads\\\/2024\\\/10\\\/BLOQUEO-FOTO.jpg\",\"width\":1599,\"height\":899,\"caption\":\"Polic\u00edas intervinieron bloqueos en Caracollo, Caranavi y Junacas. Foto: APG\"},{\"@type\":\"BreadcrumbList\",\"@id\":\"https:\\\/\\\/www.eldiario.net\\\/portal\\\/2024\\\/10\\\/22\\\/nueva-intervencion-policial-en-caracollo\\\/#breadcrumb\",\"itemListElement\":[{\"@type\":\"ListItem\",\"position\":1,\"name\":\"Portada\",\"item\":\"https:\\\/\\\/www.eldiario.net\\\/portal\\\/\"},{\"@type\":\"ListItem\",\"position\":2,\"name\":\"Nueva intervenci\u00f3n policial en Caracollo\"}]},{\"@type\":\"WebSite\",\"@id\":\"https:\\\/\\\/www.eldiario.net\\\/portal\\\/#website\",\"url\":\"https:\\\/\\\/www.eldiario.net\\\/portal\\\/\",\"name\":\"El Diario - Decano de la prensa nacional\",\"description\":\"El Diario - Decano de la prensa nacional\",\"publisher\":{\"@id\":\"https:\\\/\\\/www.eldiario.net\\\/portal\\\/#organization\"},\"potentialAction\":[{\"@type\":\"SearchAction\",\"target\":{\"@type\":\"EntryPoint\",\"urlTemplate\":\"https:\\\/\\\/www.eldiario.net\\\/portal\\\/?s={search_term_string}\"},\"query-input\":{\"@type\":\"PropertyValueSpecification\",\"valueRequired\":true,\"valueName\":\"search_term_string\"}}],\"inLanguage\":\"es\"},{\"@type\":\"Organization\",\"@id\":\"https:\\\/\\\/www.eldiario.net\\\/portal\\\/#organization\",\"name\":\"El Diario - Decano de la prensa nacional\",\"url\":\"https:\\\/\\\/www.eldiario.net\\\/portal\\\/\",\"logo\":{\"@type\":\"ImageObject\",\"inLanguage\":\"es\",\"@id\":\"https:\\\/\\\/www.eldiario.net\\\/portal\\\/#\\\/schema\\\/logo\\\/image\\\/\",\"url\":\"https:\\\/\\\/www.eldiario.net\\\/portal\\\/wp-content\\\/uploads\\\/2023\\\/07\\\/logo_ED.jpg\",\"contentUrl\":\"https:\\\/\\\/www.eldiario.net\\\/portal\\\/wp-content\\\/uploads\\\/2023\\\/07\\\/logo_ED.jpg\",\"width\":272,\"height\":52,\"caption\":\"El Diario - Decano de la prensa nacional\"},\"image\":{\"@id\":\"https:\\\/\\\/www.eldiario.net\\\/portal\\\/#\\\/schema\\\/logo\\\/image\\\/\"},\"sameAs\":[\"https:\\\/\\\/www.facebook.com\\\/eldiario.bolivia\\\/\",\"https:\\\/\\\/x.com\\\/eldiario_net\"]},{\"@type\":\"Person\",\"@id\":\"https:\\\/\\\/www.eldiario.net\\\/portal\\\/#\\\/schema\\\/person\\\/2c57cf2b7a7ae032e449e4c9b1019eac\",\"name\":\"Jeanette\",\"image\":{\"@type\":\"ImageObject\",\"inLanguage\":\"es\",\"@id\":\"https:\\\/\\\/secure.gravatar.com\\\/avatar\\\/3ea2118a5f7dad2b7138b1187a6b7ee55f160b9968b66013c3a3ef39dd7e5798?s=96&d=mm&r=g\",\"url\":\"https:\\\/\\\/secure.gravatar.com\\\/avatar\\\/3ea2118a5f7dad2b7138b1187a6b7ee55f160b9968b66013c3a3ef39dd7e5798?s=96&d=mm&r=g\",\"contentUrl\":\"https:\\\/\\\/secure.gravatar.com\\\/avatar\\\/3ea2118a5f7dad2b7138b1187a6b7ee55f160b9968b66013c3a3ef39dd7e5798?s=96&d=mm&r=g\",\"caption\":\"Jeanette\"},\"sameAs\":[\"https:\\\/\\\/www.eldiario.net\\\/portal\"],\"url\":\"https:\\\/\\\/www.eldiario.net\\\/portal\\\/author\\\/jeanette\\\/\"}]}<\/script>\n<!-- \/ Yoast SEO plugin. -->","yoast_head_json":{"title":"Nueva intervenci\u00f3n policial en Caracollo - El Diario - Bolivia","robots":{"index":"index","follow":"follow","max-snippet":"max-snippet:-1","max-image-preview":"max-image-preview:large","max-video-preview":"max-video-preview:-1"},"canonical":"https:\/\/www.eldiario.net\/portal\/2024\/10\/22\/nueva-intervencion-policial-en-caracollo\/","og_locale":"es_ES","og_type":"article","og_title":"Nueva intervenci\u00f3n policial en Caracollo - El Diario - Bolivia","og_description":"En busca de mantener expeditas las carreteras del eje troncal, la Polic\u00eda intervino ayer tres puntos de bloqueo instalados por seguidores \u201cevistas\u201d, uno de ellos en el sector de Caracollo, donde al menos tres personas resultaron aprehendidas. Sin embargo, a\u00fan permanecen activos al menos 18 puntos de bloqueo, principalmente en Cochabamba, seg\u00fan reportes oficiales. El [&hellip;]","og_url":"https:\/\/www.eldiario.net\/portal\/2024\/10\/22\/nueva-intervencion-policial-en-caracollo\/","og_site_name":"El Diario - Bolivia","article_publisher":"https:\/\/www.facebook.com\/eldiario.bolivia\/","article_published_time":"2024-10-22T09:38:52+00:00","og_image":[{"width":1599,"height":899,"url":"https:\/\/www.eldiario.net\/portal\/wp-content\/uploads\/2024\/10\/BLOQUEO-FOTO.jpg","type":"image\/jpeg"}],"author":"Jeanette","twitter_card":"summary_large_image","twitter_creator":"@eldiario_net","twitter_site":"@eldiario_net","twitter_misc":{"Escrito por":"Jeanette","Tiempo de lectura":"2 minutos"},"schema":{"@context":"https:\/\/schema.org","@graph":[{"@type":"Article","@id":"https:\/\/www.eldiario.net\/portal\/2024\/10\/22\/nueva-intervencion-policial-en-caracollo\/#article","isPartOf":{"@id":"https:\/\/www.eldiario.net\/portal\/2024\/10\/22\/nueva-intervencion-policial-en-caracollo\/"},"author":{"name":"Jeanette","@id":"https:\/\/www.eldiario.net\/portal\/#\/schema\/person\/2c57cf2b7a7ae032e449e4c9b1019eac"},"headline":"Nueva intervenci\u00f3n policial en Caracollo","datePublished":"2024-10-22T09:38:52+00:00","mainEntityOfPage":{"@id":"https:\/\/www.eldiario.net\/portal\/2024\/10\/22\/nueva-intervencion-policial-en-caracollo\/"},"wordCount":315,"publisher":{"@id":"https:\/\/www.eldiario.net\/portal\/#organization"},"image":{"@id":"https:\/\/www.eldiario.net\/portal\/2024\/10\/22\/nueva-intervencion-policial-en-caracollo\/#primaryimage"},"thumbnailUrl":"https:\/\/www.eldiario.net\/portal\/wp-content\/uploads\/2024\/10\/BLOQUEO-FOTO.jpg","articleSection":["Sociedad - Seguridad"],"inLanguage":"es"},{"@type":"WebPage","@id":"https:\/\/www.eldiario.net\/portal\/2024\/10\/22\/nueva-intervencion-policial-en-caracollo\/","url":"https:\/\/www.eldiario.net\/portal\/2024\/10\/22\/nueva-intervencion-policial-en-caracollo\/","name":"Nueva intervenci\u00f3n policial en Caracollo - El Diario - Bolivia","isPartOf":{"@id":"https:\/\/www.eldiario.net\/portal\/#website"},"primaryImageOfPage":{"@id":"https:\/\/www.eldiario.net\/portal\/2024\/10\/22\/nueva-intervencion-policial-en-caracollo\/#primaryimage"},"image":{"@id":"https:\/\/www.eldiario.net\/portal\/2024\/10\/22\/nueva-intervencion-policial-en-caracollo\/#primaryimage"},"thumbnailUrl":"https:\/\/www.eldiario.net\/portal\/wp-content\/uploads\/2024\/10\/BLOQUEO-FOTO.jpg","datePublished":"2024-10-22T09:38:52+00:00","breadcrumb":{"@id":"https:\/\/www.eldiario.net\/portal\/2024\/10\/22\/nueva-intervencion-policial-en-caracollo\/#breadcrumb"},"inLanguage":"es","potentialAction":[{"@type":"ReadAction","target":["https:\/\/www.eldiario.net\/portal\/2024\/10\/22\/nueva-intervencion-policial-en-caracollo\/"]}]},{"@type":"ImageObject","inLanguage":"es","@id":"https:\/\/www.eldiario.net\/portal\/2024\/10\/22\/nueva-intervencion-policial-en-caracollo\/#primaryimage","url":"https:\/\/www.eldiario.net\/portal\/wp-content\/uploads\/2024\/10\/BLOQUEO-FOTO.jpg","contentUrl":"https:\/\/www.eldiario.net\/portal\/wp-content\/uploads\/2024\/10\/BLOQUEO-FOTO.jpg","width":1599,"height":899,"caption":"Polic\u00edas intervinieron bloqueos en Caracollo, Caranavi y Junacas. Foto: APG"},{"@type":"BreadcrumbList","@id":"https:\/\/www.eldiario.net\/portal\/2024\/10\/22\/nueva-intervencion-policial-en-caracollo\/#breadcrumb","itemListElement":[{"@type":"ListItem","position":1,"name":"Portada","item":"https:\/\/www.eldiario.net\/portal\/"},{"@type":"ListItem","position":2,"name":"Nueva intervenci\u00f3n policial en Caracollo"}]},{"@type":"WebSite","@id":"https:\/\/www.eldiario.net\/portal\/#website","url":"https:\/\/www.eldiario.net\/portal\/","name":"El Diario - Decano de la prensa nacional","description":"El Diario - Decano de la prensa nacional","publisher":{"@id":"https:\/\/www.eldiario.net\/portal\/#organization"},"potentialAction":[{"@type":"SearchAction","target":{"@type":"EntryPoint","urlTemplate":"https:\/\/www.eldiario.net\/portal\/?s={search_term_string}"},"query-input":{"@type":"PropertyValueSpecification","valueRequired":true,"valueName":"search_term_string"}}],"inLanguage":"es"},{"@type":"Organization","@id":"https:\/\/www.eldiario.net\/portal\/#organization","name":"El Diario - Decano de la prensa nacional","url":"https:\/\/www.eldiario.net\/portal\/","logo":{"@type":"ImageObject","inLanguage":"es","@id":"https:\/\/www.eldiario.net\/portal\/#\/schema\/logo\/image\/","url":"https:\/\/www.eldiario.net\/portal\/wp-content\/uploads\/2023\/07\/logo_ED.jpg","contentUrl":"https:\/\/www.eldiario.net\/portal\/wp-content\/uploads\/2023\/07\/logo_ED.jpg","width":272,"height":52,"caption":"El Diario - Decano de la prensa nacional"},"image":{"@id":"https:\/\/www.eldiario.net\/portal\/#\/schema\/logo\/image\/"},"sameAs":["https:\/\/www.facebook.com\/eldiario.bolivia\/","https:\/\/x.com\/eldiario_net"]},{"@type":"Person","@id":"https:\/\/www.eldiario.net\/portal\/#\/schema\/person\/2c57cf2b7a7ae032e449e4c9b1019eac","name":"Jeanette","image":{"@type":"ImageObject","inLanguage":"es","@id":"https:\/\/secure.gravatar.com\/avatar\/3ea2118a5f7dad2b7138b1187a6b7ee55f160b9968b66013c3a3ef39dd7e5798?s=96&d=mm&r=g","url":"https:\/\/secure.gravatar.com\/avatar\/3ea2118a5f7dad2b7138b1187a6b7ee55f160b9968b66013c3a3ef39dd7e5798?s=96&d=mm&r=g","contentUrl":"https:\/\/secure.gravatar.com\/avatar\/3ea2118a5f7dad2b7138b1187a6b7ee55f160b9968b66013c3a3ef39dd7e5798?s=96&d=mm&r=g","caption":"Jeanette"},"sameAs":["https:\/\/www.eldiario.net\/portal"],"url":"https:\/\/www.eldiario.net\/portal\/author\/jeanette\/"}]}},"_links":{"self":[{"href":"https:\/\/www.eldiario.net\/portal\/wp-json\/wp\/v2\/posts\/255677","targetHints":{"allow":["GET"]}}],"collection":[{"href":"https:\/\/www.eldiario.net\/portal\/wp-json\/wp\/v2\/posts"}],"about":[{"href":"https:\/\/www.eldiario.net\/portal\/wp-json\/wp\/v2\/types\/post"}],"author":[{"embeddable":true,"href":"https:\/\/www.eldiario.net\/portal\/wp-json\/wp\/v2\/users\/1"}],"replies":[{"embeddable":true,"href":"https:\/\/www.eldiario.net\/portal\/wp-json\/wp\/v2\/comments?post=255677"}],"version-history":[{"count":1,"href":"https:\/\/www.eldiario.net\/portal\/wp-json\/wp\/v2\/posts\/255677\/revisions"}],"predecessor-version":[{"id":255679,"href":"https:\/\/www.eldiario.net\/portal\/wp-json\/wp\/v2\/posts\/255677\/revisions\/255679"}],"wp:featuredmedia":[{"embeddable":true,"href":"https:\/\/www.eldiario.net\/portal\/wp-json\/wp\/v2\/media\/255678"}],"wp:attachment":[{"href":"https:\/\/www.eldiario.net\/portal\/wp-json\/wp\/v2\/media?parent=255677"}],"wp:term":[{"taxonomy":"category","embeddable":true,"href":"https:\/\/www.eldiario.net\/portal\/wp-json\/wp\/v2\/categories?post=255677"},{"taxonomy":"post_tag","embeddable":true,"href":"https:\/\/www.eldiario.net\/portal\/wp-json\/wp\/v2\/tags?post=255677"}],"curies":[{"name":"wp","href":"https:\/\/api.w.org\/{rel}","templated":true}]}}