{"id":255674,"date":"2024-10-22T05:38:19","date_gmt":"2024-10-22T09:38:19","guid":{"rendered":"https:\/\/www.eldiario.net\/portal\/?p=255674"},"modified":"2024-10-22T05:38:19","modified_gmt":"2024-10-22T09:38:19","slug":"denuncian-coimas-a-diputados-para-eleccion-de-fiscal-general","status":"publish","type":"post","link":"https:\/\/www.eldiario.net\/portal\/2024\/10\/22\/denuncian-coimas-a-diputados-para-eleccion-de-fiscal-general\/","title":{"rendered":"Denuncian coimas a diputados para elecci\u00f3n de Fiscal General"},"content":{"rendered":"<p>La diputada de Comunidad Ciudadana (CC), Krupskaya O\u00f1a, denunci\u00f3 ayer que algunos aspirantes a Fiscal General del Estado ofrecer\u00edan a parlamentarios sumas de hasta $us 20.000 para obtener su voto en la sesi\u00f3n de la Asamblea Legislativa que busca designar un nuevo titular en este cargo.<\/p>\n<p>\u201cLo que est\u00e1 sucediendo en la Asamblea Legislativa es vergonzoso, la han convertido en un mercado persa, (de) qui\u00e9n se vende al mejor postor. En las \u00faltimas semanas ha habido candidatos que tienen de operadores a los diputados, ofreci\u00e9ndoles dinero para que voten por ellos\u201d, declar\u00f3 O\u00f1a a radio Panamericana, seg\u00fan refleja Visi\u00f3n 360.<\/p>\n<p>En palabras de la parlamentaria, \u201cvarios colegas han recibido llamadas en las que les han ofrecido desde 10.000 a 20.000 d\u00f3lares, otros han ofrecido 5.000 bolivianos, piensan que este mercado todo va de cu\u00e1nto ofrecen, pero hay diputados honestos que nunca vamos a ceder a este tipo de ofrecimientos\u201d.<\/p>\n<p>A partir de las 16:00, inici\u00f3 ayer la votaci\u00f3n para la elecci\u00f3n de Fiscal General del Estado en una sesi\u00f3n del pleno de la Asamblea Legislativa Plurinacional (ALP). M\u00e1s de 160 asamble\u00edstas, entre diputados y senadores, sesionaron para designar a la nueva autoridad, luego de un proceso mercado por varias pol\u00e9micas, entre ellas un par de amparos presentados por dos expostulantes que paralizaron el proceso moment\u00e1neamente.<\/p>\n<p>Finalizada la primera ronda de votaci\u00f3n a las siete de la noche, los postulantes con mayor votaci\u00f3n fueron el fiscal departamental de Santa Cruz, Roger Mariaca (83 votos), y el abogado Milton Montellano (29 votos), sin lograr los dos tercios necesarios por una amplia falta de consenso.<\/p>\n<p>EL DIARIO intent\u00f3 contactarse con algunos parlamentarios oficialistas y de oposici\u00f3n para conocer su posici\u00f3n respecto a la denuncia. Entre ellos, Gloria Callisaya (MAS), Juan Jos\u00e9 J\u00e1uregui (MAS), Mar\u00eda Elena Pacahacute (CC) y Jos\u00e9 Manuel Ormachea (CC). Ninguno declar\u00f3 tener conocimiento sobre el tema.<\/p>\n<p>Sin embargo, Ormachea record\u00f3 que O\u00f1a fue expulsada de su bancada y asegur\u00f3 que la parlamentaria ahora pertenece a la \u201cbancada manfredista\u201d, supuestamente aliada con el oficialismo. En tal sentido, pidi\u00f3 a O\u00f1a que presente pruebas, si las tiene, y manifest\u00f3 que esta facci\u00f3n \u201ctr\u00e1nsfuga\u201d de parlamentarios son precisamente quienes tienen la mayor \u201cpredisposici\u00f3n moral\u201d para aceptar sobornos de candidatos a Fiscal General.<\/p>\n<p>\u201cNo me cabe duda que ning\u00fan miembro de CC, de la facci\u00f3n leal y original, ha recibido absolutamente nada de ning\u00fan candidato a fiscal (\u2026) Yo creer\u00eda que los m\u00e1s predispuestos ser\u00edan probablemente la bancada \u2018manfredista\u2019, justamente de O\u00f1a, porque ellos ya han demostrado que se venden al momento en que dejan las filas de CC\u201d. Su mayor predisposici\u00f3n moral es a la corrupci\u00f3n\u201d, se\u00f1al\u00f3 Ormachea a EL DIARIO.<\/p>\n","protected":false},"excerpt":{"rendered":"<p>La diputada de Comunidad Ciudadana (CC), Krupskaya O\u00f1a, denunci\u00f3 ayer que algunos aspirantes a Fiscal General del Estado ofrecer\u00edan a parlamentarios sumas de hasta $us 20.000 para obtener su voto en la sesi\u00f3n de la Asamblea Legislativa que busca designar un nuevo titular en este cargo. \u201cLo que est\u00e1 sucediendo en la Asamblea Legislativa es [&hellip;]<\/p>\n","protected":false},"author":1,"featured_media":255675,"comment_status":"closed","ping_status":"open","sticky":false,"template":"","format":"standard","meta":{"_acf_changed":false,"footnotes":""},"categories":[39],"tags":[],"class_list":["post-255674","post","type-post","status-publish","format-standard","has-post-thumbnail","category-sociedad"],"acf":{"antetitulo":"Pol\u00e9mica"},"yoast_head":"<!-- This site is optimized with the Yoast SEO plugin v28.4 - https:\/\/yoast.com\/product\/yoast-seo-wordpress\/ -->\n<title>Denuncian coimas a diputados para elecci\u00f3n de Fiscal General - El Diario - Bolivia<\/title>\n<meta name=\"robots\" content=\"index, follow, max-snippet:-1, max-image-preview:large, max-video-preview:-1\" \/>\n<link rel=\"canonical\" href=\"https:\/\/www.eldiario.net\/portal\/2024\/10\/22\/denuncian-coimas-a-diputados-para-eleccion-de-fiscal-general\/\" \/>\n<meta property=\"og:locale\" content=\"es_ES\" \/>\n<meta property=\"og:type\" content=\"article\" \/>\n<meta property=\"og:title\" content=\"Denuncian coimas a diputados para elecci\u00f3n de Fiscal General - El Diario - Bolivia\" \/>\n<meta property=\"og:description\" content=\"La diputada de Comunidad Ciudadana (CC), Krupskaya O\u00f1a, denunci\u00f3 ayer que algunos aspirantes a Fiscal General del Estado ofrecer\u00edan a parlamentarios sumas de hasta $us 20.000 para obtener su voto en la sesi\u00f3n de la Asamblea Legislativa que busca designar un nuevo titular en este cargo. \u201cLo que est\u00e1 sucediendo en la Asamblea Legislativa es [&hellip;]\" \/>\n<meta property=\"og:url\" content=\"https:\/\/www.eldiario.net\/portal\/2024\/10\/22\/denuncian-coimas-a-diputados-para-eleccion-de-fiscal-general\/\" \/>\n<meta property=\"og:site_name\" content=\"El Diario - Bolivia\" \/>\n<meta property=\"article:publisher\" content=\"https:\/\/www.facebook.com\/eldiario.bolivia\/\" \/>\n<meta property=\"article:published_time\" content=\"2024-10-22T09:38:19+00:00\" \/>\n<meta property=\"og:image\" content=\"https:\/\/www.eldiario.net\/portal\/wp-content\/uploads\/2024\/10\/COIMAS-FOTO.jpg\" \/>\n\t<meta property=\"og:image:width\" content=\"1200\" \/>\n\t<meta property=\"og:image:height\" content=\"894\" \/>\n\t<meta property=\"og:image:type\" content=\"image\/jpeg\" \/>\n<meta name=\"author\" content=\"Jeanette\" \/>\n<meta name=\"twitter:card\" content=\"summary_large_image\" \/>\n<meta name=\"twitter:creator\" content=\"@eldiario_net\" \/>\n<meta name=\"twitter:site\" content=\"@eldiario_net\" \/>\n<meta name=\"twitter:label1\" content=\"Escrito por\" \/>\n\t<meta name=\"twitter:data1\" content=\"Jeanette\" \/>\n\t<meta name=\"twitter:label2\" content=\"Tiempo de lectura\" \/>\n\t<meta name=\"twitter:data2\" content=\"3 minutos\" \/>\n<script type=\"application\/ld+json\" class=\"yoast-schema-graph\">{\"@context\":\"https:\\\/\\\/schema.org\",\"@graph\":[{\"@type\":\"Article\",\"@id\":\"https:\\\/\\\/www.eldiario.net\\\/portal\\\/2024\\\/10\\\/22\\\/denuncian-coimas-a-diputados-para-eleccion-de-fiscal-general\\\/#article\",\"isPartOf\":{\"@id\":\"https:\\\/\\\/www.eldiario.net\\\/portal\\\/2024\\\/10\\\/22\\\/denuncian-coimas-a-diputados-para-eleccion-de-fiscal-general\\\/\"},\"author\":{\"name\":\"Jeanette\",\"@id\":\"https:\\\/\\\/www.eldiario.net\\\/portal\\\/#\\\/schema\\\/person\\\/2c57cf2b7a7ae032e449e4c9b1019eac\"},\"headline\":\"Denuncian coimas a diputados para elecci\u00f3n de Fiscal General\",\"datePublished\":\"2024-10-22T09:38:19+00:00\",\"mainEntityOfPage\":{\"@id\":\"https:\\\/\\\/www.eldiario.net\\\/portal\\\/2024\\\/10\\\/22\\\/denuncian-coimas-a-diputados-para-eleccion-de-fiscal-general\\\/\"},\"wordCount\":476,\"publisher\":{\"@id\":\"https:\\\/\\\/www.eldiario.net\\\/portal\\\/#organization\"},\"image\":{\"@id\":\"https:\\\/\\\/www.eldiario.net\\\/portal\\\/2024\\\/10\\\/22\\\/denuncian-coimas-a-diputados-para-eleccion-de-fiscal-general\\\/#primaryimage\"},\"thumbnailUrl\":\"https:\\\/\\\/www.eldiario.net\\\/portal\\\/wp-content\\\/uploads\\\/2024\\\/10\\\/COIMAS-FOTO.jpg\",\"articleSection\":[\"Sociedad - Seguridad\"],\"inLanguage\":\"es\"},{\"@type\":\"WebPage\",\"@id\":\"https:\\\/\\\/www.eldiario.net\\\/portal\\\/2024\\\/10\\\/22\\\/denuncian-coimas-a-diputados-para-eleccion-de-fiscal-general\\\/\",\"url\":\"https:\\\/\\\/www.eldiario.net\\\/portal\\\/2024\\\/10\\\/22\\\/denuncian-coimas-a-diputados-para-eleccion-de-fiscal-general\\\/\",\"name\":\"Denuncian coimas a diputados para elecci\u00f3n de Fiscal General - El Diario - Bolivia\",\"isPartOf\":{\"@id\":\"https:\\\/\\\/www.eldiario.net\\\/portal\\\/#website\"},\"primaryImageOfPage\":{\"@id\":\"https:\\\/\\\/www.eldiario.net\\\/portal\\\/2024\\\/10\\\/22\\\/denuncian-coimas-a-diputados-para-eleccion-de-fiscal-general\\\/#primaryimage\"},\"image\":{\"@id\":\"https:\\\/\\\/www.eldiario.net\\\/portal\\\/2024\\\/10\\\/22\\\/denuncian-coimas-a-diputados-para-eleccion-de-fiscal-general\\\/#primaryimage\"},\"thumbnailUrl\":\"https:\\\/\\\/www.eldiario.net\\\/portal\\\/wp-content\\\/uploads\\\/2024\\\/10\\\/COIMAS-FOTO.jpg\",\"datePublished\":\"2024-10-22T09:38:19+00:00\",\"breadcrumb\":{\"@id\":\"https:\\\/\\\/www.eldiario.net\\\/portal\\\/2024\\\/10\\\/22\\\/denuncian-coimas-a-diputados-para-eleccion-de-fiscal-general\\\/#breadcrumb\"},\"inLanguage\":\"es\",\"potentialAction\":[{\"@type\":\"ReadAction\",\"target\":[\"https:\\\/\\\/www.eldiario.net\\\/portal\\\/2024\\\/10\\\/22\\\/denuncian-coimas-a-diputados-para-eleccion-de-fiscal-general\\\/\"]}]},{\"@type\":\"ImageObject\",\"inLanguage\":\"es\",\"@id\":\"https:\\\/\\\/www.eldiario.net\\\/portal\\\/2024\\\/10\\\/22\\\/denuncian-coimas-a-diputados-para-eleccion-de-fiscal-general\\\/#primaryimage\",\"url\":\"https:\\\/\\\/www.eldiario.net\\\/portal\\\/wp-content\\\/uploads\\\/2024\\\/10\\\/COIMAS-FOTO.jpg\",\"contentUrl\":\"https:\\\/\\\/www.eldiario.net\\\/portal\\\/wp-content\\\/uploads\\\/2024\\\/10\\\/COIMAS-FOTO.jpg\",\"width\":1200,\"height\":894,\"caption\":\"Ayer se realizaron las primeras votaciones para elegir Fiscal General en la ALP. Foto: APG\"},{\"@type\":\"BreadcrumbList\",\"@id\":\"https:\\\/\\\/www.eldiario.net\\\/portal\\\/2024\\\/10\\\/22\\\/denuncian-coimas-a-diputados-para-eleccion-de-fiscal-general\\\/#breadcrumb\",\"itemListElement\":[{\"@type\":\"ListItem\",\"position\":1,\"name\":\"Portada\",\"item\":\"https:\\\/\\\/www.eldiario.net\\\/portal\\\/\"},{\"@type\":\"ListItem\",\"position\":2,\"name\":\"Denuncian coimas a diputados para elecci\u00f3n de Fiscal General\"}]},{\"@type\":\"WebSite\",\"@id\":\"https:\\\/\\\/www.eldiario.net\\\/portal\\\/#website\",\"url\":\"https:\\\/\\\/www.eldiario.net\\\/portal\\\/\",\"name\":\"El Diario - Decano de la prensa nacional\",\"description\":\"El Diario - Decano de la prensa nacional\",\"publisher\":{\"@id\":\"https:\\\/\\\/www.eldiario.net\\\/portal\\\/#organization\"},\"potentialAction\":[{\"@type\":\"SearchAction\",\"target\":{\"@type\":\"EntryPoint\",\"urlTemplate\":\"https:\\\/\\\/www.eldiario.net\\\/portal\\\/?s={search_term_string}\"},\"query-input\":{\"@type\":\"PropertyValueSpecification\",\"valueRequired\":true,\"valueName\":\"search_term_string\"}}],\"inLanguage\":\"es\"},{\"@type\":\"Organization\",\"@id\":\"https:\\\/\\\/www.eldiario.net\\\/portal\\\/#organization\",\"name\":\"El Diario - Decano de la prensa nacional\",\"url\":\"https:\\\/\\\/www.eldiario.net\\\/portal\\\/\",\"logo\":{\"@type\":\"ImageObject\",\"inLanguage\":\"es\",\"@id\":\"https:\\\/\\\/www.eldiario.net\\\/portal\\\/#\\\/schema\\\/logo\\\/image\\\/\",\"url\":\"https:\\\/\\\/www.eldiario.net\\\/portal\\\/wp-content\\\/uploads\\\/2023\\\/07\\\/logo_ED.jpg\",\"contentUrl\":\"https:\\\/\\\/www.eldiario.net\\\/portal\\\/wp-content\\\/uploads\\\/2023\\\/07\\\/logo_ED.jpg\",\"width\":272,\"height\":52,\"caption\":\"El Diario - Decano de la prensa nacional\"},\"image\":{\"@id\":\"https:\\\/\\\/www.eldiario.net\\\/portal\\\/#\\\/schema\\\/logo\\\/image\\\/\"},\"sameAs\":[\"https:\\\/\\\/www.facebook.com\\\/eldiario.bolivia\\\/\",\"https:\\\/\\\/x.com\\\/eldiario_net\"]},{\"@type\":\"Person\",\"@id\":\"https:\\\/\\\/www.eldiario.net\\\/portal\\\/#\\\/schema\\\/person\\\/2c57cf2b7a7ae032e449e4c9b1019eac\",\"name\":\"Jeanette\",\"image\":{\"@type\":\"ImageObject\",\"inLanguage\":\"es\",\"@id\":\"https:\\\/\\\/secure.gravatar.com\\\/avatar\\\/3ea2118a5f7dad2b7138b1187a6b7ee55f160b9968b66013c3a3ef39dd7e5798?s=96&d=mm&r=g\",\"url\":\"https:\\\/\\\/secure.gravatar.com\\\/avatar\\\/3ea2118a5f7dad2b7138b1187a6b7ee55f160b9968b66013c3a3ef39dd7e5798?s=96&d=mm&r=g\",\"contentUrl\":\"https:\\\/\\\/secure.gravatar.com\\\/avatar\\\/3ea2118a5f7dad2b7138b1187a6b7ee55f160b9968b66013c3a3ef39dd7e5798?s=96&d=mm&r=g\",\"caption\":\"Jeanette\"},\"sameAs\":[\"https:\\\/\\\/www.eldiario.net\\\/portal\"],\"url\":\"https:\\\/\\\/www.eldiario.net\\\/portal\\\/author\\\/jeanette\\\/\"}]}<\/script>\n<!-- \/ Yoast SEO plugin. -->","yoast_head_json":{"title":"Denuncian coimas a diputados para elecci\u00f3n de Fiscal General - El Diario - Bolivia","robots":{"index":"index","follow":"follow","max-snippet":"max-snippet:-1","max-image-preview":"max-image-preview:large","max-video-preview":"max-video-preview:-1"},"canonical":"https:\/\/www.eldiario.net\/portal\/2024\/10\/22\/denuncian-coimas-a-diputados-para-eleccion-de-fiscal-general\/","og_locale":"es_ES","og_type":"article","og_title":"Denuncian coimas a diputados para elecci\u00f3n de Fiscal General - El Diario - Bolivia","og_description":"La diputada de Comunidad Ciudadana (CC), Krupskaya O\u00f1a, denunci\u00f3 ayer que algunos aspirantes a Fiscal General del Estado ofrecer\u00edan a parlamentarios sumas de hasta $us 20.000 para obtener su voto en la sesi\u00f3n de la Asamblea Legislativa que busca designar un nuevo titular en este cargo. \u201cLo que est\u00e1 sucediendo en la Asamblea Legislativa es [&hellip;]","og_url":"https:\/\/www.eldiario.net\/portal\/2024\/10\/22\/denuncian-coimas-a-diputados-para-eleccion-de-fiscal-general\/","og_site_name":"El Diario - Bolivia","article_publisher":"https:\/\/www.facebook.com\/eldiario.bolivia\/","article_published_time":"2024-10-22T09:38:19+00:00","og_image":[{"width":1200,"height":894,"url":"https:\/\/www.eldiario.net\/portal\/wp-content\/uploads\/2024\/10\/COIMAS-FOTO.jpg","type":"image\/jpeg"}],"author":"Jeanette","twitter_card":"summary_large_image","twitter_creator":"@eldiario_net","twitter_site":"@eldiario_net","twitter_misc":{"Escrito por":"Jeanette","Tiempo de lectura":"3 minutos"},"schema":{"@context":"https:\/\/schema.org","@graph":[{"@type":"Article","@id":"https:\/\/www.eldiario.net\/portal\/2024\/10\/22\/denuncian-coimas-a-diputados-para-eleccion-de-fiscal-general\/#article","isPartOf":{"@id":"https:\/\/www.eldiario.net\/portal\/2024\/10\/22\/denuncian-coimas-a-diputados-para-eleccion-de-fiscal-general\/"},"author":{"name":"Jeanette","@id":"https:\/\/www.eldiario.net\/portal\/#\/schema\/person\/2c57cf2b7a7ae032e449e4c9b1019eac"},"headline":"Denuncian coimas a diputados para elecci\u00f3n de Fiscal General","datePublished":"2024-10-22T09:38:19+00:00","mainEntityOfPage":{"@id":"https:\/\/www.eldiario.net\/portal\/2024\/10\/22\/denuncian-coimas-a-diputados-para-eleccion-de-fiscal-general\/"},"wordCount":476,"publisher":{"@id":"https:\/\/www.eldiario.net\/portal\/#organization"},"image":{"@id":"https:\/\/www.eldiario.net\/portal\/2024\/10\/22\/denuncian-coimas-a-diputados-para-eleccion-de-fiscal-general\/#primaryimage"},"thumbnailUrl":"https:\/\/www.eldiario.net\/portal\/wp-content\/uploads\/2024\/10\/COIMAS-FOTO.jpg","articleSection":["Sociedad - Seguridad"],"inLanguage":"es"},{"@type":"WebPage","@id":"https:\/\/www.eldiario.net\/portal\/2024\/10\/22\/denuncian-coimas-a-diputados-para-eleccion-de-fiscal-general\/","url":"https:\/\/www.eldiario.net\/portal\/2024\/10\/22\/denuncian-coimas-a-diputados-para-eleccion-de-fiscal-general\/","name":"Denuncian coimas a diputados para elecci\u00f3n de Fiscal General - El Diario - Bolivia","isPartOf":{"@id":"https:\/\/www.eldiario.net\/portal\/#website"},"primaryImageOfPage":{"@id":"https:\/\/www.eldiario.net\/portal\/2024\/10\/22\/denuncian-coimas-a-diputados-para-eleccion-de-fiscal-general\/#primaryimage"},"image":{"@id":"https:\/\/www.eldiario.net\/portal\/2024\/10\/22\/denuncian-coimas-a-diputados-para-eleccion-de-fiscal-general\/#primaryimage"},"thumbnailUrl":"https:\/\/www.eldiario.net\/portal\/wp-content\/uploads\/2024\/10\/COIMAS-FOTO.jpg","datePublished":"2024-10-22T09:38:19+00:00","breadcrumb":{"@id":"https:\/\/www.eldiario.net\/portal\/2024\/10\/22\/denuncian-coimas-a-diputados-para-eleccion-de-fiscal-general\/#breadcrumb"},"inLanguage":"es","potentialAction":[{"@type":"ReadAction","target":["https:\/\/www.eldiario.net\/portal\/2024\/10\/22\/denuncian-coimas-a-diputados-para-eleccion-de-fiscal-general\/"]}]},{"@type":"ImageObject","inLanguage":"es","@id":"https:\/\/www.eldiario.net\/portal\/2024\/10\/22\/denuncian-coimas-a-diputados-para-eleccion-de-fiscal-general\/#primaryimage","url":"https:\/\/www.eldiario.net\/portal\/wp-content\/uploads\/2024\/10\/COIMAS-FOTO.jpg","contentUrl":"https:\/\/www.eldiario.net\/portal\/wp-content\/uploads\/2024\/10\/COIMAS-FOTO.jpg","width":1200,"height":894,"caption":"Ayer se realizaron las primeras votaciones para elegir Fiscal General en la ALP. Foto: APG"},{"@type":"BreadcrumbList","@id":"https:\/\/www.eldiario.net\/portal\/2024\/10\/22\/denuncian-coimas-a-diputados-para-eleccion-de-fiscal-general\/#breadcrumb","itemListElement":[{"@type":"ListItem","position":1,"name":"Portada","item":"https:\/\/www.eldiario.net\/portal\/"},{"@type":"ListItem","position":2,"name":"Denuncian coimas a diputados para elecci\u00f3n de Fiscal General"}]},{"@type":"WebSite","@id":"https:\/\/www.eldiario.net\/portal\/#website","url":"https:\/\/www.eldiario.net\/portal\/","name":"El Diario - Decano de la prensa nacional","description":"El Diario - Decano de la prensa nacional","publisher":{"@id":"https:\/\/www.eldiario.net\/portal\/#organization"},"potentialAction":[{"@type":"SearchAction","target":{"@type":"EntryPoint","urlTemplate":"https:\/\/www.eldiario.net\/portal\/?s={search_term_string}"},"query-input":{"@type":"PropertyValueSpecification","valueRequired":true,"valueName":"search_term_string"}}],"inLanguage":"es"},{"@type":"Organization","@id":"https:\/\/www.eldiario.net\/portal\/#organization","name":"El Diario - Decano de la prensa nacional","url":"https:\/\/www.eldiario.net\/portal\/","logo":{"@type":"ImageObject","inLanguage":"es","@id":"https:\/\/www.eldiario.net\/portal\/#\/schema\/logo\/image\/","url":"https:\/\/www.eldiario.net\/portal\/wp-content\/uploads\/2023\/07\/logo_ED.jpg","contentUrl":"https:\/\/www.eldiario.net\/portal\/wp-content\/uploads\/2023\/07\/logo_ED.jpg","width":272,"height":52,"caption":"El Diario - Decano de la prensa nacional"},"image":{"@id":"https:\/\/www.eldiario.net\/portal\/#\/schema\/logo\/image\/"},"sameAs":["https:\/\/www.facebook.com\/eldiario.bolivia\/","https:\/\/x.com\/eldiario_net"]},{"@type":"Person","@id":"https:\/\/www.eldiario.net\/portal\/#\/schema\/person\/2c57cf2b7a7ae032e449e4c9b1019eac","name":"Jeanette","image":{"@type":"ImageObject","inLanguage":"es","@id":"https:\/\/secure.gravatar.com\/avatar\/3ea2118a5f7dad2b7138b1187a6b7ee55f160b9968b66013c3a3ef39dd7e5798?s=96&d=mm&r=g","url":"https:\/\/secure.gravatar.com\/avatar\/3ea2118a5f7dad2b7138b1187a6b7ee55f160b9968b66013c3a3ef39dd7e5798?s=96&d=mm&r=g","contentUrl":"https:\/\/secure.gravatar.com\/avatar\/3ea2118a5f7dad2b7138b1187a6b7ee55f160b9968b66013c3a3ef39dd7e5798?s=96&d=mm&r=g","caption":"Jeanette"},"sameAs":["https:\/\/www.eldiario.net\/portal"],"url":"https:\/\/www.eldiario.net\/portal\/author\/jeanette\/"}]}},"_links":{"self":[{"href":"https:\/\/www.eldiario.net\/portal\/wp-json\/wp\/v2\/posts\/255674","targetHints":{"allow":["GET"]}}],"collection":[{"href":"https:\/\/www.eldiario.net\/portal\/wp-json\/wp\/v2\/posts"}],"about":[{"href":"https:\/\/www.eldiario.net\/portal\/wp-json\/wp\/v2\/types\/post"}],"author":[{"embeddable":true,"href":"https:\/\/www.eldiario.net\/portal\/wp-json\/wp\/v2\/users\/1"}],"replies":[{"embeddable":true,"href":"https:\/\/www.eldiario.net\/portal\/wp-json\/wp\/v2\/comments?post=255674"}],"version-history":[{"count":1,"href":"https:\/\/www.eldiario.net\/portal\/wp-json\/wp\/v2\/posts\/255674\/revisions"}],"predecessor-version":[{"id":255676,"href":"https:\/\/www.eldiario.net\/portal\/wp-json\/wp\/v2\/posts\/255674\/revisions\/255676"}],"wp:featuredmedia":[{"embeddable":true,"href":"https:\/\/www.eldiario.net\/portal\/wp-json\/wp\/v2\/media\/255675"}],"wp:attachment":[{"href":"https:\/\/www.eldiario.net\/portal\/wp-json\/wp\/v2\/media?parent=255674"}],"wp:term":[{"taxonomy":"category","embeddable":true,"href":"https:\/\/www.eldiario.net\/portal\/wp-json\/wp\/v2\/categories?post=255674"},{"taxonomy":"post_tag","embeddable":true,"href":"https:\/\/www.eldiario.net\/portal\/wp-json\/wp\/v2\/tags?post=255674"}],"curies":[{"name":"wp","href":"https:\/\/api.w.org\/{rel}","templated":true}]}}