{"id":255665,"date":"2024-10-22T05:34:53","date_gmt":"2024-10-22T09:34:53","guid":{"rendered":"https:\/\/www.eldiario.net\/portal\/?p=255665"},"modified":"2024-10-22T05:34:53","modified_gmt":"2024-10-22T09:34:53","slug":"gestion-ineficaz-de-ypfb-agrava-crisis-de-combustible-en-el-pais","status":"publish","type":"post","link":"https:\/\/www.eldiario.net\/portal\/2024\/10\/22\/gestion-ineficaz-de-ypfb-agrava-crisis-de-combustible-en-el-pais\/","title":{"rendered":"Gesti\u00f3n ineficaz de YPFB agrava crisis de combustible en el pa\u00eds"},"content":{"rendered":"<p>La crisis de combustible en Bolivia, exacerbada por los bloqueos promovidos por seguidores de Evo Morales, es solo la punta del iceberg de una gesti\u00f3n deficiente por parte de Yacimientos Petrol\u00edferos Fiscales Bolivianos (YPFB). Si bien los bloqueos comenzaron en Cochabamba y se extendieron gradualmente a otras regiones, la ra\u00edz del problema radica en la incapacidad de Yacimientos Petrol\u00edferos Bolivianos (YPFB) para gestionar eficazmente sus operaciones.<\/p>\n<p>Desde el 30 de septiembre, tres buques cargados con combustible permanecen inmovilizados en el puerto de Arica debido a la falta de divisas, lo que impide pagar el costo de la descarga.<\/p>\n<p>El buque Fourni lleg\u00f3 el 30 de septiembre, el Cururo el 3 de octubre y el Largo Ed\u00e9n el 8 de octubre, sin que hasta la fecha se haya logrado descargar el combustible, situaci\u00f3n que agrava el desabastecimiento en el pa\u00eds.<\/p>\n<p>La periodista chilena Ximena Astudillo, de El Mostrador, inform\u00f3 sobre la presencia de estos buques varados en el puerto de Arica y cuestion\u00f3 la narrativa oficial que culpa exclusivamente a los bloqueos.<\/p>\n<p>Seg\u00fan Astudillo, esta explicaci\u00f3n es una verdad a medias, ya que el verdadero problema es la falta de inversi\u00f3n en infraestructura clave, como la terminal de Sica Sica, lo que ha impedido el adecuado manejo del suministro de combustible.<\/p>\n<p>Agreg\u00f3 que en varias oportunidades envi\u00f3 cuestionarios a YPFB para acceder a mayor informaci\u00f3n, pero nunca fue atendida por funcionarios de la estatal petrolera.<\/p>\n<p>El problema del desabastecimiento de carburantes se viene arrastrando desde hace tiempo, acentuado por una gesti\u00f3n deficiente en YPFB.<\/p>\n<p>La situaci\u00f3n lleg\u00f3 al extremo de que uno de los barcos, listo para descargar, tuvo que abandonar el puerto, al parecer por la falta de pago, seg\u00fan declaraciones de la periodista al programa Antes del Mediod\u00eda de Radio Fides y Fides TV, que conduce el periodista Jhon Arandia.<\/p>\n<p>El presidente del Colegio Departamental de Economistas de Tarija, Fernando Romero, en contacto con EL DIARIO se\u00f1al\u00f3 que la escasez de carburantes est\u00e1 directamente relacionada con la falta de divisas, lo que se agrava a\u00fan m\u00e1s por el creciente d\u00e9ficit fiscal del pa\u00eds.<\/p>\n<p>En medio de este caos, se supo que el presidente del Estado, Luis Arce Catacora, contact\u00f3 a su hom\u00f3logo chileno, Gabriel Boric, para pedir el levantamiento de los bloqueos que impiden el paso de cisternas con combustible. Sin embargo, Astudillo aclar\u00f3 que este tema est\u00e1 en manos de la justicia chilena, que se pronunciar\u00e1 al respecto en los pr\u00f3ximos d\u00edas.<\/p>\n<p>Mientras el Gobierno culpa a Evo Morales y a los bloqueos por el desabastecimiento.<\/p>\n<p>Al respecto el propio Morales respondi\u00f3 que la verdadera causa es la falta de d\u00f3lares para pagar las importaciones de combustible. A pesar de estas acusaciones, YPFB ha negado las dificultades financieras, afirmando que desde septiembre se ha desembolsado un \u00abmonto significativo\u00bb para la compra de m\u00e1s de 128 millones de litros de gasolina, di\u00e9sel y crudo, seg\u00fan el vicepresidente de Operaciones de la estatal petrolera, Ariel Monta\u00f1o.<\/p>\n<p>La realidad, sin embargo, es que Bolivia consume alrededor de 6 millones de litros de di\u00e9sel y una cantidad similar de gasolina al d\u00eda, lo que eleva el consumo mensual a m\u00e1s de 200 millones de litros. Frente a esta demanda, la gesti\u00f3n de YPFB sigue siendo insuficiente, dejando al pa\u00eds al borde de una grave crisis energ\u00e9tica.<\/p>\n","protected":false},"excerpt":{"rendered":"<p>La crisis de combustible en Bolivia, exacerbada por los bloqueos promovidos por seguidores de Evo Morales, es solo la punta del iceberg de una gesti\u00f3n deficiente por parte de Yacimientos Petrol\u00edferos Fiscales Bolivianos (YPFB). Si bien los bloqueos comenzaron en Cochabamba y se extendieron gradualmente a otras regiones, la ra\u00edz del problema radica en la [&hellip;]<\/p>\n","protected":false},"author":1,"featured_media":255666,"comment_status":"closed","ping_status":"open","sticky":false,"template":"","format":"standard","meta":{"_acf_changed":false,"footnotes":""},"categories":[17],"tags":[],"class_list":["post-255665","post","type-post","status-publish","format-standard","has-post-thumbnail","category-principal"],"acf":{"antetitulo":""},"yoast_head":"<!-- This site is optimized with the Yoast SEO plugin v28.4 - https:\/\/yoast.com\/product\/yoast-seo-wordpress\/ -->\n<title>Gesti\u00f3n ineficaz de YPFB agrava crisis de combustible en el pa\u00eds - El Diario - Bolivia<\/title>\n<meta name=\"robots\" content=\"index, follow, max-snippet:-1, max-image-preview:large, max-video-preview:-1\" \/>\n<link rel=\"canonical\" href=\"https:\/\/www.eldiario.net\/portal\/2024\/10\/22\/gestion-ineficaz-de-ypfb-agrava-crisis-de-combustible-en-el-pais\/\" \/>\n<meta property=\"og:locale\" content=\"es_ES\" \/>\n<meta property=\"og:type\" content=\"article\" \/>\n<meta property=\"og:title\" content=\"Gesti\u00f3n ineficaz de YPFB agrava crisis de combustible en el pa\u00eds - El Diario - Bolivia\" \/>\n<meta property=\"og:description\" content=\"La crisis de combustible en Bolivia, exacerbada por los bloqueos promovidos por seguidores de Evo Morales, es solo la punta del iceberg de una gesti\u00f3n deficiente por parte de Yacimientos Petrol\u00edferos Fiscales Bolivianos (YPFB). Si bien los bloqueos comenzaron en Cochabamba y se extendieron gradualmente a otras regiones, la ra\u00edz del problema radica en la [&hellip;]\" \/>\n<meta property=\"og:url\" content=\"https:\/\/www.eldiario.net\/portal\/2024\/10\/22\/gestion-ineficaz-de-ypfb-agrava-crisis-de-combustible-en-el-pais\/\" \/>\n<meta property=\"og:site_name\" content=\"El Diario - Bolivia\" \/>\n<meta property=\"article:publisher\" content=\"https:\/\/www.facebook.com\/eldiario.bolivia\/\" \/>\n<meta property=\"article:published_time\" content=\"2024-10-22T09:34:53+00:00\" \/>\n<meta property=\"og:image\" content=\"https:\/\/www.eldiario.net\/portal\/wp-content\/uploads\/2024\/10\/APER-FOTO-1.jpg\" \/>\n\t<meta property=\"og:image:width\" content=\"1080\" \/>\n\t<meta property=\"og:image:height\" content=\"1287\" \/>\n\t<meta property=\"og:image:type\" content=\"image\/jpeg\" \/>\n<meta name=\"author\" content=\"Jeanette\" \/>\n<meta name=\"twitter:card\" content=\"summary_large_image\" \/>\n<meta name=\"twitter:creator\" content=\"@eldiario_net\" \/>\n<meta name=\"twitter:site\" content=\"@eldiario_net\" \/>\n<meta name=\"twitter:label1\" content=\"Escrito por\" \/>\n\t<meta name=\"twitter:data1\" content=\"Jeanette\" \/>\n\t<meta name=\"twitter:label2\" content=\"Tiempo de lectura\" \/>\n\t<meta name=\"twitter:data2\" content=\"3 minutos\" \/>\n<script type=\"application\/ld+json\" class=\"yoast-schema-graph\">{\"@context\":\"https:\\\/\\\/schema.org\",\"@graph\":[{\"@type\":\"Article\",\"@id\":\"https:\\\/\\\/www.eldiario.net\\\/portal\\\/2024\\\/10\\\/22\\\/gestion-ineficaz-de-ypfb-agrava-crisis-de-combustible-en-el-pais\\\/#article\",\"isPartOf\":{\"@id\":\"https:\\\/\\\/www.eldiario.net\\\/portal\\\/2024\\\/10\\\/22\\\/gestion-ineficaz-de-ypfb-agrava-crisis-de-combustible-en-el-pais\\\/\"},\"author\":{\"name\":\"Jeanette\",\"@id\":\"https:\\\/\\\/www.eldiario.net\\\/portal\\\/#\\\/schema\\\/person\\\/f46445640444750d7d753ccd04ae01b7\"},\"headline\":\"Gesti\u00f3n ineficaz de YPFB agrava crisis de combustible en el pa\u00eds\",\"datePublished\":\"2024-10-22T09:34:53+00:00\",\"mainEntityOfPage\":{\"@id\":\"https:\\\/\\\/www.eldiario.net\\\/portal\\\/2024\\\/10\\\/22\\\/gestion-ineficaz-de-ypfb-agrava-crisis-de-combustible-en-el-pais\\\/\"},\"wordCount\":584,\"publisher\":{\"@id\":\"https:\\\/\\\/www.eldiario.net\\\/portal\\\/#organization\"},\"image\":{\"@id\":\"https:\\\/\\\/www.eldiario.net\\\/portal\\\/2024\\\/10\\\/22\\\/gestion-ineficaz-de-ypfb-agrava-crisis-de-combustible-en-el-pais\\\/#primaryimage\"},\"thumbnailUrl\":\"https:\\\/\\\/www.eldiario.net\\\/portal\\\/wp-content\\\/uploads\\\/2024\\\/10\\\/APER-FOTO-1.jpg\",\"articleSection\":[\"Principal\"],\"inLanguage\":\"es\"},{\"@type\":\"WebPage\",\"@id\":\"https:\\\/\\\/www.eldiario.net\\\/portal\\\/2024\\\/10\\\/22\\\/gestion-ineficaz-de-ypfb-agrava-crisis-de-combustible-en-el-pais\\\/\",\"url\":\"https:\\\/\\\/www.eldiario.net\\\/portal\\\/2024\\\/10\\\/22\\\/gestion-ineficaz-de-ypfb-agrava-crisis-de-combustible-en-el-pais\\\/\",\"name\":\"Gesti\u00f3n ineficaz de YPFB agrava crisis de combustible en el pa\u00eds - El Diario - Bolivia\",\"isPartOf\":{\"@id\":\"https:\\\/\\\/www.eldiario.net\\\/portal\\\/#website\"},\"primaryImageOfPage\":{\"@id\":\"https:\\\/\\\/www.eldiario.net\\\/portal\\\/2024\\\/10\\\/22\\\/gestion-ineficaz-de-ypfb-agrava-crisis-de-combustible-en-el-pais\\\/#primaryimage\"},\"image\":{\"@id\":\"https:\\\/\\\/www.eldiario.net\\\/portal\\\/2024\\\/10\\\/22\\\/gestion-ineficaz-de-ypfb-agrava-crisis-de-combustible-en-el-pais\\\/#primaryimage\"},\"thumbnailUrl\":\"https:\\\/\\\/www.eldiario.net\\\/portal\\\/wp-content\\\/uploads\\\/2024\\\/10\\\/APER-FOTO-1.jpg\",\"datePublished\":\"2024-10-22T09:34:53+00:00\",\"breadcrumb\":{\"@id\":\"https:\\\/\\\/www.eldiario.net\\\/portal\\\/2024\\\/10\\\/22\\\/gestion-ineficaz-de-ypfb-agrava-crisis-de-combustible-en-el-pais\\\/#breadcrumb\"},\"inLanguage\":\"es\",\"potentialAction\":[{\"@type\":\"ReadAction\",\"target\":[\"https:\\\/\\\/www.eldiario.net\\\/portal\\\/2024\\\/10\\\/22\\\/gestion-ineficaz-de-ypfb-agrava-crisis-de-combustible-en-el-pais\\\/\"]}]},{\"@type\":\"ImageObject\",\"inLanguage\":\"es\",\"@id\":\"https:\\\/\\\/www.eldiario.net\\\/portal\\\/2024\\\/10\\\/22\\\/gestion-ineficaz-de-ypfb-agrava-crisis-de-combustible-en-el-pais\\\/#primaryimage\",\"url\":\"https:\\\/\\\/www.eldiario.net\\\/portal\\\/wp-content\\\/uploads\\\/2024\\\/10\\\/APER-FOTO-1.jpg\",\"contentUrl\":\"https:\\\/\\\/www.eldiario.net\\\/portal\\\/wp-content\\\/uploads\\\/2024\\\/10\\\/APER-FOTO-1.jpg\",\"width\":1080,\"height\":1287,\"caption\":\"LA FOTOGRAF\u00cdA MUESTRA LA LISTA EN LA QUE FIGURAN LOS TRES BARCOS QUE SE ENCUENTRAN EN EL PUERTO DE ARICA A LA ESPERA DE DESCARGAR COMBUSTIBLE PARA BOLIVIA. FOTO: RRSS\"},{\"@type\":\"BreadcrumbList\",\"@id\":\"https:\\\/\\\/www.eldiario.net\\\/portal\\\/2024\\\/10\\\/22\\\/gestion-ineficaz-de-ypfb-agrava-crisis-de-combustible-en-el-pais\\\/#breadcrumb\",\"itemListElement\":[{\"@type\":\"ListItem\",\"position\":1,\"name\":\"Portada\",\"item\":\"https:\\\/\\\/www.eldiario.net\\\/portal\\\/\"},{\"@type\":\"ListItem\",\"position\":2,\"name\":\"Gesti\u00f3n ineficaz de YPFB agrava crisis de combustible en el pa\u00eds\"}]},{\"@type\":\"WebSite\",\"@id\":\"https:\\\/\\\/www.eldiario.net\\\/portal\\\/#website\",\"url\":\"https:\\\/\\\/www.eldiario.net\\\/portal\\\/\",\"name\":\"El Diario - Decano de la prensa nacional\",\"description\":\"El Diario - Decano de la prensa nacional\",\"publisher\":{\"@id\":\"https:\\\/\\\/www.eldiario.net\\\/portal\\\/#organization\"},\"potentialAction\":[{\"@type\":\"SearchAction\",\"target\":{\"@type\":\"EntryPoint\",\"urlTemplate\":\"https:\\\/\\\/www.eldiario.net\\\/portal\\\/?s={search_term_string}\"},\"query-input\":{\"@type\":\"PropertyValueSpecification\",\"valueRequired\":true,\"valueName\":\"search_term_string\"}}],\"inLanguage\":\"es\"},{\"@type\":\"Organization\",\"@id\":\"https:\\\/\\\/www.eldiario.net\\\/portal\\\/#organization\",\"name\":\"El Diario - Decano de la prensa nacional\",\"url\":\"https:\\\/\\\/www.eldiario.net\\\/portal\\\/\",\"logo\":{\"@type\":\"ImageObject\",\"inLanguage\":\"es\",\"@id\":\"https:\\\/\\\/www.eldiario.net\\\/portal\\\/#\\\/schema\\\/logo\\\/image\\\/\",\"url\":\"https:\\\/\\\/www.eldiario.net\\\/portal\\\/wp-content\\\/uploads\\\/2023\\\/07\\\/logo_ED.jpg\",\"contentUrl\":\"https:\\\/\\\/www.eldiario.net\\\/portal\\\/wp-content\\\/uploads\\\/2023\\\/07\\\/logo_ED.jpg\",\"width\":272,\"height\":52,\"caption\":\"El Diario - Decano de la prensa nacional\"},\"image\":{\"@id\":\"https:\\\/\\\/www.eldiario.net\\\/portal\\\/#\\\/schema\\\/logo\\\/image\\\/\"},\"sameAs\":[\"https:\\\/\\\/www.facebook.com\\\/eldiario.bolivia\\\/\",\"https:\\\/\\\/x.com\\\/eldiario_net\"]},{\"@type\":\"Person\",\"@id\":\"https:\\\/\\\/www.eldiario.net\\\/portal\\\/#\\\/schema\\\/person\\\/f46445640444750d7d753ccd04ae01b7\",\"name\":\"Jeanette\",\"image\":{\"@type\":\"ImageObject\",\"inLanguage\":\"es\",\"@id\":\"https:\\\/\\\/secure.gravatar.com\\\/avatar\\\/3ea2118a5f7dad2b7138b1187a6b7ee55f160b9968b66013c3a3ef39dd7e5798?s=96&d=mm&r=g\",\"url\":\"https:\\\/\\\/secure.gravatar.com\\\/avatar\\\/3ea2118a5f7dad2b7138b1187a6b7ee55f160b9968b66013c3a3ef39dd7e5798?s=96&d=mm&r=g\",\"contentUrl\":\"https:\\\/\\\/secure.gravatar.com\\\/avatar\\\/3ea2118a5f7dad2b7138b1187a6b7ee55f160b9968b66013c3a3ef39dd7e5798?s=96&d=mm&r=g\",\"caption\":\"Jeanette\"},\"sameAs\":[\"https:\\\/\\\/www.eldiario.net\\\/portal\"],\"url\":\"https:\\\/\\\/www.eldiario.net\\\/portal\\\/author\\\/jeanette\\\/\"}]}<\/script>\n<!-- \/ Yoast SEO plugin. -->","yoast_head_json":{"title":"Gesti\u00f3n ineficaz de YPFB agrava crisis de combustible en el pa\u00eds - El Diario - Bolivia","robots":{"index":"index","follow":"follow","max-snippet":"max-snippet:-1","max-image-preview":"max-image-preview:large","max-video-preview":"max-video-preview:-1"},"canonical":"https:\/\/www.eldiario.net\/portal\/2024\/10\/22\/gestion-ineficaz-de-ypfb-agrava-crisis-de-combustible-en-el-pais\/","og_locale":"es_ES","og_type":"article","og_title":"Gesti\u00f3n ineficaz de YPFB agrava crisis de combustible en el pa\u00eds - El Diario - Bolivia","og_description":"La crisis de combustible en Bolivia, exacerbada por los bloqueos promovidos por seguidores de Evo Morales, es solo la punta del iceberg de una gesti\u00f3n deficiente por parte de Yacimientos Petrol\u00edferos Fiscales Bolivianos (YPFB). Si bien los bloqueos comenzaron en Cochabamba y se extendieron gradualmente a otras regiones, la ra\u00edz del problema radica en la [&hellip;]","og_url":"https:\/\/www.eldiario.net\/portal\/2024\/10\/22\/gestion-ineficaz-de-ypfb-agrava-crisis-de-combustible-en-el-pais\/","og_site_name":"El Diario - Bolivia","article_publisher":"https:\/\/www.facebook.com\/eldiario.bolivia\/","article_published_time":"2024-10-22T09:34:53+00:00","og_image":[{"width":1080,"height":1287,"url":"https:\/\/www.eldiario.net\/portal\/wp-content\/uploads\/2024\/10\/APER-FOTO-1.jpg","type":"image\/jpeg"}],"author":"Jeanette","twitter_card":"summary_large_image","twitter_creator":"@eldiario_net","twitter_site":"@eldiario_net","twitter_misc":{"Escrito por":"Jeanette","Tiempo de lectura":"3 minutos"},"schema":{"@context":"https:\/\/schema.org","@graph":[{"@type":"Article","@id":"https:\/\/www.eldiario.net\/portal\/2024\/10\/22\/gestion-ineficaz-de-ypfb-agrava-crisis-de-combustible-en-el-pais\/#article","isPartOf":{"@id":"https:\/\/www.eldiario.net\/portal\/2024\/10\/22\/gestion-ineficaz-de-ypfb-agrava-crisis-de-combustible-en-el-pais\/"},"author":{"name":"Jeanette","@id":"https:\/\/www.eldiario.net\/portal\/#\/schema\/person\/f46445640444750d7d753ccd04ae01b7"},"headline":"Gesti\u00f3n ineficaz de YPFB agrava crisis de combustible en el pa\u00eds","datePublished":"2024-10-22T09:34:53+00:00","mainEntityOfPage":{"@id":"https:\/\/www.eldiario.net\/portal\/2024\/10\/22\/gestion-ineficaz-de-ypfb-agrava-crisis-de-combustible-en-el-pais\/"},"wordCount":584,"publisher":{"@id":"https:\/\/www.eldiario.net\/portal\/#organization"},"image":{"@id":"https:\/\/www.eldiario.net\/portal\/2024\/10\/22\/gestion-ineficaz-de-ypfb-agrava-crisis-de-combustible-en-el-pais\/#primaryimage"},"thumbnailUrl":"https:\/\/www.eldiario.net\/portal\/wp-content\/uploads\/2024\/10\/APER-FOTO-1.jpg","articleSection":["Principal"],"inLanguage":"es"},{"@type":"WebPage","@id":"https:\/\/www.eldiario.net\/portal\/2024\/10\/22\/gestion-ineficaz-de-ypfb-agrava-crisis-de-combustible-en-el-pais\/","url":"https:\/\/www.eldiario.net\/portal\/2024\/10\/22\/gestion-ineficaz-de-ypfb-agrava-crisis-de-combustible-en-el-pais\/","name":"Gesti\u00f3n ineficaz de YPFB agrava crisis de combustible en el pa\u00eds - El Diario - Bolivia","isPartOf":{"@id":"https:\/\/www.eldiario.net\/portal\/#website"},"primaryImageOfPage":{"@id":"https:\/\/www.eldiario.net\/portal\/2024\/10\/22\/gestion-ineficaz-de-ypfb-agrava-crisis-de-combustible-en-el-pais\/#primaryimage"},"image":{"@id":"https:\/\/www.eldiario.net\/portal\/2024\/10\/22\/gestion-ineficaz-de-ypfb-agrava-crisis-de-combustible-en-el-pais\/#primaryimage"},"thumbnailUrl":"https:\/\/www.eldiario.net\/portal\/wp-content\/uploads\/2024\/10\/APER-FOTO-1.jpg","datePublished":"2024-10-22T09:34:53+00:00","breadcrumb":{"@id":"https:\/\/www.eldiario.net\/portal\/2024\/10\/22\/gestion-ineficaz-de-ypfb-agrava-crisis-de-combustible-en-el-pais\/#breadcrumb"},"inLanguage":"es","potentialAction":[{"@type":"ReadAction","target":["https:\/\/www.eldiario.net\/portal\/2024\/10\/22\/gestion-ineficaz-de-ypfb-agrava-crisis-de-combustible-en-el-pais\/"]}]},{"@type":"ImageObject","inLanguage":"es","@id":"https:\/\/www.eldiario.net\/portal\/2024\/10\/22\/gestion-ineficaz-de-ypfb-agrava-crisis-de-combustible-en-el-pais\/#primaryimage","url":"https:\/\/www.eldiario.net\/portal\/wp-content\/uploads\/2024\/10\/APER-FOTO-1.jpg","contentUrl":"https:\/\/www.eldiario.net\/portal\/wp-content\/uploads\/2024\/10\/APER-FOTO-1.jpg","width":1080,"height":1287,"caption":"LA FOTOGRAF\u00cdA MUESTRA LA LISTA EN LA QUE FIGURAN LOS TRES BARCOS QUE SE ENCUENTRAN EN EL PUERTO DE ARICA A LA ESPERA DE DESCARGAR COMBUSTIBLE PARA BOLIVIA. FOTO: RRSS"},{"@type":"BreadcrumbList","@id":"https:\/\/www.eldiario.net\/portal\/2024\/10\/22\/gestion-ineficaz-de-ypfb-agrava-crisis-de-combustible-en-el-pais\/#breadcrumb","itemListElement":[{"@type":"ListItem","position":1,"name":"Portada","item":"https:\/\/www.eldiario.net\/portal\/"},{"@type":"ListItem","position":2,"name":"Gesti\u00f3n ineficaz de YPFB agrava crisis de combustible en el pa\u00eds"}]},{"@type":"WebSite","@id":"https:\/\/www.eldiario.net\/portal\/#website","url":"https:\/\/www.eldiario.net\/portal\/","name":"El Diario - Decano de la prensa nacional","description":"El Diario - Decano de la prensa nacional","publisher":{"@id":"https:\/\/www.eldiario.net\/portal\/#organization"},"potentialAction":[{"@type":"SearchAction","target":{"@type":"EntryPoint","urlTemplate":"https:\/\/www.eldiario.net\/portal\/?s={search_term_string}"},"query-input":{"@type":"PropertyValueSpecification","valueRequired":true,"valueName":"search_term_string"}}],"inLanguage":"es"},{"@type":"Organization","@id":"https:\/\/www.eldiario.net\/portal\/#organization","name":"El Diario - Decano de la prensa nacional","url":"https:\/\/www.eldiario.net\/portal\/","logo":{"@type":"ImageObject","inLanguage":"es","@id":"https:\/\/www.eldiario.net\/portal\/#\/schema\/logo\/image\/","url":"https:\/\/www.eldiario.net\/portal\/wp-content\/uploads\/2023\/07\/logo_ED.jpg","contentUrl":"https:\/\/www.eldiario.net\/portal\/wp-content\/uploads\/2023\/07\/logo_ED.jpg","width":272,"height":52,"caption":"El Diario - Decano de la prensa nacional"},"image":{"@id":"https:\/\/www.eldiario.net\/portal\/#\/schema\/logo\/image\/"},"sameAs":["https:\/\/www.facebook.com\/eldiario.bolivia\/","https:\/\/x.com\/eldiario_net"]},{"@type":"Person","@id":"https:\/\/www.eldiario.net\/portal\/#\/schema\/person\/f46445640444750d7d753ccd04ae01b7","name":"Jeanette","image":{"@type":"ImageObject","inLanguage":"es","@id":"https:\/\/secure.gravatar.com\/avatar\/3ea2118a5f7dad2b7138b1187a6b7ee55f160b9968b66013c3a3ef39dd7e5798?s=96&d=mm&r=g","url":"https:\/\/secure.gravatar.com\/avatar\/3ea2118a5f7dad2b7138b1187a6b7ee55f160b9968b66013c3a3ef39dd7e5798?s=96&d=mm&r=g","contentUrl":"https:\/\/secure.gravatar.com\/avatar\/3ea2118a5f7dad2b7138b1187a6b7ee55f160b9968b66013c3a3ef39dd7e5798?s=96&d=mm&r=g","caption":"Jeanette"},"sameAs":["https:\/\/www.eldiario.net\/portal"],"url":"https:\/\/www.eldiario.net\/portal\/author\/jeanette\/"}]}},"_links":{"self":[{"href":"https:\/\/www.eldiario.net\/portal\/wp-json\/wp\/v2\/posts\/255665","targetHints":{"allow":["GET"]}}],"collection":[{"href":"https:\/\/www.eldiario.net\/portal\/wp-json\/wp\/v2\/posts"}],"about":[{"href":"https:\/\/www.eldiario.net\/portal\/wp-json\/wp\/v2\/types\/post"}],"author":[{"embeddable":true,"href":"https:\/\/www.eldiario.net\/portal\/wp-json\/wp\/v2\/users\/1"}],"replies":[{"embeddable":true,"href":"https:\/\/www.eldiario.net\/portal\/wp-json\/wp\/v2\/comments?post=255665"}],"version-history":[{"count":1,"href":"https:\/\/www.eldiario.net\/portal\/wp-json\/wp\/v2\/posts\/255665\/revisions"}],"predecessor-version":[{"id":255667,"href":"https:\/\/www.eldiario.net\/portal\/wp-json\/wp\/v2\/posts\/255665\/revisions\/255667"}],"wp:featuredmedia":[{"embeddable":true,"href":"https:\/\/www.eldiario.net\/portal\/wp-json\/wp\/v2\/media\/255666"}],"wp:attachment":[{"href":"https:\/\/www.eldiario.net\/portal\/wp-json\/wp\/v2\/media?parent=255665"}],"wp:term":[{"taxonomy":"category","embeddable":true,"href":"https:\/\/www.eldiario.net\/portal\/wp-json\/wp\/v2\/categories?post=255665"},{"taxonomy":"post_tag","embeddable":true,"href":"https:\/\/www.eldiario.net\/portal\/wp-json\/wp\/v2\/tags?post=255665"}],"curies":[{"name":"wp","href":"https:\/\/api.w.org\/{rel}","templated":true}]}}