{"id":255656,"date":"2024-10-22T05:33:01","date_gmt":"2024-10-22T09:33:01","guid":{"rendered":"https:\/\/www.eldiario.net\/portal\/?p=255656"},"modified":"2024-10-22T05:33:01","modified_gmt":"2024-10-22T09:33:01","slug":"deniegan-recurso-de-excepcion-a-expresidenta-jeanine-anez","status":"publish","type":"post","link":"https:\/\/www.eldiario.net\/portal\/2024\/10\/22\/deniegan-recurso-de-excepcion-a-expresidenta-jeanine-anez\/","title":{"rendered":"Deniegan recurso de excepci\u00f3n a expresidenta Jeanine A\u00f1ez"},"content":{"rendered":"<p>El tribunal del caso Senkata determin\u00f3 ayer denegar el recurso de excepci\u00f3n de incompetencia que hab\u00eda presentado la expresidenta del Estado, Jeanine A\u00f1ez Ch\u00e1vez, con la intenci\u00f3n de reconducir su procesamiento de la v\u00eda ordinaria hacia juicio de responsabilidades.<\/p>\n<p>A\u00f1ez pretend\u00eda que Evo Morales y el exministro Iv\u00e1n Lima sean testigos en este recurso, pero ninguno de los dos estuvo presente, pese a que el tribunal dispuso que sean notificados.<\/p>\n<p>Ante la ausencia de los testigos, la defensa de A\u00f1ez pidi\u00f3 emitir la orden de aprehensi\u00f3n respectiva, pero la autoridad judicial rechaz\u00f3 esa posibilidad y sigui\u00f3 adelante con la audiencia.<\/p>\n<p>La defensa de A\u00f1ez puso como pruebas las declaraciones de Lima y de Evo, para sustentar que a la expresidenta le corresponde juicio de responsabilidades.<\/p>\n<p>En sus declaraciones ante medios de comunicaci\u00f3n, Lima dijo que llevar a A\u00f1ez a juicio ordinario era un \u201ccapricho\u201d de Morales, mientras que el expresidente dijo que la decisi\u00f3n se tom\u00f3 en reuni\u00f3n con el presidente Luis Arce y ministros.<\/p>\n<p>Sin embargo, el tribunal consider\u00f3 que estas declaraciones en medios de comunicaci\u00f3n no son vinculantes y no se pueden tomar en cuenta.<\/p>\n<p>Adem\u00e1s, el tribunal sostuvo que la incompetencia planteada por la defensa de A\u00f1ez ya hab\u00eda sido resuelta con anterioridad, cuando a la expresidenta le negaron el juicio de responsabilidades.<\/p>\n<p>&nbsp;<\/p>\n<p>En ese marco, la autoridad judicial\u00a0 consider\u00f3 la actitud de la defensa como \u201cdilatoria, maliciosa y temeraria\u201d, por lo cual dispuso una multa de dos salarios m\u00ednimos para el abogado de A\u00f1ez, Luis Guill\u00e9n, y otros juristas que se sumaron al recurso de excepci\u00f3n de incompetencia.<\/p>\n<p>Los abogados afectados anunciaron que se apelar\u00e1 la decisi\u00f3n del tribunal, tanto en la denegaci\u00f3n del recurso como contra la multa.<\/p>\n<p>En tanto, el tribunal dispuso que el juicio del caso Senkata se retome hoy.<\/p>\n<p>A\u00f1ez considera que debe ser procesada en juicio de responsabilidades por el caso Senkata, toda vez que los hechos investigados ocurrieron cuando ejerc\u00eda el cargo de Presidenta del Estado. Sus acusadores consideran que le corresponde juicio ordinario porque no habr\u00eda asumido el cargo de manera constitucional. (Erbol)<\/p>\n","protected":false},"excerpt":{"rendered":"<p>El tribunal del caso Senkata determin\u00f3 ayer denegar el recurso de excepci\u00f3n de incompetencia que hab\u00eda presentado la expresidenta del Estado, Jeanine A\u00f1ez Ch\u00e1vez, con la intenci\u00f3n de reconducir su procesamiento de la v\u00eda ordinaria hacia juicio de responsabilidades. A\u00f1ez pretend\u00eda que Evo Morales y el exministro Iv\u00e1n Lima sean testigos en este recurso, pero [&hellip;]<\/p>\n","protected":false},"author":1,"featured_media":255657,"comment_status":"closed","ping_status":"open","sticky":false,"template":"","format":"standard","meta":{"_acf_changed":false,"footnotes":""},"categories":[15],"tags":[],"class_list":["post-255656","post","type-post","status-publish","format-standard","has-post-thumbnail","category-portada"],"acf":{"antetitulo":"Morales y Lima no se presentaron a audiencia del caso Senkata"},"yoast_head":"<!-- This site is optimized with the Yoast SEO plugin v28.4 - https:\/\/yoast.com\/product\/yoast-seo-wordpress\/ -->\n<title>Deniegan recurso de excepci\u00f3n a expresidenta Jeanine A\u00f1ez - El Diario - Bolivia<\/title>\n<meta name=\"robots\" content=\"index, follow, max-snippet:-1, max-image-preview:large, max-video-preview:-1\" \/>\n<link rel=\"canonical\" href=\"https:\/\/www.eldiario.net\/portal\/2024\/10\/22\/deniegan-recurso-de-excepcion-a-expresidenta-jeanine-anez\/\" \/>\n<meta property=\"og:locale\" content=\"es_ES\" \/>\n<meta property=\"og:type\" content=\"article\" \/>\n<meta property=\"og:title\" content=\"Deniegan recurso de excepci\u00f3n a expresidenta Jeanine A\u00f1ez - El Diario - Bolivia\" \/>\n<meta property=\"og:description\" content=\"El tribunal del caso Senkata determin\u00f3 ayer denegar el recurso de excepci\u00f3n de incompetencia que hab\u00eda presentado la expresidenta del Estado, Jeanine A\u00f1ez Ch\u00e1vez, con la intenci\u00f3n de reconducir su procesamiento de la v\u00eda ordinaria hacia juicio de responsabilidades. A\u00f1ez pretend\u00eda que Evo Morales y el exministro Iv\u00e1n Lima sean testigos en este recurso, pero [&hellip;]\" \/>\n<meta property=\"og:url\" content=\"https:\/\/www.eldiario.net\/portal\/2024\/10\/22\/deniegan-recurso-de-excepcion-a-expresidenta-jeanine-anez\/\" \/>\n<meta property=\"og:site_name\" content=\"El Diario - Bolivia\" \/>\n<meta property=\"article:publisher\" content=\"https:\/\/www.facebook.com\/eldiario.bolivia\/\" \/>\n<meta property=\"article:published_time\" content=\"2024-10-22T09:33:01+00:00\" \/>\n<meta property=\"og:image\" content=\"https:\/\/www.eldiario.net\/portal\/wp-content\/uploads\/2024\/10\/JEANINE-FOTO.jpg\" \/>\n\t<meta property=\"og:image:width\" content=\"772\" \/>\n\t<meta property=\"og:image:height\" content=\"483\" \/>\n\t<meta property=\"og:image:type\" content=\"image\/jpeg\" \/>\n<meta name=\"author\" content=\"Jeanette\" \/>\n<meta name=\"twitter:card\" content=\"summary_large_image\" \/>\n<meta name=\"twitter:creator\" content=\"@eldiario_net\" \/>\n<meta name=\"twitter:site\" content=\"@eldiario_net\" \/>\n<meta name=\"twitter:label1\" content=\"Escrito por\" \/>\n\t<meta name=\"twitter:data1\" content=\"Jeanette\" \/>\n\t<meta name=\"twitter:label2\" content=\"Tiempo de lectura\" \/>\n\t<meta name=\"twitter:data2\" content=\"2 minutos\" \/>\n<script type=\"application\/ld+json\" class=\"yoast-schema-graph\">{\"@context\":\"https:\\\/\\\/schema.org\",\"@graph\":[{\"@type\":\"Article\",\"@id\":\"https:\\\/\\\/www.eldiario.net\\\/portal\\\/2024\\\/10\\\/22\\\/deniegan-recurso-de-excepcion-a-expresidenta-jeanine-anez\\\/#article\",\"isPartOf\":{\"@id\":\"https:\\\/\\\/www.eldiario.net\\\/portal\\\/2024\\\/10\\\/22\\\/deniegan-recurso-de-excepcion-a-expresidenta-jeanine-anez\\\/\"},\"author\":{\"name\":\"Jeanette\",\"@id\":\"https:\\\/\\\/www.eldiario.net\\\/portal\\\/#\\\/schema\\\/person\\\/f46445640444750d7d753ccd04ae01b7\"},\"headline\":\"Deniegan recurso de excepci\u00f3n a expresidenta Jeanine A\u00f1ez\",\"datePublished\":\"2024-10-22T09:33:01+00:00\",\"mainEntityOfPage\":{\"@id\":\"https:\\\/\\\/www.eldiario.net\\\/portal\\\/2024\\\/10\\\/22\\\/deniegan-recurso-de-excepcion-a-expresidenta-jeanine-anez\\\/\"},\"wordCount\":384,\"publisher\":{\"@id\":\"https:\\\/\\\/www.eldiario.net\\\/portal\\\/#organization\"},\"image\":{\"@id\":\"https:\\\/\\\/www.eldiario.net\\\/portal\\\/2024\\\/10\\\/22\\\/deniegan-recurso-de-excepcion-a-expresidenta-jeanine-anez\\\/#primaryimage\"},\"thumbnailUrl\":\"https:\\\/\\\/www.eldiario.net\\\/portal\\\/wp-content\\\/uploads\\\/2024\\\/10\\\/JEANINE-FOTO.jpg\",\"articleSection\":[\"Portada\"],\"inLanguage\":\"es\"},{\"@type\":\"WebPage\",\"@id\":\"https:\\\/\\\/www.eldiario.net\\\/portal\\\/2024\\\/10\\\/22\\\/deniegan-recurso-de-excepcion-a-expresidenta-jeanine-anez\\\/\",\"url\":\"https:\\\/\\\/www.eldiario.net\\\/portal\\\/2024\\\/10\\\/22\\\/deniegan-recurso-de-excepcion-a-expresidenta-jeanine-anez\\\/\",\"name\":\"Deniegan recurso de excepci\u00f3n a expresidenta Jeanine A\u00f1ez - El Diario - Bolivia\",\"isPartOf\":{\"@id\":\"https:\\\/\\\/www.eldiario.net\\\/portal\\\/#website\"},\"primaryImageOfPage\":{\"@id\":\"https:\\\/\\\/www.eldiario.net\\\/portal\\\/2024\\\/10\\\/22\\\/deniegan-recurso-de-excepcion-a-expresidenta-jeanine-anez\\\/#primaryimage\"},\"image\":{\"@id\":\"https:\\\/\\\/www.eldiario.net\\\/portal\\\/2024\\\/10\\\/22\\\/deniegan-recurso-de-excepcion-a-expresidenta-jeanine-anez\\\/#primaryimage\"},\"thumbnailUrl\":\"https:\\\/\\\/www.eldiario.net\\\/portal\\\/wp-content\\\/uploads\\\/2024\\\/10\\\/JEANINE-FOTO.jpg\",\"datePublished\":\"2024-10-22T09:33:01+00:00\",\"breadcrumb\":{\"@id\":\"https:\\\/\\\/www.eldiario.net\\\/portal\\\/2024\\\/10\\\/22\\\/deniegan-recurso-de-excepcion-a-expresidenta-jeanine-anez\\\/#breadcrumb\"},\"inLanguage\":\"es\",\"potentialAction\":[{\"@type\":\"ReadAction\",\"target\":[\"https:\\\/\\\/www.eldiario.net\\\/portal\\\/2024\\\/10\\\/22\\\/deniegan-recurso-de-excepcion-a-expresidenta-jeanine-anez\\\/\"]}]},{\"@type\":\"ImageObject\",\"inLanguage\":\"es\",\"@id\":\"https:\\\/\\\/www.eldiario.net\\\/portal\\\/2024\\\/10\\\/22\\\/deniegan-recurso-de-excepcion-a-expresidenta-jeanine-anez\\\/#primaryimage\",\"url\":\"https:\\\/\\\/www.eldiario.net\\\/portal\\\/wp-content\\\/uploads\\\/2024\\\/10\\\/JEANINE-FOTO.jpg\",\"contentUrl\":\"https:\\\/\\\/www.eldiario.net\\\/portal\\\/wp-content\\\/uploads\\\/2024\\\/10\\\/JEANINE-FOTO.jpg\",\"width\":772,\"height\":483,\"caption\":\"LA EXPRESIDENTA DEL ESTADO, JEANINE A\u00d1EZ CH\u00c1VEZ. FOTO: RRSS\"},{\"@type\":\"BreadcrumbList\",\"@id\":\"https:\\\/\\\/www.eldiario.net\\\/portal\\\/2024\\\/10\\\/22\\\/deniegan-recurso-de-excepcion-a-expresidenta-jeanine-anez\\\/#breadcrumb\",\"itemListElement\":[{\"@type\":\"ListItem\",\"position\":1,\"name\":\"Portada\",\"item\":\"https:\\\/\\\/www.eldiario.net\\\/portal\\\/\"},{\"@type\":\"ListItem\",\"position\":2,\"name\":\"Deniegan recurso de excepci\u00f3n a expresidenta Jeanine A\u00f1ez\"}]},{\"@type\":\"WebSite\",\"@id\":\"https:\\\/\\\/www.eldiario.net\\\/portal\\\/#website\",\"url\":\"https:\\\/\\\/www.eldiario.net\\\/portal\\\/\",\"name\":\"El Diario - Decano de la prensa nacional\",\"description\":\"El Diario - Decano de la prensa nacional\",\"publisher\":{\"@id\":\"https:\\\/\\\/www.eldiario.net\\\/portal\\\/#organization\"},\"potentialAction\":[{\"@type\":\"SearchAction\",\"target\":{\"@type\":\"EntryPoint\",\"urlTemplate\":\"https:\\\/\\\/www.eldiario.net\\\/portal\\\/?s={search_term_string}\"},\"query-input\":{\"@type\":\"PropertyValueSpecification\",\"valueRequired\":true,\"valueName\":\"search_term_string\"}}],\"inLanguage\":\"es\"},{\"@type\":\"Organization\",\"@id\":\"https:\\\/\\\/www.eldiario.net\\\/portal\\\/#organization\",\"name\":\"El Diario - Decano de la prensa nacional\",\"url\":\"https:\\\/\\\/www.eldiario.net\\\/portal\\\/\",\"logo\":{\"@type\":\"ImageObject\",\"inLanguage\":\"es\",\"@id\":\"https:\\\/\\\/www.eldiario.net\\\/portal\\\/#\\\/schema\\\/logo\\\/image\\\/\",\"url\":\"https:\\\/\\\/www.eldiario.net\\\/portal\\\/wp-content\\\/uploads\\\/2023\\\/07\\\/logo_ED.jpg\",\"contentUrl\":\"https:\\\/\\\/www.eldiario.net\\\/portal\\\/wp-content\\\/uploads\\\/2023\\\/07\\\/logo_ED.jpg\",\"width\":272,\"height\":52,\"caption\":\"El Diario - Decano de la prensa nacional\"},\"image\":{\"@id\":\"https:\\\/\\\/www.eldiario.net\\\/portal\\\/#\\\/schema\\\/logo\\\/image\\\/\"},\"sameAs\":[\"https:\\\/\\\/www.facebook.com\\\/eldiario.bolivia\\\/\",\"https:\\\/\\\/x.com\\\/eldiario_net\"]},{\"@type\":\"Person\",\"@id\":\"https:\\\/\\\/www.eldiario.net\\\/portal\\\/#\\\/schema\\\/person\\\/f46445640444750d7d753ccd04ae01b7\",\"name\":\"Jeanette\",\"image\":{\"@type\":\"ImageObject\",\"inLanguage\":\"es\",\"@id\":\"https:\\\/\\\/secure.gravatar.com\\\/avatar\\\/3ea2118a5f7dad2b7138b1187a6b7ee55f160b9968b66013c3a3ef39dd7e5798?s=96&d=mm&r=g\",\"url\":\"https:\\\/\\\/secure.gravatar.com\\\/avatar\\\/3ea2118a5f7dad2b7138b1187a6b7ee55f160b9968b66013c3a3ef39dd7e5798?s=96&d=mm&r=g\",\"contentUrl\":\"https:\\\/\\\/secure.gravatar.com\\\/avatar\\\/3ea2118a5f7dad2b7138b1187a6b7ee55f160b9968b66013c3a3ef39dd7e5798?s=96&d=mm&r=g\",\"caption\":\"Jeanette\"},\"sameAs\":[\"https:\\\/\\\/www.eldiario.net\\\/portal\"],\"url\":\"https:\\\/\\\/www.eldiario.net\\\/portal\\\/author\\\/jeanette\\\/\"}]}<\/script>\n<!-- \/ Yoast SEO plugin. -->","yoast_head_json":{"title":"Deniegan recurso de excepci\u00f3n a expresidenta Jeanine A\u00f1ez - El Diario - Bolivia","robots":{"index":"index","follow":"follow","max-snippet":"max-snippet:-1","max-image-preview":"max-image-preview:large","max-video-preview":"max-video-preview:-1"},"canonical":"https:\/\/www.eldiario.net\/portal\/2024\/10\/22\/deniegan-recurso-de-excepcion-a-expresidenta-jeanine-anez\/","og_locale":"es_ES","og_type":"article","og_title":"Deniegan recurso de excepci\u00f3n a expresidenta Jeanine A\u00f1ez - El Diario - Bolivia","og_description":"El tribunal del caso Senkata determin\u00f3 ayer denegar el recurso de excepci\u00f3n de incompetencia que hab\u00eda presentado la expresidenta del Estado, Jeanine A\u00f1ez Ch\u00e1vez, con la intenci\u00f3n de reconducir su procesamiento de la v\u00eda ordinaria hacia juicio de responsabilidades. A\u00f1ez pretend\u00eda que Evo Morales y el exministro Iv\u00e1n Lima sean testigos en este recurso, pero [&hellip;]","og_url":"https:\/\/www.eldiario.net\/portal\/2024\/10\/22\/deniegan-recurso-de-excepcion-a-expresidenta-jeanine-anez\/","og_site_name":"El Diario - Bolivia","article_publisher":"https:\/\/www.facebook.com\/eldiario.bolivia\/","article_published_time":"2024-10-22T09:33:01+00:00","og_image":[{"width":772,"height":483,"url":"https:\/\/www.eldiario.net\/portal\/wp-content\/uploads\/2024\/10\/JEANINE-FOTO.jpg","type":"image\/jpeg"}],"author":"Jeanette","twitter_card":"summary_large_image","twitter_creator":"@eldiario_net","twitter_site":"@eldiario_net","twitter_misc":{"Escrito por":"Jeanette","Tiempo de lectura":"2 minutos"},"schema":{"@context":"https:\/\/schema.org","@graph":[{"@type":"Article","@id":"https:\/\/www.eldiario.net\/portal\/2024\/10\/22\/deniegan-recurso-de-excepcion-a-expresidenta-jeanine-anez\/#article","isPartOf":{"@id":"https:\/\/www.eldiario.net\/portal\/2024\/10\/22\/deniegan-recurso-de-excepcion-a-expresidenta-jeanine-anez\/"},"author":{"name":"Jeanette","@id":"https:\/\/www.eldiario.net\/portal\/#\/schema\/person\/f46445640444750d7d753ccd04ae01b7"},"headline":"Deniegan recurso de excepci\u00f3n a expresidenta Jeanine A\u00f1ez","datePublished":"2024-10-22T09:33:01+00:00","mainEntityOfPage":{"@id":"https:\/\/www.eldiario.net\/portal\/2024\/10\/22\/deniegan-recurso-de-excepcion-a-expresidenta-jeanine-anez\/"},"wordCount":384,"publisher":{"@id":"https:\/\/www.eldiario.net\/portal\/#organization"},"image":{"@id":"https:\/\/www.eldiario.net\/portal\/2024\/10\/22\/deniegan-recurso-de-excepcion-a-expresidenta-jeanine-anez\/#primaryimage"},"thumbnailUrl":"https:\/\/www.eldiario.net\/portal\/wp-content\/uploads\/2024\/10\/JEANINE-FOTO.jpg","articleSection":["Portada"],"inLanguage":"es"},{"@type":"WebPage","@id":"https:\/\/www.eldiario.net\/portal\/2024\/10\/22\/deniegan-recurso-de-excepcion-a-expresidenta-jeanine-anez\/","url":"https:\/\/www.eldiario.net\/portal\/2024\/10\/22\/deniegan-recurso-de-excepcion-a-expresidenta-jeanine-anez\/","name":"Deniegan recurso de excepci\u00f3n a expresidenta Jeanine A\u00f1ez - El Diario - Bolivia","isPartOf":{"@id":"https:\/\/www.eldiario.net\/portal\/#website"},"primaryImageOfPage":{"@id":"https:\/\/www.eldiario.net\/portal\/2024\/10\/22\/deniegan-recurso-de-excepcion-a-expresidenta-jeanine-anez\/#primaryimage"},"image":{"@id":"https:\/\/www.eldiario.net\/portal\/2024\/10\/22\/deniegan-recurso-de-excepcion-a-expresidenta-jeanine-anez\/#primaryimage"},"thumbnailUrl":"https:\/\/www.eldiario.net\/portal\/wp-content\/uploads\/2024\/10\/JEANINE-FOTO.jpg","datePublished":"2024-10-22T09:33:01+00:00","breadcrumb":{"@id":"https:\/\/www.eldiario.net\/portal\/2024\/10\/22\/deniegan-recurso-de-excepcion-a-expresidenta-jeanine-anez\/#breadcrumb"},"inLanguage":"es","potentialAction":[{"@type":"ReadAction","target":["https:\/\/www.eldiario.net\/portal\/2024\/10\/22\/deniegan-recurso-de-excepcion-a-expresidenta-jeanine-anez\/"]}]},{"@type":"ImageObject","inLanguage":"es","@id":"https:\/\/www.eldiario.net\/portal\/2024\/10\/22\/deniegan-recurso-de-excepcion-a-expresidenta-jeanine-anez\/#primaryimage","url":"https:\/\/www.eldiario.net\/portal\/wp-content\/uploads\/2024\/10\/JEANINE-FOTO.jpg","contentUrl":"https:\/\/www.eldiario.net\/portal\/wp-content\/uploads\/2024\/10\/JEANINE-FOTO.jpg","width":772,"height":483,"caption":"LA EXPRESIDENTA DEL ESTADO, JEANINE A\u00d1EZ CH\u00c1VEZ. FOTO: RRSS"},{"@type":"BreadcrumbList","@id":"https:\/\/www.eldiario.net\/portal\/2024\/10\/22\/deniegan-recurso-de-excepcion-a-expresidenta-jeanine-anez\/#breadcrumb","itemListElement":[{"@type":"ListItem","position":1,"name":"Portada","item":"https:\/\/www.eldiario.net\/portal\/"},{"@type":"ListItem","position":2,"name":"Deniegan recurso de excepci\u00f3n a expresidenta Jeanine A\u00f1ez"}]},{"@type":"WebSite","@id":"https:\/\/www.eldiario.net\/portal\/#website","url":"https:\/\/www.eldiario.net\/portal\/","name":"El Diario - Decano de la prensa nacional","description":"El Diario - Decano de la prensa nacional","publisher":{"@id":"https:\/\/www.eldiario.net\/portal\/#organization"},"potentialAction":[{"@type":"SearchAction","target":{"@type":"EntryPoint","urlTemplate":"https:\/\/www.eldiario.net\/portal\/?s={search_term_string}"},"query-input":{"@type":"PropertyValueSpecification","valueRequired":true,"valueName":"search_term_string"}}],"inLanguage":"es"},{"@type":"Organization","@id":"https:\/\/www.eldiario.net\/portal\/#organization","name":"El Diario - Decano de la prensa nacional","url":"https:\/\/www.eldiario.net\/portal\/","logo":{"@type":"ImageObject","inLanguage":"es","@id":"https:\/\/www.eldiario.net\/portal\/#\/schema\/logo\/image\/","url":"https:\/\/www.eldiario.net\/portal\/wp-content\/uploads\/2023\/07\/logo_ED.jpg","contentUrl":"https:\/\/www.eldiario.net\/portal\/wp-content\/uploads\/2023\/07\/logo_ED.jpg","width":272,"height":52,"caption":"El Diario - Decano de la prensa nacional"},"image":{"@id":"https:\/\/www.eldiario.net\/portal\/#\/schema\/logo\/image\/"},"sameAs":["https:\/\/www.facebook.com\/eldiario.bolivia\/","https:\/\/x.com\/eldiario_net"]},{"@type":"Person","@id":"https:\/\/www.eldiario.net\/portal\/#\/schema\/person\/f46445640444750d7d753ccd04ae01b7","name":"Jeanette","image":{"@type":"ImageObject","inLanguage":"es","@id":"https:\/\/secure.gravatar.com\/avatar\/3ea2118a5f7dad2b7138b1187a6b7ee55f160b9968b66013c3a3ef39dd7e5798?s=96&d=mm&r=g","url":"https:\/\/secure.gravatar.com\/avatar\/3ea2118a5f7dad2b7138b1187a6b7ee55f160b9968b66013c3a3ef39dd7e5798?s=96&d=mm&r=g","contentUrl":"https:\/\/secure.gravatar.com\/avatar\/3ea2118a5f7dad2b7138b1187a6b7ee55f160b9968b66013c3a3ef39dd7e5798?s=96&d=mm&r=g","caption":"Jeanette"},"sameAs":["https:\/\/www.eldiario.net\/portal"],"url":"https:\/\/www.eldiario.net\/portal\/author\/jeanette\/"}]}},"_links":{"self":[{"href":"https:\/\/www.eldiario.net\/portal\/wp-json\/wp\/v2\/posts\/255656","targetHints":{"allow":["GET"]}}],"collection":[{"href":"https:\/\/www.eldiario.net\/portal\/wp-json\/wp\/v2\/posts"}],"about":[{"href":"https:\/\/www.eldiario.net\/portal\/wp-json\/wp\/v2\/types\/post"}],"author":[{"embeddable":true,"href":"https:\/\/www.eldiario.net\/portal\/wp-json\/wp\/v2\/users\/1"}],"replies":[{"embeddable":true,"href":"https:\/\/www.eldiario.net\/portal\/wp-json\/wp\/v2\/comments?post=255656"}],"version-history":[{"count":1,"href":"https:\/\/www.eldiario.net\/portal\/wp-json\/wp\/v2\/posts\/255656\/revisions"}],"predecessor-version":[{"id":255658,"href":"https:\/\/www.eldiario.net\/portal\/wp-json\/wp\/v2\/posts\/255656\/revisions\/255658"}],"wp:featuredmedia":[{"embeddable":true,"href":"https:\/\/www.eldiario.net\/portal\/wp-json\/wp\/v2\/media\/255657"}],"wp:attachment":[{"href":"https:\/\/www.eldiario.net\/portal\/wp-json\/wp\/v2\/media?parent=255656"}],"wp:term":[{"taxonomy":"category","embeddable":true,"href":"https:\/\/www.eldiario.net\/portal\/wp-json\/wp\/v2\/categories?post=255656"},{"taxonomy":"post_tag","embeddable":true,"href":"https:\/\/www.eldiario.net\/portal\/wp-json\/wp\/v2\/tags?post=255656"}],"curies":[{"name":"wp","href":"https:\/\/api.w.org\/{rel}","templated":true}]}}