{"id":255653,"date":"2024-10-22T05:32:28","date_gmt":"2024-10-22T09:32:28","guid":{"rendered":"https:\/\/www.eldiario.net\/portal\/?p=255653"},"modified":"2024-10-22T05:32:28","modified_gmt":"2024-10-22T09:32:28","slug":"disminuyen-los-incendios-forestales-activos-en-el-departamento-cruceno","status":"publish","type":"post","link":"https:\/\/www.eldiario.net\/portal\/2024\/10\/22\/disminuyen-los-incendios-forestales-activos-en-el-departamento-cruceno\/","title":{"rendered":"Disminuyen los incendios forestales  activos en el departamento cruce\u00f1o"},"content":{"rendered":"<p>Un total de seis incendios activos, distribuidos en cinco municipios, se registran en el departamento de Santa Cruz, inform\u00f3 el coordinador del Comit\u00e9 de Operaciones de Emergencia Departamental (COED), Jhonny Rojas.<\/p>\n<p>Los cinco municipios afectados son: San Jos\u00e9 (2 incendios), Urubich\u00e1 (1), San Rafael (1), Concepci\u00f3n (1) y San Antonio de Lomer\u00edo (1).<\/p>\n<p>Sin embargo, a pesar de esta reducci\u00f3n, Rojas advirti\u00f3 que las cicatrices dejadas por el fuego este a\u00f1o han alcanzado cifras alarmantes.<\/p>\n<p>\u00abLas hect\u00e1reas afectadas han ascendido a 8.726.605, un aumento considerable en comparaci\u00f3n con otros a\u00f1os\u00bb, explic\u00f3. Los municipios m\u00e1s impactados incluyen San Mat\u00edas con 2.157.770 hect\u00e1reas quemadas, San Ignacio con 1.650.738 hect\u00e1reas, Concepci\u00f3n con 1.510.152 hect\u00e1reas y Urubich\u00e1 con 1.393.322 hect\u00e1reas afectadas por el fuego.<\/p>\n<p>Rojas destac\u00f3 el esfuerzo conjunto de bomberos, guardaparques, voluntarios y comunarios, sumado a la intervenci\u00f3n oportuna de las lluvias, como factores clave para la reducci\u00f3n de los incendios activos. \u00abGracias a este trabajo en equipo, hemos logrado disminuir las cifras de incendios\u00bb, afirm\u00f3.<\/p>\n<p>Actualmente, el COED tiene a 218 personas desplegadas en tareas de extinci\u00f3n y control de incendios. Seg\u00fan el \u00faltimo reporte de Evaluaci\u00f3n de Da\u00f1os y An\u00e1lisis de Necesidades (EDAN), un total de 5.539 familias de 118 comunidades han sido afectadas en 11 municipios pertenecientes a 6 provincias.<\/p>\n<p>Rojas tambi\u00e9n inform\u00f3 sobre la asistencia humanitaria destinada a los municipios afectados, que incluye m\u00e1s de 100 toneladas de ayuda entre alimentos, agua y rehidratantes, suministros destinados tanto a los bomberos como a las comunidades afectadas. Esta asistencia proviene de recursos del COED y donaciones de empresas p\u00fablicas y privadas que han apoyado en la emergencia.<\/p>\n<p>El departamento sigue en alerta, mientras se contin\u00faa con las labores para sofocar los incendios restantes y se eval\u00faan las necesidades adicionales de las comunidades damnificadas. (Santa Cruz, agencias)<\/p>\n","protected":false},"excerpt":{"rendered":"<p>Un total de seis incendios activos, distribuidos en cinco municipios, se registran en el departamento de Santa Cruz, inform\u00f3 el coordinador del Comit\u00e9 de Operaciones de Emergencia Departamental (COED), Jhonny Rojas. Los cinco municipios afectados son: San Jos\u00e9 (2 incendios), Urubich\u00e1 (1), San Rafael (1), Concepci\u00f3n (1) y San Antonio de Lomer\u00edo (1). Sin embargo, [&hellip;]<\/p>\n","protected":false},"author":1,"featured_media":255654,"comment_status":"closed","ping_status":"open","sticky":false,"template":"","format":"standard","meta":{"_acf_changed":false,"footnotes":""},"categories":[15],"tags":[],"class_list":["post-255653","post","type-post","status-publish","format-standard","has-post-thumbnail","category-portada"],"acf":{"antetitulo":""},"yoast_head":"<!-- This site is optimized with the Yoast SEO plugin v28.4 - https:\/\/yoast.com\/product\/yoast-seo-wordpress\/ -->\n<title>Disminuyen los incendios forestales activos en el departamento cruce\u00f1o - El Diario - Bolivia<\/title>\n<meta name=\"robots\" content=\"index, follow, max-snippet:-1, max-image-preview:large, max-video-preview:-1\" \/>\n<link rel=\"canonical\" href=\"https:\/\/www.eldiario.net\/portal\/2024\/10\/22\/disminuyen-los-incendios-forestales-activos-en-el-departamento-cruceno\/\" \/>\n<meta property=\"og:locale\" content=\"es_ES\" \/>\n<meta property=\"og:type\" content=\"article\" \/>\n<meta property=\"og:title\" content=\"Disminuyen los incendios forestales activos en el departamento cruce\u00f1o - El Diario - Bolivia\" \/>\n<meta property=\"og:description\" content=\"Un total de seis incendios activos, distribuidos en cinco municipios, se registran en el departamento de Santa Cruz, inform\u00f3 el coordinador del Comit\u00e9 de Operaciones de Emergencia Departamental (COED), Jhonny Rojas. Los cinco municipios afectados son: San Jos\u00e9 (2 incendios), Urubich\u00e1 (1), San Rafael (1), Concepci\u00f3n (1) y San Antonio de Lomer\u00edo (1). Sin embargo, [&hellip;]\" \/>\n<meta property=\"og:url\" content=\"https:\/\/www.eldiario.net\/portal\/2024\/10\/22\/disminuyen-los-incendios-forestales-activos-en-el-departamento-cruceno\/\" \/>\n<meta property=\"og:site_name\" content=\"El Diario - Bolivia\" \/>\n<meta property=\"article:publisher\" content=\"https:\/\/www.facebook.com\/eldiario.bolivia\/\" \/>\n<meta property=\"article:published_time\" content=\"2024-10-22T09:32:28+00:00\" \/>\n<meta property=\"og:image\" content=\"https:\/\/www.eldiario.net\/portal\/wp-content\/uploads\/2024\/10\/JHONNY-FOTO.jpg\" \/>\n\t<meta property=\"og:image:width\" content=\"1200\" \/>\n\t<meta property=\"og:image:height\" content=\"897\" \/>\n\t<meta property=\"og:image:type\" content=\"image\/jpeg\" \/>\n<meta name=\"author\" content=\"Jeanette\" \/>\n<meta name=\"twitter:card\" content=\"summary_large_image\" \/>\n<meta name=\"twitter:creator\" content=\"@eldiario_net\" \/>\n<meta name=\"twitter:site\" content=\"@eldiario_net\" \/>\n<meta name=\"twitter:label1\" content=\"Escrito por\" \/>\n\t<meta name=\"twitter:data1\" content=\"Jeanette\" \/>\n\t<meta name=\"twitter:label2\" content=\"Tiempo de lectura\" \/>\n\t<meta name=\"twitter:data2\" content=\"2 minutos\" \/>\n<script type=\"application\/ld+json\" class=\"yoast-schema-graph\">{\"@context\":\"https:\\\/\\\/schema.org\",\"@graph\":[{\"@type\":\"Article\",\"@id\":\"https:\\\/\\\/www.eldiario.net\\\/portal\\\/2024\\\/10\\\/22\\\/disminuyen-los-incendios-forestales-activos-en-el-departamento-cruceno\\\/#article\",\"isPartOf\":{\"@id\":\"https:\\\/\\\/www.eldiario.net\\\/portal\\\/2024\\\/10\\\/22\\\/disminuyen-los-incendios-forestales-activos-en-el-departamento-cruceno\\\/\"},\"author\":{\"name\":\"Jeanette\",\"@id\":\"https:\\\/\\\/www.eldiario.net\\\/portal\\\/#\\\/schema\\\/person\\\/f46445640444750d7d753ccd04ae01b7\"},\"headline\":\"Disminuyen los incendios forestales activos en el departamento cruce\u00f1o\",\"datePublished\":\"2024-10-22T09:32:28+00:00\",\"mainEntityOfPage\":{\"@id\":\"https:\\\/\\\/www.eldiario.net\\\/portal\\\/2024\\\/10\\\/22\\\/disminuyen-los-incendios-forestales-activos-en-el-departamento-cruceno\\\/\"},\"wordCount\":315,\"publisher\":{\"@id\":\"https:\\\/\\\/www.eldiario.net\\\/portal\\\/#organization\"},\"image\":{\"@id\":\"https:\\\/\\\/www.eldiario.net\\\/portal\\\/2024\\\/10\\\/22\\\/disminuyen-los-incendios-forestales-activos-en-el-departamento-cruceno\\\/#primaryimage\"},\"thumbnailUrl\":\"https:\\\/\\\/www.eldiario.net\\\/portal\\\/wp-content\\\/uploads\\\/2024\\\/10\\\/JHONNY-FOTO.jpg\",\"articleSection\":[\"Portada\"],\"inLanguage\":\"es\"},{\"@type\":\"WebPage\",\"@id\":\"https:\\\/\\\/www.eldiario.net\\\/portal\\\/2024\\\/10\\\/22\\\/disminuyen-los-incendios-forestales-activos-en-el-departamento-cruceno\\\/\",\"url\":\"https:\\\/\\\/www.eldiario.net\\\/portal\\\/2024\\\/10\\\/22\\\/disminuyen-los-incendios-forestales-activos-en-el-departamento-cruceno\\\/\",\"name\":\"Disminuyen los incendios forestales activos en el departamento cruce\u00f1o - El Diario - Bolivia\",\"isPartOf\":{\"@id\":\"https:\\\/\\\/www.eldiario.net\\\/portal\\\/#website\"},\"primaryImageOfPage\":{\"@id\":\"https:\\\/\\\/www.eldiario.net\\\/portal\\\/2024\\\/10\\\/22\\\/disminuyen-los-incendios-forestales-activos-en-el-departamento-cruceno\\\/#primaryimage\"},\"image\":{\"@id\":\"https:\\\/\\\/www.eldiario.net\\\/portal\\\/2024\\\/10\\\/22\\\/disminuyen-los-incendios-forestales-activos-en-el-departamento-cruceno\\\/#primaryimage\"},\"thumbnailUrl\":\"https:\\\/\\\/www.eldiario.net\\\/portal\\\/wp-content\\\/uploads\\\/2024\\\/10\\\/JHONNY-FOTO.jpg\",\"datePublished\":\"2024-10-22T09:32:28+00:00\",\"breadcrumb\":{\"@id\":\"https:\\\/\\\/www.eldiario.net\\\/portal\\\/2024\\\/10\\\/22\\\/disminuyen-los-incendios-forestales-activos-en-el-departamento-cruceno\\\/#breadcrumb\"},\"inLanguage\":\"es\",\"potentialAction\":[{\"@type\":\"ReadAction\",\"target\":[\"https:\\\/\\\/www.eldiario.net\\\/portal\\\/2024\\\/10\\\/22\\\/disminuyen-los-incendios-forestales-activos-en-el-departamento-cruceno\\\/\"]}]},{\"@type\":\"ImageObject\",\"inLanguage\":\"es\",\"@id\":\"https:\\\/\\\/www.eldiario.net\\\/portal\\\/2024\\\/10\\\/22\\\/disminuyen-los-incendios-forestales-activos-en-el-departamento-cruceno\\\/#primaryimage\",\"url\":\"https:\\\/\\\/www.eldiario.net\\\/portal\\\/wp-content\\\/uploads\\\/2024\\\/10\\\/JHONNY-FOTO.jpg\",\"contentUrl\":\"https:\\\/\\\/www.eldiario.net\\\/portal\\\/wp-content\\\/uploads\\\/2024\\\/10\\\/JHONNY-FOTO.jpg\",\"width\":1200,\"height\":897,\"caption\":\"EL INCANSABLE TRABAJO DE LOS BOMBEROS FORESTALES. FOTO: GSTC\"},{\"@type\":\"BreadcrumbList\",\"@id\":\"https:\\\/\\\/www.eldiario.net\\\/portal\\\/2024\\\/10\\\/22\\\/disminuyen-los-incendios-forestales-activos-en-el-departamento-cruceno\\\/#breadcrumb\",\"itemListElement\":[{\"@type\":\"ListItem\",\"position\":1,\"name\":\"Portada\",\"item\":\"https:\\\/\\\/www.eldiario.net\\\/portal\\\/\"},{\"@type\":\"ListItem\",\"position\":2,\"name\":\"Disminuyen los incendios forestales activos en el departamento cruce\u00f1o\"}]},{\"@type\":\"WebSite\",\"@id\":\"https:\\\/\\\/www.eldiario.net\\\/portal\\\/#website\",\"url\":\"https:\\\/\\\/www.eldiario.net\\\/portal\\\/\",\"name\":\"El Diario - Decano de la prensa nacional\",\"description\":\"El Diario - Decano de la prensa nacional\",\"publisher\":{\"@id\":\"https:\\\/\\\/www.eldiario.net\\\/portal\\\/#organization\"},\"potentialAction\":[{\"@type\":\"SearchAction\",\"target\":{\"@type\":\"EntryPoint\",\"urlTemplate\":\"https:\\\/\\\/www.eldiario.net\\\/portal\\\/?s={search_term_string}\"},\"query-input\":{\"@type\":\"PropertyValueSpecification\",\"valueRequired\":true,\"valueName\":\"search_term_string\"}}],\"inLanguage\":\"es\"},{\"@type\":\"Organization\",\"@id\":\"https:\\\/\\\/www.eldiario.net\\\/portal\\\/#organization\",\"name\":\"El Diario - Decano de la prensa nacional\",\"url\":\"https:\\\/\\\/www.eldiario.net\\\/portal\\\/\",\"logo\":{\"@type\":\"ImageObject\",\"inLanguage\":\"es\",\"@id\":\"https:\\\/\\\/www.eldiario.net\\\/portal\\\/#\\\/schema\\\/logo\\\/image\\\/\",\"url\":\"https:\\\/\\\/www.eldiario.net\\\/portal\\\/wp-content\\\/uploads\\\/2023\\\/07\\\/logo_ED.jpg\",\"contentUrl\":\"https:\\\/\\\/www.eldiario.net\\\/portal\\\/wp-content\\\/uploads\\\/2023\\\/07\\\/logo_ED.jpg\",\"width\":272,\"height\":52,\"caption\":\"El Diario - Decano de la prensa nacional\"},\"image\":{\"@id\":\"https:\\\/\\\/www.eldiario.net\\\/portal\\\/#\\\/schema\\\/logo\\\/image\\\/\"},\"sameAs\":[\"https:\\\/\\\/www.facebook.com\\\/eldiario.bolivia\\\/\",\"https:\\\/\\\/x.com\\\/eldiario_net\"]},{\"@type\":\"Person\",\"@id\":\"https:\\\/\\\/www.eldiario.net\\\/portal\\\/#\\\/schema\\\/person\\\/f46445640444750d7d753ccd04ae01b7\",\"name\":\"Jeanette\",\"image\":{\"@type\":\"ImageObject\",\"inLanguage\":\"es\",\"@id\":\"https:\\\/\\\/secure.gravatar.com\\\/avatar\\\/3ea2118a5f7dad2b7138b1187a6b7ee55f160b9968b66013c3a3ef39dd7e5798?s=96&d=mm&r=g\",\"url\":\"https:\\\/\\\/secure.gravatar.com\\\/avatar\\\/3ea2118a5f7dad2b7138b1187a6b7ee55f160b9968b66013c3a3ef39dd7e5798?s=96&d=mm&r=g\",\"contentUrl\":\"https:\\\/\\\/secure.gravatar.com\\\/avatar\\\/3ea2118a5f7dad2b7138b1187a6b7ee55f160b9968b66013c3a3ef39dd7e5798?s=96&d=mm&r=g\",\"caption\":\"Jeanette\"},\"sameAs\":[\"https:\\\/\\\/www.eldiario.net\\\/portal\"],\"url\":\"https:\\\/\\\/www.eldiario.net\\\/portal\\\/author\\\/jeanette\\\/\"}]}<\/script>\n<!-- \/ Yoast SEO plugin. -->","yoast_head_json":{"title":"Disminuyen los incendios forestales activos en el departamento cruce\u00f1o - El Diario - Bolivia","robots":{"index":"index","follow":"follow","max-snippet":"max-snippet:-1","max-image-preview":"max-image-preview:large","max-video-preview":"max-video-preview:-1"},"canonical":"https:\/\/www.eldiario.net\/portal\/2024\/10\/22\/disminuyen-los-incendios-forestales-activos-en-el-departamento-cruceno\/","og_locale":"es_ES","og_type":"article","og_title":"Disminuyen los incendios forestales activos en el departamento cruce\u00f1o - El Diario - Bolivia","og_description":"Un total de seis incendios activos, distribuidos en cinco municipios, se registran en el departamento de Santa Cruz, inform\u00f3 el coordinador del Comit\u00e9 de Operaciones de Emergencia Departamental (COED), Jhonny Rojas. Los cinco municipios afectados son: San Jos\u00e9 (2 incendios), Urubich\u00e1 (1), San Rafael (1), Concepci\u00f3n (1) y San Antonio de Lomer\u00edo (1). Sin embargo, [&hellip;]","og_url":"https:\/\/www.eldiario.net\/portal\/2024\/10\/22\/disminuyen-los-incendios-forestales-activos-en-el-departamento-cruceno\/","og_site_name":"El Diario - Bolivia","article_publisher":"https:\/\/www.facebook.com\/eldiario.bolivia\/","article_published_time":"2024-10-22T09:32:28+00:00","og_image":[{"width":1200,"height":897,"url":"https:\/\/www.eldiario.net\/portal\/wp-content\/uploads\/2024\/10\/JHONNY-FOTO.jpg","type":"image\/jpeg"}],"author":"Jeanette","twitter_card":"summary_large_image","twitter_creator":"@eldiario_net","twitter_site":"@eldiario_net","twitter_misc":{"Escrito por":"Jeanette","Tiempo de lectura":"2 minutos"},"schema":{"@context":"https:\/\/schema.org","@graph":[{"@type":"Article","@id":"https:\/\/www.eldiario.net\/portal\/2024\/10\/22\/disminuyen-los-incendios-forestales-activos-en-el-departamento-cruceno\/#article","isPartOf":{"@id":"https:\/\/www.eldiario.net\/portal\/2024\/10\/22\/disminuyen-los-incendios-forestales-activos-en-el-departamento-cruceno\/"},"author":{"name":"Jeanette","@id":"https:\/\/www.eldiario.net\/portal\/#\/schema\/person\/f46445640444750d7d753ccd04ae01b7"},"headline":"Disminuyen los incendios forestales activos en el departamento cruce\u00f1o","datePublished":"2024-10-22T09:32:28+00:00","mainEntityOfPage":{"@id":"https:\/\/www.eldiario.net\/portal\/2024\/10\/22\/disminuyen-los-incendios-forestales-activos-en-el-departamento-cruceno\/"},"wordCount":315,"publisher":{"@id":"https:\/\/www.eldiario.net\/portal\/#organization"},"image":{"@id":"https:\/\/www.eldiario.net\/portal\/2024\/10\/22\/disminuyen-los-incendios-forestales-activos-en-el-departamento-cruceno\/#primaryimage"},"thumbnailUrl":"https:\/\/www.eldiario.net\/portal\/wp-content\/uploads\/2024\/10\/JHONNY-FOTO.jpg","articleSection":["Portada"],"inLanguage":"es"},{"@type":"WebPage","@id":"https:\/\/www.eldiario.net\/portal\/2024\/10\/22\/disminuyen-los-incendios-forestales-activos-en-el-departamento-cruceno\/","url":"https:\/\/www.eldiario.net\/portal\/2024\/10\/22\/disminuyen-los-incendios-forestales-activos-en-el-departamento-cruceno\/","name":"Disminuyen los incendios forestales activos en el departamento cruce\u00f1o - El Diario - Bolivia","isPartOf":{"@id":"https:\/\/www.eldiario.net\/portal\/#website"},"primaryImageOfPage":{"@id":"https:\/\/www.eldiario.net\/portal\/2024\/10\/22\/disminuyen-los-incendios-forestales-activos-en-el-departamento-cruceno\/#primaryimage"},"image":{"@id":"https:\/\/www.eldiario.net\/portal\/2024\/10\/22\/disminuyen-los-incendios-forestales-activos-en-el-departamento-cruceno\/#primaryimage"},"thumbnailUrl":"https:\/\/www.eldiario.net\/portal\/wp-content\/uploads\/2024\/10\/JHONNY-FOTO.jpg","datePublished":"2024-10-22T09:32:28+00:00","breadcrumb":{"@id":"https:\/\/www.eldiario.net\/portal\/2024\/10\/22\/disminuyen-los-incendios-forestales-activos-en-el-departamento-cruceno\/#breadcrumb"},"inLanguage":"es","potentialAction":[{"@type":"ReadAction","target":["https:\/\/www.eldiario.net\/portal\/2024\/10\/22\/disminuyen-los-incendios-forestales-activos-en-el-departamento-cruceno\/"]}]},{"@type":"ImageObject","inLanguage":"es","@id":"https:\/\/www.eldiario.net\/portal\/2024\/10\/22\/disminuyen-los-incendios-forestales-activos-en-el-departamento-cruceno\/#primaryimage","url":"https:\/\/www.eldiario.net\/portal\/wp-content\/uploads\/2024\/10\/JHONNY-FOTO.jpg","contentUrl":"https:\/\/www.eldiario.net\/portal\/wp-content\/uploads\/2024\/10\/JHONNY-FOTO.jpg","width":1200,"height":897,"caption":"EL INCANSABLE TRABAJO DE LOS BOMBEROS FORESTALES. FOTO: GSTC"},{"@type":"BreadcrumbList","@id":"https:\/\/www.eldiario.net\/portal\/2024\/10\/22\/disminuyen-los-incendios-forestales-activos-en-el-departamento-cruceno\/#breadcrumb","itemListElement":[{"@type":"ListItem","position":1,"name":"Portada","item":"https:\/\/www.eldiario.net\/portal\/"},{"@type":"ListItem","position":2,"name":"Disminuyen los incendios forestales activos en el departamento cruce\u00f1o"}]},{"@type":"WebSite","@id":"https:\/\/www.eldiario.net\/portal\/#website","url":"https:\/\/www.eldiario.net\/portal\/","name":"El Diario - Decano de la prensa nacional","description":"El Diario - Decano de la prensa nacional","publisher":{"@id":"https:\/\/www.eldiario.net\/portal\/#organization"},"potentialAction":[{"@type":"SearchAction","target":{"@type":"EntryPoint","urlTemplate":"https:\/\/www.eldiario.net\/portal\/?s={search_term_string}"},"query-input":{"@type":"PropertyValueSpecification","valueRequired":true,"valueName":"search_term_string"}}],"inLanguage":"es"},{"@type":"Organization","@id":"https:\/\/www.eldiario.net\/portal\/#organization","name":"El Diario - Decano de la prensa nacional","url":"https:\/\/www.eldiario.net\/portal\/","logo":{"@type":"ImageObject","inLanguage":"es","@id":"https:\/\/www.eldiario.net\/portal\/#\/schema\/logo\/image\/","url":"https:\/\/www.eldiario.net\/portal\/wp-content\/uploads\/2023\/07\/logo_ED.jpg","contentUrl":"https:\/\/www.eldiario.net\/portal\/wp-content\/uploads\/2023\/07\/logo_ED.jpg","width":272,"height":52,"caption":"El Diario - Decano de la prensa nacional"},"image":{"@id":"https:\/\/www.eldiario.net\/portal\/#\/schema\/logo\/image\/"},"sameAs":["https:\/\/www.facebook.com\/eldiario.bolivia\/","https:\/\/x.com\/eldiario_net"]},{"@type":"Person","@id":"https:\/\/www.eldiario.net\/portal\/#\/schema\/person\/f46445640444750d7d753ccd04ae01b7","name":"Jeanette","image":{"@type":"ImageObject","inLanguage":"es","@id":"https:\/\/secure.gravatar.com\/avatar\/3ea2118a5f7dad2b7138b1187a6b7ee55f160b9968b66013c3a3ef39dd7e5798?s=96&d=mm&r=g","url":"https:\/\/secure.gravatar.com\/avatar\/3ea2118a5f7dad2b7138b1187a6b7ee55f160b9968b66013c3a3ef39dd7e5798?s=96&d=mm&r=g","contentUrl":"https:\/\/secure.gravatar.com\/avatar\/3ea2118a5f7dad2b7138b1187a6b7ee55f160b9968b66013c3a3ef39dd7e5798?s=96&d=mm&r=g","caption":"Jeanette"},"sameAs":["https:\/\/www.eldiario.net\/portal"],"url":"https:\/\/www.eldiario.net\/portal\/author\/jeanette\/"}]}},"_links":{"self":[{"href":"https:\/\/www.eldiario.net\/portal\/wp-json\/wp\/v2\/posts\/255653","targetHints":{"allow":["GET"]}}],"collection":[{"href":"https:\/\/www.eldiario.net\/portal\/wp-json\/wp\/v2\/posts"}],"about":[{"href":"https:\/\/www.eldiario.net\/portal\/wp-json\/wp\/v2\/types\/post"}],"author":[{"embeddable":true,"href":"https:\/\/www.eldiario.net\/portal\/wp-json\/wp\/v2\/users\/1"}],"replies":[{"embeddable":true,"href":"https:\/\/www.eldiario.net\/portal\/wp-json\/wp\/v2\/comments?post=255653"}],"version-history":[{"count":1,"href":"https:\/\/www.eldiario.net\/portal\/wp-json\/wp\/v2\/posts\/255653\/revisions"}],"predecessor-version":[{"id":255655,"href":"https:\/\/www.eldiario.net\/portal\/wp-json\/wp\/v2\/posts\/255653\/revisions\/255655"}],"wp:featuredmedia":[{"embeddable":true,"href":"https:\/\/www.eldiario.net\/portal\/wp-json\/wp\/v2\/media\/255654"}],"wp:attachment":[{"href":"https:\/\/www.eldiario.net\/portal\/wp-json\/wp\/v2\/media?parent=255653"}],"wp:term":[{"taxonomy":"category","embeddable":true,"href":"https:\/\/www.eldiario.net\/portal\/wp-json\/wp\/v2\/categories?post=255653"},{"taxonomy":"post_tag","embeddable":true,"href":"https:\/\/www.eldiario.net\/portal\/wp-json\/wp\/v2\/tags?post=255653"}],"curies":[{"name":"wp","href":"https:\/\/api.w.org\/{rel}","templated":true}]}}