{"id":255650,"date":"2024-10-22T05:31:24","date_gmt":"2024-10-22T09:31:24","guid":{"rendered":"https:\/\/www.eldiario.net\/portal\/?p=255650"},"modified":"2024-10-22T05:31:24","modified_gmt":"2024-10-22T09:31:24","slug":"rodriguez-veltze-pide-analizar-reanudacion-de-relaciones-diplomaticas-con-chile","status":"publish","type":"post","link":"https:\/\/www.eldiario.net\/portal\/2024\/10\/22\/rodriguez-veltze-pide-analizar-reanudacion-de-relaciones-diplomaticas-con-chile\/","title":{"rendered":"Rodr\u00edguez Veltz\u00e9 pide analizar reanudaci\u00f3n  de relaciones diplom\u00e1ticas con Chile"},"content":{"rendered":"<p>El expresidente de Bolivia, Eduardo Rodr\u00edguez Veltz\u00e9, consider\u00f3 que ha llegado el momento de \u201cexaminar la posibilidad\u201d de que Bolivia y Chile reanuden relaciones diplom\u00e1ticas sin depender de la centenaria demanda mar\u00edtima, que ha sido por d\u00e9cadas el principal obst\u00e1culo para avanzar en el espacio bilateral.<\/p>\n<p>Rodr\u00edguez Veltz\u00e9, en entrevista con radio Bio Bio de Chile, dijo que la aspiraci\u00f3n boliviana de tener acceso soberano al oc\u00e9ano Pac\u00edfico, no debe ser \u201ccondici\u00f3n alguna\u201d para avanzar en el restablecimiento total de las relaciones.<\/p>\n<p>El exmandatario hizo estas declaraciones en el marco de los 120 a\u00f1os de la firma del Tratado de Paz y Amistad entre ambos pa\u00edses, suscrito en 1904, que se cumplieron este 20 de octubre, y que es el documento en el que se fijaron definitivamente los l\u00edmites entre Bolivia y Chile tras la guerra del Pac\u00edfico.<\/p>\n<p>\u201cYo prefiero referirme al Tratado de 1904 que en t\u00e9rminos de nuestra relaci\u00f3n bilateral e incluso en los t\u00e9rminos de lo que se trat\u00f3 en la causa sobre la obligaci\u00f3n de negociar ante la Corte Internacional de Justicia, es un tratado plenamente vigente y fij\u00f3 los t\u00e9rminos de lo que se denomina la paz y amistad y sobre todo los nuevos l\u00edmites sobre este nuevo aniversario 120 a\u00f1os\u201d, se\u00f1al\u00f3 Rodr\u00edguez Veltz\u00e9.<\/p>\n<p>La Constituci\u00f3n Pol\u00edtica del Estado se\u00f1ala que la aspiraci\u00f3n de Bolivia de regresar de forma soberana al mar es irrenunciable, lo que el exmandatario no considera sea un obst\u00e1culo para avanzar en el restablecimiento de las relaciones diplom\u00e1ticas.<\/p>\n<p>\u201cYo no veo ning\u00fan inconveniente en absoluto. La Constituci\u00f3n es una expresi\u00f3n de soberan\u00eda popular que tiene provisiones y una serie de declaraciones sobre lo que esa soberan\u00eda popular entiende, pero no representa en absoluto una contenci\u00f3n con Chile ni deber\u00eda entenderse de esa manera\u201d, considera Rodriguez Veltz\u00e9.<\/p>\n<p>El expresidente, que tambi\u00e9n fue agente de Bolivia ante La Haya, se\u00f1al\u00f3 que la misma Corte Internacional de Justicia, en un fallo que fue favorable a Chile, reconoci\u00f3 que el problema de la mediterr\u00e1nea o el encierro de Bolivia subsiste y que ambos pa\u00edses deben trabajar en negociaciones significativas para resolverlo \u201ccon el prop\u00f3sito de encontrar intereses comunes y sobre todo en el \u00e1mbito de una buena vecindad\u201d, por lo que restablecer relaciones es altamente positivo.<\/p>\n<p>\u201cAqu\u00ed no hay puertas cerradas. Lo que hay es una invitaci\u00f3n al sentido com\u00fan y tambi\u00e9n, y hay que decirlo, lamentablemente a 120 a\u00f1os del tratado, este no est\u00e1 siendo honrado por Chile\u201d, se\u00f1al\u00f3 Rodr\u00edguez Veltz\u00e9 con referencia a las innumerables trabas que tiene el comercio boliviano para transitar por Arica.<\/p>\n<p>\u201cEl Tratado de 1904 establece el m\u00e1s amplio derecho de Bolivia de transitar hacia los puertos del Pac\u00edfico, independientemente de la nacionalidad de quienes lo hagan y est\u00e1 este libre tr\u00e1nsito de mercader\u00edas y de personas. Eso no est\u00e1 ocurriendo hace varios d\u00edas y estos son los temas que deber\u00edan aproximarnos\u201d, se\u00f1al\u00f3.<\/p>\n<p>\u201cNo pondr\u00eda condici\u00f3n alguna para restablecer las relaciones. Las relaciones son el camino o son el espacio donde deben discutirse\u201d, a\u00f1adi\u00f3, pidiendo adem\u00e1s de Chile, a Per\u00fa, como pa\u00edses vecinos, trabajar en una f\u00f3rmula que ayude a una naci\u00f3n hermana que es mediterr\u00e1nea.<\/p>\n<p>\u201cNecesitamos sentarnos para encontrar f\u00f3rmulas interesantes. Hay que tomar en cuenta que los territorios que compartimos en la vecindad fueron objeto de una misma guerra, una guerra asim\u00e9trica para Bolivia y una que sufr\u00eda una amputaci\u00f3n de un derecho elemental de las naciones\u201d, asever\u00f3.<\/p>\n<p>Rodr\u00edguez Veltz\u00e9 aclara que no est\u00e1 hablando de ceder territorio sino de conversar soluciones que ayuden a un pa\u00eds que lleva enclaustrado por m\u00e1s de un siglo y se \u201cpueda encontrar remedios factibles y que sean posibles\u201d. (agencias)<\/p>\n","protected":false},"excerpt":{"rendered":"<p>El expresidente de Bolivia, Eduardo Rodr\u00edguez Veltz\u00e9, consider\u00f3 que ha llegado el momento de \u201cexaminar la posibilidad\u201d de que Bolivia y Chile reanuden relaciones diplom\u00e1ticas sin depender de la centenaria demanda mar\u00edtima, que ha sido por d\u00e9cadas el principal obst\u00e1culo para avanzar en el espacio bilateral. Rodr\u00edguez Veltz\u00e9, en entrevista con radio Bio Bio de [&hellip;]<\/p>\n","protected":false},"author":1,"featured_media":255651,"comment_status":"closed","ping_status":"open","sticky":false,"template":"","format":"standard","meta":{"_acf_changed":false,"footnotes":""},"categories":[15],"tags":[],"class_list":["post-255650","post","type-post","status-publish","format-standard","has-post-thumbnail","category-portada"],"acf":{"antetitulo":"Sin condiciones"},"yoast_head":"<!-- This site is optimized with the Yoast SEO plugin v28.4 - https:\/\/yoast.com\/product\/yoast-seo-wordpress\/ -->\n<title>Rodr\u00edguez Veltz\u00e9 pide analizar reanudaci\u00f3n de relaciones diplom\u00e1ticas con Chile - El Diario - Bolivia<\/title>\n<meta name=\"robots\" content=\"index, follow, max-snippet:-1, max-image-preview:large, max-video-preview:-1\" \/>\n<link rel=\"canonical\" href=\"https:\/\/www.eldiario.net\/portal\/2024\/10\/22\/rodriguez-veltze-pide-analizar-reanudacion-de-relaciones-diplomaticas-con-chile\/\" \/>\n<meta property=\"og:locale\" content=\"es_ES\" \/>\n<meta property=\"og:type\" content=\"article\" \/>\n<meta property=\"og:title\" content=\"Rodr\u00edguez Veltz\u00e9 pide analizar reanudaci\u00f3n de relaciones diplom\u00e1ticas con Chile - El Diario - Bolivia\" \/>\n<meta property=\"og:description\" content=\"El expresidente de Bolivia, Eduardo Rodr\u00edguez Veltz\u00e9, consider\u00f3 que ha llegado el momento de \u201cexaminar la posibilidad\u201d de que Bolivia y Chile reanuden relaciones diplom\u00e1ticas sin depender de la centenaria demanda mar\u00edtima, que ha sido por d\u00e9cadas el principal obst\u00e1culo para avanzar en el espacio bilateral. Rodr\u00edguez Veltz\u00e9, en entrevista con radio Bio Bio de [&hellip;]\" \/>\n<meta property=\"og:url\" content=\"https:\/\/www.eldiario.net\/portal\/2024\/10\/22\/rodriguez-veltze-pide-analizar-reanudacion-de-relaciones-diplomaticas-con-chile\/\" \/>\n<meta property=\"og:site_name\" content=\"El Diario - Bolivia\" \/>\n<meta property=\"article:publisher\" content=\"https:\/\/www.facebook.com\/eldiario.bolivia\/\" \/>\n<meta property=\"article:published_time\" content=\"2024-10-22T09:31:24+00:00\" \/>\n<meta property=\"og:image\" content=\"https:\/\/www.eldiario.net\/portal\/wp-content\/uploads\/2024\/10\/KER-FOTO.jpg\" \/>\n\t<meta property=\"og:image:width\" content=\"1280\" \/>\n\t<meta property=\"og:image:height\" content=\"545\" \/>\n\t<meta property=\"og:image:type\" content=\"image\/jpeg\" \/>\n<meta name=\"author\" content=\"Jeanette\" \/>\n<meta name=\"twitter:card\" content=\"summary_large_image\" \/>\n<meta name=\"twitter:creator\" content=\"@eldiario_net\" \/>\n<meta name=\"twitter:site\" content=\"@eldiario_net\" \/>\n<meta name=\"twitter:label1\" content=\"Escrito por\" \/>\n\t<meta name=\"twitter:data1\" content=\"Jeanette\" \/>\n\t<meta name=\"twitter:label2\" content=\"Tiempo de lectura\" \/>\n\t<meta name=\"twitter:data2\" content=\"3 minutos\" \/>\n<script type=\"application\/ld+json\" class=\"yoast-schema-graph\">{\"@context\":\"https:\\\/\\\/schema.org\",\"@graph\":[{\"@type\":\"Article\",\"@id\":\"https:\\\/\\\/www.eldiario.net\\\/portal\\\/2024\\\/10\\\/22\\\/rodriguez-veltze-pide-analizar-reanudacion-de-relaciones-diplomaticas-con-chile\\\/#article\",\"isPartOf\":{\"@id\":\"https:\\\/\\\/www.eldiario.net\\\/portal\\\/2024\\\/10\\\/22\\\/rodriguez-veltze-pide-analizar-reanudacion-de-relaciones-diplomaticas-con-chile\\\/\"},\"author\":{\"name\":\"Jeanette\",\"@id\":\"https:\\\/\\\/www.eldiario.net\\\/portal\\\/#\\\/schema\\\/person\\\/f46445640444750d7d753ccd04ae01b7\"},\"headline\":\"Rodr\u00edguez Veltz\u00e9 pide analizar reanudaci\u00f3n de relaciones diplom\u00e1ticas con Chile\",\"datePublished\":\"2024-10-22T09:31:24+00:00\",\"mainEntityOfPage\":{\"@id\":\"https:\\\/\\\/www.eldiario.net\\\/portal\\\/2024\\\/10\\\/22\\\/rodriguez-veltze-pide-analizar-reanudacion-de-relaciones-diplomaticas-con-chile\\\/\"},\"wordCount\":674,\"publisher\":{\"@id\":\"https:\\\/\\\/www.eldiario.net\\\/portal\\\/#organization\"},\"image\":{\"@id\":\"https:\\\/\\\/www.eldiario.net\\\/portal\\\/2024\\\/10\\\/22\\\/rodriguez-veltze-pide-analizar-reanudacion-de-relaciones-diplomaticas-con-chile\\\/#primaryimage\"},\"thumbnailUrl\":\"https:\\\/\\\/www.eldiario.net\\\/portal\\\/wp-content\\\/uploads\\\/2024\\\/10\\\/KER-FOTO.jpg\",\"articleSection\":[\"Portada\"],\"inLanguage\":\"es\"},{\"@type\":\"WebPage\",\"@id\":\"https:\\\/\\\/www.eldiario.net\\\/portal\\\/2024\\\/10\\\/22\\\/rodriguez-veltze-pide-analizar-reanudacion-de-relaciones-diplomaticas-con-chile\\\/\",\"url\":\"https:\\\/\\\/www.eldiario.net\\\/portal\\\/2024\\\/10\\\/22\\\/rodriguez-veltze-pide-analizar-reanudacion-de-relaciones-diplomaticas-con-chile\\\/\",\"name\":\"Rodr\u00edguez Veltz\u00e9 pide analizar reanudaci\u00f3n de relaciones diplom\u00e1ticas con Chile - El Diario - Bolivia\",\"isPartOf\":{\"@id\":\"https:\\\/\\\/www.eldiario.net\\\/portal\\\/#website\"},\"primaryImageOfPage\":{\"@id\":\"https:\\\/\\\/www.eldiario.net\\\/portal\\\/2024\\\/10\\\/22\\\/rodriguez-veltze-pide-analizar-reanudacion-de-relaciones-diplomaticas-con-chile\\\/#primaryimage\"},\"image\":{\"@id\":\"https:\\\/\\\/www.eldiario.net\\\/portal\\\/2024\\\/10\\\/22\\\/rodriguez-veltze-pide-analizar-reanudacion-de-relaciones-diplomaticas-con-chile\\\/#primaryimage\"},\"thumbnailUrl\":\"https:\\\/\\\/www.eldiario.net\\\/portal\\\/wp-content\\\/uploads\\\/2024\\\/10\\\/KER-FOTO.jpg\",\"datePublished\":\"2024-10-22T09:31:24+00:00\",\"breadcrumb\":{\"@id\":\"https:\\\/\\\/www.eldiario.net\\\/portal\\\/2024\\\/10\\\/22\\\/rodriguez-veltze-pide-analizar-reanudacion-de-relaciones-diplomaticas-con-chile\\\/#breadcrumb\"},\"inLanguage\":\"es\",\"potentialAction\":[{\"@type\":\"ReadAction\",\"target\":[\"https:\\\/\\\/www.eldiario.net\\\/portal\\\/2024\\\/10\\\/22\\\/rodriguez-veltze-pide-analizar-reanudacion-de-relaciones-diplomaticas-con-chile\\\/\"]}]},{\"@type\":\"ImageObject\",\"inLanguage\":\"es\",\"@id\":\"https:\\\/\\\/www.eldiario.net\\\/portal\\\/2024\\\/10\\\/22\\\/rodriguez-veltze-pide-analizar-reanudacion-de-relaciones-diplomaticas-con-chile\\\/#primaryimage\",\"url\":\"https:\\\/\\\/www.eldiario.net\\\/portal\\\/wp-content\\\/uploads\\\/2024\\\/10\\\/KER-FOTO.jpg\",\"contentUrl\":\"https:\\\/\\\/www.eldiario.net\\\/portal\\\/wp-content\\\/uploads\\\/2024\\\/10\\\/KER-FOTO.jpg\",\"width\":1280,\"height\":545,\"caption\":\"Eduardo Rodr\u00edguez Veltz\u00e9. FOTO: RRSS\"},{\"@type\":\"BreadcrumbList\",\"@id\":\"https:\\\/\\\/www.eldiario.net\\\/portal\\\/2024\\\/10\\\/22\\\/rodriguez-veltze-pide-analizar-reanudacion-de-relaciones-diplomaticas-con-chile\\\/#breadcrumb\",\"itemListElement\":[{\"@type\":\"ListItem\",\"position\":1,\"name\":\"Portada\",\"item\":\"https:\\\/\\\/www.eldiario.net\\\/portal\\\/\"},{\"@type\":\"ListItem\",\"position\":2,\"name\":\"Rodr\u00edguez Veltz\u00e9 pide analizar reanudaci\u00f3n de relaciones diplom\u00e1ticas con Chile\"}]},{\"@type\":\"WebSite\",\"@id\":\"https:\\\/\\\/www.eldiario.net\\\/portal\\\/#website\",\"url\":\"https:\\\/\\\/www.eldiario.net\\\/portal\\\/\",\"name\":\"El Diario - Decano de la prensa nacional\",\"description\":\"El Diario - Decano de la prensa nacional\",\"publisher\":{\"@id\":\"https:\\\/\\\/www.eldiario.net\\\/portal\\\/#organization\"},\"potentialAction\":[{\"@type\":\"SearchAction\",\"target\":{\"@type\":\"EntryPoint\",\"urlTemplate\":\"https:\\\/\\\/www.eldiario.net\\\/portal\\\/?s={search_term_string}\"},\"query-input\":{\"@type\":\"PropertyValueSpecification\",\"valueRequired\":true,\"valueName\":\"search_term_string\"}}],\"inLanguage\":\"es\"},{\"@type\":\"Organization\",\"@id\":\"https:\\\/\\\/www.eldiario.net\\\/portal\\\/#organization\",\"name\":\"El Diario - Decano de la prensa nacional\",\"url\":\"https:\\\/\\\/www.eldiario.net\\\/portal\\\/\",\"logo\":{\"@type\":\"ImageObject\",\"inLanguage\":\"es\",\"@id\":\"https:\\\/\\\/www.eldiario.net\\\/portal\\\/#\\\/schema\\\/logo\\\/image\\\/\",\"url\":\"https:\\\/\\\/www.eldiario.net\\\/portal\\\/wp-content\\\/uploads\\\/2023\\\/07\\\/logo_ED.jpg\",\"contentUrl\":\"https:\\\/\\\/www.eldiario.net\\\/portal\\\/wp-content\\\/uploads\\\/2023\\\/07\\\/logo_ED.jpg\",\"width\":272,\"height\":52,\"caption\":\"El Diario - Decano de la prensa nacional\"},\"image\":{\"@id\":\"https:\\\/\\\/www.eldiario.net\\\/portal\\\/#\\\/schema\\\/logo\\\/image\\\/\"},\"sameAs\":[\"https:\\\/\\\/www.facebook.com\\\/eldiario.bolivia\\\/\",\"https:\\\/\\\/x.com\\\/eldiario_net\"]},{\"@type\":\"Person\",\"@id\":\"https:\\\/\\\/www.eldiario.net\\\/portal\\\/#\\\/schema\\\/person\\\/f46445640444750d7d753ccd04ae01b7\",\"name\":\"Jeanette\",\"image\":{\"@type\":\"ImageObject\",\"inLanguage\":\"es\",\"@id\":\"https:\\\/\\\/secure.gravatar.com\\\/avatar\\\/3ea2118a5f7dad2b7138b1187a6b7ee55f160b9968b66013c3a3ef39dd7e5798?s=96&d=mm&r=g\",\"url\":\"https:\\\/\\\/secure.gravatar.com\\\/avatar\\\/3ea2118a5f7dad2b7138b1187a6b7ee55f160b9968b66013c3a3ef39dd7e5798?s=96&d=mm&r=g\",\"contentUrl\":\"https:\\\/\\\/secure.gravatar.com\\\/avatar\\\/3ea2118a5f7dad2b7138b1187a6b7ee55f160b9968b66013c3a3ef39dd7e5798?s=96&d=mm&r=g\",\"caption\":\"Jeanette\"},\"sameAs\":[\"https:\\\/\\\/www.eldiario.net\\\/portal\"],\"url\":\"https:\\\/\\\/www.eldiario.net\\\/portal\\\/author\\\/jeanette\\\/\"}]}<\/script>\n<!-- \/ Yoast SEO plugin. -->","yoast_head_json":{"title":"Rodr\u00edguez Veltz\u00e9 pide analizar reanudaci\u00f3n de relaciones diplom\u00e1ticas con Chile - El Diario - Bolivia","robots":{"index":"index","follow":"follow","max-snippet":"max-snippet:-1","max-image-preview":"max-image-preview:large","max-video-preview":"max-video-preview:-1"},"canonical":"https:\/\/www.eldiario.net\/portal\/2024\/10\/22\/rodriguez-veltze-pide-analizar-reanudacion-de-relaciones-diplomaticas-con-chile\/","og_locale":"es_ES","og_type":"article","og_title":"Rodr\u00edguez Veltz\u00e9 pide analizar reanudaci\u00f3n de relaciones diplom\u00e1ticas con Chile - El Diario - Bolivia","og_description":"El expresidente de Bolivia, Eduardo Rodr\u00edguez Veltz\u00e9, consider\u00f3 que ha llegado el momento de \u201cexaminar la posibilidad\u201d de que Bolivia y Chile reanuden relaciones diplom\u00e1ticas sin depender de la centenaria demanda mar\u00edtima, que ha sido por d\u00e9cadas el principal obst\u00e1culo para avanzar en el espacio bilateral. Rodr\u00edguez Veltz\u00e9, en entrevista con radio Bio Bio de [&hellip;]","og_url":"https:\/\/www.eldiario.net\/portal\/2024\/10\/22\/rodriguez-veltze-pide-analizar-reanudacion-de-relaciones-diplomaticas-con-chile\/","og_site_name":"El Diario - Bolivia","article_publisher":"https:\/\/www.facebook.com\/eldiario.bolivia\/","article_published_time":"2024-10-22T09:31:24+00:00","og_image":[{"width":1280,"height":545,"url":"https:\/\/www.eldiario.net\/portal\/wp-content\/uploads\/2024\/10\/KER-FOTO.jpg","type":"image\/jpeg"}],"author":"Jeanette","twitter_card":"summary_large_image","twitter_creator":"@eldiario_net","twitter_site":"@eldiario_net","twitter_misc":{"Escrito por":"Jeanette","Tiempo de lectura":"3 minutos"},"schema":{"@context":"https:\/\/schema.org","@graph":[{"@type":"Article","@id":"https:\/\/www.eldiario.net\/portal\/2024\/10\/22\/rodriguez-veltze-pide-analizar-reanudacion-de-relaciones-diplomaticas-con-chile\/#article","isPartOf":{"@id":"https:\/\/www.eldiario.net\/portal\/2024\/10\/22\/rodriguez-veltze-pide-analizar-reanudacion-de-relaciones-diplomaticas-con-chile\/"},"author":{"name":"Jeanette","@id":"https:\/\/www.eldiario.net\/portal\/#\/schema\/person\/f46445640444750d7d753ccd04ae01b7"},"headline":"Rodr\u00edguez Veltz\u00e9 pide analizar reanudaci\u00f3n de relaciones diplom\u00e1ticas con Chile","datePublished":"2024-10-22T09:31:24+00:00","mainEntityOfPage":{"@id":"https:\/\/www.eldiario.net\/portal\/2024\/10\/22\/rodriguez-veltze-pide-analizar-reanudacion-de-relaciones-diplomaticas-con-chile\/"},"wordCount":674,"publisher":{"@id":"https:\/\/www.eldiario.net\/portal\/#organization"},"image":{"@id":"https:\/\/www.eldiario.net\/portal\/2024\/10\/22\/rodriguez-veltze-pide-analizar-reanudacion-de-relaciones-diplomaticas-con-chile\/#primaryimage"},"thumbnailUrl":"https:\/\/www.eldiario.net\/portal\/wp-content\/uploads\/2024\/10\/KER-FOTO.jpg","articleSection":["Portada"],"inLanguage":"es"},{"@type":"WebPage","@id":"https:\/\/www.eldiario.net\/portal\/2024\/10\/22\/rodriguez-veltze-pide-analizar-reanudacion-de-relaciones-diplomaticas-con-chile\/","url":"https:\/\/www.eldiario.net\/portal\/2024\/10\/22\/rodriguez-veltze-pide-analizar-reanudacion-de-relaciones-diplomaticas-con-chile\/","name":"Rodr\u00edguez Veltz\u00e9 pide analizar reanudaci\u00f3n de relaciones diplom\u00e1ticas con Chile - El Diario - Bolivia","isPartOf":{"@id":"https:\/\/www.eldiario.net\/portal\/#website"},"primaryImageOfPage":{"@id":"https:\/\/www.eldiario.net\/portal\/2024\/10\/22\/rodriguez-veltze-pide-analizar-reanudacion-de-relaciones-diplomaticas-con-chile\/#primaryimage"},"image":{"@id":"https:\/\/www.eldiario.net\/portal\/2024\/10\/22\/rodriguez-veltze-pide-analizar-reanudacion-de-relaciones-diplomaticas-con-chile\/#primaryimage"},"thumbnailUrl":"https:\/\/www.eldiario.net\/portal\/wp-content\/uploads\/2024\/10\/KER-FOTO.jpg","datePublished":"2024-10-22T09:31:24+00:00","breadcrumb":{"@id":"https:\/\/www.eldiario.net\/portal\/2024\/10\/22\/rodriguez-veltze-pide-analizar-reanudacion-de-relaciones-diplomaticas-con-chile\/#breadcrumb"},"inLanguage":"es","potentialAction":[{"@type":"ReadAction","target":["https:\/\/www.eldiario.net\/portal\/2024\/10\/22\/rodriguez-veltze-pide-analizar-reanudacion-de-relaciones-diplomaticas-con-chile\/"]}]},{"@type":"ImageObject","inLanguage":"es","@id":"https:\/\/www.eldiario.net\/portal\/2024\/10\/22\/rodriguez-veltze-pide-analizar-reanudacion-de-relaciones-diplomaticas-con-chile\/#primaryimage","url":"https:\/\/www.eldiario.net\/portal\/wp-content\/uploads\/2024\/10\/KER-FOTO.jpg","contentUrl":"https:\/\/www.eldiario.net\/portal\/wp-content\/uploads\/2024\/10\/KER-FOTO.jpg","width":1280,"height":545,"caption":"Eduardo Rodr\u00edguez Veltz\u00e9. FOTO: RRSS"},{"@type":"BreadcrumbList","@id":"https:\/\/www.eldiario.net\/portal\/2024\/10\/22\/rodriguez-veltze-pide-analizar-reanudacion-de-relaciones-diplomaticas-con-chile\/#breadcrumb","itemListElement":[{"@type":"ListItem","position":1,"name":"Portada","item":"https:\/\/www.eldiario.net\/portal\/"},{"@type":"ListItem","position":2,"name":"Rodr\u00edguez Veltz\u00e9 pide analizar reanudaci\u00f3n de relaciones diplom\u00e1ticas con Chile"}]},{"@type":"WebSite","@id":"https:\/\/www.eldiario.net\/portal\/#website","url":"https:\/\/www.eldiario.net\/portal\/","name":"El Diario - Decano de la prensa nacional","description":"El Diario - Decano de la prensa nacional","publisher":{"@id":"https:\/\/www.eldiario.net\/portal\/#organization"},"potentialAction":[{"@type":"SearchAction","target":{"@type":"EntryPoint","urlTemplate":"https:\/\/www.eldiario.net\/portal\/?s={search_term_string}"},"query-input":{"@type":"PropertyValueSpecification","valueRequired":true,"valueName":"search_term_string"}}],"inLanguage":"es"},{"@type":"Organization","@id":"https:\/\/www.eldiario.net\/portal\/#organization","name":"El Diario - Decano de la prensa nacional","url":"https:\/\/www.eldiario.net\/portal\/","logo":{"@type":"ImageObject","inLanguage":"es","@id":"https:\/\/www.eldiario.net\/portal\/#\/schema\/logo\/image\/","url":"https:\/\/www.eldiario.net\/portal\/wp-content\/uploads\/2023\/07\/logo_ED.jpg","contentUrl":"https:\/\/www.eldiario.net\/portal\/wp-content\/uploads\/2023\/07\/logo_ED.jpg","width":272,"height":52,"caption":"El Diario - Decano de la prensa nacional"},"image":{"@id":"https:\/\/www.eldiario.net\/portal\/#\/schema\/logo\/image\/"},"sameAs":["https:\/\/www.facebook.com\/eldiario.bolivia\/","https:\/\/x.com\/eldiario_net"]},{"@type":"Person","@id":"https:\/\/www.eldiario.net\/portal\/#\/schema\/person\/f46445640444750d7d753ccd04ae01b7","name":"Jeanette","image":{"@type":"ImageObject","inLanguage":"es","@id":"https:\/\/secure.gravatar.com\/avatar\/3ea2118a5f7dad2b7138b1187a6b7ee55f160b9968b66013c3a3ef39dd7e5798?s=96&d=mm&r=g","url":"https:\/\/secure.gravatar.com\/avatar\/3ea2118a5f7dad2b7138b1187a6b7ee55f160b9968b66013c3a3ef39dd7e5798?s=96&d=mm&r=g","contentUrl":"https:\/\/secure.gravatar.com\/avatar\/3ea2118a5f7dad2b7138b1187a6b7ee55f160b9968b66013c3a3ef39dd7e5798?s=96&d=mm&r=g","caption":"Jeanette"},"sameAs":["https:\/\/www.eldiario.net\/portal"],"url":"https:\/\/www.eldiario.net\/portal\/author\/jeanette\/"}]}},"_links":{"self":[{"href":"https:\/\/www.eldiario.net\/portal\/wp-json\/wp\/v2\/posts\/255650","targetHints":{"allow":["GET"]}}],"collection":[{"href":"https:\/\/www.eldiario.net\/portal\/wp-json\/wp\/v2\/posts"}],"about":[{"href":"https:\/\/www.eldiario.net\/portal\/wp-json\/wp\/v2\/types\/post"}],"author":[{"embeddable":true,"href":"https:\/\/www.eldiario.net\/portal\/wp-json\/wp\/v2\/users\/1"}],"replies":[{"embeddable":true,"href":"https:\/\/www.eldiario.net\/portal\/wp-json\/wp\/v2\/comments?post=255650"}],"version-history":[{"count":1,"href":"https:\/\/www.eldiario.net\/portal\/wp-json\/wp\/v2\/posts\/255650\/revisions"}],"predecessor-version":[{"id":255652,"href":"https:\/\/www.eldiario.net\/portal\/wp-json\/wp\/v2\/posts\/255650\/revisions\/255652"}],"wp:featuredmedia":[{"embeddable":true,"href":"https:\/\/www.eldiario.net\/portal\/wp-json\/wp\/v2\/media\/255651"}],"wp:attachment":[{"href":"https:\/\/www.eldiario.net\/portal\/wp-json\/wp\/v2\/media?parent=255650"}],"wp:term":[{"taxonomy":"category","embeddable":true,"href":"https:\/\/www.eldiario.net\/portal\/wp-json\/wp\/v2\/categories?post=255650"},{"taxonomy":"post_tag","embeddable":true,"href":"https:\/\/www.eldiario.net\/portal\/wp-json\/wp\/v2\/tags?post=255650"}],"curies":[{"name":"wp","href":"https:\/\/api.w.org\/{rel}","templated":true}]}}