{"id":255647,"date":"2024-10-22T05:30:42","date_gmt":"2024-10-22T09:30:42","guid":{"rendered":"https:\/\/www.eldiario.net\/portal\/?p=255647"},"modified":"2024-10-22T05:30:42","modified_gmt":"2024-10-22T09:30:42","slug":"el-papa-recibe-libro-que-retrata-la-historia-y-cultura-de-sucre","status":"publish","type":"post","link":"https:\/\/www.eldiario.net\/portal\/2024\/10\/22\/el-papa-recibe-libro-que-retrata-la-historia-y-cultura-de-sucre\/","title":{"rendered":"El Papa recibe libro que retrata  la historia y cultura de Sucre"},"content":{"rendered":"<p>En un emotivo gesto que conecta la historia y el presente de Sucre con el escenario mundial, el libro \u201cSucre, Luces y Sombras\u201d de Gast\u00f3n Solares \u00c1vila fue entregado al Papa Francisco. Monse\u00f1or Jes\u00fas Ju\u00e1rez, arzobispo em\u00e9rito de Sucre, fue el encargado de llevar esta obra a manos del pont\u00edfice durante una audiencia privada. El libro plasma la riqueza arquitect\u00f3nica, cultural y po\u00e9tica de la capital de Bolivia.<\/p>\n<p>La obra de Solares \u00c1vila es un recorrido por las luces y sombras que definen la identidad de Sucre. Con im\u00e1genes que capturan los majestuosos muros blancos de la ciudad, sus calles y su imponente arquitectura colonial, el libro tambi\u00e9n resalta los desaf\u00edos que enfrenta la ciudad en la actualidad.<\/p>\n<p>Uno de los puntos se\u00f1alados es la mara\u00f1a de cables que ensucia el panorama visual de la capital, un problema que contrasta con la belleza hist\u00f3rica que la ciudad ha sabido preservar.<\/p>\n<p>Adem\u00e1s de ser una obra literaria y visual, \u201cSucre, Luces y Sombras\u201d pone en relieve el potencial tur\u00edstico de la ciudad y su capacidad para convertirse en un centro internacional de convenciones. A trav\u00e9s de la poes\u00eda y la m\u00fasica que acompa\u00f1an las im\u00e1genes, el autor muestra a Sucre como una ciudad vibrante y con un legado cultural \u00fanico, a la vez que presenta \u00e1reas donde se deben impulsar mejoras.<\/p>\n<p>Sucre, hist\u00f3ricamente conocida como La Plata, fue sede de la Real Audiencia de Charcas, una de las instituciones judiciales m\u00e1s importantes del Imperio espa\u00f1ol en Am\u00e9rica. Este legado colonial a\u00fan se respira en sus calles y edificios, convirtiendo a la ciudad en un s\u00edmbolo de la historia boliviana. El libro de Solares \u00c1vila es un recordatorio de esa rica herencia, pero tambi\u00e9n un llamado a modernizarla, sin perder la esencia que la hace \u00fanica.<\/p>\n<p>En las manos del Papa Francisco, \u201cSucre, Luces y Sombras\u201d representa una invitaci\u00f3n simb\u00f3lica para que Sucre sea vista no solo como la capital hist\u00f3rica de Bolivia, sino tambi\u00e9n como un lugar con un futuro brillante y lleno de oportunidades. (Erbol)<\/p>\n","protected":false},"excerpt":{"rendered":"<p>En un emotivo gesto que conecta la historia y el presente de Sucre con el escenario mundial, el libro \u201cSucre, Luces y Sombras\u201d de Gast\u00f3n Solares \u00c1vila fue entregado al Papa Francisco. Monse\u00f1or Jes\u00fas Ju\u00e1rez, arzobispo em\u00e9rito de Sucre, fue el encargado de llevar esta obra a manos del pont\u00edfice durante una audiencia privada. El [&hellip;]<\/p>\n","protected":false},"author":1,"featured_media":255648,"comment_status":"closed","ping_status":"open","sticky":false,"template":"","format":"standard","meta":{"_acf_changed":false,"footnotes":""},"categories":[15],"tags":[],"class_list":["post-255647","post","type-post","status-publish","format-standard","has-post-thumbnail","category-portada"],"acf":{"antetitulo":""},"yoast_head":"<!-- This site is optimized with the Yoast SEO plugin v28.4 - https:\/\/yoast.com\/product\/yoast-seo-wordpress\/ -->\n<title>El Papa recibe libro que retrata la historia y cultura de Sucre - El Diario - Bolivia<\/title>\n<meta name=\"robots\" content=\"index, follow, max-snippet:-1, max-image-preview:large, max-video-preview:-1\" \/>\n<link rel=\"canonical\" href=\"https:\/\/www.eldiario.net\/portal\/2024\/10\/22\/el-papa-recibe-libro-que-retrata-la-historia-y-cultura-de-sucre\/\" \/>\n<meta property=\"og:locale\" content=\"es_ES\" \/>\n<meta property=\"og:type\" content=\"article\" \/>\n<meta property=\"og:title\" content=\"El Papa recibe libro que retrata la historia y cultura de Sucre - El Diario - Bolivia\" \/>\n<meta property=\"og:description\" content=\"En un emotivo gesto que conecta la historia y el presente de Sucre con el escenario mundial, el libro \u201cSucre, Luces y Sombras\u201d de Gast\u00f3n Solares \u00c1vila fue entregado al Papa Francisco. Monse\u00f1or Jes\u00fas Ju\u00e1rez, arzobispo em\u00e9rito de Sucre, fue el encargado de llevar esta obra a manos del pont\u00edfice durante una audiencia privada. El [&hellip;]\" \/>\n<meta property=\"og:url\" content=\"https:\/\/www.eldiario.net\/portal\/2024\/10\/22\/el-papa-recibe-libro-que-retrata-la-historia-y-cultura-de-sucre\/\" \/>\n<meta property=\"og:site_name\" content=\"El Diario - Bolivia\" \/>\n<meta property=\"article:publisher\" content=\"https:\/\/www.facebook.com\/eldiario.bolivia\/\" \/>\n<meta property=\"article:published_time\" content=\"2024-10-22T09:30:42+00:00\" \/>\n<meta property=\"og:image\" content=\"https:\/\/www.eldiario.net\/portal\/wp-content\/uploads\/2024\/10\/LIBRO-FOTO.jpg\" \/>\n\t<meta property=\"og:image:width\" content=\"900\" \/>\n\t<meta property=\"og:image:height\" content=\"566\" \/>\n\t<meta property=\"og:image:type\" content=\"image\/jpeg\" \/>\n<meta name=\"author\" content=\"Jeanette\" \/>\n<meta name=\"twitter:card\" content=\"summary_large_image\" \/>\n<meta name=\"twitter:creator\" content=\"@eldiario_net\" \/>\n<meta name=\"twitter:site\" content=\"@eldiario_net\" \/>\n<meta name=\"twitter:label1\" content=\"Escrito por\" \/>\n\t<meta name=\"twitter:data1\" content=\"Jeanette\" \/>\n\t<meta name=\"twitter:label2\" content=\"Tiempo de lectura\" \/>\n\t<meta name=\"twitter:data2\" content=\"2 minutos\" \/>\n<script type=\"application\/ld+json\" class=\"yoast-schema-graph\">{\"@context\":\"https:\\\/\\\/schema.org\",\"@graph\":[{\"@type\":\"Article\",\"@id\":\"https:\\\/\\\/www.eldiario.net\\\/portal\\\/2024\\\/10\\\/22\\\/el-papa-recibe-libro-que-retrata-la-historia-y-cultura-de-sucre\\\/#article\",\"isPartOf\":{\"@id\":\"https:\\\/\\\/www.eldiario.net\\\/portal\\\/2024\\\/10\\\/22\\\/el-papa-recibe-libro-que-retrata-la-historia-y-cultura-de-sucre\\\/\"},\"author\":{\"name\":\"Jeanette\",\"@id\":\"https:\\\/\\\/www.eldiario.net\\\/portal\\\/#\\\/schema\\\/person\\\/f46445640444750d7d753ccd04ae01b7\"},\"headline\":\"El Papa recibe libro que retrata la historia y cultura de Sucre\",\"datePublished\":\"2024-10-22T09:30:42+00:00\",\"mainEntityOfPage\":{\"@id\":\"https:\\\/\\\/www.eldiario.net\\\/portal\\\/2024\\\/10\\\/22\\\/el-papa-recibe-libro-que-retrata-la-historia-y-cultura-de-sucre\\\/\"},\"wordCount\":379,\"publisher\":{\"@id\":\"https:\\\/\\\/www.eldiario.net\\\/portal\\\/#organization\"},\"image\":{\"@id\":\"https:\\\/\\\/www.eldiario.net\\\/portal\\\/2024\\\/10\\\/22\\\/el-papa-recibe-libro-que-retrata-la-historia-y-cultura-de-sucre\\\/#primaryimage\"},\"thumbnailUrl\":\"https:\\\/\\\/www.eldiario.net\\\/portal\\\/wp-content\\\/uploads\\\/2024\\\/10\\\/LIBRO-FOTO.jpg\",\"articleSection\":[\"Portada\"],\"inLanguage\":\"es\"},{\"@type\":\"WebPage\",\"@id\":\"https:\\\/\\\/www.eldiario.net\\\/portal\\\/2024\\\/10\\\/22\\\/el-papa-recibe-libro-que-retrata-la-historia-y-cultura-de-sucre\\\/\",\"url\":\"https:\\\/\\\/www.eldiario.net\\\/portal\\\/2024\\\/10\\\/22\\\/el-papa-recibe-libro-que-retrata-la-historia-y-cultura-de-sucre\\\/\",\"name\":\"El Papa recibe libro que retrata la historia y cultura de Sucre - El Diario - Bolivia\",\"isPartOf\":{\"@id\":\"https:\\\/\\\/www.eldiario.net\\\/portal\\\/#website\"},\"primaryImageOfPage\":{\"@id\":\"https:\\\/\\\/www.eldiario.net\\\/portal\\\/2024\\\/10\\\/22\\\/el-papa-recibe-libro-que-retrata-la-historia-y-cultura-de-sucre\\\/#primaryimage\"},\"image\":{\"@id\":\"https:\\\/\\\/www.eldiario.net\\\/portal\\\/2024\\\/10\\\/22\\\/el-papa-recibe-libro-que-retrata-la-historia-y-cultura-de-sucre\\\/#primaryimage\"},\"thumbnailUrl\":\"https:\\\/\\\/www.eldiario.net\\\/portal\\\/wp-content\\\/uploads\\\/2024\\\/10\\\/LIBRO-FOTO.jpg\",\"datePublished\":\"2024-10-22T09:30:42+00:00\",\"breadcrumb\":{\"@id\":\"https:\\\/\\\/www.eldiario.net\\\/portal\\\/2024\\\/10\\\/22\\\/el-papa-recibe-libro-que-retrata-la-historia-y-cultura-de-sucre\\\/#breadcrumb\"},\"inLanguage\":\"es\",\"potentialAction\":[{\"@type\":\"ReadAction\",\"target\":[\"https:\\\/\\\/www.eldiario.net\\\/portal\\\/2024\\\/10\\\/22\\\/el-papa-recibe-libro-que-retrata-la-historia-y-cultura-de-sucre\\\/\"]}]},{\"@type\":\"ImageObject\",\"inLanguage\":\"es\",\"@id\":\"https:\\\/\\\/www.eldiario.net\\\/portal\\\/2024\\\/10\\\/22\\\/el-papa-recibe-libro-que-retrata-la-historia-y-cultura-de-sucre\\\/#primaryimage\",\"url\":\"https:\\\/\\\/www.eldiario.net\\\/portal\\\/wp-content\\\/uploads\\\/2024\\\/10\\\/LIBRO-FOTO.jpg\",\"contentUrl\":\"https:\\\/\\\/www.eldiario.net\\\/portal\\\/wp-content\\\/uploads\\\/2024\\\/10\\\/LIBRO-FOTO.jpg\",\"width\":900,\"height\":566,\"caption\":\"EL SUMO PONT\u00cdFICE RECIBE EL LIBRO \u201cSUCRE, LUCES Y SOMBRAS\u201d DE GAST\u00d3N SOLARES \u00c1VILA QUE FUE ENTREGADO POR MONSE\u00d1OR JES\u00daS JU\u00c1REZ. FOTO: PERIODISMO QUE CUENTA\"},{\"@type\":\"BreadcrumbList\",\"@id\":\"https:\\\/\\\/www.eldiario.net\\\/portal\\\/2024\\\/10\\\/22\\\/el-papa-recibe-libro-que-retrata-la-historia-y-cultura-de-sucre\\\/#breadcrumb\",\"itemListElement\":[{\"@type\":\"ListItem\",\"position\":1,\"name\":\"Portada\",\"item\":\"https:\\\/\\\/www.eldiario.net\\\/portal\\\/\"},{\"@type\":\"ListItem\",\"position\":2,\"name\":\"El Papa recibe libro que retrata la historia y cultura de Sucre\"}]},{\"@type\":\"WebSite\",\"@id\":\"https:\\\/\\\/www.eldiario.net\\\/portal\\\/#website\",\"url\":\"https:\\\/\\\/www.eldiario.net\\\/portal\\\/\",\"name\":\"El Diario - Decano de la prensa nacional\",\"description\":\"El Diario - Decano de la prensa nacional\",\"publisher\":{\"@id\":\"https:\\\/\\\/www.eldiario.net\\\/portal\\\/#organization\"},\"potentialAction\":[{\"@type\":\"SearchAction\",\"target\":{\"@type\":\"EntryPoint\",\"urlTemplate\":\"https:\\\/\\\/www.eldiario.net\\\/portal\\\/?s={search_term_string}\"},\"query-input\":{\"@type\":\"PropertyValueSpecification\",\"valueRequired\":true,\"valueName\":\"search_term_string\"}}],\"inLanguage\":\"es\"},{\"@type\":\"Organization\",\"@id\":\"https:\\\/\\\/www.eldiario.net\\\/portal\\\/#organization\",\"name\":\"El Diario - Decano de la prensa nacional\",\"url\":\"https:\\\/\\\/www.eldiario.net\\\/portal\\\/\",\"logo\":{\"@type\":\"ImageObject\",\"inLanguage\":\"es\",\"@id\":\"https:\\\/\\\/www.eldiario.net\\\/portal\\\/#\\\/schema\\\/logo\\\/image\\\/\",\"url\":\"https:\\\/\\\/www.eldiario.net\\\/portal\\\/wp-content\\\/uploads\\\/2023\\\/07\\\/logo_ED.jpg\",\"contentUrl\":\"https:\\\/\\\/www.eldiario.net\\\/portal\\\/wp-content\\\/uploads\\\/2023\\\/07\\\/logo_ED.jpg\",\"width\":272,\"height\":52,\"caption\":\"El Diario - Decano de la prensa nacional\"},\"image\":{\"@id\":\"https:\\\/\\\/www.eldiario.net\\\/portal\\\/#\\\/schema\\\/logo\\\/image\\\/\"},\"sameAs\":[\"https:\\\/\\\/www.facebook.com\\\/eldiario.bolivia\\\/\",\"https:\\\/\\\/x.com\\\/eldiario_net\"]},{\"@type\":\"Person\",\"@id\":\"https:\\\/\\\/www.eldiario.net\\\/portal\\\/#\\\/schema\\\/person\\\/f46445640444750d7d753ccd04ae01b7\",\"name\":\"Jeanette\",\"image\":{\"@type\":\"ImageObject\",\"inLanguage\":\"es\",\"@id\":\"https:\\\/\\\/secure.gravatar.com\\\/avatar\\\/3ea2118a5f7dad2b7138b1187a6b7ee55f160b9968b66013c3a3ef39dd7e5798?s=96&d=mm&r=g\",\"url\":\"https:\\\/\\\/secure.gravatar.com\\\/avatar\\\/3ea2118a5f7dad2b7138b1187a6b7ee55f160b9968b66013c3a3ef39dd7e5798?s=96&d=mm&r=g\",\"contentUrl\":\"https:\\\/\\\/secure.gravatar.com\\\/avatar\\\/3ea2118a5f7dad2b7138b1187a6b7ee55f160b9968b66013c3a3ef39dd7e5798?s=96&d=mm&r=g\",\"caption\":\"Jeanette\"},\"sameAs\":[\"https:\\\/\\\/www.eldiario.net\\\/portal\"],\"url\":\"https:\\\/\\\/www.eldiario.net\\\/portal\\\/author\\\/jeanette\\\/\"}]}<\/script>\n<!-- \/ Yoast SEO plugin. -->","yoast_head_json":{"title":"El Papa recibe libro que retrata la historia y cultura de Sucre - El Diario - Bolivia","robots":{"index":"index","follow":"follow","max-snippet":"max-snippet:-1","max-image-preview":"max-image-preview:large","max-video-preview":"max-video-preview:-1"},"canonical":"https:\/\/www.eldiario.net\/portal\/2024\/10\/22\/el-papa-recibe-libro-que-retrata-la-historia-y-cultura-de-sucre\/","og_locale":"es_ES","og_type":"article","og_title":"El Papa recibe libro que retrata la historia y cultura de Sucre - El Diario - Bolivia","og_description":"En un emotivo gesto que conecta la historia y el presente de Sucre con el escenario mundial, el libro \u201cSucre, Luces y Sombras\u201d de Gast\u00f3n Solares \u00c1vila fue entregado al Papa Francisco. Monse\u00f1or Jes\u00fas Ju\u00e1rez, arzobispo em\u00e9rito de Sucre, fue el encargado de llevar esta obra a manos del pont\u00edfice durante una audiencia privada. El [&hellip;]","og_url":"https:\/\/www.eldiario.net\/portal\/2024\/10\/22\/el-papa-recibe-libro-que-retrata-la-historia-y-cultura-de-sucre\/","og_site_name":"El Diario - Bolivia","article_publisher":"https:\/\/www.facebook.com\/eldiario.bolivia\/","article_published_time":"2024-10-22T09:30:42+00:00","og_image":[{"width":900,"height":566,"url":"https:\/\/www.eldiario.net\/portal\/wp-content\/uploads\/2024\/10\/LIBRO-FOTO.jpg","type":"image\/jpeg"}],"author":"Jeanette","twitter_card":"summary_large_image","twitter_creator":"@eldiario_net","twitter_site":"@eldiario_net","twitter_misc":{"Escrito por":"Jeanette","Tiempo de lectura":"2 minutos"},"schema":{"@context":"https:\/\/schema.org","@graph":[{"@type":"Article","@id":"https:\/\/www.eldiario.net\/portal\/2024\/10\/22\/el-papa-recibe-libro-que-retrata-la-historia-y-cultura-de-sucre\/#article","isPartOf":{"@id":"https:\/\/www.eldiario.net\/portal\/2024\/10\/22\/el-papa-recibe-libro-que-retrata-la-historia-y-cultura-de-sucre\/"},"author":{"name":"Jeanette","@id":"https:\/\/www.eldiario.net\/portal\/#\/schema\/person\/f46445640444750d7d753ccd04ae01b7"},"headline":"El Papa recibe libro que retrata la historia y cultura de Sucre","datePublished":"2024-10-22T09:30:42+00:00","mainEntityOfPage":{"@id":"https:\/\/www.eldiario.net\/portal\/2024\/10\/22\/el-papa-recibe-libro-que-retrata-la-historia-y-cultura-de-sucre\/"},"wordCount":379,"publisher":{"@id":"https:\/\/www.eldiario.net\/portal\/#organization"},"image":{"@id":"https:\/\/www.eldiario.net\/portal\/2024\/10\/22\/el-papa-recibe-libro-que-retrata-la-historia-y-cultura-de-sucre\/#primaryimage"},"thumbnailUrl":"https:\/\/www.eldiario.net\/portal\/wp-content\/uploads\/2024\/10\/LIBRO-FOTO.jpg","articleSection":["Portada"],"inLanguage":"es"},{"@type":"WebPage","@id":"https:\/\/www.eldiario.net\/portal\/2024\/10\/22\/el-papa-recibe-libro-que-retrata-la-historia-y-cultura-de-sucre\/","url":"https:\/\/www.eldiario.net\/portal\/2024\/10\/22\/el-papa-recibe-libro-que-retrata-la-historia-y-cultura-de-sucre\/","name":"El Papa recibe libro que retrata la historia y cultura de Sucre - El Diario - Bolivia","isPartOf":{"@id":"https:\/\/www.eldiario.net\/portal\/#website"},"primaryImageOfPage":{"@id":"https:\/\/www.eldiario.net\/portal\/2024\/10\/22\/el-papa-recibe-libro-que-retrata-la-historia-y-cultura-de-sucre\/#primaryimage"},"image":{"@id":"https:\/\/www.eldiario.net\/portal\/2024\/10\/22\/el-papa-recibe-libro-que-retrata-la-historia-y-cultura-de-sucre\/#primaryimage"},"thumbnailUrl":"https:\/\/www.eldiario.net\/portal\/wp-content\/uploads\/2024\/10\/LIBRO-FOTO.jpg","datePublished":"2024-10-22T09:30:42+00:00","breadcrumb":{"@id":"https:\/\/www.eldiario.net\/portal\/2024\/10\/22\/el-papa-recibe-libro-que-retrata-la-historia-y-cultura-de-sucre\/#breadcrumb"},"inLanguage":"es","potentialAction":[{"@type":"ReadAction","target":["https:\/\/www.eldiario.net\/portal\/2024\/10\/22\/el-papa-recibe-libro-que-retrata-la-historia-y-cultura-de-sucre\/"]}]},{"@type":"ImageObject","inLanguage":"es","@id":"https:\/\/www.eldiario.net\/portal\/2024\/10\/22\/el-papa-recibe-libro-que-retrata-la-historia-y-cultura-de-sucre\/#primaryimage","url":"https:\/\/www.eldiario.net\/portal\/wp-content\/uploads\/2024\/10\/LIBRO-FOTO.jpg","contentUrl":"https:\/\/www.eldiario.net\/portal\/wp-content\/uploads\/2024\/10\/LIBRO-FOTO.jpg","width":900,"height":566,"caption":"EL SUMO PONT\u00cdFICE RECIBE EL LIBRO \u201cSUCRE, LUCES Y SOMBRAS\u201d DE GAST\u00d3N SOLARES \u00c1VILA QUE FUE ENTREGADO POR MONSE\u00d1OR JES\u00daS JU\u00c1REZ. FOTO: PERIODISMO QUE CUENTA"},{"@type":"BreadcrumbList","@id":"https:\/\/www.eldiario.net\/portal\/2024\/10\/22\/el-papa-recibe-libro-que-retrata-la-historia-y-cultura-de-sucre\/#breadcrumb","itemListElement":[{"@type":"ListItem","position":1,"name":"Portada","item":"https:\/\/www.eldiario.net\/portal\/"},{"@type":"ListItem","position":2,"name":"El Papa recibe libro que retrata la historia y cultura de Sucre"}]},{"@type":"WebSite","@id":"https:\/\/www.eldiario.net\/portal\/#website","url":"https:\/\/www.eldiario.net\/portal\/","name":"El Diario - Decano de la prensa nacional","description":"El Diario - Decano de la prensa nacional","publisher":{"@id":"https:\/\/www.eldiario.net\/portal\/#organization"},"potentialAction":[{"@type":"SearchAction","target":{"@type":"EntryPoint","urlTemplate":"https:\/\/www.eldiario.net\/portal\/?s={search_term_string}"},"query-input":{"@type":"PropertyValueSpecification","valueRequired":true,"valueName":"search_term_string"}}],"inLanguage":"es"},{"@type":"Organization","@id":"https:\/\/www.eldiario.net\/portal\/#organization","name":"El Diario - Decano de la prensa nacional","url":"https:\/\/www.eldiario.net\/portal\/","logo":{"@type":"ImageObject","inLanguage":"es","@id":"https:\/\/www.eldiario.net\/portal\/#\/schema\/logo\/image\/","url":"https:\/\/www.eldiario.net\/portal\/wp-content\/uploads\/2023\/07\/logo_ED.jpg","contentUrl":"https:\/\/www.eldiario.net\/portal\/wp-content\/uploads\/2023\/07\/logo_ED.jpg","width":272,"height":52,"caption":"El Diario - Decano de la prensa nacional"},"image":{"@id":"https:\/\/www.eldiario.net\/portal\/#\/schema\/logo\/image\/"},"sameAs":["https:\/\/www.facebook.com\/eldiario.bolivia\/","https:\/\/x.com\/eldiario_net"]},{"@type":"Person","@id":"https:\/\/www.eldiario.net\/portal\/#\/schema\/person\/f46445640444750d7d753ccd04ae01b7","name":"Jeanette","image":{"@type":"ImageObject","inLanguage":"es","@id":"https:\/\/secure.gravatar.com\/avatar\/3ea2118a5f7dad2b7138b1187a6b7ee55f160b9968b66013c3a3ef39dd7e5798?s=96&d=mm&r=g","url":"https:\/\/secure.gravatar.com\/avatar\/3ea2118a5f7dad2b7138b1187a6b7ee55f160b9968b66013c3a3ef39dd7e5798?s=96&d=mm&r=g","contentUrl":"https:\/\/secure.gravatar.com\/avatar\/3ea2118a5f7dad2b7138b1187a6b7ee55f160b9968b66013c3a3ef39dd7e5798?s=96&d=mm&r=g","caption":"Jeanette"},"sameAs":["https:\/\/www.eldiario.net\/portal"],"url":"https:\/\/www.eldiario.net\/portal\/author\/jeanette\/"}]}},"_links":{"self":[{"href":"https:\/\/www.eldiario.net\/portal\/wp-json\/wp\/v2\/posts\/255647","targetHints":{"allow":["GET"]}}],"collection":[{"href":"https:\/\/www.eldiario.net\/portal\/wp-json\/wp\/v2\/posts"}],"about":[{"href":"https:\/\/www.eldiario.net\/portal\/wp-json\/wp\/v2\/types\/post"}],"author":[{"embeddable":true,"href":"https:\/\/www.eldiario.net\/portal\/wp-json\/wp\/v2\/users\/1"}],"replies":[{"embeddable":true,"href":"https:\/\/www.eldiario.net\/portal\/wp-json\/wp\/v2\/comments?post=255647"}],"version-history":[{"count":1,"href":"https:\/\/www.eldiario.net\/portal\/wp-json\/wp\/v2\/posts\/255647\/revisions"}],"predecessor-version":[{"id":255649,"href":"https:\/\/www.eldiario.net\/portal\/wp-json\/wp\/v2\/posts\/255647\/revisions\/255649"}],"wp:featuredmedia":[{"embeddable":true,"href":"https:\/\/www.eldiario.net\/portal\/wp-json\/wp\/v2\/media\/255648"}],"wp:attachment":[{"href":"https:\/\/www.eldiario.net\/portal\/wp-json\/wp\/v2\/media?parent=255647"}],"wp:term":[{"taxonomy":"category","embeddable":true,"href":"https:\/\/www.eldiario.net\/portal\/wp-json\/wp\/v2\/categories?post=255647"},{"taxonomy":"post_tag","embeddable":true,"href":"https:\/\/www.eldiario.net\/portal\/wp-json\/wp\/v2\/tags?post=255647"}],"curies":[{"name":"wp","href":"https:\/\/api.w.org\/{rel}","templated":true}]}}