{"id":255637,"date":"2024-10-21T16:01:45","date_gmt":"2024-10-21T20:01:45","guid":{"rendered":"https:\/\/www.eldiario.net\/portal\/?p=255637"},"modified":"2024-10-21T16:01:45","modified_gmt":"2024-10-21T20:01:45","slug":"crisis-del-gas-oportunidad-para-bolivia","status":"publish","type":"post","link":"https:\/\/www.eldiario.net\/portal\/2024\/10\/21\/crisis-del-gas-oportunidad-para-bolivia\/","title":{"rendered":"Crisis del gas, oportunidad para Bolivia"},"content":{"rendered":"<p>Lleg\u00f3 la hora crucial de incorporar de manera decidida el agua, el sol y el viento a la matriz energ\u00e9tica de Bolivia que actualmente depende del gas natural, recurso que enfrenta desaf\u00edos significativos debido a la disminuci\u00f3n de sus reservas, amenazando la estabilidad econ\u00f3mica y energ\u00e9tica del pa\u00eds. Con la transici\u00f3n a energ\u00edas renovables, el pa\u00eds gozar\u00e1 de un sistema a largo plazo, accesible a la econom\u00eda nacional y fundamentalmente m\u00e1s amable con el muy flagelado medio ambiente.<\/p>\n<p>La reducci\u00f3n de la producci\u00f3n de gas natural sugiere un posible aumento en los precios de la energ\u00eda, una preocupaci\u00f3n ilustrada por las experiencias de Chile y Per\u00fa. Ambos pa\u00edses han determinado cambios en la producci\u00f3n de electricidad con energ\u00edas renovables, con Chile aumentando de 6 323GWh en 2013 a m\u00e1s de 32 749GWh en 2023, gracias a inversiones en solar y e\u00f3lica. Per\u00fa, por su parte, pas\u00f3 de 456 GWh en 2013 a m\u00e1s de 3 300 GWh en 2023 en energ\u00edas renovables no convencionales. Estos ejemplos resaltan la necesidad de que Bolivia mitigue los impactos econ\u00f3micos y sociales diversificando sus fuentes de energ\u00eda.<\/p>\n<p>Bolivia cuenta con un gran potencial en energ\u00edas renovables debido a su rica dotaci\u00f3n de recursos naturales. La regi\u00f3n del Altiplano es ideal para la energ\u00eda solar; los vientos en el oriente y en sur son aptos para el desarrollo e\u00f3lico; las diversas cuencas hidrogr\u00e1ficas representan oportunidades para expandir la infraestructura hidroel\u00e9ctrica, que puede servir como respaldo constante para las energ\u00edas solar y e\u00f3lica, favoreciendo la estabilidad del suministro el\u00e9ctrico.<\/p>\n<p>Para desarrollar energ\u00edas renovables, es fundamental fomentar la inversi\u00f3n privada, actualmente obstaculizada por barreras regulatorias y pol\u00edticas. La implementaci\u00f3n de incentivos fiscales, simplificaci\u00f3n de tr\u00e1mites y claridad normativa son esenciales para atraer inversiones al sector energ\u00e9tico renovable. Adem\u00e1s, se debe ajustar la pol\u00edtica tarifaria para reflejar el costo real de generaci\u00f3n el\u00e9ctrica que podr\u00eda facilitar la adopci\u00f3n de fuentes sostenibles.<\/p>\n<p>Las asociaciones p\u00fablico-privadas pueden jugar un papel vital en el desarrollo de proyectos renovables, compartiendo riesgos y responsabilidades. Estas colaboraciones promueven un enfoque integrado para diversificar la matriz energ\u00e9tica y superar retos t\u00e9cnicos y financieros. La inclusi\u00f3n de renovables y la complementariedad de la hidroel\u00e9ctrica fortalecen la seguridad energ\u00e9tica y reducen la dependencia del gas natural.<\/p>\n<p>En resumen, la transici\u00f3n de Bolivia hacia un modelo energ\u00e9tico que incorpore energ\u00edas renovables es crucial. Con un enfoque pragm\u00e1tico y centrado en la mejora regulatoria y pol\u00edticas efectivas, Bolivia puede construir una matriz energ\u00e9tica m\u00e1s equilibrada y menos vulnerable a fluctuaciones del mercado global, asegurando un desarrollo econ\u00f3mico sostenible.<\/p>\n<p><img loading=\"lazy\" decoding=\"async\" class=\"aligncenter size-full wp-image-255631\" src=\"https:\/\/www.eldiario.net\/portal\/wp-content\/uploads\/2024\/10\/energias_fosiles.jpg\" alt=\"\" width=\"1200\" height=\"797\" srcset=\"https:\/\/www.eldiario.net\/portal\/wp-content\/uploads\/2024\/10\/energias_fosiles.jpg 1200w, https:\/\/www.eldiario.net\/portal\/wp-content\/uploads\/2024\/10\/energias_fosiles-300x199.jpg 300w, https:\/\/www.eldiario.net\/portal\/wp-content\/uploads\/2024\/10\/energias_fosiles-1024x680.jpg 1024w, https:\/\/www.eldiario.net\/portal\/wp-content\/uploads\/2024\/10\/energias_fosiles-768x510.jpg 768w, https:\/\/www.eldiario.net\/portal\/wp-content\/uploads\/2024\/10\/energias_fosiles-632x420.jpg 632w, https:\/\/www.eldiario.net\/portal\/wp-content\/uploads\/2024\/10\/energias_fosiles-696x462.jpg 696w, https:\/\/www.eldiario.net\/portal\/wp-content\/uploads\/2024\/10\/energias_fosiles-1068x709.jpg 1068w\" sizes=\"auto, (max-width: 1200px) 100vw, 1200px\" \/> <img loading=\"lazy\" decoding=\"async\" class=\"aligncenter size-full wp-image-255630\" src=\"https:\/\/www.eldiario.net\/portal\/wp-content\/uploads\/2024\/10\/Alamy_EM0KJN_SanPedroMarket.jpg\" alt=\"\" width=\"1920\" height=\"960\" srcset=\"https:\/\/www.eldiario.net\/portal\/wp-content\/uploads\/2024\/10\/Alamy_EM0KJN_SanPedroMarket.jpg 1920w, https:\/\/www.eldiario.net\/portal\/wp-content\/uploads\/2024\/10\/Alamy_EM0KJN_SanPedroMarket-300x150.jpg 300w, https:\/\/www.eldiario.net\/portal\/wp-content\/uploads\/2024\/10\/Alamy_EM0KJN_SanPedroMarket-1024x512.jpg 1024w, https:\/\/www.eldiario.net\/portal\/wp-content\/uploads\/2024\/10\/Alamy_EM0KJN_SanPedroMarket-768x384.jpg 768w, https:\/\/www.eldiario.net\/portal\/wp-content\/uploads\/2024\/10\/Alamy_EM0KJN_SanPedroMarket-1536x768.jpg 1536w, https:\/\/www.eldiario.net\/portal\/wp-content\/uploads\/2024\/10\/Alamy_EM0KJN_SanPedroMarket-840x420.jpg 840w, https:\/\/www.eldiario.net\/portal\/wp-content\/uploads\/2024\/10\/Alamy_EM0KJN_SanPedroMarket-696x348.jpg 696w, https:\/\/www.eldiario.net\/portal\/wp-content\/uploads\/2024\/10\/Alamy_EM0KJN_SanPedroMarket-1068x534.jpg 1068w\" sizes=\"auto, (max-width: 1920px) 100vw, 1920px\" \/><\/p>\n","protected":false},"excerpt":{"rendered":"<p>Lleg\u00f3 la hora crucial de incorporar de manera decidida el agua, el sol y el viento a la matriz energ\u00e9tica de Bolivia que actualmente depende del gas natural, recurso que enfrenta desaf\u00edos significativos debido a la disminuci\u00f3n de sus reservas, amenazando la estabilidad econ\u00f3mica y energ\u00e9tica del pa\u00eds. Con la transici\u00f3n a energ\u00edas renovables, el [&hellip;]<\/p>\n","protected":false},"author":2,"featured_media":255632,"comment_status":"closed","ping_status":"open","sticky":false,"template":"","format":"standard","meta":{"_acf_changed":false,"footnotes":""},"categories":[7],"tags":[],"class_list":["post-255637","post","type-post","status-publish","format-standard","has-post-thumbnail","category-economia"],"acf":{"antetitulo":"COLUMNA: \u201cEl Solar\u201d"},"yoast_head":"<!-- This site is optimized with the Yoast SEO plugin v28.4 - https:\/\/yoast.com\/product\/yoast-seo-wordpress\/ -->\n<title>Crisis del gas, oportunidad para Bolivia - El Diario - Bolivia<\/title>\n<meta name=\"robots\" content=\"index, follow, max-snippet:-1, max-image-preview:large, max-video-preview:-1\" \/>\n<link rel=\"canonical\" href=\"https:\/\/www.eldiario.net\/portal\/2024\/10\/21\/crisis-del-gas-oportunidad-para-bolivia\/\" \/>\n<meta property=\"og:locale\" content=\"es_ES\" \/>\n<meta property=\"og:type\" content=\"article\" \/>\n<meta property=\"og:title\" content=\"Crisis del gas, oportunidad para Bolivia - El Diario - Bolivia\" \/>\n<meta property=\"og:description\" content=\"Lleg\u00f3 la hora crucial de incorporar de manera decidida el agua, el sol y el viento a la matriz energ\u00e9tica de Bolivia que actualmente depende del gas natural, recurso que enfrenta desaf\u00edos significativos debido a la disminuci\u00f3n de sus reservas, amenazando la estabilidad econ\u00f3mica y energ\u00e9tica del pa\u00eds. Con la transici\u00f3n a energ\u00edas renovables, el [&hellip;]\" \/>\n<meta property=\"og:url\" content=\"https:\/\/www.eldiario.net\/portal\/2024\/10\/21\/crisis-del-gas-oportunidad-para-bolivia\/\" \/>\n<meta property=\"og:site_name\" content=\"El Diario - Bolivia\" \/>\n<meta property=\"article:publisher\" content=\"https:\/\/www.facebook.com\/eldiario.bolivia\/\" \/>\n<meta property=\"article:published_time\" content=\"2024-10-21T20:01:45+00:00\" \/>\n<meta property=\"og:image\" content=\"https:\/\/www.eldiario.net\/portal\/wp-content\/uploads\/2024\/10\/Pag-1-nota-1-foto-Oswaldo-Irusta.jpeg\" \/>\n\t<meta property=\"og:image:width\" content=\"709\" \/>\n\t<meta property=\"og:image:height\" content=\"1063\" \/>\n\t<meta property=\"og:image:type\" content=\"image\/jpeg\" \/>\n<meta name=\"author\" content=\"luis Camacho\" \/>\n<meta name=\"twitter:card\" content=\"summary_large_image\" \/>\n<meta name=\"twitter:creator\" content=\"@eldiario_net\" \/>\n<meta name=\"twitter:site\" content=\"@eldiario_net\" \/>\n<meta name=\"twitter:label1\" content=\"Escrito por\" \/>\n\t<meta name=\"twitter:data1\" content=\"luis Camacho\" \/>\n\t<meta name=\"twitter:label2\" content=\"Tiempo de lectura\" \/>\n\t<meta name=\"twitter:data2\" content=\"3 minutos\" \/>\n<script type=\"application\/ld+json\" class=\"yoast-schema-graph\">{\"@context\":\"https:\\\/\\\/schema.org\",\"@graph\":[{\"@type\":\"Article\",\"@id\":\"https:\\\/\\\/www.eldiario.net\\\/portal\\\/2024\\\/10\\\/21\\\/crisis-del-gas-oportunidad-para-bolivia\\\/#article\",\"isPartOf\":{\"@id\":\"https:\\\/\\\/www.eldiario.net\\\/portal\\\/2024\\\/10\\\/21\\\/crisis-del-gas-oportunidad-para-bolivia\\\/\"},\"author\":{\"name\":\"luis Camacho\",\"@id\":\"https:\\\/\\\/www.eldiario.net\\\/portal\\\/#\\\/schema\\\/person\\\/cab1ae4db27e5f008a62cbffb05fbfee\"},\"headline\":\"Crisis del gas, oportunidad para Bolivia\",\"datePublished\":\"2024-10-21T20:01:45+00:00\",\"mainEntityOfPage\":{\"@id\":\"https:\\\/\\\/www.eldiario.net\\\/portal\\\/2024\\\/10\\\/21\\\/crisis-del-gas-oportunidad-para-bolivia\\\/\"},\"wordCount\":477,\"publisher\":{\"@id\":\"https:\\\/\\\/www.eldiario.net\\\/portal\\\/#organization\"},\"image\":{\"@id\":\"https:\\\/\\\/www.eldiario.net\\\/portal\\\/2024\\\/10\\\/21\\\/crisis-del-gas-oportunidad-para-bolivia\\\/#primaryimage\"},\"thumbnailUrl\":\"https:\\\/\\\/www.eldiario.net\\\/portal\\\/wp-content\\\/uploads\\\/2024\\\/10\\\/Pag-1-nota-1-foto-Oswaldo-Irusta.jpeg\",\"articleSection\":[\"Econom\u00eda\"],\"inLanguage\":\"es\"},{\"@type\":\"WebPage\",\"@id\":\"https:\\\/\\\/www.eldiario.net\\\/portal\\\/2024\\\/10\\\/21\\\/crisis-del-gas-oportunidad-para-bolivia\\\/\",\"url\":\"https:\\\/\\\/www.eldiario.net\\\/portal\\\/2024\\\/10\\\/21\\\/crisis-del-gas-oportunidad-para-bolivia\\\/\",\"name\":\"Crisis del gas, oportunidad para Bolivia - El Diario - Bolivia\",\"isPartOf\":{\"@id\":\"https:\\\/\\\/www.eldiario.net\\\/portal\\\/#website\"},\"primaryImageOfPage\":{\"@id\":\"https:\\\/\\\/www.eldiario.net\\\/portal\\\/2024\\\/10\\\/21\\\/crisis-del-gas-oportunidad-para-bolivia\\\/#primaryimage\"},\"image\":{\"@id\":\"https:\\\/\\\/www.eldiario.net\\\/portal\\\/2024\\\/10\\\/21\\\/crisis-del-gas-oportunidad-para-bolivia\\\/#primaryimage\"},\"thumbnailUrl\":\"https:\\\/\\\/www.eldiario.net\\\/portal\\\/wp-content\\\/uploads\\\/2024\\\/10\\\/Pag-1-nota-1-foto-Oswaldo-Irusta.jpeg\",\"datePublished\":\"2024-10-21T20:01:45+00:00\",\"breadcrumb\":{\"@id\":\"https:\\\/\\\/www.eldiario.net\\\/portal\\\/2024\\\/10\\\/21\\\/crisis-del-gas-oportunidad-para-bolivia\\\/#breadcrumb\"},\"inLanguage\":\"es\",\"potentialAction\":[{\"@type\":\"ReadAction\",\"target\":[\"https:\\\/\\\/www.eldiario.net\\\/portal\\\/2024\\\/10\\\/21\\\/crisis-del-gas-oportunidad-para-bolivia\\\/\"]}]},{\"@type\":\"ImageObject\",\"inLanguage\":\"es\",\"@id\":\"https:\\\/\\\/www.eldiario.net\\\/portal\\\/2024\\\/10\\\/21\\\/crisis-del-gas-oportunidad-para-bolivia\\\/#primaryimage\",\"url\":\"https:\\\/\\\/www.eldiario.net\\\/portal\\\/wp-content\\\/uploads\\\/2024\\\/10\\\/Pag-1-nota-1-foto-Oswaldo-Irusta.jpeg\",\"contentUrl\":\"https:\\\/\\\/www.eldiario.net\\\/portal\\\/wp-content\\\/uploads\\\/2024\\\/10\\\/Pag-1-nota-1-foto-Oswaldo-Irusta.jpeg\",\"width\":709,\"height\":1063},{\"@type\":\"BreadcrumbList\",\"@id\":\"https:\\\/\\\/www.eldiario.net\\\/portal\\\/2024\\\/10\\\/21\\\/crisis-del-gas-oportunidad-para-bolivia\\\/#breadcrumb\",\"itemListElement\":[{\"@type\":\"ListItem\",\"position\":1,\"name\":\"Portada\",\"item\":\"https:\\\/\\\/www.eldiario.net\\\/portal\\\/\"},{\"@type\":\"ListItem\",\"position\":2,\"name\":\"Crisis del gas, oportunidad para Bolivia\"}]},{\"@type\":\"WebSite\",\"@id\":\"https:\\\/\\\/www.eldiario.net\\\/portal\\\/#website\",\"url\":\"https:\\\/\\\/www.eldiario.net\\\/portal\\\/\",\"name\":\"El Diario - Decano de la prensa nacional\",\"description\":\"El Diario - Decano de la prensa nacional\",\"publisher\":{\"@id\":\"https:\\\/\\\/www.eldiario.net\\\/portal\\\/#organization\"},\"potentialAction\":[{\"@type\":\"SearchAction\",\"target\":{\"@type\":\"EntryPoint\",\"urlTemplate\":\"https:\\\/\\\/www.eldiario.net\\\/portal\\\/?s={search_term_string}\"},\"query-input\":{\"@type\":\"PropertyValueSpecification\",\"valueRequired\":true,\"valueName\":\"search_term_string\"}}],\"inLanguage\":\"es\"},{\"@type\":\"Organization\",\"@id\":\"https:\\\/\\\/www.eldiario.net\\\/portal\\\/#organization\",\"name\":\"El Diario - Decano de la prensa nacional\",\"url\":\"https:\\\/\\\/www.eldiario.net\\\/portal\\\/\",\"logo\":{\"@type\":\"ImageObject\",\"inLanguage\":\"es\",\"@id\":\"https:\\\/\\\/www.eldiario.net\\\/portal\\\/#\\\/schema\\\/logo\\\/image\\\/\",\"url\":\"https:\\\/\\\/www.eldiario.net\\\/portal\\\/wp-content\\\/uploads\\\/2023\\\/07\\\/logo_ED.jpg\",\"contentUrl\":\"https:\\\/\\\/www.eldiario.net\\\/portal\\\/wp-content\\\/uploads\\\/2023\\\/07\\\/logo_ED.jpg\",\"width\":272,\"height\":52,\"caption\":\"El Diario - Decano de la prensa nacional\"},\"image\":{\"@id\":\"https:\\\/\\\/www.eldiario.net\\\/portal\\\/#\\\/schema\\\/logo\\\/image\\\/\"},\"sameAs\":[\"https:\\\/\\\/www.facebook.com\\\/eldiario.bolivia\\\/\",\"https:\\\/\\\/x.com\\\/eldiario_net\"]},{\"@type\":\"Person\",\"@id\":\"https:\\\/\\\/www.eldiario.net\\\/portal\\\/#\\\/schema\\\/person\\\/cab1ae4db27e5f008a62cbffb05fbfee\",\"name\":\"luis Camacho\",\"image\":{\"@type\":\"ImageObject\",\"inLanguage\":\"es\",\"@id\":\"https:\\\/\\\/secure.gravatar.com\\\/avatar\\\/69ecb836b3826d5a2501bf06ab2a2f2c8ab211cc846758f395df21684cb38313?s=96&d=mm&r=g\",\"url\":\"https:\\\/\\\/secure.gravatar.com\\\/avatar\\\/69ecb836b3826d5a2501bf06ab2a2f2c8ab211cc846758f395df21684cb38313?s=96&d=mm&r=g\",\"contentUrl\":\"https:\\\/\\\/secure.gravatar.com\\\/avatar\\\/69ecb836b3826d5a2501bf06ab2a2f2c8ab211cc846758f395df21684cb38313?s=96&d=mm&r=g\",\"caption\":\"luis Camacho\"},\"url\":\"https:\\\/\\\/www.eldiario.net\\\/portal\\\/author\\\/luis\\\/\"}]}<\/script>\n<!-- \/ Yoast SEO plugin. -->","yoast_head_json":{"title":"Crisis del gas, oportunidad para Bolivia - El Diario - Bolivia","robots":{"index":"index","follow":"follow","max-snippet":"max-snippet:-1","max-image-preview":"max-image-preview:large","max-video-preview":"max-video-preview:-1"},"canonical":"https:\/\/www.eldiario.net\/portal\/2024\/10\/21\/crisis-del-gas-oportunidad-para-bolivia\/","og_locale":"es_ES","og_type":"article","og_title":"Crisis del gas, oportunidad para Bolivia - El Diario - Bolivia","og_description":"Lleg\u00f3 la hora crucial de incorporar de manera decidida el agua, el sol y el viento a la matriz energ\u00e9tica de Bolivia que actualmente depende del gas natural, recurso que enfrenta desaf\u00edos significativos debido a la disminuci\u00f3n de sus reservas, amenazando la estabilidad econ\u00f3mica y energ\u00e9tica del pa\u00eds. Con la transici\u00f3n a energ\u00edas renovables, el [&hellip;]","og_url":"https:\/\/www.eldiario.net\/portal\/2024\/10\/21\/crisis-del-gas-oportunidad-para-bolivia\/","og_site_name":"El Diario - Bolivia","article_publisher":"https:\/\/www.facebook.com\/eldiario.bolivia\/","article_published_time":"2024-10-21T20:01:45+00:00","og_image":[{"width":709,"height":1063,"url":"https:\/\/www.eldiario.net\/portal\/wp-content\/uploads\/2024\/10\/Pag-1-nota-1-foto-Oswaldo-Irusta.jpeg","type":"image\/jpeg"}],"author":"luis Camacho","twitter_card":"summary_large_image","twitter_creator":"@eldiario_net","twitter_site":"@eldiario_net","twitter_misc":{"Escrito por":"luis Camacho","Tiempo de lectura":"3 minutos"},"schema":{"@context":"https:\/\/schema.org","@graph":[{"@type":"Article","@id":"https:\/\/www.eldiario.net\/portal\/2024\/10\/21\/crisis-del-gas-oportunidad-para-bolivia\/#article","isPartOf":{"@id":"https:\/\/www.eldiario.net\/portal\/2024\/10\/21\/crisis-del-gas-oportunidad-para-bolivia\/"},"author":{"name":"luis Camacho","@id":"https:\/\/www.eldiario.net\/portal\/#\/schema\/person\/cab1ae4db27e5f008a62cbffb05fbfee"},"headline":"Crisis del gas, oportunidad para Bolivia","datePublished":"2024-10-21T20:01:45+00:00","mainEntityOfPage":{"@id":"https:\/\/www.eldiario.net\/portal\/2024\/10\/21\/crisis-del-gas-oportunidad-para-bolivia\/"},"wordCount":477,"publisher":{"@id":"https:\/\/www.eldiario.net\/portal\/#organization"},"image":{"@id":"https:\/\/www.eldiario.net\/portal\/2024\/10\/21\/crisis-del-gas-oportunidad-para-bolivia\/#primaryimage"},"thumbnailUrl":"https:\/\/www.eldiario.net\/portal\/wp-content\/uploads\/2024\/10\/Pag-1-nota-1-foto-Oswaldo-Irusta.jpeg","articleSection":["Econom\u00eda"],"inLanguage":"es"},{"@type":"WebPage","@id":"https:\/\/www.eldiario.net\/portal\/2024\/10\/21\/crisis-del-gas-oportunidad-para-bolivia\/","url":"https:\/\/www.eldiario.net\/portal\/2024\/10\/21\/crisis-del-gas-oportunidad-para-bolivia\/","name":"Crisis del gas, oportunidad para Bolivia - El Diario - Bolivia","isPartOf":{"@id":"https:\/\/www.eldiario.net\/portal\/#website"},"primaryImageOfPage":{"@id":"https:\/\/www.eldiario.net\/portal\/2024\/10\/21\/crisis-del-gas-oportunidad-para-bolivia\/#primaryimage"},"image":{"@id":"https:\/\/www.eldiario.net\/portal\/2024\/10\/21\/crisis-del-gas-oportunidad-para-bolivia\/#primaryimage"},"thumbnailUrl":"https:\/\/www.eldiario.net\/portal\/wp-content\/uploads\/2024\/10\/Pag-1-nota-1-foto-Oswaldo-Irusta.jpeg","datePublished":"2024-10-21T20:01:45+00:00","breadcrumb":{"@id":"https:\/\/www.eldiario.net\/portal\/2024\/10\/21\/crisis-del-gas-oportunidad-para-bolivia\/#breadcrumb"},"inLanguage":"es","potentialAction":[{"@type":"ReadAction","target":["https:\/\/www.eldiario.net\/portal\/2024\/10\/21\/crisis-del-gas-oportunidad-para-bolivia\/"]}]},{"@type":"ImageObject","inLanguage":"es","@id":"https:\/\/www.eldiario.net\/portal\/2024\/10\/21\/crisis-del-gas-oportunidad-para-bolivia\/#primaryimage","url":"https:\/\/www.eldiario.net\/portal\/wp-content\/uploads\/2024\/10\/Pag-1-nota-1-foto-Oswaldo-Irusta.jpeg","contentUrl":"https:\/\/www.eldiario.net\/portal\/wp-content\/uploads\/2024\/10\/Pag-1-nota-1-foto-Oswaldo-Irusta.jpeg","width":709,"height":1063},{"@type":"BreadcrumbList","@id":"https:\/\/www.eldiario.net\/portal\/2024\/10\/21\/crisis-del-gas-oportunidad-para-bolivia\/#breadcrumb","itemListElement":[{"@type":"ListItem","position":1,"name":"Portada","item":"https:\/\/www.eldiario.net\/portal\/"},{"@type":"ListItem","position":2,"name":"Crisis del gas, oportunidad para Bolivia"}]},{"@type":"WebSite","@id":"https:\/\/www.eldiario.net\/portal\/#website","url":"https:\/\/www.eldiario.net\/portal\/","name":"El Diario - Decano de la prensa nacional","description":"El Diario - Decano de la prensa nacional","publisher":{"@id":"https:\/\/www.eldiario.net\/portal\/#organization"},"potentialAction":[{"@type":"SearchAction","target":{"@type":"EntryPoint","urlTemplate":"https:\/\/www.eldiario.net\/portal\/?s={search_term_string}"},"query-input":{"@type":"PropertyValueSpecification","valueRequired":true,"valueName":"search_term_string"}}],"inLanguage":"es"},{"@type":"Organization","@id":"https:\/\/www.eldiario.net\/portal\/#organization","name":"El Diario - Decano de la prensa nacional","url":"https:\/\/www.eldiario.net\/portal\/","logo":{"@type":"ImageObject","inLanguage":"es","@id":"https:\/\/www.eldiario.net\/portal\/#\/schema\/logo\/image\/","url":"https:\/\/www.eldiario.net\/portal\/wp-content\/uploads\/2023\/07\/logo_ED.jpg","contentUrl":"https:\/\/www.eldiario.net\/portal\/wp-content\/uploads\/2023\/07\/logo_ED.jpg","width":272,"height":52,"caption":"El Diario - Decano de la prensa nacional"},"image":{"@id":"https:\/\/www.eldiario.net\/portal\/#\/schema\/logo\/image\/"},"sameAs":["https:\/\/www.facebook.com\/eldiario.bolivia\/","https:\/\/x.com\/eldiario_net"]},{"@type":"Person","@id":"https:\/\/www.eldiario.net\/portal\/#\/schema\/person\/cab1ae4db27e5f008a62cbffb05fbfee","name":"luis Camacho","image":{"@type":"ImageObject","inLanguage":"es","@id":"https:\/\/secure.gravatar.com\/avatar\/69ecb836b3826d5a2501bf06ab2a2f2c8ab211cc846758f395df21684cb38313?s=96&d=mm&r=g","url":"https:\/\/secure.gravatar.com\/avatar\/69ecb836b3826d5a2501bf06ab2a2f2c8ab211cc846758f395df21684cb38313?s=96&d=mm&r=g","contentUrl":"https:\/\/secure.gravatar.com\/avatar\/69ecb836b3826d5a2501bf06ab2a2f2c8ab211cc846758f395df21684cb38313?s=96&d=mm&r=g","caption":"luis Camacho"},"url":"https:\/\/www.eldiario.net\/portal\/author\/luis\/"}]}},"_links":{"self":[{"href":"https:\/\/www.eldiario.net\/portal\/wp-json\/wp\/v2\/posts\/255637","targetHints":{"allow":["GET"]}}],"collection":[{"href":"https:\/\/www.eldiario.net\/portal\/wp-json\/wp\/v2\/posts"}],"about":[{"href":"https:\/\/www.eldiario.net\/portal\/wp-json\/wp\/v2\/types\/post"}],"author":[{"embeddable":true,"href":"https:\/\/www.eldiario.net\/portal\/wp-json\/wp\/v2\/users\/2"}],"replies":[{"embeddable":true,"href":"https:\/\/www.eldiario.net\/portal\/wp-json\/wp\/v2\/comments?post=255637"}],"version-history":[{"count":1,"href":"https:\/\/www.eldiario.net\/portal\/wp-json\/wp\/v2\/posts\/255637\/revisions"}],"predecessor-version":[{"id":255641,"href":"https:\/\/www.eldiario.net\/portal\/wp-json\/wp\/v2\/posts\/255637\/revisions\/255641"}],"wp:featuredmedia":[{"embeddable":true,"href":"https:\/\/www.eldiario.net\/portal\/wp-json\/wp\/v2\/media\/255632"}],"wp:attachment":[{"href":"https:\/\/www.eldiario.net\/portal\/wp-json\/wp\/v2\/media?parent=255637"}],"wp:term":[{"taxonomy":"category","embeddable":true,"href":"https:\/\/www.eldiario.net\/portal\/wp-json\/wp\/v2\/categories?post=255637"},{"taxonomy":"post_tag","embeddable":true,"href":"https:\/\/www.eldiario.net\/portal\/wp-json\/wp\/v2\/tags?post=255637"}],"curies":[{"name":"wp","href":"https:\/\/api.w.org\/{rel}","templated":true}]}}