{"id":255629,"date":"2024-10-21T15:57:19","date_gmt":"2024-10-21T19:57:19","guid":{"rendered":"https:\/\/www.eldiario.net\/portal\/?p=255629"},"modified":"2024-10-21T15:57:19","modified_gmt":"2024-10-21T19:57:19","slug":"bolivia-prepara-la-instalacion-de-dos-plantas-energeticas-de-hidrogeno-verde","status":"publish","type":"post","link":"https:\/\/www.eldiario.net\/portal\/2024\/10\/21\/bolivia-prepara-la-instalacion-de-dos-plantas-energeticas-de-hidrogeno-verde\/","title":{"rendered":"Bolivia prepara la instalaci\u00f3n de dos plantas energ\u00e9ticas de hidr\u00f3geno verde"},"content":{"rendered":"<p>El gobierno elabor\u00f3 la \u201cHoja de Ruta y la Estrategia Nacional para la producci\u00f3n y usos del hidr\u00f3geno verde en Bolivia\u201d, marco que permite fomentar el desarrollo de esta importante tecnolog\u00eda y sus derivados, revelaron -al suplemento <strong>eco$com<\/strong> de este medio de comunicaci\u00f3n- las autoridades del Viceministerio Electricidad y Energ\u00edas Renovables, quienes tambi\u00e9n indicaron que ya se cuenta con los estudios de prefactibilidad y pliego de especificaciones t\u00e9cnicas para la implementaci\u00f3n de dos plantas piloto de producci\u00f3n de hidr\u00f3geno verde que permitir\u00e1n verificar la viabilidad de la producci\u00f3n para su posterior escalamiento orientadas a la sustituci\u00f3n de combustibles f\u00f3siles y, m\u00e1s adelante,\u00a0 incrementar la participaci\u00f3n de este producto en el mercado interno y generar excedentes para exportaci\u00f3n.<\/p>\n<p>Los referidos documentos apuntan a la incorporaci\u00f3n gradual del hidr\u00f3geno verde en la matriz energ\u00e9tica a partir del 2030.<\/p>\n<p>En noviembre pr\u00f3ximo, el gobierno socializar\u00e1 la \u201cHoja de Ruta y Estrategia Nacional para la Producci\u00f3n y usos de Hidr\u00f3geno Verde en Bolivia\u201d, en el marco del proyecto de Cooperaci\u00f3n T\u00e9cnica Regional financiado por el BID con recursos no reembolsables, anunciaron autoridades del Viceministerio de Electricidad y Energ\u00edas Renovables.<\/p>\n<p>El documento identifica el potencial para la producci\u00f3n de hidr\u00f3geno verde, establece la visi\u00f3n al 2050, identifica los desaf\u00edos y las estrategias a seguir para desarrollar la cadena de valor incluyendo la formaci\u00f3n y capacitaci\u00f3n de personal, la investigaci\u00f3n y desarrollo e innovaci\u00f3n R&amp;D+i tecnol\u00f3gica, financiamiento y desarrollo normativo.<\/p>\n<p>Los recursos renovables solar, e\u00f3lico e h\u00eddrico, ponen a Bolivia en condiciones de convertirse en actor principal para la producci\u00f3n y desarrollo del hidr\u00f3geno verde como uno de los energ\u00e9ticos limpios, de mayor potencialidad, gracias a su flexibilidad para poder descarbonizar importantes segmentos de la econom\u00eda y a que su residuo es vapor de agua, resultando muy atractivo en la lucha contra el cambio clim\u00e1tico.<\/p>\n<p><strong>Normas para el hidr\u00f3geno<\/strong><\/p>\n<p>El gobierno avanza en la elaboraci\u00f3n de la normativa, tanto en el \u00e1mbito de la promoci\u00f3n y el incentivo, mediante una propuesta de Ley con la Asamblea Legislativa Plurinacional, como en el \u00e1mbito operativo mediante la reglamentaci\u00f3n t\u00e9cnica, as\u00ed como certificaci\u00f3n de origen (renovable) para facilitar el desarrollo de este energ\u00e9tico.<\/p>\n<figure id=\"attachment_255634\" aria-describedby=\"caption-attachment-255634\" style=\"width: 1024px\" class=\"wp-caption aligncenter\"><img loading=\"lazy\" decoding=\"async\" class=\"wp-image-255634 size-full\" src=\"https:\/\/www.eldiario.net\/portal\/wp-content\/uploads\/2024\/10\/Pag-1-nota-2-viceministro-Arnez-.jpg\" alt=\"-Hern\u00e1n Arnez Prado, Viceministro de Energ\u00edas Alternativas\" width=\"1024\" height=\"768\" srcset=\"https:\/\/www.eldiario.net\/portal\/wp-content\/uploads\/2024\/10\/Pag-1-nota-2-viceministro-Arnez-.jpg 1024w, https:\/\/www.eldiario.net\/portal\/wp-content\/uploads\/2024\/10\/Pag-1-nota-2-viceministro-Arnez--300x225.jpg 300w, https:\/\/www.eldiario.net\/portal\/wp-content\/uploads\/2024\/10\/Pag-1-nota-2-viceministro-Arnez--768x576.jpg 768w, https:\/\/www.eldiario.net\/portal\/wp-content\/uploads\/2024\/10\/Pag-1-nota-2-viceministro-Arnez--560x420.jpg 560w, https:\/\/www.eldiario.net\/portal\/wp-content\/uploads\/2024\/10\/Pag-1-nota-2-viceministro-Arnez--80x60.jpg 80w, https:\/\/www.eldiario.net\/portal\/wp-content\/uploads\/2024\/10\/Pag-1-nota-2-viceministro-Arnez--696x522.jpg 696w\" sizes=\"auto, (max-width: 1024px) 100vw, 1024px\" \/><figcaption id=\"caption-attachment-255634\" class=\"wp-caption-text\">&#8211; Hern\u00e1n Arnez Prado, Viceministro de Energ\u00edas Alternativas<\/figcaption><\/figure>\n<figure id=\"attachment_255635\" aria-describedby=\"caption-attachment-255635\" style=\"width: 912px\" class=\"wp-caption aligncenter\"><img loading=\"lazy\" decoding=\"async\" class=\"wp-image-255635 size-full\" src=\"https:\/\/www.eldiario.net\/portal\/wp-content\/uploads\/2024\/10\/Pag-1-nota-2-viceministro-Veizaga-.jpg\" alt=\"-Ronald Alberto Baqueros, Viceministro de Electricidad y Energ\u00edas\" width=\"912\" height=\"914\" srcset=\"https:\/\/www.eldiario.net\/portal\/wp-content\/uploads\/2024\/10\/Pag-1-nota-2-viceministro-Veizaga-.jpg 912w, https:\/\/www.eldiario.net\/portal\/wp-content\/uploads\/2024\/10\/Pag-1-nota-2-viceministro-Veizaga--300x300.jpg 300w, https:\/\/www.eldiario.net\/portal\/wp-content\/uploads\/2024\/10\/Pag-1-nota-2-viceministro-Veizaga--150x150.jpg 150w, https:\/\/www.eldiario.net\/portal\/wp-content\/uploads\/2024\/10\/Pag-1-nota-2-viceministro-Veizaga--768x770.jpg 768w, https:\/\/www.eldiario.net\/portal\/wp-content\/uploads\/2024\/10\/Pag-1-nota-2-viceministro-Veizaga--419x420.jpg 419w, https:\/\/www.eldiario.net\/portal\/wp-content\/uploads\/2024\/10\/Pag-1-nota-2-viceministro-Veizaga--696x698.jpg 696w\" sizes=\"auto, (max-width: 912px) 100vw, 912px\" \/><figcaption id=\"caption-attachment-255635\" class=\"wp-caption-text\">&#8211; Ronald Alberto Baqueros, Viceministro de Electricidad y Energ\u00edas<\/figcaption><\/figure>\n","protected":false},"excerpt":{"rendered":"<p>El gobierno elabor\u00f3 la \u201cHoja de Ruta y la Estrategia Nacional para la producci\u00f3n y usos del hidr\u00f3geno verde en Bolivia\u201d, marco que permite fomentar el desarrollo de esta importante tecnolog\u00eda y sus derivados, revelaron -al suplemento eco$com de este medio de comunicaci\u00f3n- las autoridades del Viceministerio Electricidad y Energ\u00edas Renovables, quienes tambi\u00e9n indicaron que [&hellip;]<\/p>\n","protected":false},"author":2,"featured_media":255633,"comment_status":"closed","ping_status":"open","sticky":false,"template":"","format":"standard","meta":{"_acf_changed":false,"footnotes":""},"categories":[7],"tags":[],"class_list":["post-255629","post","type-post","status-publish","format-standard","has-post-thumbnail","category-economia"],"acf":{"antetitulo":"Para sustituir a los hidrocarburos"},"yoast_head":"<!-- This site is optimized with the Yoast SEO plugin v28.4 - https:\/\/yoast.com\/product\/yoast-seo-wordpress\/ -->\n<title>Bolivia prepara la instalaci\u00f3n de dos plantas energ\u00e9ticas de hidr\u00f3geno verde - El Diario - Bolivia<\/title>\n<meta name=\"robots\" content=\"index, follow, max-snippet:-1, max-image-preview:large, max-video-preview:-1\" \/>\n<link rel=\"canonical\" href=\"https:\/\/www.eldiario.net\/portal\/2024\/10\/21\/bolivia-prepara-la-instalacion-de-dos-plantas-energeticas-de-hidrogeno-verde\/\" \/>\n<meta property=\"og:locale\" content=\"es_ES\" \/>\n<meta property=\"og:type\" content=\"article\" \/>\n<meta property=\"og:title\" content=\"Bolivia prepara la instalaci\u00f3n de dos plantas energ\u00e9ticas de hidr\u00f3geno verde - El Diario - Bolivia\" \/>\n<meta property=\"og:description\" content=\"El gobierno elabor\u00f3 la \u201cHoja de Ruta y la Estrategia Nacional para la producci\u00f3n y usos del hidr\u00f3geno verde en Bolivia\u201d, marco que permite fomentar el desarrollo de esta importante tecnolog\u00eda y sus derivados, revelaron -al suplemento eco$com de este medio de comunicaci\u00f3n- las autoridades del Viceministerio Electricidad y Energ\u00edas Renovables, quienes tambi\u00e9n indicaron que [&hellip;]\" \/>\n<meta property=\"og:url\" content=\"https:\/\/www.eldiario.net\/portal\/2024\/10\/21\/bolivia-prepara-la-instalacion-de-dos-plantas-energeticas-de-hidrogeno-verde\/\" \/>\n<meta property=\"og:site_name\" content=\"El Diario - Bolivia\" \/>\n<meta property=\"article:publisher\" content=\"https:\/\/www.facebook.com\/eldiario.bolivia\/\" \/>\n<meta property=\"article:published_time\" content=\"2024-10-21T19:57:19+00:00\" \/>\n<meta property=\"og:image\" content=\"https:\/\/www.eldiario.net\/portal\/wp-content\/uploads\/2024\/10\/Pag-1-nota-2-Ministro-Gallardo-.jpg\" \/>\n\t<meta property=\"og:image:width\" content=\"1024\" \/>\n\t<meta property=\"og:image:height\" content=\"749\" \/>\n\t<meta property=\"og:image:type\" content=\"image\/jpeg\" \/>\n<meta name=\"author\" content=\"luis Camacho\" \/>\n<meta name=\"twitter:card\" content=\"summary_large_image\" \/>\n<meta name=\"twitter:creator\" content=\"@eldiario_net\" \/>\n<meta name=\"twitter:site\" content=\"@eldiario_net\" \/>\n<meta name=\"twitter:label1\" content=\"Escrito por\" \/>\n\t<meta name=\"twitter:data1\" content=\"luis Camacho\" \/>\n\t<meta name=\"twitter:label2\" content=\"Tiempo de lectura\" \/>\n\t<meta name=\"twitter:data2\" content=\"3 minutos\" \/>\n<script type=\"application\/ld+json\" class=\"yoast-schema-graph\">{\"@context\":\"https:\\\/\\\/schema.org\",\"@graph\":[{\"@type\":\"Article\",\"@id\":\"https:\\\/\\\/www.eldiario.net\\\/portal\\\/2024\\\/10\\\/21\\\/bolivia-prepara-la-instalacion-de-dos-plantas-energeticas-de-hidrogeno-verde\\\/#article\",\"isPartOf\":{\"@id\":\"https:\\\/\\\/www.eldiario.net\\\/portal\\\/2024\\\/10\\\/21\\\/bolivia-prepara-la-instalacion-de-dos-plantas-energeticas-de-hidrogeno-verde\\\/\"},\"author\":{\"name\":\"luis Camacho\",\"@id\":\"https:\\\/\\\/www.eldiario.net\\\/portal\\\/#\\\/schema\\\/person\\\/cab1ae4db27e5f008a62cbffb05fbfee\"},\"headline\":\"Bolivia prepara la instalaci\u00f3n de dos plantas energ\u00e9ticas de hidr\u00f3geno verde\",\"datePublished\":\"2024-10-21T19:57:19+00:00\",\"mainEntityOfPage\":{\"@id\":\"https:\\\/\\\/www.eldiario.net\\\/portal\\\/2024\\\/10\\\/21\\\/bolivia-prepara-la-instalacion-de-dos-plantas-energeticas-de-hidrogeno-verde\\\/\"},\"wordCount\":453,\"publisher\":{\"@id\":\"https:\\\/\\\/www.eldiario.net\\\/portal\\\/#organization\"},\"image\":{\"@id\":\"https:\\\/\\\/www.eldiario.net\\\/portal\\\/2024\\\/10\\\/21\\\/bolivia-prepara-la-instalacion-de-dos-plantas-energeticas-de-hidrogeno-verde\\\/#primaryimage\"},\"thumbnailUrl\":\"https:\\\/\\\/www.eldiario.net\\\/portal\\\/wp-content\\\/uploads\\\/2024\\\/10\\\/Pag-1-nota-2-Ministro-Gallardo-.jpg\",\"articleSection\":[\"Econom\u00eda\"],\"inLanguage\":\"es\"},{\"@type\":\"WebPage\",\"@id\":\"https:\\\/\\\/www.eldiario.net\\\/portal\\\/2024\\\/10\\\/21\\\/bolivia-prepara-la-instalacion-de-dos-plantas-energeticas-de-hidrogeno-verde\\\/\",\"url\":\"https:\\\/\\\/www.eldiario.net\\\/portal\\\/2024\\\/10\\\/21\\\/bolivia-prepara-la-instalacion-de-dos-plantas-energeticas-de-hidrogeno-verde\\\/\",\"name\":\"Bolivia prepara la instalaci\u00f3n de dos plantas energ\u00e9ticas de hidr\u00f3geno verde - El Diario - Bolivia\",\"isPartOf\":{\"@id\":\"https:\\\/\\\/www.eldiario.net\\\/portal\\\/#website\"},\"primaryImageOfPage\":{\"@id\":\"https:\\\/\\\/www.eldiario.net\\\/portal\\\/2024\\\/10\\\/21\\\/bolivia-prepara-la-instalacion-de-dos-plantas-energeticas-de-hidrogeno-verde\\\/#primaryimage\"},\"image\":{\"@id\":\"https:\\\/\\\/www.eldiario.net\\\/portal\\\/2024\\\/10\\\/21\\\/bolivia-prepara-la-instalacion-de-dos-plantas-energeticas-de-hidrogeno-verde\\\/#primaryimage\"},\"thumbnailUrl\":\"https:\\\/\\\/www.eldiario.net\\\/portal\\\/wp-content\\\/uploads\\\/2024\\\/10\\\/Pag-1-nota-2-Ministro-Gallardo-.jpg\",\"datePublished\":\"2024-10-21T19:57:19+00:00\",\"breadcrumb\":{\"@id\":\"https:\\\/\\\/www.eldiario.net\\\/portal\\\/2024\\\/10\\\/21\\\/bolivia-prepara-la-instalacion-de-dos-plantas-energeticas-de-hidrogeno-verde\\\/#breadcrumb\"},\"inLanguage\":\"es\",\"potentialAction\":[{\"@type\":\"ReadAction\",\"target\":[\"https:\\\/\\\/www.eldiario.net\\\/portal\\\/2024\\\/10\\\/21\\\/bolivia-prepara-la-instalacion-de-dos-plantas-energeticas-de-hidrogeno-verde\\\/\"]}]},{\"@type\":\"ImageObject\",\"inLanguage\":\"es\",\"@id\":\"https:\\\/\\\/www.eldiario.net\\\/portal\\\/2024\\\/10\\\/21\\\/bolivia-prepara-la-instalacion-de-dos-plantas-energeticas-de-hidrogeno-verde\\\/#primaryimage\",\"url\":\"https:\\\/\\\/www.eldiario.net\\\/portal\\\/wp-content\\\/uploads\\\/2024\\\/10\\\/Pag-1-nota-2-Ministro-Gallardo-.jpg\",\"contentUrl\":\"https:\\\/\\\/www.eldiario.net\\\/portal\\\/wp-content\\\/uploads\\\/2024\\\/10\\\/Pag-1-nota-2-Ministro-Gallardo-.jpg\",\"width\":1024,\"height\":749,\"caption\":\"- Alejandro Gallardo Baldiviezo, Ministro de Hidrocarburos y Energ\u00edas\"},{\"@type\":\"BreadcrumbList\",\"@id\":\"https:\\\/\\\/www.eldiario.net\\\/portal\\\/2024\\\/10\\\/21\\\/bolivia-prepara-la-instalacion-de-dos-plantas-energeticas-de-hidrogeno-verde\\\/#breadcrumb\",\"itemListElement\":[{\"@type\":\"ListItem\",\"position\":1,\"name\":\"Portada\",\"item\":\"https:\\\/\\\/www.eldiario.net\\\/portal\\\/\"},{\"@type\":\"ListItem\",\"position\":2,\"name\":\"Bolivia prepara la instalaci\u00f3n de dos plantas energ\u00e9ticas de hidr\u00f3geno verde\"}]},{\"@type\":\"WebSite\",\"@id\":\"https:\\\/\\\/www.eldiario.net\\\/portal\\\/#website\",\"url\":\"https:\\\/\\\/www.eldiario.net\\\/portal\\\/\",\"name\":\"El Diario - Decano de la prensa nacional\",\"description\":\"El Diario - Decano de la prensa nacional\",\"publisher\":{\"@id\":\"https:\\\/\\\/www.eldiario.net\\\/portal\\\/#organization\"},\"potentialAction\":[{\"@type\":\"SearchAction\",\"target\":{\"@type\":\"EntryPoint\",\"urlTemplate\":\"https:\\\/\\\/www.eldiario.net\\\/portal\\\/?s={search_term_string}\"},\"query-input\":{\"@type\":\"PropertyValueSpecification\",\"valueRequired\":true,\"valueName\":\"search_term_string\"}}],\"inLanguage\":\"es\"},{\"@type\":\"Organization\",\"@id\":\"https:\\\/\\\/www.eldiario.net\\\/portal\\\/#organization\",\"name\":\"El Diario - Decano de la prensa nacional\",\"url\":\"https:\\\/\\\/www.eldiario.net\\\/portal\\\/\",\"logo\":{\"@type\":\"ImageObject\",\"inLanguage\":\"es\",\"@id\":\"https:\\\/\\\/www.eldiario.net\\\/portal\\\/#\\\/schema\\\/logo\\\/image\\\/\",\"url\":\"https:\\\/\\\/www.eldiario.net\\\/portal\\\/wp-content\\\/uploads\\\/2023\\\/07\\\/logo_ED.jpg\",\"contentUrl\":\"https:\\\/\\\/www.eldiario.net\\\/portal\\\/wp-content\\\/uploads\\\/2023\\\/07\\\/logo_ED.jpg\",\"width\":272,\"height\":52,\"caption\":\"El Diario - Decano de la prensa nacional\"},\"image\":{\"@id\":\"https:\\\/\\\/www.eldiario.net\\\/portal\\\/#\\\/schema\\\/logo\\\/image\\\/\"},\"sameAs\":[\"https:\\\/\\\/www.facebook.com\\\/eldiario.bolivia\\\/\",\"https:\\\/\\\/x.com\\\/eldiario_net\"]},{\"@type\":\"Person\",\"@id\":\"https:\\\/\\\/www.eldiario.net\\\/portal\\\/#\\\/schema\\\/person\\\/cab1ae4db27e5f008a62cbffb05fbfee\",\"name\":\"luis Camacho\",\"image\":{\"@type\":\"ImageObject\",\"inLanguage\":\"es\",\"@id\":\"https:\\\/\\\/secure.gravatar.com\\\/avatar\\\/69ecb836b3826d5a2501bf06ab2a2f2c8ab211cc846758f395df21684cb38313?s=96&d=mm&r=g\",\"url\":\"https:\\\/\\\/secure.gravatar.com\\\/avatar\\\/69ecb836b3826d5a2501bf06ab2a2f2c8ab211cc846758f395df21684cb38313?s=96&d=mm&r=g\",\"contentUrl\":\"https:\\\/\\\/secure.gravatar.com\\\/avatar\\\/69ecb836b3826d5a2501bf06ab2a2f2c8ab211cc846758f395df21684cb38313?s=96&d=mm&r=g\",\"caption\":\"luis Camacho\"},\"url\":\"https:\\\/\\\/www.eldiario.net\\\/portal\\\/author\\\/luis\\\/\"}]}<\/script>\n<!-- \/ Yoast SEO plugin. -->","yoast_head_json":{"title":"Bolivia prepara la instalaci\u00f3n de dos plantas energ\u00e9ticas de hidr\u00f3geno verde - El Diario - Bolivia","robots":{"index":"index","follow":"follow","max-snippet":"max-snippet:-1","max-image-preview":"max-image-preview:large","max-video-preview":"max-video-preview:-1"},"canonical":"https:\/\/www.eldiario.net\/portal\/2024\/10\/21\/bolivia-prepara-la-instalacion-de-dos-plantas-energeticas-de-hidrogeno-verde\/","og_locale":"es_ES","og_type":"article","og_title":"Bolivia prepara la instalaci\u00f3n de dos plantas energ\u00e9ticas de hidr\u00f3geno verde - El Diario - Bolivia","og_description":"El gobierno elabor\u00f3 la \u201cHoja de Ruta y la Estrategia Nacional para la producci\u00f3n y usos del hidr\u00f3geno verde en Bolivia\u201d, marco que permite fomentar el desarrollo de esta importante tecnolog\u00eda y sus derivados, revelaron -al suplemento eco$com de este medio de comunicaci\u00f3n- las autoridades del Viceministerio Electricidad y Energ\u00edas Renovables, quienes tambi\u00e9n indicaron que [&hellip;]","og_url":"https:\/\/www.eldiario.net\/portal\/2024\/10\/21\/bolivia-prepara-la-instalacion-de-dos-plantas-energeticas-de-hidrogeno-verde\/","og_site_name":"El Diario - Bolivia","article_publisher":"https:\/\/www.facebook.com\/eldiario.bolivia\/","article_published_time":"2024-10-21T19:57:19+00:00","og_image":[{"width":1024,"height":749,"url":"https:\/\/www.eldiario.net\/portal\/wp-content\/uploads\/2024\/10\/Pag-1-nota-2-Ministro-Gallardo-.jpg","type":"image\/jpeg"}],"author":"luis Camacho","twitter_card":"summary_large_image","twitter_creator":"@eldiario_net","twitter_site":"@eldiario_net","twitter_misc":{"Escrito por":"luis Camacho","Tiempo de lectura":"3 minutos"},"schema":{"@context":"https:\/\/schema.org","@graph":[{"@type":"Article","@id":"https:\/\/www.eldiario.net\/portal\/2024\/10\/21\/bolivia-prepara-la-instalacion-de-dos-plantas-energeticas-de-hidrogeno-verde\/#article","isPartOf":{"@id":"https:\/\/www.eldiario.net\/portal\/2024\/10\/21\/bolivia-prepara-la-instalacion-de-dos-plantas-energeticas-de-hidrogeno-verde\/"},"author":{"name":"luis Camacho","@id":"https:\/\/www.eldiario.net\/portal\/#\/schema\/person\/cab1ae4db27e5f008a62cbffb05fbfee"},"headline":"Bolivia prepara la instalaci\u00f3n de dos plantas energ\u00e9ticas de hidr\u00f3geno verde","datePublished":"2024-10-21T19:57:19+00:00","mainEntityOfPage":{"@id":"https:\/\/www.eldiario.net\/portal\/2024\/10\/21\/bolivia-prepara-la-instalacion-de-dos-plantas-energeticas-de-hidrogeno-verde\/"},"wordCount":453,"publisher":{"@id":"https:\/\/www.eldiario.net\/portal\/#organization"},"image":{"@id":"https:\/\/www.eldiario.net\/portal\/2024\/10\/21\/bolivia-prepara-la-instalacion-de-dos-plantas-energeticas-de-hidrogeno-verde\/#primaryimage"},"thumbnailUrl":"https:\/\/www.eldiario.net\/portal\/wp-content\/uploads\/2024\/10\/Pag-1-nota-2-Ministro-Gallardo-.jpg","articleSection":["Econom\u00eda"],"inLanguage":"es"},{"@type":"WebPage","@id":"https:\/\/www.eldiario.net\/portal\/2024\/10\/21\/bolivia-prepara-la-instalacion-de-dos-plantas-energeticas-de-hidrogeno-verde\/","url":"https:\/\/www.eldiario.net\/portal\/2024\/10\/21\/bolivia-prepara-la-instalacion-de-dos-plantas-energeticas-de-hidrogeno-verde\/","name":"Bolivia prepara la instalaci\u00f3n de dos plantas energ\u00e9ticas de hidr\u00f3geno verde - El Diario - Bolivia","isPartOf":{"@id":"https:\/\/www.eldiario.net\/portal\/#website"},"primaryImageOfPage":{"@id":"https:\/\/www.eldiario.net\/portal\/2024\/10\/21\/bolivia-prepara-la-instalacion-de-dos-plantas-energeticas-de-hidrogeno-verde\/#primaryimage"},"image":{"@id":"https:\/\/www.eldiario.net\/portal\/2024\/10\/21\/bolivia-prepara-la-instalacion-de-dos-plantas-energeticas-de-hidrogeno-verde\/#primaryimage"},"thumbnailUrl":"https:\/\/www.eldiario.net\/portal\/wp-content\/uploads\/2024\/10\/Pag-1-nota-2-Ministro-Gallardo-.jpg","datePublished":"2024-10-21T19:57:19+00:00","breadcrumb":{"@id":"https:\/\/www.eldiario.net\/portal\/2024\/10\/21\/bolivia-prepara-la-instalacion-de-dos-plantas-energeticas-de-hidrogeno-verde\/#breadcrumb"},"inLanguage":"es","potentialAction":[{"@type":"ReadAction","target":["https:\/\/www.eldiario.net\/portal\/2024\/10\/21\/bolivia-prepara-la-instalacion-de-dos-plantas-energeticas-de-hidrogeno-verde\/"]}]},{"@type":"ImageObject","inLanguage":"es","@id":"https:\/\/www.eldiario.net\/portal\/2024\/10\/21\/bolivia-prepara-la-instalacion-de-dos-plantas-energeticas-de-hidrogeno-verde\/#primaryimage","url":"https:\/\/www.eldiario.net\/portal\/wp-content\/uploads\/2024\/10\/Pag-1-nota-2-Ministro-Gallardo-.jpg","contentUrl":"https:\/\/www.eldiario.net\/portal\/wp-content\/uploads\/2024\/10\/Pag-1-nota-2-Ministro-Gallardo-.jpg","width":1024,"height":749,"caption":"- Alejandro Gallardo Baldiviezo, Ministro de Hidrocarburos y Energ\u00edas"},{"@type":"BreadcrumbList","@id":"https:\/\/www.eldiario.net\/portal\/2024\/10\/21\/bolivia-prepara-la-instalacion-de-dos-plantas-energeticas-de-hidrogeno-verde\/#breadcrumb","itemListElement":[{"@type":"ListItem","position":1,"name":"Portada","item":"https:\/\/www.eldiario.net\/portal\/"},{"@type":"ListItem","position":2,"name":"Bolivia prepara la instalaci\u00f3n de dos plantas energ\u00e9ticas de hidr\u00f3geno verde"}]},{"@type":"WebSite","@id":"https:\/\/www.eldiario.net\/portal\/#website","url":"https:\/\/www.eldiario.net\/portal\/","name":"El Diario - Decano de la prensa nacional","description":"El Diario - Decano de la prensa nacional","publisher":{"@id":"https:\/\/www.eldiario.net\/portal\/#organization"},"potentialAction":[{"@type":"SearchAction","target":{"@type":"EntryPoint","urlTemplate":"https:\/\/www.eldiario.net\/portal\/?s={search_term_string}"},"query-input":{"@type":"PropertyValueSpecification","valueRequired":true,"valueName":"search_term_string"}}],"inLanguage":"es"},{"@type":"Organization","@id":"https:\/\/www.eldiario.net\/portal\/#organization","name":"El Diario - Decano de la prensa nacional","url":"https:\/\/www.eldiario.net\/portal\/","logo":{"@type":"ImageObject","inLanguage":"es","@id":"https:\/\/www.eldiario.net\/portal\/#\/schema\/logo\/image\/","url":"https:\/\/www.eldiario.net\/portal\/wp-content\/uploads\/2023\/07\/logo_ED.jpg","contentUrl":"https:\/\/www.eldiario.net\/portal\/wp-content\/uploads\/2023\/07\/logo_ED.jpg","width":272,"height":52,"caption":"El Diario - Decano de la prensa nacional"},"image":{"@id":"https:\/\/www.eldiario.net\/portal\/#\/schema\/logo\/image\/"},"sameAs":["https:\/\/www.facebook.com\/eldiario.bolivia\/","https:\/\/x.com\/eldiario_net"]},{"@type":"Person","@id":"https:\/\/www.eldiario.net\/portal\/#\/schema\/person\/cab1ae4db27e5f008a62cbffb05fbfee","name":"luis Camacho","image":{"@type":"ImageObject","inLanguage":"es","@id":"https:\/\/secure.gravatar.com\/avatar\/69ecb836b3826d5a2501bf06ab2a2f2c8ab211cc846758f395df21684cb38313?s=96&d=mm&r=g","url":"https:\/\/secure.gravatar.com\/avatar\/69ecb836b3826d5a2501bf06ab2a2f2c8ab211cc846758f395df21684cb38313?s=96&d=mm&r=g","contentUrl":"https:\/\/secure.gravatar.com\/avatar\/69ecb836b3826d5a2501bf06ab2a2f2c8ab211cc846758f395df21684cb38313?s=96&d=mm&r=g","caption":"luis Camacho"},"url":"https:\/\/www.eldiario.net\/portal\/author\/luis\/"}]}},"_links":{"self":[{"href":"https:\/\/www.eldiario.net\/portal\/wp-json\/wp\/v2\/posts\/255629","targetHints":{"allow":["GET"]}}],"collection":[{"href":"https:\/\/www.eldiario.net\/portal\/wp-json\/wp\/v2\/posts"}],"about":[{"href":"https:\/\/www.eldiario.net\/portal\/wp-json\/wp\/v2\/types\/post"}],"author":[{"embeddable":true,"href":"https:\/\/www.eldiario.net\/portal\/wp-json\/wp\/v2\/users\/2"}],"replies":[{"embeddable":true,"href":"https:\/\/www.eldiario.net\/portal\/wp-json\/wp\/v2\/comments?post=255629"}],"version-history":[{"count":1,"href":"https:\/\/www.eldiario.net\/portal\/wp-json\/wp\/v2\/posts\/255629\/revisions"}],"predecessor-version":[{"id":255636,"href":"https:\/\/www.eldiario.net\/portal\/wp-json\/wp\/v2\/posts\/255629\/revisions\/255636"}],"wp:featuredmedia":[{"embeddable":true,"href":"https:\/\/www.eldiario.net\/portal\/wp-json\/wp\/v2\/media\/255633"}],"wp:attachment":[{"href":"https:\/\/www.eldiario.net\/portal\/wp-json\/wp\/v2\/media?parent=255629"}],"wp:term":[{"taxonomy":"category","embeddable":true,"href":"https:\/\/www.eldiario.net\/portal\/wp-json\/wp\/v2\/categories?post=255629"},{"taxonomy":"post_tag","embeddable":true,"href":"https:\/\/www.eldiario.net\/portal\/wp-json\/wp\/v2\/tags?post=255629"}],"curies":[{"name":"wp","href":"https:\/\/api.w.org\/{rel}","templated":true}]}}