{"id":255627,"date":"2024-10-21T15:41:32","date_gmt":"2024-10-21T19:41:32","guid":{"rendered":"https:\/\/www.eldiario.net\/portal\/?p=255627"},"modified":"2024-10-21T15:41:32","modified_gmt":"2024-10-21T19:41:32","slug":"gobierno-puso-en-marcha-dos-planes-de-energias-limpias-hasta-el-ano-2050","status":"publish","type":"post","link":"https:\/\/www.eldiario.net\/portal\/2024\/10\/21\/gobierno-puso-en-marcha-dos-planes-de-energias-limpias-hasta-el-ano-2050\/","title":{"rendered":"Gobierno puso en marcha dos planes  de energ\u00edas limpias hasta el a\u00f1o 2050"},"content":{"rendered":"<p>El gobierno puso en marcha el \u00abPlan de Desarrollo Econ\u00f3mico y Social 2021-2025\u00bb que procura la soberan\u00eda y seguridad energ\u00e9tica mediante la diversificaci\u00f3n de su matriz, promoviendo la integraci\u00f3n de energ\u00edas renovables y reduciendo la dependencia de los hidrocarburos.<\/p>\n<p>En ese marco, el Viceministerio de Electricidad y Energ\u00edas Renovables inform\u00f3 a <strong>eco$com<\/strong> que el \u00abPlan de Expansi\u00f3n 2024 &#8211; 2050\u00bb del Sector El\u00e9ctrico destaca que se est\u00e1n desarrollando proyectos de generaci\u00f3n renovable, como la solar, e\u00f3lica y geot\u00e9rmica, con el objetivo de alcanzar una generaci\u00f3n renovable del 65% para el 2026 y del 75% para el 2032 en adelante.<\/p>\n<p>A pesar de que Bolivia tiene una huella de carbono muy baja en comparaci\u00f3n con los pa\u00edses m\u00e1s desarrollados, somos signatarios del acuerdo de Par\u00eds y estamos activamente comprometidos con la transici\u00f3n energ\u00e9tica a trav\u00e9s del desarrollo de pol\u00edticas que promueven esta transici\u00f3n y la implementaci\u00f3n de proyectos que aprovechan las potencialidades en energ\u00edas renovables, se\u00f1ala un documento oficial requerido a las autoridades del sector.<\/p>\n<p>El Viceministerio de Electricidad y Energ\u00edas Limpias inform\u00f3 que se est\u00e1 implementando importantes proyectos hidroel\u00e9ctricos como el proyecto hidroel\u00e9ctrico Ivirizu y el proyecto hidroel\u00e9ctrico Miguillas, el proyecto e\u00f3lico Warnes II y se est\u00e1 concluyendo la gesti\u00f3n de financiamiento para la planta solar de Contorno Abajo, iniciativas que obedecen a una planificaci\u00f3n de la expansi\u00f3n de la infraestructura el\u00e9ctrica con un horizonte al 2050.<\/p>\n<p>En el marco del Plan de Desarrollo Econ\u00f3mico y Social 2021-2025 mediante Ley N\u00b01407 de 9 de noviembre de 2021, se viene trabajando en la diversificaci\u00f3n de la matriz energ\u00e9tica del pa\u00eds, con la implementaci\u00f3n de plantas con fuentes de energ\u00edas renovables.<\/p>\n<p>Actualmente por intermedio de la Empresa Nacional de Electricidad (ENDE) se ejecuta m\u00e1s de 640 MW en proyecto con energ\u00edas renovables aprovechando diferentes fuentes renovables, como la hidroel\u00e9ctrica, solar, e\u00f3lica, etc. En los pr\u00f3ximos a\u00f1os se prev\u00e9 continuar incrementando la capacidad de generaci\u00f3n con fuente renovables con la implementaci\u00f3n de 830 MW adicionales al 2030 y llegando a adicionar 3.476 MW de energ\u00eda renovable al 2050.<\/p>\n<p>&nbsp;<\/p>\n<p><strong>Freno a las inversiones en plantas de gas<\/strong><\/p>\n<p><strong>\u00a0<\/strong><\/p>\n<p>En este contexto, de acuerdo a documento oficial, no ser\u00e1 necesario ampliar el parque de generaci\u00f3n t\u00e9rmico, sin embargo, af\u00edn de hacer uso racional y eficiente de los recursos naturales energ\u00e9ticos convencionales y no convencionales, sin embargo, se tiene previsto hacer inversiones que permitan un uso de la generaci\u00f3n t\u00e9rmica m\u00e1s eficiente, como por ejemplo el implementar ciclos combinando en la generaci\u00f3n ya existente.<\/p>\n<p>Las autoridades de gobierno indicaron que la generaci\u00f3n t\u00e9rmica (a gas)\u00a0 permite apalancar el desarrollo de renovables intermitentes, asegurando la confiablidad del sistema el\u00e9ctrico cuando las energ\u00edas renovables no est\u00e1n disponibles, de esta manera se busca obtener la mayor eficiencia de ambas tecnolog\u00edas en ben\u00e9fico de todos los bolivianos.<\/p>\n<p>Tambi\u00e9n destacaron que se est\u00e1 tomando medidas como el Decreto Supremo N\u00ba 5167 de 5 de junio de 2024, que profundiza la generaci\u00f3n distribuida, es decir que cada usuario pueda generar su propia energ\u00eda con fuentes renovables e inyectar los excedentes de la generaci\u00f3n a la red el\u00e9ctrica, logrando importantes beneficios e incentivos para los usuarios.<\/p>\n<p>&nbsp;<\/p>\n<p><strong>Participaci\u00f3n de privados<\/strong><\/p>\n<p><strong>\u00a0<\/strong><\/p>\n<p>Respecto a la participaci\u00f3n de la empresa privada en los planes de cambio de matriz energ\u00e9tica de Bolivia, las autoridades del Viceministerio de Electricidad y Energ\u00edas Renovables indicaron \u201cDebemos tener siempre presente que la transici\u00f3n energ\u00e9tica es una tarea de todos, en este esp\u00edritu venimos realizando diferentes actividades de coordinaci\u00f3n y di\u00e1logo con diferentes sectores de la sociedad, entre ellos el sector privado, reconociendo su importante aporte al desarrollo nacional\u201d.<\/p>\n<p>&nbsp;<\/p>\n<p><strong>Marco normativo<\/strong><\/p>\n<p><strong>\u00a0<\/strong><\/p>\n<p>Bolivia cuenta con un s\u00f3lido marco normativo que permite la implementaci\u00f3n de proyectos de energ\u00edas renovables, tanto en el sector el\u00e9ctrico con la implementaci\u00f3n de proyectos hidroel\u00e9ctricos, solares, e\u00f3licos y otros; sin embargo, el desarrollo tecnol\u00f3gico acelerado de innovadoras formas de producci\u00f3n de energ\u00eda, hace necesario estar atentos a las posibles necesidades de actualizaciones o profundizaci\u00f3n, seg\u00fan las fuentes gubernamentales.<\/p>\n<p>&nbsp;<\/p>\n<p><strong>Incentivo para las energ\u00edas limpias<\/strong><\/p>\n<p><strong>\u00a0<\/strong><\/p>\n<p>Respecto al incentivo a la generaci\u00f3n renovable, el Decreto Supremo N\u00ba 4808 de 12 de octubre de 2022, establece el mecanismo de remuneraci\u00f3n y recaudaci\u00f3n para la generaci\u00f3n con fuentes alternativas en el Sistema Interconectado Nacional \u2013 SIN, es decir que este Decreto Supremo establece un incentivo a las energ\u00edas renovables a trav\u00e9s de un pago adicional a la generaci\u00f3n, lo que fomenta su participaci\u00f3n en el SIN.<\/p>\n<p>&nbsp;<\/p>\n<p><strong>Exportaci\u00f3n de electricidad<\/strong><\/p>\n<p><strong>\u00a0<\/strong><\/p>\n<p>Bolivia es una bisagra natural entre la CAN y el MERCOSUR, estando situada equidistante de los principales centros de generaci\u00f3n y consumo el\u00e9ctrico en la regi\u00f3n, podr\u00eda contribuir a minimizar los costos de transmisi\u00f3n y se posiciona como un centro de conexi\u00f3n e integraci\u00f3n o sea un <em>hub<\/em> energ\u00e9tico.<\/p>\n<p>En ese contexto, el Estado impulsa proyectos de interconexi\u00f3n el\u00e9ctrica con Argentina, Brasil, Chile, Paraguay y Per\u00fa con el objetivo de apuntalar la integraci\u00f3n energ\u00e9tica en la regi\u00f3n sudamericana, el pasado 10 de julio de 2024, los gobiernos de Bolivia y Brasil firmaron un Memor\u00e1ndum de Entendimiento para la interconexi\u00f3n el\u00e9ctrica con el suministro de electricidad al norte amaz\u00f3nico y el desarrollo de interconexiones de gran porte.<\/p>\n<p>A partir del 13 de marzo del 2023, Bolivia comenz\u00f3 a exportar energ\u00eda el\u00e9ctrica a la Argentina a trav\u00e9s de la L\u00ednea de Transmisi\u00f3n Juana Azurduy de Padilla en 132 kilovoltios kV, un hito hist\u00f3rico para el nuestro pa\u00eds, y el valor de las exportaciones va en incremento, llegando a los $us 8,5 millones en lo que va de esta gesti\u00f3n, seg\u00fan informaci\u00f3n oficial.<\/p>\n<p>&nbsp;<\/p>\n<p><strong>Rol del litio <\/strong><\/p>\n<p><strong>\u00a0<\/strong><\/p>\n<p>Las autoridades t\u00e9cnicas de gobierno consideran que el litio es vital en el cambio de la matriz energ\u00e9tica, puesto que se obtienen bater\u00edas que en la actualidad son las de mayor rendimiento para acumular energ\u00eda el\u00e9ctrica. Las bater\u00edas de ion litio son importantes en la transici\u00f3n energ\u00e9tica debido a que se puede estabilizar el abastecimiento de energ\u00eda en un Sistema Interconectado Nacional utilizando las energ\u00edas renovables y adicionalmente como ya se est\u00e1 viviendo en la actualidad la aplicaci\u00f3n de veh\u00edculos el\u00e9ctricos lo que modifica tambi\u00e9n una matriz energ\u00e9tica en el sector transporte.<\/p>\n<p>La explotaci\u00f3n del Salar de Uyuni permitir\u00e1 que se ahorre en la subvenci\u00f3n debido a la importaci\u00f3n de di\u00e9sel y gasolina, por ello el Gobierno Nacional est\u00e1 apoyando la utilizaci\u00f3n de veh\u00edculos el\u00e9ctricos, debido a que Bolivia cuenta con los mayores recursos de litio a nivel mundial es trascendental de que el Contrato firmado entre la empresa tecn\u00f3loga Rusa &#8211; Uranium One Group y Yacimientos de Litio Bolivianos \u2013 YLB sea aprobado en la Asamblea Legislativa Plurinacional para que se inicie con la producci\u00f3n industrial de Carbonato de Litio Grado Bater\u00eda utilizando la tecnolog\u00eda de Extracci\u00f3n Directa de Litio &#8211; EDL siendo la producci\u00f3n en masa de Carbonato de Litio la que\u00a0 apalancar\u00e1 al pa\u00eds rumbo a \u00a0una producci\u00f3n industrial de Bater\u00edas de Litio, todo esto utilizando una nueva tecnolog\u00eda como la EDL, una vez cumplidas las metas establecidas, se podr\u00e1 insertar lo que son las bater\u00edas de litio de producci\u00f3n nacional en lo que es el\u00a0 cambio de matriz energ\u00e9tica en Bolivia.<\/p>\n<p>&nbsp;<\/p>\n<p><strong>Fuente de energ\u00eda\u00a0\u00a0\u00a0\u00a0\u00a0\u00a0\u00a0\u00a0\u00a0\u00a0\u00a0\u00a0\u00a0\u00a0\u00a0\u00a0\u00a0\u00a0\u00a0\u00a0\u00a0\u00a0\u00a0\u00a0\u00a0\u00a0\u00a0\u00a0\u00a0\u00a0\u00a0\u00a0\u00a0\u00a0\u00a0\u00a0\u00a0\u00a0\u00a0\u00a0\u00a0\u00a0\u00a0\u00a0\u00a0\u00a0\u00a0\u00a0\u00a0\u00a0 GWh\u00a0\u00a0\u00a0\u00a0\u00a0\u00a0\u00a0\u00a0\u00a0\u00a0\u00a0\u00a0\u00a0\u00a0\u00a0\u00a0\u00a0\u00a0\u00a0\u00a0\u00a0\u00a0\u00a0\u00a0\u00a0\u00a0 %<\/strong><\/p>\n<p>Ciclo combinado (Gas natural y vapor)\u00a0\u00a0\u00a0\u00a0\u00a0\u00a0\u00a0\u00a0\u00a0\u00a0\u00a0\u00a0\u00a0\u00a0\u00a0\u00a0\u00a0\u00a0\u00a0 7.321,7 \u00a0\u00a0\u00a0\u00a0\u00a0\u00a0\u00a0\u00a0\u00a0\u00a0\u00a0\u00a0\u00a0\u00a0\u00a0\u00a0\u00a0\u00a0\u00a0\u00a0\u00a0 65,00%<\/p>\n<p>Hidro pasada\u00a0\u00a0\u00a0\u00a0\u00a0\u00a0\u00a0\u00a0\u00a0\u00a0\u00a0\u00a0\u00a0\u00a0\u00a0\u00a0\u00a0\u00a0\u00a0\u00a0\u00a0\u00a0\u00a0\u00a0\u00a0\u00a0\u00a0\u00a0\u00a0\u00a0\u00a0\u00a0\u00a0\u00a0\u00a0\u00a0\u00a0\u00a0\u00a0\u00a0\u00a0\u00a0\u00a0\u00a0\u00a0\u00a0\u00a0\u00a0\u00a0\u00a0\u00a0\u00a0\u00a0\u00a0\u00a0\u00a0\u00a0\u00a0\u00a0\u00a0 1.245,3 \u00a0\u00a0\u00a0\u00a0\u00a0\u00a0\u00a0\u00a0\u00a0\u00a0\u00a0\u00a0\u00a0\u00a0\u00a0\u00a0\u00a0\u00a0\u00a0\u00a0\u00a0 11,05%<\/p>\n<p>Hidro embalse\u00a0\u00a0\u00a0\u00a0\u00a0\u00a0\u00a0\u00a0\u00a0\u00a0\u00a0\u00a0\u00a0\u00a0\u00a0\u00a0\u00a0\u00a0\u00a0\u00a0\u00a0\u00a0\u00a0\u00a0\u00a0\u00a0\u00a0\u00a0\u00a0\u00a0\u00a0\u00a0\u00a0\u00a0\u00a0\u00a0\u00a0\u00a0\u00a0\u00a0\u00a0\u00a0\u00a0\u00a0\u00a0\u00a0\u00a0\u00a0\u00a0\u00a0\u00a0\u00a0\u00a0\u00a0\u00a0\u00a0\u00a0\u00a0 1.073,3 \u00a0\u00a0\u00a0\u00a0\u00a0\u00a0\u00a0\u00a0\u00a0\u00a0\u00a0\u00a0\u00a0\u00a0\u00a0\u00a0\u00a0\u00a0\u00a0\u00a0\u00a0 9,53%<\/p>\n<p>Gas\u00a0\u00a0\u00a0\u00a0\u00a0\u00a0\u00a0\u00a0\u00a0\u00a0\u00a0\u00a0\u00a0\u00a0\u00a0\u00a0\u00a0\u00a0\u00a0\u00a0\u00a0\u00a0\u00a0\u00a0\u00a0\u00a0\u00a0\u00a0\u00a0\u00a0\u00a0\u00a0\u00a0\u00a0\u00a0\u00a0\u00a0\u00a0\u00a0\u00a0\u00a0\u00a0\u00a0\u00a0\u00a0\u00a0\u00a0\u00a0\u00a0\u00a0\u00a0\u00a0\u00a0\u00a0\u00a0\u00a0\u00a0\u00a0\u00a0\u00a0\u00a0\u00a0\u00a0\u00a0\u00a0\u00a0\u00a0\u00a0\u00a0\u00a0\u00a0\u00a0\u00a0\u00a0\u00a0 491,0 \u00a0\u00a0\u00a0\u00a0\u00a0\u00a0\u00a0\u00a0\u00a0\u00a0\u00a0\u00a0\u00a0\u00a0\u00a0\u00a0\u00a0\u00a0\u00a0\u00a0\u00a0\u00a0\u00a0\u00a0 4,36%<\/p>\n<p>E\u00f3lico\u00a0\u00a0\u00a0\u00a0\u00a0\u00a0\u00a0\u00a0\u00a0\u00a0\u00a0\u00a0\u00a0\u00a0\u00a0\u00a0\u00a0\u00a0\u00a0\u00a0\u00a0\u00a0\u00a0\u00a0\u00a0\u00a0\u00a0\u00a0\u00a0\u00a0\u00a0\u00a0\u00a0\u00a0\u00a0\u00a0\u00a0\u00a0\u00a0\u00a0\u00a0\u00a0\u00a0\u00a0\u00a0\u00a0\u00a0\u00a0\u00a0\u00a0\u00a0\u00a0\u00a0\u00a0\u00a0\u00a0\u00a0\u00a0\u00a0\u00a0\u00a0\u00a0\u00a0\u00a0\u00a0\u00a0\u00a0\u00a0\u00a0\u00a0\u00a0\u00a0 482,8 \u00a0\u00a0\u00a0\u00a0\u00a0\u00a0\u00a0\u00a0\u00a0\u00a0\u00a0\u00a0\u00a0\u00a0\u00a0\u00a0\u00a0\u00a0\u00a0\u00a0\u00a0\u00a0\u00a0\u00a0 4,29%<\/p>\n<p>Solar\u00a0\u00a0\u00a0\u00a0\u00a0\u00a0\u00a0\u00a0\u00a0\u00a0\u00a0\u00a0\u00a0\u00a0\u00a0\u00a0\u00a0\u00a0\u00a0\u00a0\u00a0\u00a0\u00a0\u00a0\u00a0\u00a0\u00a0\u00a0\u00a0\u00a0\u00a0\u00a0\u00a0\u00a0\u00a0\u00a0\u00a0\u00a0\u00a0\u00a0\u00a0\u00a0\u00a0\u00a0\u00a0\u00a0\u00a0\u00a0\u00a0\u00a0\u00a0\u00a0\u00a0\u00a0\u00a0\u00a0\u00a0\u00a0\u00a0\u00a0\u00a0\u00a0\u00a0\u00a0\u00a0\u00a0\u00a0\u00a0\u00a0\u00a0\u00a0\u00a0\u00a0 363,1 \u00a0\u00a0\u00a0\u00a0\u00a0\u00a0\u00a0\u00a0\u00a0\u00a0\u00a0\u00a0\u00a0\u00a0\u00a0\u00a0\u00a0\u00a0\u00a0\u00a0\u00a0\u00a0\u00a0\u00a0 3,22%<\/p>\n<p>Biomasa\u00a0\u00a0\u00a0\u00a0\u00a0\u00a0\u00a0\u00a0\u00a0\u00a0\u00a0\u00a0\u00a0\u00a0\u00a0\u00a0\u00a0\u00a0\u00a0\u00a0\u00a0\u00a0\u00a0\u00a0\u00a0\u00a0\u00a0\u00a0\u00a0\u00a0\u00a0\u00a0\u00a0\u00a0\u00a0\u00a0\u00a0\u00a0\u00a0\u00a0\u00a0\u00a0\u00a0\u00a0\u00a0\u00a0\u00a0\u00a0\u00a0\u00a0\u00a0\u00a0\u00a0\u00a0\u00a0\u00a0\u00a0\u00a0\u00a0\u00a0\u00a0\u00a0\u00a0\u00a0\u00a0\u00a0\u00a0 283,3 \u00a0\u00a0\u00a0\u00a0\u00a0\u00a0\u00a0\u00a0\u00a0\u00a0\u00a0\u00a0\u00a0\u00a0\u00a0\u00a0\u00a0\u00a0\u00a0\u00a0\u00a0\u00a0\u00a0\u00a0 2,52%<\/p>\n<p>Dual fuel\u00a0\u00a0\u00a0\u00a0\u00a0\u00a0\u00a0\u00a0\u00a0\u00a0\u00a0\u00a0\u00a0\u00a0\u00a0\u00a0\u00a0\u00a0\u00a0\u00a0\u00a0\u00a0\u00a0\u00a0\u00a0\u00a0\u00a0\u00a0\u00a0\u00a0\u00a0\u00a0\u00a0\u00a0\u00a0\u00a0\u00a0\u00a0\u00a0\u00a0\u00a0\u00a0\u00a0\u00a0\u00a0\u00a0\u00a0\u00a0\u00a0\u00a0\u00a0\u00a0\u00a0\u00a0\u00a0\u00a0\u00a0\u00a0\u00a0\u00a0\u00a0\u00a0\u00a0\u00a0\u00a0\u00a0\u00a0 4,3 \u00a0\u00a0\u00a0\u00a0\u00a0\u00a0\u00a0\u00a0\u00a0\u00a0\u00a0\u00a0\u00a0\u00a0\u00a0\u00a0\u00a0\u00a0\u00a0\u00a0\u00a0\u00a0\u00a0\u00a0\u00a0\u00a0\u00a0\u00a0\u00a0 0,04%<\/p>\n<p><strong><em>Fuente: CNDC<\/em><\/strong><\/p>\n","protected":false},"excerpt":{"rendered":"<p>El gobierno puso en marcha el \u00abPlan de Desarrollo Econ\u00f3mico y Social 2021-2025\u00bb que procura la soberan\u00eda y seguridad energ\u00e9tica mediante la diversificaci\u00f3n de su matriz, promoviendo la integraci\u00f3n de energ\u00edas renovables y reduciendo la dependencia de los hidrocarburos. En ese marco, el Viceministerio de Electricidad y Energ\u00edas Renovables inform\u00f3 a eco$com que el \u00abPlan [&hellip;]<\/p>\n","protected":false},"author":2,"featured_media":255625,"comment_status":"closed","ping_status":"open","sticky":false,"template":"","format":"standard","meta":{"_acf_changed":false,"footnotes":""},"categories":[7],"tags":[],"class_list":["post-255627","post","type-post","status-publish","format-standard","has-post-thumbnail","category-economia"],"acf":{"antetitulo":""},"yoast_head":"<!-- This site is optimized with the Yoast SEO plugin v28.4 - https:\/\/yoast.com\/product\/yoast-seo-wordpress\/ -->\n<title>Gobierno puso en marcha dos planes de energ\u00edas limpias hasta el a\u00f1o 2050 - El Diario - Bolivia<\/title>\n<meta name=\"robots\" content=\"index, follow, max-snippet:-1, max-image-preview:large, max-video-preview:-1\" \/>\n<link rel=\"canonical\" href=\"https:\/\/www.eldiario.net\/portal\/2024\/10\/21\/gobierno-puso-en-marcha-dos-planes-de-energias-limpias-hasta-el-ano-2050\/\" \/>\n<meta property=\"og:locale\" content=\"es_ES\" \/>\n<meta property=\"og:type\" content=\"article\" \/>\n<meta property=\"og:title\" content=\"Gobierno puso en marcha dos planes de energ\u00edas limpias hasta el a\u00f1o 2050 - El Diario - Bolivia\" \/>\n<meta property=\"og:description\" content=\"El gobierno puso en marcha el \u00abPlan de Desarrollo Econ\u00f3mico y Social 2021-2025\u00bb que procura la soberan\u00eda y seguridad energ\u00e9tica mediante la diversificaci\u00f3n de su matriz, promoviendo la integraci\u00f3n de energ\u00edas renovables y reduciendo la dependencia de los hidrocarburos. En ese marco, el Viceministerio de Electricidad y Energ\u00edas Renovables inform\u00f3 a eco$com que el \u00abPlan [&hellip;]\" \/>\n<meta property=\"og:url\" content=\"https:\/\/www.eldiario.net\/portal\/2024\/10\/21\/gobierno-puso-en-marcha-dos-planes-de-energias-limpias-hasta-el-ano-2050\/\" \/>\n<meta property=\"og:site_name\" content=\"El Diario - Bolivia\" \/>\n<meta property=\"article:publisher\" content=\"https:\/\/www.facebook.com\/eldiario.bolivia\/\" \/>\n<meta property=\"article:published_time\" content=\"2024-10-21T19:41:32+00:00\" \/>\n<meta property=\"og:image\" content=\"https:\/\/www.eldiario.net\/portal\/wp-content\/uploads\/2024\/10\/Pag-2-nota-2-foto-solar-scaled.jpg\" \/>\n\t<meta property=\"og:image:width\" content=\"2560\" \/>\n\t<meta property=\"og:image:height\" content=\"1919\" \/>\n\t<meta property=\"og:image:type\" content=\"image\/jpeg\" \/>\n<meta name=\"author\" content=\"luis Camacho\" \/>\n<meta name=\"twitter:card\" content=\"summary_large_image\" \/>\n<meta name=\"twitter:creator\" content=\"@eldiario_net\" \/>\n<meta name=\"twitter:site\" content=\"@eldiario_net\" \/>\n<meta name=\"twitter:label1\" content=\"Escrito por\" \/>\n\t<meta name=\"twitter:data1\" content=\"luis Camacho\" \/>\n\t<meta name=\"twitter:label2\" content=\"Tiempo de lectura\" \/>\n\t<meta name=\"twitter:data2\" content=\"6 minutos\" \/>\n<script type=\"application\/ld+json\" class=\"yoast-schema-graph\">{\"@context\":\"https:\\\/\\\/schema.org\",\"@graph\":[{\"@type\":\"Article\",\"@id\":\"https:\\\/\\\/www.eldiario.net\\\/portal\\\/2024\\\/10\\\/21\\\/gobierno-puso-en-marcha-dos-planes-de-energias-limpias-hasta-el-ano-2050\\\/#article\",\"isPartOf\":{\"@id\":\"https:\\\/\\\/www.eldiario.net\\\/portal\\\/2024\\\/10\\\/21\\\/gobierno-puso-en-marcha-dos-planes-de-energias-limpias-hasta-el-ano-2050\\\/\"},\"author\":{\"name\":\"luis Camacho\",\"@id\":\"https:\\\/\\\/www.eldiario.net\\\/portal\\\/#\\\/schema\\\/person\\\/cab1ae4db27e5f008a62cbffb05fbfee\"},\"headline\":\"Gobierno puso en marcha dos planes de energ\u00edas limpias hasta el a\u00f1o 2050\",\"datePublished\":\"2024-10-21T19:41:32+00:00\",\"mainEntityOfPage\":{\"@id\":\"https:\\\/\\\/www.eldiario.net\\\/portal\\\/2024\\\/10\\\/21\\\/gobierno-puso-en-marcha-dos-planes-de-energias-limpias-hasta-el-ano-2050\\\/\"},\"wordCount\":1342,\"publisher\":{\"@id\":\"https:\\\/\\\/www.eldiario.net\\\/portal\\\/#organization\"},\"image\":{\"@id\":\"https:\\\/\\\/www.eldiario.net\\\/portal\\\/2024\\\/10\\\/21\\\/gobierno-puso-en-marcha-dos-planes-de-energias-limpias-hasta-el-ano-2050\\\/#primaryimage\"},\"thumbnailUrl\":\"https:\\\/\\\/www.eldiario.net\\\/portal\\\/wp-content\\\/uploads\\\/2024\\\/10\\\/Pag-2-nota-2-foto-solar-scaled.jpg\",\"articleSection\":[\"Econom\u00eda\"],\"inLanguage\":\"es\"},{\"@type\":\"WebPage\",\"@id\":\"https:\\\/\\\/www.eldiario.net\\\/portal\\\/2024\\\/10\\\/21\\\/gobierno-puso-en-marcha-dos-planes-de-energias-limpias-hasta-el-ano-2050\\\/\",\"url\":\"https:\\\/\\\/www.eldiario.net\\\/portal\\\/2024\\\/10\\\/21\\\/gobierno-puso-en-marcha-dos-planes-de-energias-limpias-hasta-el-ano-2050\\\/\",\"name\":\"Gobierno puso en marcha dos planes de energ\u00edas limpias hasta el a\u00f1o 2050 - El Diario - Bolivia\",\"isPartOf\":{\"@id\":\"https:\\\/\\\/www.eldiario.net\\\/portal\\\/#website\"},\"primaryImageOfPage\":{\"@id\":\"https:\\\/\\\/www.eldiario.net\\\/portal\\\/2024\\\/10\\\/21\\\/gobierno-puso-en-marcha-dos-planes-de-energias-limpias-hasta-el-ano-2050\\\/#primaryimage\"},\"image\":{\"@id\":\"https:\\\/\\\/www.eldiario.net\\\/portal\\\/2024\\\/10\\\/21\\\/gobierno-puso-en-marcha-dos-planes-de-energias-limpias-hasta-el-ano-2050\\\/#primaryimage\"},\"thumbnailUrl\":\"https:\\\/\\\/www.eldiario.net\\\/portal\\\/wp-content\\\/uploads\\\/2024\\\/10\\\/Pag-2-nota-2-foto-solar-scaled.jpg\",\"datePublished\":\"2024-10-21T19:41:32+00:00\",\"breadcrumb\":{\"@id\":\"https:\\\/\\\/www.eldiario.net\\\/portal\\\/2024\\\/10\\\/21\\\/gobierno-puso-en-marcha-dos-planes-de-energias-limpias-hasta-el-ano-2050\\\/#breadcrumb\"},\"inLanguage\":\"es\",\"potentialAction\":[{\"@type\":\"ReadAction\",\"target\":[\"https:\\\/\\\/www.eldiario.net\\\/portal\\\/2024\\\/10\\\/21\\\/gobierno-puso-en-marcha-dos-planes-de-energias-limpias-hasta-el-ano-2050\\\/\"]}]},{\"@type\":\"ImageObject\",\"inLanguage\":\"es\",\"@id\":\"https:\\\/\\\/www.eldiario.net\\\/portal\\\/2024\\\/10\\\/21\\\/gobierno-puso-en-marcha-dos-planes-de-energias-limpias-hasta-el-ano-2050\\\/#primaryimage\",\"url\":\"https:\\\/\\\/www.eldiario.net\\\/portal\\\/wp-content\\\/uploads\\\/2024\\\/10\\\/Pag-2-nota-2-foto-solar-scaled.jpg\",\"contentUrl\":\"https:\\\/\\\/www.eldiario.net\\\/portal\\\/wp-content\\\/uploads\\\/2024\\\/10\\\/Pag-2-nota-2-foto-solar-scaled.jpg\",\"width\":2560,\"height\":1919,\"caption\":\"created by dji camera\"},{\"@type\":\"BreadcrumbList\",\"@id\":\"https:\\\/\\\/www.eldiario.net\\\/portal\\\/2024\\\/10\\\/21\\\/gobierno-puso-en-marcha-dos-planes-de-energias-limpias-hasta-el-ano-2050\\\/#breadcrumb\",\"itemListElement\":[{\"@type\":\"ListItem\",\"position\":1,\"name\":\"Portada\",\"item\":\"https:\\\/\\\/www.eldiario.net\\\/portal\\\/\"},{\"@type\":\"ListItem\",\"position\":2,\"name\":\"Gobierno puso en marcha dos planes de energ\u00edas limpias hasta el a\u00f1o 2050\"}]},{\"@type\":\"WebSite\",\"@id\":\"https:\\\/\\\/www.eldiario.net\\\/portal\\\/#website\",\"url\":\"https:\\\/\\\/www.eldiario.net\\\/portal\\\/\",\"name\":\"El Diario - Decano de la prensa nacional\",\"description\":\"El Diario - Decano de la prensa nacional\",\"publisher\":{\"@id\":\"https:\\\/\\\/www.eldiario.net\\\/portal\\\/#organization\"},\"potentialAction\":[{\"@type\":\"SearchAction\",\"target\":{\"@type\":\"EntryPoint\",\"urlTemplate\":\"https:\\\/\\\/www.eldiario.net\\\/portal\\\/?s={search_term_string}\"},\"query-input\":{\"@type\":\"PropertyValueSpecification\",\"valueRequired\":true,\"valueName\":\"search_term_string\"}}],\"inLanguage\":\"es\"},{\"@type\":\"Organization\",\"@id\":\"https:\\\/\\\/www.eldiario.net\\\/portal\\\/#organization\",\"name\":\"El Diario - Decano de la prensa nacional\",\"url\":\"https:\\\/\\\/www.eldiario.net\\\/portal\\\/\",\"logo\":{\"@type\":\"ImageObject\",\"inLanguage\":\"es\",\"@id\":\"https:\\\/\\\/www.eldiario.net\\\/portal\\\/#\\\/schema\\\/logo\\\/image\\\/\",\"url\":\"https:\\\/\\\/www.eldiario.net\\\/portal\\\/wp-content\\\/uploads\\\/2023\\\/07\\\/logo_ED.jpg\",\"contentUrl\":\"https:\\\/\\\/www.eldiario.net\\\/portal\\\/wp-content\\\/uploads\\\/2023\\\/07\\\/logo_ED.jpg\",\"width\":272,\"height\":52,\"caption\":\"El Diario - Decano de la prensa nacional\"},\"image\":{\"@id\":\"https:\\\/\\\/www.eldiario.net\\\/portal\\\/#\\\/schema\\\/logo\\\/image\\\/\"},\"sameAs\":[\"https:\\\/\\\/www.facebook.com\\\/eldiario.bolivia\\\/\",\"https:\\\/\\\/x.com\\\/eldiario_net\"]},{\"@type\":\"Person\",\"@id\":\"https:\\\/\\\/www.eldiario.net\\\/portal\\\/#\\\/schema\\\/person\\\/cab1ae4db27e5f008a62cbffb05fbfee\",\"name\":\"luis Camacho\",\"image\":{\"@type\":\"ImageObject\",\"inLanguage\":\"es\",\"@id\":\"https:\\\/\\\/secure.gravatar.com\\\/avatar\\\/69ecb836b3826d5a2501bf06ab2a2f2c8ab211cc846758f395df21684cb38313?s=96&d=mm&r=g\",\"url\":\"https:\\\/\\\/secure.gravatar.com\\\/avatar\\\/69ecb836b3826d5a2501bf06ab2a2f2c8ab211cc846758f395df21684cb38313?s=96&d=mm&r=g\",\"contentUrl\":\"https:\\\/\\\/secure.gravatar.com\\\/avatar\\\/69ecb836b3826d5a2501bf06ab2a2f2c8ab211cc846758f395df21684cb38313?s=96&d=mm&r=g\",\"caption\":\"luis Camacho\"},\"url\":\"https:\\\/\\\/www.eldiario.net\\\/portal\\\/author\\\/luis\\\/\"}]}<\/script>\n<!-- \/ Yoast SEO plugin. -->","yoast_head_json":{"title":"Gobierno puso en marcha dos planes de energ\u00edas limpias hasta el a\u00f1o 2050 - El Diario - Bolivia","robots":{"index":"index","follow":"follow","max-snippet":"max-snippet:-1","max-image-preview":"max-image-preview:large","max-video-preview":"max-video-preview:-1"},"canonical":"https:\/\/www.eldiario.net\/portal\/2024\/10\/21\/gobierno-puso-en-marcha-dos-planes-de-energias-limpias-hasta-el-ano-2050\/","og_locale":"es_ES","og_type":"article","og_title":"Gobierno puso en marcha dos planes de energ\u00edas limpias hasta el a\u00f1o 2050 - El Diario - Bolivia","og_description":"El gobierno puso en marcha el \u00abPlan de Desarrollo Econ\u00f3mico y Social 2021-2025\u00bb que procura la soberan\u00eda y seguridad energ\u00e9tica mediante la diversificaci\u00f3n de su matriz, promoviendo la integraci\u00f3n de energ\u00edas renovables y reduciendo la dependencia de los hidrocarburos. En ese marco, el Viceministerio de Electricidad y Energ\u00edas Renovables inform\u00f3 a eco$com que el \u00abPlan [&hellip;]","og_url":"https:\/\/www.eldiario.net\/portal\/2024\/10\/21\/gobierno-puso-en-marcha-dos-planes-de-energias-limpias-hasta-el-ano-2050\/","og_site_name":"El Diario - Bolivia","article_publisher":"https:\/\/www.facebook.com\/eldiario.bolivia\/","article_published_time":"2024-10-21T19:41:32+00:00","og_image":[{"width":2560,"height":1919,"url":"https:\/\/www.eldiario.net\/portal\/wp-content\/uploads\/2024\/10\/Pag-2-nota-2-foto-solar-scaled.jpg","type":"image\/jpeg"}],"author":"luis Camacho","twitter_card":"summary_large_image","twitter_creator":"@eldiario_net","twitter_site":"@eldiario_net","twitter_misc":{"Escrito por":"luis Camacho","Tiempo de lectura":"6 minutos"},"schema":{"@context":"https:\/\/schema.org","@graph":[{"@type":"Article","@id":"https:\/\/www.eldiario.net\/portal\/2024\/10\/21\/gobierno-puso-en-marcha-dos-planes-de-energias-limpias-hasta-el-ano-2050\/#article","isPartOf":{"@id":"https:\/\/www.eldiario.net\/portal\/2024\/10\/21\/gobierno-puso-en-marcha-dos-planes-de-energias-limpias-hasta-el-ano-2050\/"},"author":{"name":"luis Camacho","@id":"https:\/\/www.eldiario.net\/portal\/#\/schema\/person\/cab1ae4db27e5f008a62cbffb05fbfee"},"headline":"Gobierno puso en marcha dos planes de energ\u00edas limpias hasta el a\u00f1o 2050","datePublished":"2024-10-21T19:41:32+00:00","mainEntityOfPage":{"@id":"https:\/\/www.eldiario.net\/portal\/2024\/10\/21\/gobierno-puso-en-marcha-dos-planes-de-energias-limpias-hasta-el-ano-2050\/"},"wordCount":1342,"publisher":{"@id":"https:\/\/www.eldiario.net\/portal\/#organization"},"image":{"@id":"https:\/\/www.eldiario.net\/portal\/2024\/10\/21\/gobierno-puso-en-marcha-dos-planes-de-energias-limpias-hasta-el-ano-2050\/#primaryimage"},"thumbnailUrl":"https:\/\/www.eldiario.net\/portal\/wp-content\/uploads\/2024\/10\/Pag-2-nota-2-foto-solar-scaled.jpg","articleSection":["Econom\u00eda"],"inLanguage":"es"},{"@type":"WebPage","@id":"https:\/\/www.eldiario.net\/portal\/2024\/10\/21\/gobierno-puso-en-marcha-dos-planes-de-energias-limpias-hasta-el-ano-2050\/","url":"https:\/\/www.eldiario.net\/portal\/2024\/10\/21\/gobierno-puso-en-marcha-dos-planes-de-energias-limpias-hasta-el-ano-2050\/","name":"Gobierno puso en marcha dos planes de energ\u00edas limpias hasta el a\u00f1o 2050 - El Diario - Bolivia","isPartOf":{"@id":"https:\/\/www.eldiario.net\/portal\/#website"},"primaryImageOfPage":{"@id":"https:\/\/www.eldiario.net\/portal\/2024\/10\/21\/gobierno-puso-en-marcha-dos-planes-de-energias-limpias-hasta-el-ano-2050\/#primaryimage"},"image":{"@id":"https:\/\/www.eldiario.net\/portal\/2024\/10\/21\/gobierno-puso-en-marcha-dos-planes-de-energias-limpias-hasta-el-ano-2050\/#primaryimage"},"thumbnailUrl":"https:\/\/www.eldiario.net\/portal\/wp-content\/uploads\/2024\/10\/Pag-2-nota-2-foto-solar-scaled.jpg","datePublished":"2024-10-21T19:41:32+00:00","breadcrumb":{"@id":"https:\/\/www.eldiario.net\/portal\/2024\/10\/21\/gobierno-puso-en-marcha-dos-planes-de-energias-limpias-hasta-el-ano-2050\/#breadcrumb"},"inLanguage":"es","potentialAction":[{"@type":"ReadAction","target":["https:\/\/www.eldiario.net\/portal\/2024\/10\/21\/gobierno-puso-en-marcha-dos-planes-de-energias-limpias-hasta-el-ano-2050\/"]}]},{"@type":"ImageObject","inLanguage":"es","@id":"https:\/\/www.eldiario.net\/portal\/2024\/10\/21\/gobierno-puso-en-marcha-dos-planes-de-energias-limpias-hasta-el-ano-2050\/#primaryimage","url":"https:\/\/www.eldiario.net\/portal\/wp-content\/uploads\/2024\/10\/Pag-2-nota-2-foto-solar-scaled.jpg","contentUrl":"https:\/\/www.eldiario.net\/portal\/wp-content\/uploads\/2024\/10\/Pag-2-nota-2-foto-solar-scaled.jpg","width":2560,"height":1919,"caption":"created by dji camera"},{"@type":"BreadcrumbList","@id":"https:\/\/www.eldiario.net\/portal\/2024\/10\/21\/gobierno-puso-en-marcha-dos-planes-de-energias-limpias-hasta-el-ano-2050\/#breadcrumb","itemListElement":[{"@type":"ListItem","position":1,"name":"Portada","item":"https:\/\/www.eldiario.net\/portal\/"},{"@type":"ListItem","position":2,"name":"Gobierno puso en marcha dos planes de energ\u00edas limpias hasta el a\u00f1o 2050"}]},{"@type":"WebSite","@id":"https:\/\/www.eldiario.net\/portal\/#website","url":"https:\/\/www.eldiario.net\/portal\/","name":"El Diario - Decano de la prensa nacional","description":"El Diario - Decano de la prensa nacional","publisher":{"@id":"https:\/\/www.eldiario.net\/portal\/#organization"},"potentialAction":[{"@type":"SearchAction","target":{"@type":"EntryPoint","urlTemplate":"https:\/\/www.eldiario.net\/portal\/?s={search_term_string}"},"query-input":{"@type":"PropertyValueSpecification","valueRequired":true,"valueName":"search_term_string"}}],"inLanguage":"es"},{"@type":"Organization","@id":"https:\/\/www.eldiario.net\/portal\/#organization","name":"El Diario - Decano de la prensa nacional","url":"https:\/\/www.eldiario.net\/portal\/","logo":{"@type":"ImageObject","inLanguage":"es","@id":"https:\/\/www.eldiario.net\/portal\/#\/schema\/logo\/image\/","url":"https:\/\/www.eldiario.net\/portal\/wp-content\/uploads\/2023\/07\/logo_ED.jpg","contentUrl":"https:\/\/www.eldiario.net\/portal\/wp-content\/uploads\/2023\/07\/logo_ED.jpg","width":272,"height":52,"caption":"El Diario - Decano de la prensa nacional"},"image":{"@id":"https:\/\/www.eldiario.net\/portal\/#\/schema\/logo\/image\/"},"sameAs":["https:\/\/www.facebook.com\/eldiario.bolivia\/","https:\/\/x.com\/eldiario_net"]},{"@type":"Person","@id":"https:\/\/www.eldiario.net\/portal\/#\/schema\/person\/cab1ae4db27e5f008a62cbffb05fbfee","name":"luis Camacho","image":{"@type":"ImageObject","inLanguage":"es","@id":"https:\/\/secure.gravatar.com\/avatar\/69ecb836b3826d5a2501bf06ab2a2f2c8ab211cc846758f395df21684cb38313?s=96&d=mm&r=g","url":"https:\/\/secure.gravatar.com\/avatar\/69ecb836b3826d5a2501bf06ab2a2f2c8ab211cc846758f395df21684cb38313?s=96&d=mm&r=g","contentUrl":"https:\/\/secure.gravatar.com\/avatar\/69ecb836b3826d5a2501bf06ab2a2f2c8ab211cc846758f395df21684cb38313?s=96&d=mm&r=g","caption":"luis Camacho"},"url":"https:\/\/www.eldiario.net\/portal\/author\/luis\/"}]}},"_links":{"self":[{"href":"https:\/\/www.eldiario.net\/portal\/wp-json\/wp\/v2\/posts\/255627","targetHints":{"allow":["GET"]}}],"collection":[{"href":"https:\/\/www.eldiario.net\/portal\/wp-json\/wp\/v2\/posts"}],"about":[{"href":"https:\/\/www.eldiario.net\/portal\/wp-json\/wp\/v2\/types\/post"}],"author":[{"embeddable":true,"href":"https:\/\/www.eldiario.net\/portal\/wp-json\/wp\/v2\/users\/2"}],"replies":[{"embeddable":true,"href":"https:\/\/www.eldiario.net\/portal\/wp-json\/wp\/v2\/comments?post=255627"}],"version-history":[{"count":1,"href":"https:\/\/www.eldiario.net\/portal\/wp-json\/wp\/v2\/posts\/255627\/revisions"}],"predecessor-version":[{"id":255628,"href":"https:\/\/www.eldiario.net\/portal\/wp-json\/wp\/v2\/posts\/255627\/revisions\/255628"}],"wp:featuredmedia":[{"embeddable":true,"href":"https:\/\/www.eldiario.net\/portal\/wp-json\/wp\/v2\/media\/255625"}],"wp:attachment":[{"href":"https:\/\/www.eldiario.net\/portal\/wp-json\/wp\/v2\/media?parent=255627"}],"wp:term":[{"taxonomy":"category","embeddable":true,"href":"https:\/\/www.eldiario.net\/portal\/wp-json\/wp\/v2\/categories?post=255627"},{"taxonomy":"post_tag","embeddable":true,"href":"https:\/\/www.eldiario.net\/portal\/wp-json\/wp\/v2\/tags?post=255627"}],"curies":[{"name":"wp","href":"https:\/\/api.w.org\/{rel}","templated":true}]}}