{"id":255612,"date":"2024-10-21T11:16:53","date_gmt":"2024-10-21T15:16:53","guid":{"rendered":"https:\/\/www.eldiario.net\/portal\/?p=255612"},"modified":"2024-10-21T11:16:53","modified_gmt":"2024-10-21T15:16:53","slug":"bermejo-entra-en-paro-civico-con-bloqueos-exigiendo-soluciones-energeticas","status":"publish","type":"post","link":"https:\/\/www.eldiario.net\/portal\/2024\/10\/21\/bermejo-entra-en-paro-civico-con-bloqueos-exigiendo-soluciones-energeticas\/","title":{"rendered":"Bermejo entra en paro c\u00edvico con bloqueos exigiendo soluciones energ\u00e9ticas"},"content":{"rendered":"<p>Desde la medianoche del lunes, la ciudad de Bermejo, en el departamento de Tarija, se encuentra en un paro c\u00edvico con bloqueos en la carretera hacia el Gran Chaco y el puente internacional. El comit\u00e9 c\u00edvico, que lidera la protesta, exige la presencia urgente de autoridades nacionales y departamentales para gestionar la compra inmediata de dos transformadores el\u00e9ctricos, debido a los constantes cortes de energ\u00eda que afectan a la regi\u00f3n.<\/p>\n<p>Adem\u00e1s, los manifestantes solicitan que la empresa el\u00e9ctrica cumpla con su compromiso de trasladar equipos en un plazo m\u00e1ximo de siete d\u00edas, advirtiendo que el paro continuar\u00e1 si no se cumplen sus demandas. La falta de electricidad ha afectado gravemente tanto a los hogares como al sector productivo de Bermejo, lo que ha generado un creciente malestar en la poblaci\u00f3n.<\/p>\n<p>El paro ha causado un impacto significativo en la movilidad de la zona, afectando tanto el tr\u00e1fico de la ciudad como las conexiones hacia otras regiones. Los l\u00edderes c\u00edvicos de Bermejo han advertido que podr\u00edan intensificar las medidas si no obtienen una respuesta favorable de las autoridades en los pr\u00f3ximos d\u00edas.<\/p>\n","protected":false},"excerpt":{"rendered":"<p>Desde la medianoche del lunes, la ciudad de Bermejo, en el departamento de Tarija, se encuentra en un paro c\u00edvico con bloqueos en la carretera hacia el Gran Chaco y el puente internacional. El comit\u00e9 c\u00edvico, que lidera la protesta, exige la presencia urgente de autoridades nacionales y departamentales para gestionar la compra inmediata de [&hellip;]<\/p>\n","protected":false},"author":6,"featured_media":255613,"comment_status":"closed","ping_status":"open","sticky":false,"template":"","format":"standard","meta":{"_acf_changed":false,"footnotes":""},"categories":[51],"tags":[],"class_list":["post-255612","post","type-post","status-publish","format-standard","has-post-thumbnail","category-ultima-hora"],"acf":{"antetitulo":""},"yoast_head":"<!-- This site is optimized with the Yoast SEO plugin v28.4 - https:\/\/yoast.com\/product\/yoast-seo-wordpress\/ -->\n<title>Bermejo entra en paro c\u00edvico con bloqueos exigiendo soluciones energ\u00e9ticas - El Diario - Bolivia<\/title>\n<meta name=\"robots\" content=\"index, follow, max-snippet:-1, max-image-preview:large, max-video-preview:-1\" \/>\n<link rel=\"canonical\" href=\"https:\/\/www.eldiario.net\/portal\/2024\/10\/21\/bermejo-entra-en-paro-civico-con-bloqueos-exigiendo-soluciones-energeticas\/\" \/>\n<meta property=\"og:locale\" content=\"es_ES\" \/>\n<meta property=\"og:type\" content=\"article\" \/>\n<meta property=\"og:title\" content=\"Bermejo entra en paro c\u00edvico con bloqueos exigiendo soluciones energ\u00e9ticas - El Diario - Bolivia\" \/>\n<meta property=\"og:description\" content=\"Desde la medianoche del lunes, la ciudad de Bermejo, en el departamento de Tarija, se encuentra en un paro c\u00edvico con bloqueos en la carretera hacia el Gran Chaco y el puente internacional. El comit\u00e9 c\u00edvico, que lidera la protesta, exige la presencia urgente de autoridades nacionales y departamentales para gestionar la compra inmediata de [&hellip;]\" \/>\n<meta property=\"og:url\" content=\"https:\/\/www.eldiario.net\/portal\/2024\/10\/21\/bermejo-entra-en-paro-civico-con-bloqueos-exigiendo-soluciones-energeticas\/\" \/>\n<meta property=\"og:site_name\" content=\"El Diario - Bolivia\" \/>\n<meta property=\"article:publisher\" content=\"https:\/\/www.facebook.com\/eldiario.bolivia\/\" \/>\n<meta property=\"article:published_time\" content=\"2024-10-21T15:16:53+00:00\" \/>\n<meta property=\"og:image\" content=\"https:\/\/www.eldiario.net\/portal\/wp-content\/uploads\/2024\/10\/464172357_980182974150953_5136434252485336775_n.jpg\" \/>\n\t<meta property=\"og:image:width\" content=\"960\" \/>\n\t<meta property=\"og:image:height\" content=\"720\" \/>\n\t<meta property=\"og:image:type\" content=\"image\/jpeg\" \/>\n<meta name=\"author\" content=\"Mariana Garnica\" \/>\n<meta name=\"twitter:card\" content=\"summary_large_image\" \/>\n<meta name=\"twitter:creator\" content=\"@eldiario_net\" \/>\n<meta name=\"twitter:site\" content=\"@eldiario_net\" \/>\n<meta name=\"twitter:label1\" content=\"Escrito por\" \/>\n\t<meta name=\"twitter:data1\" content=\"Mariana Garnica\" \/>\n\t<meta name=\"twitter:label2\" content=\"Tiempo de lectura\" \/>\n\t<meta name=\"twitter:data2\" content=\"2 minutos\" \/>\n<script type=\"application\/ld+json\" class=\"yoast-schema-graph\">{\"@context\":\"https:\\\/\\\/schema.org\",\"@graph\":[{\"@type\":\"Article\",\"@id\":\"https:\\\/\\\/www.eldiario.net\\\/portal\\\/2024\\\/10\\\/21\\\/bermejo-entra-en-paro-civico-con-bloqueos-exigiendo-soluciones-energeticas\\\/#article\",\"isPartOf\":{\"@id\":\"https:\\\/\\\/www.eldiario.net\\\/portal\\\/2024\\\/10\\\/21\\\/bermejo-entra-en-paro-civico-con-bloqueos-exigiendo-soluciones-energeticas\\\/\"},\"author\":{\"name\":\"Mariana Garnica\",\"@id\":\"https:\\\/\\\/www.eldiario.net\\\/portal\\\/#\\\/schema\\\/person\\\/b02ed27b456c3e0bd38941da92e05130\"},\"headline\":\"Bermejo entra en paro c\u00edvico con bloqueos exigiendo soluciones energ\u00e9ticas\",\"datePublished\":\"2024-10-21T15:16:53+00:00\",\"mainEntityOfPage\":{\"@id\":\"https:\\\/\\\/www.eldiario.net\\\/portal\\\/2024\\\/10\\\/21\\\/bermejo-entra-en-paro-civico-con-bloqueos-exigiendo-soluciones-energeticas\\\/\"},\"wordCount\":209,\"publisher\":{\"@id\":\"https:\\\/\\\/www.eldiario.net\\\/portal\\\/#organization\"},\"image\":{\"@id\":\"https:\\\/\\\/www.eldiario.net\\\/portal\\\/2024\\\/10\\\/21\\\/bermejo-entra-en-paro-civico-con-bloqueos-exigiendo-soluciones-energeticas\\\/#primaryimage\"},\"thumbnailUrl\":\"https:\\\/\\\/www.eldiario.net\\\/portal\\\/wp-content\\\/uploads\\\/2024\\\/10\\\/464172357_980182974150953_5136434252485336775_n.jpg\",\"articleSection\":[\"\u00daltima Hora\"],\"inLanguage\":\"es\"},{\"@type\":\"WebPage\",\"@id\":\"https:\\\/\\\/www.eldiario.net\\\/portal\\\/2024\\\/10\\\/21\\\/bermejo-entra-en-paro-civico-con-bloqueos-exigiendo-soluciones-energeticas\\\/\",\"url\":\"https:\\\/\\\/www.eldiario.net\\\/portal\\\/2024\\\/10\\\/21\\\/bermejo-entra-en-paro-civico-con-bloqueos-exigiendo-soluciones-energeticas\\\/\",\"name\":\"Bermejo entra en paro c\u00edvico con bloqueos exigiendo soluciones energ\u00e9ticas - El Diario - Bolivia\",\"isPartOf\":{\"@id\":\"https:\\\/\\\/www.eldiario.net\\\/portal\\\/#website\"},\"primaryImageOfPage\":{\"@id\":\"https:\\\/\\\/www.eldiario.net\\\/portal\\\/2024\\\/10\\\/21\\\/bermejo-entra-en-paro-civico-con-bloqueos-exigiendo-soluciones-energeticas\\\/#primaryimage\"},\"image\":{\"@id\":\"https:\\\/\\\/www.eldiario.net\\\/portal\\\/2024\\\/10\\\/21\\\/bermejo-entra-en-paro-civico-con-bloqueos-exigiendo-soluciones-energeticas\\\/#primaryimage\"},\"thumbnailUrl\":\"https:\\\/\\\/www.eldiario.net\\\/portal\\\/wp-content\\\/uploads\\\/2024\\\/10\\\/464172357_980182974150953_5136434252485336775_n.jpg\",\"datePublished\":\"2024-10-21T15:16:53+00:00\",\"breadcrumb\":{\"@id\":\"https:\\\/\\\/www.eldiario.net\\\/portal\\\/2024\\\/10\\\/21\\\/bermejo-entra-en-paro-civico-con-bloqueos-exigiendo-soluciones-energeticas\\\/#breadcrumb\"},\"inLanguage\":\"es\",\"potentialAction\":[{\"@type\":\"ReadAction\",\"target\":[\"https:\\\/\\\/www.eldiario.net\\\/portal\\\/2024\\\/10\\\/21\\\/bermejo-entra-en-paro-civico-con-bloqueos-exigiendo-soluciones-energeticas\\\/\"]}]},{\"@type\":\"ImageObject\",\"inLanguage\":\"es\",\"@id\":\"https:\\\/\\\/www.eldiario.net\\\/portal\\\/2024\\\/10\\\/21\\\/bermejo-entra-en-paro-civico-con-bloqueos-exigiendo-soluciones-energeticas\\\/#primaryimage\",\"url\":\"https:\\\/\\\/www.eldiario.net\\\/portal\\\/wp-content\\\/uploads\\\/2024\\\/10\\\/464172357_980182974150953_5136434252485336775_n.jpg\",\"contentUrl\":\"https:\\\/\\\/www.eldiario.net\\\/portal\\\/wp-content\\\/uploads\\\/2024\\\/10\\\/464172357_980182974150953_5136434252485336775_n.jpg\",\"width\":960,\"height\":720},{\"@type\":\"BreadcrumbList\",\"@id\":\"https:\\\/\\\/www.eldiario.net\\\/portal\\\/2024\\\/10\\\/21\\\/bermejo-entra-en-paro-civico-con-bloqueos-exigiendo-soluciones-energeticas\\\/#breadcrumb\",\"itemListElement\":[{\"@type\":\"ListItem\",\"position\":1,\"name\":\"Portada\",\"item\":\"https:\\\/\\\/www.eldiario.net\\\/portal\\\/\"},{\"@type\":\"ListItem\",\"position\":2,\"name\":\"Bermejo entra en paro c\u00edvico con bloqueos exigiendo soluciones energ\u00e9ticas\"}]},{\"@type\":\"WebSite\",\"@id\":\"https:\\\/\\\/www.eldiario.net\\\/portal\\\/#website\",\"url\":\"https:\\\/\\\/www.eldiario.net\\\/portal\\\/\",\"name\":\"El Diario - Decano de la prensa nacional\",\"description\":\"El Diario - Decano de la prensa nacional\",\"publisher\":{\"@id\":\"https:\\\/\\\/www.eldiario.net\\\/portal\\\/#organization\"},\"potentialAction\":[{\"@type\":\"SearchAction\",\"target\":{\"@type\":\"EntryPoint\",\"urlTemplate\":\"https:\\\/\\\/www.eldiario.net\\\/portal\\\/?s={search_term_string}\"},\"query-input\":{\"@type\":\"PropertyValueSpecification\",\"valueRequired\":true,\"valueName\":\"search_term_string\"}}],\"inLanguage\":\"es\"},{\"@type\":\"Organization\",\"@id\":\"https:\\\/\\\/www.eldiario.net\\\/portal\\\/#organization\",\"name\":\"El Diario - Decano de la prensa nacional\",\"url\":\"https:\\\/\\\/www.eldiario.net\\\/portal\\\/\",\"logo\":{\"@type\":\"ImageObject\",\"inLanguage\":\"es\",\"@id\":\"https:\\\/\\\/www.eldiario.net\\\/portal\\\/#\\\/schema\\\/logo\\\/image\\\/\",\"url\":\"https:\\\/\\\/www.eldiario.net\\\/portal\\\/wp-content\\\/uploads\\\/2023\\\/07\\\/logo_ED.jpg\",\"contentUrl\":\"https:\\\/\\\/www.eldiario.net\\\/portal\\\/wp-content\\\/uploads\\\/2023\\\/07\\\/logo_ED.jpg\",\"width\":272,\"height\":52,\"caption\":\"El Diario - Decano de la prensa nacional\"},\"image\":{\"@id\":\"https:\\\/\\\/www.eldiario.net\\\/portal\\\/#\\\/schema\\\/logo\\\/image\\\/\"},\"sameAs\":[\"https:\\\/\\\/www.facebook.com\\\/eldiario.bolivia\\\/\",\"https:\\\/\\\/x.com\\\/eldiario_net\"]},{\"@type\":\"Person\",\"@id\":\"https:\\\/\\\/www.eldiario.net\\\/portal\\\/#\\\/schema\\\/person\\\/b02ed27b456c3e0bd38941da92e05130\",\"name\":\"Mariana Garnica\",\"image\":{\"@type\":\"ImageObject\",\"inLanguage\":\"es\",\"@id\":\"https:\\\/\\\/secure.gravatar.com\\\/avatar\\\/41ff8773a042930478027d27070a9bf5dfb25b1f36d7245a4372dea1f9f295bf?s=96&d=mm&r=g\",\"url\":\"https:\\\/\\\/secure.gravatar.com\\\/avatar\\\/41ff8773a042930478027d27070a9bf5dfb25b1f36d7245a4372dea1f9f295bf?s=96&d=mm&r=g\",\"contentUrl\":\"https:\\\/\\\/secure.gravatar.com\\\/avatar\\\/41ff8773a042930478027d27070a9bf5dfb25b1f36d7245a4372dea1f9f295bf?s=96&d=mm&r=g\",\"caption\":\"Mariana Garnica\"},\"url\":\"https:\\\/\\\/www.eldiario.net\\\/portal\\\/author\\\/manzanita\\\/\"}]}<\/script>\n<!-- \/ Yoast SEO plugin. -->","yoast_head_json":{"title":"Bermejo entra en paro c\u00edvico con bloqueos exigiendo soluciones energ\u00e9ticas - El Diario - Bolivia","robots":{"index":"index","follow":"follow","max-snippet":"max-snippet:-1","max-image-preview":"max-image-preview:large","max-video-preview":"max-video-preview:-1"},"canonical":"https:\/\/www.eldiario.net\/portal\/2024\/10\/21\/bermejo-entra-en-paro-civico-con-bloqueos-exigiendo-soluciones-energeticas\/","og_locale":"es_ES","og_type":"article","og_title":"Bermejo entra en paro c\u00edvico con bloqueos exigiendo soluciones energ\u00e9ticas - El Diario - Bolivia","og_description":"Desde la medianoche del lunes, la ciudad de Bermejo, en el departamento de Tarija, se encuentra en un paro c\u00edvico con bloqueos en la carretera hacia el Gran Chaco y el puente internacional. El comit\u00e9 c\u00edvico, que lidera la protesta, exige la presencia urgente de autoridades nacionales y departamentales para gestionar la compra inmediata de [&hellip;]","og_url":"https:\/\/www.eldiario.net\/portal\/2024\/10\/21\/bermejo-entra-en-paro-civico-con-bloqueos-exigiendo-soluciones-energeticas\/","og_site_name":"El Diario - Bolivia","article_publisher":"https:\/\/www.facebook.com\/eldiario.bolivia\/","article_published_time":"2024-10-21T15:16:53+00:00","og_image":[{"width":960,"height":720,"url":"https:\/\/www.eldiario.net\/portal\/wp-content\/uploads\/2024\/10\/464172357_980182974150953_5136434252485336775_n.jpg","type":"image\/jpeg"}],"author":"Mariana Garnica","twitter_card":"summary_large_image","twitter_creator":"@eldiario_net","twitter_site":"@eldiario_net","twitter_misc":{"Escrito por":"Mariana Garnica","Tiempo de lectura":"2 minutos"},"schema":{"@context":"https:\/\/schema.org","@graph":[{"@type":"Article","@id":"https:\/\/www.eldiario.net\/portal\/2024\/10\/21\/bermejo-entra-en-paro-civico-con-bloqueos-exigiendo-soluciones-energeticas\/#article","isPartOf":{"@id":"https:\/\/www.eldiario.net\/portal\/2024\/10\/21\/bermejo-entra-en-paro-civico-con-bloqueos-exigiendo-soluciones-energeticas\/"},"author":{"name":"Mariana Garnica","@id":"https:\/\/www.eldiario.net\/portal\/#\/schema\/person\/b02ed27b456c3e0bd38941da92e05130"},"headline":"Bermejo entra en paro c\u00edvico con bloqueos exigiendo soluciones energ\u00e9ticas","datePublished":"2024-10-21T15:16:53+00:00","mainEntityOfPage":{"@id":"https:\/\/www.eldiario.net\/portal\/2024\/10\/21\/bermejo-entra-en-paro-civico-con-bloqueos-exigiendo-soluciones-energeticas\/"},"wordCount":209,"publisher":{"@id":"https:\/\/www.eldiario.net\/portal\/#organization"},"image":{"@id":"https:\/\/www.eldiario.net\/portal\/2024\/10\/21\/bermejo-entra-en-paro-civico-con-bloqueos-exigiendo-soluciones-energeticas\/#primaryimage"},"thumbnailUrl":"https:\/\/www.eldiario.net\/portal\/wp-content\/uploads\/2024\/10\/464172357_980182974150953_5136434252485336775_n.jpg","articleSection":["\u00daltima Hora"],"inLanguage":"es"},{"@type":"WebPage","@id":"https:\/\/www.eldiario.net\/portal\/2024\/10\/21\/bermejo-entra-en-paro-civico-con-bloqueos-exigiendo-soluciones-energeticas\/","url":"https:\/\/www.eldiario.net\/portal\/2024\/10\/21\/bermejo-entra-en-paro-civico-con-bloqueos-exigiendo-soluciones-energeticas\/","name":"Bermejo entra en paro c\u00edvico con bloqueos exigiendo soluciones energ\u00e9ticas - El Diario - Bolivia","isPartOf":{"@id":"https:\/\/www.eldiario.net\/portal\/#website"},"primaryImageOfPage":{"@id":"https:\/\/www.eldiario.net\/portal\/2024\/10\/21\/bermejo-entra-en-paro-civico-con-bloqueos-exigiendo-soluciones-energeticas\/#primaryimage"},"image":{"@id":"https:\/\/www.eldiario.net\/portal\/2024\/10\/21\/bermejo-entra-en-paro-civico-con-bloqueos-exigiendo-soluciones-energeticas\/#primaryimage"},"thumbnailUrl":"https:\/\/www.eldiario.net\/portal\/wp-content\/uploads\/2024\/10\/464172357_980182974150953_5136434252485336775_n.jpg","datePublished":"2024-10-21T15:16:53+00:00","breadcrumb":{"@id":"https:\/\/www.eldiario.net\/portal\/2024\/10\/21\/bermejo-entra-en-paro-civico-con-bloqueos-exigiendo-soluciones-energeticas\/#breadcrumb"},"inLanguage":"es","potentialAction":[{"@type":"ReadAction","target":["https:\/\/www.eldiario.net\/portal\/2024\/10\/21\/bermejo-entra-en-paro-civico-con-bloqueos-exigiendo-soluciones-energeticas\/"]}]},{"@type":"ImageObject","inLanguage":"es","@id":"https:\/\/www.eldiario.net\/portal\/2024\/10\/21\/bermejo-entra-en-paro-civico-con-bloqueos-exigiendo-soluciones-energeticas\/#primaryimage","url":"https:\/\/www.eldiario.net\/portal\/wp-content\/uploads\/2024\/10\/464172357_980182974150953_5136434252485336775_n.jpg","contentUrl":"https:\/\/www.eldiario.net\/portal\/wp-content\/uploads\/2024\/10\/464172357_980182974150953_5136434252485336775_n.jpg","width":960,"height":720},{"@type":"BreadcrumbList","@id":"https:\/\/www.eldiario.net\/portal\/2024\/10\/21\/bermejo-entra-en-paro-civico-con-bloqueos-exigiendo-soluciones-energeticas\/#breadcrumb","itemListElement":[{"@type":"ListItem","position":1,"name":"Portada","item":"https:\/\/www.eldiario.net\/portal\/"},{"@type":"ListItem","position":2,"name":"Bermejo entra en paro c\u00edvico con bloqueos exigiendo soluciones energ\u00e9ticas"}]},{"@type":"WebSite","@id":"https:\/\/www.eldiario.net\/portal\/#website","url":"https:\/\/www.eldiario.net\/portal\/","name":"El Diario - Decano de la prensa nacional","description":"El Diario - Decano de la prensa nacional","publisher":{"@id":"https:\/\/www.eldiario.net\/portal\/#organization"},"potentialAction":[{"@type":"SearchAction","target":{"@type":"EntryPoint","urlTemplate":"https:\/\/www.eldiario.net\/portal\/?s={search_term_string}"},"query-input":{"@type":"PropertyValueSpecification","valueRequired":true,"valueName":"search_term_string"}}],"inLanguage":"es"},{"@type":"Organization","@id":"https:\/\/www.eldiario.net\/portal\/#organization","name":"El Diario - Decano de la prensa nacional","url":"https:\/\/www.eldiario.net\/portal\/","logo":{"@type":"ImageObject","inLanguage":"es","@id":"https:\/\/www.eldiario.net\/portal\/#\/schema\/logo\/image\/","url":"https:\/\/www.eldiario.net\/portal\/wp-content\/uploads\/2023\/07\/logo_ED.jpg","contentUrl":"https:\/\/www.eldiario.net\/portal\/wp-content\/uploads\/2023\/07\/logo_ED.jpg","width":272,"height":52,"caption":"El Diario - Decano de la prensa nacional"},"image":{"@id":"https:\/\/www.eldiario.net\/portal\/#\/schema\/logo\/image\/"},"sameAs":["https:\/\/www.facebook.com\/eldiario.bolivia\/","https:\/\/x.com\/eldiario_net"]},{"@type":"Person","@id":"https:\/\/www.eldiario.net\/portal\/#\/schema\/person\/b02ed27b456c3e0bd38941da92e05130","name":"Mariana Garnica","image":{"@type":"ImageObject","inLanguage":"es","@id":"https:\/\/secure.gravatar.com\/avatar\/41ff8773a042930478027d27070a9bf5dfb25b1f36d7245a4372dea1f9f295bf?s=96&d=mm&r=g","url":"https:\/\/secure.gravatar.com\/avatar\/41ff8773a042930478027d27070a9bf5dfb25b1f36d7245a4372dea1f9f295bf?s=96&d=mm&r=g","contentUrl":"https:\/\/secure.gravatar.com\/avatar\/41ff8773a042930478027d27070a9bf5dfb25b1f36d7245a4372dea1f9f295bf?s=96&d=mm&r=g","caption":"Mariana Garnica"},"url":"https:\/\/www.eldiario.net\/portal\/author\/manzanita\/"}]}},"_links":{"self":[{"href":"https:\/\/www.eldiario.net\/portal\/wp-json\/wp\/v2\/posts\/255612","targetHints":{"allow":["GET"]}}],"collection":[{"href":"https:\/\/www.eldiario.net\/portal\/wp-json\/wp\/v2\/posts"}],"about":[{"href":"https:\/\/www.eldiario.net\/portal\/wp-json\/wp\/v2\/types\/post"}],"author":[{"embeddable":true,"href":"https:\/\/www.eldiario.net\/portal\/wp-json\/wp\/v2\/users\/6"}],"replies":[{"embeddable":true,"href":"https:\/\/www.eldiario.net\/portal\/wp-json\/wp\/v2\/comments?post=255612"}],"version-history":[{"count":1,"href":"https:\/\/www.eldiario.net\/portal\/wp-json\/wp\/v2\/posts\/255612\/revisions"}],"predecessor-version":[{"id":255614,"href":"https:\/\/www.eldiario.net\/portal\/wp-json\/wp\/v2\/posts\/255612\/revisions\/255614"}],"wp:featuredmedia":[{"embeddable":true,"href":"https:\/\/www.eldiario.net\/portal\/wp-json\/wp\/v2\/media\/255613"}],"wp:attachment":[{"href":"https:\/\/www.eldiario.net\/portal\/wp-json\/wp\/v2\/media?parent=255612"}],"wp:term":[{"taxonomy":"category","embeddable":true,"href":"https:\/\/www.eldiario.net\/portal\/wp-json\/wp\/v2\/categories?post=255612"},{"taxonomy":"post_tag","embeddable":true,"href":"https:\/\/www.eldiario.net\/portal\/wp-json\/wp\/v2\/tags?post=255612"}],"curies":[{"name":"wp","href":"https:\/\/api.w.org\/{rel}","templated":true}]}}