{"id":255606,"date":"2024-10-21T10:23:57","date_gmt":"2024-10-21T14:23:57","guid":{"rendered":"https:\/\/www.eldiario.net\/portal\/?p=255606"},"modified":"2024-10-21T10:27:58","modified_gmt":"2024-10-21T14:27:58","slug":"alerta-sistema-que-mueve-agua-por-la-tierra-esta-desequilibrado","status":"publish","type":"post","link":"https:\/\/www.eldiario.net\/portal\/2024\/10\/21\/alerta-sistema-que-mueve-agua-por-la-tierra-esta-desequilibrado\/","title":{"rendered":"\u00a1Alerta! sistema que mueve agua por la Tierra est\u00e1 desequilibrado"},"content":{"rendered":"<p>La humanidad ha desequilibrado el ciclo global del agua \u201cpor primera vez en la historia de la humanidad\u201d, alimentando un creciente desastre h\u00eddrico que causar\u00e1 estragos en las econom\u00edas, la producci\u00f3n de alimentos y las vidas, seg\u00fan un nuevo informe hist\u00f3rico difundido por CNN en espa\u00f1ol.<\/p>\n<p>D\u00e9cadas de uso destructivo de la tierra y la mala gesti\u00f3n del agua han chocado con la crisis clim\u00e1tica causada por el hombre para poner \u201cuna tensi\u00f3n sin precedentes\u201d en el ciclo global del agua, dice el informe publicado por la Comisi\u00f3n Global sobre la Econom\u00eda del Agua, un grupo de l\u00edderes y expertos internacionales.<\/p>\n<p>Las alteraciones del ciclo del agua ya est\u00e1n causando sufrimiento. Casi 3.000 millones de personas sufren por la escasez de agua. Los cultivos se est\u00e1n marchitando y las ciudades se est\u00e1n hundiendo a medida que se seca el agua subterr\u00e1nea.<\/p>\n","protected":false},"excerpt":{"rendered":"<p>La humanidad ha desequilibrado el ciclo global del agua \u201cpor primera vez en la historia de la humanidad\u201d, alimentando un creciente desastre h\u00eddrico que causar\u00e1 estragos en las econom\u00edas, la producci\u00f3n de alimentos y las vidas, seg\u00fan un nuevo informe hist\u00f3rico difundido por CNN en espa\u00f1ol. D\u00e9cadas de uso destructivo de la tierra y la [&hellip;]<\/p>\n","protected":false},"author":6,"featured_media":255607,"comment_status":"closed","ping_status":"open","sticky":false,"template":"","format":"standard","meta":{"_acf_changed":false,"footnotes":""},"categories":[51],"tags":[],"class_list":["post-255606","post","type-post","status-publish","format-standard","has-post-thumbnail","category-ultima-hora"],"acf":{"antetitulo":""},"yoast_head":"<!-- This site is optimized with the Yoast SEO plugin v28.4 - https:\/\/yoast.com\/product\/yoast-seo-wordpress\/ -->\n<title>\u00a1Alerta! sistema que mueve agua por la Tierra est\u00e1 desequilibrado - El Diario - Bolivia<\/title>\n<meta name=\"robots\" content=\"index, follow, max-snippet:-1, max-image-preview:large, max-video-preview:-1\" \/>\n<link rel=\"canonical\" href=\"https:\/\/www.eldiario.net\/portal\/2024\/10\/21\/alerta-sistema-que-mueve-agua-por-la-tierra-esta-desequilibrado\/\" \/>\n<meta property=\"og:locale\" content=\"es_ES\" \/>\n<meta property=\"og:type\" content=\"article\" \/>\n<meta property=\"og:title\" content=\"\u00a1Alerta! sistema que mueve agua por la Tierra est\u00e1 desequilibrado - El Diario - Bolivia\" \/>\n<meta property=\"og:description\" content=\"La humanidad ha desequilibrado el ciclo global del agua \u201cpor primera vez en la historia de la humanidad\u201d, alimentando un creciente desastre h\u00eddrico que causar\u00e1 estragos en las econom\u00edas, la producci\u00f3n de alimentos y las vidas, seg\u00fan un nuevo informe hist\u00f3rico difundido por CNN en espa\u00f1ol. D\u00e9cadas de uso destructivo de la tierra y la [&hellip;]\" \/>\n<meta property=\"og:url\" content=\"https:\/\/www.eldiario.net\/portal\/2024\/10\/21\/alerta-sistema-que-mueve-agua-por-la-tierra-esta-desequilibrado\/\" \/>\n<meta property=\"og:site_name\" content=\"El Diario - Bolivia\" \/>\n<meta property=\"article:publisher\" content=\"https:\/\/www.facebook.com\/eldiario.bolivia\/\" \/>\n<meta property=\"article:published_time\" content=\"2024-10-21T14:23:57+00:00\" \/>\n<meta property=\"article:modified_time\" content=\"2024-10-21T14:27:58+00:00\" \/>\n<meta property=\"og:image\" content=\"https:\/\/www.eldiario.net\/portal\/wp-content\/uploads\/2024\/10\/dfsdawdawd-e1729520626833.png\" \/>\n\t<meta property=\"og:image:width\" content=\"460\" \/>\n\t<meta property=\"og:image:height\" content=\"257\" \/>\n\t<meta property=\"og:image:type\" content=\"image\/png\" \/>\n<meta name=\"author\" content=\"Mariana Garnica\" \/>\n<meta name=\"twitter:card\" content=\"summary_large_image\" \/>\n<meta name=\"twitter:creator\" content=\"@eldiario_net\" \/>\n<meta name=\"twitter:site\" content=\"@eldiario_net\" \/>\n<meta name=\"twitter:label1\" content=\"Escrito por\" \/>\n\t<meta name=\"twitter:data1\" content=\"Mariana Garnica\" \/>\n\t<meta name=\"twitter:label2\" content=\"Tiempo de lectura\" \/>\n\t<meta name=\"twitter:data2\" content=\"1 minuto\" \/>\n<script type=\"application\/ld+json\" class=\"yoast-schema-graph\">{\"@context\":\"https:\\\/\\\/schema.org\",\"@graph\":[{\"@type\":\"Article\",\"@id\":\"https:\\\/\\\/www.eldiario.net\\\/portal\\\/2024\\\/10\\\/21\\\/alerta-sistema-que-mueve-agua-por-la-tierra-esta-desequilibrado\\\/#article\",\"isPartOf\":{\"@id\":\"https:\\\/\\\/www.eldiario.net\\\/portal\\\/2024\\\/10\\\/21\\\/alerta-sistema-que-mueve-agua-por-la-tierra-esta-desequilibrado\\\/\"},\"author\":{\"name\":\"Mariana Garnica\",\"@id\":\"https:\\\/\\\/www.eldiario.net\\\/portal\\\/#\\\/schema\\\/person\\\/b02ed27b456c3e0bd38941da92e05130\"},\"headline\":\"\u00a1Alerta! sistema que mueve agua por la Tierra est\u00e1 desequilibrado\",\"datePublished\":\"2024-10-21T14:23:57+00:00\",\"dateModified\":\"2024-10-21T14:27:58+00:00\",\"mainEntityOfPage\":{\"@id\":\"https:\\\/\\\/www.eldiario.net\\\/portal\\\/2024\\\/10\\\/21\\\/alerta-sistema-que-mueve-agua-por-la-tierra-esta-desequilibrado\\\/\"},\"wordCount\":167,\"publisher\":{\"@id\":\"https:\\\/\\\/www.eldiario.net\\\/portal\\\/#organization\"},\"image\":{\"@id\":\"https:\\\/\\\/www.eldiario.net\\\/portal\\\/2024\\\/10\\\/21\\\/alerta-sistema-que-mueve-agua-por-la-tierra-esta-desequilibrado\\\/#primaryimage\"},\"thumbnailUrl\":\"https:\\\/\\\/www.eldiario.net\\\/portal\\\/wp-content\\\/uploads\\\/2024\\\/10\\\/dfsdawdawd-e1729520626833.png\",\"articleSection\":[\"\u00daltima Hora\"],\"inLanguage\":\"es\"},{\"@type\":\"WebPage\",\"@id\":\"https:\\\/\\\/www.eldiario.net\\\/portal\\\/2024\\\/10\\\/21\\\/alerta-sistema-que-mueve-agua-por-la-tierra-esta-desequilibrado\\\/\",\"url\":\"https:\\\/\\\/www.eldiario.net\\\/portal\\\/2024\\\/10\\\/21\\\/alerta-sistema-que-mueve-agua-por-la-tierra-esta-desequilibrado\\\/\",\"name\":\"\u00a1Alerta! sistema que mueve agua por la Tierra est\u00e1 desequilibrado - El Diario - Bolivia\",\"isPartOf\":{\"@id\":\"https:\\\/\\\/www.eldiario.net\\\/portal\\\/#website\"},\"primaryImageOfPage\":{\"@id\":\"https:\\\/\\\/www.eldiario.net\\\/portal\\\/2024\\\/10\\\/21\\\/alerta-sistema-que-mueve-agua-por-la-tierra-esta-desequilibrado\\\/#primaryimage\"},\"image\":{\"@id\":\"https:\\\/\\\/www.eldiario.net\\\/portal\\\/2024\\\/10\\\/21\\\/alerta-sistema-que-mueve-agua-por-la-tierra-esta-desequilibrado\\\/#primaryimage\"},\"thumbnailUrl\":\"https:\\\/\\\/www.eldiario.net\\\/portal\\\/wp-content\\\/uploads\\\/2024\\\/10\\\/dfsdawdawd-e1729520626833.png\",\"datePublished\":\"2024-10-21T14:23:57+00:00\",\"dateModified\":\"2024-10-21T14:27:58+00:00\",\"breadcrumb\":{\"@id\":\"https:\\\/\\\/www.eldiario.net\\\/portal\\\/2024\\\/10\\\/21\\\/alerta-sistema-que-mueve-agua-por-la-tierra-esta-desequilibrado\\\/#breadcrumb\"},\"inLanguage\":\"es\",\"potentialAction\":[{\"@type\":\"ReadAction\",\"target\":[\"https:\\\/\\\/www.eldiario.net\\\/portal\\\/2024\\\/10\\\/21\\\/alerta-sistema-que-mueve-agua-por-la-tierra-esta-desequilibrado\\\/\"]}]},{\"@type\":\"ImageObject\",\"inLanguage\":\"es\",\"@id\":\"https:\\\/\\\/www.eldiario.net\\\/portal\\\/2024\\\/10\\\/21\\\/alerta-sistema-que-mueve-agua-por-la-tierra-esta-desequilibrado\\\/#primaryimage\",\"url\":\"https:\\\/\\\/www.eldiario.net\\\/portal\\\/wp-content\\\/uploads\\\/2024\\\/10\\\/dfsdawdawd-e1729520626833.png\",\"contentUrl\":\"https:\\\/\\\/www.eldiario.net\\\/portal\\\/wp-content\\\/uploads\\\/2024\\\/10\\\/dfsdawdawd-e1729520626833.png\",\"width\":460,\"height\":257},{\"@type\":\"BreadcrumbList\",\"@id\":\"https:\\\/\\\/www.eldiario.net\\\/portal\\\/2024\\\/10\\\/21\\\/alerta-sistema-que-mueve-agua-por-la-tierra-esta-desequilibrado\\\/#breadcrumb\",\"itemListElement\":[{\"@type\":\"ListItem\",\"position\":1,\"name\":\"Portada\",\"item\":\"https:\\\/\\\/www.eldiario.net\\\/portal\\\/\"},{\"@type\":\"ListItem\",\"position\":2,\"name\":\"\u00a1Alerta! sistema que mueve agua por la Tierra est\u00e1 desequilibrado\"}]},{\"@type\":\"WebSite\",\"@id\":\"https:\\\/\\\/www.eldiario.net\\\/portal\\\/#website\",\"url\":\"https:\\\/\\\/www.eldiario.net\\\/portal\\\/\",\"name\":\"El Diario - Decano de la prensa nacional\",\"description\":\"El Diario - Decano de la prensa nacional\",\"publisher\":{\"@id\":\"https:\\\/\\\/www.eldiario.net\\\/portal\\\/#organization\"},\"potentialAction\":[{\"@type\":\"SearchAction\",\"target\":{\"@type\":\"EntryPoint\",\"urlTemplate\":\"https:\\\/\\\/www.eldiario.net\\\/portal\\\/?s={search_term_string}\"},\"query-input\":{\"@type\":\"PropertyValueSpecification\",\"valueRequired\":true,\"valueName\":\"search_term_string\"}}],\"inLanguage\":\"es\"},{\"@type\":\"Organization\",\"@id\":\"https:\\\/\\\/www.eldiario.net\\\/portal\\\/#organization\",\"name\":\"El Diario - Decano de la prensa nacional\",\"url\":\"https:\\\/\\\/www.eldiario.net\\\/portal\\\/\",\"logo\":{\"@type\":\"ImageObject\",\"inLanguage\":\"es\",\"@id\":\"https:\\\/\\\/www.eldiario.net\\\/portal\\\/#\\\/schema\\\/logo\\\/image\\\/\",\"url\":\"https:\\\/\\\/www.eldiario.net\\\/portal\\\/wp-content\\\/uploads\\\/2023\\\/07\\\/logo_ED.jpg\",\"contentUrl\":\"https:\\\/\\\/www.eldiario.net\\\/portal\\\/wp-content\\\/uploads\\\/2023\\\/07\\\/logo_ED.jpg\",\"width\":272,\"height\":52,\"caption\":\"El Diario - Decano de la prensa nacional\"},\"image\":{\"@id\":\"https:\\\/\\\/www.eldiario.net\\\/portal\\\/#\\\/schema\\\/logo\\\/image\\\/\"},\"sameAs\":[\"https:\\\/\\\/www.facebook.com\\\/eldiario.bolivia\\\/\",\"https:\\\/\\\/x.com\\\/eldiario_net\"]},{\"@type\":\"Person\",\"@id\":\"https:\\\/\\\/www.eldiario.net\\\/portal\\\/#\\\/schema\\\/person\\\/b02ed27b456c3e0bd38941da92e05130\",\"name\":\"Mariana Garnica\",\"image\":{\"@type\":\"ImageObject\",\"inLanguage\":\"es\",\"@id\":\"https:\\\/\\\/secure.gravatar.com\\\/avatar\\\/41ff8773a042930478027d27070a9bf5dfb25b1f36d7245a4372dea1f9f295bf?s=96&d=mm&r=g\",\"url\":\"https:\\\/\\\/secure.gravatar.com\\\/avatar\\\/41ff8773a042930478027d27070a9bf5dfb25b1f36d7245a4372dea1f9f295bf?s=96&d=mm&r=g\",\"contentUrl\":\"https:\\\/\\\/secure.gravatar.com\\\/avatar\\\/41ff8773a042930478027d27070a9bf5dfb25b1f36d7245a4372dea1f9f295bf?s=96&d=mm&r=g\",\"caption\":\"Mariana Garnica\"},\"url\":\"https:\\\/\\\/www.eldiario.net\\\/portal\\\/author\\\/manzanita\\\/\"}]}<\/script>\n<!-- \/ Yoast SEO plugin. -->","yoast_head_json":{"title":"\u00a1Alerta! sistema que mueve agua por la Tierra est\u00e1 desequilibrado - El Diario - Bolivia","robots":{"index":"index","follow":"follow","max-snippet":"max-snippet:-1","max-image-preview":"max-image-preview:large","max-video-preview":"max-video-preview:-1"},"canonical":"https:\/\/www.eldiario.net\/portal\/2024\/10\/21\/alerta-sistema-que-mueve-agua-por-la-tierra-esta-desequilibrado\/","og_locale":"es_ES","og_type":"article","og_title":"\u00a1Alerta! sistema que mueve agua por la Tierra est\u00e1 desequilibrado - El Diario - Bolivia","og_description":"La humanidad ha desequilibrado el ciclo global del agua \u201cpor primera vez en la historia de la humanidad\u201d, alimentando un creciente desastre h\u00eddrico que causar\u00e1 estragos en las econom\u00edas, la producci\u00f3n de alimentos y las vidas, seg\u00fan un nuevo informe hist\u00f3rico difundido por CNN en espa\u00f1ol. D\u00e9cadas de uso destructivo de la tierra y la [&hellip;]","og_url":"https:\/\/www.eldiario.net\/portal\/2024\/10\/21\/alerta-sistema-que-mueve-agua-por-la-tierra-esta-desequilibrado\/","og_site_name":"El Diario - Bolivia","article_publisher":"https:\/\/www.facebook.com\/eldiario.bolivia\/","article_published_time":"2024-10-21T14:23:57+00:00","article_modified_time":"2024-10-21T14:27:58+00:00","og_image":[{"width":460,"height":257,"url":"https:\/\/www.eldiario.net\/portal\/wp-content\/uploads\/2024\/10\/dfsdawdawd-e1729520626833.png","type":"image\/png"}],"author":"Mariana Garnica","twitter_card":"summary_large_image","twitter_creator":"@eldiario_net","twitter_site":"@eldiario_net","twitter_misc":{"Escrito por":"Mariana Garnica","Tiempo de lectura":"1 minuto"},"schema":{"@context":"https:\/\/schema.org","@graph":[{"@type":"Article","@id":"https:\/\/www.eldiario.net\/portal\/2024\/10\/21\/alerta-sistema-que-mueve-agua-por-la-tierra-esta-desequilibrado\/#article","isPartOf":{"@id":"https:\/\/www.eldiario.net\/portal\/2024\/10\/21\/alerta-sistema-que-mueve-agua-por-la-tierra-esta-desequilibrado\/"},"author":{"name":"Mariana Garnica","@id":"https:\/\/www.eldiario.net\/portal\/#\/schema\/person\/b02ed27b456c3e0bd38941da92e05130"},"headline":"\u00a1Alerta! sistema que mueve agua por la Tierra est\u00e1 desequilibrado","datePublished":"2024-10-21T14:23:57+00:00","dateModified":"2024-10-21T14:27:58+00:00","mainEntityOfPage":{"@id":"https:\/\/www.eldiario.net\/portal\/2024\/10\/21\/alerta-sistema-que-mueve-agua-por-la-tierra-esta-desequilibrado\/"},"wordCount":167,"publisher":{"@id":"https:\/\/www.eldiario.net\/portal\/#organization"},"image":{"@id":"https:\/\/www.eldiario.net\/portal\/2024\/10\/21\/alerta-sistema-que-mueve-agua-por-la-tierra-esta-desequilibrado\/#primaryimage"},"thumbnailUrl":"https:\/\/www.eldiario.net\/portal\/wp-content\/uploads\/2024\/10\/dfsdawdawd-e1729520626833.png","articleSection":["\u00daltima Hora"],"inLanguage":"es"},{"@type":"WebPage","@id":"https:\/\/www.eldiario.net\/portal\/2024\/10\/21\/alerta-sistema-que-mueve-agua-por-la-tierra-esta-desequilibrado\/","url":"https:\/\/www.eldiario.net\/portal\/2024\/10\/21\/alerta-sistema-que-mueve-agua-por-la-tierra-esta-desequilibrado\/","name":"\u00a1Alerta! sistema que mueve agua por la Tierra est\u00e1 desequilibrado - El Diario - Bolivia","isPartOf":{"@id":"https:\/\/www.eldiario.net\/portal\/#website"},"primaryImageOfPage":{"@id":"https:\/\/www.eldiario.net\/portal\/2024\/10\/21\/alerta-sistema-que-mueve-agua-por-la-tierra-esta-desequilibrado\/#primaryimage"},"image":{"@id":"https:\/\/www.eldiario.net\/portal\/2024\/10\/21\/alerta-sistema-que-mueve-agua-por-la-tierra-esta-desequilibrado\/#primaryimage"},"thumbnailUrl":"https:\/\/www.eldiario.net\/portal\/wp-content\/uploads\/2024\/10\/dfsdawdawd-e1729520626833.png","datePublished":"2024-10-21T14:23:57+00:00","dateModified":"2024-10-21T14:27:58+00:00","breadcrumb":{"@id":"https:\/\/www.eldiario.net\/portal\/2024\/10\/21\/alerta-sistema-que-mueve-agua-por-la-tierra-esta-desequilibrado\/#breadcrumb"},"inLanguage":"es","potentialAction":[{"@type":"ReadAction","target":["https:\/\/www.eldiario.net\/portal\/2024\/10\/21\/alerta-sistema-que-mueve-agua-por-la-tierra-esta-desequilibrado\/"]}]},{"@type":"ImageObject","inLanguage":"es","@id":"https:\/\/www.eldiario.net\/portal\/2024\/10\/21\/alerta-sistema-que-mueve-agua-por-la-tierra-esta-desequilibrado\/#primaryimage","url":"https:\/\/www.eldiario.net\/portal\/wp-content\/uploads\/2024\/10\/dfsdawdawd-e1729520626833.png","contentUrl":"https:\/\/www.eldiario.net\/portal\/wp-content\/uploads\/2024\/10\/dfsdawdawd-e1729520626833.png","width":460,"height":257},{"@type":"BreadcrumbList","@id":"https:\/\/www.eldiario.net\/portal\/2024\/10\/21\/alerta-sistema-que-mueve-agua-por-la-tierra-esta-desequilibrado\/#breadcrumb","itemListElement":[{"@type":"ListItem","position":1,"name":"Portada","item":"https:\/\/www.eldiario.net\/portal\/"},{"@type":"ListItem","position":2,"name":"\u00a1Alerta! sistema que mueve agua por la Tierra est\u00e1 desequilibrado"}]},{"@type":"WebSite","@id":"https:\/\/www.eldiario.net\/portal\/#website","url":"https:\/\/www.eldiario.net\/portal\/","name":"El Diario - Decano de la prensa nacional","description":"El Diario - Decano de la prensa nacional","publisher":{"@id":"https:\/\/www.eldiario.net\/portal\/#organization"},"potentialAction":[{"@type":"SearchAction","target":{"@type":"EntryPoint","urlTemplate":"https:\/\/www.eldiario.net\/portal\/?s={search_term_string}"},"query-input":{"@type":"PropertyValueSpecification","valueRequired":true,"valueName":"search_term_string"}}],"inLanguage":"es"},{"@type":"Organization","@id":"https:\/\/www.eldiario.net\/portal\/#organization","name":"El Diario - Decano de la prensa nacional","url":"https:\/\/www.eldiario.net\/portal\/","logo":{"@type":"ImageObject","inLanguage":"es","@id":"https:\/\/www.eldiario.net\/portal\/#\/schema\/logo\/image\/","url":"https:\/\/www.eldiario.net\/portal\/wp-content\/uploads\/2023\/07\/logo_ED.jpg","contentUrl":"https:\/\/www.eldiario.net\/portal\/wp-content\/uploads\/2023\/07\/logo_ED.jpg","width":272,"height":52,"caption":"El Diario - Decano de la prensa nacional"},"image":{"@id":"https:\/\/www.eldiario.net\/portal\/#\/schema\/logo\/image\/"},"sameAs":["https:\/\/www.facebook.com\/eldiario.bolivia\/","https:\/\/x.com\/eldiario_net"]},{"@type":"Person","@id":"https:\/\/www.eldiario.net\/portal\/#\/schema\/person\/b02ed27b456c3e0bd38941da92e05130","name":"Mariana Garnica","image":{"@type":"ImageObject","inLanguage":"es","@id":"https:\/\/secure.gravatar.com\/avatar\/41ff8773a042930478027d27070a9bf5dfb25b1f36d7245a4372dea1f9f295bf?s=96&d=mm&r=g","url":"https:\/\/secure.gravatar.com\/avatar\/41ff8773a042930478027d27070a9bf5dfb25b1f36d7245a4372dea1f9f295bf?s=96&d=mm&r=g","contentUrl":"https:\/\/secure.gravatar.com\/avatar\/41ff8773a042930478027d27070a9bf5dfb25b1f36d7245a4372dea1f9f295bf?s=96&d=mm&r=g","caption":"Mariana Garnica"},"url":"https:\/\/www.eldiario.net\/portal\/author\/manzanita\/"}]}},"_links":{"self":[{"href":"https:\/\/www.eldiario.net\/portal\/wp-json\/wp\/v2\/posts\/255606","targetHints":{"allow":["GET"]}}],"collection":[{"href":"https:\/\/www.eldiario.net\/portal\/wp-json\/wp\/v2\/posts"}],"about":[{"href":"https:\/\/www.eldiario.net\/portal\/wp-json\/wp\/v2\/types\/post"}],"author":[{"embeddable":true,"href":"https:\/\/www.eldiario.net\/portal\/wp-json\/wp\/v2\/users\/6"}],"replies":[{"embeddable":true,"href":"https:\/\/www.eldiario.net\/portal\/wp-json\/wp\/v2\/comments?post=255606"}],"version-history":[{"count":1,"href":"https:\/\/www.eldiario.net\/portal\/wp-json\/wp\/v2\/posts\/255606\/revisions"}],"predecessor-version":[{"id":255608,"href":"https:\/\/www.eldiario.net\/portal\/wp-json\/wp\/v2\/posts\/255606\/revisions\/255608"}],"wp:featuredmedia":[{"embeddable":true,"href":"https:\/\/www.eldiario.net\/portal\/wp-json\/wp\/v2\/media\/255607"}],"wp:attachment":[{"href":"https:\/\/www.eldiario.net\/portal\/wp-json\/wp\/v2\/media?parent=255606"}],"wp:term":[{"taxonomy":"category","embeddable":true,"href":"https:\/\/www.eldiario.net\/portal\/wp-json\/wp\/v2\/categories?post=255606"},{"taxonomy":"post_tag","embeddable":true,"href":"https:\/\/www.eldiario.net\/portal\/wp-json\/wp\/v2\/tags?post=255606"}],"curies":[{"name":"wp","href":"https:\/\/api.w.org\/{rel}","templated":true}]}}