{"id":255362,"date":"2024-10-20T07:58:10","date_gmt":"2024-10-20T11:58:10","guid":{"rendered":"https:\/\/www.eldiario.net\/portal\/?p=255362"},"modified":"2024-10-20T07:58:10","modified_gmt":"2024-10-20T11:58:10","slug":"gobierno-de-arce-da-senales-de-buscar-imponer-una-dictadura","status":"publish","type":"post","link":"https:\/\/www.eldiario.net\/portal\/2024\/10\/20\/gobierno-de-arce-da-senales-de-buscar-imponer-una-dictadura\/","title":{"rendered":"Gobierno de Arce da se\u00f1ales de  buscar imponer una dictadura"},"content":{"rendered":"<p class=\"v1MsoNormal\"><span lang=\"ES-BO\">Luego de los recientes cambios en los altos mandos militar y policial y la cercan\u00eda del r\u00e9gimen con el Tribunal Constitucional\u00a0 Plurinacional (TCP) \u00abautoprorrogado\u00bb, el diputado por la agrupaci\u00f3n Creemos, Walthy Eg\u00fcez, afirm\u00f3 que el gobierno del presidente Luis Arce, est\u00e1 dando se\u00f1ales de buscar imponer una dictadura para mantenerse en el poder. <\/span><\/p>\n<p class=\"v1MsoNormal\"><span lang=\"ES-BO\">Seg\u00fan el diputado cruce\u00f1o, tanto las fuerzas del orden como el TCP son los instrumentos de coacci\u00f3n con los que el gobierno busca mantenerse en el poder, esa la razon de repentinos cambios y la coordinaci\u00f3n en materia judicial para perjudicar el avance de las elecciones judiciales. <\/span><\/p>\n<p class=\"v1MsoNormal\"><span lang=\"ES-BO\">\u00abHa hecho un inesperado cambio del alto mando policial, hace poco ha hecho un cambio del alto mando militar y hace rato que cogobierna con los auto-prorrogados (vocales del TCP), se est\u00e1 armando todo para implementar una dictadura. Debemos decirle que no va a poder porque el pueblo tiene ra\u00edces profundamente democr\u00e1ticas\u00bb, advirti\u00f3 el legislador nacional.<\/span><\/p>\n<p class=\"v1MsoNormal\"><span lang=\"ES-BO\">En esa l\u00ednea se\u00f1al\u00f3 que el pa\u00eds est\u00e1 en espera de las elecciones presidenciales del 2025 para un cambio de gobierno democr\u00e1ticamente y leg\u00edtimo para enfrentar con seriedad la crisis econ\u00f3mica, el descr\u00e9dito pol\u00edtico y el desprestigio de Bolivia ante la comunidad internacional.<\/span><\/p>\n<p class=\"v1MsoNormal\"><span lang=\"ES-BO\">\u00abEl pueblo est\u00e1 esperando las elecciones del 2025 para que Luis Arce se vaya a su casa por corrupto e incapaz en la administraci\u00f3n del Estado. Si pretende una dictadura hay pueblo que va a resistir que no se equivoque, sabemos que cuando las papas quemaron sali\u00f3 huyendo a esconderse en una embajada\u00bb, expres\u00f3.\u00a0 <\/span><\/p>\n<p class=\"v1MsoNormal\"><span lang=\"ES-BO\">En este sentido se\u00f1al\u00f3 que las elecciones de nuevas altas autoridades judiciales y de la Fiscal\u00eda General del Estado no son convenientes a los intereses del r\u00e9gimen, por lo que no escatiman esfuerzos para entorpecer ambos procesos democr\u00e1ticos. <\/span><\/p>\n<p class=\"v1MsoNormal\"><span lang=\"ES-BO\">Para Eg\u00fcez, el gobierno de Luis Arce \u00abquiere destruir el \u00d3rgano Legislativo\u00bb porque es el mayor espacio de resistencia al abuso de poder del gobierno que busca tomar el control de todos los \u00d3rganos del Estado y extend<\/span><\/p>\n","protected":false},"excerpt":{"rendered":"<p>Luego de los recientes cambios en los altos mandos militar y policial y la cercan\u00eda del r\u00e9gimen con el Tribunal Constitucional\u00a0 Plurinacional (TCP) \u00abautoprorrogado\u00bb, el diputado por la agrupaci\u00f3n Creemos, Walthy Eg\u00fcez, afirm\u00f3 que el gobierno del presidente Luis Arce, est\u00e1 dando se\u00f1ales de buscar imponer una dictadura para mantenerse en el poder. Seg\u00fan el [&hellip;]<\/p>\n","protected":false},"author":1,"featured_media":255363,"comment_status":"closed","ping_status":"open","sticky":false,"template":"","format":"standard","meta":{"_acf_changed":false,"footnotes":""},"categories":[14],"tags":[],"class_list":["post-255362","post","type-post","status-publish","format-standard","has-post-thumbnail","category-politica"],"acf":{"antetitulo":"Seg\u00fan diputado Walthy Eg\u00fcez"},"yoast_head":"<!-- This site is optimized with the Yoast SEO plugin v28.4 - https:\/\/yoast.com\/product\/yoast-seo-wordpress\/ -->\n<title>Gobierno de Arce da se\u00f1ales de buscar imponer una dictadura - El Diario - Bolivia<\/title>\n<meta name=\"robots\" content=\"index, follow, max-snippet:-1, max-image-preview:large, max-video-preview:-1\" \/>\n<link rel=\"canonical\" href=\"https:\/\/www.eldiario.net\/portal\/2024\/10\/20\/gobierno-de-arce-da-senales-de-buscar-imponer-una-dictadura\/\" \/>\n<meta property=\"og:locale\" content=\"es_ES\" \/>\n<meta property=\"og:type\" content=\"article\" \/>\n<meta property=\"og:title\" content=\"Gobierno de Arce da se\u00f1ales de buscar imponer una dictadura - El Diario - Bolivia\" \/>\n<meta property=\"og:description\" content=\"Luego de los recientes cambios en los altos mandos militar y policial y la cercan\u00eda del r\u00e9gimen con el Tribunal Constitucional\u00a0 Plurinacional (TCP) \u00abautoprorrogado\u00bb, el diputado por la agrupaci\u00f3n Creemos, Walthy Eg\u00fcez, afirm\u00f3 que el gobierno del presidente Luis Arce, est\u00e1 dando se\u00f1ales de buscar imponer una dictadura para mantenerse en el poder. Seg\u00fan el [&hellip;]\" \/>\n<meta property=\"og:url\" content=\"https:\/\/www.eldiario.net\/portal\/2024\/10\/20\/gobierno-de-arce-da-senales-de-buscar-imponer-una-dictadura\/\" \/>\n<meta property=\"og:site_name\" content=\"El Diario - Bolivia\" \/>\n<meta property=\"article:publisher\" content=\"https:\/\/www.facebook.com\/eldiario.bolivia\/\" \/>\n<meta property=\"article:published_time\" content=\"2024-10-20T11:58:10+00:00\" \/>\n<meta property=\"og:image\" content=\"https:\/\/www.eldiario.net\/portal\/wp-content\/uploads\/2024\/10\/41-POL-9.jpg\" \/>\n\t<meta property=\"og:image:width\" content=\"692\" \/>\n\t<meta property=\"og:image:height\" content=\"579\" \/>\n\t<meta property=\"og:image:type\" content=\"image\/jpeg\" \/>\n<meta name=\"author\" content=\"Jeanette\" \/>\n<meta name=\"twitter:card\" content=\"summary_large_image\" \/>\n<meta name=\"twitter:creator\" content=\"@eldiario_net\" \/>\n<meta name=\"twitter:site\" content=\"@eldiario_net\" \/>\n<meta name=\"twitter:label1\" content=\"Escrito por\" \/>\n\t<meta name=\"twitter:data1\" content=\"Jeanette\" \/>\n\t<meta name=\"twitter:label2\" content=\"Tiempo de lectura\" \/>\n\t<meta name=\"twitter:data2\" content=\"2 minutos\" \/>\n<script type=\"application\/ld+json\" class=\"yoast-schema-graph\">{\"@context\":\"https:\\\/\\\/schema.org\",\"@graph\":[{\"@type\":\"Article\",\"@id\":\"https:\\\/\\\/www.eldiario.net\\\/portal\\\/2024\\\/10\\\/20\\\/gobierno-de-arce-da-senales-de-buscar-imponer-una-dictadura\\\/#article\",\"isPartOf\":{\"@id\":\"https:\\\/\\\/www.eldiario.net\\\/portal\\\/2024\\\/10\\\/20\\\/gobierno-de-arce-da-senales-de-buscar-imponer-una-dictadura\\\/\"},\"author\":{\"name\":\"Jeanette\",\"@id\":\"https:\\\/\\\/www.eldiario.net\\\/portal\\\/#\\\/schema\\\/person\\\/2c57cf2b7a7ae032e449e4c9b1019eac\"},\"headline\":\"Gobierno de Arce da se\u00f1ales de buscar imponer una dictadura\",\"datePublished\":\"2024-10-20T11:58:10+00:00\",\"mainEntityOfPage\":{\"@id\":\"https:\\\/\\\/www.eldiario.net\\\/portal\\\/2024\\\/10\\\/20\\\/gobierno-de-arce-da-senales-de-buscar-imponer-una-dictadura\\\/\"},\"wordCount\":363,\"publisher\":{\"@id\":\"https:\\\/\\\/www.eldiario.net\\\/portal\\\/#organization\"},\"image\":{\"@id\":\"https:\\\/\\\/www.eldiario.net\\\/portal\\\/2024\\\/10\\\/20\\\/gobierno-de-arce-da-senales-de-buscar-imponer-una-dictadura\\\/#primaryimage\"},\"thumbnailUrl\":\"https:\\\/\\\/www.eldiario.net\\\/portal\\\/wp-content\\\/uploads\\\/2024\\\/10\\\/41-POL-9.jpg\",\"articleSection\":[\"Pol\u00edtica\"],\"inLanguage\":\"es\"},{\"@type\":\"WebPage\",\"@id\":\"https:\\\/\\\/www.eldiario.net\\\/portal\\\/2024\\\/10\\\/20\\\/gobierno-de-arce-da-senales-de-buscar-imponer-una-dictadura\\\/\",\"url\":\"https:\\\/\\\/www.eldiario.net\\\/portal\\\/2024\\\/10\\\/20\\\/gobierno-de-arce-da-senales-de-buscar-imponer-una-dictadura\\\/\",\"name\":\"Gobierno de Arce da se\u00f1ales de buscar imponer una dictadura - El Diario - Bolivia\",\"isPartOf\":{\"@id\":\"https:\\\/\\\/www.eldiario.net\\\/portal\\\/#website\"},\"primaryImageOfPage\":{\"@id\":\"https:\\\/\\\/www.eldiario.net\\\/portal\\\/2024\\\/10\\\/20\\\/gobierno-de-arce-da-senales-de-buscar-imponer-una-dictadura\\\/#primaryimage\"},\"image\":{\"@id\":\"https:\\\/\\\/www.eldiario.net\\\/portal\\\/2024\\\/10\\\/20\\\/gobierno-de-arce-da-senales-de-buscar-imponer-una-dictadura\\\/#primaryimage\"},\"thumbnailUrl\":\"https:\\\/\\\/www.eldiario.net\\\/portal\\\/wp-content\\\/uploads\\\/2024\\\/10\\\/41-POL-9.jpg\",\"datePublished\":\"2024-10-20T11:58:10+00:00\",\"breadcrumb\":{\"@id\":\"https:\\\/\\\/www.eldiario.net\\\/portal\\\/2024\\\/10\\\/20\\\/gobierno-de-arce-da-senales-de-buscar-imponer-una-dictadura\\\/#breadcrumb\"},\"inLanguage\":\"es\",\"potentialAction\":[{\"@type\":\"ReadAction\",\"target\":[\"https:\\\/\\\/www.eldiario.net\\\/portal\\\/2024\\\/10\\\/20\\\/gobierno-de-arce-da-senales-de-buscar-imponer-una-dictadura\\\/\"]}]},{\"@type\":\"ImageObject\",\"inLanguage\":\"es\",\"@id\":\"https:\\\/\\\/www.eldiario.net\\\/portal\\\/2024\\\/10\\\/20\\\/gobierno-de-arce-da-senales-de-buscar-imponer-una-dictadura\\\/#primaryimage\",\"url\":\"https:\\\/\\\/www.eldiario.net\\\/portal\\\/wp-content\\\/uploads\\\/2024\\\/10\\\/41-POL-9.jpg\",\"contentUrl\":\"https:\\\/\\\/www.eldiario.net\\\/portal\\\/wp-content\\\/uploads\\\/2024\\\/10\\\/41-POL-9.jpg\",\"width\":692,\"height\":579,\"caption\":\"Diputado Walthy Eg\u00fcez (Creemos) CR\u00c9DITOS \\\/ RRSS\"},{\"@type\":\"BreadcrumbList\",\"@id\":\"https:\\\/\\\/www.eldiario.net\\\/portal\\\/2024\\\/10\\\/20\\\/gobierno-de-arce-da-senales-de-buscar-imponer-una-dictadura\\\/#breadcrumb\",\"itemListElement\":[{\"@type\":\"ListItem\",\"position\":1,\"name\":\"Portada\",\"item\":\"https:\\\/\\\/www.eldiario.net\\\/portal\\\/\"},{\"@type\":\"ListItem\",\"position\":2,\"name\":\"Gobierno de Arce da se\u00f1ales de buscar imponer una dictadura\"}]},{\"@type\":\"WebSite\",\"@id\":\"https:\\\/\\\/www.eldiario.net\\\/portal\\\/#website\",\"url\":\"https:\\\/\\\/www.eldiario.net\\\/portal\\\/\",\"name\":\"El Diario - Decano de la prensa nacional\",\"description\":\"El Diario - Decano de la prensa nacional\",\"publisher\":{\"@id\":\"https:\\\/\\\/www.eldiario.net\\\/portal\\\/#organization\"},\"potentialAction\":[{\"@type\":\"SearchAction\",\"target\":{\"@type\":\"EntryPoint\",\"urlTemplate\":\"https:\\\/\\\/www.eldiario.net\\\/portal\\\/?s={search_term_string}\"},\"query-input\":{\"@type\":\"PropertyValueSpecification\",\"valueRequired\":true,\"valueName\":\"search_term_string\"}}],\"inLanguage\":\"es\"},{\"@type\":\"Organization\",\"@id\":\"https:\\\/\\\/www.eldiario.net\\\/portal\\\/#organization\",\"name\":\"El Diario - Decano de la prensa nacional\",\"url\":\"https:\\\/\\\/www.eldiario.net\\\/portal\\\/\",\"logo\":{\"@type\":\"ImageObject\",\"inLanguage\":\"es\",\"@id\":\"https:\\\/\\\/www.eldiario.net\\\/portal\\\/#\\\/schema\\\/logo\\\/image\\\/\",\"url\":\"https:\\\/\\\/www.eldiario.net\\\/portal\\\/wp-content\\\/uploads\\\/2023\\\/07\\\/logo_ED.jpg\",\"contentUrl\":\"https:\\\/\\\/www.eldiario.net\\\/portal\\\/wp-content\\\/uploads\\\/2023\\\/07\\\/logo_ED.jpg\",\"width\":272,\"height\":52,\"caption\":\"El Diario - Decano de la prensa nacional\"},\"image\":{\"@id\":\"https:\\\/\\\/www.eldiario.net\\\/portal\\\/#\\\/schema\\\/logo\\\/image\\\/\"},\"sameAs\":[\"https:\\\/\\\/www.facebook.com\\\/eldiario.bolivia\\\/\",\"https:\\\/\\\/x.com\\\/eldiario_net\"]},{\"@type\":\"Person\",\"@id\":\"https:\\\/\\\/www.eldiario.net\\\/portal\\\/#\\\/schema\\\/person\\\/2c57cf2b7a7ae032e449e4c9b1019eac\",\"name\":\"Jeanette\",\"image\":{\"@type\":\"ImageObject\",\"inLanguage\":\"es\",\"@id\":\"https:\\\/\\\/secure.gravatar.com\\\/avatar\\\/3ea2118a5f7dad2b7138b1187a6b7ee55f160b9968b66013c3a3ef39dd7e5798?s=96&d=mm&r=g\",\"url\":\"https:\\\/\\\/secure.gravatar.com\\\/avatar\\\/3ea2118a5f7dad2b7138b1187a6b7ee55f160b9968b66013c3a3ef39dd7e5798?s=96&d=mm&r=g\",\"contentUrl\":\"https:\\\/\\\/secure.gravatar.com\\\/avatar\\\/3ea2118a5f7dad2b7138b1187a6b7ee55f160b9968b66013c3a3ef39dd7e5798?s=96&d=mm&r=g\",\"caption\":\"Jeanette\"},\"sameAs\":[\"https:\\\/\\\/www.eldiario.net\\\/portal\"],\"url\":\"https:\\\/\\\/www.eldiario.net\\\/portal\\\/author\\\/jeanette\\\/\"}]}<\/script>\n<!-- \/ Yoast SEO plugin. -->","yoast_head_json":{"title":"Gobierno de Arce da se\u00f1ales de buscar imponer una dictadura - El Diario - Bolivia","robots":{"index":"index","follow":"follow","max-snippet":"max-snippet:-1","max-image-preview":"max-image-preview:large","max-video-preview":"max-video-preview:-1"},"canonical":"https:\/\/www.eldiario.net\/portal\/2024\/10\/20\/gobierno-de-arce-da-senales-de-buscar-imponer-una-dictadura\/","og_locale":"es_ES","og_type":"article","og_title":"Gobierno de Arce da se\u00f1ales de buscar imponer una dictadura - El Diario - Bolivia","og_description":"Luego de los recientes cambios en los altos mandos militar y policial y la cercan\u00eda del r\u00e9gimen con el Tribunal Constitucional\u00a0 Plurinacional (TCP) \u00abautoprorrogado\u00bb, el diputado por la agrupaci\u00f3n Creemos, Walthy Eg\u00fcez, afirm\u00f3 que el gobierno del presidente Luis Arce, est\u00e1 dando se\u00f1ales de buscar imponer una dictadura para mantenerse en el poder. Seg\u00fan el [&hellip;]","og_url":"https:\/\/www.eldiario.net\/portal\/2024\/10\/20\/gobierno-de-arce-da-senales-de-buscar-imponer-una-dictadura\/","og_site_name":"El Diario - Bolivia","article_publisher":"https:\/\/www.facebook.com\/eldiario.bolivia\/","article_published_time":"2024-10-20T11:58:10+00:00","og_image":[{"width":692,"height":579,"url":"https:\/\/www.eldiario.net\/portal\/wp-content\/uploads\/2024\/10\/41-POL-9.jpg","type":"image\/jpeg"}],"author":"Jeanette","twitter_card":"summary_large_image","twitter_creator":"@eldiario_net","twitter_site":"@eldiario_net","twitter_misc":{"Escrito por":"Jeanette","Tiempo de lectura":"2 minutos"},"schema":{"@context":"https:\/\/schema.org","@graph":[{"@type":"Article","@id":"https:\/\/www.eldiario.net\/portal\/2024\/10\/20\/gobierno-de-arce-da-senales-de-buscar-imponer-una-dictadura\/#article","isPartOf":{"@id":"https:\/\/www.eldiario.net\/portal\/2024\/10\/20\/gobierno-de-arce-da-senales-de-buscar-imponer-una-dictadura\/"},"author":{"name":"Jeanette","@id":"https:\/\/www.eldiario.net\/portal\/#\/schema\/person\/2c57cf2b7a7ae032e449e4c9b1019eac"},"headline":"Gobierno de Arce da se\u00f1ales de buscar imponer una dictadura","datePublished":"2024-10-20T11:58:10+00:00","mainEntityOfPage":{"@id":"https:\/\/www.eldiario.net\/portal\/2024\/10\/20\/gobierno-de-arce-da-senales-de-buscar-imponer-una-dictadura\/"},"wordCount":363,"publisher":{"@id":"https:\/\/www.eldiario.net\/portal\/#organization"},"image":{"@id":"https:\/\/www.eldiario.net\/portal\/2024\/10\/20\/gobierno-de-arce-da-senales-de-buscar-imponer-una-dictadura\/#primaryimage"},"thumbnailUrl":"https:\/\/www.eldiario.net\/portal\/wp-content\/uploads\/2024\/10\/41-POL-9.jpg","articleSection":["Pol\u00edtica"],"inLanguage":"es"},{"@type":"WebPage","@id":"https:\/\/www.eldiario.net\/portal\/2024\/10\/20\/gobierno-de-arce-da-senales-de-buscar-imponer-una-dictadura\/","url":"https:\/\/www.eldiario.net\/portal\/2024\/10\/20\/gobierno-de-arce-da-senales-de-buscar-imponer-una-dictadura\/","name":"Gobierno de Arce da se\u00f1ales de buscar imponer una dictadura - El Diario - Bolivia","isPartOf":{"@id":"https:\/\/www.eldiario.net\/portal\/#website"},"primaryImageOfPage":{"@id":"https:\/\/www.eldiario.net\/portal\/2024\/10\/20\/gobierno-de-arce-da-senales-de-buscar-imponer-una-dictadura\/#primaryimage"},"image":{"@id":"https:\/\/www.eldiario.net\/portal\/2024\/10\/20\/gobierno-de-arce-da-senales-de-buscar-imponer-una-dictadura\/#primaryimage"},"thumbnailUrl":"https:\/\/www.eldiario.net\/portal\/wp-content\/uploads\/2024\/10\/41-POL-9.jpg","datePublished":"2024-10-20T11:58:10+00:00","breadcrumb":{"@id":"https:\/\/www.eldiario.net\/portal\/2024\/10\/20\/gobierno-de-arce-da-senales-de-buscar-imponer-una-dictadura\/#breadcrumb"},"inLanguage":"es","potentialAction":[{"@type":"ReadAction","target":["https:\/\/www.eldiario.net\/portal\/2024\/10\/20\/gobierno-de-arce-da-senales-de-buscar-imponer-una-dictadura\/"]}]},{"@type":"ImageObject","inLanguage":"es","@id":"https:\/\/www.eldiario.net\/portal\/2024\/10\/20\/gobierno-de-arce-da-senales-de-buscar-imponer-una-dictadura\/#primaryimage","url":"https:\/\/www.eldiario.net\/portal\/wp-content\/uploads\/2024\/10\/41-POL-9.jpg","contentUrl":"https:\/\/www.eldiario.net\/portal\/wp-content\/uploads\/2024\/10\/41-POL-9.jpg","width":692,"height":579,"caption":"Diputado Walthy Eg\u00fcez (Creemos) CR\u00c9DITOS \/ RRSS"},{"@type":"BreadcrumbList","@id":"https:\/\/www.eldiario.net\/portal\/2024\/10\/20\/gobierno-de-arce-da-senales-de-buscar-imponer-una-dictadura\/#breadcrumb","itemListElement":[{"@type":"ListItem","position":1,"name":"Portada","item":"https:\/\/www.eldiario.net\/portal\/"},{"@type":"ListItem","position":2,"name":"Gobierno de Arce da se\u00f1ales de buscar imponer una dictadura"}]},{"@type":"WebSite","@id":"https:\/\/www.eldiario.net\/portal\/#website","url":"https:\/\/www.eldiario.net\/portal\/","name":"El Diario - Decano de la prensa nacional","description":"El Diario - Decano de la prensa nacional","publisher":{"@id":"https:\/\/www.eldiario.net\/portal\/#organization"},"potentialAction":[{"@type":"SearchAction","target":{"@type":"EntryPoint","urlTemplate":"https:\/\/www.eldiario.net\/portal\/?s={search_term_string}"},"query-input":{"@type":"PropertyValueSpecification","valueRequired":true,"valueName":"search_term_string"}}],"inLanguage":"es"},{"@type":"Organization","@id":"https:\/\/www.eldiario.net\/portal\/#organization","name":"El Diario - Decano de la prensa nacional","url":"https:\/\/www.eldiario.net\/portal\/","logo":{"@type":"ImageObject","inLanguage":"es","@id":"https:\/\/www.eldiario.net\/portal\/#\/schema\/logo\/image\/","url":"https:\/\/www.eldiario.net\/portal\/wp-content\/uploads\/2023\/07\/logo_ED.jpg","contentUrl":"https:\/\/www.eldiario.net\/portal\/wp-content\/uploads\/2023\/07\/logo_ED.jpg","width":272,"height":52,"caption":"El Diario - Decano de la prensa nacional"},"image":{"@id":"https:\/\/www.eldiario.net\/portal\/#\/schema\/logo\/image\/"},"sameAs":["https:\/\/www.facebook.com\/eldiario.bolivia\/","https:\/\/x.com\/eldiario_net"]},{"@type":"Person","@id":"https:\/\/www.eldiario.net\/portal\/#\/schema\/person\/2c57cf2b7a7ae032e449e4c9b1019eac","name":"Jeanette","image":{"@type":"ImageObject","inLanguage":"es","@id":"https:\/\/secure.gravatar.com\/avatar\/3ea2118a5f7dad2b7138b1187a6b7ee55f160b9968b66013c3a3ef39dd7e5798?s=96&d=mm&r=g","url":"https:\/\/secure.gravatar.com\/avatar\/3ea2118a5f7dad2b7138b1187a6b7ee55f160b9968b66013c3a3ef39dd7e5798?s=96&d=mm&r=g","contentUrl":"https:\/\/secure.gravatar.com\/avatar\/3ea2118a5f7dad2b7138b1187a6b7ee55f160b9968b66013c3a3ef39dd7e5798?s=96&d=mm&r=g","caption":"Jeanette"},"sameAs":["https:\/\/www.eldiario.net\/portal"],"url":"https:\/\/www.eldiario.net\/portal\/author\/jeanette\/"}]}},"_links":{"self":[{"href":"https:\/\/www.eldiario.net\/portal\/wp-json\/wp\/v2\/posts\/255362","targetHints":{"allow":["GET"]}}],"collection":[{"href":"https:\/\/www.eldiario.net\/portal\/wp-json\/wp\/v2\/posts"}],"about":[{"href":"https:\/\/www.eldiario.net\/portal\/wp-json\/wp\/v2\/types\/post"}],"author":[{"embeddable":true,"href":"https:\/\/www.eldiario.net\/portal\/wp-json\/wp\/v2\/users\/1"}],"replies":[{"embeddable":true,"href":"https:\/\/www.eldiario.net\/portal\/wp-json\/wp\/v2\/comments?post=255362"}],"version-history":[{"count":1,"href":"https:\/\/www.eldiario.net\/portal\/wp-json\/wp\/v2\/posts\/255362\/revisions"}],"predecessor-version":[{"id":255364,"href":"https:\/\/www.eldiario.net\/portal\/wp-json\/wp\/v2\/posts\/255362\/revisions\/255364"}],"wp:featuredmedia":[{"embeddable":true,"href":"https:\/\/www.eldiario.net\/portal\/wp-json\/wp\/v2\/media\/255363"}],"wp:attachment":[{"href":"https:\/\/www.eldiario.net\/portal\/wp-json\/wp\/v2\/media?parent=255362"}],"wp:term":[{"taxonomy":"category","embeddable":true,"href":"https:\/\/www.eldiario.net\/portal\/wp-json\/wp\/v2\/categories?post=255362"},{"taxonomy":"post_tag","embeddable":true,"href":"https:\/\/www.eldiario.net\/portal\/wp-json\/wp\/v2\/tags?post=255362"}],"curies":[{"name":"wp","href":"https:\/\/api.w.org\/{rel}","templated":true}]}}