{"id":25426,"date":"2021-08-24T06:25:24","date_gmt":"2021-08-24T10:25:24","guid":{"rendered":"https:\/\/www.eldiario.net\/portal\/?p=25426"},"modified":"2021-08-24T06:25:24","modified_gmt":"2021-08-24T10:25:24","slug":"cooperativistas-auriferas-de-la-paz-ratifican-inicio-de-movilizaciones","status":"publish","type":"post","link":"https:\/\/www.eldiario.net\/portal\/2021\/08\/24\/cooperativistas-auriferas-de-la-paz-ratifican-inicio-de-movilizaciones\/","title":{"rendered":"Cooperativistas aur\u00edferas de La Paz ratifican inicio de movilizaciones"},"content":{"rendered":"<p>Los cooperativistas aur\u00edferos del norte pace\u00f1o, afiliados a Ferreco y Fecoman, ratificaron el inicio de movilizaciones debido a que el Ministerio de Miner\u00eda y sus dependencias no atendieron sus demandas, entre ellas resolver el tema de avasallamientos en la poblaci\u00f3n de Mapiri.<\/p>\n<p>El vicepresidente de Ferreco, Roger Coata, inform\u00f3 a Erbol que el mi\u00e9rcoles se cumplir\u00e1 una jornada de movilizaciones en la ciudad de La Paz, con marchas que se unir\u00e1n en gran cabildo en plaza San Francisco, donde iniciar\u00e1n una serie de protestas y en paralelo exigir\u00e1n dialogar con el presidente Luis Arce.<\/p>\n<p>Explic\u00f3 que desde marzo de este a\u00f1o vienen sosteniendo varias reuniones con autoridades de gobierno y, lamentablemente, ninguna de ellas dio curso a sus demandas, motivo por el cual las bases decidieron \u201ccercar la ciudad de La Paz\u201d despu\u00e9s del cabildo programado.<\/p>\n<p>Advirti\u00f3 que si el presidente Arce no los convoca se declarar\u00e1n en huelga de hambre en La Paz durante tres d\u00edas y si no logran ser escuchados tienen programado un bloqueo nacional de caminos.<\/p>\n<p>Los cooperativistas aur\u00edferos exigir\u00e1n el cambio del ministro de Miner\u00eda, viceministros, directores en general, directores de la AJAM y Senarecom por desconocer la realidad del sector cooperativo aur\u00edfero y los perjuicios que est\u00e1n generando al departamento de La Paz al distribuir las regal\u00edas a otros departamentos.<\/p>\n<p>Entre otras exigencias se encuentra el proyecto de ley que crea el Seguro de Salud trancada por el Senado Nacional, pese que todas las observaciones fueron atendidas en la C\u00e1mara de Diputados.<\/p>\n<p>Tampoco se aprueba la personer\u00eda jur\u00eddica para la creaci\u00f3n de la Federaci\u00f3n de Cooperativas Mineras Aur\u00edferas de Bolivia (Fecmabol) que une a Fecoman y Ferreco. No se toma en cuenta el nuevo proyecto de ley de r\u00e9gimen impositivo que va a casado al proyecto de Ley del Oro y, finalmente, la modificaci\u00f3n del art\u00edculo 151 de la Ley 535 de Miner\u00eda y Metalurgia por ser discriminatorio.<\/p>\n<p>Aseguran que, por efecto de ese art\u00edculo, solo los empresarios pueden captar recursos de inversi\u00f3n privada y no as\u00ed las cooperativas. La otra demanda es la excesiva burocracia de la AJAM que tranca todas las solicitudes de adecuaci\u00f3n para la firma de contratos administrativos mineros, lo cual tambi\u00e9n perjudica el desarrollo de sus actividades productivas. Erbol<\/p>\n<p>&nbsp;<\/p>\n","protected":false},"excerpt":{"rendered":"<p>Los cooperativistas aur\u00edferos del norte pace\u00f1o, afiliados a Ferreco y Fecoman, ratificaron el inicio de movilizaciones debido a que el Ministerio de Miner\u00eda y sus dependencias no atendieron sus demandas, entre ellas resolver el tema de avasallamientos en la poblaci\u00f3n de Mapiri. El vicepresidente de Ferreco, Roger Coata, inform\u00f3 a Erbol que el mi\u00e9rcoles se [&hellip;]<\/p>\n","protected":false},"author":1,"featured_media":25427,"comment_status":"closed","ping_status":"closed","sticky":false,"template":"","format":"standard","meta":{"_acf_changed":false,"footnotes":""},"categories":[7],"tags":[],"class_list":["post-25426","post","type-post","status-publish","format-standard","has-post-thumbnail","category-economia"],"acf":{"antetitulo":""},"yoast_head":"<!-- This site is optimized with the Yoast SEO plugin v28.4 - https:\/\/yoast.com\/product\/yoast-seo-wordpress\/ -->\n<title>Cooperativistas aur\u00edferas de La Paz ratifican inicio de movilizaciones - El Diario - Bolivia<\/title>\n<meta name=\"robots\" content=\"index, follow, max-snippet:-1, max-image-preview:large, max-video-preview:-1\" \/>\n<link rel=\"canonical\" href=\"https:\/\/www.eldiario.net\/portal\/2021\/08\/24\/cooperativistas-auriferas-de-la-paz-ratifican-inicio-de-movilizaciones\/\" \/>\n<meta property=\"og:locale\" content=\"es_ES\" \/>\n<meta property=\"og:type\" content=\"article\" \/>\n<meta property=\"og:title\" content=\"Cooperativistas aur\u00edferas de La Paz ratifican inicio de movilizaciones - El Diario - Bolivia\" \/>\n<meta property=\"og:description\" content=\"Los cooperativistas aur\u00edferos del norte pace\u00f1o, afiliados a Ferreco y Fecoman, ratificaron el inicio de movilizaciones debido a que el Ministerio de Miner\u00eda y sus dependencias no atendieron sus demandas, entre ellas resolver el tema de avasallamientos en la poblaci\u00f3n de Mapiri. El vicepresidente de Ferreco, Roger Coata, inform\u00f3 a Erbol que el mi\u00e9rcoles se [&hellip;]\" \/>\n<meta property=\"og:url\" content=\"https:\/\/www.eldiario.net\/portal\/2021\/08\/24\/cooperativistas-auriferas-de-la-paz-ratifican-inicio-de-movilizaciones\/\" \/>\n<meta property=\"og:site_name\" content=\"El Diario - Bolivia\" \/>\n<meta property=\"article:publisher\" content=\"https:\/\/www.facebook.com\/eldiario.bolivia\/\" \/>\n<meta property=\"article:published_time\" content=\"2021-08-24T10:25:24+00:00\" \/>\n<meta name=\"author\" content=\"Jeanette\" \/>\n<meta name=\"twitter:card\" content=\"summary_large_image\" \/>\n<meta name=\"twitter:creator\" content=\"@eldiario_net\" \/>\n<meta name=\"twitter:site\" content=\"@eldiario_net\" \/>\n<meta name=\"twitter:label1\" content=\"Escrito por\" \/>\n\t<meta name=\"twitter:data1\" content=\"Jeanette\" \/>\n\t<meta name=\"twitter:label2\" content=\"Tiempo de lectura\" \/>\n\t<meta name=\"twitter:data2\" content=\"2 minutos\" \/>\n<script type=\"application\/ld+json\" class=\"yoast-schema-graph\">{\"@context\":\"https:\\\/\\\/schema.org\",\"@graph\":[{\"@type\":\"Article\",\"@id\":\"https:\\\/\\\/www.eldiario.net\\\/portal\\\/2021\\\/08\\\/24\\\/cooperativistas-auriferas-de-la-paz-ratifican-inicio-de-movilizaciones\\\/#article\",\"isPartOf\":{\"@id\":\"https:\\\/\\\/www.eldiario.net\\\/portal\\\/2021\\\/08\\\/24\\\/cooperativistas-auriferas-de-la-paz-ratifican-inicio-de-movilizaciones\\\/\"},\"author\":{\"name\":\"Jeanette\",\"@id\":\"https:\\\/\\\/www.eldiario.net\\\/portal\\\/#\\\/schema\\\/person\\\/2c57cf2b7a7ae032e449e4c9b1019eac\"},\"headline\":\"Cooperativistas aur\u00edferas de La Paz ratifican inicio de movilizaciones\",\"datePublished\":\"2021-08-24T10:25:24+00:00\",\"mainEntityOfPage\":{\"@id\":\"https:\\\/\\\/www.eldiario.net\\\/portal\\\/2021\\\/08\\\/24\\\/cooperativistas-auriferas-de-la-paz-ratifican-inicio-de-movilizaciones\\\/\"},\"wordCount\":411,\"publisher\":{\"@id\":\"https:\\\/\\\/www.eldiario.net\\\/portal\\\/#organization\"},\"image\":{\"@id\":\"https:\\\/\\\/www.eldiario.net\\\/portal\\\/2021\\\/08\\\/24\\\/cooperativistas-auriferas-de-la-paz-ratifican-inicio-de-movilizaciones\\\/#primaryimage\"},\"thumbnailUrl\":\"\",\"articleSection\":[\"Econom\u00eda\"],\"inLanguage\":\"es\"},{\"@type\":\"WebPage\",\"@id\":\"https:\\\/\\\/www.eldiario.net\\\/portal\\\/2021\\\/08\\\/24\\\/cooperativistas-auriferas-de-la-paz-ratifican-inicio-de-movilizaciones\\\/\",\"url\":\"https:\\\/\\\/www.eldiario.net\\\/portal\\\/2021\\\/08\\\/24\\\/cooperativistas-auriferas-de-la-paz-ratifican-inicio-de-movilizaciones\\\/\",\"name\":\"Cooperativistas aur\u00edferas de La Paz ratifican inicio de movilizaciones - El Diario - Bolivia\",\"isPartOf\":{\"@id\":\"https:\\\/\\\/www.eldiario.net\\\/portal\\\/#website\"},\"primaryImageOfPage\":{\"@id\":\"https:\\\/\\\/www.eldiario.net\\\/portal\\\/2021\\\/08\\\/24\\\/cooperativistas-auriferas-de-la-paz-ratifican-inicio-de-movilizaciones\\\/#primaryimage\"},\"image\":{\"@id\":\"https:\\\/\\\/www.eldiario.net\\\/portal\\\/2021\\\/08\\\/24\\\/cooperativistas-auriferas-de-la-paz-ratifican-inicio-de-movilizaciones\\\/#primaryimage\"},\"thumbnailUrl\":\"\",\"datePublished\":\"2021-08-24T10:25:24+00:00\",\"breadcrumb\":{\"@id\":\"https:\\\/\\\/www.eldiario.net\\\/portal\\\/2021\\\/08\\\/24\\\/cooperativistas-auriferas-de-la-paz-ratifican-inicio-de-movilizaciones\\\/#breadcrumb\"},\"inLanguage\":\"es\",\"potentialAction\":[{\"@type\":\"ReadAction\",\"target\":[\"https:\\\/\\\/www.eldiario.net\\\/portal\\\/2021\\\/08\\\/24\\\/cooperativistas-auriferas-de-la-paz-ratifican-inicio-de-movilizaciones\\\/\"]}]},{\"@type\":\"ImageObject\",\"inLanguage\":\"es\",\"@id\":\"https:\\\/\\\/www.eldiario.net\\\/portal\\\/2021\\\/08\\\/24\\\/cooperativistas-auriferas-de-la-paz-ratifican-inicio-de-movilizaciones\\\/#primaryimage\",\"url\":\"\",\"contentUrl\":\"\"},{\"@type\":\"BreadcrumbList\",\"@id\":\"https:\\\/\\\/www.eldiario.net\\\/portal\\\/2021\\\/08\\\/24\\\/cooperativistas-auriferas-de-la-paz-ratifican-inicio-de-movilizaciones\\\/#breadcrumb\",\"itemListElement\":[{\"@type\":\"ListItem\",\"position\":1,\"name\":\"Portada\",\"item\":\"https:\\\/\\\/www.eldiario.net\\\/portal\\\/\"},{\"@type\":\"ListItem\",\"position\":2,\"name\":\"Cooperativistas aur\u00edferas de La Paz ratifican inicio de movilizaciones\"}]},{\"@type\":\"WebSite\",\"@id\":\"https:\\\/\\\/www.eldiario.net\\\/portal\\\/#website\",\"url\":\"https:\\\/\\\/www.eldiario.net\\\/portal\\\/\",\"name\":\"El Diario - Decano de la prensa nacional\",\"description\":\"El Diario - Decano de la prensa nacional\",\"publisher\":{\"@id\":\"https:\\\/\\\/www.eldiario.net\\\/portal\\\/#organization\"},\"potentialAction\":[{\"@type\":\"SearchAction\",\"target\":{\"@type\":\"EntryPoint\",\"urlTemplate\":\"https:\\\/\\\/www.eldiario.net\\\/portal\\\/?s={search_term_string}\"},\"query-input\":{\"@type\":\"PropertyValueSpecification\",\"valueRequired\":true,\"valueName\":\"search_term_string\"}}],\"inLanguage\":\"es\"},{\"@type\":\"Organization\",\"@id\":\"https:\\\/\\\/www.eldiario.net\\\/portal\\\/#organization\",\"name\":\"El Diario - Decano de la prensa nacional\",\"url\":\"https:\\\/\\\/www.eldiario.net\\\/portal\\\/\",\"logo\":{\"@type\":\"ImageObject\",\"inLanguage\":\"es\",\"@id\":\"https:\\\/\\\/www.eldiario.net\\\/portal\\\/#\\\/schema\\\/logo\\\/image\\\/\",\"url\":\"https:\\\/\\\/www.eldiario.net\\\/portal\\\/wp-content\\\/uploads\\\/2023\\\/07\\\/logo_ED.jpg\",\"contentUrl\":\"https:\\\/\\\/www.eldiario.net\\\/portal\\\/wp-content\\\/uploads\\\/2023\\\/07\\\/logo_ED.jpg\",\"width\":272,\"height\":52,\"caption\":\"El Diario - Decano de la prensa nacional\"},\"image\":{\"@id\":\"https:\\\/\\\/www.eldiario.net\\\/portal\\\/#\\\/schema\\\/logo\\\/image\\\/\"},\"sameAs\":[\"https:\\\/\\\/www.facebook.com\\\/eldiario.bolivia\\\/\",\"https:\\\/\\\/x.com\\\/eldiario_net\"]},{\"@type\":\"Person\",\"@id\":\"https:\\\/\\\/www.eldiario.net\\\/portal\\\/#\\\/schema\\\/person\\\/2c57cf2b7a7ae032e449e4c9b1019eac\",\"name\":\"Jeanette\",\"image\":{\"@type\":\"ImageObject\",\"inLanguage\":\"es\",\"@id\":\"https:\\\/\\\/secure.gravatar.com\\\/avatar\\\/3ea2118a5f7dad2b7138b1187a6b7ee55f160b9968b66013c3a3ef39dd7e5798?s=96&d=mm&r=g\",\"url\":\"https:\\\/\\\/secure.gravatar.com\\\/avatar\\\/3ea2118a5f7dad2b7138b1187a6b7ee55f160b9968b66013c3a3ef39dd7e5798?s=96&d=mm&r=g\",\"contentUrl\":\"https:\\\/\\\/secure.gravatar.com\\\/avatar\\\/3ea2118a5f7dad2b7138b1187a6b7ee55f160b9968b66013c3a3ef39dd7e5798?s=96&d=mm&r=g\",\"caption\":\"Jeanette\"},\"sameAs\":[\"https:\\\/\\\/www.eldiario.net\\\/portal\"],\"url\":\"https:\\\/\\\/www.eldiario.net\\\/portal\\\/author\\\/jeanette\\\/\"}]}<\/script>\n<!-- \/ Yoast SEO plugin. -->","yoast_head_json":{"title":"Cooperativistas aur\u00edferas de La Paz ratifican inicio de movilizaciones - El Diario - Bolivia","robots":{"index":"index","follow":"follow","max-snippet":"max-snippet:-1","max-image-preview":"max-image-preview:large","max-video-preview":"max-video-preview:-1"},"canonical":"https:\/\/www.eldiario.net\/portal\/2021\/08\/24\/cooperativistas-auriferas-de-la-paz-ratifican-inicio-de-movilizaciones\/","og_locale":"es_ES","og_type":"article","og_title":"Cooperativistas aur\u00edferas de La Paz ratifican inicio de movilizaciones - El Diario - Bolivia","og_description":"Los cooperativistas aur\u00edferos del norte pace\u00f1o, afiliados a Ferreco y Fecoman, ratificaron el inicio de movilizaciones debido a que el Ministerio de Miner\u00eda y sus dependencias no atendieron sus demandas, entre ellas resolver el tema de avasallamientos en la poblaci\u00f3n de Mapiri. El vicepresidente de Ferreco, Roger Coata, inform\u00f3 a Erbol que el mi\u00e9rcoles se [&hellip;]","og_url":"https:\/\/www.eldiario.net\/portal\/2021\/08\/24\/cooperativistas-auriferas-de-la-paz-ratifican-inicio-de-movilizaciones\/","og_site_name":"El Diario - Bolivia","article_publisher":"https:\/\/www.facebook.com\/eldiario.bolivia\/","article_published_time":"2021-08-24T10:25:24+00:00","author":"Jeanette","twitter_card":"summary_large_image","twitter_creator":"@eldiario_net","twitter_site":"@eldiario_net","twitter_misc":{"Escrito por":"Jeanette","Tiempo de lectura":"2 minutos"},"schema":{"@context":"https:\/\/schema.org","@graph":[{"@type":"Article","@id":"https:\/\/www.eldiario.net\/portal\/2021\/08\/24\/cooperativistas-auriferas-de-la-paz-ratifican-inicio-de-movilizaciones\/#article","isPartOf":{"@id":"https:\/\/www.eldiario.net\/portal\/2021\/08\/24\/cooperativistas-auriferas-de-la-paz-ratifican-inicio-de-movilizaciones\/"},"author":{"name":"Jeanette","@id":"https:\/\/www.eldiario.net\/portal\/#\/schema\/person\/2c57cf2b7a7ae032e449e4c9b1019eac"},"headline":"Cooperativistas aur\u00edferas de La Paz ratifican inicio de movilizaciones","datePublished":"2021-08-24T10:25:24+00:00","mainEntityOfPage":{"@id":"https:\/\/www.eldiario.net\/portal\/2021\/08\/24\/cooperativistas-auriferas-de-la-paz-ratifican-inicio-de-movilizaciones\/"},"wordCount":411,"publisher":{"@id":"https:\/\/www.eldiario.net\/portal\/#organization"},"image":{"@id":"https:\/\/www.eldiario.net\/portal\/2021\/08\/24\/cooperativistas-auriferas-de-la-paz-ratifican-inicio-de-movilizaciones\/#primaryimage"},"thumbnailUrl":"","articleSection":["Econom\u00eda"],"inLanguage":"es"},{"@type":"WebPage","@id":"https:\/\/www.eldiario.net\/portal\/2021\/08\/24\/cooperativistas-auriferas-de-la-paz-ratifican-inicio-de-movilizaciones\/","url":"https:\/\/www.eldiario.net\/portal\/2021\/08\/24\/cooperativistas-auriferas-de-la-paz-ratifican-inicio-de-movilizaciones\/","name":"Cooperativistas aur\u00edferas de La Paz ratifican inicio de movilizaciones - El Diario - Bolivia","isPartOf":{"@id":"https:\/\/www.eldiario.net\/portal\/#website"},"primaryImageOfPage":{"@id":"https:\/\/www.eldiario.net\/portal\/2021\/08\/24\/cooperativistas-auriferas-de-la-paz-ratifican-inicio-de-movilizaciones\/#primaryimage"},"image":{"@id":"https:\/\/www.eldiario.net\/portal\/2021\/08\/24\/cooperativistas-auriferas-de-la-paz-ratifican-inicio-de-movilizaciones\/#primaryimage"},"thumbnailUrl":"","datePublished":"2021-08-24T10:25:24+00:00","breadcrumb":{"@id":"https:\/\/www.eldiario.net\/portal\/2021\/08\/24\/cooperativistas-auriferas-de-la-paz-ratifican-inicio-de-movilizaciones\/#breadcrumb"},"inLanguage":"es","potentialAction":[{"@type":"ReadAction","target":["https:\/\/www.eldiario.net\/portal\/2021\/08\/24\/cooperativistas-auriferas-de-la-paz-ratifican-inicio-de-movilizaciones\/"]}]},{"@type":"ImageObject","inLanguage":"es","@id":"https:\/\/www.eldiario.net\/portal\/2021\/08\/24\/cooperativistas-auriferas-de-la-paz-ratifican-inicio-de-movilizaciones\/#primaryimage","url":"","contentUrl":""},{"@type":"BreadcrumbList","@id":"https:\/\/www.eldiario.net\/portal\/2021\/08\/24\/cooperativistas-auriferas-de-la-paz-ratifican-inicio-de-movilizaciones\/#breadcrumb","itemListElement":[{"@type":"ListItem","position":1,"name":"Portada","item":"https:\/\/www.eldiario.net\/portal\/"},{"@type":"ListItem","position":2,"name":"Cooperativistas aur\u00edferas de La Paz ratifican inicio de movilizaciones"}]},{"@type":"WebSite","@id":"https:\/\/www.eldiario.net\/portal\/#website","url":"https:\/\/www.eldiario.net\/portal\/","name":"El Diario - Decano de la prensa nacional","description":"El Diario - Decano de la prensa nacional","publisher":{"@id":"https:\/\/www.eldiario.net\/portal\/#organization"},"potentialAction":[{"@type":"SearchAction","target":{"@type":"EntryPoint","urlTemplate":"https:\/\/www.eldiario.net\/portal\/?s={search_term_string}"},"query-input":{"@type":"PropertyValueSpecification","valueRequired":true,"valueName":"search_term_string"}}],"inLanguage":"es"},{"@type":"Organization","@id":"https:\/\/www.eldiario.net\/portal\/#organization","name":"El Diario - Decano de la prensa nacional","url":"https:\/\/www.eldiario.net\/portal\/","logo":{"@type":"ImageObject","inLanguage":"es","@id":"https:\/\/www.eldiario.net\/portal\/#\/schema\/logo\/image\/","url":"https:\/\/www.eldiario.net\/portal\/wp-content\/uploads\/2023\/07\/logo_ED.jpg","contentUrl":"https:\/\/www.eldiario.net\/portal\/wp-content\/uploads\/2023\/07\/logo_ED.jpg","width":272,"height":52,"caption":"El Diario - Decano de la prensa nacional"},"image":{"@id":"https:\/\/www.eldiario.net\/portal\/#\/schema\/logo\/image\/"},"sameAs":["https:\/\/www.facebook.com\/eldiario.bolivia\/","https:\/\/x.com\/eldiario_net"]},{"@type":"Person","@id":"https:\/\/www.eldiario.net\/portal\/#\/schema\/person\/2c57cf2b7a7ae032e449e4c9b1019eac","name":"Jeanette","image":{"@type":"ImageObject","inLanguage":"es","@id":"https:\/\/secure.gravatar.com\/avatar\/3ea2118a5f7dad2b7138b1187a6b7ee55f160b9968b66013c3a3ef39dd7e5798?s=96&d=mm&r=g","url":"https:\/\/secure.gravatar.com\/avatar\/3ea2118a5f7dad2b7138b1187a6b7ee55f160b9968b66013c3a3ef39dd7e5798?s=96&d=mm&r=g","contentUrl":"https:\/\/secure.gravatar.com\/avatar\/3ea2118a5f7dad2b7138b1187a6b7ee55f160b9968b66013c3a3ef39dd7e5798?s=96&d=mm&r=g","caption":"Jeanette"},"sameAs":["https:\/\/www.eldiario.net\/portal"],"url":"https:\/\/www.eldiario.net\/portal\/author\/jeanette\/"}]}},"_links":{"self":[{"href":"https:\/\/www.eldiario.net\/portal\/wp-json\/wp\/v2\/posts\/25426","targetHints":{"allow":["GET"]}}],"collection":[{"href":"https:\/\/www.eldiario.net\/portal\/wp-json\/wp\/v2\/posts"}],"about":[{"href":"https:\/\/www.eldiario.net\/portal\/wp-json\/wp\/v2\/types\/post"}],"author":[{"embeddable":true,"href":"https:\/\/www.eldiario.net\/portal\/wp-json\/wp\/v2\/users\/1"}],"replies":[{"embeddable":true,"href":"https:\/\/www.eldiario.net\/portal\/wp-json\/wp\/v2\/comments?post=25426"}],"version-history":[{"count":0,"href":"https:\/\/www.eldiario.net\/portal\/wp-json\/wp\/v2\/posts\/25426\/revisions"}],"wp:attachment":[{"href":"https:\/\/www.eldiario.net\/portal\/wp-json\/wp\/v2\/media?parent=25426"}],"wp:term":[{"taxonomy":"category","embeddable":true,"href":"https:\/\/www.eldiario.net\/portal\/wp-json\/wp\/v2\/categories?post=25426"},{"taxonomy":"post_tag","embeddable":true,"href":"https:\/\/www.eldiario.net\/portal\/wp-json\/wp\/v2\/tags?post=25426"}],"curies":[{"name":"wp","href":"https:\/\/api.w.org\/{rel}","templated":true}]}}