{"id":25424,"date":"2021-08-24T06:24:31","date_gmt":"2021-08-24T10:24:31","guid":{"rendered":"https:\/\/www.eldiario.net\/portal\/?p=25424"},"modified":"2021-08-24T06:24:31","modified_gmt":"2021-08-24T10:24:31","slug":"easba-proyecta-su-ingreso-a-mercados-de-la-region-y-europa","status":"publish","type":"post","link":"https:\/\/www.eldiario.net\/portal\/2021\/08\/24\/easba-proyecta-su-ingreso-a-mercados-de-la-region-y-europa\/","title":{"rendered":"Easba proyecta su ingreso a mercados de la regi\u00f3n y Europa"},"content":{"rendered":"<p>Las compa\u00f1\u00edas de Per\u00fa, Paraguay e Italia expresaron inter\u00e9s en comprar alcohol que producir\u00e1 la Empresa Azucarera San Buenaventura (Easba) este a\u00f1o, con la zafra que empieza este lunes, en la planta instalada en el norte de La Paz, de esta manera la estatal se perfila para ingresar a nuevos mercados, seg\u00fan inform\u00f3 a ABI el gerente general de esa firma, Boris Alcaraz.<\/p>\n<p>Explic\u00f3 que con la zafra 2021, la empresa estatal procesar\u00e1 alrededor de 210.000 toneladas (t) de ca\u00f1a, con lo que proyecta obtener m\u00e1s de 359.000 quintales (qq) de az\u00facar (blanca y morena), 2,4 millones de litros de alcohol y 100 t de bagazo hidrolizado.<\/p>\n<p>\u00abNuestro alcohol es muy demandado en los pa\u00edses del Per\u00fa, Paraguay e Italia, como tambi\u00e9n en una importante parte de Bolivia (\u2026). Una vez que tengamos el producto, entonces con m\u00e1s seguridad vamos a empezar a hacer las negociaciones con los que requieran del alcohol\u00bb, dijo.<\/p>\n<p>Resalt\u00f3 que en Italia la industria de perfumes demanda el alcohol de Easba por su calidad y pureza; por otra parte, en los otros pa\u00edses tambi\u00e9n hay laboratorios que requieren este producto para la elaboraci\u00f3n de desinfectantes, en esta \u00e9poca de pandemia.<\/p>\n<p>\u00abNuestros productos cumplen las normas y est\u00e1n con una muy buena calidad (\u2026). Nuestro alcohol deber\u00eda estar por encima de los 96 grados, entonces con este valor, las industrias vuelven a hacer otro tipo de procesamiento\u00bb, a\u00f1adi\u00f3.<\/p>\n<p>Respecto a los quintales de az\u00facar, se\u00f1al\u00f3 que estos ser\u00e1n comercializados en el mercado nacional, pero principalmente en La Paz y a las empresas y entidades con las que se suscribi\u00f3 contratos en pasados meses como Delizia y la Polic\u00eda Boliviana.<\/p>\n<p>El bagazo hidrolizado (requerido para el engorde de bovinos) ser\u00e1 comercializado a los productores ganaderos de regiones como por ejemplo Reyes, San Buenaventura, Rurrenabaque, entre otros, indic\u00f3.<\/p>\n<p>Seg\u00fan datos de Alcaraz, Easba \u2014dependiente del Ministerio de Desarrollo Productivo y Econom\u00eda Plural (MDPyEP)\u2014 proyecta obtener este a\u00f1o alrededor de 39 millones bolivianos por la comercializaci\u00f3n de az\u00facar y alcohol en los mercados nacional e internacional. (ABI)<\/p>\n<p>&nbsp;<\/p>\n","protected":false},"excerpt":{"rendered":"<p>Las compa\u00f1\u00edas de Per\u00fa, Paraguay e Italia expresaron inter\u00e9s en comprar alcohol que producir\u00e1 la Empresa Azucarera San Buenaventura (Easba) este a\u00f1o, con la zafra que empieza este lunes, en la planta instalada en el norte de La Paz, de esta manera la estatal se perfila para ingresar a nuevos mercados, seg\u00fan inform\u00f3 a ABI [&hellip;]<\/p>\n","protected":false},"author":1,"featured_media":25421,"comment_status":"closed","ping_status":"closed","sticky":false,"template":"","format":"standard","meta":{"_acf_changed":false,"footnotes":""},"categories":[7],"tags":[],"class_list":["post-25424","post","type-post","status-publish","format-standard","has-post-thumbnail","category-economia"],"acf":{"antetitulo":""},"yoast_head":"<!-- This site is optimized with the Yoast SEO plugin v28.4 - https:\/\/yoast.com\/product\/yoast-seo-wordpress\/ -->\n<title>Easba proyecta su ingreso a mercados de la regi\u00f3n y Europa - El Diario - Bolivia<\/title>\n<meta name=\"robots\" content=\"index, follow, max-snippet:-1, max-image-preview:large, max-video-preview:-1\" \/>\n<link rel=\"canonical\" href=\"https:\/\/www.eldiario.net\/portal\/2021\/08\/24\/easba-proyecta-su-ingreso-a-mercados-de-la-region-y-europa\/\" \/>\n<meta property=\"og:locale\" content=\"es_ES\" \/>\n<meta property=\"og:type\" content=\"article\" \/>\n<meta property=\"og:title\" content=\"Easba proyecta su ingreso a mercados de la regi\u00f3n y Europa - El Diario - Bolivia\" \/>\n<meta property=\"og:description\" content=\"Las compa\u00f1\u00edas de Per\u00fa, Paraguay e Italia expresaron inter\u00e9s en comprar alcohol que producir\u00e1 la Empresa Azucarera San Buenaventura (Easba) este a\u00f1o, con la zafra que empieza este lunes, en la planta instalada en el norte de La Paz, de esta manera la estatal se perfila para ingresar a nuevos mercados, seg\u00fan inform\u00f3 a ABI [&hellip;]\" \/>\n<meta property=\"og:url\" content=\"https:\/\/www.eldiario.net\/portal\/2021\/08\/24\/easba-proyecta-su-ingreso-a-mercados-de-la-region-y-europa\/\" \/>\n<meta property=\"og:site_name\" content=\"El Diario - Bolivia\" \/>\n<meta property=\"article:publisher\" content=\"https:\/\/www.facebook.com\/eldiario.bolivia\/\" \/>\n<meta property=\"article:published_time\" content=\"2021-08-24T10:24:31+00:00\" \/>\n<meta name=\"author\" content=\"Jeanette\" \/>\n<meta name=\"twitter:card\" content=\"summary_large_image\" \/>\n<meta name=\"twitter:creator\" content=\"@eldiario_net\" \/>\n<meta name=\"twitter:site\" content=\"@eldiario_net\" \/>\n<meta name=\"twitter:label1\" content=\"Escrito por\" \/>\n\t<meta name=\"twitter:data1\" content=\"Jeanette\" \/>\n\t<meta name=\"twitter:label2\" content=\"Tiempo de lectura\" \/>\n\t<meta name=\"twitter:data2\" content=\"2 minutos\" \/>\n<script type=\"application\/ld+json\" class=\"yoast-schema-graph\">{\"@context\":\"https:\\\/\\\/schema.org\",\"@graph\":[{\"@type\":\"Article\",\"@id\":\"https:\\\/\\\/www.eldiario.net\\\/portal\\\/2021\\\/08\\\/24\\\/easba-proyecta-su-ingreso-a-mercados-de-la-region-y-europa\\\/#article\",\"isPartOf\":{\"@id\":\"https:\\\/\\\/www.eldiario.net\\\/portal\\\/2021\\\/08\\\/24\\\/easba-proyecta-su-ingreso-a-mercados-de-la-region-y-europa\\\/\"},\"author\":{\"name\":\"Jeanette\",\"@id\":\"https:\\\/\\\/www.eldiario.net\\\/portal\\\/#\\\/schema\\\/person\\\/2c57cf2b7a7ae032e449e4c9b1019eac\"},\"headline\":\"Easba proyecta su ingreso a mercados de la regi\u00f3n y Europa\",\"datePublished\":\"2021-08-24T10:24:31+00:00\",\"mainEntityOfPage\":{\"@id\":\"https:\\\/\\\/www.eldiario.net\\\/portal\\\/2021\\\/08\\\/24\\\/easba-proyecta-su-ingreso-a-mercados-de-la-region-y-europa\\\/\"},\"wordCount\":367,\"publisher\":{\"@id\":\"https:\\\/\\\/www.eldiario.net\\\/portal\\\/#organization\"},\"image\":{\"@id\":\"https:\\\/\\\/www.eldiario.net\\\/portal\\\/2021\\\/08\\\/24\\\/easba-proyecta-su-ingreso-a-mercados-de-la-region-y-europa\\\/#primaryimage\"},\"thumbnailUrl\":\"\",\"articleSection\":[\"Econom\u00eda\"],\"inLanguage\":\"es\"},{\"@type\":\"WebPage\",\"@id\":\"https:\\\/\\\/www.eldiario.net\\\/portal\\\/2021\\\/08\\\/24\\\/easba-proyecta-su-ingreso-a-mercados-de-la-region-y-europa\\\/\",\"url\":\"https:\\\/\\\/www.eldiario.net\\\/portal\\\/2021\\\/08\\\/24\\\/easba-proyecta-su-ingreso-a-mercados-de-la-region-y-europa\\\/\",\"name\":\"Easba proyecta su ingreso a mercados de la regi\u00f3n y Europa - El Diario - Bolivia\",\"isPartOf\":{\"@id\":\"https:\\\/\\\/www.eldiario.net\\\/portal\\\/#website\"},\"primaryImageOfPage\":{\"@id\":\"https:\\\/\\\/www.eldiario.net\\\/portal\\\/2021\\\/08\\\/24\\\/easba-proyecta-su-ingreso-a-mercados-de-la-region-y-europa\\\/#primaryimage\"},\"image\":{\"@id\":\"https:\\\/\\\/www.eldiario.net\\\/portal\\\/2021\\\/08\\\/24\\\/easba-proyecta-su-ingreso-a-mercados-de-la-region-y-europa\\\/#primaryimage\"},\"thumbnailUrl\":\"\",\"datePublished\":\"2021-08-24T10:24:31+00:00\",\"breadcrumb\":{\"@id\":\"https:\\\/\\\/www.eldiario.net\\\/portal\\\/2021\\\/08\\\/24\\\/easba-proyecta-su-ingreso-a-mercados-de-la-region-y-europa\\\/#breadcrumb\"},\"inLanguage\":\"es\",\"potentialAction\":[{\"@type\":\"ReadAction\",\"target\":[\"https:\\\/\\\/www.eldiario.net\\\/portal\\\/2021\\\/08\\\/24\\\/easba-proyecta-su-ingreso-a-mercados-de-la-region-y-europa\\\/\"]}]},{\"@type\":\"ImageObject\",\"inLanguage\":\"es\",\"@id\":\"https:\\\/\\\/www.eldiario.net\\\/portal\\\/2021\\\/08\\\/24\\\/easba-proyecta-su-ingreso-a-mercados-de-la-region-y-europa\\\/#primaryimage\",\"url\":\"\",\"contentUrl\":\"\"},{\"@type\":\"BreadcrumbList\",\"@id\":\"https:\\\/\\\/www.eldiario.net\\\/portal\\\/2021\\\/08\\\/24\\\/easba-proyecta-su-ingreso-a-mercados-de-la-region-y-europa\\\/#breadcrumb\",\"itemListElement\":[{\"@type\":\"ListItem\",\"position\":1,\"name\":\"Portada\",\"item\":\"https:\\\/\\\/www.eldiario.net\\\/portal\\\/\"},{\"@type\":\"ListItem\",\"position\":2,\"name\":\"Easba proyecta su ingreso a mercados de la regi\u00f3n y Europa\"}]},{\"@type\":\"WebSite\",\"@id\":\"https:\\\/\\\/www.eldiario.net\\\/portal\\\/#website\",\"url\":\"https:\\\/\\\/www.eldiario.net\\\/portal\\\/\",\"name\":\"El Diario - Decano de la prensa nacional\",\"description\":\"El Diario - Decano de la prensa nacional\",\"publisher\":{\"@id\":\"https:\\\/\\\/www.eldiario.net\\\/portal\\\/#organization\"},\"potentialAction\":[{\"@type\":\"SearchAction\",\"target\":{\"@type\":\"EntryPoint\",\"urlTemplate\":\"https:\\\/\\\/www.eldiario.net\\\/portal\\\/?s={search_term_string}\"},\"query-input\":{\"@type\":\"PropertyValueSpecification\",\"valueRequired\":true,\"valueName\":\"search_term_string\"}}],\"inLanguage\":\"es\"},{\"@type\":\"Organization\",\"@id\":\"https:\\\/\\\/www.eldiario.net\\\/portal\\\/#organization\",\"name\":\"El Diario - Decano de la prensa nacional\",\"url\":\"https:\\\/\\\/www.eldiario.net\\\/portal\\\/\",\"logo\":{\"@type\":\"ImageObject\",\"inLanguage\":\"es\",\"@id\":\"https:\\\/\\\/www.eldiario.net\\\/portal\\\/#\\\/schema\\\/logo\\\/image\\\/\",\"url\":\"https:\\\/\\\/www.eldiario.net\\\/portal\\\/wp-content\\\/uploads\\\/2023\\\/07\\\/logo_ED.jpg\",\"contentUrl\":\"https:\\\/\\\/www.eldiario.net\\\/portal\\\/wp-content\\\/uploads\\\/2023\\\/07\\\/logo_ED.jpg\",\"width\":272,\"height\":52,\"caption\":\"El Diario - Decano de la prensa nacional\"},\"image\":{\"@id\":\"https:\\\/\\\/www.eldiario.net\\\/portal\\\/#\\\/schema\\\/logo\\\/image\\\/\"},\"sameAs\":[\"https:\\\/\\\/www.facebook.com\\\/eldiario.bolivia\\\/\",\"https:\\\/\\\/x.com\\\/eldiario_net\"]},{\"@type\":\"Person\",\"@id\":\"https:\\\/\\\/www.eldiario.net\\\/portal\\\/#\\\/schema\\\/person\\\/2c57cf2b7a7ae032e449e4c9b1019eac\",\"name\":\"Jeanette\",\"image\":{\"@type\":\"ImageObject\",\"inLanguage\":\"es\",\"@id\":\"https:\\\/\\\/secure.gravatar.com\\\/avatar\\\/3ea2118a5f7dad2b7138b1187a6b7ee55f160b9968b66013c3a3ef39dd7e5798?s=96&d=mm&r=g\",\"url\":\"https:\\\/\\\/secure.gravatar.com\\\/avatar\\\/3ea2118a5f7dad2b7138b1187a6b7ee55f160b9968b66013c3a3ef39dd7e5798?s=96&d=mm&r=g\",\"contentUrl\":\"https:\\\/\\\/secure.gravatar.com\\\/avatar\\\/3ea2118a5f7dad2b7138b1187a6b7ee55f160b9968b66013c3a3ef39dd7e5798?s=96&d=mm&r=g\",\"caption\":\"Jeanette\"},\"sameAs\":[\"https:\\\/\\\/www.eldiario.net\\\/portal\"],\"url\":\"https:\\\/\\\/www.eldiario.net\\\/portal\\\/author\\\/jeanette\\\/\"}]}<\/script>\n<!-- \/ Yoast SEO plugin. -->","yoast_head_json":{"title":"Easba proyecta su ingreso a mercados de la regi\u00f3n y Europa - El Diario - Bolivia","robots":{"index":"index","follow":"follow","max-snippet":"max-snippet:-1","max-image-preview":"max-image-preview:large","max-video-preview":"max-video-preview:-1"},"canonical":"https:\/\/www.eldiario.net\/portal\/2021\/08\/24\/easba-proyecta-su-ingreso-a-mercados-de-la-region-y-europa\/","og_locale":"es_ES","og_type":"article","og_title":"Easba proyecta su ingreso a mercados de la regi\u00f3n y Europa - El Diario - Bolivia","og_description":"Las compa\u00f1\u00edas de Per\u00fa, Paraguay e Italia expresaron inter\u00e9s en comprar alcohol que producir\u00e1 la Empresa Azucarera San Buenaventura (Easba) este a\u00f1o, con la zafra que empieza este lunes, en la planta instalada en el norte de La Paz, de esta manera la estatal se perfila para ingresar a nuevos mercados, seg\u00fan inform\u00f3 a ABI [&hellip;]","og_url":"https:\/\/www.eldiario.net\/portal\/2021\/08\/24\/easba-proyecta-su-ingreso-a-mercados-de-la-region-y-europa\/","og_site_name":"El Diario - Bolivia","article_publisher":"https:\/\/www.facebook.com\/eldiario.bolivia\/","article_published_time":"2021-08-24T10:24:31+00:00","author":"Jeanette","twitter_card":"summary_large_image","twitter_creator":"@eldiario_net","twitter_site":"@eldiario_net","twitter_misc":{"Escrito por":"Jeanette","Tiempo de lectura":"2 minutos"},"schema":{"@context":"https:\/\/schema.org","@graph":[{"@type":"Article","@id":"https:\/\/www.eldiario.net\/portal\/2021\/08\/24\/easba-proyecta-su-ingreso-a-mercados-de-la-region-y-europa\/#article","isPartOf":{"@id":"https:\/\/www.eldiario.net\/portal\/2021\/08\/24\/easba-proyecta-su-ingreso-a-mercados-de-la-region-y-europa\/"},"author":{"name":"Jeanette","@id":"https:\/\/www.eldiario.net\/portal\/#\/schema\/person\/2c57cf2b7a7ae032e449e4c9b1019eac"},"headline":"Easba proyecta su ingreso a mercados de la regi\u00f3n y Europa","datePublished":"2021-08-24T10:24:31+00:00","mainEntityOfPage":{"@id":"https:\/\/www.eldiario.net\/portal\/2021\/08\/24\/easba-proyecta-su-ingreso-a-mercados-de-la-region-y-europa\/"},"wordCount":367,"publisher":{"@id":"https:\/\/www.eldiario.net\/portal\/#organization"},"image":{"@id":"https:\/\/www.eldiario.net\/portal\/2021\/08\/24\/easba-proyecta-su-ingreso-a-mercados-de-la-region-y-europa\/#primaryimage"},"thumbnailUrl":"","articleSection":["Econom\u00eda"],"inLanguage":"es"},{"@type":"WebPage","@id":"https:\/\/www.eldiario.net\/portal\/2021\/08\/24\/easba-proyecta-su-ingreso-a-mercados-de-la-region-y-europa\/","url":"https:\/\/www.eldiario.net\/portal\/2021\/08\/24\/easba-proyecta-su-ingreso-a-mercados-de-la-region-y-europa\/","name":"Easba proyecta su ingreso a mercados de la regi\u00f3n y Europa - El Diario - Bolivia","isPartOf":{"@id":"https:\/\/www.eldiario.net\/portal\/#website"},"primaryImageOfPage":{"@id":"https:\/\/www.eldiario.net\/portal\/2021\/08\/24\/easba-proyecta-su-ingreso-a-mercados-de-la-region-y-europa\/#primaryimage"},"image":{"@id":"https:\/\/www.eldiario.net\/portal\/2021\/08\/24\/easba-proyecta-su-ingreso-a-mercados-de-la-region-y-europa\/#primaryimage"},"thumbnailUrl":"","datePublished":"2021-08-24T10:24:31+00:00","breadcrumb":{"@id":"https:\/\/www.eldiario.net\/portal\/2021\/08\/24\/easba-proyecta-su-ingreso-a-mercados-de-la-region-y-europa\/#breadcrumb"},"inLanguage":"es","potentialAction":[{"@type":"ReadAction","target":["https:\/\/www.eldiario.net\/portal\/2021\/08\/24\/easba-proyecta-su-ingreso-a-mercados-de-la-region-y-europa\/"]}]},{"@type":"ImageObject","inLanguage":"es","@id":"https:\/\/www.eldiario.net\/portal\/2021\/08\/24\/easba-proyecta-su-ingreso-a-mercados-de-la-region-y-europa\/#primaryimage","url":"","contentUrl":""},{"@type":"BreadcrumbList","@id":"https:\/\/www.eldiario.net\/portal\/2021\/08\/24\/easba-proyecta-su-ingreso-a-mercados-de-la-region-y-europa\/#breadcrumb","itemListElement":[{"@type":"ListItem","position":1,"name":"Portada","item":"https:\/\/www.eldiario.net\/portal\/"},{"@type":"ListItem","position":2,"name":"Easba proyecta su ingreso a mercados de la regi\u00f3n y Europa"}]},{"@type":"WebSite","@id":"https:\/\/www.eldiario.net\/portal\/#website","url":"https:\/\/www.eldiario.net\/portal\/","name":"El Diario - Decano de la prensa nacional","description":"El Diario - Decano de la prensa nacional","publisher":{"@id":"https:\/\/www.eldiario.net\/portal\/#organization"},"potentialAction":[{"@type":"SearchAction","target":{"@type":"EntryPoint","urlTemplate":"https:\/\/www.eldiario.net\/portal\/?s={search_term_string}"},"query-input":{"@type":"PropertyValueSpecification","valueRequired":true,"valueName":"search_term_string"}}],"inLanguage":"es"},{"@type":"Organization","@id":"https:\/\/www.eldiario.net\/portal\/#organization","name":"El Diario - Decano de la prensa nacional","url":"https:\/\/www.eldiario.net\/portal\/","logo":{"@type":"ImageObject","inLanguage":"es","@id":"https:\/\/www.eldiario.net\/portal\/#\/schema\/logo\/image\/","url":"https:\/\/www.eldiario.net\/portal\/wp-content\/uploads\/2023\/07\/logo_ED.jpg","contentUrl":"https:\/\/www.eldiario.net\/portal\/wp-content\/uploads\/2023\/07\/logo_ED.jpg","width":272,"height":52,"caption":"El Diario - Decano de la prensa nacional"},"image":{"@id":"https:\/\/www.eldiario.net\/portal\/#\/schema\/logo\/image\/"},"sameAs":["https:\/\/www.facebook.com\/eldiario.bolivia\/","https:\/\/x.com\/eldiario_net"]},{"@type":"Person","@id":"https:\/\/www.eldiario.net\/portal\/#\/schema\/person\/2c57cf2b7a7ae032e449e4c9b1019eac","name":"Jeanette","image":{"@type":"ImageObject","inLanguage":"es","@id":"https:\/\/secure.gravatar.com\/avatar\/3ea2118a5f7dad2b7138b1187a6b7ee55f160b9968b66013c3a3ef39dd7e5798?s=96&d=mm&r=g","url":"https:\/\/secure.gravatar.com\/avatar\/3ea2118a5f7dad2b7138b1187a6b7ee55f160b9968b66013c3a3ef39dd7e5798?s=96&d=mm&r=g","contentUrl":"https:\/\/secure.gravatar.com\/avatar\/3ea2118a5f7dad2b7138b1187a6b7ee55f160b9968b66013c3a3ef39dd7e5798?s=96&d=mm&r=g","caption":"Jeanette"},"sameAs":["https:\/\/www.eldiario.net\/portal"],"url":"https:\/\/www.eldiario.net\/portal\/author\/jeanette\/"}]}},"_links":{"self":[{"href":"https:\/\/www.eldiario.net\/portal\/wp-json\/wp\/v2\/posts\/25424","targetHints":{"allow":["GET"]}}],"collection":[{"href":"https:\/\/www.eldiario.net\/portal\/wp-json\/wp\/v2\/posts"}],"about":[{"href":"https:\/\/www.eldiario.net\/portal\/wp-json\/wp\/v2\/types\/post"}],"author":[{"embeddable":true,"href":"https:\/\/www.eldiario.net\/portal\/wp-json\/wp\/v2\/users\/1"}],"replies":[{"embeddable":true,"href":"https:\/\/www.eldiario.net\/portal\/wp-json\/wp\/v2\/comments?post=25424"}],"version-history":[{"count":0,"href":"https:\/\/www.eldiario.net\/portal\/wp-json\/wp\/v2\/posts\/25424\/revisions"}],"wp:attachment":[{"href":"https:\/\/www.eldiario.net\/portal\/wp-json\/wp\/v2\/media?parent=25424"}],"wp:term":[{"taxonomy":"category","embeddable":true,"href":"https:\/\/www.eldiario.net\/portal\/wp-json\/wp\/v2\/categories?post=25424"},{"taxonomy":"post_tag","embeddable":true,"href":"https:\/\/www.eldiario.net\/portal\/wp-json\/wp\/v2\/tags?post=25424"}],"curies":[{"name":"wp","href":"https:\/\/api.w.org\/{rel}","templated":true}]}}