{"id":254232,"date":"2024-10-15T05:23:01","date_gmt":"2024-10-15T09:23:01","guid":{"rendered":"https:\/\/www.eldiario.net\/portal\/?p=254232"},"modified":"2024-10-15T05:23:01","modified_gmt":"2024-10-15T09:23:01","slug":"bloqueos-causaran-alza-del-precio-de-los-alimentos-en-mas-del-50","status":"publish","type":"post","link":"https:\/\/www.eldiario.net\/portal\/2024\/10\/15\/bloqueos-causaran-alza-del-precio-de-los-alimentos-en-mas-del-50\/","title":{"rendered":"Bloqueos causar\u00e1n alza del precio  de los alimentos en m\u00e1s del 50%"},"content":{"rendered":"<p class=\"v1MsoNormal\">Ante la amenaza de bloqueos a nivel nacional, el ministro de Econom\u00eda y Finanzas P\u00fablicas, Marcelo Montenegro, en conferencia de prensa, proyect\u00f3 un incremento de precios de los alimentos en m\u00e1s del 50%, en algunos, de concretarse la medida, por ello lament\u00f3 la inasistencia al di\u00e1logo para hablar de econom\u00eda.<\/p>\n<p class=\"v1MsoNormal\">El Gobierno lament\u00f3 la inasistencia de Morales al di\u00e1logo y lo responsabiliza por el impacto de los bloqueos en la econom\u00eda popular. \u00abEl pueblo boliviano entiende perfectamente la verdadera intenci\u00f3n detr\u00e1s del bloqueo, que no es defender la econom\u00eda\u00bb, dijo el ministro de Econom\u00eda y Finanzas P\u00fablicas, Marcelo Montenegro.<\/p>\n<p class=\"v1MsoNormal\">La autoridad en una breve explicaci\u00f3n a los periodistas, estim\u00f3 que de concretarse el bloqueo s\u00f3lo incidir\u00e1 en el aumento del precio de productos de la canasta familiar entre 50% a 70%, aproximadamente.<\/p>\n<p class=\"v1MsoNormal\">Como se recordar\u00e1 afines a Evo Morales anunciaron bloqueo nacional de carreteras en defensa de su l\u00edder, y evitar su detenci\u00f3n, emitida por una juez de Tarija, al no haberse presentado a declarar en el proceso investigativo de estupro y trata de personas.<\/p>\n<p class=\"v1MsoNormal\">Montenegro asegur\u00f3 que el bloqueo afecta a la econom\u00eda popular, e incidir\u00e1 en los precios de algunos productos, como por ejemplo la arroba de papa que cuesta 62 bolivianos podr\u00eda subir a 81, el pollo que cuesta en promedio 15 subir\u00eda a 20, entre otros.<\/p>\n<p class=\"v1MsoNormal\">Pero no s\u00f3lo los alimentos incrementar\u00edan sus precios, sino tambi\u00e9n el transporte interprovincial en m\u00e1s de 100%; las p\u00e9rdidas podr\u00edan ser alrededor de 120 millones de d\u00f3lares diarios.<\/p>\n<p class=\"v1MsoNormal\">\n<p class=\"v1MsoNormal\">EMPRESARIOS<\/p>\n<p class=\"v1MsoNormal\">Por su parte, el sector empresarial rechaz\u00f3 los anuncios de bloqueos, en una situaci\u00f3n delicada para la econom\u00eda nacional, en donde los insumos suben, debido a la escasez de d\u00f3lares al tipo de cambio oficial.<\/p>\n<p class=\"v1MsoNormal\">\u00abEl Gobierno Nacional, en ese af\u00e1n de apertura del di\u00e1logo, (les) ha esperado el d\u00eda de hoy (ayer). Sab\u00edamos que no se presentar\u00edan, porque as\u00ed lo hab\u00edan declarado [&#8230;] Dicen que se trata de defender la econom\u00eda de los m\u00e1s pobres, pero estos bloqueos afectan precisamente a la gente del pueblo\u00bb, dijo el ministro de Econom\u00eda y Finanzas P\u00fablicas, Marcelo Montenegro.<\/p>\n<p class=\"v1MsoNormal\">La ministra de la Presidencia, Mar\u00eda Nela Prada, convoc\u00f3 a Morales y a cinco de sus delegados a dialogar sobre su agenda econ\u00f3mica a las 15:00 horas de ayer, en el Ministerio de Econom\u00eda y Finanzas P\u00fablicas. Adem\u00e1s, solicit\u00f3 al expresidente la suspensi\u00f3n del bloqueo nacional de caminos por los graves da\u00f1os que ocasionar\u00e1 a la econom\u00eda nacional.<\/p>\n<p class=\"v1MsoNormal\">Asimismo, destac\u00f3 que \u00abel pueblo boliviano entiende perfectamente la verdadera intenci\u00f3n detr\u00e1s del bloqueo, que no es defender la econom\u00eda, sino que hay otros intereses involucrados\u00bb.<\/p>\n<p class=\"v1MsoNormal\">\n","protected":false},"excerpt":{"rendered":"<p>Ante la amenaza de bloqueos a nivel nacional, el ministro de Econom\u00eda y Finanzas P\u00fablicas, Marcelo Montenegro, en conferencia de prensa, proyect\u00f3 un incremento de precios de los alimentos en m\u00e1s del 50%, en algunos, de concretarse la medida, por ello lament\u00f3 la inasistencia al di\u00e1logo para hablar de econom\u00eda. El Gobierno lament\u00f3 la inasistencia [&hellip;]<\/p>\n","protected":false},"author":1,"featured_media":254233,"comment_status":"open","ping_status":"open","sticky":false,"template":"","format":"standard","meta":{"_acf_changed":false,"footnotes":""},"categories":[7],"tags":[],"class_list":["post-254232","post","type-post","status-publish","format-standard","has-post-thumbnail","category-economia"],"acf":{"antetitulo":"Ministro de Econom\u00eda"},"yoast_head":"<!-- This site is optimized with the Yoast SEO plugin v28.3 - https:\/\/yoast.com\/product\/yoast-seo-wordpress\/ -->\n<title>Bloqueos causar\u00e1n alza del precio de los alimentos en m\u00e1s del 50% - El Diario - Bolivia<\/title>\n<meta name=\"robots\" content=\"index, follow, max-snippet:-1, max-image-preview:large, max-video-preview:-1\" \/>\n<link rel=\"canonical\" href=\"https:\/\/www.eldiario.net\/portal\/2024\/10\/15\/bloqueos-causaran-alza-del-precio-de-los-alimentos-en-mas-del-50\/\" \/>\n<meta property=\"og:locale\" content=\"es_ES\" \/>\n<meta property=\"og:type\" content=\"article\" \/>\n<meta property=\"og:title\" content=\"Bloqueos causar\u00e1n alza del precio de los alimentos en m\u00e1s del 50% - El Diario - Bolivia\" \/>\n<meta property=\"og:description\" content=\"Ante la amenaza de bloqueos a nivel nacional, el ministro de Econom\u00eda y Finanzas P\u00fablicas, Marcelo Montenegro, en conferencia de prensa, proyect\u00f3 un incremento de precios de los alimentos en m\u00e1s del 50%, en algunos, de concretarse la medida, por ello lament\u00f3 la inasistencia al di\u00e1logo para hablar de econom\u00eda. El Gobierno lament\u00f3 la inasistencia [&hellip;]\" \/>\n<meta property=\"og:url\" content=\"https:\/\/www.eldiario.net\/portal\/2024\/10\/15\/bloqueos-causaran-alza-del-precio-de-los-alimentos-en-mas-del-50\/\" \/>\n<meta property=\"og:site_name\" content=\"El Diario - Bolivia\" \/>\n<meta property=\"article:publisher\" content=\"https:\/\/www.facebook.com\/eldiario.bolivia\/\" \/>\n<meta property=\"article:published_time\" content=\"2024-10-15T09:23:01+00:00\" \/>\n<meta property=\"og:image\" content=\"https:\/\/www.eldiario.net\/portal\/wp-content\/uploads\/2024\/10\/montre-1.jpg\" \/>\n\t<meta property=\"og:image:width\" content=\"1200\" \/>\n\t<meta property=\"og:image:height\" content=\"800\" \/>\n\t<meta property=\"og:image:type\" content=\"image\/jpeg\" \/>\n<meta name=\"author\" content=\"Jeanette\" \/>\n<meta name=\"twitter:card\" content=\"summary_large_image\" \/>\n<meta name=\"twitter:creator\" content=\"@eldiario_net\" \/>\n<meta name=\"twitter:site\" content=\"@eldiario_net\" \/>\n<meta name=\"twitter:label1\" content=\"Escrito por\" \/>\n\t<meta name=\"twitter:data1\" content=\"Jeanette\" \/>\n\t<meta name=\"twitter:label2\" content=\"Tiempo de lectura\" \/>\n\t<meta name=\"twitter:data2\" content=\"3 minutos\" \/>\n<script type=\"application\/ld+json\" class=\"yoast-schema-graph\">{\"@context\":\"https:\\\/\\\/schema.org\",\"@graph\":[{\"@type\":\"Article\",\"@id\":\"https:\\\/\\\/www.eldiario.net\\\/portal\\\/2024\\\/10\\\/15\\\/bloqueos-causaran-alza-del-precio-de-los-alimentos-en-mas-del-50\\\/#article\",\"isPartOf\":{\"@id\":\"https:\\\/\\\/www.eldiario.net\\\/portal\\\/2024\\\/10\\\/15\\\/bloqueos-causaran-alza-del-precio-de-los-alimentos-en-mas-del-50\\\/\"},\"author\":{\"name\":\"Jeanette\",\"@id\":\"https:\\\/\\\/www.eldiario.net\\\/portal\\\/#\\\/schema\\\/person\\\/f46445640444750d7d753ccd04ae01b7\"},\"headline\":\"Bloqueos causar\u00e1n alza del precio de los alimentos en m\u00e1s del 50%\",\"datePublished\":\"2024-10-15T09:23:01+00:00\",\"mainEntityOfPage\":{\"@id\":\"https:\\\/\\\/www.eldiario.net\\\/portal\\\/2024\\\/10\\\/15\\\/bloqueos-causaran-alza-del-precio-de-los-alimentos-en-mas-del-50\\\/\"},\"wordCount\":481,\"commentCount\":0,\"publisher\":{\"@id\":\"https:\\\/\\\/www.eldiario.net\\\/portal\\\/#organization\"},\"image\":{\"@id\":\"https:\\\/\\\/www.eldiario.net\\\/portal\\\/2024\\\/10\\\/15\\\/bloqueos-causaran-alza-del-precio-de-los-alimentos-en-mas-del-50\\\/#primaryimage\"},\"thumbnailUrl\":\"https:\\\/\\\/www.eldiario.net\\\/portal\\\/wp-content\\\/uploads\\\/2024\\\/10\\\/montre-1.jpg\",\"articleSection\":[\"Econom\u00eda\"],\"inLanguage\":\"es\",\"potentialAction\":[{\"@type\":\"CommentAction\",\"name\":\"Comment\",\"target\":[\"https:\\\/\\\/www.eldiario.net\\\/portal\\\/2024\\\/10\\\/15\\\/bloqueos-causaran-alza-del-precio-de-los-alimentos-en-mas-del-50\\\/#respond\"]}]},{\"@type\":\"WebPage\",\"@id\":\"https:\\\/\\\/www.eldiario.net\\\/portal\\\/2024\\\/10\\\/15\\\/bloqueos-causaran-alza-del-precio-de-los-alimentos-en-mas-del-50\\\/\",\"url\":\"https:\\\/\\\/www.eldiario.net\\\/portal\\\/2024\\\/10\\\/15\\\/bloqueos-causaran-alza-del-precio-de-los-alimentos-en-mas-del-50\\\/\",\"name\":\"Bloqueos causar\u00e1n alza del precio de los alimentos en m\u00e1s del 50% - El Diario - Bolivia\",\"isPartOf\":{\"@id\":\"https:\\\/\\\/www.eldiario.net\\\/portal\\\/#website\"},\"primaryImageOfPage\":{\"@id\":\"https:\\\/\\\/www.eldiario.net\\\/portal\\\/2024\\\/10\\\/15\\\/bloqueos-causaran-alza-del-precio-de-los-alimentos-en-mas-del-50\\\/#primaryimage\"},\"image\":{\"@id\":\"https:\\\/\\\/www.eldiario.net\\\/portal\\\/2024\\\/10\\\/15\\\/bloqueos-causaran-alza-del-precio-de-los-alimentos-en-mas-del-50\\\/#primaryimage\"},\"thumbnailUrl\":\"https:\\\/\\\/www.eldiario.net\\\/portal\\\/wp-content\\\/uploads\\\/2024\\\/10\\\/montre-1.jpg\",\"datePublished\":\"2024-10-15T09:23:01+00:00\",\"breadcrumb\":{\"@id\":\"https:\\\/\\\/www.eldiario.net\\\/portal\\\/2024\\\/10\\\/15\\\/bloqueos-causaran-alza-del-precio-de-los-alimentos-en-mas-del-50\\\/#breadcrumb\"},\"inLanguage\":\"es\",\"potentialAction\":[{\"@type\":\"ReadAction\",\"target\":[\"https:\\\/\\\/www.eldiario.net\\\/portal\\\/2024\\\/10\\\/15\\\/bloqueos-causaran-alza-del-precio-de-los-alimentos-en-mas-del-50\\\/\"]}]},{\"@type\":\"ImageObject\",\"inLanguage\":\"es\",\"@id\":\"https:\\\/\\\/www.eldiario.net\\\/portal\\\/2024\\\/10\\\/15\\\/bloqueos-causaran-alza-del-precio-de-los-alimentos-en-mas-del-50\\\/#primaryimage\",\"url\":\"https:\\\/\\\/www.eldiario.net\\\/portal\\\/wp-content\\\/uploads\\\/2024\\\/10\\\/montre-1.jpg\",\"contentUrl\":\"https:\\\/\\\/www.eldiario.net\\\/portal\\\/wp-content\\\/uploads\\\/2024\\\/10\\\/montre-1.jpg\",\"width\":1200,\"height\":800,\"caption\":\"Ministro de Econom\u00eda y Finanzas P\u00fablicas, Marcelo Montenegro. CR\u00c9DITO: MEyFP\"},{\"@type\":\"BreadcrumbList\",\"@id\":\"https:\\\/\\\/www.eldiario.net\\\/portal\\\/2024\\\/10\\\/15\\\/bloqueos-causaran-alza-del-precio-de-los-alimentos-en-mas-del-50\\\/#breadcrumb\",\"itemListElement\":[{\"@type\":\"ListItem\",\"position\":1,\"name\":\"Portada\",\"item\":\"https:\\\/\\\/www.eldiario.net\\\/portal\\\/\"},{\"@type\":\"ListItem\",\"position\":2,\"name\":\"Bloqueos causar\u00e1n alza del precio de los alimentos en m\u00e1s del 50%\"}]},{\"@type\":\"WebSite\",\"@id\":\"https:\\\/\\\/www.eldiario.net\\\/portal\\\/#website\",\"url\":\"https:\\\/\\\/www.eldiario.net\\\/portal\\\/\",\"name\":\"El Diario - Decano de la prensa nacional\",\"description\":\"El Diario - Decano de la prensa nacional\",\"publisher\":{\"@id\":\"https:\\\/\\\/www.eldiario.net\\\/portal\\\/#organization\"},\"potentialAction\":[{\"@type\":\"SearchAction\",\"target\":{\"@type\":\"EntryPoint\",\"urlTemplate\":\"https:\\\/\\\/www.eldiario.net\\\/portal\\\/?s={search_term_string}\"},\"query-input\":{\"@type\":\"PropertyValueSpecification\",\"valueRequired\":true,\"valueName\":\"search_term_string\"}}],\"inLanguage\":\"es\"},{\"@type\":\"Organization\",\"@id\":\"https:\\\/\\\/www.eldiario.net\\\/portal\\\/#organization\",\"name\":\"El Diario - Decano de la prensa nacional\",\"url\":\"https:\\\/\\\/www.eldiario.net\\\/portal\\\/\",\"logo\":{\"@type\":\"ImageObject\",\"inLanguage\":\"es\",\"@id\":\"https:\\\/\\\/www.eldiario.net\\\/portal\\\/#\\\/schema\\\/logo\\\/image\\\/\",\"url\":\"https:\\\/\\\/www.eldiario.net\\\/portal\\\/wp-content\\\/uploads\\\/2023\\\/07\\\/logo_ED.jpg\",\"contentUrl\":\"https:\\\/\\\/www.eldiario.net\\\/portal\\\/wp-content\\\/uploads\\\/2023\\\/07\\\/logo_ED.jpg\",\"width\":272,\"height\":52,\"caption\":\"El Diario - Decano de la prensa nacional\"},\"image\":{\"@id\":\"https:\\\/\\\/www.eldiario.net\\\/portal\\\/#\\\/schema\\\/logo\\\/image\\\/\"},\"sameAs\":[\"https:\\\/\\\/www.facebook.com\\\/eldiario.bolivia\\\/\",\"https:\\\/\\\/x.com\\\/eldiario_net\"]},{\"@type\":\"Person\",\"@id\":\"https:\\\/\\\/www.eldiario.net\\\/portal\\\/#\\\/schema\\\/person\\\/f46445640444750d7d753ccd04ae01b7\",\"name\":\"Jeanette\",\"image\":{\"@type\":\"ImageObject\",\"inLanguage\":\"es\",\"@id\":\"https:\\\/\\\/secure.gravatar.com\\\/avatar\\\/3ea2118a5f7dad2b7138b1187a6b7ee55f160b9968b66013c3a3ef39dd7e5798?s=96&d=mm&r=g\",\"url\":\"https:\\\/\\\/secure.gravatar.com\\\/avatar\\\/3ea2118a5f7dad2b7138b1187a6b7ee55f160b9968b66013c3a3ef39dd7e5798?s=96&d=mm&r=g\",\"contentUrl\":\"https:\\\/\\\/secure.gravatar.com\\\/avatar\\\/3ea2118a5f7dad2b7138b1187a6b7ee55f160b9968b66013c3a3ef39dd7e5798?s=96&d=mm&r=g\",\"caption\":\"Jeanette\"},\"sameAs\":[\"https:\\\/\\\/www.eldiario.net\\\/portal\"],\"url\":\"https:\\\/\\\/www.eldiario.net\\\/portal\\\/author\\\/jeanette\\\/\"}]}<\/script>\n<!-- \/ Yoast SEO plugin. -->","yoast_head_json":{"title":"Bloqueos causar\u00e1n alza del precio de los alimentos en m\u00e1s del 50% - El Diario - Bolivia","robots":{"index":"index","follow":"follow","max-snippet":"max-snippet:-1","max-image-preview":"max-image-preview:large","max-video-preview":"max-video-preview:-1"},"canonical":"https:\/\/www.eldiario.net\/portal\/2024\/10\/15\/bloqueos-causaran-alza-del-precio-de-los-alimentos-en-mas-del-50\/","og_locale":"es_ES","og_type":"article","og_title":"Bloqueos causar\u00e1n alza del precio de los alimentos en m\u00e1s del 50% - El Diario - Bolivia","og_description":"Ante la amenaza de bloqueos a nivel nacional, el ministro de Econom\u00eda y Finanzas P\u00fablicas, Marcelo Montenegro, en conferencia de prensa, proyect\u00f3 un incremento de precios de los alimentos en m\u00e1s del 50%, en algunos, de concretarse la medida, por ello lament\u00f3 la inasistencia al di\u00e1logo para hablar de econom\u00eda. El Gobierno lament\u00f3 la inasistencia [&hellip;]","og_url":"https:\/\/www.eldiario.net\/portal\/2024\/10\/15\/bloqueos-causaran-alza-del-precio-de-los-alimentos-en-mas-del-50\/","og_site_name":"El Diario - Bolivia","article_publisher":"https:\/\/www.facebook.com\/eldiario.bolivia\/","article_published_time":"2024-10-15T09:23:01+00:00","og_image":[{"width":1200,"height":800,"url":"https:\/\/www.eldiario.net\/portal\/wp-content\/uploads\/2024\/10\/montre-1.jpg","type":"image\/jpeg"}],"author":"Jeanette","twitter_card":"summary_large_image","twitter_creator":"@eldiario_net","twitter_site":"@eldiario_net","twitter_misc":{"Escrito por":"Jeanette","Tiempo de lectura":"3 minutos"},"schema":{"@context":"https:\/\/schema.org","@graph":[{"@type":"Article","@id":"https:\/\/www.eldiario.net\/portal\/2024\/10\/15\/bloqueos-causaran-alza-del-precio-de-los-alimentos-en-mas-del-50\/#article","isPartOf":{"@id":"https:\/\/www.eldiario.net\/portal\/2024\/10\/15\/bloqueos-causaran-alza-del-precio-de-los-alimentos-en-mas-del-50\/"},"author":{"name":"Jeanette","@id":"https:\/\/www.eldiario.net\/portal\/#\/schema\/person\/f46445640444750d7d753ccd04ae01b7"},"headline":"Bloqueos causar\u00e1n alza del precio de los alimentos en m\u00e1s del 50%","datePublished":"2024-10-15T09:23:01+00:00","mainEntityOfPage":{"@id":"https:\/\/www.eldiario.net\/portal\/2024\/10\/15\/bloqueos-causaran-alza-del-precio-de-los-alimentos-en-mas-del-50\/"},"wordCount":481,"commentCount":0,"publisher":{"@id":"https:\/\/www.eldiario.net\/portal\/#organization"},"image":{"@id":"https:\/\/www.eldiario.net\/portal\/2024\/10\/15\/bloqueos-causaran-alza-del-precio-de-los-alimentos-en-mas-del-50\/#primaryimage"},"thumbnailUrl":"https:\/\/www.eldiario.net\/portal\/wp-content\/uploads\/2024\/10\/montre-1.jpg","articleSection":["Econom\u00eda"],"inLanguage":"es","potentialAction":[{"@type":"CommentAction","name":"Comment","target":["https:\/\/www.eldiario.net\/portal\/2024\/10\/15\/bloqueos-causaran-alza-del-precio-de-los-alimentos-en-mas-del-50\/#respond"]}]},{"@type":"WebPage","@id":"https:\/\/www.eldiario.net\/portal\/2024\/10\/15\/bloqueos-causaran-alza-del-precio-de-los-alimentos-en-mas-del-50\/","url":"https:\/\/www.eldiario.net\/portal\/2024\/10\/15\/bloqueos-causaran-alza-del-precio-de-los-alimentos-en-mas-del-50\/","name":"Bloqueos causar\u00e1n alza del precio de los alimentos en m\u00e1s del 50% - El Diario - Bolivia","isPartOf":{"@id":"https:\/\/www.eldiario.net\/portal\/#website"},"primaryImageOfPage":{"@id":"https:\/\/www.eldiario.net\/portal\/2024\/10\/15\/bloqueos-causaran-alza-del-precio-de-los-alimentos-en-mas-del-50\/#primaryimage"},"image":{"@id":"https:\/\/www.eldiario.net\/portal\/2024\/10\/15\/bloqueos-causaran-alza-del-precio-de-los-alimentos-en-mas-del-50\/#primaryimage"},"thumbnailUrl":"https:\/\/www.eldiario.net\/portal\/wp-content\/uploads\/2024\/10\/montre-1.jpg","datePublished":"2024-10-15T09:23:01+00:00","breadcrumb":{"@id":"https:\/\/www.eldiario.net\/portal\/2024\/10\/15\/bloqueos-causaran-alza-del-precio-de-los-alimentos-en-mas-del-50\/#breadcrumb"},"inLanguage":"es","potentialAction":[{"@type":"ReadAction","target":["https:\/\/www.eldiario.net\/portal\/2024\/10\/15\/bloqueos-causaran-alza-del-precio-de-los-alimentos-en-mas-del-50\/"]}]},{"@type":"ImageObject","inLanguage":"es","@id":"https:\/\/www.eldiario.net\/portal\/2024\/10\/15\/bloqueos-causaran-alza-del-precio-de-los-alimentos-en-mas-del-50\/#primaryimage","url":"https:\/\/www.eldiario.net\/portal\/wp-content\/uploads\/2024\/10\/montre-1.jpg","contentUrl":"https:\/\/www.eldiario.net\/portal\/wp-content\/uploads\/2024\/10\/montre-1.jpg","width":1200,"height":800,"caption":"Ministro de Econom\u00eda y Finanzas P\u00fablicas, Marcelo Montenegro. CR\u00c9DITO: MEyFP"},{"@type":"BreadcrumbList","@id":"https:\/\/www.eldiario.net\/portal\/2024\/10\/15\/bloqueos-causaran-alza-del-precio-de-los-alimentos-en-mas-del-50\/#breadcrumb","itemListElement":[{"@type":"ListItem","position":1,"name":"Portada","item":"https:\/\/www.eldiario.net\/portal\/"},{"@type":"ListItem","position":2,"name":"Bloqueos causar\u00e1n alza del precio de los alimentos en m\u00e1s del 50%"}]},{"@type":"WebSite","@id":"https:\/\/www.eldiario.net\/portal\/#website","url":"https:\/\/www.eldiario.net\/portal\/","name":"El Diario - Decano de la prensa nacional","description":"El Diario - Decano de la prensa nacional","publisher":{"@id":"https:\/\/www.eldiario.net\/portal\/#organization"},"potentialAction":[{"@type":"SearchAction","target":{"@type":"EntryPoint","urlTemplate":"https:\/\/www.eldiario.net\/portal\/?s={search_term_string}"},"query-input":{"@type":"PropertyValueSpecification","valueRequired":true,"valueName":"search_term_string"}}],"inLanguage":"es"},{"@type":"Organization","@id":"https:\/\/www.eldiario.net\/portal\/#organization","name":"El Diario - Decano de la prensa nacional","url":"https:\/\/www.eldiario.net\/portal\/","logo":{"@type":"ImageObject","inLanguage":"es","@id":"https:\/\/www.eldiario.net\/portal\/#\/schema\/logo\/image\/","url":"https:\/\/www.eldiario.net\/portal\/wp-content\/uploads\/2023\/07\/logo_ED.jpg","contentUrl":"https:\/\/www.eldiario.net\/portal\/wp-content\/uploads\/2023\/07\/logo_ED.jpg","width":272,"height":52,"caption":"El Diario - Decano de la prensa nacional"},"image":{"@id":"https:\/\/www.eldiario.net\/portal\/#\/schema\/logo\/image\/"},"sameAs":["https:\/\/www.facebook.com\/eldiario.bolivia\/","https:\/\/x.com\/eldiario_net"]},{"@type":"Person","@id":"https:\/\/www.eldiario.net\/portal\/#\/schema\/person\/f46445640444750d7d753ccd04ae01b7","name":"Jeanette","image":{"@type":"ImageObject","inLanguage":"es","@id":"https:\/\/secure.gravatar.com\/avatar\/3ea2118a5f7dad2b7138b1187a6b7ee55f160b9968b66013c3a3ef39dd7e5798?s=96&d=mm&r=g","url":"https:\/\/secure.gravatar.com\/avatar\/3ea2118a5f7dad2b7138b1187a6b7ee55f160b9968b66013c3a3ef39dd7e5798?s=96&d=mm&r=g","contentUrl":"https:\/\/secure.gravatar.com\/avatar\/3ea2118a5f7dad2b7138b1187a6b7ee55f160b9968b66013c3a3ef39dd7e5798?s=96&d=mm&r=g","caption":"Jeanette"},"sameAs":["https:\/\/www.eldiario.net\/portal"],"url":"https:\/\/www.eldiario.net\/portal\/author\/jeanette\/"}]}},"_links":{"self":[{"href":"https:\/\/www.eldiario.net\/portal\/wp-json\/wp\/v2\/posts\/254232","targetHints":{"allow":["GET"]}}],"collection":[{"href":"https:\/\/www.eldiario.net\/portal\/wp-json\/wp\/v2\/posts"}],"about":[{"href":"https:\/\/www.eldiario.net\/portal\/wp-json\/wp\/v2\/types\/post"}],"author":[{"embeddable":true,"href":"https:\/\/www.eldiario.net\/portal\/wp-json\/wp\/v2\/users\/1"}],"replies":[{"embeddable":true,"href":"https:\/\/www.eldiario.net\/portal\/wp-json\/wp\/v2\/comments?post=254232"}],"version-history":[{"count":1,"href":"https:\/\/www.eldiario.net\/portal\/wp-json\/wp\/v2\/posts\/254232\/revisions"}],"predecessor-version":[{"id":254234,"href":"https:\/\/www.eldiario.net\/portal\/wp-json\/wp\/v2\/posts\/254232\/revisions\/254234"}],"wp:featuredmedia":[{"embeddable":true,"href":"https:\/\/www.eldiario.net\/portal\/wp-json\/wp\/v2\/media\/254233"}],"wp:attachment":[{"href":"https:\/\/www.eldiario.net\/portal\/wp-json\/wp\/v2\/media?parent=254232"}],"wp:term":[{"taxonomy":"category","embeddable":true,"href":"https:\/\/www.eldiario.net\/portal\/wp-json\/wp\/v2\/categories?post=254232"},{"taxonomy":"post_tag","embeddable":true,"href":"https:\/\/www.eldiario.net\/portal\/wp-json\/wp\/v2\/tags?post=254232"}],"curies":[{"name":"wp","href":"https:\/\/api.w.org\/{rel}","templated":true}]}}