{"id":25420,"date":"2021-08-24T06:23:44","date_gmt":"2021-08-24T10:23:44","guid":{"rendered":"https:\/\/www.eldiario.net\/portal\/?p=25420"},"modified":"2021-08-24T06:23:44","modified_gmt":"2021-08-24T10:23:44","slug":"nueve-empresas-desarrollaran-pruebas-piloto-en-salar-de-uyuni","status":"publish","type":"post","link":"https:\/\/www.eldiario.net\/portal\/2021\/08\/24\/nueve-empresas-desarrollaran-pruebas-piloto-en-salar-de-uyuni\/","title":{"rendered":"Nueve empresas desarrollar\u00e1n pruebas piloto en Salar de Uyuni"},"content":{"rendered":"<p>Nueve compa\u00f1\u00edas realizar\u00e1n pruebas piloto en el Salar de Uyuni, con uso de tecnolog\u00eda de Extracci\u00f3n Directa de Litio (EDL), que permitir\u00e1 acelerar la industrializaci\u00f3n \u201cdel oro blanco\u201d en el Salar de Uyuni, Potos\u00ed, inform\u00f3 el ministro de Hidrocarburos y Energ\u00edas, Franklin Molina.<\/p>\n<p>Dijo que las pol\u00edticas econ\u00f3micas del Gobierno est\u00e1n orientadas a convertir a Bolivia en un pa\u00eds industrializador de litio, ya que en el territorio nacional se encuentran las mayores reservas certificadas de ese recurso evapor\u00edtico con m\u00e1s de 21 millones de toneladas en el Salar de Uyuni (Potos\u00ed), sin contar los reservorios de los salares de Coipasa (Oruro) y Pastos Grandes (Potos\u00ed).<\/p>\n<p>\u201cCon nuestro Presidente (Luis Arce Catacora) hemos lanzado, en abril de este a\u00f1o, una convocatoria para adquirir la tecnolog\u00eda de Extracci\u00f3n Directa de Litio (EDL). En el futuro, nueve compa\u00f1\u00edas realizar\u00e1n pruebas piloto en el pa\u00eds sobre el uso de esta herramienta que nos permitir\u00e1 acelerar la industrializaci\u00f3n del oro blanco\u201d, mencion\u00f3 la autoridad en entrevista con Bolivia Tv.<\/p>\n<p>Con la tecnolog\u00eda EDL, acot\u00f3, Bolivia podr\u00eda acortar los plazos para comenzar con la producci\u00f3n industrial de c\u00e1todos, carbonato de litio y finalmente bater\u00edas de litio, pieza clave de los veh\u00edculos el\u00e9ctricos que son el futuro del parque automotor mundial.<\/p>\n<p>\u201cEl Ministerio de Hidrocarburos y Energ\u00edas mantiene su firme compromiso de apoyar la reactivaci\u00f3n econ\u00f3mica del pa\u00eds para salir adelante\u201d, resalt\u00f3.<\/p>\n<p>Desde los expertos en el tema, el cambio de nuevo director del Yacimiento de Litio Boliviano (YLB) no da se\u00f1ales positivas, m\u00e1s todo lo contrario, ya que la posesi\u00f3n de nuevo personal s\u00f3lo retrasa los trabajos en el proyecto.<\/p>\n<p>Bolivia junto a Chile y Argentina poseen reservas significativas de litio, pero s\u00f3lo los vecinos exportan y Bolivia qued\u00f3 rezagada. (ABI)<\/p>\n<p>&nbsp;<\/p>\n","protected":false},"excerpt":{"rendered":"<p>Nueve compa\u00f1\u00edas realizar\u00e1n pruebas piloto en el Salar de Uyuni, con uso de tecnolog\u00eda de Extracci\u00f3n Directa de Litio (EDL), que permitir\u00e1 acelerar la industrializaci\u00f3n \u201cdel oro blanco\u201d en el Salar de Uyuni, Potos\u00ed, inform\u00f3 el ministro de Hidrocarburos y Energ\u00edas, Franklin Molina. Dijo que las pol\u00edticas econ\u00f3micas del Gobierno est\u00e1n orientadas a convertir a [&hellip;]<\/p>\n","protected":false},"author":1,"featured_media":25422,"comment_status":"closed","ping_status":"closed","sticky":false,"template":"","format":"standard","meta":{"_acf_changed":false,"footnotes":""},"categories":[7],"tags":[],"class_list":["post-25420","post","type-post","status-publish","format-standard","has-post-thumbnail","category-economia"],"acf":{"antetitulo":""},"yoast_head":"<!-- This site is optimized with the Yoast SEO plugin v28.4 - https:\/\/yoast.com\/product\/yoast-seo-wordpress\/ -->\n<title>Nueve empresas desarrollar\u00e1n pruebas piloto en Salar de Uyuni - El Diario - Bolivia<\/title>\n<meta name=\"robots\" content=\"index, follow, max-snippet:-1, max-image-preview:large, max-video-preview:-1\" \/>\n<link rel=\"canonical\" href=\"https:\/\/www.eldiario.net\/portal\/2021\/08\/24\/nueve-empresas-desarrollaran-pruebas-piloto-en-salar-de-uyuni\/\" \/>\n<meta property=\"og:locale\" content=\"es_ES\" \/>\n<meta property=\"og:type\" content=\"article\" \/>\n<meta property=\"og:title\" content=\"Nueve empresas desarrollar\u00e1n pruebas piloto en Salar de Uyuni - El Diario - Bolivia\" \/>\n<meta property=\"og:description\" content=\"Nueve compa\u00f1\u00edas realizar\u00e1n pruebas piloto en el Salar de Uyuni, con uso de tecnolog\u00eda de Extracci\u00f3n Directa de Litio (EDL), que permitir\u00e1 acelerar la industrializaci\u00f3n \u201cdel oro blanco\u201d en el Salar de Uyuni, Potos\u00ed, inform\u00f3 el ministro de Hidrocarburos y Energ\u00edas, Franklin Molina. Dijo que las pol\u00edticas econ\u00f3micas del Gobierno est\u00e1n orientadas a convertir a [&hellip;]\" \/>\n<meta property=\"og:url\" content=\"https:\/\/www.eldiario.net\/portal\/2021\/08\/24\/nueve-empresas-desarrollaran-pruebas-piloto-en-salar-de-uyuni\/\" \/>\n<meta property=\"og:site_name\" content=\"El Diario - Bolivia\" \/>\n<meta property=\"article:publisher\" content=\"https:\/\/www.facebook.com\/eldiario.bolivia\/\" \/>\n<meta property=\"article:published_time\" content=\"2021-08-24T10:23:44+00:00\" \/>\n<meta name=\"author\" content=\"Jeanette\" \/>\n<meta name=\"twitter:card\" content=\"summary_large_image\" \/>\n<meta name=\"twitter:creator\" content=\"@eldiario_net\" \/>\n<meta name=\"twitter:site\" content=\"@eldiario_net\" \/>\n<meta name=\"twitter:label1\" content=\"Escrito por\" \/>\n\t<meta name=\"twitter:data1\" content=\"Jeanette\" \/>\n\t<meta name=\"twitter:label2\" content=\"Tiempo de lectura\" \/>\n\t<meta name=\"twitter:data2\" content=\"2 minutos\" \/>\n<script type=\"application\/ld+json\" class=\"yoast-schema-graph\">{\"@context\":\"https:\\\/\\\/schema.org\",\"@graph\":[{\"@type\":\"Article\",\"@id\":\"https:\\\/\\\/www.eldiario.net\\\/portal\\\/2021\\\/08\\\/24\\\/nueve-empresas-desarrollaran-pruebas-piloto-en-salar-de-uyuni\\\/#article\",\"isPartOf\":{\"@id\":\"https:\\\/\\\/www.eldiario.net\\\/portal\\\/2021\\\/08\\\/24\\\/nueve-empresas-desarrollaran-pruebas-piloto-en-salar-de-uyuni\\\/\"},\"author\":{\"name\":\"Jeanette\",\"@id\":\"https:\\\/\\\/www.eldiario.net\\\/portal\\\/#\\\/schema\\\/person\\\/2c57cf2b7a7ae032e449e4c9b1019eac\"},\"headline\":\"Nueve empresas desarrollar\u00e1n pruebas piloto en Salar de Uyuni\",\"datePublished\":\"2021-08-24T10:23:44+00:00\",\"mainEntityOfPage\":{\"@id\":\"https:\\\/\\\/www.eldiario.net\\\/portal\\\/2021\\\/08\\\/24\\\/nueve-empresas-desarrollaran-pruebas-piloto-en-salar-de-uyuni\\\/\"},\"wordCount\":330,\"publisher\":{\"@id\":\"https:\\\/\\\/www.eldiario.net\\\/portal\\\/#organization\"},\"image\":{\"@id\":\"https:\\\/\\\/www.eldiario.net\\\/portal\\\/2021\\\/08\\\/24\\\/nueve-empresas-desarrollaran-pruebas-piloto-en-salar-de-uyuni\\\/#primaryimage\"},\"thumbnailUrl\":\"\",\"articleSection\":[\"Econom\u00eda\"],\"inLanguage\":\"es\"},{\"@type\":\"WebPage\",\"@id\":\"https:\\\/\\\/www.eldiario.net\\\/portal\\\/2021\\\/08\\\/24\\\/nueve-empresas-desarrollaran-pruebas-piloto-en-salar-de-uyuni\\\/\",\"url\":\"https:\\\/\\\/www.eldiario.net\\\/portal\\\/2021\\\/08\\\/24\\\/nueve-empresas-desarrollaran-pruebas-piloto-en-salar-de-uyuni\\\/\",\"name\":\"Nueve empresas desarrollar\u00e1n pruebas piloto en Salar de Uyuni - El Diario - Bolivia\",\"isPartOf\":{\"@id\":\"https:\\\/\\\/www.eldiario.net\\\/portal\\\/#website\"},\"primaryImageOfPage\":{\"@id\":\"https:\\\/\\\/www.eldiario.net\\\/portal\\\/2021\\\/08\\\/24\\\/nueve-empresas-desarrollaran-pruebas-piloto-en-salar-de-uyuni\\\/#primaryimage\"},\"image\":{\"@id\":\"https:\\\/\\\/www.eldiario.net\\\/portal\\\/2021\\\/08\\\/24\\\/nueve-empresas-desarrollaran-pruebas-piloto-en-salar-de-uyuni\\\/#primaryimage\"},\"thumbnailUrl\":\"\",\"datePublished\":\"2021-08-24T10:23:44+00:00\",\"breadcrumb\":{\"@id\":\"https:\\\/\\\/www.eldiario.net\\\/portal\\\/2021\\\/08\\\/24\\\/nueve-empresas-desarrollaran-pruebas-piloto-en-salar-de-uyuni\\\/#breadcrumb\"},\"inLanguage\":\"es\",\"potentialAction\":[{\"@type\":\"ReadAction\",\"target\":[\"https:\\\/\\\/www.eldiario.net\\\/portal\\\/2021\\\/08\\\/24\\\/nueve-empresas-desarrollaran-pruebas-piloto-en-salar-de-uyuni\\\/\"]}]},{\"@type\":\"ImageObject\",\"inLanguage\":\"es\",\"@id\":\"https:\\\/\\\/www.eldiario.net\\\/portal\\\/2021\\\/08\\\/24\\\/nueve-empresas-desarrollaran-pruebas-piloto-en-salar-de-uyuni\\\/#primaryimage\",\"url\":\"\",\"contentUrl\":\"\"},{\"@type\":\"BreadcrumbList\",\"@id\":\"https:\\\/\\\/www.eldiario.net\\\/portal\\\/2021\\\/08\\\/24\\\/nueve-empresas-desarrollaran-pruebas-piloto-en-salar-de-uyuni\\\/#breadcrumb\",\"itemListElement\":[{\"@type\":\"ListItem\",\"position\":1,\"name\":\"Portada\",\"item\":\"https:\\\/\\\/www.eldiario.net\\\/portal\\\/\"},{\"@type\":\"ListItem\",\"position\":2,\"name\":\"Nueve empresas desarrollar\u00e1n pruebas piloto en Salar de Uyuni\"}]},{\"@type\":\"WebSite\",\"@id\":\"https:\\\/\\\/www.eldiario.net\\\/portal\\\/#website\",\"url\":\"https:\\\/\\\/www.eldiario.net\\\/portal\\\/\",\"name\":\"El Diario - Decano de la prensa nacional\",\"description\":\"El Diario - Decano de la prensa nacional\",\"publisher\":{\"@id\":\"https:\\\/\\\/www.eldiario.net\\\/portal\\\/#organization\"},\"potentialAction\":[{\"@type\":\"SearchAction\",\"target\":{\"@type\":\"EntryPoint\",\"urlTemplate\":\"https:\\\/\\\/www.eldiario.net\\\/portal\\\/?s={search_term_string}\"},\"query-input\":{\"@type\":\"PropertyValueSpecification\",\"valueRequired\":true,\"valueName\":\"search_term_string\"}}],\"inLanguage\":\"es\"},{\"@type\":\"Organization\",\"@id\":\"https:\\\/\\\/www.eldiario.net\\\/portal\\\/#organization\",\"name\":\"El Diario - Decano de la prensa nacional\",\"url\":\"https:\\\/\\\/www.eldiario.net\\\/portal\\\/\",\"logo\":{\"@type\":\"ImageObject\",\"inLanguage\":\"es\",\"@id\":\"https:\\\/\\\/www.eldiario.net\\\/portal\\\/#\\\/schema\\\/logo\\\/image\\\/\",\"url\":\"https:\\\/\\\/www.eldiario.net\\\/portal\\\/wp-content\\\/uploads\\\/2023\\\/07\\\/logo_ED.jpg\",\"contentUrl\":\"https:\\\/\\\/www.eldiario.net\\\/portal\\\/wp-content\\\/uploads\\\/2023\\\/07\\\/logo_ED.jpg\",\"width\":272,\"height\":52,\"caption\":\"El Diario - Decano de la prensa nacional\"},\"image\":{\"@id\":\"https:\\\/\\\/www.eldiario.net\\\/portal\\\/#\\\/schema\\\/logo\\\/image\\\/\"},\"sameAs\":[\"https:\\\/\\\/www.facebook.com\\\/eldiario.bolivia\\\/\",\"https:\\\/\\\/x.com\\\/eldiario_net\"]},{\"@type\":\"Person\",\"@id\":\"https:\\\/\\\/www.eldiario.net\\\/portal\\\/#\\\/schema\\\/person\\\/2c57cf2b7a7ae032e449e4c9b1019eac\",\"name\":\"Jeanette\",\"image\":{\"@type\":\"ImageObject\",\"inLanguage\":\"es\",\"@id\":\"https:\\\/\\\/secure.gravatar.com\\\/avatar\\\/3ea2118a5f7dad2b7138b1187a6b7ee55f160b9968b66013c3a3ef39dd7e5798?s=96&d=mm&r=g\",\"url\":\"https:\\\/\\\/secure.gravatar.com\\\/avatar\\\/3ea2118a5f7dad2b7138b1187a6b7ee55f160b9968b66013c3a3ef39dd7e5798?s=96&d=mm&r=g\",\"contentUrl\":\"https:\\\/\\\/secure.gravatar.com\\\/avatar\\\/3ea2118a5f7dad2b7138b1187a6b7ee55f160b9968b66013c3a3ef39dd7e5798?s=96&d=mm&r=g\",\"caption\":\"Jeanette\"},\"sameAs\":[\"https:\\\/\\\/www.eldiario.net\\\/portal\"],\"url\":\"https:\\\/\\\/www.eldiario.net\\\/portal\\\/author\\\/jeanette\\\/\"}]}<\/script>\n<!-- \/ Yoast SEO plugin. -->","yoast_head_json":{"title":"Nueve empresas desarrollar\u00e1n pruebas piloto en Salar de Uyuni - El Diario - Bolivia","robots":{"index":"index","follow":"follow","max-snippet":"max-snippet:-1","max-image-preview":"max-image-preview:large","max-video-preview":"max-video-preview:-1"},"canonical":"https:\/\/www.eldiario.net\/portal\/2021\/08\/24\/nueve-empresas-desarrollaran-pruebas-piloto-en-salar-de-uyuni\/","og_locale":"es_ES","og_type":"article","og_title":"Nueve empresas desarrollar\u00e1n pruebas piloto en Salar de Uyuni - El Diario - Bolivia","og_description":"Nueve compa\u00f1\u00edas realizar\u00e1n pruebas piloto en el Salar de Uyuni, con uso de tecnolog\u00eda de Extracci\u00f3n Directa de Litio (EDL), que permitir\u00e1 acelerar la industrializaci\u00f3n \u201cdel oro blanco\u201d en el Salar de Uyuni, Potos\u00ed, inform\u00f3 el ministro de Hidrocarburos y Energ\u00edas, Franklin Molina. Dijo que las pol\u00edticas econ\u00f3micas del Gobierno est\u00e1n orientadas a convertir a [&hellip;]","og_url":"https:\/\/www.eldiario.net\/portal\/2021\/08\/24\/nueve-empresas-desarrollaran-pruebas-piloto-en-salar-de-uyuni\/","og_site_name":"El Diario - Bolivia","article_publisher":"https:\/\/www.facebook.com\/eldiario.bolivia\/","article_published_time":"2021-08-24T10:23:44+00:00","author":"Jeanette","twitter_card":"summary_large_image","twitter_creator":"@eldiario_net","twitter_site":"@eldiario_net","twitter_misc":{"Escrito por":"Jeanette","Tiempo de lectura":"2 minutos"},"schema":{"@context":"https:\/\/schema.org","@graph":[{"@type":"Article","@id":"https:\/\/www.eldiario.net\/portal\/2021\/08\/24\/nueve-empresas-desarrollaran-pruebas-piloto-en-salar-de-uyuni\/#article","isPartOf":{"@id":"https:\/\/www.eldiario.net\/portal\/2021\/08\/24\/nueve-empresas-desarrollaran-pruebas-piloto-en-salar-de-uyuni\/"},"author":{"name":"Jeanette","@id":"https:\/\/www.eldiario.net\/portal\/#\/schema\/person\/2c57cf2b7a7ae032e449e4c9b1019eac"},"headline":"Nueve empresas desarrollar\u00e1n pruebas piloto en Salar de Uyuni","datePublished":"2021-08-24T10:23:44+00:00","mainEntityOfPage":{"@id":"https:\/\/www.eldiario.net\/portal\/2021\/08\/24\/nueve-empresas-desarrollaran-pruebas-piloto-en-salar-de-uyuni\/"},"wordCount":330,"publisher":{"@id":"https:\/\/www.eldiario.net\/portal\/#organization"},"image":{"@id":"https:\/\/www.eldiario.net\/portal\/2021\/08\/24\/nueve-empresas-desarrollaran-pruebas-piloto-en-salar-de-uyuni\/#primaryimage"},"thumbnailUrl":"","articleSection":["Econom\u00eda"],"inLanguage":"es"},{"@type":"WebPage","@id":"https:\/\/www.eldiario.net\/portal\/2021\/08\/24\/nueve-empresas-desarrollaran-pruebas-piloto-en-salar-de-uyuni\/","url":"https:\/\/www.eldiario.net\/portal\/2021\/08\/24\/nueve-empresas-desarrollaran-pruebas-piloto-en-salar-de-uyuni\/","name":"Nueve empresas desarrollar\u00e1n pruebas piloto en Salar de Uyuni - El Diario - Bolivia","isPartOf":{"@id":"https:\/\/www.eldiario.net\/portal\/#website"},"primaryImageOfPage":{"@id":"https:\/\/www.eldiario.net\/portal\/2021\/08\/24\/nueve-empresas-desarrollaran-pruebas-piloto-en-salar-de-uyuni\/#primaryimage"},"image":{"@id":"https:\/\/www.eldiario.net\/portal\/2021\/08\/24\/nueve-empresas-desarrollaran-pruebas-piloto-en-salar-de-uyuni\/#primaryimage"},"thumbnailUrl":"","datePublished":"2021-08-24T10:23:44+00:00","breadcrumb":{"@id":"https:\/\/www.eldiario.net\/portal\/2021\/08\/24\/nueve-empresas-desarrollaran-pruebas-piloto-en-salar-de-uyuni\/#breadcrumb"},"inLanguage":"es","potentialAction":[{"@type":"ReadAction","target":["https:\/\/www.eldiario.net\/portal\/2021\/08\/24\/nueve-empresas-desarrollaran-pruebas-piloto-en-salar-de-uyuni\/"]}]},{"@type":"ImageObject","inLanguage":"es","@id":"https:\/\/www.eldiario.net\/portal\/2021\/08\/24\/nueve-empresas-desarrollaran-pruebas-piloto-en-salar-de-uyuni\/#primaryimage","url":"","contentUrl":""},{"@type":"BreadcrumbList","@id":"https:\/\/www.eldiario.net\/portal\/2021\/08\/24\/nueve-empresas-desarrollaran-pruebas-piloto-en-salar-de-uyuni\/#breadcrumb","itemListElement":[{"@type":"ListItem","position":1,"name":"Portada","item":"https:\/\/www.eldiario.net\/portal\/"},{"@type":"ListItem","position":2,"name":"Nueve empresas desarrollar\u00e1n pruebas piloto en Salar de Uyuni"}]},{"@type":"WebSite","@id":"https:\/\/www.eldiario.net\/portal\/#website","url":"https:\/\/www.eldiario.net\/portal\/","name":"El Diario - Decano de la prensa nacional","description":"El Diario - Decano de la prensa nacional","publisher":{"@id":"https:\/\/www.eldiario.net\/portal\/#organization"},"potentialAction":[{"@type":"SearchAction","target":{"@type":"EntryPoint","urlTemplate":"https:\/\/www.eldiario.net\/portal\/?s={search_term_string}"},"query-input":{"@type":"PropertyValueSpecification","valueRequired":true,"valueName":"search_term_string"}}],"inLanguage":"es"},{"@type":"Organization","@id":"https:\/\/www.eldiario.net\/portal\/#organization","name":"El Diario - Decano de la prensa nacional","url":"https:\/\/www.eldiario.net\/portal\/","logo":{"@type":"ImageObject","inLanguage":"es","@id":"https:\/\/www.eldiario.net\/portal\/#\/schema\/logo\/image\/","url":"https:\/\/www.eldiario.net\/portal\/wp-content\/uploads\/2023\/07\/logo_ED.jpg","contentUrl":"https:\/\/www.eldiario.net\/portal\/wp-content\/uploads\/2023\/07\/logo_ED.jpg","width":272,"height":52,"caption":"El Diario - Decano de la prensa nacional"},"image":{"@id":"https:\/\/www.eldiario.net\/portal\/#\/schema\/logo\/image\/"},"sameAs":["https:\/\/www.facebook.com\/eldiario.bolivia\/","https:\/\/x.com\/eldiario_net"]},{"@type":"Person","@id":"https:\/\/www.eldiario.net\/portal\/#\/schema\/person\/2c57cf2b7a7ae032e449e4c9b1019eac","name":"Jeanette","image":{"@type":"ImageObject","inLanguage":"es","@id":"https:\/\/secure.gravatar.com\/avatar\/3ea2118a5f7dad2b7138b1187a6b7ee55f160b9968b66013c3a3ef39dd7e5798?s=96&d=mm&r=g","url":"https:\/\/secure.gravatar.com\/avatar\/3ea2118a5f7dad2b7138b1187a6b7ee55f160b9968b66013c3a3ef39dd7e5798?s=96&d=mm&r=g","contentUrl":"https:\/\/secure.gravatar.com\/avatar\/3ea2118a5f7dad2b7138b1187a6b7ee55f160b9968b66013c3a3ef39dd7e5798?s=96&d=mm&r=g","caption":"Jeanette"},"sameAs":["https:\/\/www.eldiario.net\/portal"],"url":"https:\/\/www.eldiario.net\/portal\/author\/jeanette\/"}]}},"_links":{"self":[{"href":"https:\/\/www.eldiario.net\/portal\/wp-json\/wp\/v2\/posts\/25420","targetHints":{"allow":["GET"]}}],"collection":[{"href":"https:\/\/www.eldiario.net\/portal\/wp-json\/wp\/v2\/posts"}],"about":[{"href":"https:\/\/www.eldiario.net\/portal\/wp-json\/wp\/v2\/types\/post"}],"author":[{"embeddable":true,"href":"https:\/\/www.eldiario.net\/portal\/wp-json\/wp\/v2\/users\/1"}],"replies":[{"embeddable":true,"href":"https:\/\/www.eldiario.net\/portal\/wp-json\/wp\/v2\/comments?post=25420"}],"version-history":[{"count":0,"href":"https:\/\/www.eldiario.net\/portal\/wp-json\/wp\/v2\/posts\/25420\/revisions"}],"wp:attachment":[{"href":"https:\/\/www.eldiario.net\/portal\/wp-json\/wp\/v2\/media?parent=25420"}],"wp:term":[{"taxonomy":"category","embeddable":true,"href":"https:\/\/www.eldiario.net\/portal\/wp-json\/wp\/v2\/categories?post=25420"},{"taxonomy":"post_tag","embeddable":true,"href":"https:\/\/www.eldiario.net\/portal\/wp-json\/wp\/v2\/tags?post=25420"}],"curies":[{"name":"wp","href":"https:\/\/api.w.org\/{rel}","templated":true}]}}