{"id":25417,"date":"2021-08-24T06:22:22","date_gmt":"2021-08-24T10:22:22","guid":{"rendered":"https:\/\/www.eldiario.net\/portal\/?p=25417"},"modified":"2021-08-24T06:22:22","modified_gmt":"2021-08-24T10:22:22","slug":"ejercito-de-israel-ataca-posiciones-de-hamas","status":"publish","type":"post","link":"https:\/\/www.eldiario.net\/portal\/2021\/08\/24\/ejercito-de-israel-ataca-posiciones-de-hamas\/","title":{"rendered":"Ej\u00e9rcito de Israel ataca posiciones de Ham\u00e1s"},"content":{"rendered":"<p>El Ej\u00e9rcito de Israel ha atacado posiciones del Movimiento de Resistencia Isl\u00e1mica (Ham\u00e1s) en la Franja de Gaza en respuesta, seg\u00fan ha indicado, al lanzamiento de globos incendiarios desde el enclave.<\/p>\n<p>Las Fuerzas de Defensa de Israel (FDI) han alcanzado entre la noche del lunes y la madrugada de este martes una instalaci\u00f3n de producci\u00f3n de armas en la ciudad de Jan Yunis, un t\u00fanel en Jabaliya y una infraestructura de lanzamiento de cohetes \u00abcerca de una escuela\u00bb en el barrio de Shejaiya, en Ciudad de Gaza, seg\u00fan han precisado a trav\u00e9s de su perfil de Twitter.<\/p>\n<p>\u00abEl ataque se ha llevado a cabo en respuesta al lanzamiento de globos incendiarios en territorio israel\u00ed en el \u00faltimo d\u00eda, lo que ha demostrado una vez m\u00e1s que la organizaci\u00f3n terrorista Ham\u00e1s contin\u00faa liderando y degenerando la Franja de Gaza\u00bb, ha apuntado el Ej\u00e9rcito israel\u00ed, que ha cifrado en una decena los incendios provocados por los globos.<\/p>\n<p>Asimismo, ha detallado que, durante su ofensiva en el enclave, se han detectado \u00abdisparos de ametralladoras en territorio israel\u00ed\u00bb, por lo ha respondido con un ataque a\u00e9reo adicional en un t\u00fanel de Ham\u00e1s en Jan Yunis.<\/p>\n<p>\u00abLas FDI continuar\u00e1n respondiendo en\u00e9rgicamente a los intentos terroristas y consideran que la organizaci\u00f3n terrorista Ham\u00e1s es responsable de todo lo que sucede en la Franja de Gaza\u00bb, ha aseverado el Ej\u00e9rcito.<\/p>\n<p>Al respecto, la agencia palestina oficial Wafa ha indicado que los bombardeos han causado \u00abimportantes da\u00f1os\u00bb, si bien no se han reportado heridos por el momento.<\/p>\n<p>Igualmente, ha se\u00f1alado que Israel ha disparado tambi\u00e9n contra barcos de pescadores al oeste de la localidad de Beit Lahia, en el norte de la Franja de Gaza.<\/p>\n<p>Desde Ham\u00e1s, el alto funcionario Ismail Radwan ha condenado los ataques y ha indicado que los bombardeos de las FDI \u00abdemuestran su confusi\u00f3n y fracaso con respecto a la firmeza y estabilidad del pueblo palestino y su resistencia\u00bb. \u00abLas apuestas de la ocupaci\u00f3n fracasar\u00e1n y continuaremos. El bombardeo solo aumentar\u00e1 nuestra determinaci\u00f3n y perseverancia\u00bb, ha agregado, seg\u00fan recoge el medio israel\u00ed &#8216;The Jerusalem Post&#8217;.<\/p>\n<p>La tensi\u00f3n ha aumentado en los \u00faltimos d\u00edas, en los que se han registrado incidentes entre las milicias palestinas y el Ejercito israel\u00ed, que han incluido disparos en la frontera y otros bombardeos israel\u00edes contra el enclave.<\/p>\n<p>Estos sucesos, en el marco de concentraciones de palestinos en la frontera, han dejado m\u00e1s de 40 civiles heridos, seg\u00fan la agencia Wafa, mientras al menos un polic\u00eda israel\u00ed ha resultado herido. Adem\u00e1s, las autoridades egipcias han cerrado hasta nuevo aviso su frontera con el enclave palestino de la Franja de Gaza en respuesta a los incidentes.<\/p>\n<p>Los enfrentamientos entre Ham\u00e1s e Israel tuvieron su \u00faltima escalada en mayo, extendi\u00e9ndose durante once d\u00edas y dejando m\u00e1s de 250 palestinos muertos y doce personas fallecidas en Israel, as\u00ed como m\u00e1s de 20 palestinos muertos a manos de las fuerzas de seguridad israel\u00edes en Cisjordania. (Europa Press)<\/p>\n<p>&nbsp;<\/p>\n","protected":false},"excerpt":{"rendered":"<p>El Ej\u00e9rcito de Israel ha atacado posiciones del Movimiento de Resistencia Isl\u00e1mica (Ham\u00e1s) en la Franja de Gaza en respuesta, seg\u00fan ha indicado, al lanzamiento de globos incendiarios desde el enclave. Las Fuerzas de Defensa de Israel (FDI) han alcanzado entre la noche del lunes y la madrugada de este martes una instalaci\u00f3n de producci\u00f3n [&hellip;]<\/p>\n","protected":false},"author":1,"featured_media":25418,"comment_status":"closed","ping_status":"closed","sticky":false,"template":"","format":"standard","meta":{"_acf_changed":false,"footnotes":""},"categories":[3],"tags":[],"class_list":["post-25417","post","type-post","status-publish","format-standard","has-post-thumbnail","category-internacional"],"acf":{"antetitulo":""},"yoast_head":"<!-- This site is optimized with the Yoast SEO plugin v28.4 - https:\/\/yoast.com\/product\/yoast-seo-wordpress\/ -->\n<title>Ej\u00e9rcito de Israel ataca posiciones de Ham\u00e1s - El Diario - Bolivia<\/title>\n<meta name=\"robots\" content=\"index, follow, max-snippet:-1, max-image-preview:large, max-video-preview:-1\" \/>\n<link rel=\"canonical\" href=\"https:\/\/www.eldiario.net\/portal\/2021\/08\/24\/ejercito-de-israel-ataca-posiciones-de-hamas\/\" \/>\n<meta property=\"og:locale\" content=\"es_ES\" \/>\n<meta property=\"og:type\" content=\"article\" \/>\n<meta property=\"og:title\" content=\"Ej\u00e9rcito de Israel ataca posiciones de Ham\u00e1s - El Diario - Bolivia\" \/>\n<meta property=\"og:description\" content=\"El Ej\u00e9rcito de Israel ha atacado posiciones del Movimiento de Resistencia Isl\u00e1mica (Ham\u00e1s) en la Franja de Gaza en respuesta, seg\u00fan ha indicado, al lanzamiento de globos incendiarios desde el enclave. Las Fuerzas de Defensa de Israel (FDI) han alcanzado entre la noche del lunes y la madrugada de este martes una instalaci\u00f3n de producci\u00f3n [&hellip;]\" \/>\n<meta property=\"og:url\" content=\"https:\/\/www.eldiario.net\/portal\/2021\/08\/24\/ejercito-de-israel-ataca-posiciones-de-hamas\/\" \/>\n<meta property=\"og:site_name\" content=\"El Diario - Bolivia\" \/>\n<meta property=\"article:publisher\" content=\"https:\/\/www.facebook.com\/eldiario.bolivia\/\" \/>\n<meta property=\"article:published_time\" content=\"2021-08-24T10:22:22+00:00\" \/>\n<meta name=\"author\" content=\"Jeanette\" \/>\n<meta name=\"twitter:card\" content=\"summary_large_image\" \/>\n<meta name=\"twitter:creator\" content=\"@eldiario_net\" \/>\n<meta name=\"twitter:site\" content=\"@eldiario_net\" \/>\n<meta name=\"twitter:label1\" content=\"Escrito por\" \/>\n\t<meta name=\"twitter:data1\" content=\"Jeanette\" \/>\n\t<meta name=\"twitter:label2\" content=\"Tiempo de lectura\" \/>\n\t<meta name=\"twitter:data2\" content=\"3 minutos\" \/>\n<script type=\"application\/ld+json\" class=\"yoast-schema-graph\">{\"@context\":\"https:\\\/\\\/schema.org\",\"@graph\":[{\"@type\":\"Article\",\"@id\":\"https:\\\/\\\/www.eldiario.net\\\/portal\\\/2021\\\/08\\\/24\\\/ejercito-de-israel-ataca-posiciones-de-hamas\\\/#article\",\"isPartOf\":{\"@id\":\"https:\\\/\\\/www.eldiario.net\\\/portal\\\/2021\\\/08\\\/24\\\/ejercito-de-israel-ataca-posiciones-de-hamas\\\/\"},\"author\":{\"name\":\"Jeanette\",\"@id\":\"https:\\\/\\\/www.eldiario.net\\\/portal\\\/#\\\/schema\\\/person\\\/2c57cf2b7a7ae032e449e4c9b1019eac\"},\"headline\":\"Ej\u00e9rcito de Israel ataca posiciones de Ham\u00e1s\",\"datePublished\":\"2021-08-24T10:22:22+00:00\",\"mainEntityOfPage\":{\"@id\":\"https:\\\/\\\/www.eldiario.net\\\/portal\\\/2021\\\/08\\\/24\\\/ejercito-de-israel-ataca-posiciones-de-hamas\\\/\"},\"wordCount\":535,\"publisher\":{\"@id\":\"https:\\\/\\\/www.eldiario.net\\\/portal\\\/#organization\"},\"image\":{\"@id\":\"https:\\\/\\\/www.eldiario.net\\\/portal\\\/2021\\\/08\\\/24\\\/ejercito-de-israel-ataca-posiciones-de-hamas\\\/#primaryimage\"},\"thumbnailUrl\":\"\",\"articleSection\":[\"Internacional\"],\"inLanguage\":\"es\"},{\"@type\":\"WebPage\",\"@id\":\"https:\\\/\\\/www.eldiario.net\\\/portal\\\/2021\\\/08\\\/24\\\/ejercito-de-israel-ataca-posiciones-de-hamas\\\/\",\"url\":\"https:\\\/\\\/www.eldiario.net\\\/portal\\\/2021\\\/08\\\/24\\\/ejercito-de-israel-ataca-posiciones-de-hamas\\\/\",\"name\":\"Ej\u00e9rcito de Israel ataca posiciones de Ham\u00e1s - El Diario - Bolivia\",\"isPartOf\":{\"@id\":\"https:\\\/\\\/www.eldiario.net\\\/portal\\\/#website\"},\"primaryImageOfPage\":{\"@id\":\"https:\\\/\\\/www.eldiario.net\\\/portal\\\/2021\\\/08\\\/24\\\/ejercito-de-israel-ataca-posiciones-de-hamas\\\/#primaryimage\"},\"image\":{\"@id\":\"https:\\\/\\\/www.eldiario.net\\\/portal\\\/2021\\\/08\\\/24\\\/ejercito-de-israel-ataca-posiciones-de-hamas\\\/#primaryimage\"},\"thumbnailUrl\":\"\",\"datePublished\":\"2021-08-24T10:22:22+00:00\",\"breadcrumb\":{\"@id\":\"https:\\\/\\\/www.eldiario.net\\\/portal\\\/2021\\\/08\\\/24\\\/ejercito-de-israel-ataca-posiciones-de-hamas\\\/#breadcrumb\"},\"inLanguage\":\"es\",\"potentialAction\":[{\"@type\":\"ReadAction\",\"target\":[\"https:\\\/\\\/www.eldiario.net\\\/portal\\\/2021\\\/08\\\/24\\\/ejercito-de-israel-ataca-posiciones-de-hamas\\\/\"]}]},{\"@type\":\"ImageObject\",\"inLanguage\":\"es\",\"@id\":\"https:\\\/\\\/www.eldiario.net\\\/portal\\\/2021\\\/08\\\/24\\\/ejercito-de-israel-ataca-posiciones-de-hamas\\\/#primaryimage\",\"url\":\"\",\"contentUrl\":\"\"},{\"@type\":\"BreadcrumbList\",\"@id\":\"https:\\\/\\\/www.eldiario.net\\\/portal\\\/2021\\\/08\\\/24\\\/ejercito-de-israel-ataca-posiciones-de-hamas\\\/#breadcrumb\",\"itemListElement\":[{\"@type\":\"ListItem\",\"position\":1,\"name\":\"Portada\",\"item\":\"https:\\\/\\\/www.eldiario.net\\\/portal\\\/\"},{\"@type\":\"ListItem\",\"position\":2,\"name\":\"Ej\u00e9rcito de Israel ataca posiciones de Ham\u00e1s\"}]},{\"@type\":\"WebSite\",\"@id\":\"https:\\\/\\\/www.eldiario.net\\\/portal\\\/#website\",\"url\":\"https:\\\/\\\/www.eldiario.net\\\/portal\\\/\",\"name\":\"El Diario - Decano de la prensa nacional\",\"description\":\"El Diario - Decano de la prensa nacional\",\"publisher\":{\"@id\":\"https:\\\/\\\/www.eldiario.net\\\/portal\\\/#organization\"},\"potentialAction\":[{\"@type\":\"SearchAction\",\"target\":{\"@type\":\"EntryPoint\",\"urlTemplate\":\"https:\\\/\\\/www.eldiario.net\\\/portal\\\/?s={search_term_string}\"},\"query-input\":{\"@type\":\"PropertyValueSpecification\",\"valueRequired\":true,\"valueName\":\"search_term_string\"}}],\"inLanguage\":\"es\"},{\"@type\":\"Organization\",\"@id\":\"https:\\\/\\\/www.eldiario.net\\\/portal\\\/#organization\",\"name\":\"El Diario - Decano de la prensa nacional\",\"url\":\"https:\\\/\\\/www.eldiario.net\\\/portal\\\/\",\"logo\":{\"@type\":\"ImageObject\",\"inLanguage\":\"es\",\"@id\":\"https:\\\/\\\/www.eldiario.net\\\/portal\\\/#\\\/schema\\\/logo\\\/image\\\/\",\"url\":\"https:\\\/\\\/www.eldiario.net\\\/portal\\\/wp-content\\\/uploads\\\/2023\\\/07\\\/logo_ED.jpg\",\"contentUrl\":\"https:\\\/\\\/www.eldiario.net\\\/portal\\\/wp-content\\\/uploads\\\/2023\\\/07\\\/logo_ED.jpg\",\"width\":272,\"height\":52,\"caption\":\"El Diario - Decano de la prensa nacional\"},\"image\":{\"@id\":\"https:\\\/\\\/www.eldiario.net\\\/portal\\\/#\\\/schema\\\/logo\\\/image\\\/\"},\"sameAs\":[\"https:\\\/\\\/www.facebook.com\\\/eldiario.bolivia\\\/\",\"https:\\\/\\\/x.com\\\/eldiario_net\"]},{\"@type\":\"Person\",\"@id\":\"https:\\\/\\\/www.eldiario.net\\\/portal\\\/#\\\/schema\\\/person\\\/2c57cf2b7a7ae032e449e4c9b1019eac\",\"name\":\"Jeanette\",\"image\":{\"@type\":\"ImageObject\",\"inLanguage\":\"es\",\"@id\":\"https:\\\/\\\/secure.gravatar.com\\\/avatar\\\/3ea2118a5f7dad2b7138b1187a6b7ee55f160b9968b66013c3a3ef39dd7e5798?s=96&d=mm&r=g\",\"url\":\"https:\\\/\\\/secure.gravatar.com\\\/avatar\\\/3ea2118a5f7dad2b7138b1187a6b7ee55f160b9968b66013c3a3ef39dd7e5798?s=96&d=mm&r=g\",\"contentUrl\":\"https:\\\/\\\/secure.gravatar.com\\\/avatar\\\/3ea2118a5f7dad2b7138b1187a6b7ee55f160b9968b66013c3a3ef39dd7e5798?s=96&d=mm&r=g\",\"caption\":\"Jeanette\"},\"sameAs\":[\"https:\\\/\\\/www.eldiario.net\\\/portal\"],\"url\":\"https:\\\/\\\/www.eldiario.net\\\/portal\\\/author\\\/jeanette\\\/\"}]}<\/script>\n<!-- \/ Yoast SEO plugin. -->","yoast_head_json":{"title":"Ej\u00e9rcito de Israel ataca posiciones de Ham\u00e1s - El Diario - Bolivia","robots":{"index":"index","follow":"follow","max-snippet":"max-snippet:-1","max-image-preview":"max-image-preview:large","max-video-preview":"max-video-preview:-1"},"canonical":"https:\/\/www.eldiario.net\/portal\/2021\/08\/24\/ejercito-de-israel-ataca-posiciones-de-hamas\/","og_locale":"es_ES","og_type":"article","og_title":"Ej\u00e9rcito de Israel ataca posiciones de Ham\u00e1s - El Diario - Bolivia","og_description":"El Ej\u00e9rcito de Israel ha atacado posiciones del Movimiento de Resistencia Isl\u00e1mica (Ham\u00e1s) en la Franja de Gaza en respuesta, seg\u00fan ha indicado, al lanzamiento de globos incendiarios desde el enclave. Las Fuerzas de Defensa de Israel (FDI) han alcanzado entre la noche del lunes y la madrugada de este martes una instalaci\u00f3n de producci\u00f3n [&hellip;]","og_url":"https:\/\/www.eldiario.net\/portal\/2021\/08\/24\/ejercito-de-israel-ataca-posiciones-de-hamas\/","og_site_name":"El Diario - Bolivia","article_publisher":"https:\/\/www.facebook.com\/eldiario.bolivia\/","article_published_time":"2021-08-24T10:22:22+00:00","author":"Jeanette","twitter_card":"summary_large_image","twitter_creator":"@eldiario_net","twitter_site":"@eldiario_net","twitter_misc":{"Escrito por":"Jeanette","Tiempo de lectura":"3 minutos"},"schema":{"@context":"https:\/\/schema.org","@graph":[{"@type":"Article","@id":"https:\/\/www.eldiario.net\/portal\/2021\/08\/24\/ejercito-de-israel-ataca-posiciones-de-hamas\/#article","isPartOf":{"@id":"https:\/\/www.eldiario.net\/portal\/2021\/08\/24\/ejercito-de-israel-ataca-posiciones-de-hamas\/"},"author":{"name":"Jeanette","@id":"https:\/\/www.eldiario.net\/portal\/#\/schema\/person\/2c57cf2b7a7ae032e449e4c9b1019eac"},"headline":"Ej\u00e9rcito de Israel ataca posiciones de Ham\u00e1s","datePublished":"2021-08-24T10:22:22+00:00","mainEntityOfPage":{"@id":"https:\/\/www.eldiario.net\/portal\/2021\/08\/24\/ejercito-de-israel-ataca-posiciones-de-hamas\/"},"wordCount":535,"publisher":{"@id":"https:\/\/www.eldiario.net\/portal\/#organization"},"image":{"@id":"https:\/\/www.eldiario.net\/portal\/2021\/08\/24\/ejercito-de-israel-ataca-posiciones-de-hamas\/#primaryimage"},"thumbnailUrl":"","articleSection":["Internacional"],"inLanguage":"es"},{"@type":"WebPage","@id":"https:\/\/www.eldiario.net\/portal\/2021\/08\/24\/ejercito-de-israel-ataca-posiciones-de-hamas\/","url":"https:\/\/www.eldiario.net\/portal\/2021\/08\/24\/ejercito-de-israel-ataca-posiciones-de-hamas\/","name":"Ej\u00e9rcito de Israel ataca posiciones de Ham\u00e1s - El Diario - Bolivia","isPartOf":{"@id":"https:\/\/www.eldiario.net\/portal\/#website"},"primaryImageOfPage":{"@id":"https:\/\/www.eldiario.net\/portal\/2021\/08\/24\/ejercito-de-israel-ataca-posiciones-de-hamas\/#primaryimage"},"image":{"@id":"https:\/\/www.eldiario.net\/portal\/2021\/08\/24\/ejercito-de-israel-ataca-posiciones-de-hamas\/#primaryimage"},"thumbnailUrl":"","datePublished":"2021-08-24T10:22:22+00:00","breadcrumb":{"@id":"https:\/\/www.eldiario.net\/portal\/2021\/08\/24\/ejercito-de-israel-ataca-posiciones-de-hamas\/#breadcrumb"},"inLanguage":"es","potentialAction":[{"@type":"ReadAction","target":["https:\/\/www.eldiario.net\/portal\/2021\/08\/24\/ejercito-de-israel-ataca-posiciones-de-hamas\/"]}]},{"@type":"ImageObject","inLanguage":"es","@id":"https:\/\/www.eldiario.net\/portal\/2021\/08\/24\/ejercito-de-israel-ataca-posiciones-de-hamas\/#primaryimage","url":"","contentUrl":""},{"@type":"BreadcrumbList","@id":"https:\/\/www.eldiario.net\/portal\/2021\/08\/24\/ejercito-de-israel-ataca-posiciones-de-hamas\/#breadcrumb","itemListElement":[{"@type":"ListItem","position":1,"name":"Portada","item":"https:\/\/www.eldiario.net\/portal\/"},{"@type":"ListItem","position":2,"name":"Ej\u00e9rcito de Israel ataca posiciones de Ham\u00e1s"}]},{"@type":"WebSite","@id":"https:\/\/www.eldiario.net\/portal\/#website","url":"https:\/\/www.eldiario.net\/portal\/","name":"El Diario - Decano de la prensa nacional","description":"El Diario - Decano de la prensa nacional","publisher":{"@id":"https:\/\/www.eldiario.net\/portal\/#organization"},"potentialAction":[{"@type":"SearchAction","target":{"@type":"EntryPoint","urlTemplate":"https:\/\/www.eldiario.net\/portal\/?s={search_term_string}"},"query-input":{"@type":"PropertyValueSpecification","valueRequired":true,"valueName":"search_term_string"}}],"inLanguage":"es"},{"@type":"Organization","@id":"https:\/\/www.eldiario.net\/portal\/#organization","name":"El Diario - Decano de la prensa nacional","url":"https:\/\/www.eldiario.net\/portal\/","logo":{"@type":"ImageObject","inLanguage":"es","@id":"https:\/\/www.eldiario.net\/portal\/#\/schema\/logo\/image\/","url":"https:\/\/www.eldiario.net\/portal\/wp-content\/uploads\/2023\/07\/logo_ED.jpg","contentUrl":"https:\/\/www.eldiario.net\/portal\/wp-content\/uploads\/2023\/07\/logo_ED.jpg","width":272,"height":52,"caption":"El Diario - Decano de la prensa nacional"},"image":{"@id":"https:\/\/www.eldiario.net\/portal\/#\/schema\/logo\/image\/"},"sameAs":["https:\/\/www.facebook.com\/eldiario.bolivia\/","https:\/\/x.com\/eldiario_net"]},{"@type":"Person","@id":"https:\/\/www.eldiario.net\/portal\/#\/schema\/person\/2c57cf2b7a7ae032e449e4c9b1019eac","name":"Jeanette","image":{"@type":"ImageObject","inLanguage":"es","@id":"https:\/\/secure.gravatar.com\/avatar\/3ea2118a5f7dad2b7138b1187a6b7ee55f160b9968b66013c3a3ef39dd7e5798?s=96&d=mm&r=g","url":"https:\/\/secure.gravatar.com\/avatar\/3ea2118a5f7dad2b7138b1187a6b7ee55f160b9968b66013c3a3ef39dd7e5798?s=96&d=mm&r=g","contentUrl":"https:\/\/secure.gravatar.com\/avatar\/3ea2118a5f7dad2b7138b1187a6b7ee55f160b9968b66013c3a3ef39dd7e5798?s=96&d=mm&r=g","caption":"Jeanette"},"sameAs":["https:\/\/www.eldiario.net\/portal"],"url":"https:\/\/www.eldiario.net\/portal\/author\/jeanette\/"}]}},"_links":{"self":[{"href":"https:\/\/www.eldiario.net\/portal\/wp-json\/wp\/v2\/posts\/25417","targetHints":{"allow":["GET"]}}],"collection":[{"href":"https:\/\/www.eldiario.net\/portal\/wp-json\/wp\/v2\/posts"}],"about":[{"href":"https:\/\/www.eldiario.net\/portal\/wp-json\/wp\/v2\/types\/post"}],"author":[{"embeddable":true,"href":"https:\/\/www.eldiario.net\/portal\/wp-json\/wp\/v2\/users\/1"}],"replies":[{"embeddable":true,"href":"https:\/\/www.eldiario.net\/portal\/wp-json\/wp\/v2\/comments?post=25417"}],"version-history":[{"count":0,"href":"https:\/\/www.eldiario.net\/portal\/wp-json\/wp\/v2\/posts\/25417\/revisions"}],"wp:attachment":[{"href":"https:\/\/www.eldiario.net\/portal\/wp-json\/wp\/v2\/media?parent=25417"}],"wp:term":[{"taxonomy":"category","embeddable":true,"href":"https:\/\/www.eldiario.net\/portal\/wp-json\/wp\/v2\/categories?post=25417"},{"taxonomy":"post_tag","embeddable":true,"href":"https:\/\/www.eldiario.net\/portal\/wp-json\/wp\/v2\/tags?post=25417"}],"curies":[{"name":"wp","href":"https:\/\/api.w.org\/{rel}","templated":true}]}}