{"id":25414,"date":"2021-08-24T06:21:23","date_gmt":"2021-08-24T10:21:23","guid":{"rendered":"https:\/\/www.eldiario.net\/portal\/?p=25414"},"modified":"2021-08-24T06:21:23","modified_gmt":"2021-08-24T10:21:23","slug":"estados-unidos-confirma-acuerdos-con-siete-paises","status":"publish","type":"post","link":"https:\/\/www.eldiario.net\/portal\/2021\/08\/24\/estados-unidos-confirma-acuerdos-con-siete-paises\/","title":{"rendered":"Estados Unidos confirma  acuerdos con siete pa\u00edses"},"content":{"rendered":"<p>Washington.- El Gobierno de Estados Unidos elev\u00f3 este lunes a siete los pa\u00edses con los que tiene acuerdos para repartir a parte de las personas evacuadas desde el aeropuerto de Kabul, entre ellos Espa\u00f1a, y se ha mostrado \u00abprofundamente agradecido\u00bb por esta colaboraci\u00f3n internacional.<\/p>\n<p>El presidente estadounidense, Joe Biden, y el jefe del Gobierno espa\u00f1ol, Pedro S\u00e1nchez, revelaron el fin de semana un acuerdo para la utilizaci\u00f3n de las bases militares de Mor\u00f3n y Rota y, seg\u00fan el Pent\u00e1gono, en total son 14 las instalaciones de las que dispone en todo el mundo.<\/p>\n<p>Estos \u00abrefugios seguros\u00bb se encuentran repartidos por Espa\u00f1a, Qatar, Emiratos \u00c1rabes Unidos, Kuwait, Bahr\u00e9in, Italia y Alemania, ha explicado el subdirector de operaciones regionales del Estado Mayor Conjunto de Estados Unidos, el general William Taylor, en rueda de prensa. \u00abClaramente es un testimonio de nuestras alianzas\u00bb, ha a\u00f1adido.<\/p>\n<p>El secretario de Defensa, Lloyd Austin, recogi\u00f3 sus palabras y, en Twitter, se mostrado \u00abincre\u00edblemente agradecido\u00bb por la labor de \u00abaliados y socios\u00bb que han ofrecido bases \u00abintermedias\u00bb desde la que terminar de ultimar parte de las evacuaciones que se siguen efectuando desde Afganist\u00e1n.<\/p>\n<p>Las fuerzas de Estados Unidos son las principales garantes de la seguridad en el Aeropuerto Internacional Hamid Karzai de Kabul, epicentro de las evacuaciones desde la toma de la capital afgana por parte de los Talib\u00e1n el 15 de agosto. Desde el d\u00eda 14, unas 37.000 personas han abandonado Afganist\u00e1n por esta v\u00eda, con unos 16.000 evacuados en solo 24 horas, seg\u00fan el recuento oficial norteamericano.<\/p>\n<p>Biden ha establecido el 31 de agosto como fecha l\u00edmite para la salida definitiva de tropas, lo que &#8216;de facto&#8217; supondr\u00e1 el fin de las evacuaciones, tal como han reconocido en las \u00faltimas horas gobiernos como el brit\u00e1nico o el franc\u00e9s, que ven necesario ampliar el plazo para terminar de gestionar todos los trabajos pendientes.<\/p>\n<p>&nbsp;<\/p>\n<p>FECHA MARCADA<\/p>\n<p>El portavoz del Pent\u00e1gono, John Kirby, recalc\u00f3 este lunes que Washington a\u00fan \u00abintenta\u00bb cumplir el plazo del d\u00eda 31. \u00abNo hay planes por el momento de solicitar o autorizar fuerzas adicionales para la misi\u00f3n\u00bb, ha aclarado ante los medios, durante una comparecencia en la que tambi\u00e9n ha descartado una posible reapertura de la base a\u00e9rea de Bagram.<\/p>\n<p>Uno de los portavoces de los Talib\u00e1n, Suhail Shahin, ya ha advertido este lunes en Sky News de que habr\u00e1 \u00abconsecuencias\u00bb si Estados Unidos y el resto de pa\u00edses extranjeros no completan la retirada y las evacuaciones de Afganist\u00e1n para el 31 de agosto. (Europa Press)<\/p>\n","protected":false},"excerpt":{"rendered":"<p>Washington.- El Gobierno de Estados Unidos elev\u00f3 este lunes a siete los pa\u00edses con los que tiene acuerdos para repartir a parte de las personas evacuadas desde el aeropuerto de Kabul, entre ellos Espa\u00f1a, y se ha mostrado \u00abprofundamente agradecido\u00bb por esta colaboraci\u00f3n internacional. El presidente estadounidense, Joe Biden, y el jefe del Gobierno espa\u00f1ol, [&hellip;]<\/p>\n","protected":false},"author":1,"featured_media":25415,"comment_status":"closed","ping_status":"closed","sticky":false,"template":"","format":"standard","meta":{"_acf_changed":false,"footnotes":""},"categories":[3],"tags":[],"class_list":["post-25414","post","type-post","status-publish","format-standard","has-post-thumbnail","category-internacional"],"acf":{"antetitulo":""},"yoast_head":"<!-- This site is optimized with the Yoast SEO plugin v28.4 - https:\/\/yoast.com\/product\/yoast-seo-wordpress\/ -->\n<title>Estados Unidos confirma acuerdos con siete pa\u00edses - El Diario - Bolivia<\/title>\n<meta name=\"robots\" content=\"index, follow, max-snippet:-1, max-image-preview:large, max-video-preview:-1\" \/>\n<link rel=\"canonical\" href=\"https:\/\/www.eldiario.net\/portal\/2021\/08\/24\/estados-unidos-confirma-acuerdos-con-siete-paises\/\" \/>\n<meta property=\"og:locale\" content=\"es_ES\" \/>\n<meta property=\"og:type\" content=\"article\" \/>\n<meta property=\"og:title\" content=\"Estados Unidos confirma acuerdos con siete pa\u00edses - El Diario - Bolivia\" \/>\n<meta property=\"og:description\" content=\"Washington.- El Gobierno de Estados Unidos elev\u00f3 este lunes a siete los pa\u00edses con los que tiene acuerdos para repartir a parte de las personas evacuadas desde el aeropuerto de Kabul, entre ellos Espa\u00f1a, y se ha mostrado \u00abprofundamente agradecido\u00bb por esta colaboraci\u00f3n internacional. El presidente estadounidense, Joe Biden, y el jefe del Gobierno espa\u00f1ol, [&hellip;]\" \/>\n<meta property=\"og:url\" content=\"https:\/\/www.eldiario.net\/portal\/2021\/08\/24\/estados-unidos-confirma-acuerdos-con-siete-paises\/\" \/>\n<meta property=\"og:site_name\" content=\"El Diario - Bolivia\" \/>\n<meta property=\"article:publisher\" content=\"https:\/\/www.facebook.com\/eldiario.bolivia\/\" \/>\n<meta property=\"article:published_time\" content=\"2021-08-24T10:21:23+00:00\" \/>\n<meta name=\"author\" content=\"Jeanette\" \/>\n<meta name=\"twitter:card\" content=\"summary_large_image\" \/>\n<meta name=\"twitter:creator\" content=\"@eldiario_net\" \/>\n<meta name=\"twitter:site\" content=\"@eldiario_net\" \/>\n<meta name=\"twitter:label1\" content=\"Escrito por\" \/>\n\t<meta name=\"twitter:data1\" content=\"Jeanette\" \/>\n\t<meta name=\"twitter:label2\" content=\"Tiempo de lectura\" \/>\n\t<meta name=\"twitter:data2\" content=\"2 minutos\" \/>\n<script type=\"application\/ld+json\" class=\"yoast-schema-graph\">{\"@context\":\"https:\\\/\\\/schema.org\",\"@graph\":[{\"@type\":\"Article\",\"@id\":\"https:\\\/\\\/www.eldiario.net\\\/portal\\\/2021\\\/08\\\/24\\\/estados-unidos-confirma-acuerdos-con-siete-paises\\\/#article\",\"isPartOf\":{\"@id\":\"https:\\\/\\\/www.eldiario.net\\\/portal\\\/2021\\\/08\\\/24\\\/estados-unidos-confirma-acuerdos-con-siete-paises\\\/\"},\"author\":{\"name\":\"Jeanette\",\"@id\":\"https:\\\/\\\/www.eldiario.net\\\/portal\\\/#\\\/schema\\\/person\\\/f46445640444750d7d753ccd04ae01b7\"},\"headline\":\"Estados Unidos confirma acuerdos con siete pa\u00edses\",\"datePublished\":\"2021-08-24T10:21:23+00:00\",\"mainEntityOfPage\":{\"@id\":\"https:\\\/\\\/www.eldiario.net\\\/portal\\\/2021\\\/08\\\/24\\\/estados-unidos-confirma-acuerdos-con-siete-paises\\\/\"},\"wordCount\":443,\"publisher\":{\"@id\":\"https:\\\/\\\/www.eldiario.net\\\/portal\\\/#organization\"},\"image\":{\"@id\":\"https:\\\/\\\/www.eldiario.net\\\/portal\\\/2021\\\/08\\\/24\\\/estados-unidos-confirma-acuerdos-con-siete-paises\\\/#primaryimage\"},\"thumbnailUrl\":\"\",\"articleSection\":[\"Internacional\"],\"inLanguage\":\"es\"},{\"@type\":\"WebPage\",\"@id\":\"https:\\\/\\\/www.eldiario.net\\\/portal\\\/2021\\\/08\\\/24\\\/estados-unidos-confirma-acuerdos-con-siete-paises\\\/\",\"url\":\"https:\\\/\\\/www.eldiario.net\\\/portal\\\/2021\\\/08\\\/24\\\/estados-unidos-confirma-acuerdos-con-siete-paises\\\/\",\"name\":\"Estados Unidos confirma acuerdos con siete pa\u00edses - El Diario - Bolivia\",\"isPartOf\":{\"@id\":\"https:\\\/\\\/www.eldiario.net\\\/portal\\\/#website\"},\"primaryImageOfPage\":{\"@id\":\"https:\\\/\\\/www.eldiario.net\\\/portal\\\/2021\\\/08\\\/24\\\/estados-unidos-confirma-acuerdos-con-siete-paises\\\/#primaryimage\"},\"image\":{\"@id\":\"https:\\\/\\\/www.eldiario.net\\\/portal\\\/2021\\\/08\\\/24\\\/estados-unidos-confirma-acuerdos-con-siete-paises\\\/#primaryimage\"},\"thumbnailUrl\":\"\",\"datePublished\":\"2021-08-24T10:21:23+00:00\",\"breadcrumb\":{\"@id\":\"https:\\\/\\\/www.eldiario.net\\\/portal\\\/2021\\\/08\\\/24\\\/estados-unidos-confirma-acuerdos-con-siete-paises\\\/#breadcrumb\"},\"inLanguage\":\"es\",\"potentialAction\":[{\"@type\":\"ReadAction\",\"target\":[\"https:\\\/\\\/www.eldiario.net\\\/portal\\\/2021\\\/08\\\/24\\\/estados-unidos-confirma-acuerdos-con-siete-paises\\\/\"]}]},{\"@type\":\"ImageObject\",\"inLanguage\":\"es\",\"@id\":\"https:\\\/\\\/www.eldiario.net\\\/portal\\\/2021\\\/08\\\/24\\\/estados-unidos-confirma-acuerdos-con-siete-paises\\\/#primaryimage\",\"url\":\"\",\"contentUrl\":\"\"},{\"@type\":\"BreadcrumbList\",\"@id\":\"https:\\\/\\\/www.eldiario.net\\\/portal\\\/2021\\\/08\\\/24\\\/estados-unidos-confirma-acuerdos-con-siete-paises\\\/#breadcrumb\",\"itemListElement\":[{\"@type\":\"ListItem\",\"position\":1,\"name\":\"Portada\",\"item\":\"https:\\\/\\\/www.eldiario.net\\\/portal\\\/\"},{\"@type\":\"ListItem\",\"position\":2,\"name\":\"Estados Unidos confirma acuerdos con siete pa\u00edses\"}]},{\"@type\":\"WebSite\",\"@id\":\"https:\\\/\\\/www.eldiario.net\\\/portal\\\/#website\",\"url\":\"https:\\\/\\\/www.eldiario.net\\\/portal\\\/\",\"name\":\"El Diario - Decano de la prensa nacional\",\"description\":\"El Diario - Decano de la prensa nacional\",\"publisher\":{\"@id\":\"https:\\\/\\\/www.eldiario.net\\\/portal\\\/#organization\"},\"potentialAction\":[{\"@type\":\"SearchAction\",\"target\":{\"@type\":\"EntryPoint\",\"urlTemplate\":\"https:\\\/\\\/www.eldiario.net\\\/portal\\\/?s={search_term_string}\"},\"query-input\":{\"@type\":\"PropertyValueSpecification\",\"valueRequired\":true,\"valueName\":\"search_term_string\"}}],\"inLanguage\":\"es\"},{\"@type\":\"Organization\",\"@id\":\"https:\\\/\\\/www.eldiario.net\\\/portal\\\/#organization\",\"name\":\"El Diario - Decano de la prensa nacional\",\"url\":\"https:\\\/\\\/www.eldiario.net\\\/portal\\\/\",\"logo\":{\"@type\":\"ImageObject\",\"inLanguage\":\"es\",\"@id\":\"https:\\\/\\\/www.eldiario.net\\\/portal\\\/#\\\/schema\\\/logo\\\/image\\\/\",\"url\":\"https:\\\/\\\/www.eldiario.net\\\/portal\\\/wp-content\\\/uploads\\\/2023\\\/07\\\/logo_ED.jpg\",\"contentUrl\":\"https:\\\/\\\/www.eldiario.net\\\/portal\\\/wp-content\\\/uploads\\\/2023\\\/07\\\/logo_ED.jpg\",\"width\":272,\"height\":52,\"caption\":\"El Diario - Decano de la prensa nacional\"},\"image\":{\"@id\":\"https:\\\/\\\/www.eldiario.net\\\/portal\\\/#\\\/schema\\\/logo\\\/image\\\/\"},\"sameAs\":[\"https:\\\/\\\/www.facebook.com\\\/eldiario.bolivia\\\/\",\"https:\\\/\\\/x.com\\\/eldiario_net\"]},{\"@type\":\"Person\",\"@id\":\"https:\\\/\\\/www.eldiario.net\\\/portal\\\/#\\\/schema\\\/person\\\/f46445640444750d7d753ccd04ae01b7\",\"name\":\"Jeanette\",\"image\":{\"@type\":\"ImageObject\",\"inLanguage\":\"es\",\"@id\":\"https:\\\/\\\/secure.gravatar.com\\\/avatar\\\/3ea2118a5f7dad2b7138b1187a6b7ee55f160b9968b66013c3a3ef39dd7e5798?s=96&d=mm&r=g\",\"url\":\"https:\\\/\\\/secure.gravatar.com\\\/avatar\\\/3ea2118a5f7dad2b7138b1187a6b7ee55f160b9968b66013c3a3ef39dd7e5798?s=96&d=mm&r=g\",\"contentUrl\":\"https:\\\/\\\/secure.gravatar.com\\\/avatar\\\/3ea2118a5f7dad2b7138b1187a6b7ee55f160b9968b66013c3a3ef39dd7e5798?s=96&d=mm&r=g\",\"caption\":\"Jeanette\"},\"sameAs\":[\"https:\\\/\\\/www.eldiario.net\\\/portal\"],\"url\":\"https:\\\/\\\/www.eldiario.net\\\/portal\\\/author\\\/jeanette\\\/\"}]}<\/script>\n<!-- \/ Yoast SEO plugin. -->","yoast_head_json":{"title":"Estados Unidos confirma acuerdos con siete pa\u00edses - El Diario - Bolivia","robots":{"index":"index","follow":"follow","max-snippet":"max-snippet:-1","max-image-preview":"max-image-preview:large","max-video-preview":"max-video-preview:-1"},"canonical":"https:\/\/www.eldiario.net\/portal\/2021\/08\/24\/estados-unidos-confirma-acuerdos-con-siete-paises\/","og_locale":"es_ES","og_type":"article","og_title":"Estados Unidos confirma acuerdos con siete pa\u00edses - El Diario - Bolivia","og_description":"Washington.- El Gobierno de Estados Unidos elev\u00f3 este lunes a siete los pa\u00edses con los que tiene acuerdos para repartir a parte de las personas evacuadas desde el aeropuerto de Kabul, entre ellos Espa\u00f1a, y se ha mostrado \u00abprofundamente agradecido\u00bb por esta colaboraci\u00f3n internacional. El presidente estadounidense, Joe Biden, y el jefe del Gobierno espa\u00f1ol, [&hellip;]","og_url":"https:\/\/www.eldiario.net\/portal\/2021\/08\/24\/estados-unidos-confirma-acuerdos-con-siete-paises\/","og_site_name":"El Diario - Bolivia","article_publisher":"https:\/\/www.facebook.com\/eldiario.bolivia\/","article_published_time":"2021-08-24T10:21:23+00:00","author":"Jeanette","twitter_card":"summary_large_image","twitter_creator":"@eldiario_net","twitter_site":"@eldiario_net","twitter_misc":{"Escrito por":"Jeanette","Tiempo de lectura":"2 minutos"},"schema":{"@context":"https:\/\/schema.org","@graph":[{"@type":"Article","@id":"https:\/\/www.eldiario.net\/portal\/2021\/08\/24\/estados-unidos-confirma-acuerdos-con-siete-paises\/#article","isPartOf":{"@id":"https:\/\/www.eldiario.net\/portal\/2021\/08\/24\/estados-unidos-confirma-acuerdos-con-siete-paises\/"},"author":{"name":"Jeanette","@id":"https:\/\/www.eldiario.net\/portal\/#\/schema\/person\/f46445640444750d7d753ccd04ae01b7"},"headline":"Estados Unidos confirma acuerdos con siete pa\u00edses","datePublished":"2021-08-24T10:21:23+00:00","mainEntityOfPage":{"@id":"https:\/\/www.eldiario.net\/portal\/2021\/08\/24\/estados-unidos-confirma-acuerdos-con-siete-paises\/"},"wordCount":443,"publisher":{"@id":"https:\/\/www.eldiario.net\/portal\/#organization"},"image":{"@id":"https:\/\/www.eldiario.net\/portal\/2021\/08\/24\/estados-unidos-confirma-acuerdos-con-siete-paises\/#primaryimage"},"thumbnailUrl":"","articleSection":["Internacional"],"inLanguage":"es"},{"@type":"WebPage","@id":"https:\/\/www.eldiario.net\/portal\/2021\/08\/24\/estados-unidos-confirma-acuerdos-con-siete-paises\/","url":"https:\/\/www.eldiario.net\/portal\/2021\/08\/24\/estados-unidos-confirma-acuerdos-con-siete-paises\/","name":"Estados Unidos confirma acuerdos con siete pa\u00edses - El Diario - Bolivia","isPartOf":{"@id":"https:\/\/www.eldiario.net\/portal\/#website"},"primaryImageOfPage":{"@id":"https:\/\/www.eldiario.net\/portal\/2021\/08\/24\/estados-unidos-confirma-acuerdos-con-siete-paises\/#primaryimage"},"image":{"@id":"https:\/\/www.eldiario.net\/portal\/2021\/08\/24\/estados-unidos-confirma-acuerdos-con-siete-paises\/#primaryimage"},"thumbnailUrl":"","datePublished":"2021-08-24T10:21:23+00:00","breadcrumb":{"@id":"https:\/\/www.eldiario.net\/portal\/2021\/08\/24\/estados-unidos-confirma-acuerdos-con-siete-paises\/#breadcrumb"},"inLanguage":"es","potentialAction":[{"@type":"ReadAction","target":["https:\/\/www.eldiario.net\/portal\/2021\/08\/24\/estados-unidos-confirma-acuerdos-con-siete-paises\/"]}]},{"@type":"ImageObject","inLanguage":"es","@id":"https:\/\/www.eldiario.net\/portal\/2021\/08\/24\/estados-unidos-confirma-acuerdos-con-siete-paises\/#primaryimage","url":"","contentUrl":""},{"@type":"BreadcrumbList","@id":"https:\/\/www.eldiario.net\/portal\/2021\/08\/24\/estados-unidos-confirma-acuerdos-con-siete-paises\/#breadcrumb","itemListElement":[{"@type":"ListItem","position":1,"name":"Portada","item":"https:\/\/www.eldiario.net\/portal\/"},{"@type":"ListItem","position":2,"name":"Estados Unidos confirma acuerdos con siete pa\u00edses"}]},{"@type":"WebSite","@id":"https:\/\/www.eldiario.net\/portal\/#website","url":"https:\/\/www.eldiario.net\/portal\/","name":"El Diario - Decano de la prensa nacional","description":"El Diario - Decano de la prensa nacional","publisher":{"@id":"https:\/\/www.eldiario.net\/portal\/#organization"},"potentialAction":[{"@type":"SearchAction","target":{"@type":"EntryPoint","urlTemplate":"https:\/\/www.eldiario.net\/portal\/?s={search_term_string}"},"query-input":{"@type":"PropertyValueSpecification","valueRequired":true,"valueName":"search_term_string"}}],"inLanguage":"es"},{"@type":"Organization","@id":"https:\/\/www.eldiario.net\/portal\/#organization","name":"El Diario - Decano de la prensa nacional","url":"https:\/\/www.eldiario.net\/portal\/","logo":{"@type":"ImageObject","inLanguage":"es","@id":"https:\/\/www.eldiario.net\/portal\/#\/schema\/logo\/image\/","url":"https:\/\/www.eldiario.net\/portal\/wp-content\/uploads\/2023\/07\/logo_ED.jpg","contentUrl":"https:\/\/www.eldiario.net\/portal\/wp-content\/uploads\/2023\/07\/logo_ED.jpg","width":272,"height":52,"caption":"El Diario - Decano de la prensa nacional"},"image":{"@id":"https:\/\/www.eldiario.net\/portal\/#\/schema\/logo\/image\/"},"sameAs":["https:\/\/www.facebook.com\/eldiario.bolivia\/","https:\/\/x.com\/eldiario_net"]},{"@type":"Person","@id":"https:\/\/www.eldiario.net\/portal\/#\/schema\/person\/f46445640444750d7d753ccd04ae01b7","name":"Jeanette","image":{"@type":"ImageObject","inLanguage":"es","@id":"https:\/\/secure.gravatar.com\/avatar\/3ea2118a5f7dad2b7138b1187a6b7ee55f160b9968b66013c3a3ef39dd7e5798?s=96&d=mm&r=g","url":"https:\/\/secure.gravatar.com\/avatar\/3ea2118a5f7dad2b7138b1187a6b7ee55f160b9968b66013c3a3ef39dd7e5798?s=96&d=mm&r=g","contentUrl":"https:\/\/secure.gravatar.com\/avatar\/3ea2118a5f7dad2b7138b1187a6b7ee55f160b9968b66013c3a3ef39dd7e5798?s=96&d=mm&r=g","caption":"Jeanette"},"sameAs":["https:\/\/www.eldiario.net\/portal"],"url":"https:\/\/www.eldiario.net\/portal\/author\/jeanette\/"}]}},"_links":{"self":[{"href":"https:\/\/www.eldiario.net\/portal\/wp-json\/wp\/v2\/posts\/25414","targetHints":{"allow":["GET"]}}],"collection":[{"href":"https:\/\/www.eldiario.net\/portal\/wp-json\/wp\/v2\/posts"}],"about":[{"href":"https:\/\/www.eldiario.net\/portal\/wp-json\/wp\/v2\/types\/post"}],"author":[{"embeddable":true,"href":"https:\/\/www.eldiario.net\/portal\/wp-json\/wp\/v2\/users\/1"}],"replies":[{"embeddable":true,"href":"https:\/\/www.eldiario.net\/portal\/wp-json\/wp\/v2\/comments?post=25414"}],"version-history":[{"count":0,"href":"https:\/\/www.eldiario.net\/portal\/wp-json\/wp\/v2\/posts\/25414\/revisions"}],"wp:attachment":[{"href":"https:\/\/www.eldiario.net\/portal\/wp-json\/wp\/v2\/media?parent=25414"}],"wp:term":[{"taxonomy":"category","embeddable":true,"href":"https:\/\/www.eldiario.net\/portal\/wp-json\/wp\/v2\/categories?post=25414"},{"taxonomy":"post_tag","embeddable":true,"href":"https:\/\/www.eldiario.net\/portal\/wp-json\/wp\/v2\/tags?post=25414"}],"curies":[{"name":"wp","href":"https:\/\/api.w.org\/{rel}","templated":true}]}}